{"id":1013,"date":"2024-02-17T13:45:20","date_gmt":"2024-02-17T12:45:20","guid":{"rendered":"https:\/\/charente.catholique.fr\/maison-diocesaine\/?p=1013"},"modified":"2024-02-17T13:51:01","modified_gmt":"2024-02-17T12:51:01","slug":"le-nouveau-roman-de-marie-bertier-est-disponible-a-la-librairie","status":"publish","type":"post","link":"https:\/\/charente.catholique.fr\/maison-diocesaine\/actualites\/le-nouveau-roman-de-marie-bertier-est-disponible-a-la-librairie\/","title":{"rendered":"Le nouveau roman de Marie Bertier est disponible \u00e0 la librairie Le Bon Grain !"},"content":{"rendered":"\n<div class=\"wp-block-media-text is-stacked-on-mobile\"><figure class=\"wp-block-media-text__media\"><img loading=\"lazy\" decoding=\"async\" width=\"1080\" height=\"1080\" src=\"https:\/\/charente.catholique.fr\/maison-diocesaine\/wp-content\/uploads\/sites\/8\/2024\/02\/en-garde-gabriel-.png\" alt=\"\" class=\"wp-image-1014 size-full\" srcset=\"https:\/\/charente.catholique.fr\/maison-diocesaine\/wp-content\/uploads\/sites\/8\/2024\/02\/en-garde-gabriel-.png 1080w, https:\/\/charente.catholique.fr\/maison-diocesaine\/wp-content\/uploads\/sites\/8\/2024\/02\/en-garde-gabriel--300x300.png 300w, https:\/\/charente.catholique.fr\/maison-diocesaine\/wp-content\/uploads\/sites\/8\/2024\/02\/en-garde-gabriel--150x150.png 150w, https:\/\/charente.catholique.fr\/maison-diocesaine\/wp-content\/uploads\/sites\/8\/2024\/02\/en-garde-gabriel--768x768.png 768w\" sizes=\"auto, (max-width: 1080px) 100vw, 1080px\" \/><\/figure><div class=\"wp-block-media-text__content\">\n<p><strong>Marie Bertier, autrice install\u00e9e en Charente nous livre son dernier roman, &#8220;En Garde, Gabriel !&#8221; aux \u00e9ditions Emmanuel Jeunesse.<\/strong><\/p>\n\n\n\n<p>\u00ab<em> Nous tendrons l\u2019embuscade dans la clairi\u00e8re du Ch\u00eane aux loups. Le roi y passera n\u00e9cessairement, \u00e0 la fin de sa chasse, avant de rentrer dormir \u00e0 Versailles. Nous aurons tout le loisir de pr\u00e9parer notre pi\u00e8ge\u2026<\/em> \u00bb<\/p>\n\n\n\n<p>Avec &#8220;En garde, Gabriel !&#8221;, redonnons l&#8217;envie de lire aux plus jeunes !<\/p>\n\n\n\n<p><\/p>\n<\/div><\/div>\n","protected":false},"excerpt":{"rendered":"<p>Marie Bertier, autrice install\u00e9e en Charente nous livre son dernier roman, &#8220;En Garde, Gabriel !&#8221; aux \u00e9ditions Emmanuel Jeunesse. \u00ab Nous tendrons l\u2019embuscade dans la clairi\u00e8re du Ch\u00eane aux loups. Le roi y passera n\u00e9cessairement, \u00e0 la fin de sa chasse, avant de rentrer dormir \u00e0 Versailles. Nous aurons tout le loisir de pr\u00e9parer notre [&hellip;]<\/p>\n","protected":false},"author":90,"featured_media":0,"comment_status":"open","ping_status":"open","sticky":false,"template":"","format":"standard","meta":{"_acf_changed":false,"paroisse":[],"service":["0"],"footnotes":""},"categories":[1,5],"tags":[],"class_list":["post-1013","post","type-post","status-publish","format-standard","hentry","category-actualites","category-lirairie","validated"],"acf":[],"yoast_head":"<!-- This site is optimized with the Yoast SEO plugin v27.1.1 - https:\/\/yoast.com\/product\/yoast-seo-wordpress\/ -->\n<title>Le nouveau roman de Marie Bertier est disponible \u00e0 la librairie Le Bon Grain ! - Maison Dioc\u00e9saine<\/title>\n<meta name=\"robots\" content=\"index, follow, max-snippet:-1, max-image-preview:large, max-video-preview:-1\" \/>\n<link rel=\"canonical\" href=\"https:\/\/charente.catholique.fr\/maison-diocesaine\/actualites\/le-nouveau-roman-de-marie-bertier-est-disponible-a-la-librairie\/\" \/>\n<meta property=\"og:locale\" content=\"fr_FR\" \/>\n<meta property=\"og:type\" content=\"article\" \/>\n<meta property=\"og:title\" content=\"Le nouveau roman de Marie Bertier est disponible \u00e0 la librairie Le Bon Grain ! - Maison Dioc\u00e9saine\" \/>\n<meta property=\"og:description\" content=\"Marie Bertier, autrice install\u00e9e en Charente nous livre son dernier roman, &#8220;En Garde, Gabriel !&#8221; aux \u00e9ditions Emmanuel Jeunesse. \u00ab Nous tendrons l\u2019embuscade dans la clairi\u00e8re du Ch\u00eane aux loups. Le roi y passera n\u00e9cessairement, \u00e0 la fin de sa chasse, avant de rentrer dormir \u00e0 Versailles. Nous aurons tout le loisir de pr\u00e9parer notre [&hellip;]\" \/>\n<meta property=\"og:url\" content=\"https:\/\/charente.catholique.fr\/maison-diocesaine\/actualites\/le-nouveau-roman-de-marie-bertier-est-disponible-a-la-librairie\/\" \/>\n<meta property=\"og:site_name\" content=\"Maison Dioc\u00e9saine\" \/>\n<meta property=\"article:published_time\" content=\"2024-02-17T12:45:20+00:00\" \/>\n<meta property=\"article:modified_time\" content=\"2024-02-17T12:51:01+00:00\" \/>\n<meta property=\"og:image\" content=\"https:\/\/charente.catholique.fr\/maison-diocesaine\/wp-content\/uploads\/sites\/8\/2024\/02\/en-garde-gabriel-.png\" \/>\n<meta name=\"author\" content=\"lebongrain\" \/>\n<meta name=\"twitter:card\" content=\"summary_large_image\" \/>\n<meta name=\"twitter:label1\" content=\"\u00c9crit par\" \/>\n\t<meta name=\"twitter:data1\" content=\"lebongrain\" \/>\n\t<meta name=\"twitter:label2\" content=\"Dur\u00e9e de lecture estim\u00e9e\" \/>\n\t<meta name=\"twitter:data2\" content=\"1 minute\" \/>\n<script type=\"application\/ld+json\" class=\"yoast-schema-graph\">{\"@context\":\"https:\/\/schema.org\",\"@graph\":[{\"@type\":\"Article\",\"@id\":\"https:\/\/charente.catholique.fr\/maison-diocesaine\/actualites\/le-nouveau-roman-de-marie-bertier-est-disponible-a-la-librairie\/#article\",\"isPartOf\":{\"@id\":\"https:\/\/charente.catholique.fr\/maison-diocesaine\/actualites\/le-nouveau-roman-de-marie-bertier-est-disponible-a-la-librairie\/\"},\"author\":{\"name\":\"lebongrain\",\"@id\":\"https:\/\/charente.catholique.fr\/maison-diocesaine\/#\/schema\/person\/0d304463bb47b35f53702f40d7c50ff2\"},\"headline\":\"Le nouveau roman de Marie Bertier est disponible \u00e0 la librairie Le Bon Grain !\",\"datePublished\":\"2024-02-17T12:45:20+00:00\",\"dateModified\":\"2024-02-17T12:51:01+00:00\",\"mainEntityOfPage\":{\"@id\":\"https:\/\/charente.catholique.fr\/maison-diocesaine\/actualites\/le-nouveau-roman-de-marie-bertier-est-disponible-a-la-librairie\/\"},\"wordCount\":84,\"commentCount\":0,\"image\":{\"@id\":\"https:\/\/charente.catholique.fr\/maison-diocesaine\/actualites\/le-nouveau-roman-de-marie-bertier-est-disponible-a-la-librairie\/#primaryimage\"},\"thumbnailUrl\":\"https:\/\/charente.catholique.fr\/maison-diocesaine\/wp-content\/uploads\/sites\/8\/2024\/02\/en-garde-gabriel-.png\",\"articleSection\":[\"Actualit\u00e9s\",\"Lirairie\"],\"inLanguage\":\"fr-FR\",\"potentialAction\":[{\"@type\":\"CommentAction\",\"name\":\"Comment\",\"target\":[\"https:\/\/charente.catholique.fr\/maison-diocesaine\/actualites\/le-nouveau-roman-de-marie-bertier-est-disponible-a-la-librairie\/#respond\"]}]},{\"@type\":\"WebPage\",\"@id\":\"https:\/\/charente.catholique.fr\/maison-diocesaine\/actualites\/le-nouveau-roman-de-marie-bertier-est-disponible-a-la-librairie\/\",\"url\":\"https:\/\/charente.catholique.fr\/maison-diocesaine\/actualites\/le-nouveau-roman-de-marie-bertier-est-disponible-a-la-librairie\/\",\"name\":\"Le nouveau roman de Marie Bertier est disponible \u00e0 la librairie Le Bon Grain ! - Maison Dioc\u00e9saine\",\"isPartOf\":{\"@id\":\"https:\/\/charente.catholique.fr\/maison-diocesaine\/#website\"},\"primaryImageOfPage\":{\"@id\":\"https:\/\/charente.catholique.fr\/maison-diocesaine\/actualites\/le-nouveau-roman-de-marie-bertier-est-disponible-a-la-librairie\/#primaryimage\"},\"image\":{\"@id\":\"https:\/\/charente.catholique.fr\/maison-diocesaine\/actualites\/le-nouveau-roman-de-marie-bertier-est-disponible-a-la-librairie\/#primaryimage\"},\"thumbnailUrl\":\"https:\/\/charente.catholique.fr\/maison-diocesaine\/wp-content\/uploads\/sites\/8\/2024\/02\/en-garde-gabriel-.png\",\"datePublished\":\"2024-02-17T12:45:20+00:00\",\"dateModified\":\"2024-02-17T12:51:01+00:00\",\"author\":{\"@id\":\"https:\/\/charente.catholique.fr\/maison-diocesaine\/#\/schema\/person\/0d304463bb47b35f53702f40d7c50ff2\"},\"breadcrumb\":{\"@id\":\"https:\/\/charente.catholique.fr\/maison-diocesaine\/actualites\/le-nouveau-roman-de-marie-bertier-est-disponible-a-la-librairie\/#breadcrumb\"},\"inLanguage\":\"fr-FR\",\"potentialAction\":[{\"@type\":\"ReadAction\",\"target\":[\"https:\/\/charente.catholique.fr\/maison-diocesaine\/actualites\/le-nouveau-roman-de-marie-bertier-est-disponible-a-la-librairie\/\"]}]},{\"@type\":\"ImageObject\",\"inLanguage\":\"fr-FR\",\"@id\":\"https:\/\/charente.catholique.fr\/maison-diocesaine\/actualites\/le-nouveau-roman-de-marie-bertier-est-disponible-a-la-librairie\/#primaryimage\",\"url\":\"https:\/\/charente.catholique.fr\/maison-diocesaine\/wp-content\/uploads\/sites\/8\/2024\/02\/en-garde-gabriel-.png\",\"contentUrl\":\"https:\/\/charente.catholique.fr\/maison-diocesaine\/wp-content\/uploads\/sites\/8\/2024\/02\/en-garde-gabriel-.png\",\"width\":1080,\"height\":1080},{\"@type\":\"BreadcrumbList\",\"@id\":\"https:\/\/charente.catholique.fr\/maison-diocesaine\/actualites\/le-nouveau-roman-de-marie-bertier-est-disponible-a-la-librairie\/#breadcrumb\",\"itemListElement\":[{\"@type\":\"ListItem\",\"position\":1,\"name\":\"Accueil\",\"item\":\"https:\/\/charente.catholique.fr\/maison-diocesaine\/\"},{\"@type\":\"ListItem\",\"position\":2,\"name\":\"Le nouveau roman de Marie Bertier est disponible \u00e0 la librairie Le Bon Grain !\"}]},{\"@type\":\"WebSite\",\"@id\":\"https:\/\/charente.catholique.fr\/maison-diocesaine\/#website\",\"url\":\"https:\/\/charente.catholique.fr\/maison-diocesaine\/\",\"name\":\"Maison Dioc\u00e9saine\",\"description\":\"Dioc\u00e8se d&#039;Angoul\u00eame - Eglise Catholique en Charente\",\"potentialAction\":[{\"@type\":\"SearchAction\",\"target\":{\"@type\":\"EntryPoint\",\"urlTemplate\":\"https:\/\/charente.catholique.fr\/maison-diocesaine\/?s={search_term_string}\"},\"query-input\":{\"@type\":\"PropertyValueSpecification\",\"valueRequired\":true,\"valueName\":\"search_term_string\"}}],\"inLanguage\":\"fr-FR\"},{\"@type\":\"Person\",\"@id\":\"https:\/\/charente.catholique.fr\/maison-diocesaine\/#\/schema\/person\/0d304463bb47b35f53702f40d7c50ff2\",\"name\":\"lebongrain\",\"image\":{\"@type\":\"ImageObject\",\"inLanguage\":\"fr-FR\",\"@id\":\"https:\/\/charente.catholique.fr\/maison-diocesaine\/#\/schema\/person\/image\/\",\"url\":\"https:\/\/secure.gravatar.com\/avatar\/07a653f6f6b6f630fefdc2e13cda20e9b3e92ba813735b35ccc2335e052addf2?s=96&d=mm&r=g\",\"contentUrl\":\"https:\/\/secure.gravatar.com\/avatar\/07a653f6f6b6f630fefdc2e13cda20e9b3e92ba813735b35ccc2335e052addf2?s=96&d=mm&r=g\",\"caption\":\"lebongrain\"},\"url\":\"https:\/\/charente.catholique.fr\/maison-diocesaine\/author\/lebongrain\/\"}]}<\/script>\n<!-- \/ Yoast SEO plugin. -->","yoast_head_json":{"title":"Le nouveau roman de Marie Bertier est disponible \u00e0 la librairie Le Bon Grain ! - Maison Dioc\u00e9saine","robots":{"index":"index","follow":"follow","max-snippet":"max-snippet:-1","max-image-preview":"max-image-preview:large","max-video-preview":"max-video-preview:-1"},"canonical":"https:\/\/charente.catholique.fr\/maison-diocesaine\/actualites\/le-nouveau-roman-de-marie-bertier-est-disponible-a-la-librairie\/","og_locale":"fr_FR","og_type":"article","og_title":"Le nouveau roman de Marie Bertier est disponible \u00e0 la librairie Le Bon Grain ! - Maison Dioc\u00e9saine","og_description":"Marie Bertier, autrice install\u00e9e en Charente nous livre son dernier roman, &#8220;En Garde, Gabriel !&#8221; aux \u00e9ditions Emmanuel Jeunesse. \u00ab Nous tendrons l\u2019embuscade dans la clairi\u00e8re du Ch\u00eane aux loups. Le roi y passera n\u00e9cessairement, \u00e0 la fin de sa chasse, avant de rentrer dormir \u00e0 Versailles. Nous aurons tout le loisir de pr\u00e9parer notre [&hellip;]","og_url":"https:\/\/charente.catholique.fr\/maison-diocesaine\/actualites\/le-nouveau-roman-de-marie-bertier-est-disponible-a-la-librairie\/","og_site_name":"Maison Dioc\u00e9saine","article_published_time":"2024-02-17T12:45:20+00:00","article_modified_time":"2024-02-17T12:51:01+00:00","og_image":[{"url":"https:\/\/charente.catholique.fr\/maison-diocesaine\/wp-content\/uploads\/sites\/8\/2024\/02\/en-garde-gabriel-.png","type":"","width":"","height":""}],"author":"lebongrain","twitter_card":"summary_large_image","twitter_misc":{"\u00c9crit par":"lebongrain","Dur\u00e9e de lecture estim\u00e9e":"1 minute"},"schema":{"@context":"https:\/\/schema.org","@graph":[{"@type":"Article","@id":"https:\/\/charente.catholique.fr\/maison-diocesaine\/actualites\/le-nouveau-roman-de-marie-bertier-est-disponible-a-la-librairie\/#article","isPartOf":{"@id":"https:\/\/charente.catholique.fr\/maison-diocesaine\/actualites\/le-nouveau-roman-de-marie-bertier-est-disponible-a-la-librairie\/"},"author":{"name":"lebongrain","@id":"https:\/\/charente.catholique.fr\/maison-diocesaine\/#\/schema\/person\/0d304463bb47b35f53702f40d7c50ff2"},"headline":"Le nouveau roman de Marie Bertier est disponible \u00e0 la librairie Le Bon Grain !","datePublished":"2024-02-17T12:45:20+00:00","dateModified":"2024-02-17T12:51:01+00:00","mainEntityOfPage":{"@id":"https:\/\/charente.catholique.fr\/maison-diocesaine\/actualites\/le-nouveau-roman-de-marie-bertier-est-disponible-a-la-librairie\/"},"wordCount":84,"commentCount":0,"image":{"@id":"https:\/\/charente.catholique.fr\/maison-diocesaine\/actualites\/le-nouveau-roman-de-marie-bertier-est-disponible-a-la-librairie\/#primaryimage"},"thumbnailUrl":"https:\/\/charente.catholique.fr\/maison-diocesaine\/wp-content\/uploads\/sites\/8\/2024\/02\/en-garde-gabriel-.png","articleSection":["Actualit\u00e9s","Lirairie"],"inLanguage":"fr-FR","potentialAction":[{"@type":"CommentAction","name":"Comment","target":["https:\/\/charente.catholique.fr\/maison-diocesaine\/actualites\/le-nouveau-roman-de-marie-bertier-est-disponible-a-la-librairie\/#respond"]}]},{"@type":"WebPage","@id":"https:\/\/charente.catholique.fr\/maison-diocesaine\/actualites\/le-nouveau-roman-de-marie-bertier-est-disponible-a-la-librairie\/","url":"https:\/\/charente.catholique.fr\/maison-diocesaine\/actualites\/le-nouveau-roman-de-marie-bertier-est-disponible-a-la-librairie\/","name":"Le nouveau roman de Marie Bertier est disponible \u00e0 la librairie Le Bon Grain ! - Maison Dioc\u00e9saine","isPartOf":{"@id":"https:\/\/charente.catholique.fr\/maison-diocesaine\/#website"},"primaryImageOfPage":{"@id":"https:\/\/charente.catholique.fr\/maison-diocesaine\/actualites\/le-nouveau-roman-de-marie-bertier-est-disponible-a-la-librairie\/#primaryimage"},"image":{"@id":"https:\/\/charente.catholique.fr\/maison-diocesaine\/actualites\/le-nouveau-roman-de-marie-bertier-est-disponible-a-la-librairie\/#primaryimage"},"thumbnailUrl":"https:\/\/charente.catholique.fr\/maison-diocesaine\/wp-content\/uploads\/sites\/8\/2024\/02\/en-garde-gabriel-.png","datePublished":"2024-02-17T12:45:20+00:00","dateModified":"2024-02-17T12:51:01+00:00","author":{"@id":"https:\/\/charente.catholique.fr\/maison-diocesaine\/#\/schema\/person\/0d304463bb47b35f53702f40d7c50ff2"},"breadcrumb":{"@id":"https:\/\/charente.catholique.fr\/maison-diocesaine\/actualites\/le-nouveau-roman-de-marie-bertier-est-disponible-a-la-librairie\/#breadcrumb"},"inLanguage":"fr-FR","potentialAction":[{"@type":"ReadAction","target":["https:\/\/charente.catholique.fr\/maison-diocesaine\/actualites\/le-nouveau-roman-de-marie-bertier-est-disponible-a-la-librairie\/"]}]},{"@type":"ImageObject","inLanguage":"fr-FR","@id":"https:\/\/charente.catholique.fr\/maison-diocesaine\/actualites\/le-nouveau-roman-de-marie-bertier-est-disponible-a-la-librairie\/#primaryimage","url":"https:\/\/charente.catholique.fr\/maison-diocesaine\/wp-content\/uploads\/sites\/8\/2024\/02\/en-garde-gabriel-.png","contentUrl":"https:\/\/charente.catholique.fr\/maison-diocesaine\/wp-content\/uploads\/sites\/8\/2024\/02\/en-garde-gabriel-.png","width":1080,"height":1080},{"@type":"BreadcrumbList","@id":"https:\/\/charente.catholique.fr\/maison-diocesaine\/actualites\/le-nouveau-roman-de-marie-bertier-est-disponible-a-la-librairie\/#breadcrumb","itemListElement":[{"@type":"ListItem","position":1,"name":"Accueil","item":"https:\/\/charente.catholique.fr\/maison-diocesaine\/"},{"@type":"ListItem","position":2,"name":"Le nouveau roman de Marie Bertier est disponible \u00e0 la librairie Le Bon Grain !"}]},{"@type":"WebSite","@id":"https:\/\/charente.catholique.fr\/maison-diocesaine\/#website","url":"https:\/\/charente.catholique.fr\/maison-diocesaine\/","name":"Maison Dioc\u00e9saine","description":"Dioc\u00e8se d&#039;Angoul\u00eame - Eglise Catholique en Charente","potentialAction":[{"@type":"SearchAction","target":{"@type":"EntryPoint","urlTemplate":"https:\/\/charente.catholique.fr\/maison-diocesaine\/?s={search_term_string}"},"query-input":{"@type":"PropertyValueSpecification","valueRequired":true,"valueName":"search_term_string"}}],"inLanguage":"fr-FR"},{"@type":"Person","@id":"https:\/\/charente.catholique.fr\/maison-diocesaine\/#\/schema\/person\/0d304463bb47b35f53702f40d7c50ff2","name":"lebongrain","image":{"@type":"ImageObject","inLanguage":"fr-FR","@id":"https:\/\/charente.catholique.fr\/maison-diocesaine\/#\/schema\/person\/image\/","url":"https:\/\/secure.gravatar.com\/avatar\/07a653f6f6b6f630fefdc2e13cda20e9b3e92ba813735b35ccc2335e052addf2?s=96&d=mm&r=g","contentUrl":"https:\/\/secure.gravatar.com\/avatar\/07a653f6f6b6f630fefdc2e13cda20e9b3e92ba813735b35ccc2335e052addf2?s=96&d=mm&r=g","caption":"lebongrain"},"url":"https:\/\/charente.catholique.fr\/maison-diocesaine\/author\/lebongrain\/"}]}},"_links":{"self":[{"href":"https:\/\/charente.catholique.fr\/maison-diocesaine\/wp-json\/wp\/v2\/posts\/1013","targetHints":{"allow":["GET"]}}],"collection":[{"href":"https:\/\/charente.catholique.fr\/maison-diocesaine\/wp-json\/wp\/v2\/posts"}],"about":[{"href":"https:\/\/charente.catholique.fr\/maison-diocesaine\/wp-json\/wp\/v2\/types\/post"}],"author":[{"embeddable":true,"href":"https:\/\/charente.catholique.fr\/maison-diocesaine\/wp-json\/wp\/v2\/users\/90"}],"replies":[{"embeddable":true,"href":"https:\/\/charente.catholique.fr\/maison-diocesaine\/wp-json\/wp\/v2\/comments?post=1013"}],"version-history":[{"count":4,"href":"https:\/\/charente.catholique.fr\/maison-diocesaine\/wp-json\/wp\/v2\/posts\/1013\/revisions"}],"predecessor-version":[{"id":1020,"href":"https:\/\/charente.catholique.fr\/maison-diocesaine\/wp-json\/wp\/v2\/posts\/1013\/revisions\/1020"}],"wp:attachment":[{"href":"https:\/\/charente.catholique.fr\/maison-diocesaine\/wp-json\/wp\/v2\/media?parent=1013"}],"wp:term":[{"taxonomy":"category","embeddable":true,"href":"https:\/\/charente.catholique.fr\/maison-diocesaine\/wp-json\/wp\/v2\/categories?post=1013"},{"taxonomy":"post_tag","embeddable":true,"href":"https:\/\/charente.catholique.fr\/maison-diocesaine\/wp-json\/wp\/v2\/tags?post=1013"}],"curies":[{"name":"wp","href":"https:\/\/api.w.org\/{rel}","templated":true}]}}