{"id":971,"date":"2020-05-31T12:34:40","date_gmt":"2020-05-31T10:34:40","guid":{"rendered":"https:\/\/charente.catholique.fr\/grand-angouleme\/actualites\/\/"},"modified":"2020-09-27T02:35:16","modified_gmt":"2020-09-27T00:35:16","slug":"homelie-de-la-fete-de-la-pentecote-2020-a-mouthiers","status":"publish","type":"post","link":"https:\/\/charente.catholique.fr\/grand-angouleme\/actualites\/homelie-de-la-fete-de-la-pentecote-2020-a-mouthiers\/","title":{"rendered":"Hom\u00e9lie de la f\u00eate de la pentec\u00f4te 2020 \u00e0 Mouthiers"},"content":{"rendered":"\n<p><strong>Au del\u00e0 de l\u2019\u00e9v\u00e8nement, que cela se passe dans nos c\u0153urs<\/strong><\/p>\n\n\n\n<p>Parvenus au cinquanti\u00e8me jour apr\u00e8s P\u00e2ques, nous c\u00e9l\u00e9brons dans la joie la f\u00eate de la Pentec\u00f4te qui signifie la descente du Saint-Esprit sur les disciples r\u00e9unis au C\u00e9nacle, en pr\u00e9sence de la Tr\u00e8s Sainte Vierge Marie. Dans notre logique actuelle du Covid 19, on pourrait bien parler du d\u00e9confinement total des disciples appel\u00e9s d\u00e9sormais \u00e0 porter la Bonne nouvelle du Christ \u00e0 toutes les nations de la terre. Le r\u00e9cit des Actes des Ap\u00f4tres lu en premi\u00e8re lecture de ce jour a expliqu\u00e9 cet \u00e9v\u00e9nement sp\u00e9cial et fondamental dans la naissance de l\u2019Eglise.&nbsp;<br>La grande richesse que nous fait d\u00e9couvrir la pentec\u00f4te est la double image de l\u2019Esprit Saint. Il est \u00e0 la fois vent violent et langue de feu. On se serait attendu qu\u2019il descendit comme une colombe en pensant au bapt\u00eame de J\u00e9sus, ou comme le murmure d\u2019une brise l\u00e9g\u00e8re du temps du proph\u00e8te Elie au mont Horeb. Aujourd\u2019hui, il agit comme vent violent pour indiquer qu\u2019il est partout pr\u00e9sent, et \u00e0 tous les moments de notre vie. A l\u2019image du vent, il change tout sur son passage avec une puissance extraordinaire. Il change mais ne d\u00e9truit pas, ou du moins s\u2019il d\u00e9truit, c\u2019est pour transformer. Il change les situations, les c\u0153urs et les \u00e9v\u00e9nements. Il va transformer le c\u0153ur des disciples pour faire d\u2019eux des t\u00e9moins qui n\u2019auront plus peurs de d\u2019affirmer leur foi. Ainsi, l\u2019Esprit Saint appara\u00eet dans le monde comme cette force venue d\u2019en haut pour changer le monde. Il vient renouveler la face de la terre, comme on le dit dans une chanson.<br>Aujourd\u2019hui, il se pr\u00e9sente aussi comme langues de feu. La langue sera un puissant instrument que les disciples utiliseront dans l\u2019annonce du message. Nous savons tous que la langue peut causer autant de bien que de mal. Saint Jacques au chapitre 3 de sa lettre dit que la langue est un aussi un feu. On a parfois des exp\u00e9riences o\u00f9 des personnes ont allum\u00e9 des feux dans nos relations interpersonnelles par leur seule langue. Pour les disciples du Christ que nous sommes, notre langue doit \u00eatre enflamm\u00e9e du feu de l\u2019amour, du feu de la v\u00e9rit\u00e9, du feu de la charit\u00e9. Elle devrait aussi r\u00e9v\u00e9ler notre courage de parler au nom du Seigneur, quoiqu\u2019il nous en co\u00fbte. Dieu a distribu\u00e9 ce jour de la pentec\u00f4te des langues de feu, pour avoir des paroles de feu qui allument et \u00e9clairent les personnes. Des langues nouvelles, anim\u00e9es par la passion d\u00e9vorante pour Dieu et la compassion des \u00e2mes. De craintifs qu\u2019ils \u00e9taient jusque-l\u00e0, les disciples sont devenus des hommes de feu, parce que br\u00fbl\u00e9s au-dedans d\u2019eux-m\u00eames par le feu de l\u2019Esprit Saint.<br>D\u00e9sormais porteurs passionn\u00e9s de la parole de Dieu, le message qu\u2019ils vont transmettre se veut universel. D\u2019o\u00f9 la traduction du message par l\u2019Esprit Saint lui-m\u00eame qui se fait ici le canal de la communication et l\u2019agent essentiel de l\u2019inculturation. A J\u00e9rusalem fortuitement, il y avait ce jour-l\u00e0 des juifs fervents issus de toutes les nations qui sont sous le ciel. Chacun pouvait les \u00e9couter dans sa langue proclamer les merveilles de Dieu. L\u2019Esprit de la pentec\u00f4te est donc cet Esprit qui vient r\u00e9tablir la communication. Nos familles et nos communaut\u00e9s ont besoin d\u2019une saine communication entre ses membres C\u2019est une bonne occasion de demander cette gr\u00e2ce divine \u00e0 l\u2019Esprit Saint. Aussi, c\u2019est un Esprit qui se veut universel pour une mission universelle, dans la prise en compte des diversit\u00e9s et des particularit\u00e9s de chaque peuple. Chaque peuple devra recevoir l\u2019Evangile du Christ selon les modalit\u00e9s de son \u00eatre. Nous devons nous inspirer de cette fa\u00e7on de proc\u00e9der de l\u2019Esprit-Saint, pour annoncer plus efficacement le message du Christ. Parfois, nous ne savons pas bien communiquer Dieu \u00e0 ceux que nous rencontrons parce qu\u2019ils nous manquent la langue et le langage ad\u00e9quat. Il faut trouver le langage juste pour parler de Dieu.&nbsp;<br>En recevant nous aussi en ce jour le souffle du Christ, pensons \u00e0 la joie qui a anim\u00e9 les disciples de voir se r\u00e9aliser pour eux cette promesse de J\u00e9sus. Il a fait confiance aux pauvres personnes qu\u2019ils \u00e9taient afin de leur confier son Eglise. Cette pentec\u00f4te s\u2019est produite au fond de chacun d\u2019eux. Prions afin que cette pentec\u00f4te se fasse aussi au fond de chacun de nous, afin que nous soyons davantage engag\u00e9s \u00e0 la mission. Ne refusons pas l\u2019offre de l\u2019Esprit Saint pour une nouvelle pentec\u00f4te dans l\u2019Eglise et dans le monde. Revisitons les dons de l\u2019Esprit Saint et demandons les tous au Seigneur&nbsp;: Intelligence, sagesse, conseil, force, science, pi\u00e9t\u00e9 et crainte de Dieu. Nous ne sommes plus des orphelins. Nous avons un Consolateur, un Paraclet, un Esprit de Force et de V\u00e9rit\u00e9 qui sera avec nous jusqu\u2019\u00e0 la fin des temps. Nous avons aussi la Vierge Marie avec nous, c\u00e9l\u00e9br\u00e9e obligatoirement le lundi de la pentec\u00f4te comme \u00e9tant la m\u00e8re de l\u2019Eglise. Amen.<\/p>\n\n\n\n<h2 class=\"wp-block-heading\">En savoir plus<\/h2>\n\n\n\n<p>Jacques Emmanuel Ndong.<\/p>\n","protected":false},"excerpt":{"rendered":"<p>Au del\u00e0 de l\u2019\u00e9v\u00e8nement, que cela se passe dans nos c\u0153urs Parvenus au cinquanti\u00e8me jour apr\u00e8s P\u00e2ques, nous c\u00e9l\u00e9brons dans la joie la f\u00eate de la Pentec\u00f4te qui signifie la descente du Saint-Esprit sur les disciples r\u00e9unis au C\u00e9nacle, en pr\u00e9sence de la Tr\u00e8s Sainte Vierge Marie. Dans notre logique actuelle du Covid 19, on [&hellip;]<\/p>\n","protected":false},"author":1,"featured_media":0,"comment_status":"closed","ping_status":"open","sticky":false,"template":"","format":"standard","meta":{"_acf_changed":false,"paroisse":["4"],"service":["0"],"footnotes":""},"categories":[11],"tags":[],"class_list":["post-971","post","type-post","status-publish","format-standard","hentry","category-homelies-visitation-sur-boeme"],"acf":[],"yoast_head":"<!-- This site is optimized with the Yoast SEO plugin v27.1.1 - https:\/\/yoast.com\/product\/yoast-seo-wordpress\/ -->\n<title>Hom\u00e9lie de la f\u00eate de la pentec\u00f4te 2020 \u00e0 Mouthiers - Doyenn\u00e9 Grand Angoul\u00eame<\/title>\n<meta name=\"robots\" content=\"index, follow, max-snippet:-1, max-image-preview:large, max-video-preview:-1\" \/>\n<link rel=\"canonical\" href=\"https:\/\/charente.catholique.fr\/grand-angouleme\/actualites\/homelie-de-la-fete-de-la-pentecote-2020-a-mouthiers\/\" \/>\n<meta property=\"og:locale\" content=\"fr_FR\" \/>\n<meta property=\"og:type\" content=\"article\" \/>\n<meta property=\"og:title\" content=\"Hom\u00e9lie de la f\u00eate de la pentec\u00f4te 2020 \u00e0 Mouthiers - Doyenn\u00e9 Grand Angoul\u00eame\" \/>\n<meta property=\"og:description\" content=\"Au del\u00e0 de l\u2019\u00e9v\u00e8nement, que cela se passe dans nos c\u0153urs Parvenus au cinquanti\u00e8me jour apr\u00e8s P\u00e2ques, nous c\u00e9l\u00e9brons dans la joie la f\u00eate de la Pentec\u00f4te qui signifie la descente du Saint-Esprit sur les disciples r\u00e9unis au C\u00e9nacle, en pr\u00e9sence de la Tr\u00e8s Sainte Vierge Marie. Dans notre logique actuelle du Covid 19, on [&hellip;]\" \/>\n<meta property=\"og:url\" content=\"https:\/\/charente.catholique.fr\/grand-angouleme\/actualites\/homelie-de-la-fete-de-la-pentecote-2020-a-mouthiers\/\" \/>\n<meta property=\"og:site_name\" content=\"Doyenn\u00e9 Grand Angoul\u00eame\" \/>\n<meta property=\"article:publisher\" content=\"https:\/\/www.facebook.com\/EgliseCatholiqueCharente\" \/>\n<meta property=\"article:published_time\" content=\"2020-05-31T10:34:40+00:00\" \/>\n<meta property=\"article:modified_time\" content=\"2020-09-27T00:35:16+00:00\" \/>\n<meta name=\"author\" content=\"Laurent Levasseur\" \/>\n<meta name=\"twitter:card\" content=\"summary_large_image\" \/>\n<meta name=\"twitter:creator\" content=\"@diocesecharente\" \/>\n<meta name=\"twitter:site\" content=\"@diocesecharente\" \/>\n<meta name=\"twitter:label1\" content=\"\u00c9crit par\" \/>\n\t<meta name=\"twitter:data1\" content=\"Laurent Levasseur\" \/>\n\t<meta name=\"twitter:label2\" content=\"Dur\u00e9e de lecture estim\u00e9e\" \/>\n\t<meta name=\"twitter:data2\" content=\"5 minutes\" \/>\n<script type=\"application\/ld+json\" class=\"yoast-schema-graph\">{\"@context\":\"https:\/\/schema.org\",\"@graph\":[{\"@type\":\"Article\",\"@id\":\"https:\/\/charente.catholique.fr\/grand-angouleme\/actualites\/homelie-de-la-fete-de-la-pentecote-2020-a-mouthiers\/#article\",\"isPartOf\":{\"@id\":\"https:\/\/charente.catholique.fr\/grand-angouleme\/actualites\/homelie-de-la-fete-de-la-pentecote-2020-a-mouthiers\/\"},\"author\":{\"name\":\"Laurent Levasseur\",\"@id\":\"https:\/\/charente.catholique.fr\/grand-angouleme\/#\/schema\/person\/3df8c31947ef19fb6329f661cafeadbe\"},\"headline\":\"Hom\u00e9lie de la f\u00eate de la pentec\u00f4te 2020 \u00e0 Mouthiers\",\"datePublished\":\"2020-05-31T10:34:40+00:00\",\"dateModified\":\"2020-09-27T00:35:16+00:00\",\"mainEntityOfPage\":{\"@id\":\"https:\/\/charente.catholique.fr\/grand-angouleme\/actualites\/homelie-de-la-fete-de-la-pentecote-2020-a-mouthiers\/\"},\"wordCount\":945,\"publisher\":{\"@id\":\"https:\/\/charente.catholique.fr\/grand-angouleme\/#organization\"},\"articleSection\":[\"Hom\u00e9lies\"],\"inLanguage\":\"fr-FR\"},{\"@type\":\"WebPage\",\"@id\":\"https:\/\/charente.catholique.fr\/grand-angouleme\/actualites\/homelie-de-la-fete-de-la-pentecote-2020-a-mouthiers\/\",\"url\":\"https:\/\/charente.catholique.fr\/grand-angouleme\/actualites\/homelie-de-la-fete-de-la-pentecote-2020-a-mouthiers\/\",\"name\":\"Hom\u00e9lie de la f\u00eate de la pentec\u00f4te 2020 \u00e0 Mouthiers - Doyenn\u00e9 Grand Angoul\u00eame\",\"isPartOf\":{\"@id\":\"https:\/\/charente.catholique.fr\/grand-angouleme\/#website\"},\"datePublished\":\"2020-05-31T10:34:40+00:00\",\"dateModified\":\"2020-09-27T00:35:16+00:00\",\"breadcrumb\":{\"@id\":\"https:\/\/charente.catholique.fr\/grand-angouleme\/actualites\/homelie-de-la-fete-de-la-pentecote-2020-a-mouthiers\/#breadcrumb\"},\"inLanguage\":\"fr-FR\",\"potentialAction\":[{\"@type\":\"ReadAction\",\"target\":[\"https:\/\/charente.catholique.fr\/grand-angouleme\/actualites\/homelie-de-la-fete-de-la-pentecote-2020-a-mouthiers\/\"]}]},{\"@type\":\"BreadcrumbList\",\"@id\":\"https:\/\/charente.catholique.fr\/grand-angouleme\/actualites\/homelie-de-la-fete-de-la-pentecote-2020-a-mouthiers\/#breadcrumb\",\"itemListElement\":[{\"@type\":\"ListItem\",\"position\":1,\"name\":\"Accueil\",\"item\":\"https:\/\/charente.catholique.fr\/grand-angouleme\/\"},{\"@type\":\"ListItem\",\"position\":2,\"name\":\"Hom\u00e9lie de la f\u00eate de la pentec\u00f4te 2020 \u00e0 Mouthiers\"}]},{\"@type\":\"WebSite\",\"@id\":\"https:\/\/charente.catholique.fr\/grand-angouleme\/#website\",\"url\":\"https:\/\/charente.catholique.fr\/grand-angouleme\/\",\"name\":\"Doyenn\u00e9 Grand Angoul\u00eame - Dioc\u00e8se d'Angoul\u00eame\",\"description\":\"Dioc\u00e8se d&#039;Angoul\u00eame\",\"publisher\":{\"@id\":\"https:\/\/charente.catholique.fr\/grand-angouleme\/#organization\"},\"potentialAction\":[{\"@type\":\"SearchAction\",\"target\":{\"@type\":\"EntryPoint\",\"urlTemplate\":\"https:\/\/charente.catholique.fr\/grand-angouleme\/?s={search_term_string}\"},\"query-input\":{\"@type\":\"PropertyValueSpecification\",\"valueRequired\":true,\"valueName\":\"search_term_string\"}}],\"inLanguage\":\"fr-FR\"},{\"@type\":\"Organization\",\"@id\":\"https:\/\/charente.catholique.fr\/grand-angouleme\/#organization\",\"name\":\"Association Dioc\u00e9saine d'Angoul\u00eame\",\"url\":\"https:\/\/charente.catholique.fr\/grand-angouleme\/\",\"logo\":{\"@type\":\"ImageObject\",\"inLanguage\":\"fr-FR\",\"@id\":\"https:\/\/charente.catholique.fr\/grand-angouleme\/#\/schema\/logo\/image\/\",\"url\":\"https:\/\/charente.catholique.fr\/grand-angouleme\/wp-content\/uploads\/sites\/2\/2020\/10\/logos.png\",\"contentUrl\":\"https:\/\/charente.catholique.fr\/grand-angouleme\/wp-content\/uploads\/sites\/2\/2020\/10\/logos.png\",\"width\":600,\"height\":257,\"caption\":\"Association Dioc\u00e9saine d'Angoul\u00eame\"},\"image\":{\"@id\":\"https:\/\/charente.catholique.fr\/grand-angouleme\/#\/schema\/logo\/image\/\"},\"sameAs\":[\"https:\/\/www.facebook.com\/EgliseCatholiqueCharente\",\"https:\/\/x.com\/diocesecharente\",\"https:\/\/www.instagram.com\/eglisecharente\",\"https:\/\/www.youtube.com\/channel\/UCByyFWApZbw3gDTiADoiAaQ\"]},{\"@type\":\"Person\",\"@id\":\"https:\/\/charente.catholique.fr\/grand-angouleme\/#\/schema\/person\/3df8c31947ef19fb6329f661cafeadbe\",\"name\":\"Laurent Levasseur\",\"image\":{\"@type\":\"ImageObject\",\"inLanguage\":\"fr-FR\",\"@id\":\"https:\/\/charente.catholique.fr\/grand-angouleme\/#\/schema\/person\/image\/\",\"url\":\"https:\/\/secure.gravatar.com\/avatar\/dccf960d6e9a0355d4b167ffa3fac883a97faa506deaa7260607621ce2bc2705?s=96&d=mm&r=g\",\"contentUrl\":\"https:\/\/secure.gravatar.com\/avatar\/dccf960d6e9a0355d4b167ffa3fac883a97faa506deaa7260607621ce2bc2705?s=96&d=mm&r=g\",\"caption\":\"Laurent Levasseur\"},\"url\":\"https:\/\/charente.catholique.fr\/grand-angouleme\/author\/laurentleva\/\"}]}<\/script>\n<!-- \/ Yoast SEO plugin. -->","yoast_head_json":{"title":"Hom\u00e9lie de la f\u00eate de la pentec\u00f4te 2020 \u00e0 Mouthiers - Doyenn\u00e9 Grand Angoul\u00eame","robots":{"index":"index","follow":"follow","max-snippet":"max-snippet:-1","max-image-preview":"max-image-preview:large","max-video-preview":"max-video-preview:-1"},"canonical":"https:\/\/charente.catholique.fr\/grand-angouleme\/actualites\/homelie-de-la-fete-de-la-pentecote-2020-a-mouthiers\/","og_locale":"fr_FR","og_type":"article","og_title":"Hom\u00e9lie de la f\u00eate de la pentec\u00f4te 2020 \u00e0 Mouthiers - Doyenn\u00e9 Grand Angoul\u00eame","og_description":"Au del\u00e0 de l\u2019\u00e9v\u00e8nement, que cela se passe dans nos c\u0153urs Parvenus au cinquanti\u00e8me jour apr\u00e8s P\u00e2ques, nous c\u00e9l\u00e9brons dans la joie la f\u00eate de la Pentec\u00f4te qui signifie la descente du Saint-Esprit sur les disciples r\u00e9unis au C\u00e9nacle, en pr\u00e9sence de la Tr\u00e8s Sainte Vierge Marie. Dans notre logique actuelle du Covid 19, on [&hellip;]","og_url":"https:\/\/charente.catholique.fr\/grand-angouleme\/actualites\/homelie-de-la-fete-de-la-pentecote-2020-a-mouthiers\/","og_site_name":"Doyenn\u00e9 Grand Angoul\u00eame","article_publisher":"https:\/\/www.facebook.com\/EgliseCatholiqueCharente","article_published_time":"2020-05-31T10:34:40+00:00","article_modified_time":"2020-09-27T00:35:16+00:00","author":"Laurent Levasseur","twitter_card":"summary_large_image","twitter_creator":"@diocesecharente","twitter_site":"@diocesecharente","twitter_misc":{"\u00c9crit par":"Laurent Levasseur","Dur\u00e9e de lecture estim\u00e9e":"5 minutes"},"schema":{"@context":"https:\/\/schema.org","@graph":[{"@type":"Article","@id":"https:\/\/charente.catholique.fr\/grand-angouleme\/actualites\/homelie-de-la-fete-de-la-pentecote-2020-a-mouthiers\/#article","isPartOf":{"@id":"https:\/\/charente.catholique.fr\/grand-angouleme\/actualites\/homelie-de-la-fete-de-la-pentecote-2020-a-mouthiers\/"},"author":{"name":"Laurent Levasseur","@id":"https:\/\/charente.catholique.fr\/grand-angouleme\/#\/schema\/person\/3df8c31947ef19fb6329f661cafeadbe"},"headline":"Hom\u00e9lie de la f\u00eate de la pentec\u00f4te 2020 \u00e0 Mouthiers","datePublished":"2020-05-31T10:34:40+00:00","dateModified":"2020-09-27T00:35:16+00:00","mainEntityOfPage":{"@id":"https:\/\/charente.catholique.fr\/grand-angouleme\/actualites\/homelie-de-la-fete-de-la-pentecote-2020-a-mouthiers\/"},"wordCount":945,"publisher":{"@id":"https:\/\/charente.catholique.fr\/grand-angouleme\/#organization"},"articleSection":["Hom\u00e9lies"],"inLanguage":"fr-FR"},{"@type":"WebPage","@id":"https:\/\/charente.catholique.fr\/grand-angouleme\/actualites\/homelie-de-la-fete-de-la-pentecote-2020-a-mouthiers\/","url":"https:\/\/charente.catholique.fr\/grand-angouleme\/actualites\/homelie-de-la-fete-de-la-pentecote-2020-a-mouthiers\/","name":"Hom\u00e9lie de la f\u00eate de la pentec\u00f4te 2020 \u00e0 Mouthiers - Doyenn\u00e9 Grand Angoul\u00eame","isPartOf":{"@id":"https:\/\/charente.catholique.fr\/grand-angouleme\/#website"},"datePublished":"2020-05-31T10:34:40+00:00","dateModified":"2020-09-27T00:35:16+00:00","breadcrumb":{"@id":"https:\/\/charente.catholique.fr\/grand-angouleme\/actualites\/homelie-de-la-fete-de-la-pentecote-2020-a-mouthiers\/#breadcrumb"},"inLanguage":"fr-FR","potentialAction":[{"@type":"ReadAction","target":["https:\/\/charente.catholique.fr\/grand-angouleme\/actualites\/homelie-de-la-fete-de-la-pentecote-2020-a-mouthiers\/"]}]},{"@type":"BreadcrumbList","@id":"https:\/\/charente.catholique.fr\/grand-angouleme\/actualites\/homelie-de-la-fete-de-la-pentecote-2020-a-mouthiers\/#breadcrumb","itemListElement":[{"@type":"ListItem","position":1,"name":"Accueil","item":"https:\/\/charente.catholique.fr\/grand-angouleme\/"},{"@type":"ListItem","position":2,"name":"Hom\u00e9lie de la f\u00eate de la pentec\u00f4te 2020 \u00e0 Mouthiers"}]},{"@type":"WebSite","@id":"https:\/\/charente.catholique.fr\/grand-angouleme\/#website","url":"https:\/\/charente.catholique.fr\/grand-angouleme\/","name":"Doyenn\u00e9 Grand Angoul\u00eame - Dioc\u00e8se d'Angoul\u00eame","description":"Dioc\u00e8se d&#039;Angoul\u00eame","publisher":{"@id":"https:\/\/charente.catholique.fr\/grand-angouleme\/#organization"},"potentialAction":[{"@type":"SearchAction","target":{"@type":"EntryPoint","urlTemplate":"https:\/\/charente.catholique.fr\/grand-angouleme\/?s={search_term_string}"},"query-input":{"@type":"PropertyValueSpecification","valueRequired":true,"valueName":"search_term_string"}}],"inLanguage":"fr-FR"},{"@type":"Organization","@id":"https:\/\/charente.catholique.fr\/grand-angouleme\/#organization","name":"Association Dioc\u00e9saine d'Angoul\u00eame","url":"https:\/\/charente.catholique.fr\/grand-angouleme\/","logo":{"@type":"ImageObject","inLanguage":"fr-FR","@id":"https:\/\/charente.catholique.fr\/grand-angouleme\/#\/schema\/logo\/image\/","url":"https:\/\/charente.catholique.fr\/grand-angouleme\/wp-content\/uploads\/sites\/2\/2020\/10\/logos.png","contentUrl":"https:\/\/charente.catholique.fr\/grand-angouleme\/wp-content\/uploads\/sites\/2\/2020\/10\/logos.png","width":600,"height":257,"caption":"Association Dioc\u00e9saine d'Angoul\u00eame"},"image":{"@id":"https:\/\/charente.catholique.fr\/grand-angouleme\/#\/schema\/logo\/image\/"},"sameAs":["https:\/\/www.facebook.com\/EgliseCatholiqueCharente","https:\/\/x.com\/diocesecharente","https:\/\/www.instagram.com\/eglisecharente","https:\/\/www.youtube.com\/channel\/UCByyFWApZbw3gDTiADoiAaQ"]},{"@type":"Person","@id":"https:\/\/charente.catholique.fr\/grand-angouleme\/#\/schema\/person\/3df8c31947ef19fb6329f661cafeadbe","name":"Laurent Levasseur","image":{"@type":"ImageObject","inLanguage":"fr-FR","@id":"https:\/\/charente.catholique.fr\/grand-angouleme\/#\/schema\/person\/image\/","url":"https:\/\/secure.gravatar.com\/avatar\/dccf960d6e9a0355d4b167ffa3fac883a97faa506deaa7260607621ce2bc2705?s=96&d=mm&r=g","contentUrl":"https:\/\/secure.gravatar.com\/avatar\/dccf960d6e9a0355d4b167ffa3fac883a97faa506deaa7260607621ce2bc2705?s=96&d=mm&r=g","caption":"Laurent Levasseur"},"url":"https:\/\/charente.catholique.fr\/grand-angouleme\/author\/laurentleva\/"}]}},"_links":{"self":[{"href":"https:\/\/charente.catholique.fr\/grand-angouleme\/wp-json\/wp\/v2\/posts\/971","targetHints":{"allow":["GET"]}}],"collection":[{"href":"https:\/\/charente.catholique.fr\/grand-angouleme\/wp-json\/wp\/v2\/posts"}],"about":[{"href":"https:\/\/charente.catholique.fr\/grand-angouleme\/wp-json\/wp\/v2\/types\/post"}],"author":[{"embeddable":true,"href":"https:\/\/charente.catholique.fr\/grand-angouleme\/wp-json\/wp\/v2\/users\/1"}],"replies":[{"embeddable":true,"href":"https:\/\/charente.catholique.fr\/grand-angouleme\/wp-json\/wp\/v2\/comments?post=971"}],"version-history":[{"count":1,"href":"https:\/\/charente.catholique.fr\/grand-angouleme\/wp-json\/wp\/v2\/posts\/971\/revisions"}],"predecessor-version":[{"id":972,"href":"https:\/\/charente.catholique.fr\/grand-angouleme\/wp-json\/wp\/v2\/posts\/971\/revisions\/972"}],"wp:attachment":[{"href":"https:\/\/charente.catholique.fr\/grand-angouleme\/wp-json\/wp\/v2\/media?parent=971"}],"wp:term":[{"taxonomy":"category","embeddable":true,"href":"https:\/\/charente.catholique.fr\/grand-angouleme\/wp-json\/wp\/v2\/categories?post=971"},{"taxonomy":"post_tag","embeddable":true,"href":"https:\/\/charente.catholique.fr\/grand-angouleme\/wp-json\/wp\/v2\/tags?post=971"}],"curies":[{"name":"wp","href":"https:\/\/api.w.org\/{rel}","templated":true}]}}