{"id":8959,"date":"2022-01-31T15:08:34","date_gmt":"2022-01-31T14:08:34","guid":{"rendered":"https:\/\/charente.catholique.fr\/grand-angouleme\/?p=8959"},"modified":"2022-02-02T08:24:06","modified_gmt":"2022-02-02T07:24:06","slug":"homelie-du-quatrieme-dimanche-du-temps-ordinaire-c","status":"publish","type":"post","link":"https:\/\/charente.catholique.fr\/grand-angouleme\/actualites\/homelie-du-quatrieme-dimanche-du-temps-ordinaire-c\/","title":{"rendered":"Hom\u00e9lie du P\u00e8re Jacques-Emmanuel 4\u00e8me dimanche du TO Ann\u00e9e C"},"content":{"rendered":"\n<p>Le texte de l\u2019Evangile que nous venons d\u2019\u00e9couter fait suite \u00e0 celui de dimanche dernier. Nous sommes au tout d\u00e9but du minist\u00e8re de J\u00e9sus dans son village Nazareth. Apr\u00e8s avoir lu le texte d\u2019Isa\u00efe, Il avait fait une annonce surprenante pour ses auditeurs. Dans la suite de cet \u00e9vangile, nous constatons que J\u00e9sus s\u2019est mis en danger, en provoquant les gens de chez lui. Voici les 3 provocations&nbsp;:<\/p>\n\n\n\n<p>-En disant que la parole du proph\u00e8te Isa\u00efe s\u2019accomplit \u00e0 travers lui, il d\u00e9clare ouvertement devant ses fr\u00e8res qu\u2019il est le Messie annonc\u00e9.<\/p>\n\n\n\n<p>-Il leur rappelle deux histoires de l\u2019Ancien Testament, celle de la veuve de Sarepta et du Syrien Naaman, tous deux pa\u00efens qui avaient b\u00e9n\u00e9fici\u00e9 des faveurs des proph\u00e8tes Elie et Elis\u00e9e. Une fa\u00e7on de dire \u00e0 ses fr\u00e8res que Dieu ne fait acception d\u2019aucun homme et que les pa\u00efens valent mieux qu\u2019eux.<\/p>\n\n\n\n<p>-Il utilise deux dictons pass\u00e9s dans le langage courant&nbsp;: \u00ab&nbsp;<em>M\u00e9decin, gu\u00e9ris-toi toi-m\u00eame<\/em>&nbsp;\u00bb&nbsp;; qui signifie dans ce contexte que J\u00e9sus, avant de penser aux autres, devrait d\u2019abord s\u2019occuper des siens. Le deuxi\u00e8me proverbe est le suivant&nbsp;:\u00ab&nbsp;<em>Nul n\u2019est proph\u00e8te chez soi<\/em>&nbsp;\u00bb. Ce qui veut dire que le talent d\u2019une personne est reconnu plut\u00f4t \u00e0 l\u2019\u00e9tranger que chez elle. Les gens de chez nous ne nous appr\u00e9cient jamais \u00e0 notre juste valeur. Malheureusement&nbsp;!<\/p>\n\n\n\n<p>Par ces deux proverbes, J\u00e9sus va s\u2019attirer la col\u00e8re et la haine de ses fr\u00e8res. Non seulement il se prend pour un proph\u00e8te, mais il refuse d\u2019accomplir des miracles dans son village&nbsp;; ce qui pouvait attirer des foules \u00e0 Nazareth et profiter au commerce. Pour eux, J\u00e9sus est ce fils de Joseph qu\u2019ils ont vu grandir, et qui ose se prendre pour le Messie de Dieu. La riposte de ceux-ci sera surprenante, car de pieux qu\u2019ils \u00e9taient jusqu\u2019ici, les voil\u00e0 transform\u00e9s en personnes violentes, pr\u00eates au crime. Ils vont l\u2019empoigner avec fureur pour le jeter du haut d\u2019une montagne. Heureusement qu\u2019il va passer miraculeusement au milieu d\u2019eux et s\u2019en aller.<\/p>\n\n\n\n<p>Cet \u00e9vangile nous conduit \u00e0 m\u00e9diter sur la vocation, la mission et les dangers de tous ceux que Dieu a \u00e9tabli comme proph\u00e8tes. Dans la premi\u00e8re lecture, nous avons \u00e9cout\u00e9 le r\u00e9cit de la vocation de J\u00e9r\u00e9mie. Il a \u00e9t\u00e9 choisi, sanctifi\u00e9 et mis \u00e0 part d\u00e8s le sein maternel. Il a \u00e9t\u00e9 envoy\u00e9 vers le peuple pour dire la Parole de Dieu. Il devra rencontrer l\u2019adversit\u00e9, mais Dieu va le rassurer de sa pr\u00e9sence&nbsp;: \u00ab&nbsp;<em>Ils te combattront, mais ils ne pourront rien contre toi, car je suis avec toi pour te d\u00e9livrer<\/em>&nbsp;\u00bb. L\u2019histoire de J\u00e9r\u00e9mie montre qu\u2019il a beaucoup souffert \u00e0 cause de la Parole de Dieu. Il a \u00e9t\u00e9 m\u00eame jet\u00e9 en prison et a connu l\u2019exil.<\/p>\n\n\n\n<p>En voyant ce qui arrive \u00e0 J\u00e9sus au d\u00e9but de son minist\u00e8re, on peut comprendre toutes les difficult\u00e9s qui l\u2019attendent. S\u2019il \u00e9chappe \u00e0 ses fr\u00e8res aujourd\u2019hui, ils vont tenter plusieurs fois de l\u2019attraper ou de le lapider. Ils vont r\u00e9ussir \u00e0 le saisir au mont des Oliviers. Il sera jug\u00e9 et va mourir sur une croix. Ainsi, comme tous les proph\u00e8tes, dont le dernier \u00e9tait Jean-Baptiste qui est mort en prison avec un cou tranch\u00e9, J\u00e9sus va mourir parce qu\u2019il a pr\u00each\u00e9 sur l\u2019amour de Dieu et du prochain, sur la justice, la paix et la V\u00e9rit\u00e9.<\/p>\n\n\n\n<p>A la suite de J\u00e9sus, nous sommes nous aussi des proph\u00e8tes, car le bapt\u00eame que nous avons re\u00e7u en son nom, a imprim\u00e9 en nous le charisme et la responsabilit\u00e9 proph\u00e9tique. &nbsp;Nous devons comme J\u00e9sus \u00eatre proph\u00e8tes chez nous, dans nos maisons, dans notre paroisse ou dans notre soci\u00e9t\u00e9. On refusera aussi d\u2019\u00eatre enferm\u00e9 dans un lieu, le proph\u00e8te \u00e9tant un homme ouvert \u00e0 l\u2019universel. La mission du proph\u00e8te c\u2019est d\u2019annoncer et de d\u00e9noncer, bien s\u00fbr dans la charit\u00e9. L\u2019hymne de l\u2019amour de Saint Paul nous forme \u00e0 cette charit\u00e9 qui devra marquer toutes nos actions. Il faudrait le relire en couple, en famille ou personnellement pour approfondir ce myst\u00e8re de Dieu&nbsp;; car Dieu est amour. S\u2019il nous manque l\u2019amour, ou s\u2019il manque Dieu dans tout ce que nous faisons, cela ne sert \u00e0 rien.<\/p>\n\n\n\n<p>Demandons au Seigneur de nous remplir ce dimanche de son Esprit d\u2019amour, afin que nous puissions exercer notre mission proph\u00e9tique dans ce monde o\u00f9 il y a de moins en moins de proph\u00e8tes comme J\u00e9r\u00e9mie. &nbsp;Que Dieu nous soutienne aussi face \u00e0 l\u2019adversit\u00e9, afin que les ennemis ne nous nous d\u00e9couragent pas dans notre mission. Amen. &nbsp;<\/p>\n","protected":false},"excerpt":{"rendered":"<p>Le texte de l\u2019Evangile que nous venons d\u2019\u00e9couter fait suite \u00e0 celui de dimanche dernier. Nous sommes au tout d\u00e9but du minist\u00e8re de J\u00e9sus dans son village Nazareth. Apr\u00e8s avoir lu le texte d\u2019Isa\u00efe, Il avait fait une annonce surprenante pour ses auditeurs. Dans la suite de cet \u00e9vangile, nous constatons que J\u00e9sus s\u2019est mis [&hellip;]<\/p>\n","protected":false},"author":13,"featured_media":9024,"comment_status":"open","ping_status":"open","sticky":false,"template":"","format":"standard","meta":{"_acf_changed":false,"paroisse":["4"],"service":["0"],"footnotes":""},"categories":[1],"tags":[],"class_list":["post-8959","post","type-post","status-publish","format-standard","has-post-thumbnail","hentry","category-actualites"],"acf":[],"yoast_head":"<!-- This site is optimized with the Yoast SEO plugin v27.1.1 - https:\/\/yoast.com\/product\/yoast-seo-wordpress\/ -->\n<title>Hom\u00e9lie du P\u00e8re Jacques-Emmanuel 4\u00e8me dimanche du TO Ann\u00e9e C - Doyenn\u00e9 Grand Angoul\u00eame<\/title>\n<meta name=\"robots\" content=\"index, follow, max-snippet:-1, max-image-preview:large, max-video-preview:-1\" \/>\n<link rel=\"canonical\" href=\"https:\/\/charente.catholique.fr\/grand-angouleme\/actualites\/homelie-du-quatrieme-dimanche-du-temps-ordinaire-c\/\" \/>\n<meta property=\"og:locale\" content=\"fr_FR\" \/>\n<meta property=\"og:type\" content=\"article\" \/>\n<meta property=\"og:title\" content=\"Hom\u00e9lie du P\u00e8re Jacques-Emmanuel 4\u00e8me dimanche du TO Ann\u00e9e C - Doyenn\u00e9 Grand Angoul\u00eame\" \/>\n<meta property=\"og:description\" content=\"Le texte de l\u2019Evangile que nous venons d\u2019\u00e9couter fait suite \u00e0 celui de dimanche dernier. Nous sommes au tout d\u00e9but du minist\u00e8re de J\u00e9sus dans son village Nazareth. Apr\u00e8s avoir lu le texte d\u2019Isa\u00efe, Il avait fait une annonce surprenante pour ses auditeurs. Dans la suite de cet \u00e9vangile, nous constatons que J\u00e9sus s\u2019est mis [&hellip;]\" \/>\n<meta property=\"og:url\" content=\"https:\/\/charente.catholique.fr\/grand-angouleme\/actualites\/homelie-du-quatrieme-dimanche-du-temps-ordinaire-c\/\" \/>\n<meta property=\"og:site_name\" content=\"Doyenn\u00e9 Grand Angoul\u00eame\" \/>\n<meta property=\"article:publisher\" content=\"https:\/\/www.facebook.com\/EgliseCatholiqueCharente\" \/>\n<meta property=\"article:published_time\" content=\"2022-01-31T14:08:34+00:00\" \/>\n<meta property=\"article:modified_time\" content=\"2022-02-02T07:24:06+00:00\" \/>\n<meta property=\"og:image\" content=\"https:\/\/charente.catholique.fr\/grand-angouleme\/wp-content\/uploads\/sites\/2\/2022\/01\/pixabay-ancien-testament.jpg\" \/>\n\t<meta property=\"og:image:width\" content=\"1920\" \/>\n\t<meta property=\"og:image:height\" content=\"1257\" \/>\n\t<meta property=\"og:image:type\" content=\"image\/jpeg\" \/>\n<meta name=\"author\" content=\"Marie-No\u00eblle Bouteloup\" \/>\n<meta name=\"twitter:card\" content=\"summary_large_image\" \/>\n<meta name=\"twitter:creator\" content=\"@diocesecharente\" \/>\n<meta name=\"twitter:site\" content=\"@diocesecharente\" \/>\n<meta name=\"twitter:label1\" content=\"\u00c9crit par\" \/>\n\t<meta name=\"twitter:data1\" content=\"Marie-No\u00eblle Bouteloup\" \/>\n\t<meta name=\"twitter:label2\" content=\"Dur\u00e9e de lecture estim\u00e9e\" \/>\n\t<meta name=\"twitter:data2\" content=\"4 minutes\" \/>\n<script type=\"application\/ld+json\" class=\"yoast-schema-graph\">{\"@context\":\"https:\/\/schema.org\",\"@graph\":[{\"@type\":\"Article\",\"@id\":\"https:\/\/charente.catholique.fr\/grand-angouleme\/actualites\/homelie-du-quatrieme-dimanche-du-temps-ordinaire-c\/#article\",\"isPartOf\":{\"@id\":\"https:\/\/charente.catholique.fr\/grand-angouleme\/actualites\/homelie-du-quatrieme-dimanche-du-temps-ordinaire-c\/\"},\"author\":{\"name\":\"Marie-No\u00eblle Bouteloup\",\"@id\":\"https:\/\/charente.catholique.fr\/grand-angouleme\/#\/schema\/person\/0bb2e75c546661bf0827c8b4d5d2bcfb\"},\"headline\":\"Hom\u00e9lie du P\u00e8re Jacques-Emmanuel 4\u00e8me dimanche du TO Ann\u00e9e C\",\"datePublished\":\"2022-01-31T14:08:34+00:00\",\"dateModified\":\"2022-02-02T07:24:06+00:00\",\"mainEntityOfPage\":{\"@id\":\"https:\/\/charente.catholique.fr\/grand-angouleme\/actualites\/homelie-du-quatrieme-dimanche-du-temps-ordinaire-c\/\"},\"wordCount\":863,\"commentCount\":0,\"publisher\":{\"@id\":\"https:\/\/charente.catholique.fr\/grand-angouleme\/#organization\"},\"image\":{\"@id\":\"https:\/\/charente.catholique.fr\/grand-angouleme\/actualites\/homelie-du-quatrieme-dimanche-du-temps-ordinaire-c\/#primaryimage\"},\"thumbnailUrl\":\"https:\/\/charente.catholique.fr\/grand-angouleme\/wp-content\/uploads\/sites\/2\/2022\/01\/pixabay-ancien-testament.jpg\",\"articleSection\":[\"Actualit\u00e9s\"],\"inLanguage\":\"fr-FR\",\"potentialAction\":[{\"@type\":\"CommentAction\",\"name\":\"Comment\",\"target\":[\"https:\/\/charente.catholique.fr\/grand-angouleme\/actualites\/homelie-du-quatrieme-dimanche-du-temps-ordinaire-c\/#respond\"]}]},{\"@type\":\"WebPage\",\"@id\":\"https:\/\/charente.catholique.fr\/grand-angouleme\/actualites\/homelie-du-quatrieme-dimanche-du-temps-ordinaire-c\/\",\"url\":\"https:\/\/charente.catholique.fr\/grand-angouleme\/actualites\/homelie-du-quatrieme-dimanche-du-temps-ordinaire-c\/\",\"name\":\"Hom\u00e9lie du P\u00e8re Jacques-Emmanuel 4\u00e8me dimanche du TO Ann\u00e9e C - Doyenn\u00e9 Grand Angoul\u00eame\",\"isPartOf\":{\"@id\":\"https:\/\/charente.catholique.fr\/grand-angouleme\/#website\"},\"primaryImageOfPage\":{\"@id\":\"https:\/\/charente.catholique.fr\/grand-angouleme\/actualites\/homelie-du-quatrieme-dimanche-du-temps-ordinaire-c\/#primaryimage\"},\"image\":{\"@id\":\"https:\/\/charente.catholique.fr\/grand-angouleme\/actualites\/homelie-du-quatrieme-dimanche-du-temps-ordinaire-c\/#primaryimage\"},\"thumbnailUrl\":\"https:\/\/charente.catholique.fr\/grand-angouleme\/wp-content\/uploads\/sites\/2\/2022\/01\/pixabay-ancien-testament.jpg\",\"datePublished\":\"2022-01-31T14:08:34+00:00\",\"dateModified\":\"2022-02-02T07:24:06+00:00\",\"breadcrumb\":{\"@id\":\"https:\/\/charente.catholique.fr\/grand-angouleme\/actualites\/homelie-du-quatrieme-dimanche-du-temps-ordinaire-c\/#breadcrumb\"},\"inLanguage\":\"fr-FR\",\"potentialAction\":[{\"@type\":\"ReadAction\",\"target\":[\"https:\/\/charente.catholique.fr\/grand-angouleme\/actualites\/homelie-du-quatrieme-dimanche-du-temps-ordinaire-c\/\"]}]},{\"@type\":\"ImageObject\",\"inLanguage\":\"fr-FR\",\"@id\":\"https:\/\/charente.catholique.fr\/grand-angouleme\/actualites\/homelie-du-quatrieme-dimanche-du-temps-ordinaire-c\/#primaryimage\",\"url\":\"https:\/\/charente.catholique.fr\/grand-angouleme\/wp-content\/uploads\/sites\/2\/2022\/01\/pixabay-ancien-testament.jpg\",\"contentUrl\":\"https:\/\/charente.catholique.fr\/grand-angouleme\/wp-content\/uploads\/sites\/2\/2022\/01\/pixabay-ancien-testament.jpg\",\"width\":1920,\"height\":1257},{\"@type\":\"BreadcrumbList\",\"@id\":\"https:\/\/charente.catholique.fr\/grand-angouleme\/actualites\/homelie-du-quatrieme-dimanche-du-temps-ordinaire-c\/#breadcrumb\",\"itemListElement\":[{\"@type\":\"ListItem\",\"position\":1,\"name\":\"Accueil\",\"item\":\"https:\/\/charente.catholique.fr\/grand-angouleme\/\"},{\"@type\":\"ListItem\",\"position\":2,\"name\":\"Hom\u00e9lie du P\u00e8re Jacques-Emmanuel 4\u00e8me dimanche du TO Ann\u00e9e C\"}]},{\"@type\":\"WebSite\",\"@id\":\"https:\/\/charente.catholique.fr\/grand-angouleme\/#website\",\"url\":\"https:\/\/charente.catholique.fr\/grand-angouleme\/\",\"name\":\"Doyenn\u00e9 Grand Angoul\u00eame - Dioc\u00e8se d'Angoul\u00eame\",\"description\":\"Dioc\u00e8se d&#039;Angoul\u00eame\",\"publisher\":{\"@id\":\"https:\/\/charente.catholique.fr\/grand-angouleme\/#organization\"},\"potentialAction\":[{\"@type\":\"SearchAction\",\"target\":{\"@type\":\"EntryPoint\",\"urlTemplate\":\"https:\/\/charente.catholique.fr\/grand-angouleme\/?s={search_term_string}\"},\"query-input\":{\"@type\":\"PropertyValueSpecification\",\"valueRequired\":true,\"valueName\":\"search_term_string\"}}],\"inLanguage\":\"fr-FR\"},{\"@type\":\"Organization\",\"@id\":\"https:\/\/charente.catholique.fr\/grand-angouleme\/#organization\",\"name\":\"Association Dioc\u00e9saine d'Angoul\u00eame\",\"url\":\"https:\/\/charente.catholique.fr\/grand-angouleme\/\",\"logo\":{\"@type\":\"ImageObject\",\"inLanguage\":\"fr-FR\",\"@id\":\"https:\/\/charente.catholique.fr\/grand-angouleme\/#\/schema\/logo\/image\/\",\"url\":\"https:\/\/charente.catholique.fr\/grand-angouleme\/wp-content\/uploads\/sites\/2\/2020\/10\/logos.png\",\"contentUrl\":\"https:\/\/charente.catholique.fr\/grand-angouleme\/wp-content\/uploads\/sites\/2\/2020\/10\/logos.png\",\"width\":600,\"height\":257,\"caption\":\"Association Dioc\u00e9saine d'Angoul\u00eame\"},\"image\":{\"@id\":\"https:\/\/charente.catholique.fr\/grand-angouleme\/#\/schema\/logo\/image\/\"},\"sameAs\":[\"https:\/\/www.facebook.com\/EgliseCatholiqueCharente\",\"https:\/\/x.com\/diocesecharente\",\"https:\/\/www.instagram.com\/eglisecharente\",\"https:\/\/www.youtube.com\/channel\/UCByyFWApZbw3gDTiADoiAaQ\"]},{\"@type\":\"Person\",\"@id\":\"https:\/\/charente.catholique.fr\/grand-angouleme\/#\/schema\/person\/0bb2e75c546661bf0827c8b4d5d2bcfb\",\"name\":\"Marie-No\u00eblle Bouteloup\",\"image\":{\"@type\":\"ImageObject\",\"inLanguage\":\"fr-FR\",\"@id\":\"https:\/\/charente.catholique.fr\/grand-angouleme\/#\/schema\/person\/image\/\",\"url\":\"https:\/\/secure.gravatar.com\/avatar\/8b68422c19e9566364992377448eef55989ea1caaedc20a57fe2961c16ed8312?s=96&d=mm&r=g\",\"contentUrl\":\"https:\/\/secure.gravatar.com\/avatar\/8b68422c19e9566364992377448eef55989ea1caaedc20a57fe2961c16ed8312?s=96&d=mm&r=g\",\"caption\":\"Marie-No\u00eblle Bouteloup\"},\"url\":\"https:\/\/charente.catholique.fr\/grand-angouleme\/author\/mnbouteloup\/\"}]}<\/script>\n<!-- \/ Yoast SEO plugin. -->","yoast_head_json":{"title":"Hom\u00e9lie du P\u00e8re Jacques-Emmanuel 4\u00e8me dimanche du TO Ann\u00e9e C - Doyenn\u00e9 Grand Angoul\u00eame","robots":{"index":"index","follow":"follow","max-snippet":"max-snippet:-1","max-image-preview":"max-image-preview:large","max-video-preview":"max-video-preview:-1"},"canonical":"https:\/\/charente.catholique.fr\/grand-angouleme\/actualites\/homelie-du-quatrieme-dimanche-du-temps-ordinaire-c\/","og_locale":"fr_FR","og_type":"article","og_title":"Hom\u00e9lie du P\u00e8re Jacques-Emmanuel 4\u00e8me dimanche du TO Ann\u00e9e C - Doyenn\u00e9 Grand Angoul\u00eame","og_description":"Le texte de l\u2019Evangile que nous venons d\u2019\u00e9couter fait suite \u00e0 celui de dimanche dernier. Nous sommes au tout d\u00e9but du minist\u00e8re de J\u00e9sus dans son village Nazareth. Apr\u00e8s avoir lu le texte d\u2019Isa\u00efe, Il avait fait une annonce surprenante pour ses auditeurs. Dans la suite de cet \u00e9vangile, nous constatons que J\u00e9sus s\u2019est mis [&hellip;]","og_url":"https:\/\/charente.catholique.fr\/grand-angouleme\/actualites\/homelie-du-quatrieme-dimanche-du-temps-ordinaire-c\/","og_site_name":"Doyenn\u00e9 Grand Angoul\u00eame","article_publisher":"https:\/\/www.facebook.com\/EgliseCatholiqueCharente","article_published_time":"2022-01-31T14:08:34+00:00","article_modified_time":"2022-02-02T07:24:06+00:00","og_image":[{"width":1920,"height":1257,"url":"https:\/\/charente.catholique.fr\/grand-angouleme\/wp-content\/uploads\/sites\/2\/2022\/01\/pixabay-ancien-testament.jpg","type":"image\/jpeg"}],"author":"Marie-No\u00eblle Bouteloup","twitter_card":"summary_large_image","twitter_creator":"@diocesecharente","twitter_site":"@diocesecharente","twitter_misc":{"\u00c9crit par":"Marie-No\u00eblle Bouteloup","Dur\u00e9e de lecture estim\u00e9e":"4 minutes"},"schema":{"@context":"https:\/\/schema.org","@graph":[{"@type":"Article","@id":"https:\/\/charente.catholique.fr\/grand-angouleme\/actualites\/homelie-du-quatrieme-dimanche-du-temps-ordinaire-c\/#article","isPartOf":{"@id":"https:\/\/charente.catholique.fr\/grand-angouleme\/actualites\/homelie-du-quatrieme-dimanche-du-temps-ordinaire-c\/"},"author":{"name":"Marie-No\u00eblle Bouteloup","@id":"https:\/\/charente.catholique.fr\/grand-angouleme\/#\/schema\/person\/0bb2e75c546661bf0827c8b4d5d2bcfb"},"headline":"Hom\u00e9lie du P\u00e8re Jacques-Emmanuel 4\u00e8me dimanche du TO Ann\u00e9e C","datePublished":"2022-01-31T14:08:34+00:00","dateModified":"2022-02-02T07:24:06+00:00","mainEntityOfPage":{"@id":"https:\/\/charente.catholique.fr\/grand-angouleme\/actualites\/homelie-du-quatrieme-dimanche-du-temps-ordinaire-c\/"},"wordCount":863,"commentCount":0,"publisher":{"@id":"https:\/\/charente.catholique.fr\/grand-angouleme\/#organization"},"image":{"@id":"https:\/\/charente.catholique.fr\/grand-angouleme\/actualites\/homelie-du-quatrieme-dimanche-du-temps-ordinaire-c\/#primaryimage"},"thumbnailUrl":"https:\/\/charente.catholique.fr\/grand-angouleme\/wp-content\/uploads\/sites\/2\/2022\/01\/pixabay-ancien-testament.jpg","articleSection":["Actualit\u00e9s"],"inLanguage":"fr-FR","potentialAction":[{"@type":"CommentAction","name":"Comment","target":["https:\/\/charente.catholique.fr\/grand-angouleme\/actualites\/homelie-du-quatrieme-dimanche-du-temps-ordinaire-c\/#respond"]}]},{"@type":"WebPage","@id":"https:\/\/charente.catholique.fr\/grand-angouleme\/actualites\/homelie-du-quatrieme-dimanche-du-temps-ordinaire-c\/","url":"https:\/\/charente.catholique.fr\/grand-angouleme\/actualites\/homelie-du-quatrieme-dimanche-du-temps-ordinaire-c\/","name":"Hom\u00e9lie du P\u00e8re Jacques-Emmanuel 4\u00e8me dimanche du TO Ann\u00e9e C - Doyenn\u00e9 Grand Angoul\u00eame","isPartOf":{"@id":"https:\/\/charente.catholique.fr\/grand-angouleme\/#website"},"primaryImageOfPage":{"@id":"https:\/\/charente.catholique.fr\/grand-angouleme\/actualites\/homelie-du-quatrieme-dimanche-du-temps-ordinaire-c\/#primaryimage"},"image":{"@id":"https:\/\/charente.catholique.fr\/grand-angouleme\/actualites\/homelie-du-quatrieme-dimanche-du-temps-ordinaire-c\/#primaryimage"},"thumbnailUrl":"https:\/\/charente.catholique.fr\/grand-angouleme\/wp-content\/uploads\/sites\/2\/2022\/01\/pixabay-ancien-testament.jpg","datePublished":"2022-01-31T14:08:34+00:00","dateModified":"2022-02-02T07:24:06+00:00","breadcrumb":{"@id":"https:\/\/charente.catholique.fr\/grand-angouleme\/actualites\/homelie-du-quatrieme-dimanche-du-temps-ordinaire-c\/#breadcrumb"},"inLanguage":"fr-FR","potentialAction":[{"@type":"ReadAction","target":["https:\/\/charente.catholique.fr\/grand-angouleme\/actualites\/homelie-du-quatrieme-dimanche-du-temps-ordinaire-c\/"]}]},{"@type":"ImageObject","inLanguage":"fr-FR","@id":"https:\/\/charente.catholique.fr\/grand-angouleme\/actualites\/homelie-du-quatrieme-dimanche-du-temps-ordinaire-c\/#primaryimage","url":"https:\/\/charente.catholique.fr\/grand-angouleme\/wp-content\/uploads\/sites\/2\/2022\/01\/pixabay-ancien-testament.jpg","contentUrl":"https:\/\/charente.catholique.fr\/grand-angouleme\/wp-content\/uploads\/sites\/2\/2022\/01\/pixabay-ancien-testament.jpg","width":1920,"height":1257},{"@type":"BreadcrumbList","@id":"https:\/\/charente.catholique.fr\/grand-angouleme\/actualites\/homelie-du-quatrieme-dimanche-du-temps-ordinaire-c\/#breadcrumb","itemListElement":[{"@type":"ListItem","position":1,"name":"Accueil","item":"https:\/\/charente.catholique.fr\/grand-angouleme\/"},{"@type":"ListItem","position":2,"name":"Hom\u00e9lie du P\u00e8re Jacques-Emmanuel 4\u00e8me dimanche du TO Ann\u00e9e C"}]},{"@type":"WebSite","@id":"https:\/\/charente.catholique.fr\/grand-angouleme\/#website","url":"https:\/\/charente.catholique.fr\/grand-angouleme\/","name":"Doyenn\u00e9 Grand Angoul\u00eame - Dioc\u00e8se d'Angoul\u00eame","description":"Dioc\u00e8se d&#039;Angoul\u00eame","publisher":{"@id":"https:\/\/charente.catholique.fr\/grand-angouleme\/#organization"},"potentialAction":[{"@type":"SearchAction","target":{"@type":"EntryPoint","urlTemplate":"https:\/\/charente.catholique.fr\/grand-angouleme\/?s={search_term_string}"},"query-input":{"@type":"PropertyValueSpecification","valueRequired":true,"valueName":"search_term_string"}}],"inLanguage":"fr-FR"},{"@type":"Organization","@id":"https:\/\/charente.catholique.fr\/grand-angouleme\/#organization","name":"Association Dioc\u00e9saine d'Angoul\u00eame","url":"https:\/\/charente.catholique.fr\/grand-angouleme\/","logo":{"@type":"ImageObject","inLanguage":"fr-FR","@id":"https:\/\/charente.catholique.fr\/grand-angouleme\/#\/schema\/logo\/image\/","url":"https:\/\/charente.catholique.fr\/grand-angouleme\/wp-content\/uploads\/sites\/2\/2020\/10\/logos.png","contentUrl":"https:\/\/charente.catholique.fr\/grand-angouleme\/wp-content\/uploads\/sites\/2\/2020\/10\/logos.png","width":600,"height":257,"caption":"Association Dioc\u00e9saine d'Angoul\u00eame"},"image":{"@id":"https:\/\/charente.catholique.fr\/grand-angouleme\/#\/schema\/logo\/image\/"},"sameAs":["https:\/\/www.facebook.com\/EgliseCatholiqueCharente","https:\/\/x.com\/diocesecharente","https:\/\/www.instagram.com\/eglisecharente","https:\/\/www.youtube.com\/channel\/UCByyFWApZbw3gDTiADoiAaQ"]},{"@type":"Person","@id":"https:\/\/charente.catholique.fr\/grand-angouleme\/#\/schema\/person\/0bb2e75c546661bf0827c8b4d5d2bcfb","name":"Marie-No\u00eblle Bouteloup","image":{"@type":"ImageObject","inLanguage":"fr-FR","@id":"https:\/\/charente.catholique.fr\/grand-angouleme\/#\/schema\/person\/image\/","url":"https:\/\/secure.gravatar.com\/avatar\/8b68422c19e9566364992377448eef55989ea1caaedc20a57fe2961c16ed8312?s=96&d=mm&r=g","contentUrl":"https:\/\/secure.gravatar.com\/avatar\/8b68422c19e9566364992377448eef55989ea1caaedc20a57fe2961c16ed8312?s=96&d=mm&r=g","caption":"Marie-No\u00eblle Bouteloup"},"url":"https:\/\/charente.catholique.fr\/grand-angouleme\/author\/mnbouteloup\/"}]}},"_links":{"self":[{"href":"https:\/\/charente.catholique.fr\/grand-angouleme\/wp-json\/wp\/v2\/posts\/8959","targetHints":{"allow":["GET"]}}],"collection":[{"href":"https:\/\/charente.catholique.fr\/grand-angouleme\/wp-json\/wp\/v2\/posts"}],"about":[{"href":"https:\/\/charente.catholique.fr\/grand-angouleme\/wp-json\/wp\/v2\/types\/post"}],"author":[{"embeddable":true,"href":"https:\/\/charente.catholique.fr\/grand-angouleme\/wp-json\/wp\/v2\/users\/13"}],"replies":[{"embeddable":true,"href":"https:\/\/charente.catholique.fr\/grand-angouleme\/wp-json\/wp\/v2\/comments?post=8959"}],"version-history":[{"count":3,"href":"https:\/\/charente.catholique.fr\/grand-angouleme\/wp-json\/wp\/v2\/posts\/8959\/revisions"}],"predecessor-version":[{"id":9023,"href":"https:\/\/charente.catholique.fr\/grand-angouleme\/wp-json\/wp\/v2\/posts\/8959\/revisions\/9023"}],"wp:featuredmedia":[{"embeddable":true,"href":"https:\/\/charente.catholique.fr\/grand-angouleme\/wp-json\/wp\/v2\/media\/9024"}],"wp:attachment":[{"href":"https:\/\/charente.catholique.fr\/grand-angouleme\/wp-json\/wp\/v2\/media?parent=8959"}],"wp:term":[{"taxonomy":"category","embeddable":true,"href":"https:\/\/charente.catholique.fr\/grand-angouleme\/wp-json\/wp\/v2\/categories?post=8959"},{"taxonomy":"post_tag","embeddable":true,"href":"https:\/\/charente.catholique.fr\/grand-angouleme\/wp-json\/wp\/v2\/tags?post=8959"}],"curies":[{"name":"wp","href":"https:\/\/api.w.org\/{rel}","templated":true}]}}