{"id":8686,"date":"2022-02-07T08:06:00","date_gmt":"2022-02-07T07:06:00","guid":{"rendered":"https:\/\/charente.catholique.fr\/grand-angouleme\/?p=8686"},"modified":"2022-02-07T17:58:24","modified_gmt":"2022-02-07T16:58:24","slug":"demarche-synodale-dialogue-eglise-societe","status":"publish","type":"post","link":"https:\/\/charente.catholique.fr\/grand-angouleme\/actualites\/demarche-synodale-dialogue-eglise-societe\/","title":{"rendered":"D\u00e9marches synodales de la paroisse Notre-Dame des Sources"},"content":{"rendered":"\n<h2 class=\"wp-block-heading\">Th\u00e8me 1 : \u00c9couter<\/h2>\n\n\n\n<p>\u00c9couter ce que les paroissiens et paroissiennes de ND des Sources (Isle-d\u2019Espagnac, Ruelle, Magnac, Mornac, Touvre) ont \u00e0 dire \u00e0 leur \u00c9glise.<\/p>\n\n\n\n<div class=\"wp-block-file\"><a href=\"https:\/\/charente.catholique.fr\/grand-angouleme\/wp-content\/uploads\/sites\/2\/2022\/01\/2021-10-17-Assemblee-paroissiale-Ecouter.pdf\">2021-10-17-Assembl\u00e9e paroissiale sur la synodalit\u00e9 &#8220;\u00c9couter&#8221; : r\u00e9ponses individuelle <\/a><a href=\"https:\/\/charente.catholique.fr\/grand-angouleme\/wp-content\/uploads\/sites\/2\/2022\/01\/2021-10-17-Assemblee-paroissiale-Ecouter.pdf\" class=\"wp-block-file__button\" download>T\u00e9l\u00e9charger<\/a><\/div>\n\n\n\n<div class=\"wp-block-file\"><a href=\"https:\/\/charente.catholique.fr\/grand-angouleme\/wp-content\/uploads\/sites\/2\/2022\/01\/2021-10-17-Synodalite-Ecouter.pdf\">2021-10-17-Synodalite-Ecouter : synth\u00e8se des r\u00e9ponses<\/a><a href=\"https:\/\/charente.catholique.fr\/grand-angouleme\/wp-content\/uploads\/sites\/2\/2022\/01\/2021-10-17-Synodalite-Ecouter.pdf\" class=\"wp-block-file__button\" download>T\u00e9l\u00e9charger<\/a><\/div>\n\n\n\n<h2 class=\"wp-block-heading\">Th\u00e8me 2 : Dialogue \u00c9glise-Soci\u00e9t\u00e9<\/h2>\n\n\n\n<p>Qu\u2019est-ce que la Soci\u00e9t\u00e9 a \u00e0 apporter \u00e0 l\u2019\u00c9glise&nbsp;? et qu\u2019est-ce que l\u2019\u00c9glise a \u00e0 apporter \u00e0 la soci\u00e9t\u00e9&nbsp;? Les paroissiens de ND des Sources (Isle-d\u2019Espagnac, Ruelle, Magnac, Mornac, Touvre) r\u00e9pondent.<\/p>\n\n\n\n<div class=\"wp-block-file\"><a href=\"https:\/\/charente.catholique.fr\/grand-angouleme\/wp-content\/uploads\/sites\/2\/2022\/01\/2021-12-12-synodalite-dialogue-eglise-societe.pdf\">2021-12-12 Synodalit\u00e9 Dialogue Eglise Soci\u00e9t\u00e9 : synth\u00e8se des r\u00e9ponses<\/a><a href=\"https:\/\/charente.catholique.fr\/grand-angouleme\/wp-content\/uploads\/sites\/2\/2022\/01\/2021-12-12-synodalite-dialogue-eglise-societe.pdf\" class=\"wp-block-file__button\" download>T\u00e9l\u00e9charger<\/a><\/div>\n\n\n\n<div class=\"wp-block-file\"><a href=\"https:\/\/charente.catholique.fr\/grand-angouleme\/wp-content\/uploads\/sites\/2\/2022\/01\/2021-12-12-assemblee-paroissiale.pdf\">2021-12-12 Assembl\u00e9e paroissiale sur la synodalit\u00e9 &#8220;Dialogue \u00c9glise-Soci\u00e9t\u00e9&#8221; : r\u00e9ponses individuelles<\/a><a href=\"https:\/\/charente.catholique.fr\/grand-angouleme\/wp-content\/uploads\/sites\/2\/2022\/01\/2021-12-12-assemblee-paroissiale.pdf\" class=\"wp-block-file__button\" download>T\u00e9l\u00e9charger<\/a><\/div>\n\n\n\n<h2 class=\"wp-block-heading\">Th\u00e8me 3 : Coresponsabilit\u00e9 dans la mission<\/h2>\n\n\n\n<p>Qu\u2019est-ce que je peux apporter \u00e0 la communaut\u00e9 et \u00e0 l\u2019\u00c9glise ? Qu\u2019est-ce que la communaut\u00e9 et l\u2019\u00c9glise peuvent m\u2019apporter ? Les paroissiens de ND des Sources (Isle-d\u2019Espagnac, Ruelle, Magnac, Mornac, Touvre) r\u00e9pondent.<\/p>\n\n\n\n<div class=\"wp-block-file\"><a href=\"https:\/\/charente.catholique.fr\/grand-angouleme\/wp-content\/uploads\/sites\/2\/2022\/01\/2022-01-16-Assemblee-paroissiale-Coresponsabilite.pdf\">2022-01-16-Assemblee-paroissiale-Coresponsabilite<\/a><a href=\"https:\/\/charente.catholique.fr\/grand-angouleme\/wp-content\/uploads\/sites\/2\/2022\/01\/2022-01-16-Assemblee-paroissiale-Coresponsabilite.pdf\" class=\"wp-block-file__button\" download>T\u00e9l\u00e9charger<\/a><\/div>\n\n\n\n<div class=\"wp-block-file\"><a href=\"https:\/\/charente.catholique.fr\/grand-angouleme\/wp-content\/uploads\/sites\/2\/2022\/02\/2022-01-16-Synodalite-Coresponsabilite.pdf\">2022-01-16-Synodalite-Coresponsabilite<\/a><a href=\"https:\/\/charente.catholique.fr\/grand-angouleme\/wp-content\/uploads\/sites\/2\/2022\/02\/2022-01-16-Synodalite-Coresponsabilite.pdf\" class=\"wp-block-file__button\" download>T\u00e9l\u00e9charger<\/a><\/div>\n","protected":false},"excerpt":{"rendered":"<p>Th\u00e8me 1 : \u00c9couter \u00c9couter ce que les paroissiens et paroissiennes de ND des Sources (Isle-d\u2019Espagnac, Ruelle, Magnac, Mornac, Touvre) ont \u00e0 dire \u00e0 leur \u00c9glise. Th\u00e8me 2 : Dialogue \u00c9glise-Soci\u00e9t\u00e9 Qu\u2019est-ce que la Soci\u00e9t\u00e9 a \u00e0 apporter \u00e0 l\u2019\u00c9glise&nbsp;? et qu\u2019est-ce que l\u2019\u00c9glise a \u00e0 apporter \u00e0 la soci\u00e9t\u00e9&nbsp;? Les paroissiens de ND des [&hellip;]<\/p>\n","protected":false},"author":27,"featured_media":7139,"comment_status":"open","ping_status":"open","sticky":false,"template":"","format":"standard","meta":{"_acf_changed":false,"paroisse":["7"],"service":["0"],"footnotes":""},"categories":[1],"tags":[],"class_list":["post-8686","post","type-post","status-publish","format-standard","has-post-thumbnail","hentry","category-actualites"],"acf":[],"yoast_head":"<!-- This site is optimized with the Yoast SEO plugin v27.1.1 - https:\/\/yoast.com\/product\/yoast-seo-wordpress\/ -->\n<title>D\u00e9marches synodales de la paroisse Notre-Dame des Sources - Doyenn\u00e9 Grand Angoul\u00eame<\/title>\n<meta name=\"robots\" content=\"index, follow, max-snippet:-1, max-image-preview:large, max-video-preview:-1\" \/>\n<link rel=\"canonical\" href=\"https:\/\/charente.catholique.fr\/grand-angouleme\/actualites\/demarche-synodale-dialogue-eglise-societe\/\" \/>\n<meta property=\"og:locale\" content=\"fr_FR\" \/>\n<meta property=\"og:type\" content=\"article\" \/>\n<meta property=\"og:title\" content=\"D\u00e9marches synodales de la paroisse Notre-Dame des Sources - Doyenn\u00e9 Grand Angoul\u00eame\" \/>\n<meta property=\"og:description\" content=\"Th\u00e8me 1 : \u00c9couter \u00c9couter ce que les paroissiens et paroissiennes de ND des Sources (Isle-d\u2019Espagnac, Ruelle, Magnac, Mornac, Touvre) ont \u00e0 dire \u00e0 leur \u00c9glise. Th\u00e8me 2 : Dialogue \u00c9glise-Soci\u00e9t\u00e9 Qu\u2019est-ce que la Soci\u00e9t\u00e9 a \u00e0 apporter \u00e0 l\u2019\u00c9glise&nbsp;? et qu\u2019est-ce que l\u2019\u00c9glise a \u00e0 apporter \u00e0 la soci\u00e9t\u00e9&nbsp;? Les paroissiens de ND des [&hellip;]\" \/>\n<meta property=\"og:url\" content=\"https:\/\/charente.catholique.fr\/grand-angouleme\/actualites\/demarche-synodale-dialogue-eglise-societe\/\" \/>\n<meta property=\"og:site_name\" content=\"Doyenn\u00e9 Grand Angoul\u00eame\" \/>\n<meta property=\"article:publisher\" content=\"https:\/\/www.facebook.com\/EgliseCatholiqueCharente\" \/>\n<meta property=\"article:published_time\" content=\"2022-02-07T07:06:00+00:00\" \/>\n<meta property=\"article:modified_time\" content=\"2022-02-07T16:58:24+00:00\" \/>\n<meta property=\"og:image\" content=\"https:\/\/charente.catholique.fr\/grand-angouleme\/wp-content\/uploads\/sites\/2\/2021\/10\/synode__logo__bat__cmjn_francais-scaled-1.jpg\" \/>\n\t<meta property=\"og:image:width\" content=\"2560\" \/>\n\t<meta property=\"og:image:height\" content=\"2560\" \/>\n\t<meta property=\"og:image:type\" content=\"image\/jpeg\" \/>\n<meta name=\"author\" content=\"Yolande Lallemand\" \/>\n<meta name=\"twitter:card\" content=\"summary_large_image\" \/>\n<meta name=\"twitter:creator\" content=\"@diocesecharente\" \/>\n<meta name=\"twitter:site\" content=\"@diocesecharente\" \/>\n<meta name=\"twitter:label1\" content=\"\u00c9crit par\" \/>\n\t<meta name=\"twitter:data1\" content=\"Yolande Lallemand\" \/>\n\t<meta name=\"twitter:label2\" content=\"Dur\u00e9e de lecture estim\u00e9e\" \/>\n\t<meta name=\"twitter:data2\" content=\"1 minute\" \/>\n<script type=\"application\/ld+json\" class=\"yoast-schema-graph\">{\"@context\":\"https:\/\/schema.org\",\"@graph\":[{\"@type\":\"Article\",\"@id\":\"https:\/\/charente.catholique.fr\/grand-angouleme\/actualites\/demarche-synodale-dialogue-eglise-societe\/#article\",\"isPartOf\":{\"@id\":\"https:\/\/charente.catholique.fr\/grand-angouleme\/actualites\/demarche-synodale-dialogue-eglise-societe\/\"},\"author\":{\"name\":\"Yolande Lallemand\",\"@id\":\"https:\/\/charente.catholique.fr\/grand-angouleme\/#\/schema\/person\/f47795cb7efbd537deea624c9ff372d5\"},\"headline\":\"D\u00e9marches synodales de la paroisse Notre-Dame des Sources\",\"datePublished\":\"2022-02-07T07:06:00+00:00\",\"dateModified\":\"2022-02-07T16:58:24+00:00\",\"mainEntityOfPage\":{\"@id\":\"https:\/\/charente.catholique.fr\/grand-angouleme\/actualites\/demarche-synodale-dialogue-eglise-societe\/\"},\"wordCount\":187,\"commentCount\":0,\"publisher\":{\"@id\":\"https:\/\/charente.catholique.fr\/grand-angouleme\/#organization\"},\"image\":{\"@id\":\"https:\/\/charente.catholique.fr\/grand-angouleme\/actualites\/demarche-synodale-dialogue-eglise-societe\/#primaryimage\"},\"thumbnailUrl\":\"https:\/\/charente.catholique.fr\/grand-angouleme\/wp-content\/uploads\/sites\/2\/2021\/10\/synode__logo__bat__cmjn_francais-scaled-1.jpg\",\"articleSection\":[\"Actualit\u00e9s\"],\"inLanguage\":\"fr-FR\",\"potentialAction\":[{\"@type\":\"CommentAction\",\"name\":\"Comment\",\"target\":[\"https:\/\/charente.catholique.fr\/grand-angouleme\/actualites\/demarche-synodale-dialogue-eglise-societe\/#respond\"]}]},{\"@type\":\"WebPage\",\"@id\":\"https:\/\/charente.catholique.fr\/grand-angouleme\/actualites\/demarche-synodale-dialogue-eglise-societe\/\",\"url\":\"https:\/\/charente.catholique.fr\/grand-angouleme\/actualites\/demarche-synodale-dialogue-eglise-societe\/\",\"name\":\"D\u00e9marches synodales de la paroisse Notre-Dame des Sources - Doyenn\u00e9 Grand Angoul\u00eame\",\"isPartOf\":{\"@id\":\"https:\/\/charente.catholique.fr\/grand-angouleme\/#website\"},\"primaryImageOfPage\":{\"@id\":\"https:\/\/charente.catholique.fr\/grand-angouleme\/actualites\/demarche-synodale-dialogue-eglise-societe\/#primaryimage\"},\"image\":{\"@id\":\"https:\/\/charente.catholique.fr\/grand-angouleme\/actualites\/demarche-synodale-dialogue-eglise-societe\/#primaryimage\"},\"thumbnailUrl\":\"https:\/\/charente.catholique.fr\/grand-angouleme\/wp-content\/uploads\/sites\/2\/2021\/10\/synode__logo__bat__cmjn_francais-scaled-1.jpg\",\"datePublished\":\"2022-02-07T07:06:00+00:00\",\"dateModified\":\"2022-02-07T16:58:24+00:00\",\"breadcrumb\":{\"@id\":\"https:\/\/charente.catholique.fr\/grand-angouleme\/actualites\/demarche-synodale-dialogue-eglise-societe\/#breadcrumb\"},\"inLanguage\":\"fr-FR\",\"potentialAction\":[{\"@type\":\"ReadAction\",\"target\":[\"https:\/\/charente.catholique.fr\/grand-angouleme\/actualites\/demarche-synodale-dialogue-eglise-societe\/\"]}]},{\"@type\":\"ImageObject\",\"inLanguage\":\"fr-FR\",\"@id\":\"https:\/\/charente.catholique.fr\/grand-angouleme\/actualites\/demarche-synodale-dialogue-eglise-societe\/#primaryimage\",\"url\":\"https:\/\/charente.catholique.fr\/grand-angouleme\/wp-content\/uploads\/sites\/2\/2021\/10\/synode__logo__bat__cmjn_francais-scaled-1.jpg\",\"contentUrl\":\"https:\/\/charente.catholique.fr\/grand-angouleme\/wp-content\/uploads\/sites\/2\/2021\/10\/synode__logo__bat__cmjn_francais-scaled-1.jpg\",\"width\":2560,\"height\":2560},{\"@type\":\"BreadcrumbList\",\"@id\":\"https:\/\/charente.catholique.fr\/grand-angouleme\/actualites\/demarche-synodale-dialogue-eglise-societe\/#breadcrumb\",\"itemListElement\":[{\"@type\":\"ListItem\",\"position\":1,\"name\":\"Accueil\",\"item\":\"https:\/\/charente.catholique.fr\/grand-angouleme\/\"},{\"@type\":\"ListItem\",\"position\":2,\"name\":\"D\u00e9marches synodales de la paroisse Notre-Dame des Sources\"}]},{\"@type\":\"WebSite\",\"@id\":\"https:\/\/charente.catholique.fr\/grand-angouleme\/#website\",\"url\":\"https:\/\/charente.catholique.fr\/grand-angouleme\/\",\"name\":\"Doyenn\u00e9 Grand Angoul\u00eame - Dioc\u00e8se d'Angoul\u00eame\",\"description\":\"Dioc\u00e8se d&#039;Angoul\u00eame\",\"publisher\":{\"@id\":\"https:\/\/charente.catholique.fr\/grand-angouleme\/#organization\"},\"potentialAction\":[{\"@type\":\"SearchAction\",\"target\":{\"@type\":\"EntryPoint\",\"urlTemplate\":\"https:\/\/charente.catholique.fr\/grand-angouleme\/?s={search_term_string}\"},\"query-input\":{\"@type\":\"PropertyValueSpecification\",\"valueRequired\":true,\"valueName\":\"search_term_string\"}}],\"inLanguage\":\"fr-FR\"},{\"@type\":\"Organization\",\"@id\":\"https:\/\/charente.catholique.fr\/grand-angouleme\/#organization\",\"name\":\"Association Dioc\u00e9saine d'Angoul\u00eame\",\"url\":\"https:\/\/charente.catholique.fr\/grand-angouleme\/\",\"logo\":{\"@type\":\"ImageObject\",\"inLanguage\":\"fr-FR\",\"@id\":\"https:\/\/charente.catholique.fr\/grand-angouleme\/#\/schema\/logo\/image\/\",\"url\":\"https:\/\/charente.catholique.fr\/grand-angouleme\/wp-content\/uploads\/sites\/2\/2020\/10\/logos.png\",\"contentUrl\":\"https:\/\/charente.catholique.fr\/grand-angouleme\/wp-content\/uploads\/sites\/2\/2020\/10\/logos.png\",\"width\":600,\"height\":257,\"caption\":\"Association Dioc\u00e9saine d'Angoul\u00eame\"},\"image\":{\"@id\":\"https:\/\/charente.catholique.fr\/grand-angouleme\/#\/schema\/logo\/image\/\"},\"sameAs\":[\"https:\/\/www.facebook.com\/EgliseCatholiqueCharente\",\"https:\/\/x.com\/diocesecharente\",\"https:\/\/www.instagram.com\/eglisecharente\",\"https:\/\/www.youtube.com\/channel\/UCByyFWApZbw3gDTiADoiAaQ\"]},{\"@type\":\"Person\",\"@id\":\"https:\/\/charente.catholique.fr\/grand-angouleme\/#\/schema\/person\/f47795cb7efbd537deea624c9ff372d5\",\"name\":\"Yolande Lallemand\",\"image\":{\"@type\":\"ImageObject\",\"inLanguage\":\"fr-FR\",\"@id\":\"https:\/\/charente.catholique.fr\/grand-angouleme\/#\/schema\/person\/image\/\",\"url\":\"https:\/\/secure.gravatar.com\/avatar\/b5430949ac2d70ed67fb7aab0981e95c9dc9b76f2593de091ab69d1eb540a1b5?s=96&d=mm&r=g\",\"contentUrl\":\"https:\/\/secure.gravatar.com\/avatar\/b5430949ac2d70ed67fb7aab0981e95c9dc9b76f2593de091ab69d1eb540a1b5?s=96&d=mm&r=g\",\"caption\":\"Yolande Lallemand\"},\"url\":\"https:\/\/charente.catholique.fr\/grand-angouleme\/author\/yolandelallemand\/\"}]}<\/script>\n<!-- \/ Yoast SEO plugin. -->","yoast_head_json":{"title":"D\u00e9marches synodales de la paroisse Notre-Dame des Sources - Doyenn\u00e9 Grand Angoul\u00eame","robots":{"index":"index","follow":"follow","max-snippet":"max-snippet:-1","max-image-preview":"max-image-preview:large","max-video-preview":"max-video-preview:-1"},"canonical":"https:\/\/charente.catholique.fr\/grand-angouleme\/actualites\/demarche-synodale-dialogue-eglise-societe\/","og_locale":"fr_FR","og_type":"article","og_title":"D\u00e9marches synodales de la paroisse Notre-Dame des Sources - Doyenn\u00e9 Grand Angoul\u00eame","og_description":"Th\u00e8me 1 : \u00c9couter \u00c9couter ce que les paroissiens et paroissiennes de ND des Sources (Isle-d\u2019Espagnac, Ruelle, Magnac, Mornac, Touvre) ont \u00e0 dire \u00e0 leur \u00c9glise. Th\u00e8me 2 : Dialogue \u00c9glise-Soci\u00e9t\u00e9 Qu\u2019est-ce que la Soci\u00e9t\u00e9 a \u00e0 apporter \u00e0 l\u2019\u00c9glise&nbsp;? et qu\u2019est-ce que l\u2019\u00c9glise a \u00e0 apporter \u00e0 la soci\u00e9t\u00e9&nbsp;? Les paroissiens de ND des [&hellip;]","og_url":"https:\/\/charente.catholique.fr\/grand-angouleme\/actualites\/demarche-synodale-dialogue-eglise-societe\/","og_site_name":"Doyenn\u00e9 Grand Angoul\u00eame","article_publisher":"https:\/\/www.facebook.com\/EgliseCatholiqueCharente","article_published_time":"2022-02-07T07:06:00+00:00","article_modified_time":"2022-02-07T16:58:24+00:00","og_image":[{"width":2560,"height":2560,"url":"https:\/\/charente.catholique.fr\/grand-angouleme\/wp-content\/uploads\/sites\/2\/2021\/10\/synode__logo__bat__cmjn_francais-scaled-1.jpg","type":"image\/jpeg"}],"author":"Yolande Lallemand","twitter_card":"summary_large_image","twitter_creator":"@diocesecharente","twitter_site":"@diocesecharente","twitter_misc":{"\u00c9crit par":"Yolande Lallemand","Dur\u00e9e de lecture estim\u00e9e":"1 minute"},"schema":{"@context":"https:\/\/schema.org","@graph":[{"@type":"Article","@id":"https:\/\/charente.catholique.fr\/grand-angouleme\/actualites\/demarche-synodale-dialogue-eglise-societe\/#article","isPartOf":{"@id":"https:\/\/charente.catholique.fr\/grand-angouleme\/actualites\/demarche-synodale-dialogue-eglise-societe\/"},"author":{"name":"Yolande Lallemand","@id":"https:\/\/charente.catholique.fr\/grand-angouleme\/#\/schema\/person\/f47795cb7efbd537deea624c9ff372d5"},"headline":"D\u00e9marches synodales de la paroisse Notre-Dame des Sources","datePublished":"2022-02-07T07:06:00+00:00","dateModified":"2022-02-07T16:58:24+00:00","mainEntityOfPage":{"@id":"https:\/\/charente.catholique.fr\/grand-angouleme\/actualites\/demarche-synodale-dialogue-eglise-societe\/"},"wordCount":187,"commentCount":0,"publisher":{"@id":"https:\/\/charente.catholique.fr\/grand-angouleme\/#organization"},"image":{"@id":"https:\/\/charente.catholique.fr\/grand-angouleme\/actualites\/demarche-synodale-dialogue-eglise-societe\/#primaryimage"},"thumbnailUrl":"https:\/\/charente.catholique.fr\/grand-angouleme\/wp-content\/uploads\/sites\/2\/2021\/10\/synode__logo__bat__cmjn_francais-scaled-1.jpg","articleSection":["Actualit\u00e9s"],"inLanguage":"fr-FR","potentialAction":[{"@type":"CommentAction","name":"Comment","target":["https:\/\/charente.catholique.fr\/grand-angouleme\/actualites\/demarche-synodale-dialogue-eglise-societe\/#respond"]}]},{"@type":"WebPage","@id":"https:\/\/charente.catholique.fr\/grand-angouleme\/actualites\/demarche-synodale-dialogue-eglise-societe\/","url":"https:\/\/charente.catholique.fr\/grand-angouleme\/actualites\/demarche-synodale-dialogue-eglise-societe\/","name":"D\u00e9marches synodales de la paroisse Notre-Dame des Sources - Doyenn\u00e9 Grand Angoul\u00eame","isPartOf":{"@id":"https:\/\/charente.catholique.fr\/grand-angouleme\/#website"},"primaryImageOfPage":{"@id":"https:\/\/charente.catholique.fr\/grand-angouleme\/actualites\/demarche-synodale-dialogue-eglise-societe\/#primaryimage"},"image":{"@id":"https:\/\/charente.catholique.fr\/grand-angouleme\/actualites\/demarche-synodale-dialogue-eglise-societe\/#primaryimage"},"thumbnailUrl":"https:\/\/charente.catholique.fr\/grand-angouleme\/wp-content\/uploads\/sites\/2\/2021\/10\/synode__logo__bat__cmjn_francais-scaled-1.jpg","datePublished":"2022-02-07T07:06:00+00:00","dateModified":"2022-02-07T16:58:24+00:00","breadcrumb":{"@id":"https:\/\/charente.catholique.fr\/grand-angouleme\/actualites\/demarche-synodale-dialogue-eglise-societe\/#breadcrumb"},"inLanguage":"fr-FR","potentialAction":[{"@type":"ReadAction","target":["https:\/\/charente.catholique.fr\/grand-angouleme\/actualites\/demarche-synodale-dialogue-eglise-societe\/"]}]},{"@type":"ImageObject","inLanguage":"fr-FR","@id":"https:\/\/charente.catholique.fr\/grand-angouleme\/actualites\/demarche-synodale-dialogue-eglise-societe\/#primaryimage","url":"https:\/\/charente.catholique.fr\/grand-angouleme\/wp-content\/uploads\/sites\/2\/2021\/10\/synode__logo__bat__cmjn_francais-scaled-1.jpg","contentUrl":"https:\/\/charente.catholique.fr\/grand-angouleme\/wp-content\/uploads\/sites\/2\/2021\/10\/synode__logo__bat__cmjn_francais-scaled-1.jpg","width":2560,"height":2560},{"@type":"BreadcrumbList","@id":"https:\/\/charente.catholique.fr\/grand-angouleme\/actualites\/demarche-synodale-dialogue-eglise-societe\/#breadcrumb","itemListElement":[{"@type":"ListItem","position":1,"name":"Accueil","item":"https:\/\/charente.catholique.fr\/grand-angouleme\/"},{"@type":"ListItem","position":2,"name":"D\u00e9marches synodales de la paroisse Notre-Dame des Sources"}]},{"@type":"WebSite","@id":"https:\/\/charente.catholique.fr\/grand-angouleme\/#website","url":"https:\/\/charente.catholique.fr\/grand-angouleme\/","name":"Doyenn\u00e9 Grand Angoul\u00eame - Dioc\u00e8se d'Angoul\u00eame","description":"Dioc\u00e8se d&#039;Angoul\u00eame","publisher":{"@id":"https:\/\/charente.catholique.fr\/grand-angouleme\/#organization"},"potentialAction":[{"@type":"SearchAction","target":{"@type":"EntryPoint","urlTemplate":"https:\/\/charente.catholique.fr\/grand-angouleme\/?s={search_term_string}"},"query-input":{"@type":"PropertyValueSpecification","valueRequired":true,"valueName":"search_term_string"}}],"inLanguage":"fr-FR"},{"@type":"Organization","@id":"https:\/\/charente.catholique.fr\/grand-angouleme\/#organization","name":"Association Dioc\u00e9saine d'Angoul\u00eame","url":"https:\/\/charente.catholique.fr\/grand-angouleme\/","logo":{"@type":"ImageObject","inLanguage":"fr-FR","@id":"https:\/\/charente.catholique.fr\/grand-angouleme\/#\/schema\/logo\/image\/","url":"https:\/\/charente.catholique.fr\/grand-angouleme\/wp-content\/uploads\/sites\/2\/2020\/10\/logos.png","contentUrl":"https:\/\/charente.catholique.fr\/grand-angouleme\/wp-content\/uploads\/sites\/2\/2020\/10\/logos.png","width":600,"height":257,"caption":"Association Dioc\u00e9saine d'Angoul\u00eame"},"image":{"@id":"https:\/\/charente.catholique.fr\/grand-angouleme\/#\/schema\/logo\/image\/"},"sameAs":["https:\/\/www.facebook.com\/EgliseCatholiqueCharente","https:\/\/x.com\/diocesecharente","https:\/\/www.instagram.com\/eglisecharente","https:\/\/www.youtube.com\/channel\/UCByyFWApZbw3gDTiADoiAaQ"]},{"@type":"Person","@id":"https:\/\/charente.catholique.fr\/grand-angouleme\/#\/schema\/person\/f47795cb7efbd537deea624c9ff372d5","name":"Yolande Lallemand","image":{"@type":"ImageObject","inLanguage":"fr-FR","@id":"https:\/\/charente.catholique.fr\/grand-angouleme\/#\/schema\/person\/image\/","url":"https:\/\/secure.gravatar.com\/avatar\/b5430949ac2d70ed67fb7aab0981e95c9dc9b76f2593de091ab69d1eb540a1b5?s=96&d=mm&r=g","contentUrl":"https:\/\/secure.gravatar.com\/avatar\/b5430949ac2d70ed67fb7aab0981e95c9dc9b76f2593de091ab69d1eb540a1b5?s=96&d=mm&r=g","caption":"Yolande Lallemand"},"url":"https:\/\/charente.catholique.fr\/grand-angouleme\/author\/yolandelallemand\/"}]}},"_links":{"self":[{"href":"https:\/\/charente.catholique.fr\/grand-angouleme\/wp-json\/wp\/v2\/posts\/8686","targetHints":{"allow":["GET"]}}],"collection":[{"href":"https:\/\/charente.catholique.fr\/grand-angouleme\/wp-json\/wp\/v2\/posts"}],"about":[{"href":"https:\/\/charente.catholique.fr\/grand-angouleme\/wp-json\/wp\/v2\/types\/post"}],"author":[{"embeddable":true,"href":"https:\/\/charente.catholique.fr\/grand-angouleme\/wp-json\/wp\/v2\/users\/27"}],"replies":[{"embeddable":true,"href":"https:\/\/charente.catholique.fr\/grand-angouleme\/wp-json\/wp\/v2\/comments?post=8686"}],"version-history":[{"count":6,"href":"https:\/\/charente.catholique.fr\/grand-angouleme\/wp-json\/wp\/v2\/posts\/8686\/revisions"}],"predecessor-version":[{"id":9061,"href":"https:\/\/charente.catholique.fr\/grand-angouleme\/wp-json\/wp\/v2\/posts\/8686\/revisions\/9061"}],"wp:featuredmedia":[{"embeddable":true,"href":"https:\/\/charente.catholique.fr\/grand-angouleme\/wp-json\/wp\/v2\/media\/7139"}],"wp:attachment":[{"href":"https:\/\/charente.catholique.fr\/grand-angouleme\/wp-json\/wp\/v2\/media?parent=8686"}],"wp:term":[{"taxonomy":"category","embeddable":true,"href":"https:\/\/charente.catholique.fr\/grand-angouleme\/wp-json\/wp\/v2\/categories?post=8686"},{"taxonomy":"post_tag","embeddable":true,"href":"https:\/\/charente.catholique.fr\/grand-angouleme\/wp-json\/wp\/v2\/tags?post=8686"}],"curies":[{"name":"wp","href":"https:\/\/api.w.org\/{rel}","templated":true}]}}