{"id":8181,"date":"2022-01-19T08:00:00","date_gmt":"2022-01-19T07:00:00","guid":{"rendered":"https:\/\/charente.catholique.fr\/grand-angouleme\/?p=8181"},"modified":"2022-02-04T08:12:39","modified_gmt":"2022-02-04T07:12:39","slug":"doyenne-grand-angouleme-synode-et-rapport-de-la-ciase","status":"publish","type":"post","link":"https:\/\/charente.catholique.fr\/grand-angouleme\/actualites\/doyenne-grand-angouleme-synode-et-rapport-de-la-ciase\/","title":{"rendered":"SYNODE ET RAPPORT DE LA CIASE : Mot du Doyen"},"content":{"rendered":"\n<figure class=\"wp-block-pullquote\"><blockquote><p><strong><em>Avent 2021&nbsp;: le temps des remises en question<\/em><\/strong><\/p><p>Mot du Doyen<\/p><\/blockquote><\/figure>\n\n\n\n<p>L\u2019Eglise connait une fin d\u2019ann\u00e9e 2021 dure et douloureuse. Le rapport de la Ciase met sous les yeux de chacun les crimes et les disfonctionnements de notre Eglise depuis trop longtemps. Nous avons tous \u00e9t\u00e9 pein\u00e9 de voir \u00e0 quel point l\u2019institution \u00e9tait enferr\u00e9e dans ses principes et ses contradictions qui ont fait tant de mal&nbsp;!<\/p>\n\n\n\n<p>Beaucoup d\u2019entre nous ont pris connaissance du rapport de la Ciase et de ses 45 recommandations. Plusieurs pr\u00eatres du dioc\u00e8se et bien des Chr\u00e9tiens de nos communaut\u00e9s paroissiales de l\u2019agglom\u00e9ration d\u2019Angoul\u00eame sont convaincus que ce rapport r\u00e9aliste est l\u2019occasion qui nous est donn\u00e9e de r\u00e9agir afin que l\u2019institution eccl\u00e9siale sorte de cette impasse. Si elle n\u2019en tire pas les conclusions attendues, l\u2019Eglise risque de se recroqueviller encore plus sur quelques certitudes inadapt\u00e9es aux d\u00e9fis de notre temps.<\/p>\n\n\n\n<p>Le pape a ouvert en octobre un synode consultant tous les dioc\u00e8ses et toutes les communaut\u00e9s pour exprimer le besoin de renouvellement pour vivre de l\u2019Evangile et faire \u00e9voluer l\u2019Eglise qui porte cette Bonne nouvelle pour tous&nbsp;! Saisissons-nous de cette occasion.<\/p>\n\n\n\n<p>Plusieurs pr\u00e9conisations de la Ciase vont dans le sens de ce que nous entendons dans bien des consultations et prises de paroles de Catholiques de Charente. Je retiendrais les recommandations structurelles concernant l\u2019Eglise universelle (les autres \u00e9tant principalement li\u00e9es aux proc\u00e9dures et pr\u00e9ventions des situations incrimin\u00e9es). J\u2019essaie de retenir une id\u00e9e dominante dans chaque num\u00e9ro des pr\u00e9conisations concern\u00e9es&nbsp;:<\/p>\n\n\n\n<ul class=\"wp-block-list\"><li>Identifier toute forme d\u2019abus de pouvoir pour les corriger (n\u00b0 3)<\/li><li>Ordination d\u2019hommes mari\u00e9s (cf. I\u00e8re Lettre de Paul \u00e0 Timoth\u00e9e et Lettre \u00e0 Tite) (n\u00b0 4)<\/li><li>Contr\u00f4le effectif de la hi\u00e9rarchie catholique (n\u00b05)<\/li><li>Toujours faire droit \u00e0 la conscience dans le discernement (n\u00b06)<\/li><li>Enseignement salutaire et lib\u00e9rateur de l\u2019Evangile (m\u00e9thode historico-critique de lecture des textes) (n\u00b07)<\/li><li>Clarifier le sacrement de r\u00e9conciliation et le r\u00f4le du pardon (n\u00b08)<\/li><li>Primaut\u00e9 des personnes sur le sacrement qui est \u00e0 leur service (n\u00b09)<\/li><li>Place de la personne victime dans l\u2019enseignement de l\u2019Eglise (n\u00b010)<\/li><li>Recontextualiser l\u2019existant en mati\u00e8re de morale sexuelle dans l\u2019Eglise (n\u00b011)<\/li><li>Reconnaitre la responsabilit\u00e9 syst\u00e9mique de l\u2019Eglise sur ces crimes (n\u00b024)<\/li><li>Passer au crible la constitution hi\u00e9rarchique de l\u2019Eglise sur sa compr\u00e9hension d\u2019elle-m\u00eame (n\u00b034)<\/li><li>La\u00efcs et femmes en particulier dans les sph\u00e8res d\u00e9cisionnelles de l\u2019Eglise (n\u00b036)<\/li><li>Revoir la formation et l\u2019accompagnement des pr\u00eatres (s\u00e9minaires) (n\u00b044)<\/li><\/ul>\n\n\n\n<p>A nous maintenant de travailler et de fonder th\u00e9ologiquement et scripturairement ces propositions qui font pleinement partie de la grande tradition de l\u2019Eglise. Cela afin de pouvoir les mettre rapidement en pratique. Il est clair aussi que ces \u00e9volutions n\u00e9cessaires pour l\u2019Eglise universelle, rel\u00e8veront ensuite logiquement d\u2019un nouveau concile dans la suite du synode de consultation ouvert en octobre 2021 par le pape dans tous les dioc\u00e8ses. Si toutes fois l\u2019Eglise veut vraiment ces transformations.<\/p>\n\n\n\n<p>Nous retrouvons dans toutes ces recommandations ce que nous avons souvent d\u00e9j\u00e0 lu dans bien des livres depuis une bonne dizaine d\u2019ann\u00e9es&nbsp;: \u00ab&nbsp;Confessions d\u2019un cardinal&nbsp;\u00bb, \u00ab&nbsp;Peut-on encore sauver l\u2019Eglise&nbsp;\u00bb de Hans K\u00fcng, \u00ab&nbsp;Faut-il faire Vatican III&nbsp;?&nbsp;\u00bb de Christine P\u00e9doti, \u00ab&nbsp;L\u2019Eglise va-t-elle dispara\u00eetre&nbsp;?&nbsp;\u00bb de Jean-Claude Barreau, \u00abConfession de Mgr X&nbsp;\u00bb, etc, ou m\u00eame encore l\u2019ann\u00e9e derni\u00e8re \u00ab&nbsp;Transformer l\u2019Eglise&nbsp;\u00bb d\u2019Herv\u00e9 Legrand. Autant d\u2019\u00e9crits devant lesquels l\u2019institution a fait la sourde oreille. Oui, je crois qu\u2019il serait dramatique pour l\u2019Eglise de ne pas entendre cet appel et de ne pas saisir cette main tendue. &nbsp;Cela d\u00e9pend de nous tous, en synode, c\u2019est-\u00e0-dire pour faire \u00ab&nbsp;route ensemble&nbsp;\u00bb. Avec le Christ le discernement du Bien et du Mal d\u00e9pend de chacun, nous ne sommes plus sous la mal\u00e9diction de la faute originelle&nbsp;: dans l\u2019\u00e9vangile le figuier (qui repr\u00e9sente l\u2019arbre de la connaissance) refleurit. A nous d\u2019exercer notre libre responsabilit\u00e9 de Chr\u00e9tien pour le bien du plus grand nombre. &nbsp;&nbsp;<\/p>\n\n\n\n<p><em>Laurent Maurin, doyen du Grand-Angoul\u00eame<\/em><\/p>\n\n\n\n<p><em>Le 6 d\u00e9cembre 2021<\/em><\/p>\n","protected":false},"excerpt":{"rendered":"<p>Avent 2021&nbsp;: le temps des remises en question Mot du Doyen L\u2019Eglise connait une fin d\u2019ann\u00e9e 2021 dure et douloureuse. Le rapport de la Ciase met sous les yeux de chacun les crimes et les disfonctionnements de notre Eglise depuis trop longtemps. Nous avons tous \u00e9t\u00e9 pein\u00e9 de voir \u00e0 quel point l\u2019institution \u00e9tait enferr\u00e9e [&hellip;]<\/p>\n","protected":false},"author":13,"featured_media":8720,"comment_status":"open","ping_status":"open","sticky":false,"template":"","format":"standard","meta":{"_acf_changed":false,"paroisse":[""],"service":["0"],"footnotes":""},"categories":[1],"tags":[],"class_list":["post-8181","post","type-post","status-publish","format-standard","has-post-thumbnail","hentry","category-actualites","validated"],"acf":[],"yoast_head":"<!-- This site is optimized with the Yoast SEO plugin v27.1.1 - https:\/\/yoast.com\/product\/yoast-seo-wordpress\/ -->\n<title>SYNODE ET RAPPORT DE LA CIASE : Mot du Doyen - Doyenn\u00e9 Grand Angoul\u00eame<\/title>\n<meta name=\"robots\" content=\"index, follow, max-snippet:-1, max-image-preview:large, max-video-preview:-1\" \/>\n<link rel=\"canonical\" href=\"https:\/\/charente.catholique.fr\/grand-angouleme\/actualites\/doyenne-grand-angouleme-synode-et-rapport-de-la-ciase\/\" \/>\n<meta property=\"og:locale\" content=\"fr_FR\" \/>\n<meta property=\"og:type\" content=\"article\" \/>\n<meta property=\"og:title\" content=\"SYNODE ET RAPPORT DE LA CIASE : Mot du Doyen - Doyenn\u00e9 Grand Angoul\u00eame\" \/>\n<meta property=\"og:description\" content=\"Avent 2021&nbsp;: le temps des remises en question Mot du Doyen L\u2019Eglise connait une fin d\u2019ann\u00e9e 2021 dure et douloureuse. Le rapport de la Ciase met sous les yeux de chacun les crimes et les disfonctionnements de notre Eglise depuis trop longtemps. Nous avons tous \u00e9t\u00e9 pein\u00e9 de voir \u00e0 quel point l\u2019institution \u00e9tait enferr\u00e9e [&hellip;]\" \/>\n<meta property=\"og:url\" content=\"https:\/\/charente.catholique.fr\/grand-angouleme\/actualites\/doyenne-grand-angouleme-synode-et-rapport-de-la-ciase\/\" \/>\n<meta property=\"og:site_name\" content=\"Doyenn\u00e9 Grand Angoul\u00eame\" \/>\n<meta property=\"article:publisher\" content=\"https:\/\/www.facebook.com\/EgliseCatholiqueCharente\" \/>\n<meta property=\"article:published_time\" content=\"2022-01-19T07:00:00+00:00\" \/>\n<meta property=\"article:modified_time\" content=\"2022-02-04T07:12:39+00:00\" \/>\n<meta property=\"og:image\" content=\"https:\/\/charente.catholique.fr\/grand-angouleme\/wp-content\/uploads\/sites\/2\/2021\/12\/visuelsynode1-scaled.jpg\" \/>\n\t<meta property=\"og:image:width\" content=\"2560\" \/>\n\t<meta property=\"og:image:height\" content=\"1679\" \/>\n\t<meta property=\"og:image:type\" content=\"image\/jpeg\" \/>\n<meta name=\"author\" content=\"Marie-No\u00eblle Bouteloup\" \/>\n<meta name=\"twitter:card\" content=\"summary_large_image\" \/>\n<meta name=\"twitter:creator\" content=\"@diocesecharente\" \/>\n<meta name=\"twitter:site\" content=\"@diocesecharente\" \/>\n<meta name=\"twitter:label1\" content=\"\u00c9crit par\" \/>\n\t<meta name=\"twitter:data1\" content=\"Marie-No\u00eblle Bouteloup\" \/>\n\t<meta name=\"twitter:label2\" content=\"Dur\u00e9e de lecture estim\u00e9e\" \/>\n\t<meta name=\"twitter:data2\" content=\"4 minutes\" \/>\n<script type=\"application\/ld+json\" class=\"yoast-schema-graph\">{\"@context\":\"https:\/\/schema.org\",\"@graph\":[{\"@type\":\"Article\",\"@id\":\"https:\/\/charente.catholique.fr\/grand-angouleme\/actualites\/doyenne-grand-angouleme-synode-et-rapport-de-la-ciase\/#article\",\"isPartOf\":{\"@id\":\"https:\/\/charente.catholique.fr\/grand-angouleme\/actualites\/doyenne-grand-angouleme-synode-et-rapport-de-la-ciase\/\"},\"author\":{\"name\":\"Marie-No\u00eblle Bouteloup\",\"@id\":\"https:\/\/charente.catholique.fr\/grand-angouleme\/#\/schema\/person\/0bb2e75c546661bf0827c8b4d5d2bcfb\"},\"headline\":\"SYNODE ET RAPPORT DE LA CIASE : Mot du Doyen\",\"datePublished\":\"2022-01-19T07:00:00+00:00\",\"dateModified\":\"2022-02-04T07:12:39+00:00\",\"mainEntityOfPage\":{\"@id\":\"https:\/\/charente.catholique.fr\/grand-angouleme\/actualites\/doyenne-grand-angouleme-synode-et-rapport-de-la-ciase\/\"},\"wordCount\":753,\"commentCount\":1,\"publisher\":{\"@id\":\"https:\/\/charente.catholique.fr\/grand-angouleme\/#organization\"},\"image\":{\"@id\":\"https:\/\/charente.catholique.fr\/grand-angouleme\/actualites\/doyenne-grand-angouleme-synode-et-rapport-de-la-ciase\/#primaryimage\"},\"thumbnailUrl\":\"https:\/\/charente.catholique.fr\/grand-angouleme\/wp-content\/uploads\/sites\/2\/2021\/12\/visuelsynode1-scaled.jpg\",\"articleSection\":[\"Actualit\u00e9s\"],\"inLanguage\":\"fr-FR\",\"potentialAction\":[{\"@type\":\"CommentAction\",\"name\":\"Comment\",\"target\":[\"https:\/\/charente.catholique.fr\/grand-angouleme\/actualites\/doyenne-grand-angouleme-synode-et-rapport-de-la-ciase\/#respond\"]}]},{\"@type\":\"WebPage\",\"@id\":\"https:\/\/charente.catholique.fr\/grand-angouleme\/actualites\/doyenne-grand-angouleme-synode-et-rapport-de-la-ciase\/\",\"url\":\"https:\/\/charente.catholique.fr\/grand-angouleme\/actualites\/doyenne-grand-angouleme-synode-et-rapport-de-la-ciase\/\",\"name\":\"SYNODE ET RAPPORT DE LA CIASE : Mot du Doyen - Doyenn\u00e9 Grand Angoul\u00eame\",\"isPartOf\":{\"@id\":\"https:\/\/charente.catholique.fr\/grand-angouleme\/#website\"},\"primaryImageOfPage\":{\"@id\":\"https:\/\/charente.catholique.fr\/grand-angouleme\/actualites\/doyenne-grand-angouleme-synode-et-rapport-de-la-ciase\/#primaryimage\"},\"image\":{\"@id\":\"https:\/\/charente.catholique.fr\/grand-angouleme\/actualites\/doyenne-grand-angouleme-synode-et-rapport-de-la-ciase\/#primaryimage\"},\"thumbnailUrl\":\"https:\/\/charente.catholique.fr\/grand-angouleme\/wp-content\/uploads\/sites\/2\/2021\/12\/visuelsynode1-scaled.jpg\",\"datePublished\":\"2022-01-19T07:00:00+00:00\",\"dateModified\":\"2022-02-04T07:12:39+00:00\",\"breadcrumb\":{\"@id\":\"https:\/\/charente.catholique.fr\/grand-angouleme\/actualites\/doyenne-grand-angouleme-synode-et-rapport-de-la-ciase\/#breadcrumb\"},\"inLanguage\":\"fr-FR\",\"potentialAction\":[{\"@type\":\"ReadAction\",\"target\":[\"https:\/\/charente.catholique.fr\/grand-angouleme\/actualites\/doyenne-grand-angouleme-synode-et-rapport-de-la-ciase\/\"]}]},{\"@type\":\"ImageObject\",\"inLanguage\":\"fr-FR\",\"@id\":\"https:\/\/charente.catholique.fr\/grand-angouleme\/actualites\/doyenne-grand-angouleme-synode-et-rapport-de-la-ciase\/#primaryimage\",\"url\":\"https:\/\/charente.catholique.fr\/grand-angouleme\/wp-content\/uploads\/sites\/2\/2021\/12\/visuelsynode1-scaled.jpg\",\"contentUrl\":\"https:\/\/charente.catholique.fr\/grand-angouleme\/wp-content\/uploads\/sites\/2\/2021\/12\/visuelsynode1-scaled.jpg\",\"width\":2560,\"height\":1679},{\"@type\":\"BreadcrumbList\",\"@id\":\"https:\/\/charente.catholique.fr\/grand-angouleme\/actualites\/doyenne-grand-angouleme-synode-et-rapport-de-la-ciase\/#breadcrumb\",\"itemListElement\":[{\"@type\":\"ListItem\",\"position\":1,\"name\":\"Accueil\",\"item\":\"https:\/\/charente.catholique.fr\/grand-angouleme\/\"},{\"@type\":\"ListItem\",\"position\":2,\"name\":\"SYNODE ET RAPPORT DE LA CIASE : Mot du Doyen\"}]},{\"@type\":\"WebSite\",\"@id\":\"https:\/\/charente.catholique.fr\/grand-angouleme\/#website\",\"url\":\"https:\/\/charente.catholique.fr\/grand-angouleme\/\",\"name\":\"Doyenn\u00e9 Grand Angoul\u00eame - Dioc\u00e8se d'Angoul\u00eame\",\"description\":\"Dioc\u00e8se d&#039;Angoul\u00eame\",\"publisher\":{\"@id\":\"https:\/\/charente.catholique.fr\/grand-angouleme\/#organization\"},\"potentialAction\":[{\"@type\":\"SearchAction\",\"target\":{\"@type\":\"EntryPoint\",\"urlTemplate\":\"https:\/\/charente.catholique.fr\/grand-angouleme\/?s={search_term_string}\"},\"query-input\":{\"@type\":\"PropertyValueSpecification\",\"valueRequired\":true,\"valueName\":\"search_term_string\"}}],\"inLanguage\":\"fr-FR\"},{\"@type\":\"Organization\",\"@id\":\"https:\/\/charente.catholique.fr\/grand-angouleme\/#organization\",\"name\":\"Association Dioc\u00e9saine d'Angoul\u00eame\",\"url\":\"https:\/\/charente.catholique.fr\/grand-angouleme\/\",\"logo\":{\"@type\":\"ImageObject\",\"inLanguage\":\"fr-FR\",\"@id\":\"https:\/\/charente.catholique.fr\/grand-angouleme\/#\/schema\/logo\/image\/\",\"url\":\"https:\/\/charente.catholique.fr\/grand-angouleme\/wp-content\/uploads\/sites\/2\/2020\/10\/logos.png\",\"contentUrl\":\"https:\/\/charente.catholique.fr\/grand-angouleme\/wp-content\/uploads\/sites\/2\/2020\/10\/logos.png\",\"width\":600,\"height\":257,\"caption\":\"Association Dioc\u00e9saine d'Angoul\u00eame\"},\"image\":{\"@id\":\"https:\/\/charente.catholique.fr\/grand-angouleme\/#\/schema\/logo\/image\/\"},\"sameAs\":[\"https:\/\/www.facebook.com\/EgliseCatholiqueCharente\",\"https:\/\/x.com\/diocesecharente\",\"https:\/\/www.instagram.com\/eglisecharente\",\"https:\/\/www.youtube.com\/channel\/UCByyFWApZbw3gDTiADoiAaQ\"]},{\"@type\":\"Person\",\"@id\":\"https:\/\/charente.catholique.fr\/grand-angouleme\/#\/schema\/person\/0bb2e75c546661bf0827c8b4d5d2bcfb\",\"name\":\"Marie-No\u00eblle Bouteloup\",\"image\":{\"@type\":\"ImageObject\",\"inLanguage\":\"fr-FR\",\"@id\":\"https:\/\/charente.catholique.fr\/grand-angouleme\/#\/schema\/person\/image\/\",\"url\":\"https:\/\/secure.gravatar.com\/avatar\/8b68422c19e9566364992377448eef55989ea1caaedc20a57fe2961c16ed8312?s=96&d=mm&r=g\",\"contentUrl\":\"https:\/\/secure.gravatar.com\/avatar\/8b68422c19e9566364992377448eef55989ea1caaedc20a57fe2961c16ed8312?s=96&d=mm&r=g\",\"caption\":\"Marie-No\u00eblle Bouteloup\"},\"url\":\"https:\/\/charente.catholique.fr\/grand-angouleme\/author\/mnbouteloup\/\"}]}<\/script>\n<!-- \/ Yoast SEO plugin. -->","yoast_head_json":{"title":"SYNODE ET RAPPORT DE LA CIASE : Mot du Doyen - Doyenn\u00e9 Grand Angoul\u00eame","robots":{"index":"index","follow":"follow","max-snippet":"max-snippet:-1","max-image-preview":"max-image-preview:large","max-video-preview":"max-video-preview:-1"},"canonical":"https:\/\/charente.catholique.fr\/grand-angouleme\/actualites\/doyenne-grand-angouleme-synode-et-rapport-de-la-ciase\/","og_locale":"fr_FR","og_type":"article","og_title":"SYNODE ET RAPPORT DE LA CIASE : Mot du Doyen - Doyenn\u00e9 Grand Angoul\u00eame","og_description":"Avent 2021&nbsp;: le temps des remises en question Mot du Doyen L\u2019Eglise connait une fin d\u2019ann\u00e9e 2021 dure et douloureuse. Le rapport de la Ciase met sous les yeux de chacun les crimes et les disfonctionnements de notre Eglise depuis trop longtemps. Nous avons tous \u00e9t\u00e9 pein\u00e9 de voir \u00e0 quel point l\u2019institution \u00e9tait enferr\u00e9e [&hellip;]","og_url":"https:\/\/charente.catholique.fr\/grand-angouleme\/actualites\/doyenne-grand-angouleme-synode-et-rapport-de-la-ciase\/","og_site_name":"Doyenn\u00e9 Grand Angoul\u00eame","article_publisher":"https:\/\/www.facebook.com\/EgliseCatholiqueCharente","article_published_time":"2022-01-19T07:00:00+00:00","article_modified_time":"2022-02-04T07:12:39+00:00","og_image":[{"width":2560,"height":1679,"url":"https:\/\/charente.catholique.fr\/grand-angouleme\/wp-content\/uploads\/sites\/2\/2021\/12\/visuelsynode1-scaled.jpg","type":"image\/jpeg"}],"author":"Marie-No\u00eblle Bouteloup","twitter_card":"summary_large_image","twitter_creator":"@diocesecharente","twitter_site":"@diocesecharente","twitter_misc":{"\u00c9crit par":"Marie-No\u00eblle Bouteloup","Dur\u00e9e de lecture estim\u00e9e":"4 minutes"},"schema":{"@context":"https:\/\/schema.org","@graph":[{"@type":"Article","@id":"https:\/\/charente.catholique.fr\/grand-angouleme\/actualites\/doyenne-grand-angouleme-synode-et-rapport-de-la-ciase\/#article","isPartOf":{"@id":"https:\/\/charente.catholique.fr\/grand-angouleme\/actualites\/doyenne-grand-angouleme-synode-et-rapport-de-la-ciase\/"},"author":{"name":"Marie-No\u00eblle Bouteloup","@id":"https:\/\/charente.catholique.fr\/grand-angouleme\/#\/schema\/person\/0bb2e75c546661bf0827c8b4d5d2bcfb"},"headline":"SYNODE ET RAPPORT DE LA CIASE : Mot du Doyen","datePublished":"2022-01-19T07:00:00+00:00","dateModified":"2022-02-04T07:12:39+00:00","mainEntityOfPage":{"@id":"https:\/\/charente.catholique.fr\/grand-angouleme\/actualites\/doyenne-grand-angouleme-synode-et-rapport-de-la-ciase\/"},"wordCount":753,"commentCount":1,"publisher":{"@id":"https:\/\/charente.catholique.fr\/grand-angouleme\/#organization"},"image":{"@id":"https:\/\/charente.catholique.fr\/grand-angouleme\/actualites\/doyenne-grand-angouleme-synode-et-rapport-de-la-ciase\/#primaryimage"},"thumbnailUrl":"https:\/\/charente.catholique.fr\/grand-angouleme\/wp-content\/uploads\/sites\/2\/2021\/12\/visuelsynode1-scaled.jpg","articleSection":["Actualit\u00e9s"],"inLanguage":"fr-FR","potentialAction":[{"@type":"CommentAction","name":"Comment","target":["https:\/\/charente.catholique.fr\/grand-angouleme\/actualites\/doyenne-grand-angouleme-synode-et-rapport-de-la-ciase\/#respond"]}]},{"@type":"WebPage","@id":"https:\/\/charente.catholique.fr\/grand-angouleme\/actualites\/doyenne-grand-angouleme-synode-et-rapport-de-la-ciase\/","url":"https:\/\/charente.catholique.fr\/grand-angouleme\/actualites\/doyenne-grand-angouleme-synode-et-rapport-de-la-ciase\/","name":"SYNODE ET RAPPORT DE LA CIASE : Mot du Doyen - Doyenn\u00e9 Grand Angoul\u00eame","isPartOf":{"@id":"https:\/\/charente.catholique.fr\/grand-angouleme\/#website"},"primaryImageOfPage":{"@id":"https:\/\/charente.catholique.fr\/grand-angouleme\/actualites\/doyenne-grand-angouleme-synode-et-rapport-de-la-ciase\/#primaryimage"},"image":{"@id":"https:\/\/charente.catholique.fr\/grand-angouleme\/actualites\/doyenne-grand-angouleme-synode-et-rapport-de-la-ciase\/#primaryimage"},"thumbnailUrl":"https:\/\/charente.catholique.fr\/grand-angouleme\/wp-content\/uploads\/sites\/2\/2021\/12\/visuelsynode1-scaled.jpg","datePublished":"2022-01-19T07:00:00+00:00","dateModified":"2022-02-04T07:12:39+00:00","breadcrumb":{"@id":"https:\/\/charente.catholique.fr\/grand-angouleme\/actualites\/doyenne-grand-angouleme-synode-et-rapport-de-la-ciase\/#breadcrumb"},"inLanguage":"fr-FR","potentialAction":[{"@type":"ReadAction","target":["https:\/\/charente.catholique.fr\/grand-angouleme\/actualites\/doyenne-grand-angouleme-synode-et-rapport-de-la-ciase\/"]}]},{"@type":"ImageObject","inLanguage":"fr-FR","@id":"https:\/\/charente.catholique.fr\/grand-angouleme\/actualites\/doyenne-grand-angouleme-synode-et-rapport-de-la-ciase\/#primaryimage","url":"https:\/\/charente.catholique.fr\/grand-angouleme\/wp-content\/uploads\/sites\/2\/2021\/12\/visuelsynode1-scaled.jpg","contentUrl":"https:\/\/charente.catholique.fr\/grand-angouleme\/wp-content\/uploads\/sites\/2\/2021\/12\/visuelsynode1-scaled.jpg","width":2560,"height":1679},{"@type":"BreadcrumbList","@id":"https:\/\/charente.catholique.fr\/grand-angouleme\/actualites\/doyenne-grand-angouleme-synode-et-rapport-de-la-ciase\/#breadcrumb","itemListElement":[{"@type":"ListItem","position":1,"name":"Accueil","item":"https:\/\/charente.catholique.fr\/grand-angouleme\/"},{"@type":"ListItem","position":2,"name":"SYNODE ET RAPPORT DE LA CIASE : Mot du Doyen"}]},{"@type":"WebSite","@id":"https:\/\/charente.catholique.fr\/grand-angouleme\/#website","url":"https:\/\/charente.catholique.fr\/grand-angouleme\/","name":"Doyenn\u00e9 Grand Angoul\u00eame - Dioc\u00e8se d'Angoul\u00eame","description":"Dioc\u00e8se d&#039;Angoul\u00eame","publisher":{"@id":"https:\/\/charente.catholique.fr\/grand-angouleme\/#organization"},"potentialAction":[{"@type":"SearchAction","target":{"@type":"EntryPoint","urlTemplate":"https:\/\/charente.catholique.fr\/grand-angouleme\/?s={search_term_string}"},"query-input":{"@type":"PropertyValueSpecification","valueRequired":true,"valueName":"search_term_string"}}],"inLanguage":"fr-FR"},{"@type":"Organization","@id":"https:\/\/charente.catholique.fr\/grand-angouleme\/#organization","name":"Association Dioc\u00e9saine d'Angoul\u00eame","url":"https:\/\/charente.catholique.fr\/grand-angouleme\/","logo":{"@type":"ImageObject","inLanguage":"fr-FR","@id":"https:\/\/charente.catholique.fr\/grand-angouleme\/#\/schema\/logo\/image\/","url":"https:\/\/charente.catholique.fr\/grand-angouleme\/wp-content\/uploads\/sites\/2\/2020\/10\/logos.png","contentUrl":"https:\/\/charente.catholique.fr\/grand-angouleme\/wp-content\/uploads\/sites\/2\/2020\/10\/logos.png","width":600,"height":257,"caption":"Association Dioc\u00e9saine d'Angoul\u00eame"},"image":{"@id":"https:\/\/charente.catholique.fr\/grand-angouleme\/#\/schema\/logo\/image\/"},"sameAs":["https:\/\/www.facebook.com\/EgliseCatholiqueCharente","https:\/\/x.com\/diocesecharente","https:\/\/www.instagram.com\/eglisecharente","https:\/\/www.youtube.com\/channel\/UCByyFWApZbw3gDTiADoiAaQ"]},{"@type":"Person","@id":"https:\/\/charente.catholique.fr\/grand-angouleme\/#\/schema\/person\/0bb2e75c546661bf0827c8b4d5d2bcfb","name":"Marie-No\u00eblle Bouteloup","image":{"@type":"ImageObject","inLanguage":"fr-FR","@id":"https:\/\/charente.catholique.fr\/grand-angouleme\/#\/schema\/person\/image\/","url":"https:\/\/secure.gravatar.com\/avatar\/8b68422c19e9566364992377448eef55989ea1caaedc20a57fe2961c16ed8312?s=96&d=mm&r=g","contentUrl":"https:\/\/secure.gravatar.com\/avatar\/8b68422c19e9566364992377448eef55989ea1caaedc20a57fe2961c16ed8312?s=96&d=mm&r=g","caption":"Marie-No\u00eblle Bouteloup"},"url":"https:\/\/charente.catholique.fr\/grand-angouleme\/author\/mnbouteloup\/"}]}},"_links":{"self":[{"href":"https:\/\/charente.catholique.fr\/grand-angouleme\/wp-json\/wp\/v2\/posts\/8181","targetHints":{"allow":["GET"]}}],"collection":[{"href":"https:\/\/charente.catholique.fr\/grand-angouleme\/wp-json\/wp\/v2\/posts"}],"about":[{"href":"https:\/\/charente.catholique.fr\/grand-angouleme\/wp-json\/wp\/v2\/types\/post"}],"author":[{"embeddable":true,"href":"https:\/\/charente.catholique.fr\/grand-angouleme\/wp-json\/wp\/v2\/users\/13"}],"replies":[{"embeddable":true,"href":"https:\/\/charente.catholique.fr\/grand-angouleme\/wp-json\/wp\/v2\/comments?post=8181"}],"version-history":[{"count":7,"href":"https:\/\/charente.catholique.fr\/grand-angouleme\/wp-json\/wp\/v2\/posts\/8181\/revisions"}],"predecessor-version":[{"id":8661,"href":"https:\/\/charente.catholique.fr\/grand-angouleme\/wp-json\/wp\/v2\/posts\/8181\/revisions\/8661"}],"wp:featuredmedia":[{"embeddable":true,"href":"https:\/\/charente.catholique.fr\/grand-angouleme\/wp-json\/wp\/v2\/media\/8720"}],"wp:attachment":[{"href":"https:\/\/charente.catholique.fr\/grand-angouleme\/wp-json\/wp\/v2\/media?parent=8181"}],"wp:term":[{"taxonomy":"category","embeddable":true,"href":"https:\/\/charente.catholique.fr\/grand-angouleme\/wp-json\/wp\/v2\/categories?post=8181"},{"taxonomy":"post_tag","embeddable":true,"href":"https:\/\/charente.catholique.fr\/grand-angouleme\/wp-json\/wp\/v2\/tags?post=8181"}],"curies":[{"name":"wp","href":"https:\/\/api.w.org\/{rel}","templated":true}]}}