{"id":5719,"date":"2021-06-09T09:33:22","date_gmt":"2021-06-09T07:33:22","guid":{"rendered":"https:\/\/charente.catholique.fr\/grand-angouleme\/?p=5719"},"modified":"2021-06-09T09:33:34","modified_gmt":"2021-06-09T07:33:34","slug":"homelie-du-pere-frederic-vollaud-saint-sacrement-b","status":"publish","type":"post","link":"https:\/\/charente.catholique.fr\/grand-angouleme\/actualites\/homelie-du-pere-frederic-vollaud-saint-sacrement-b\/","title":{"rendered":"Hom\u00e9lie du p\u00e8re Fr\u00e9d\u00e9ric Vollaud : Saint Sacrement B"},"content":{"rendered":"\n<p>Pourquoi le Seigneur a-t-il choisi des signes aussi simples, aussi pauvres, aussi fragiles que le pain et le vin pour se rendre pr\u00e9sent \u00e0 nous jusqu&#8217;\u00e0 la fin du monde ?<\/p>\n\n\n\n<p>Pourquoi a-t-il ainsi pris le risque de ne pas \u00eatre reconnu ? Car enfin, croire en chaque eucharistie que quelque chose devient quelqu&#8217;un, c&#8217;est un v\u00e9ritable d\u00e9fi pour notre intelligence et pour notre raison.<\/p>\n\n\n\n<p>Si J\u00e9sus choisit le pain et le vin c&#8217;est d&#8217;abord pour qu&#8217;ils soient partag\u00e9s et consomm\u00e9s. J\u00e9sus se donne en nourriture et en boisson pour apaiser nos faims et nos soifs les plus profondes. Son corps est livr\u00e9, son sang est vers\u00e9. Le pain et le vin sont signes de cette r\u00e9alit\u00e9 de don et de don universel.<\/p>\n\n\n\n<p>Dans l&#8217;eucharistie, J\u00e9sus ne se contente pas de se rendre pr\u00e9sent. C&#8217;est son d\u00e9sir le plus amoureux de s\u2019unir \u00e0 nous en communion en nous habitant de sa pr\u00e9sence. Ce corps \u00e0 corps entre le Christ et chacun de nous, est le sommet de la relation d&#8217;amour qui peut se vivre \u00e0 chaque messe. Il ne d\u00e9pend que de nous, de notre \u00e9veil int\u00e9rieur, de notre disponibilit\u00e9 de c\u0153ur, pour nous en r\u00e9jouir et nous en laisser combler. Sommes-nous \u00e0 la messe avec le c\u0153ur ?&#8230; Sommes-nous ici d&#8217;abord parce que nous aimons ?&#8230;<\/p>\n\n\n\n<p>La pauvret\u00e9 et la fragilit\u00e9 des signes nous redisent que l&#8217;amour ne s&#8217;impose pas. Il s&#8217;accueille, dans la confiance. J\u00e9sus ne veut pas imposer sa pr\u00e9sence. Alors, il pratique le langage des signes&#8230; Comme \u00e0 Emma\u00fcs, il continue de rompre le pain de sa parole pour que nos c\u0153urs br\u00fblent, et le pain de l&#8217;eucharistie pour que nos yeux s&#8217;ouvrent. Et ne nous \u00e9tonnons pas qu&#8217;il disparaisse \u00e0 nos yeux au moment o\u00f9 nos c\u0153urs le reconnaissent. Cela est suffisant, pour aujourd&#8217;hui. Cela suffit pour nous donner l&#8217;audace et l&#8217;\u00e9nergie de repartir vers nos fr\u00e8res t\u00e9moigner de ce que nous avons vu et entendu.<\/p>\n\n\n\n<p>&#8220;Il est l\u00e0 dans le sacrement de son amour&#8221;. Ces paroles extasi\u00e9es de St JMV bouleversaient ceux qui \u00e9taient t\u00e9moins de sa mani\u00e8re \u00e0 lui de se rendre pr\u00e9sent \u00e0 la Pr\u00e9sence du Christ dans l&#8217;eucharistie. Car il s&#8217;agit aussi de cela. Comment nous rendons-nous pr\u00e9sents \u00e0 celui qui jusqu&#8217;au \u00e0 la fin du monde, ne cessera d&#8217;\u00eatre avec nous dans le pain et le vin eucharistiques ?<\/p>\n\n\n\n<p>Ne gardons que cette &nbsp;piste pour ne pas nous \u00e9garer ni perdre notre temps et nos \u00e9nergies : soyons ici &#8220;amoureusement&#8221;. Alors nous deviendrons attentifs \u00e0 toute parole, \u00e0 tout signe, et nous reconna\u00eetrons, m\u00eame si c&#8217;est dans la nuit de la foi, Celui qui se donne \u00e0 nous pour que nous vivions de sa vie et que nous le portions au monde qui a faim et soif de la vraie vie !<\/p>\n\n\n\n<p>Je suis le pain de vie&#8230; celui qui mange ce pain vivra \u00e9ternellement&#8230; Amen.<\/p>\n","protected":false},"excerpt":{"rendered":"<p>Pourquoi le Seigneur a-t-il choisi des signes aussi simples, aussi pauvres, aussi fragiles que le pain et le vin pour se rendre pr\u00e9sent \u00e0 nous jusqu&#8217;\u00e0 la fin du monde ? Pourquoi a-t-il ainsi pris le risque de ne pas \u00eatre reconnu ? Car enfin, croire en chaque eucharistie que quelque chose devient quelqu&#8217;un, c&#8217;est [&hellip;]<\/p>\n","protected":false},"author":13,"featured_media":4283,"comment_status":"open","ping_status":"open","sticky":false,"template":"","format":"standard","meta":{"_acf_changed":false,"paroisse":["1"],"service":["0"],"footnotes":""},"categories":[1],"tags":[],"class_list":["post-5719","post","type-post","status-publish","format-standard","has-post-thumbnail","hentry","category-actualites"],"acf":[],"yoast_head":"<!-- This site is optimized with the Yoast SEO plugin v27.1.1 - https:\/\/yoast.com\/product\/yoast-seo-wordpress\/ -->\n<title>Hom\u00e9lie du p\u00e8re Fr\u00e9d\u00e9ric Vollaud : Saint Sacrement B - Doyenn\u00e9 Grand Angoul\u00eame<\/title>\n<meta name=\"robots\" content=\"index, follow, max-snippet:-1, max-image-preview:large, max-video-preview:-1\" \/>\n<link rel=\"canonical\" href=\"https:\/\/charente.catholique.fr\/grand-angouleme\/actualites\/homelie-du-pere-frederic-vollaud-saint-sacrement-b\/\" \/>\n<meta property=\"og:locale\" content=\"fr_FR\" \/>\n<meta property=\"og:type\" content=\"article\" \/>\n<meta property=\"og:title\" content=\"Hom\u00e9lie du p\u00e8re Fr\u00e9d\u00e9ric Vollaud : Saint Sacrement B - Doyenn\u00e9 Grand Angoul\u00eame\" \/>\n<meta property=\"og:description\" content=\"Pourquoi le Seigneur a-t-il choisi des signes aussi simples, aussi pauvres, aussi fragiles que le pain et le vin pour se rendre pr\u00e9sent \u00e0 nous jusqu&#8217;\u00e0 la fin du monde ? Pourquoi a-t-il ainsi pris le risque de ne pas \u00eatre reconnu ? Car enfin, croire en chaque eucharistie que quelque chose devient quelqu&#8217;un, c&#8217;est [&hellip;]\" \/>\n<meta property=\"og:url\" content=\"https:\/\/charente.catholique.fr\/grand-angouleme\/actualites\/homelie-du-pere-frederic-vollaud-saint-sacrement-b\/\" \/>\n<meta property=\"og:site_name\" content=\"Doyenn\u00e9 Grand Angoul\u00eame\" \/>\n<meta property=\"article:publisher\" content=\"https:\/\/www.facebook.com\/EgliseCatholiqueCharente\" \/>\n<meta property=\"article:published_time\" content=\"2021-06-09T07:33:22+00:00\" \/>\n<meta property=\"article:modified_time\" content=\"2021-06-09T07:33:34+00:00\" \/>\n<meta property=\"og:image\" content=\"https:\/\/charente.catholique.fr\/grand-angouleme\/wp-content\/uploads\/sites\/2\/2021\/02\/220px-jesus-christ-from-hagia-sophia.jpg\" \/>\n\t<meta property=\"og:image:width\" content=\"220\" \/>\n\t<meta property=\"og:image:height\" content=\"252\" \/>\n\t<meta property=\"og:image:type\" content=\"image\/jpeg\" \/>\n<meta name=\"author\" content=\"Marie-No\u00eblle Bouteloup\" \/>\n<meta name=\"twitter:card\" content=\"summary_large_image\" \/>\n<meta name=\"twitter:creator\" content=\"@diocesecharente\" \/>\n<meta name=\"twitter:site\" content=\"@diocesecharente\" \/>\n<meta name=\"twitter:label1\" content=\"\u00c9crit par\" \/>\n\t<meta name=\"twitter:data1\" content=\"Marie-No\u00eblle Bouteloup\" \/>\n\t<meta name=\"twitter:label2\" content=\"Dur\u00e9e de lecture estim\u00e9e\" \/>\n\t<meta name=\"twitter:data2\" content=\"3 minutes\" \/>\n<script type=\"application\/ld+json\" class=\"yoast-schema-graph\">{\"@context\":\"https:\/\/schema.org\",\"@graph\":[{\"@type\":\"Article\",\"@id\":\"https:\/\/charente.catholique.fr\/grand-angouleme\/actualites\/homelie-du-pere-frederic-vollaud-saint-sacrement-b\/#article\",\"isPartOf\":{\"@id\":\"https:\/\/charente.catholique.fr\/grand-angouleme\/actualites\/homelie-du-pere-frederic-vollaud-saint-sacrement-b\/\"},\"author\":{\"name\":\"Marie-No\u00eblle Bouteloup\",\"@id\":\"https:\/\/charente.catholique.fr\/grand-angouleme\/#\/schema\/person\/0bb2e75c546661bf0827c8b4d5d2bcfb\"},\"headline\":\"Hom\u00e9lie du p\u00e8re Fr\u00e9d\u00e9ric Vollaud : Saint Sacrement B\",\"datePublished\":\"2021-06-09T07:33:22+00:00\",\"dateModified\":\"2021-06-09T07:33:34+00:00\",\"mainEntityOfPage\":{\"@id\":\"https:\/\/charente.catholique.fr\/grand-angouleme\/actualites\/homelie-du-pere-frederic-vollaud-saint-sacrement-b\/\"},\"wordCount\":525,\"commentCount\":0,\"publisher\":{\"@id\":\"https:\/\/charente.catholique.fr\/grand-angouleme\/#organization\"},\"image\":{\"@id\":\"https:\/\/charente.catholique.fr\/grand-angouleme\/actualites\/homelie-du-pere-frederic-vollaud-saint-sacrement-b\/#primaryimage\"},\"thumbnailUrl\":\"https:\/\/charente.catholique.fr\/grand-angouleme\/wp-content\/uploads\/sites\/2\/2021\/02\/220px-jesus-christ-from-hagia-sophia.jpg\",\"articleSection\":[\"Actualit\u00e9s\"],\"inLanguage\":\"fr-FR\",\"potentialAction\":[{\"@type\":\"CommentAction\",\"name\":\"Comment\",\"target\":[\"https:\/\/charente.catholique.fr\/grand-angouleme\/actualites\/homelie-du-pere-frederic-vollaud-saint-sacrement-b\/#respond\"]}]},{\"@type\":\"WebPage\",\"@id\":\"https:\/\/charente.catholique.fr\/grand-angouleme\/actualites\/homelie-du-pere-frederic-vollaud-saint-sacrement-b\/\",\"url\":\"https:\/\/charente.catholique.fr\/grand-angouleme\/actualites\/homelie-du-pere-frederic-vollaud-saint-sacrement-b\/\",\"name\":\"Hom\u00e9lie du p\u00e8re Fr\u00e9d\u00e9ric Vollaud : Saint Sacrement B - Doyenn\u00e9 Grand Angoul\u00eame\",\"isPartOf\":{\"@id\":\"https:\/\/charente.catholique.fr\/grand-angouleme\/#website\"},\"primaryImageOfPage\":{\"@id\":\"https:\/\/charente.catholique.fr\/grand-angouleme\/actualites\/homelie-du-pere-frederic-vollaud-saint-sacrement-b\/#primaryimage\"},\"image\":{\"@id\":\"https:\/\/charente.catholique.fr\/grand-angouleme\/actualites\/homelie-du-pere-frederic-vollaud-saint-sacrement-b\/#primaryimage\"},\"thumbnailUrl\":\"https:\/\/charente.catholique.fr\/grand-angouleme\/wp-content\/uploads\/sites\/2\/2021\/02\/220px-jesus-christ-from-hagia-sophia.jpg\",\"datePublished\":\"2021-06-09T07:33:22+00:00\",\"dateModified\":\"2021-06-09T07:33:34+00:00\",\"breadcrumb\":{\"@id\":\"https:\/\/charente.catholique.fr\/grand-angouleme\/actualites\/homelie-du-pere-frederic-vollaud-saint-sacrement-b\/#breadcrumb\"},\"inLanguage\":\"fr-FR\",\"potentialAction\":[{\"@type\":\"ReadAction\",\"target\":[\"https:\/\/charente.catholique.fr\/grand-angouleme\/actualites\/homelie-du-pere-frederic-vollaud-saint-sacrement-b\/\"]}]},{\"@type\":\"ImageObject\",\"inLanguage\":\"fr-FR\",\"@id\":\"https:\/\/charente.catholique.fr\/grand-angouleme\/actualites\/homelie-du-pere-frederic-vollaud-saint-sacrement-b\/#primaryimage\",\"url\":\"https:\/\/charente.catholique.fr\/grand-angouleme\/wp-content\/uploads\/sites\/2\/2021\/02\/220px-jesus-christ-from-hagia-sophia.jpg\",\"contentUrl\":\"https:\/\/charente.catholique.fr\/grand-angouleme\/wp-content\/uploads\/sites\/2\/2021\/02\/220px-jesus-christ-from-hagia-sophia.jpg\",\"width\":220,\"height\":252},{\"@type\":\"BreadcrumbList\",\"@id\":\"https:\/\/charente.catholique.fr\/grand-angouleme\/actualites\/homelie-du-pere-frederic-vollaud-saint-sacrement-b\/#breadcrumb\",\"itemListElement\":[{\"@type\":\"ListItem\",\"position\":1,\"name\":\"Accueil\",\"item\":\"https:\/\/charente.catholique.fr\/grand-angouleme\/\"},{\"@type\":\"ListItem\",\"position\":2,\"name\":\"Hom\u00e9lie du p\u00e8re Fr\u00e9d\u00e9ric Vollaud : Saint Sacrement B\"}]},{\"@type\":\"WebSite\",\"@id\":\"https:\/\/charente.catholique.fr\/grand-angouleme\/#website\",\"url\":\"https:\/\/charente.catholique.fr\/grand-angouleme\/\",\"name\":\"Doyenn\u00e9 Grand Angoul\u00eame - Dioc\u00e8se d'Angoul\u00eame\",\"description\":\"Dioc\u00e8se d&#039;Angoul\u00eame\",\"publisher\":{\"@id\":\"https:\/\/charente.catholique.fr\/grand-angouleme\/#organization\"},\"potentialAction\":[{\"@type\":\"SearchAction\",\"target\":{\"@type\":\"EntryPoint\",\"urlTemplate\":\"https:\/\/charente.catholique.fr\/grand-angouleme\/?s={search_term_string}\"},\"query-input\":{\"@type\":\"PropertyValueSpecification\",\"valueRequired\":true,\"valueName\":\"search_term_string\"}}],\"inLanguage\":\"fr-FR\"},{\"@type\":\"Organization\",\"@id\":\"https:\/\/charente.catholique.fr\/grand-angouleme\/#organization\",\"name\":\"Association Dioc\u00e9saine d'Angoul\u00eame\",\"url\":\"https:\/\/charente.catholique.fr\/grand-angouleme\/\",\"logo\":{\"@type\":\"ImageObject\",\"inLanguage\":\"fr-FR\",\"@id\":\"https:\/\/charente.catholique.fr\/grand-angouleme\/#\/schema\/logo\/image\/\",\"url\":\"https:\/\/charente.catholique.fr\/grand-angouleme\/wp-content\/uploads\/sites\/2\/2020\/10\/logos.png\",\"contentUrl\":\"https:\/\/charente.catholique.fr\/grand-angouleme\/wp-content\/uploads\/sites\/2\/2020\/10\/logos.png\",\"width\":600,\"height\":257,\"caption\":\"Association Dioc\u00e9saine d'Angoul\u00eame\"},\"image\":{\"@id\":\"https:\/\/charente.catholique.fr\/grand-angouleme\/#\/schema\/logo\/image\/\"},\"sameAs\":[\"https:\/\/www.facebook.com\/EgliseCatholiqueCharente\",\"https:\/\/x.com\/diocesecharente\",\"https:\/\/www.instagram.com\/eglisecharente\",\"https:\/\/www.youtube.com\/channel\/UCByyFWApZbw3gDTiADoiAaQ\"]},{\"@type\":\"Person\",\"@id\":\"https:\/\/charente.catholique.fr\/grand-angouleme\/#\/schema\/person\/0bb2e75c546661bf0827c8b4d5d2bcfb\",\"name\":\"Marie-No\u00eblle Bouteloup\",\"image\":{\"@type\":\"ImageObject\",\"inLanguage\":\"fr-FR\",\"@id\":\"https:\/\/charente.catholique.fr\/grand-angouleme\/#\/schema\/person\/image\/\",\"url\":\"https:\/\/secure.gravatar.com\/avatar\/8b68422c19e9566364992377448eef55989ea1caaedc20a57fe2961c16ed8312?s=96&d=mm&r=g\",\"contentUrl\":\"https:\/\/secure.gravatar.com\/avatar\/8b68422c19e9566364992377448eef55989ea1caaedc20a57fe2961c16ed8312?s=96&d=mm&r=g\",\"caption\":\"Marie-No\u00eblle Bouteloup\"},\"url\":\"https:\/\/charente.catholique.fr\/grand-angouleme\/author\/mnbouteloup\/\"}]}<\/script>\n<!-- \/ Yoast SEO plugin. -->","yoast_head_json":{"title":"Hom\u00e9lie du p\u00e8re Fr\u00e9d\u00e9ric Vollaud : Saint Sacrement B - Doyenn\u00e9 Grand Angoul\u00eame","robots":{"index":"index","follow":"follow","max-snippet":"max-snippet:-1","max-image-preview":"max-image-preview:large","max-video-preview":"max-video-preview:-1"},"canonical":"https:\/\/charente.catholique.fr\/grand-angouleme\/actualites\/homelie-du-pere-frederic-vollaud-saint-sacrement-b\/","og_locale":"fr_FR","og_type":"article","og_title":"Hom\u00e9lie du p\u00e8re Fr\u00e9d\u00e9ric Vollaud : Saint Sacrement B - Doyenn\u00e9 Grand Angoul\u00eame","og_description":"Pourquoi le Seigneur a-t-il choisi des signes aussi simples, aussi pauvres, aussi fragiles que le pain et le vin pour se rendre pr\u00e9sent \u00e0 nous jusqu&#8217;\u00e0 la fin du monde ? Pourquoi a-t-il ainsi pris le risque de ne pas \u00eatre reconnu ? Car enfin, croire en chaque eucharistie que quelque chose devient quelqu&#8217;un, c&#8217;est [&hellip;]","og_url":"https:\/\/charente.catholique.fr\/grand-angouleme\/actualites\/homelie-du-pere-frederic-vollaud-saint-sacrement-b\/","og_site_name":"Doyenn\u00e9 Grand Angoul\u00eame","article_publisher":"https:\/\/www.facebook.com\/EgliseCatholiqueCharente","article_published_time":"2021-06-09T07:33:22+00:00","article_modified_time":"2021-06-09T07:33:34+00:00","og_image":[{"width":220,"height":252,"url":"https:\/\/charente.catholique.fr\/grand-angouleme\/wp-content\/uploads\/sites\/2\/2021\/02\/220px-jesus-christ-from-hagia-sophia.jpg","type":"image\/jpeg"}],"author":"Marie-No\u00eblle Bouteloup","twitter_card":"summary_large_image","twitter_creator":"@diocesecharente","twitter_site":"@diocesecharente","twitter_misc":{"\u00c9crit par":"Marie-No\u00eblle Bouteloup","Dur\u00e9e de lecture estim\u00e9e":"3 minutes"},"schema":{"@context":"https:\/\/schema.org","@graph":[{"@type":"Article","@id":"https:\/\/charente.catholique.fr\/grand-angouleme\/actualites\/homelie-du-pere-frederic-vollaud-saint-sacrement-b\/#article","isPartOf":{"@id":"https:\/\/charente.catholique.fr\/grand-angouleme\/actualites\/homelie-du-pere-frederic-vollaud-saint-sacrement-b\/"},"author":{"name":"Marie-No\u00eblle Bouteloup","@id":"https:\/\/charente.catholique.fr\/grand-angouleme\/#\/schema\/person\/0bb2e75c546661bf0827c8b4d5d2bcfb"},"headline":"Hom\u00e9lie du p\u00e8re Fr\u00e9d\u00e9ric Vollaud : Saint Sacrement B","datePublished":"2021-06-09T07:33:22+00:00","dateModified":"2021-06-09T07:33:34+00:00","mainEntityOfPage":{"@id":"https:\/\/charente.catholique.fr\/grand-angouleme\/actualites\/homelie-du-pere-frederic-vollaud-saint-sacrement-b\/"},"wordCount":525,"commentCount":0,"publisher":{"@id":"https:\/\/charente.catholique.fr\/grand-angouleme\/#organization"},"image":{"@id":"https:\/\/charente.catholique.fr\/grand-angouleme\/actualites\/homelie-du-pere-frederic-vollaud-saint-sacrement-b\/#primaryimage"},"thumbnailUrl":"https:\/\/charente.catholique.fr\/grand-angouleme\/wp-content\/uploads\/sites\/2\/2021\/02\/220px-jesus-christ-from-hagia-sophia.jpg","articleSection":["Actualit\u00e9s"],"inLanguage":"fr-FR","potentialAction":[{"@type":"CommentAction","name":"Comment","target":["https:\/\/charente.catholique.fr\/grand-angouleme\/actualites\/homelie-du-pere-frederic-vollaud-saint-sacrement-b\/#respond"]}]},{"@type":"WebPage","@id":"https:\/\/charente.catholique.fr\/grand-angouleme\/actualites\/homelie-du-pere-frederic-vollaud-saint-sacrement-b\/","url":"https:\/\/charente.catholique.fr\/grand-angouleme\/actualites\/homelie-du-pere-frederic-vollaud-saint-sacrement-b\/","name":"Hom\u00e9lie du p\u00e8re Fr\u00e9d\u00e9ric Vollaud : Saint Sacrement B - Doyenn\u00e9 Grand Angoul\u00eame","isPartOf":{"@id":"https:\/\/charente.catholique.fr\/grand-angouleme\/#website"},"primaryImageOfPage":{"@id":"https:\/\/charente.catholique.fr\/grand-angouleme\/actualites\/homelie-du-pere-frederic-vollaud-saint-sacrement-b\/#primaryimage"},"image":{"@id":"https:\/\/charente.catholique.fr\/grand-angouleme\/actualites\/homelie-du-pere-frederic-vollaud-saint-sacrement-b\/#primaryimage"},"thumbnailUrl":"https:\/\/charente.catholique.fr\/grand-angouleme\/wp-content\/uploads\/sites\/2\/2021\/02\/220px-jesus-christ-from-hagia-sophia.jpg","datePublished":"2021-06-09T07:33:22+00:00","dateModified":"2021-06-09T07:33:34+00:00","breadcrumb":{"@id":"https:\/\/charente.catholique.fr\/grand-angouleme\/actualites\/homelie-du-pere-frederic-vollaud-saint-sacrement-b\/#breadcrumb"},"inLanguage":"fr-FR","potentialAction":[{"@type":"ReadAction","target":["https:\/\/charente.catholique.fr\/grand-angouleme\/actualites\/homelie-du-pere-frederic-vollaud-saint-sacrement-b\/"]}]},{"@type":"ImageObject","inLanguage":"fr-FR","@id":"https:\/\/charente.catholique.fr\/grand-angouleme\/actualites\/homelie-du-pere-frederic-vollaud-saint-sacrement-b\/#primaryimage","url":"https:\/\/charente.catholique.fr\/grand-angouleme\/wp-content\/uploads\/sites\/2\/2021\/02\/220px-jesus-christ-from-hagia-sophia.jpg","contentUrl":"https:\/\/charente.catholique.fr\/grand-angouleme\/wp-content\/uploads\/sites\/2\/2021\/02\/220px-jesus-christ-from-hagia-sophia.jpg","width":220,"height":252},{"@type":"BreadcrumbList","@id":"https:\/\/charente.catholique.fr\/grand-angouleme\/actualites\/homelie-du-pere-frederic-vollaud-saint-sacrement-b\/#breadcrumb","itemListElement":[{"@type":"ListItem","position":1,"name":"Accueil","item":"https:\/\/charente.catholique.fr\/grand-angouleme\/"},{"@type":"ListItem","position":2,"name":"Hom\u00e9lie du p\u00e8re Fr\u00e9d\u00e9ric Vollaud : Saint Sacrement B"}]},{"@type":"WebSite","@id":"https:\/\/charente.catholique.fr\/grand-angouleme\/#website","url":"https:\/\/charente.catholique.fr\/grand-angouleme\/","name":"Doyenn\u00e9 Grand Angoul\u00eame - Dioc\u00e8se d'Angoul\u00eame","description":"Dioc\u00e8se d&#039;Angoul\u00eame","publisher":{"@id":"https:\/\/charente.catholique.fr\/grand-angouleme\/#organization"},"potentialAction":[{"@type":"SearchAction","target":{"@type":"EntryPoint","urlTemplate":"https:\/\/charente.catholique.fr\/grand-angouleme\/?s={search_term_string}"},"query-input":{"@type":"PropertyValueSpecification","valueRequired":true,"valueName":"search_term_string"}}],"inLanguage":"fr-FR"},{"@type":"Organization","@id":"https:\/\/charente.catholique.fr\/grand-angouleme\/#organization","name":"Association Dioc\u00e9saine d'Angoul\u00eame","url":"https:\/\/charente.catholique.fr\/grand-angouleme\/","logo":{"@type":"ImageObject","inLanguage":"fr-FR","@id":"https:\/\/charente.catholique.fr\/grand-angouleme\/#\/schema\/logo\/image\/","url":"https:\/\/charente.catholique.fr\/grand-angouleme\/wp-content\/uploads\/sites\/2\/2020\/10\/logos.png","contentUrl":"https:\/\/charente.catholique.fr\/grand-angouleme\/wp-content\/uploads\/sites\/2\/2020\/10\/logos.png","width":600,"height":257,"caption":"Association Dioc\u00e9saine d'Angoul\u00eame"},"image":{"@id":"https:\/\/charente.catholique.fr\/grand-angouleme\/#\/schema\/logo\/image\/"},"sameAs":["https:\/\/www.facebook.com\/EgliseCatholiqueCharente","https:\/\/x.com\/diocesecharente","https:\/\/www.instagram.com\/eglisecharente","https:\/\/www.youtube.com\/channel\/UCByyFWApZbw3gDTiADoiAaQ"]},{"@type":"Person","@id":"https:\/\/charente.catholique.fr\/grand-angouleme\/#\/schema\/person\/0bb2e75c546661bf0827c8b4d5d2bcfb","name":"Marie-No\u00eblle Bouteloup","image":{"@type":"ImageObject","inLanguage":"fr-FR","@id":"https:\/\/charente.catholique.fr\/grand-angouleme\/#\/schema\/person\/image\/","url":"https:\/\/secure.gravatar.com\/avatar\/8b68422c19e9566364992377448eef55989ea1caaedc20a57fe2961c16ed8312?s=96&d=mm&r=g","contentUrl":"https:\/\/secure.gravatar.com\/avatar\/8b68422c19e9566364992377448eef55989ea1caaedc20a57fe2961c16ed8312?s=96&d=mm&r=g","caption":"Marie-No\u00eblle Bouteloup"},"url":"https:\/\/charente.catholique.fr\/grand-angouleme\/author\/mnbouteloup\/"}]}},"_links":{"self":[{"href":"https:\/\/charente.catholique.fr\/grand-angouleme\/wp-json\/wp\/v2\/posts\/5719","targetHints":{"allow":["GET"]}}],"collection":[{"href":"https:\/\/charente.catholique.fr\/grand-angouleme\/wp-json\/wp\/v2\/posts"}],"about":[{"href":"https:\/\/charente.catholique.fr\/grand-angouleme\/wp-json\/wp\/v2\/types\/post"}],"author":[{"embeddable":true,"href":"https:\/\/charente.catholique.fr\/grand-angouleme\/wp-json\/wp\/v2\/users\/13"}],"replies":[{"embeddable":true,"href":"https:\/\/charente.catholique.fr\/grand-angouleme\/wp-json\/wp\/v2\/comments?post=5719"}],"version-history":[{"count":3,"href":"https:\/\/charente.catholique.fr\/grand-angouleme\/wp-json\/wp\/v2\/posts\/5719\/revisions"}],"predecessor-version":[{"id":5722,"href":"https:\/\/charente.catholique.fr\/grand-angouleme\/wp-json\/wp\/v2\/posts\/5719\/revisions\/5722"}],"wp:featuredmedia":[{"embeddable":true,"href":"https:\/\/charente.catholique.fr\/grand-angouleme\/wp-json\/wp\/v2\/media\/4283"}],"wp:attachment":[{"href":"https:\/\/charente.catholique.fr\/grand-angouleme\/wp-json\/wp\/v2\/media?parent=5719"}],"wp:term":[{"taxonomy":"category","embeddable":true,"href":"https:\/\/charente.catholique.fr\/grand-angouleme\/wp-json\/wp\/v2\/categories?post=5719"},{"taxonomy":"post_tag","embeddable":true,"href":"https:\/\/charente.catholique.fr\/grand-angouleme\/wp-json\/wp\/v2\/tags?post=5719"}],"curies":[{"name":"wp","href":"https:\/\/api.w.org\/{rel}","templated":true}]}}