{"id":4760,"date":"2021-04-06T11:27:13","date_gmt":"2021-04-06T09:27:13","guid":{"rendered":"https:\/\/charente.catholique.fr\/grand-angouleme\/?p=4760"},"modified":"2021-04-06T11:30:21","modified_gmt":"2021-04-06T09:30:21","slug":"homelie-de-paques-du-pere-laurent-maurin","status":"publish","type":"post","link":"https:\/\/charente.catholique.fr\/grand-angouleme\/actualites\/homelie-de-paques-du-pere-laurent-maurin\/","title":{"rendered":"Hom\u00e9lie de P\u00e2ques du P\u00e8re Laurent Maurin"},"content":{"rendered":"\n<p><strong>R\u00e9surrection du Seigneur \u2014 Ann\u00e9e B<\/strong><\/p>\n\n\n\n<p>Pour lire les textes de la messe : <strong><\/strong><\/p>\n\n\n\n<ul class=\"wp-block-list\"><li><a href=\"https:\/\/www.aelf.org\/2021-04-04\/romain\/messe#messe2_lecture6\" target=\"_blank\" rel=\"noreferrer noopener\">Jean 20, 1-9<\/a><\/li><\/ul>\n\n\n\n<h1 class=\"wp-block-heading\">Dimanche de P\u00e2ques<\/h1>\n\n\n\n<p><strong>\u00ab&nbsp;A vrai dire, on a envie d\u2019y croire. Et pas d\u2019autre choix que d\u2019esp\u00e9rer&nbsp;\u00bb.<\/strong><\/p>\n\n\n\n<p>Ces deux courtes phrases ne sont pas extraites d\u2019un commentaire spirituel de l\u2019\u00e9vangile de la R\u00e9surrection du Christ, mais du d\u00e9but de l\u2019\u00e9ditorial du journal charentais de ce vendredi. Elles font bien s\u00fbr r\u00e9f\u00e9rence \u00e0 notre situation sanitaire, \u00e9conomique et sociale et aux mesures de restriction qui viennent encore d\u2019\u00eatre prises pour notre pays en attendant les progr\u00e8s de la vaccination et, au-del\u00e0, des jours meilleurs pour toute la population\u2026 Cependant ces phrases trouvent aussi un \u00e9cho dans notre foi pascale au Ressuscit\u00e9&nbsp;:<\/p>\n\n\n\n<div class=\"wp-block-image\"><figure class=\"alignright size-large is-resized\"><img loading=\"lazy\" decoding=\"async\" src=\"https:\/\/charente.catholique.fr\/grand-angouleme\/wp-content\/uploads\/sites\/2\/2021\/04\/paques-croix-resurection-lumiere.jpg\" alt=\"\" class=\"wp-image-4761\" width=\"379\" height=\"213\" srcset=\"https:\/\/charente.catholique.fr\/grand-angouleme\/wp-content\/uploads\/sites\/2\/2021\/04\/paques-croix-resurection-lumiere.jpg 960w, https:\/\/charente.catholique.fr\/grand-angouleme\/wp-content\/uploads\/sites\/2\/2021\/04\/paques-croix-resurection-lumiere-300x169.jpg 300w, https:\/\/charente.catholique.fr\/grand-angouleme\/wp-content\/uploads\/sites\/2\/2021\/04\/paques-croix-resurection-lumiere-768x432.jpg 768w\" sizes=\"auto, (max-width: 379px) 100vw, 379px\" \/><\/figure><\/div>\n\n\n\n<p>Dans la v\u00e9rit\u00e9 de ces paroles de l\u2019\u00e9vangile, qui ne sont ni une volont\u00e9 de manipuler ou de nuire, nous avons le d\u00e9sir d\u2019adh\u00e9rer encore et toujours \u00e0 ce message de Vie. D\u2019une vie qui reprend le dessus, une vie libre, heureuse et responsable. Une vie constructive pour soi et les autres. Oui, on a envie d\u2019y croire, car cette parole est bonne. Notre choix, notre d\u00e9lib\u00e9ration de notre conscience libre et \u00e9clair\u00e9e est de<strong> nous tourner r\u00e9solument vers un avenir que l\u2019on veut meilleur.<\/strong> Comme au matin de P\u00e2ques.<\/p>\n\n\n\n<p>Dans ce r\u00e9cit du tombeau vide, selon Jean, on a \u00e0 faire \u00e0 la seconde visite au s\u00e9pulcre de J\u00e9sus. La premi\u00e8re, entendue hier soir \u00e0 la veill\u00e9e, c\u2019est la visite des femmes emmen\u00e9 par Marie-Madeleine. Le groupe des femmes est le premier \u00e0 faire ce constat, cette exp\u00e9rience et cette annonce. <strong>Christ est vivant, non dans le tombeau, mais dans la vie de tous les jours.<\/strong> Pierre et Jean, puis le groupe des Douze, feront plus tard \u00e0 leur tour ce constat et cette exp\u00e9rience.<\/p>\n\n\n\n<p>Ici, justement, Jean, \u00e0 la diff\u00e9rence de Pierre, ne rentre pas&nbsp;: il ne va pas dans le lieu o\u00f9 est cens\u00e9 \u00eatre le corps de J\u00e9sus. Il reste \u00e0 l\u2019ext\u00e9rieur. Aujourd\u2019hui, nos \u00e9glises sont cens\u00e9es \u00eatre le lieu o\u00f9 se trouve le corps du Christ, \u00e0 travers la pr\u00e9sence de son corps et de son sang, que ce soit avec le pain consacr\u00e9 ou avec les baptis\u00e9s que nous sommes et qui forment chacun ensemble et pour une part le corps du Christ aujourd\u2019hui\u2026 Aujourd\u2019hui beaucoup de nos contemporains ne rentrent pas dans nos \u00e9glises. Ils restent dehors, \u00e0 distance. Et pourtant&nbsp;! <strong>Peut-\u00eatre, comme Jean, comprennent-ils que J\u00e9sus nous veut \u00e0 l\u2019ext\u00e9rieur&nbsp;?<\/strong>&nbsp; dans cette vie de tous les jours o\u00f9 se noue et se joue notre avenir, celui de nos vies et de notre humanit\u00e9. C\u2019est l\u00e0 qu\u2019Il nous attend aujourd\u2019hui, comme l\u2019avaient compris les femmes et les hommes de l\u2019exp\u00e9rience pascale&nbsp;! C\u2019est l\u00e0 que nous voulons refaire le choix de l\u2019esp\u00e9rance de lendemains plein de vie bonne et enti\u00e8re\u2026 \u00e9ternelle comme l\u2019on dit dans les \u00e9vangiles. C\u2019est l\u00e0 que nous le trouvons chaque jour dans le visage de nos fr\u00e8res et s\u0153urs, dans nos visages parfois\u2026<\/p>\n\n\n\n<p><em>P. Laurent Maurin<\/em><\/p>\n","protected":false},"excerpt":{"rendered":"<p>R\u00e9surrection du Seigneur \u2014 Ann\u00e9e B Pour lire les textes de la messe : Jean 20, 1-9 Dimanche de P\u00e2ques \u00ab&nbsp;A vrai dire, on a envie d\u2019y croire. Et pas d\u2019autre choix que d\u2019esp\u00e9rer&nbsp;\u00bb. Ces deux courtes phrases ne sont pas extraites d\u2019un commentaire spirituel de l\u2019\u00e9vangile de la R\u00e9surrection du Christ, mais du d\u00e9but [&hellip;]<\/p>\n","protected":false},"author":27,"featured_media":4761,"comment_status":"open","ping_status":"open","sticky":false,"template":"","format":"standard","meta":{"_acf_changed":false,"paroisse":["7"],"service":["0"],"footnotes":""},"categories":[1],"tags":[],"class_list":["post-4760","post","type-post","status-publish","format-standard","has-post-thumbnail","hentry","category-actualites"],"acf":[],"yoast_head":"<!-- This site is optimized with the Yoast SEO plugin v27.1.1 - https:\/\/yoast.com\/product\/yoast-seo-wordpress\/ -->\n<title>Hom\u00e9lie de P\u00e2ques du P\u00e8re Laurent Maurin - Doyenn\u00e9 Grand Angoul\u00eame<\/title>\n<meta name=\"robots\" content=\"index, follow, max-snippet:-1, max-image-preview:large, max-video-preview:-1\" \/>\n<link rel=\"canonical\" href=\"https:\/\/charente.catholique.fr\/grand-angouleme\/actualites\/homelie-de-paques-du-pere-laurent-maurin\/\" \/>\n<meta property=\"og:locale\" content=\"fr_FR\" \/>\n<meta property=\"og:type\" content=\"article\" \/>\n<meta property=\"og:title\" content=\"Hom\u00e9lie de P\u00e2ques du P\u00e8re Laurent Maurin - Doyenn\u00e9 Grand Angoul\u00eame\" \/>\n<meta property=\"og:description\" content=\"R\u00e9surrection du Seigneur \u2014 Ann\u00e9e B Pour lire les textes de la messe : Jean 20, 1-9 Dimanche de P\u00e2ques \u00ab&nbsp;A vrai dire, on a envie d\u2019y croire. Et pas d\u2019autre choix que d\u2019esp\u00e9rer&nbsp;\u00bb. Ces deux courtes phrases ne sont pas extraites d\u2019un commentaire spirituel de l\u2019\u00e9vangile de la R\u00e9surrection du Christ, mais du d\u00e9but [&hellip;]\" \/>\n<meta property=\"og:url\" content=\"https:\/\/charente.catholique.fr\/grand-angouleme\/actualites\/homelie-de-paques-du-pere-laurent-maurin\/\" \/>\n<meta property=\"og:site_name\" content=\"Doyenn\u00e9 Grand Angoul\u00eame\" \/>\n<meta property=\"article:publisher\" content=\"https:\/\/www.facebook.com\/EgliseCatholiqueCharente\" \/>\n<meta property=\"article:published_time\" content=\"2021-04-06T09:27:13+00:00\" \/>\n<meta property=\"article:modified_time\" content=\"2021-04-06T09:30:21+00:00\" \/>\n<meta property=\"og:image\" content=\"https:\/\/charente.catholique.fr\/grand-angouleme\/wp-content\/uploads\/sites\/2\/2021\/04\/paques-croix-resurection-lumiere.jpg\" \/>\n\t<meta property=\"og:image:width\" content=\"960\" \/>\n\t<meta property=\"og:image:height\" content=\"540\" \/>\n\t<meta property=\"og:image:type\" content=\"image\/jpeg\" \/>\n<meta name=\"author\" content=\"Yolande Lallemand\" \/>\n<meta name=\"twitter:card\" content=\"summary_large_image\" \/>\n<meta name=\"twitter:creator\" content=\"@diocesecharente\" \/>\n<meta name=\"twitter:site\" content=\"@diocesecharente\" \/>\n<meta name=\"twitter:label1\" content=\"\u00c9crit par\" \/>\n\t<meta name=\"twitter:data1\" content=\"Yolande Lallemand\" \/>\n\t<meta name=\"twitter:label2\" content=\"Dur\u00e9e de lecture estim\u00e9e\" \/>\n\t<meta name=\"twitter:data2\" content=\"3 minutes\" \/>\n<script type=\"application\/ld+json\" class=\"yoast-schema-graph\">{\"@context\":\"https:\/\/schema.org\",\"@graph\":[{\"@type\":\"Article\",\"@id\":\"https:\/\/charente.catholique.fr\/grand-angouleme\/actualites\/homelie-de-paques-du-pere-laurent-maurin\/#article\",\"isPartOf\":{\"@id\":\"https:\/\/charente.catholique.fr\/grand-angouleme\/actualites\/homelie-de-paques-du-pere-laurent-maurin\/\"},\"author\":{\"name\":\"Yolande Lallemand\",\"@id\":\"https:\/\/charente.catholique.fr\/grand-angouleme\/#\/schema\/person\/f47795cb7efbd537deea624c9ff372d5\"},\"headline\":\"Hom\u00e9lie de P\u00e2ques du P\u00e8re Laurent Maurin\",\"datePublished\":\"2021-04-06T09:27:13+00:00\",\"dateModified\":\"2021-04-06T09:30:21+00:00\",\"mainEntityOfPage\":{\"@id\":\"https:\/\/charente.catholique.fr\/grand-angouleme\/actualites\/homelie-de-paques-du-pere-laurent-maurin\/\"},\"wordCount\":562,\"commentCount\":0,\"publisher\":{\"@id\":\"https:\/\/charente.catholique.fr\/grand-angouleme\/#organization\"},\"image\":{\"@id\":\"https:\/\/charente.catholique.fr\/grand-angouleme\/actualites\/homelie-de-paques-du-pere-laurent-maurin\/#primaryimage\"},\"thumbnailUrl\":\"https:\/\/charente.catholique.fr\/grand-angouleme\/wp-content\/uploads\/sites\/2\/2021\/04\/paques-croix-resurection-lumiere.jpg\",\"articleSection\":[\"Actualit\u00e9s\"],\"inLanguage\":\"fr-FR\",\"potentialAction\":[{\"@type\":\"CommentAction\",\"name\":\"Comment\",\"target\":[\"https:\/\/charente.catholique.fr\/grand-angouleme\/actualites\/homelie-de-paques-du-pere-laurent-maurin\/#respond\"]}]},{\"@type\":\"WebPage\",\"@id\":\"https:\/\/charente.catholique.fr\/grand-angouleme\/actualites\/homelie-de-paques-du-pere-laurent-maurin\/\",\"url\":\"https:\/\/charente.catholique.fr\/grand-angouleme\/actualites\/homelie-de-paques-du-pere-laurent-maurin\/\",\"name\":\"Hom\u00e9lie de P\u00e2ques du P\u00e8re Laurent Maurin - Doyenn\u00e9 Grand Angoul\u00eame\",\"isPartOf\":{\"@id\":\"https:\/\/charente.catholique.fr\/grand-angouleme\/#website\"},\"primaryImageOfPage\":{\"@id\":\"https:\/\/charente.catholique.fr\/grand-angouleme\/actualites\/homelie-de-paques-du-pere-laurent-maurin\/#primaryimage\"},\"image\":{\"@id\":\"https:\/\/charente.catholique.fr\/grand-angouleme\/actualites\/homelie-de-paques-du-pere-laurent-maurin\/#primaryimage\"},\"thumbnailUrl\":\"https:\/\/charente.catholique.fr\/grand-angouleme\/wp-content\/uploads\/sites\/2\/2021\/04\/paques-croix-resurection-lumiere.jpg\",\"datePublished\":\"2021-04-06T09:27:13+00:00\",\"dateModified\":\"2021-04-06T09:30:21+00:00\",\"breadcrumb\":{\"@id\":\"https:\/\/charente.catholique.fr\/grand-angouleme\/actualites\/homelie-de-paques-du-pere-laurent-maurin\/#breadcrumb\"},\"inLanguage\":\"fr-FR\",\"potentialAction\":[{\"@type\":\"ReadAction\",\"target\":[\"https:\/\/charente.catholique.fr\/grand-angouleme\/actualites\/homelie-de-paques-du-pere-laurent-maurin\/\"]}]},{\"@type\":\"ImageObject\",\"inLanguage\":\"fr-FR\",\"@id\":\"https:\/\/charente.catholique.fr\/grand-angouleme\/actualites\/homelie-de-paques-du-pere-laurent-maurin\/#primaryimage\",\"url\":\"https:\/\/charente.catholique.fr\/grand-angouleme\/wp-content\/uploads\/sites\/2\/2021\/04\/paques-croix-resurection-lumiere.jpg\",\"contentUrl\":\"https:\/\/charente.catholique.fr\/grand-angouleme\/wp-content\/uploads\/sites\/2\/2021\/04\/paques-croix-resurection-lumiere.jpg\",\"width\":960,\"height\":540},{\"@type\":\"BreadcrumbList\",\"@id\":\"https:\/\/charente.catholique.fr\/grand-angouleme\/actualites\/homelie-de-paques-du-pere-laurent-maurin\/#breadcrumb\",\"itemListElement\":[{\"@type\":\"ListItem\",\"position\":1,\"name\":\"Accueil\",\"item\":\"https:\/\/charente.catholique.fr\/grand-angouleme\/\"},{\"@type\":\"ListItem\",\"position\":2,\"name\":\"Hom\u00e9lie de P\u00e2ques du P\u00e8re Laurent Maurin\"}]},{\"@type\":\"WebSite\",\"@id\":\"https:\/\/charente.catholique.fr\/grand-angouleme\/#website\",\"url\":\"https:\/\/charente.catholique.fr\/grand-angouleme\/\",\"name\":\"Doyenn\u00e9 Grand Angoul\u00eame - Dioc\u00e8se d'Angoul\u00eame\",\"description\":\"Dioc\u00e8se d&#039;Angoul\u00eame\",\"publisher\":{\"@id\":\"https:\/\/charente.catholique.fr\/grand-angouleme\/#organization\"},\"potentialAction\":[{\"@type\":\"SearchAction\",\"target\":{\"@type\":\"EntryPoint\",\"urlTemplate\":\"https:\/\/charente.catholique.fr\/grand-angouleme\/?s={search_term_string}\"},\"query-input\":{\"@type\":\"PropertyValueSpecification\",\"valueRequired\":true,\"valueName\":\"search_term_string\"}}],\"inLanguage\":\"fr-FR\"},{\"@type\":\"Organization\",\"@id\":\"https:\/\/charente.catholique.fr\/grand-angouleme\/#organization\",\"name\":\"Association Dioc\u00e9saine d'Angoul\u00eame\",\"url\":\"https:\/\/charente.catholique.fr\/grand-angouleme\/\",\"logo\":{\"@type\":\"ImageObject\",\"inLanguage\":\"fr-FR\",\"@id\":\"https:\/\/charente.catholique.fr\/grand-angouleme\/#\/schema\/logo\/image\/\",\"url\":\"https:\/\/charente.catholique.fr\/grand-angouleme\/wp-content\/uploads\/sites\/2\/2020\/10\/logos.png\",\"contentUrl\":\"https:\/\/charente.catholique.fr\/grand-angouleme\/wp-content\/uploads\/sites\/2\/2020\/10\/logos.png\",\"width\":600,\"height\":257,\"caption\":\"Association Dioc\u00e9saine d'Angoul\u00eame\"},\"image\":{\"@id\":\"https:\/\/charente.catholique.fr\/grand-angouleme\/#\/schema\/logo\/image\/\"},\"sameAs\":[\"https:\/\/www.facebook.com\/EgliseCatholiqueCharente\",\"https:\/\/x.com\/diocesecharente\",\"https:\/\/www.instagram.com\/eglisecharente\",\"https:\/\/www.youtube.com\/channel\/UCByyFWApZbw3gDTiADoiAaQ\"]},{\"@type\":\"Person\",\"@id\":\"https:\/\/charente.catholique.fr\/grand-angouleme\/#\/schema\/person\/f47795cb7efbd537deea624c9ff372d5\",\"name\":\"Yolande Lallemand\",\"image\":{\"@type\":\"ImageObject\",\"inLanguage\":\"fr-FR\",\"@id\":\"https:\/\/charente.catholique.fr\/grand-angouleme\/#\/schema\/person\/image\/\",\"url\":\"https:\/\/secure.gravatar.com\/avatar\/b5430949ac2d70ed67fb7aab0981e95c9dc9b76f2593de091ab69d1eb540a1b5?s=96&d=mm&r=g\",\"contentUrl\":\"https:\/\/secure.gravatar.com\/avatar\/b5430949ac2d70ed67fb7aab0981e95c9dc9b76f2593de091ab69d1eb540a1b5?s=96&d=mm&r=g\",\"caption\":\"Yolande Lallemand\"},\"url\":\"https:\/\/charente.catholique.fr\/grand-angouleme\/author\/yolandelallemand\/\"}]}<\/script>\n<!-- \/ Yoast SEO plugin. -->","yoast_head_json":{"title":"Hom\u00e9lie de P\u00e2ques du P\u00e8re Laurent Maurin - Doyenn\u00e9 Grand Angoul\u00eame","robots":{"index":"index","follow":"follow","max-snippet":"max-snippet:-1","max-image-preview":"max-image-preview:large","max-video-preview":"max-video-preview:-1"},"canonical":"https:\/\/charente.catholique.fr\/grand-angouleme\/actualites\/homelie-de-paques-du-pere-laurent-maurin\/","og_locale":"fr_FR","og_type":"article","og_title":"Hom\u00e9lie de P\u00e2ques du P\u00e8re Laurent Maurin - Doyenn\u00e9 Grand Angoul\u00eame","og_description":"R\u00e9surrection du Seigneur \u2014 Ann\u00e9e B Pour lire les textes de la messe : Jean 20, 1-9 Dimanche de P\u00e2ques \u00ab&nbsp;A vrai dire, on a envie d\u2019y croire. Et pas d\u2019autre choix que d\u2019esp\u00e9rer&nbsp;\u00bb. Ces deux courtes phrases ne sont pas extraites d\u2019un commentaire spirituel de l\u2019\u00e9vangile de la R\u00e9surrection du Christ, mais du d\u00e9but [&hellip;]","og_url":"https:\/\/charente.catholique.fr\/grand-angouleme\/actualites\/homelie-de-paques-du-pere-laurent-maurin\/","og_site_name":"Doyenn\u00e9 Grand Angoul\u00eame","article_publisher":"https:\/\/www.facebook.com\/EgliseCatholiqueCharente","article_published_time":"2021-04-06T09:27:13+00:00","article_modified_time":"2021-04-06T09:30:21+00:00","og_image":[{"width":960,"height":540,"url":"https:\/\/charente.catholique.fr\/grand-angouleme\/wp-content\/uploads\/sites\/2\/2021\/04\/paques-croix-resurection-lumiere.jpg","type":"image\/jpeg"}],"author":"Yolande Lallemand","twitter_card":"summary_large_image","twitter_creator":"@diocesecharente","twitter_site":"@diocesecharente","twitter_misc":{"\u00c9crit par":"Yolande Lallemand","Dur\u00e9e de lecture estim\u00e9e":"3 minutes"},"schema":{"@context":"https:\/\/schema.org","@graph":[{"@type":"Article","@id":"https:\/\/charente.catholique.fr\/grand-angouleme\/actualites\/homelie-de-paques-du-pere-laurent-maurin\/#article","isPartOf":{"@id":"https:\/\/charente.catholique.fr\/grand-angouleme\/actualites\/homelie-de-paques-du-pere-laurent-maurin\/"},"author":{"name":"Yolande Lallemand","@id":"https:\/\/charente.catholique.fr\/grand-angouleme\/#\/schema\/person\/f47795cb7efbd537deea624c9ff372d5"},"headline":"Hom\u00e9lie de P\u00e2ques du P\u00e8re Laurent Maurin","datePublished":"2021-04-06T09:27:13+00:00","dateModified":"2021-04-06T09:30:21+00:00","mainEntityOfPage":{"@id":"https:\/\/charente.catholique.fr\/grand-angouleme\/actualites\/homelie-de-paques-du-pere-laurent-maurin\/"},"wordCount":562,"commentCount":0,"publisher":{"@id":"https:\/\/charente.catholique.fr\/grand-angouleme\/#organization"},"image":{"@id":"https:\/\/charente.catholique.fr\/grand-angouleme\/actualites\/homelie-de-paques-du-pere-laurent-maurin\/#primaryimage"},"thumbnailUrl":"https:\/\/charente.catholique.fr\/grand-angouleme\/wp-content\/uploads\/sites\/2\/2021\/04\/paques-croix-resurection-lumiere.jpg","articleSection":["Actualit\u00e9s"],"inLanguage":"fr-FR","potentialAction":[{"@type":"CommentAction","name":"Comment","target":["https:\/\/charente.catholique.fr\/grand-angouleme\/actualites\/homelie-de-paques-du-pere-laurent-maurin\/#respond"]}]},{"@type":"WebPage","@id":"https:\/\/charente.catholique.fr\/grand-angouleme\/actualites\/homelie-de-paques-du-pere-laurent-maurin\/","url":"https:\/\/charente.catholique.fr\/grand-angouleme\/actualites\/homelie-de-paques-du-pere-laurent-maurin\/","name":"Hom\u00e9lie de P\u00e2ques du P\u00e8re Laurent Maurin - Doyenn\u00e9 Grand Angoul\u00eame","isPartOf":{"@id":"https:\/\/charente.catholique.fr\/grand-angouleme\/#website"},"primaryImageOfPage":{"@id":"https:\/\/charente.catholique.fr\/grand-angouleme\/actualites\/homelie-de-paques-du-pere-laurent-maurin\/#primaryimage"},"image":{"@id":"https:\/\/charente.catholique.fr\/grand-angouleme\/actualites\/homelie-de-paques-du-pere-laurent-maurin\/#primaryimage"},"thumbnailUrl":"https:\/\/charente.catholique.fr\/grand-angouleme\/wp-content\/uploads\/sites\/2\/2021\/04\/paques-croix-resurection-lumiere.jpg","datePublished":"2021-04-06T09:27:13+00:00","dateModified":"2021-04-06T09:30:21+00:00","breadcrumb":{"@id":"https:\/\/charente.catholique.fr\/grand-angouleme\/actualites\/homelie-de-paques-du-pere-laurent-maurin\/#breadcrumb"},"inLanguage":"fr-FR","potentialAction":[{"@type":"ReadAction","target":["https:\/\/charente.catholique.fr\/grand-angouleme\/actualites\/homelie-de-paques-du-pere-laurent-maurin\/"]}]},{"@type":"ImageObject","inLanguage":"fr-FR","@id":"https:\/\/charente.catholique.fr\/grand-angouleme\/actualites\/homelie-de-paques-du-pere-laurent-maurin\/#primaryimage","url":"https:\/\/charente.catholique.fr\/grand-angouleme\/wp-content\/uploads\/sites\/2\/2021\/04\/paques-croix-resurection-lumiere.jpg","contentUrl":"https:\/\/charente.catholique.fr\/grand-angouleme\/wp-content\/uploads\/sites\/2\/2021\/04\/paques-croix-resurection-lumiere.jpg","width":960,"height":540},{"@type":"BreadcrumbList","@id":"https:\/\/charente.catholique.fr\/grand-angouleme\/actualites\/homelie-de-paques-du-pere-laurent-maurin\/#breadcrumb","itemListElement":[{"@type":"ListItem","position":1,"name":"Accueil","item":"https:\/\/charente.catholique.fr\/grand-angouleme\/"},{"@type":"ListItem","position":2,"name":"Hom\u00e9lie de P\u00e2ques du P\u00e8re Laurent Maurin"}]},{"@type":"WebSite","@id":"https:\/\/charente.catholique.fr\/grand-angouleme\/#website","url":"https:\/\/charente.catholique.fr\/grand-angouleme\/","name":"Doyenn\u00e9 Grand Angoul\u00eame - Dioc\u00e8se d'Angoul\u00eame","description":"Dioc\u00e8se d&#039;Angoul\u00eame","publisher":{"@id":"https:\/\/charente.catholique.fr\/grand-angouleme\/#organization"},"potentialAction":[{"@type":"SearchAction","target":{"@type":"EntryPoint","urlTemplate":"https:\/\/charente.catholique.fr\/grand-angouleme\/?s={search_term_string}"},"query-input":{"@type":"PropertyValueSpecification","valueRequired":true,"valueName":"search_term_string"}}],"inLanguage":"fr-FR"},{"@type":"Organization","@id":"https:\/\/charente.catholique.fr\/grand-angouleme\/#organization","name":"Association Dioc\u00e9saine d'Angoul\u00eame","url":"https:\/\/charente.catholique.fr\/grand-angouleme\/","logo":{"@type":"ImageObject","inLanguage":"fr-FR","@id":"https:\/\/charente.catholique.fr\/grand-angouleme\/#\/schema\/logo\/image\/","url":"https:\/\/charente.catholique.fr\/grand-angouleme\/wp-content\/uploads\/sites\/2\/2020\/10\/logos.png","contentUrl":"https:\/\/charente.catholique.fr\/grand-angouleme\/wp-content\/uploads\/sites\/2\/2020\/10\/logos.png","width":600,"height":257,"caption":"Association Dioc\u00e9saine d'Angoul\u00eame"},"image":{"@id":"https:\/\/charente.catholique.fr\/grand-angouleme\/#\/schema\/logo\/image\/"},"sameAs":["https:\/\/www.facebook.com\/EgliseCatholiqueCharente","https:\/\/x.com\/diocesecharente","https:\/\/www.instagram.com\/eglisecharente","https:\/\/www.youtube.com\/channel\/UCByyFWApZbw3gDTiADoiAaQ"]},{"@type":"Person","@id":"https:\/\/charente.catholique.fr\/grand-angouleme\/#\/schema\/person\/f47795cb7efbd537deea624c9ff372d5","name":"Yolande Lallemand","image":{"@type":"ImageObject","inLanguage":"fr-FR","@id":"https:\/\/charente.catholique.fr\/grand-angouleme\/#\/schema\/person\/image\/","url":"https:\/\/secure.gravatar.com\/avatar\/b5430949ac2d70ed67fb7aab0981e95c9dc9b76f2593de091ab69d1eb540a1b5?s=96&d=mm&r=g","contentUrl":"https:\/\/secure.gravatar.com\/avatar\/b5430949ac2d70ed67fb7aab0981e95c9dc9b76f2593de091ab69d1eb540a1b5?s=96&d=mm&r=g","caption":"Yolande Lallemand"},"url":"https:\/\/charente.catholique.fr\/grand-angouleme\/author\/yolandelallemand\/"}]}},"_links":{"self":[{"href":"https:\/\/charente.catholique.fr\/grand-angouleme\/wp-json\/wp\/v2\/posts\/4760","targetHints":{"allow":["GET"]}}],"collection":[{"href":"https:\/\/charente.catholique.fr\/grand-angouleme\/wp-json\/wp\/v2\/posts"}],"about":[{"href":"https:\/\/charente.catholique.fr\/grand-angouleme\/wp-json\/wp\/v2\/types\/post"}],"author":[{"embeddable":true,"href":"https:\/\/charente.catholique.fr\/grand-angouleme\/wp-json\/wp\/v2\/users\/27"}],"replies":[{"embeddable":true,"href":"https:\/\/charente.catholique.fr\/grand-angouleme\/wp-json\/wp\/v2\/comments?post=4760"}],"version-history":[{"count":4,"href":"https:\/\/charente.catholique.fr\/grand-angouleme\/wp-json\/wp\/v2\/posts\/4760\/revisions"}],"predecessor-version":[{"id":4766,"href":"https:\/\/charente.catholique.fr\/grand-angouleme\/wp-json\/wp\/v2\/posts\/4760\/revisions\/4766"}],"wp:featuredmedia":[{"embeddable":true,"href":"https:\/\/charente.catholique.fr\/grand-angouleme\/wp-json\/wp\/v2\/media\/4761"}],"wp:attachment":[{"href":"https:\/\/charente.catholique.fr\/grand-angouleme\/wp-json\/wp\/v2\/media?parent=4760"}],"wp:term":[{"taxonomy":"category","embeddable":true,"href":"https:\/\/charente.catholique.fr\/grand-angouleme\/wp-json\/wp\/v2\/categories?post=4760"},{"taxonomy":"post_tag","embeddable":true,"href":"https:\/\/charente.catholique.fr\/grand-angouleme\/wp-json\/wp\/v2\/tags?post=4760"}],"curies":[{"name":"wp","href":"https:\/\/api.w.org\/{rel}","templated":true}]}}