{"id":4568,"date":"2021-03-21T16:42:59","date_gmt":"2021-03-21T15:42:59","guid":{"rendered":"https:\/\/charente.catholique.fr\/grand-angouleme\/?p=4568"},"modified":"2021-03-21T20:42:07","modified_gmt":"2021-03-21T19:42:07","slug":"homelie-de-jacques-bonnet-diacre-5eme-dimanche-de-careme-b","status":"publish","type":"post","link":"https:\/\/charente.catholique.fr\/grand-angouleme\/actualites\/homelie-de-jacques-bonnet-diacre-5eme-dimanche-de-careme-b\/","title":{"rendered":"Hom\u00e9lie de Jacques Bonnet, diacre, 5\u00e8me dimanche de Car\u00eame B"},"content":{"rendered":"\n<p class=\"has-medium-font-size\"><strong><a href=\"https:\/\/www.aelf.org\/2021-03-21\/romain\/messe\">Textes du jour<\/a><\/strong><\/p>\n\n\n\n<div style=\"height:20px\" aria-hidden=\"true\" class=\"wp-block-spacer\"><\/div>\n\n\n\n<p class=\"has-medium-font-size\"><strong>Introduction<\/strong><\/p>\n\n\n\n<div style=\"height:20px\" aria-hidden=\"true\" class=\"wp-block-spacer\"><\/div>\n\n\n\n<div class=\"wp-block-media-text alignwide is-stacked-on-mobile\" style=\"grid-template-columns:39% auto\"><figure class=\"wp-block-media-text__media\"><img loading=\"lazy\" decoding=\"async\" width=\"744\" height=\"1080\" src=\"https:\/\/charente.catholique.fr\/grand-angouleme\/wp-content\/uploads\/sites\/2\/2021\/03\/croix-et-grain-de-ble-1-744x1080.jpg\" alt=\"\" class=\"wp-image-4570 size-full\" srcset=\"https:\/\/charente.catholique.fr\/grand-angouleme\/wp-content\/uploads\/sites\/2\/2021\/03\/croix-et-grain-de-ble-1-744x1080.jpg 744w, https:\/\/charente.catholique.fr\/grand-angouleme\/wp-content\/uploads\/sites\/2\/2021\/03\/croix-et-grain-de-ble-1-207x300.jpg 207w, https:\/\/charente.catholique.fr\/grand-angouleme\/wp-content\/uploads\/sites\/2\/2021\/03\/croix-et-grain-de-ble-1-768x1115.jpg 768w, https:\/\/charente.catholique.fr\/grand-angouleme\/wp-content\/uploads\/sites\/2\/2021\/03\/croix-et-grain-de-ble-1-1058x1536.jpg 1058w, https:\/\/charente.catholique.fr\/grand-angouleme\/wp-content\/uploads\/sites\/2\/2021\/03\/croix-et-grain-de-ble-1-1410x2048.jpg 1410w, https:\/\/charente.catholique.fr\/grand-angouleme\/wp-content\/uploads\/sites\/2\/2021\/03\/croix-et-grain-de-ble-1-scaled.jpg 1763w\" sizes=\"auto, (max-width: 744px) 100vw, 744px\" \/><\/figure><div class=\"wp-block-media-text__content\">\n<p class=\"has-medium-font-size\">&#8220;Nous voudrions voir J\u00e9sus&#8221; disent \u00e0 Philippe des Grecs pr\u00e9sents \u00e0 J\u00e9rusalem. Ils ont besoin d&#8217;interm\u00e9diaire pour voir J\u00e9sus. Sommes-nous pouss\u00e9s aujourd&#8217;hui par ce m\u00eame d\u00e9sir de voir J\u00e9sus ?<\/p>\n\n\n\n<p class=\"has-medium-font-size\">Pour nous aussi la rencontre de J\u00e9sus passe par un interm\u00e9diaire : il s&#8217;agit pour nous d&#8217;une rencontre \u00e0 l&#8217;int\u00e9rieur de nous dans l&#8217;autre, notre prochain. Avons-nous conscience que nous devons, \u00e0 notre tour, \u00eatre interm\u00e9diaire entre J\u00e9sus et l&#8217;autre que nous cotoyons ?<\/p>\n\n\n\n<p class=\"has-medium-font-size\">Alors J\u00e9sus peut s&#8217;approcher de nous comme un grain de bl\u00e9 enfoui en terre : &#8220;Quand je serai \u00e9lev\u00e9 de terre j&#8217;attirerai tous les hommes \u00e0 moi&#8221; Est-ce que cela nous arrive de voir J\u00e9sus ainsi ? Celui dont tout le poids rend l&#8217;\u00e9quilibre \u00e0 notre monde souvent boulevers\u00e9 ?<\/p>\n\n\n\n<p><\/p>\n<\/div><\/div>\n\n\n\n<div style=\"height:20px\" aria-hidden=\"true\" class=\"wp-block-spacer\"><\/div>\n\n\n\n<p class=\"has-medium-font-size\"><strong>Hom\u00e9lie de Jacques Bonnet, diacre.<\/strong><\/p>\n\n\n\n<div class=\"wp-block-image\"><figure class=\"aligncenter size-large is-resized\"><img loading=\"lazy\" decoding=\"async\" src=\"https:\/\/charente.catholique.fr\/grand-angouleme\/wp-content\/uploads\/sites\/2\/2021\/03\/Apparition-de-Jesus-aux-apotres-Buoninsegna.jpg\" alt=\"\" class=\"wp-image-4571\" width=\"880\" height=\"518\" srcset=\"https:\/\/charente.catholique.fr\/grand-angouleme\/wp-content\/uploads\/sites\/2\/2021\/03\/Apparition-de-Jesus-aux-apotres-Buoninsegna.jpg 550w, https:\/\/charente.catholique.fr\/grand-angouleme\/wp-content\/uploads\/sites\/2\/2021\/03\/Apparition-de-Jesus-aux-apotres-Buoninsegna-300x177.jpg 300w\" sizes=\"auto, (max-width: 880px) 100vw, 880px\" \/><\/figure><\/div>\n\n\n\n<p class=\"has-text-align-left has-medium-font-size\"><strong><span class=\"has-inline-color has-grand-angouleme-color\">&#8220;Et moi, quand j&#8217;aurai \u00e9t\u00e9 \u00e9lev\u00e9 de terre<\/span><\/strong><span class=\"has-inline-color has-grand-angouleme-color\">,<\/span> <strong><span class=\"has-inline-color has-grand-angouleme-color\">j&#8217;attirerai tous les hommes&#8221;<\/span><\/strong><\/p>\n\n\n\n<div style=\"height:20px\" aria-hidden=\"true\" class=\"wp-block-spacer\"><\/div>\n\n\n\n<figure class=\"wp-block-audio\"><audio controls src=\"https:\/\/charente.catholique.fr\/grand-angouleme\/wp-content\/uploads\/sites\/2\/2021\/03\/12.-homelie-de-Jacques-Bonnet-diacre-pour-le-5eme-dimanche-de-Careme-B.mp3\"><\/audio><\/figure>\n\n\n\n<div style=\"height:20px\" aria-hidden=\"true\" class=\"wp-block-spacer\"><\/div>\n\n\n\n<div style=\"height:20px\" aria-hidden=\"true\" class=\"wp-block-spacer\"><\/div>\n\n\n\n<p class=\"has-medium-font-size\"><strong>Pri\u00e8re universelle<\/strong><\/p>\n\n\n\n<div style=\"height:20px\" aria-hidden=\"true\" class=\"wp-block-spacer\"><\/div>\n\n\n\n<p class=\"has-medium-font-size\"><strong>&#8220;Des Grecs voulaient voir J\u00e9sus&#8221;<\/strong> Seigneur, nous te confions ceux qui te cherchent parfois sans le savoir vraiment. Nous te confions les futurs baptis\u00e9s, les confirmands de ce matin.  Qu&#8217;ils trouvent aupr\u00e8s d&#8217;eux des t\u00e9moins de ta Parole. Nous te prions.<\/p>\n\n\n\n<p class=\"has-medium-font-size\"><strong>&#8220;Celui qui aime perd sa vie&#8221;<\/strong> dit J\u00e9sus. Aujourd&#8217;hui c&#8217;est la journ\u00e9e du CCFD. Seigneur, nous te confions toutes les personnes ici et ailleurs qui se mettent au service des plus fragiles, toutes les personnes qui \u0153uvrent dans tous les domaines pour que chaque homme, femme, enfant l\u00e0 o\u00f9 il se trouve puisse vivre dans la dignit\u00e9. Nous te prions.<\/p>\n\n\n\n<p class=\"has-medium-font-size\">Depuis une ann\u00e9e le virus a boulevers\u00e9 les liens sociaux, la vie de tous les jours dans le monde. Seigneur, ouvre nos yeux et notre c\u0153ur sur notre interd\u00e9pendance, nous sommes chacun les maillons fragiles d&#8217;une longue cha\u00eene que nous devons prot\u00e9ger. Nous te prions.<\/p>\n\n\n\n<p class=\"has-medium-font-size\">Seigneur, nous te confions notre communaut\u00e9, ceux qui sont pr\u00e9sents et ceux qui sont absents que nous n&#8217;oublions pas. Ils nous accompagnent. Nous te prions<\/p>\n","protected":false},"excerpt":{"rendered":"<p>Textes du jour Introduction &#8220;Nous voudrions voir J\u00e9sus&#8221; disent \u00e0 Philippe des Grecs pr\u00e9sents \u00e0 J\u00e9rusalem. Ils ont besoin d&#8217;interm\u00e9diaire pour voir J\u00e9sus. Sommes-nous pouss\u00e9s aujourd&#8217;hui par ce m\u00eame d\u00e9sir de voir J\u00e9sus ? Pour nous aussi la rencontre de J\u00e9sus passe par un interm\u00e9diaire : il s&#8217;agit pour nous d&#8217;une rencontre \u00e0 l&#8217;int\u00e9rieur de [&hellip;]<\/p>\n","protected":false},"author":22,"featured_media":4573,"comment_status":"open","ping_status":"open","sticky":false,"template":"","format":"standard","meta":{"_acf_changed":false,"paroisse":["0"],"service":["0"],"footnotes":""},"categories":[1],"tags":[],"class_list":["post-4568","post","type-post","status-publish","format-standard","has-post-thumbnail","hentry","category-actualites"],"acf":[],"yoast_head":"<!-- This site is optimized with the Yoast SEO plugin v27.1.1 - https:\/\/yoast.com\/product\/yoast-seo-wordpress\/ -->\n<title>Hom\u00e9lie de Jacques Bonnet, diacre, 5\u00e8me dimanche de Car\u00eame B - Doyenn\u00e9 Grand Angoul\u00eame<\/title>\n<meta name=\"robots\" content=\"index, follow, max-snippet:-1, max-image-preview:large, max-video-preview:-1\" \/>\n<link rel=\"canonical\" href=\"https:\/\/charente.catholique.fr\/grand-angouleme\/actualites\/homelie-de-jacques-bonnet-diacre-5eme-dimanche-de-careme-b\/\" \/>\n<meta property=\"og:locale\" content=\"fr_FR\" \/>\n<meta property=\"og:type\" content=\"article\" \/>\n<meta property=\"og:title\" content=\"Hom\u00e9lie de Jacques Bonnet, diacre, 5\u00e8me dimanche de Car\u00eame B - Doyenn\u00e9 Grand Angoul\u00eame\" \/>\n<meta property=\"og:description\" content=\"Textes du jour Introduction &#8220;Nous voudrions voir J\u00e9sus&#8221; disent \u00e0 Philippe des Grecs pr\u00e9sents \u00e0 J\u00e9rusalem. Ils ont besoin d&#8217;interm\u00e9diaire pour voir J\u00e9sus. Sommes-nous pouss\u00e9s aujourd&#8217;hui par ce m\u00eame d\u00e9sir de voir J\u00e9sus ? Pour nous aussi la rencontre de J\u00e9sus passe par un interm\u00e9diaire : il s&#8217;agit pour nous d&#8217;une rencontre \u00e0 l&#8217;int\u00e9rieur de [&hellip;]\" \/>\n<meta property=\"og:url\" content=\"https:\/\/charente.catholique.fr\/grand-angouleme\/actualites\/homelie-de-jacques-bonnet-diacre-5eme-dimanche-de-careme-b\/\" \/>\n<meta property=\"og:site_name\" content=\"Doyenn\u00e9 Grand Angoul\u00eame\" \/>\n<meta property=\"article:publisher\" content=\"https:\/\/www.facebook.com\/EgliseCatholiqueCharente\" \/>\n<meta property=\"article:published_time\" content=\"2021-03-21T15:42:59+00:00\" \/>\n<meta property=\"article:modified_time\" content=\"2021-03-21T19:42:07+00:00\" \/>\n<meta property=\"og:image\" content=\"https:\/\/charente.catholique.fr\/grand-angouleme\/wp-content\/uploads\/sites\/2\/2021\/03\/apparition-de-jesus-aux-apotres-buoninsegna-1.jpg\" \/>\n\t<meta property=\"og:image:width\" content=\"1200\" \/>\n\t<meta property=\"og:image:height\" content=\"369\" \/>\n\t<meta property=\"og:image:type\" content=\"image\/jpeg\" \/>\n<meta name=\"author\" content=\"Janine Laborde\" \/>\n<meta name=\"twitter:card\" content=\"summary_large_image\" \/>\n<meta name=\"twitter:creator\" content=\"@diocesecharente\" \/>\n<meta name=\"twitter:site\" content=\"@diocesecharente\" \/>\n<meta name=\"twitter:label1\" content=\"\u00c9crit par\" \/>\n\t<meta name=\"twitter:data1\" content=\"Janine Laborde\" \/>\n\t<meta name=\"twitter:label2\" content=\"Dur\u00e9e de lecture estim\u00e9e\" \/>\n\t<meta name=\"twitter:data2\" content=\"2 minutes\" \/>\n<script type=\"application\/ld+json\" class=\"yoast-schema-graph\">{\"@context\":\"https:\/\/schema.org\",\"@graph\":[{\"@type\":\"Article\",\"@id\":\"https:\/\/charente.catholique.fr\/grand-angouleme\/actualites\/homelie-de-jacques-bonnet-diacre-5eme-dimanche-de-careme-b\/#article\",\"isPartOf\":{\"@id\":\"https:\/\/charente.catholique.fr\/grand-angouleme\/actualites\/homelie-de-jacques-bonnet-diacre-5eme-dimanche-de-careme-b\/\"},\"author\":{\"name\":\"Janine Laborde\",\"@id\":\"https:\/\/charente.catholique.fr\/grand-angouleme\/#\/schema\/person\/898f693d8a5f95b1bf02828f73967b47\"},\"headline\":\"Hom\u00e9lie de Jacques Bonnet, diacre, 5\u00e8me dimanche de Car\u00eame B\",\"datePublished\":\"2021-03-21T15:42:59+00:00\",\"dateModified\":\"2021-03-21T19:42:07+00:00\",\"mainEntityOfPage\":{\"@id\":\"https:\/\/charente.catholique.fr\/grand-angouleme\/actualites\/homelie-de-jacques-bonnet-diacre-5eme-dimanche-de-careme-b\/\"},\"wordCount\":366,\"commentCount\":1,\"publisher\":{\"@id\":\"https:\/\/charente.catholique.fr\/grand-angouleme\/#organization\"},\"image\":{\"@id\":\"https:\/\/charente.catholique.fr\/grand-angouleme\/actualites\/homelie-de-jacques-bonnet-diacre-5eme-dimanche-de-careme-b\/#primaryimage\"},\"thumbnailUrl\":\"https:\/\/charente.catholique.fr\/grand-angouleme\/wp-content\/uploads\/sites\/2\/2021\/03\/apparition-de-jesus-aux-apotres-buoninsegna-1.jpg\",\"articleSection\":[\"Actualit\u00e9s\"],\"inLanguage\":\"fr-FR\",\"potentialAction\":[{\"@type\":\"CommentAction\",\"name\":\"Comment\",\"target\":[\"https:\/\/charente.catholique.fr\/grand-angouleme\/actualites\/homelie-de-jacques-bonnet-diacre-5eme-dimanche-de-careme-b\/#respond\"]}]},{\"@type\":\"WebPage\",\"@id\":\"https:\/\/charente.catholique.fr\/grand-angouleme\/actualites\/homelie-de-jacques-bonnet-diacre-5eme-dimanche-de-careme-b\/\",\"url\":\"https:\/\/charente.catholique.fr\/grand-angouleme\/actualites\/homelie-de-jacques-bonnet-diacre-5eme-dimanche-de-careme-b\/\",\"name\":\"Hom\u00e9lie de Jacques Bonnet, diacre, 5\u00e8me dimanche de Car\u00eame B - Doyenn\u00e9 Grand Angoul\u00eame\",\"isPartOf\":{\"@id\":\"https:\/\/charente.catholique.fr\/grand-angouleme\/#website\"},\"primaryImageOfPage\":{\"@id\":\"https:\/\/charente.catholique.fr\/grand-angouleme\/actualites\/homelie-de-jacques-bonnet-diacre-5eme-dimanche-de-careme-b\/#primaryimage\"},\"image\":{\"@id\":\"https:\/\/charente.catholique.fr\/grand-angouleme\/actualites\/homelie-de-jacques-bonnet-diacre-5eme-dimanche-de-careme-b\/#primaryimage\"},\"thumbnailUrl\":\"https:\/\/charente.catholique.fr\/grand-angouleme\/wp-content\/uploads\/sites\/2\/2021\/03\/apparition-de-jesus-aux-apotres-buoninsegna-1.jpg\",\"datePublished\":\"2021-03-21T15:42:59+00:00\",\"dateModified\":\"2021-03-21T19:42:07+00:00\",\"breadcrumb\":{\"@id\":\"https:\/\/charente.catholique.fr\/grand-angouleme\/actualites\/homelie-de-jacques-bonnet-diacre-5eme-dimanche-de-careme-b\/#breadcrumb\"},\"inLanguage\":\"fr-FR\",\"potentialAction\":[{\"@type\":\"ReadAction\",\"target\":[\"https:\/\/charente.catholique.fr\/grand-angouleme\/actualites\/homelie-de-jacques-bonnet-diacre-5eme-dimanche-de-careme-b\/\"]}]},{\"@type\":\"ImageObject\",\"inLanguage\":\"fr-FR\",\"@id\":\"https:\/\/charente.catholique.fr\/grand-angouleme\/actualites\/homelie-de-jacques-bonnet-diacre-5eme-dimanche-de-careme-b\/#primaryimage\",\"url\":\"https:\/\/charente.catholique.fr\/grand-angouleme\/wp-content\/uploads\/sites\/2\/2021\/03\/apparition-de-jesus-aux-apotres-buoninsegna-1.jpg\",\"contentUrl\":\"https:\/\/charente.catholique.fr\/grand-angouleme\/wp-content\/uploads\/sites\/2\/2021\/03\/apparition-de-jesus-aux-apotres-buoninsegna-1.jpg\",\"width\":1200,\"height\":369},{\"@type\":\"BreadcrumbList\",\"@id\":\"https:\/\/charente.catholique.fr\/grand-angouleme\/actualites\/homelie-de-jacques-bonnet-diacre-5eme-dimanche-de-careme-b\/#breadcrumb\",\"itemListElement\":[{\"@type\":\"ListItem\",\"position\":1,\"name\":\"Accueil\",\"item\":\"https:\/\/charente.catholique.fr\/grand-angouleme\/\"},{\"@type\":\"ListItem\",\"position\":2,\"name\":\"Hom\u00e9lie de Jacques Bonnet, diacre, 5\u00e8me dimanche de Car\u00eame B\"}]},{\"@type\":\"WebSite\",\"@id\":\"https:\/\/charente.catholique.fr\/grand-angouleme\/#website\",\"url\":\"https:\/\/charente.catholique.fr\/grand-angouleme\/\",\"name\":\"Doyenn\u00e9 Grand Angoul\u00eame - Dioc\u00e8se d'Angoul\u00eame\",\"description\":\"Dioc\u00e8se d&#039;Angoul\u00eame\",\"publisher\":{\"@id\":\"https:\/\/charente.catholique.fr\/grand-angouleme\/#organization\"},\"potentialAction\":[{\"@type\":\"SearchAction\",\"target\":{\"@type\":\"EntryPoint\",\"urlTemplate\":\"https:\/\/charente.catholique.fr\/grand-angouleme\/?s={search_term_string}\"},\"query-input\":{\"@type\":\"PropertyValueSpecification\",\"valueRequired\":true,\"valueName\":\"search_term_string\"}}],\"inLanguage\":\"fr-FR\"},{\"@type\":\"Organization\",\"@id\":\"https:\/\/charente.catholique.fr\/grand-angouleme\/#organization\",\"name\":\"Association Dioc\u00e9saine d'Angoul\u00eame\",\"url\":\"https:\/\/charente.catholique.fr\/grand-angouleme\/\",\"logo\":{\"@type\":\"ImageObject\",\"inLanguage\":\"fr-FR\",\"@id\":\"https:\/\/charente.catholique.fr\/grand-angouleme\/#\/schema\/logo\/image\/\",\"url\":\"https:\/\/charente.catholique.fr\/grand-angouleme\/wp-content\/uploads\/sites\/2\/2020\/10\/logos.png\",\"contentUrl\":\"https:\/\/charente.catholique.fr\/grand-angouleme\/wp-content\/uploads\/sites\/2\/2020\/10\/logos.png\",\"width\":600,\"height\":257,\"caption\":\"Association Dioc\u00e9saine d'Angoul\u00eame\"},\"image\":{\"@id\":\"https:\/\/charente.catholique.fr\/grand-angouleme\/#\/schema\/logo\/image\/\"},\"sameAs\":[\"https:\/\/www.facebook.com\/EgliseCatholiqueCharente\",\"https:\/\/x.com\/diocesecharente\",\"https:\/\/www.instagram.com\/eglisecharente\",\"https:\/\/www.youtube.com\/channel\/UCByyFWApZbw3gDTiADoiAaQ\"]},{\"@type\":\"Person\",\"@id\":\"https:\/\/charente.catholique.fr\/grand-angouleme\/#\/schema\/person\/898f693d8a5f95b1bf02828f73967b47\",\"name\":\"Janine Laborde\",\"image\":{\"@type\":\"ImageObject\",\"inLanguage\":\"fr-FR\",\"@id\":\"https:\/\/charente.catholique.fr\/grand-angouleme\/#\/schema\/person\/image\/\",\"url\":\"https:\/\/secure.gravatar.com\/avatar\/a8f3185ff2f6cee7d79c60e904004ccb6107bdc3e38d176acfc1ee42b62a994e?s=96&d=mm&r=g\",\"contentUrl\":\"https:\/\/secure.gravatar.com\/avatar\/a8f3185ff2f6cee7d79c60e904004ccb6107bdc3e38d176acfc1ee42b62a994e?s=96&d=mm&r=g\",\"caption\":\"Janine Laborde\"},\"url\":\"https:\/\/charente.catholique.fr\/grand-angouleme\/author\/janinelaborde\/\"}]}<\/script>\n<!-- \/ Yoast SEO plugin. -->","yoast_head_json":{"title":"Hom\u00e9lie de Jacques Bonnet, diacre, 5\u00e8me dimanche de Car\u00eame B - Doyenn\u00e9 Grand Angoul\u00eame","robots":{"index":"index","follow":"follow","max-snippet":"max-snippet:-1","max-image-preview":"max-image-preview:large","max-video-preview":"max-video-preview:-1"},"canonical":"https:\/\/charente.catholique.fr\/grand-angouleme\/actualites\/homelie-de-jacques-bonnet-diacre-5eme-dimanche-de-careme-b\/","og_locale":"fr_FR","og_type":"article","og_title":"Hom\u00e9lie de Jacques Bonnet, diacre, 5\u00e8me dimanche de Car\u00eame B - Doyenn\u00e9 Grand Angoul\u00eame","og_description":"Textes du jour Introduction &#8220;Nous voudrions voir J\u00e9sus&#8221; disent \u00e0 Philippe des Grecs pr\u00e9sents \u00e0 J\u00e9rusalem. Ils ont besoin d&#8217;interm\u00e9diaire pour voir J\u00e9sus. Sommes-nous pouss\u00e9s aujourd&#8217;hui par ce m\u00eame d\u00e9sir de voir J\u00e9sus ? Pour nous aussi la rencontre de J\u00e9sus passe par un interm\u00e9diaire : il s&#8217;agit pour nous d&#8217;une rencontre \u00e0 l&#8217;int\u00e9rieur de [&hellip;]","og_url":"https:\/\/charente.catholique.fr\/grand-angouleme\/actualites\/homelie-de-jacques-bonnet-diacre-5eme-dimanche-de-careme-b\/","og_site_name":"Doyenn\u00e9 Grand Angoul\u00eame","article_publisher":"https:\/\/www.facebook.com\/EgliseCatholiqueCharente","article_published_time":"2021-03-21T15:42:59+00:00","article_modified_time":"2021-03-21T19:42:07+00:00","og_image":[{"width":1200,"height":369,"url":"https:\/\/charente.catholique.fr\/grand-angouleme\/wp-content\/uploads\/sites\/2\/2021\/03\/apparition-de-jesus-aux-apotres-buoninsegna-1.jpg","type":"image\/jpeg"}],"author":"Janine Laborde","twitter_card":"summary_large_image","twitter_creator":"@diocesecharente","twitter_site":"@diocesecharente","twitter_misc":{"\u00c9crit par":"Janine Laborde","Dur\u00e9e de lecture estim\u00e9e":"2 minutes"},"schema":{"@context":"https:\/\/schema.org","@graph":[{"@type":"Article","@id":"https:\/\/charente.catholique.fr\/grand-angouleme\/actualites\/homelie-de-jacques-bonnet-diacre-5eme-dimanche-de-careme-b\/#article","isPartOf":{"@id":"https:\/\/charente.catholique.fr\/grand-angouleme\/actualites\/homelie-de-jacques-bonnet-diacre-5eme-dimanche-de-careme-b\/"},"author":{"name":"Janine Laborde","@id":"https:\/\/charente.catholique.fr\/grand-angouleme\/#\/schema\/person\/898f693d8a5f95b1bf02828f73967b47"},"headline":"Hom\u00e9lie de Jacques Bonnet, diacre, 5\u00e8me dimanche de Car\u00eame B","datePublished":"2021-03-21T15:42:59+00:00","dateModified":"2021-03-21T19:42:07+00:00","mainEntityOfPage":{"@id":"https:\/\/charente.catholique.fr\/grand-angouleme\/actualites\/homelie-de-jacques-bonnet-diacre-5eme-dimanche-de-careme-b\/"},"wordCount":366,"commentCount":1,"publisher":{"@id":"https:\/\/charente.catholique.fr\/grand-angouleme\/#organization"},"image":{"@id":"https:\/\/charente.catholique.fr\/grand-angouleme\/actualites\/homelie-de-jacques-bonnet-diacre-5eme-dimanche-de-careme-b\/#primaryimage"},"thumbnailUrl":"https:\/\/charente.catholique.fr\/grand-angouleme\/wp-content\/uploads\/sites\/2\/2021\/03\/apparition-de-jesus-aux-apotres-buoninsegna-1.jpg","articleSection":["Actualit\u00e9s"],"inLanguage":"fr-FR","potentialAction":[{"@type":"CommentAction","name":"Comment","target":["https:\/\/charente.catholique.fr\/grand-angouleme\/actualites\/homelie-de-jacques-bonnet-diacre-5eme-dimanche-de-careme-b\/#respond"]}]},{"@type":"WebPage","@id":"https:\/\/charente.catholique.fr\/grand-angouleme\/actualites\/homelie-de-jacques-bonnet-diacre-5eme-dimanche-de-careme-b\/","url":"https:\/\/charente.catholique.fr\/grand-angouleme\/actualites\/homelie-de-jacques-bonnet-diacre-5eme-dimanche-de-careme-b\/","name":"Hom\u00e9lie de Jacques Bonnet, diacre, 5\u00e8me dimanche de Car\u00eame B - Doyenn\u00e9 Grand Angoul\u00eame","isPartOf":{"@id":"https:\/\/charente.catholique.fr\/grand-angouleme\/#website"},"primaryImageOfPage":{"@id":"https:\/\/charente.catholique.fr\/grand-angouleme\/actualites\/homelie-de-jacques-bonnet-diacre-5eme-dimanche-de-careme-b\/#primaryimage"},"image":{"@id":"https:\/\/charente.catholique.fr\/grand-angouleme\/actualites\/homelie-de-jacques-bonnet-diacre-5eme-dimanche-de-careme-b\/#primaryimage"},"thumbnailUrl":"https:\/\/charente.catholique.fr\/grand-angouleme\/wp-content\/uploads\/sites\/2\/2021\/03\/apparition-de-jesus-aux-apotres-buoninsegna-1.jpg","datePublished":"2021-03-21T15:42:59+00:00","dateModified":"2021-03-21T19:42:07+00:00","breadcrumb":{"@id":"https:\/\/charente.catholique.fr\/grand-angouleme\/actualites\/homelie-de-jacques-bonnet-diacre-5eme-dimanche-de-careme-b\/#breadcrumb"},"inLanguage":"fr-FR","potentialAction":[{"@type":"ReadAction","target":["https:\/\/charente.catholique.fr\/grand-angouleme\/actualites\/homelie-de-jacques-bonnet-diacre-5eme-dimanche-de-careme-b\/"]}]},{"@type":"ImageObject","inLanguage":"fr-FR","@id":"https:\/\/charente.catholique.fr\/grand-angouleme\/actualites\/homelie-de-jacques-bonnet-diacre-5eme-dimanche-de-careme-b\/#primaryimage","url":"https:\/\/charente.catholique.fr\/grand-angouleme\/wp-content\/uploads\/sites\/2\/2021\/03\/apparition-de-jesus-aux-apotres-buoninsegna-1.jpg","contentUrl":"https:\/\/charente.catholique.fr\/grand-angouleme\/wp-content\/uploads\/sites\/2\/2021\/03\/apparition-de-jesus-aux-apotres-buoninsegna-1.jpg","width":1200,"height":369},{"@type":"BreadcrumbList","@id":"https:\/\/charente.catholique.fr\/grand-angouleme\/actualites\/homelie-de-jacques-bonnet-diacre-5eme-dimanche-de-careme-b\/#breadcrumb","itemListElement":[{"@type":"ListItem","position":1,"name":"Accueil","item":"https:\/\/charente.catholique.fr\/grand-angouleme\/"},{"@type":"ListItem","position":2,"name":"Hom\u00e9lie de Jacques Bonnet, diacre, 5\u00e8me dimanche de Car\u00eame B"}]},{"@type":"WebSite","@id":"https:\/\/charente.catholique.fr\/grand-angouleme\/#website","url":"https:\/\/charente.catholique.fr\/grand-angouleme\/","name":"Doyenn\u00e9 Grand Angoul\u00eame - Dioc\u00e8se d'Angoul\u00eame","description":"Dioc\u00e8se d&#039;Angoul\u00eame","publisher":{"@id":"https:\/\/charente.catholique.fr\/grand-angouleme\/#organization"},"potentialAction":[{"@type":"SearchAction","target":{"@type":"EntryPoint","urlTemplate":"https:\/\/charente.catholique.fr\/grand-angouleme\/?s={search_term_string}"},"query-input":{"@type":"PropertyValueSpecification","valueRequired":true,"valueName":"search_term_string"}}],"inLanguage":"fr-FR"},{"@type":"Organization","@id":"https:\/\/charente.catholique.fr\/grand-angouleme\/#organization","name":"Association Dioc\u00e9saine d'Angoul\u00eame","url":"https:\/\/charente.catholique.fr\/grand-angouleme\/","logo":{"@type":"ImageObject","inLanguage":"fr-FR","@id":"https:\/\/charente.catholique.fr\/grand-angouleme\/#\/schema\/logo\/image\/","url":"https:\/\/charente.catholique.fr\/grand-angouleme\/wp-content\/uploads\/sites\/2\/2020\/10\/logos.png","contentUrl":"https:\/\/charente.catholique.fr\/grand-angouleme\/wp-content\/uploads\/sites\/2\/2020\/10\/logos.png","width":600,"height":257,"caption":"Association Dioc\u00e9saine d'Angoul\u00eame"},"image":{"@id":"https:\/\/charente.catholique.fr\/grand-angouleme\/#\/schema\/logo\/image\/"},"sameAs":["https:\/\/www.facebook.com\/EgliseCatholiqueCharente","https:\/\/x.com\/diocesecharente","https:\/\/www.instagram.com\/eglisecharente","https:\/\/www.youtube.com\/channel\/UCByyFWApZbw3gDTiADoiAaQ"]},{"@type":"Person","@id":"https:\/\/charente.catholique.fr\/grand-angouleme\/#\/schema\/person\/898f693d8a5f95b1bf02828f73967b47","name":"Janine Laborde","image":{"@type":"ImageObject","inLanguage":"fr-FR","@id":"https:\/\/charente.catholique.fr\/grand-angouleme\/#\/schema\/person\/image\/","url":"https:\/\/secure.gravatar.com\/avatar\/a8f3185ff2f6cee7d79c60e904004ccb6107bdc3e38d176acfc1ee42b62a994e?s=96&d=mm&r=g","contentUrl":"https:\/\/secure.gravatar.com\/avatar\/a8f3185ff2f6cee7d79c60e904004ccb6107bdc3e38d176acfc1ee42b62a994e?s=96&d=mm&r=g","caption":"Janine Laborde"},"url":"https:\/\/charente.catholique.fr\/grand-angouleme\/author\/janinelaborde\/"}]}},"_links":{"self":[{"href":"https:\/\/charente.catholique.fr\/grand-angouleme\/wp-json\/wp\/v2\/posts\/4568","targetHints":{"allow":["GET"]}}],"collection":[{"href":"https:\/\/charente.catholique.fr\/grand-angouleme\/wp-json\/wp\/v2\/posts"}],"about":[{"href":"https:\/\/charente.catholique.fr\/grand-angouleme\/wp-json\/wp\/v2\/types\/post"}],"author":[{"embeddable":true,"href":"https:\/\/charente.catholique.fr\/grand-angouleme\/wp-json\/wp\/v2\/users\/22"}],"replies":[{"embeddable":true,"href":"https:\/\/charente.catholique.fr\/grand-angouleme\/wp-json\/wp\/v2\/comments?post=4568"}],"version-history":[{"count":10,"href":"https:\/\/charente.catholique.fr\/grand-angouleme\/wp-json\/wp\/v2\/posts\/4568\/revisions"}],"predecessor-version":[{"id":4589,"href":"https:\/\/charente.catholique.fr\/grand-angouleme\/wp-json\/wp\/v2\/posts\/4568\/revisions\/4589"}],"wp:featuredmedia":[{"embeddable":true,"href":"https:\/\/charente.catholique.fr\/grand-angouleme\/wp-json\/wp\/v2\/media\/4573"}],"wp:attachment":[{"href":"https:\/\/charente.catholique.fr\/grand-angouleme\/wp-json\/wp\/v2\/media?parent=4568"}],"wp:term":[{"taxonomy":"category","embeddable":true,"href":"https:\/\/charente.catholique.fr\/grand-angouleme\/wp-json\/wp\/v2\/categories?post=4568"},{"taxonomy":"post_tag","embeddable":true,"href":"https:\/\/charente.catholique.fr\/grand-angouleme\/wp-json\/wp\/v2\/tags?post=4568"}],"curies":[{"name":"wp","href":"https:\/\/api.w.org\/{rel}","templated":true}]}}