{"id":4362,"date":"2021-03-05T09:37:13","date_gmt":"2021-03-05T08:37:13","guid":{"rendered":"https:\/\/charente.catholique.fr\/grand-angouleme\/?p=4362"},"modified":"2021-03-05T09:39:39","modified_gmt":"2021-03-05T08:39:39","slug":"homelie-du-pere-frederic-vollaud-2eme-dimanche-de-careme-b","status":"publish","type":"post","link":"https:\/\/charente.catholique.fr\/grand-angouleme\/actualites\/homelie-du-pere-frederic-vollaud-2eme-dimanche-de-careme-b\/","title":{"rendered":"Hom\u00e9lie du p\u00e8re Fr\u00e9d\u00e9ric Vollaud : 2\u00b0 Dimanche de Car\u00eame B"},"content":{"rendered":"\n<p>Dimanche dernier, nous suivions J\u00e9sus au d\u00e9sert, lieu de l\u2019\u00e9preuve et de la rencontre avec soi-m\u00eame, avec ce qui nous tiraille, ce qui tente de nous \u00e9loigner de la confiance en Dieu\u2026 Lieu aussi qui pr\u00e9pare \u00e0 la mission, qui rend disponible \u00e0 Dieu.<\/p>\n\n\n\n<p>Aujourd\u2019hui nous voil\u00e0 devant J\u00e9sus transfigur\u00e9.<\/p>\n\n\n\n<p>Il emm\u00e8ne les siens \u00e0 l\u2019\u00e9cart, sur une montagne, lieu habituel de la r\u00e9v\u00e9lation de Dieu, depuis le Sina\u00ef jusqu\u2019au Calvaire.<\/p>\n\n\n\n<p>Et le voil\u00e0 dans une lumi\u00e8re qui r\u00e9v\u00e8le son identit\u00e9 profonde&nbsp;: il est le FILS. Et comme au moment du bapt\u00eame une voix le d\u00e9signe&nbsp;ainsi : \u00ab&nbsp;Celui-ci est mon fils bien-aim\u00e9&nbsp;\u00bb.<\/p>\n\n\n\n<p>Et que fait J\u00e9sus pour montrer qu\u2019il se sait fils&nbsp;?<\/p>\n\n\n\n<p>Il prend aussit\u00f4t la route de J\u00e9rusalem, lieu de sa passion et de la croix, lieu de l\u2019accomplissement de la volont\u00e9 myst\u00e9rieuse du P\u00e8re qu\u2019il accomplira jusqu\u2019\u00e0 la mort et qui le fera \u00e0 nouveau resplendir de lumi\u00e8re, celle de la r\u00e9surrection\u2026toujours pour NOUS, en fr\u00e8re a\u00een\u00e9, en fils premier-n\u00e9 &nbsp;!<\/p>\n\n\n\n<p>Mais les ap\u00f4tres confondent les 2 lumi\u00e8res&nbsp;! Pierre se croit d\u00e9j\u00e0 arriv\u00e9 \u00e0 la r\u00e9surrection&nbsp;! Tous les signes, il est vrai, semblent le dire&nbsp;! J\u00e9sus au milieu de Mo\u00efse et d&#8217;Elie (la Loi et les Proph\u00e8tes) r\u00e9v\u00e8le qu\u2019en sa personne TOUT est dit sur Dieu&nbsp;! Il est la PAROLE DEFINITIVE et COMPLETE sur Dieu et son amour pour nous&nbsp;! Rien de plus ne peut \u00eatre dit !<\/p>\n\n\n\n<p>Qu\u2019attendre de mieux\u2026 sinon que de s\u2019installer dans cette lumi\u00e8re&nbsp;?&#8230; \u00ab&nbsp;Dressons ici trois tentes&nbsp;!&nbsp;\u00bb\u2026Installons-nous&nbsp;!<\/p>\n\n\n\n<p>Finalement, il n&#8217;y aura peut-\u00eatre pas besoin de passer par ces souffrances et cette mort que J\u00e9sus tente d\u2019annoncer&nbsp;! La gloire semble \u00eatre l\u00e0, sans la croix, sans la mort&nbsp;!<\/p>\n\n\n\n<p>Qui n\u2019a pas r\u00eav\u00e9 un jour, comme lui, de pouvoir rev\u00eatir le v\u00eatement de lumi\u00e8re et de r\u00e9surrection sans avoir \u00e0 d\u00e9poser le vieil habit de notre humanit\u00e9 mortelle ?&#8230;<\/p>\n\n\n\n<p>Mais, il n\u2019y a pas d\u2019autre chemin pour venir \u00e0 Dieu que celui de la P\u00e2que, sur lequel J\u00e9sus nous pr\u00e9c\u00e8de.<\/p>\n\n\n\n<p>J\u00e9sus savait ce qu\u2019il lui en co\u00fbterait d\u2019\u00eatre FILS. Il en connaissait toutes les exigences. Mais il savait surtout quelle \u00e9tait vraiment la volont\u00e9 du P\u00e8re&nbsp;: non pas celle de le laisser souffrir et mourir, mais celle d\u2019\u00eatre \u00e0 chaque instant avec lui, en lui pour que , ni dans la souffrance, ni dans la mort il ne soit seul et abandonn\u00e9\u2026pour qu\u2019\u00e0 chaque instant et pour l\u2019\u00e9ternit\u00e9, il soit accueilli et glorifi\u00e9 dans son amour et dans sa vie&nbsp;!<\/p>\n\n\n\n<p>Qu\u2019en ce temps du Car\u00eame, la confiance de J\u00e9sus devienne un peu mieux la n\u00f4tre&nbsp;!J\u00e9sus, toi le Fils unique, apprends-nous \u00e0 devenir fils.Amen.<\/p>\n","protected":false},"excerpt":{"rendered":"<p>Dimanche dernier, nous suivions J\u00e9sus au d\u00e9sert, lieu de l\u2019\u00e9preuve et de la rencontre avec soi-m\u00eame, avec ce qui nous tiraille, ce qui tente de nous \u00e9loigner de la confiance en Dieu\u2026 Lieu aussi qui pr\u00e9pare \u00e0 la mission, qui rend disponible \u00e0 Dieu. Aujourd\u2019hui nous voil\u00e0 devant J\u00e9sus transfigur\u00e9. Il emm\u00e8ne les siens \u00e0 [&hellip;]<\/p>\n","protected":false},"author":13,"featured_media":4283,"comment_status":"open","ping_status":"open","sticky":false,"template":"","format":"standard","meta":{"_acf_changed":false,"paroisse":["1"],"service":["0"],"footnotes":""},"categories":[1],"tags":[],"class_list":["post-4362","post","type-post","status-publish","format-standard","has-post-thumbnail","hentry","category-actualites"],"acf":[],"yoast_head":"<!-- This site is optimized with the Yoast SEO plugin v27.1.1 - https:\/\/yoast.com\/product\/yoast-seo-wordpress\/ -->\n<title>Hom\u00e9lie du p\u00e8re Fr\u00e9d\u00e9ric Vollaud : 2\u00b0 Dimanche de Car\u00eame B - Doyenn\u00e9 Grand Angoul\u00eame<\/title>\n<meta name=\"robots\" content=\"index, follow, max-snippet:-1, max-image-preview:large, max-video-preview:-1\" \/>\n<link rel=\"canonical\" href=\"https:\/\/charente.catholique.fr\/grand-angouleme\/actualites\/homelie-du-pere-frederic-vollaud-2eme-dimanche-de-careme-b\/\" \/>\n<meta property=\"og:locale\" content=\"fr_FR\" \/>\n<meta property=\"og:type\" content=\"article\" \/>\n<meta property=\"og:title\" content=\"Hom\u00e9lie du p\u00e8re Fr\u00e9d\u00e9ric Vollaud : 2\u00b0 Dimanche de Car\u00eame B - Doyenn\u00e9 Grand Angoul\u00eame\" \/>\n<meta property=\"og:description\" content=\"Dimanche dernier, nous suivions J\u00e9sus au d\u00e9sert, lieu de l\u2019\u00e9preuve et de la rencontre avec soi-m\u00eame, avec ce qui nous tiraille, ce qui tente de nous \u00e9loigner de la confiance en Dieu\u2026 Lieu aussi qui pr\u00e9pare \u00e0 la mission, qui rend disponible \u00e0 Dieu. Aujourd\u2019hui nous voil\u00e0 devant J\u00e9sus transfigur\u00e9. Il emm\u00e8ne les siens \u00e0 [&hellip;]\" \/>\n<meta property=\"og:url\" content=\"https:\/\/charente.catholique.fr\/grand-angouleme\/actualites\/homelie-du-pere-frederic-vollaud-2eme-dimanche-de-careme-b\/\" \/>\n<meta property=\"og:site_name\" content=\"Doyenn\u00e9 Grand Angoul\u00eame\" \/>\n<meta property=\"article:publisher\" content=\"https:\/\/www.facebook.com\/EgliseCatholiqueCharente\" \/>\n<meta property=\"article:published_time\" content=\"2021-03-05T08:37:13+00:00\" \/>\n<meta property=\"article:modified_time\" content=\"2021-03-05T08:39:39+00:00\" \/>\n<meta property=\"og:image\" content=\"https:\/\/charente.catholique.fr\/grand-angouleme\/wp-content\/uploads\/sites\/2\/2021\/02\/220px-jesus-christ-from-hagia-sophia.jpg\" \/>\n\t<meta property=\"og:image:width\" content=\"220\" \/>\n\t<meta property=\"og:image:height\" content=\"252\" \/>\n\t<meta property=\"og:image:type\" content=\"image\/jpeg\" \/>\n<meta name=\"author\" content=\"Marie-No\u00eblle Bouteloup\" \/>\n<meta name=\"twitter:card\" content=\"summary_large_image\" \/>\n<meta name=\"twitter:creator\" content=\"@diocesecharente\" \/>\n<meta name=\"twitter:site\" content=\"@diocesecharente\" \/>\n<meta name=\"twitter:label1\" content=\"\u00c9crit par\" \/>\n\t<meta name=\"twitter:data1\" content=\"Marie-No\u00eblle Bouteloup\" \/>\n\t<meta name=\"twitter:label2\" content=\"Dur\u00e9e de lecture estim\u00e9e\" \/>\n\t<meta name=\"twitter:data2\" content=\"2 minutes\" \/>\n<script type=\"application\/ld+json\" class=\"yoast-schema-graph\">{\"@context\":\"https:\/\/schema.org\",\"@graph\":[{\"@type\":\"Article\",\"@id\":\"https:\/\/charente.catholique.fr\/grand-angouleme\/actualites\/homelie-du-pere-frederic-vollaud-2eme-dimanche-de-careme-b\/#article\",\"isPartOf\":{\"@id\":\"https:\/\/charente.catholique.fr\/grand-angouleme\/actualites\/homelie-du-pere-frederic-vollaud-2eme-dimanche-de-careme-b\/\"},\"author\":{\"name\":\"Marie-No\u00eblle Bouteloup\",\"@id\":\"https:\/\/charente.catholique.fr\/grand-angouleme\/#\/schema\/person\/0bb2e75c546661bf0827c8b4d5d2bcfb\"},\"headline\":\"Hom\u00e9lie du p\u00e8re Fr\u00e9d\u00e9ric Vollaud : 2\u00b0 Dimanche de Car\u00eame B\",\"datePublished\":\"2021-03-05T08:37:13+00:00\",\"dateModified\":\"2021-03-05T08:39:39+00:00\",\"mainEntityOfPage\":{\"@id\":\"https:\/\/charente.catholique.fr\/grand-angouleme\/actualites\/homelie-du-pere-frederic-vollaud-2eme-dimanche-de-careme-b\/\"},\"wordCount\":526,\"commentCount\":0,\"publisher\":{\"@id\":\"https:\/\/charente.catholique.fr\/grand-angouleme\/#organization\"},\"image\":{\"@id\":\"https:\/\/charente.catholique.fr\/grand-angouleme\/actualites\/homelie-du-pere-frederic-vollaud-2eme-dimanche-de-careme-b\/#primaryimage\"},\"thumbnailUrl\":\"https:\/\/charente.catholique.fr\/grand-angouleme\/wp-content\/uploads\/sites\/2\/2021\/02\/220px-jesus-christ-from-hagia-sophia.jpg\",\"articleSection\":[\"Actualit\u00e9s\"],\"inLanguage\":\"fr-FR\",\"potentialAction\":[{\"@type\":\"CommentAction\",\"name\":\"Comment\",\"target\":[\"https:\/\/charente.catholique.fr\/grand-angouleme\/actualites\/homelie-du-pere-frederic-vollaud-2eme-dimanche-de-careme-b\/#respond\"]}]},{\"@type\":\"WebPage\",\"@id\":\"https:\/\/charente.catholique.fr\/grand-angouleme\/actualites\/homelie-du-pere-frederic-vollaud-2eme-dimanche-de-careme-b\/\",\"url\":\"https:\/\/charente.catholique.fr\/grand-angouleme\/actualites\/homelie-du-pere-frederic-vollaud-2eme-dimanche-de-careme-b\/\",\"name\":\"Hom\u00e9lie du p\u00e8re Fr\u00e9d\u00e9ric Vollaud : 2\u00b0 Dimanche de Car\u00eame B - Doyenn\u00e9 Grand Angoul\u00eame\",\"isPartOf\":{\"@id\":\"https:\/\/charente.catholique.fr\/grand-angouleme\/#website\"},\"primaryImageOfPage\":{\"@id\":\"https:\/\/charente.catholique.fr\/grand-angouleme\/actualites\/homelie-du-pere-frederic-vollaud-2eme-dimanche-de-careme-b\/#primaryimage\"},\"image\":{\"@id\":\"https:\/\/charente.catholique.fr\/grand-angouleme\/actualites\/homelie-du-pere-frederic-vollaud-2eme-dimanche-de-careme-b\/#primaryimage\"},\"thumbnailUrl\":\"https:\/\/charente.catholique.fr\/grand-angouleme\/wp-content\/uploads\/sites\/2\/2021\/02\/220px-jesus-christ-from-hagia-sophia.jpg\",\"datePublished\":\"2021-03-05T08:37:13+00:00\",\"dateModified\":\"2021-03-05T08:39:39+00:00\",\"breadcrumb\":{\"@id\":\"https:\/\/charente.catholique.fr\/grand-angouleme\/actualites\/homelie-du-pere-frederic-vollaud-2eme-dimanche-de-careme-b\/#breadcrumb\"},\"inLanguage\":\"fr-FR\",\"potentialAction\":[{\"@type\":\"ReadAction\",\"target\":[\"https:\/\/charente.catholique.fr\/grand-angouleme\/actualites\/homelie-du-pere-frederic-vollaud-2eme-dimanche-de-careme-b\/\"]}]},{\"@type\":\"ImageObject\",\"inLanguage\":\"fr-FR\",\"@id\":\"https:\/\/charente.catholique.fr\/grand-angouleme\/actualites\/homelie-du-pere-frederic-vollaud-2eme-dimanche-de-careme-b\/#primaryimage\",\"url\":\"https:\/\/charente.catholique.fr\/grand-angouleme\/wp-content\/uploads\/sites\/2\/2021\/02\/220px-jesus-christ-from-hagia-sophia.jpg\",\"contentUrl\":\"https:\/\/charente.catholique.fr\/grand-angouleme\/wp-content\/uploads\/sites\/2\/2021\/02\/220px-jesus-christ-from-hagia-sophia.jpg\",\"width\":220,\"height\":252},{\"@type\":\"BreadcrumbList\",\"@id\":\"https:\/\/charente.catholique.fr\/grand-angouleme\/actualites\/homelie-du-pere-frederic-vollaud-2eme-dimanche-de-careme-b\/#breadcrumb\",\"itemListElement\":[{\"@type\":\"ListItem\",\"position\":1,\"name\":\"Accueil\",\"item\":\"https:\/\/charente.catholique.fr\/grand-angouleme\/\"},{\"@type\":\"ListItem\",\"position\":2,\"name\":\"Hom\u00e9lie du p\u00e8re Fr\u00e9d\u00e9ric Vollaud : 2\u00b0 Dimanche de Car\u00eame B\"}]},{\"@type\":\"WebSite\",\"@id\":\"https:\/\/charente.catholique.fr\/grand-angouleme\/#website\",\"url\":\"https:\/\/charente.catholique.fr\/grand-angouleme\/\",\"name\":\"Doyenn\u00e9 Grand Angoul\u00eame - Dioc\u00e8se d'Angoul\u00eame\",\"description\":\"Dioc\u00e8se d&#039;Angoul\u00eame\",\"publisher\":{\"@id\":\"https:\/\/charente.catholique.fr\/grand-angouleme\/#organization\"},\"potentialAction\":[{\"@type\":\"SearchAction\",\"target\":{\"@type\":\"EntryPoint\",\"urlTemplate\":\"https:\/\/charente.catholique.fr\/grand-angouleme\/?s={search_term_string}\"},\"query-input\":{\"@type\":\"PropertyValueSpecification\",\"valueRequired\":true,\"valueName\":\"search_term_string\"}}],\"inLanguage\":\"fr-FR\"},{\"@type\":\"Organization\",\"@id\":\"https:\/\/charente.catholique.fr\/grand-angouleme\/#organization\",\"name\":\"Association Dioc\u00e9saine d'Angoul\u00eame\",\"url\":\"https:\/\/charente.catholique.fr\/grand-angouleme\/\",\"logo\":{\"@type\":\"ImageObject\",\"inLanguage\":\"fr-FR\",\"@id\":\"https:\/\/charente.catholique.fr\/grand-angouleme\/#\/schema\/logo\/image\/\",\"url\":\"https:\/\/charente.catholique.fr\/grand-angouleme\/wp-content\/uploads\/sites\/2\/2020\/10\/logos.png\",\"contentUrl\":\"https:\/\/charente.catholique.fr\/grand-angouleme\/wp-content\/uploads\/sites\/2\/2020\/10\/logos.png\",\"width\":600,\"height\":257,\"caption\":\"Association Dioc\u00e9saine d'Angoul\u00eame\"},\"image\":{\"@id\":\"https:\/\/charente.catholique.fr\/grand-angouleme\/#\/schema\/logo\/image\/\"},\"sameAs\":[\"https:\/\/www.facebook.com\/EgliseCatholiqueCharente\",\"https:\/\/x.com\/diocesecharente\",\"https:\/\/www.instagram.com\/eglisecharente\",\"https:\/\/www.youtube.com\/channel\/UCByyFWApZbw3gDTiADoiAaQ\"]},{\"@type\":\"Person\",\"@id\":\"https:\/\/charente.catholique.fr\/grand-angouleme\/#\/schema\/person\/0bb2e75c546661bf0827c8b4d5d2bcfb\",\"name\":\"Marie-No\u00eblle Bouteloup\",\"image\":{\"@type\":\"ImageObject\",\"inLanguage\":\"fr-FR\",\"@id\":\"https:\/\/charente.catholique.fr\/grand-angouleme\/#\/schema\/person\/image\/\",\"url\":\"https:\/\/secure.gravatar.com\/avatar\/8b68422c19e9566364992377448eef55989ea1caaedc20a57fe2961c16ed8312?s=96&d=mm&r=g\",\"contentUrl\":\"https:\/\/secure.gravatar.com\/avatar\/8b68422c19e9566364992377448eef55989ea1caaedc20a57fe2961c16ed8312?s=96&d=mm&r=g\",\"caption\":\"Marie-No\u00eblle Bouteloup\"},\"url\":\"https:\/\/charente.catholique.fr\/grand-angouleme\/author\/mnbouteloup\/\"}]}<\/script>\n<!-- \/ Yoast SEO plugin. -->","yoast_head_json":{"title":"Hom\u00e9lie du p\u00e8re Fr\u00e9d\u00e9ric Vollaud : 2\u00b0 Dimanche de Car\u00eame B - Doyenn\u00e9 Grand Angoul\u00eame","robots":{"index":"index","follow":"follow","max-snippet":"max-snippet:-1","max-image-preview":"max-image-preview:large","max-video-preview":"max-video-preview:-1"},"canonical":"https:\/\/charente.catholique.fr\/grand-angouleme\/actualites\/homelie-du-pere-frederic-vollaud-2eme-dimanche-de-careme-b\/","og_locale":"fr_FR","og_type":"article","og_title":"Hom\u00e9lie du p\u00e8re Fr\u00e9d\u00e9ric Vollaud : 2\u00b0 Dimanche de Car\u00eame B - Doyenn\u00e9 Grand Angoul\u00eame","og_description":"Dimanche dernier, nous suivions J\u00e9sus au d\u00e9sert, lieu de l\u2019\u00e9preuve et de la rencontre avec soi-m\u00eame, avec ce qui nous tiraille, ce qui tente de nous \u00e9loigner de la confiance en Dieu\u2026 Lieu aussi qui pr\u00e9pare \u00e0 la mission, qui rend disponible \u00e0 Dieu. Aujourd\u2019hui nous voil\u00e0 devant J\u00e9sus transfigur\u00e9. Il emm\u00e8ne les siens \u00e0 [&hellip;]","og_url":"https:\/\/charente.catholique.fr\/grand-angouleme\/actualites\/homelie-du-pere-frederic-vollaud-2eme-dimanche-de-careme-b\/","og_site_name":"Doyenn\u00e9 Grand Angoul\u00eame","article_publisher":"https:\/\/www.facebook.com\/EgliseCatholiqueCharente","article_published_time":"2021-03-05T08:37:13+00:00","article_modified_time":"2021-03-05T08:39:39+00:00","og_image":[{"width":220,"height":252,"url":"https:\/\/charente.catholique.fr\/grand-angouleme\/wp-content\/uploads\/sites\/2\/2021\/02\/220px-jesus-christ-from-hagia-sophia.jpg","type":"image\/jpeg"}],"author":"Marie-No\u00eblle Bouteloup","twitter_card":"summary_large_image","twitter_creator":"@diocesecharente","twitter_site":"@diocesecharente","twitter_misc":{"\u00c9crit par":"Marie-No\u00eblle Bouteloup","Dur\u00e9e de lecture estim\u00e9e":"2 minutes"},"schema":{"@context":"https:\/\/schema.org","@graph":[{"@type":"Article","@id":"https:\/\/charente.catholique.fr\/grand-angouleme\/actualites\/homelie-du-pere-frederic-vollaud-2eme-dimanche-de-careme-b\/#article","isPartOf":{"@id":"https:\/\/charente.catholique.fr\/grand-angouleme\/actualites\/homelie-du-pere-frederic-vollaud-2eme-dimanche-de-careme-b\/"},"author":{"name":"Marie-No\u00eblle Bouteloup","@id":"https:\/\/charente.catholique.fr\/grand-angouleme\/#\/schema\/person\/0bb2e75c546661bf0827c8b4d5d2bcfb"},"headline":"Hom\u00e9lie du p\u00e8re Fr\u00e9d\u00e9ric Vollaud : 2\u00b0 Dimanche de Car\u00eame B","datePublished":"2021-03-05T08:37:13+00:00","dateModified":"2021-03-05T08:39:39+00:00","mainEntityOfPage":{"@id":"https:\/\/charente.catholique.fr\/grand-angouleme\/actualites\/homelie-du-pere-frederic-vollaud-2eme-dimanche-de-careme-b\/"},"wordCount":526,"commentCount":0,"publisher":{"@id":"https:\/\/charente.catholique.fr\/grand-angouleme\/#organization"},"image":{"@id":"https:\/\/charente.catholique.fr\/grand-angouleme\/actualites\/homelie-du-pere-frederic-vollaud-2eme-dimanche-de-careme-b\/#primaryimage"},"thumbnailUrl":"https:\/\/charente.catholique.fr\/grand-angouleme\/wp-content\/uploads\/sites\/2\/2021\/02\/220px-jesus-christ-from-hagia-sophia.jpg","articleSection":["Actualit\u00e9s"],"inLanguage":"fr-FR","potentialAction":[{"@type":"CommentAction","name":"Comment","target":["https:\/\/charente.catholique.fr\/grand-angouleme\/actualites\/homelie-du-pere-frederic-vollaud-2eme-dimanche-de-careme-b\/#respond"]}]},{"@type":"WebPage","@id":"https:\/\/charente.catholique.fr\/grand-angouleme\/actualites\/homelie-du-pere-frederic-vollaud-2eme-dimanche-de-careme-b\/","url":"https:\/\/charente.catholique.fr\/grand-angouleme\/actualites\/homelie-du-pere-frederic-vollaud-2eme-dimanche-de-careme-b\/","name":"Hom\u00e9lie du p\u00e8re Fr\u00e9d\u00e9ric Vollaud : 2\u00b0 Dimanche de Car\u00eame B - Doyenn\u00e9 Grand Angoul\u00eame","isPartOf":{"@id":"https:\/\/charente.catholique.fr\/grand-angouleme\/#website"},"primaryImageOfPage":{"@id":"https:\/\/charente.catholique.fr\/grand-angouleme\/actualites\/homelie-du-pere-frederic-vollaud-2eme-dimanche-de-careme-b\/#primaryimage"},"image":{"@id":"https:\/\/charente.catholique.fr\/grand-angouleme\/actualites\/homelie-du-pere-frederic-vollaud-2eme-dimanche-de-careme-b\/#primaryimage"},"thumbnailUrl":"https:\/\/charente.catholique.fr\/grand-angouleme\/wp-content\/uploads\/sites\/2\/2021\/02\/220px-jesus-christ-from-hagia-sophia.jpg","datePublished":"2021-03-05T08:37:13+00:00","dateModified":"2021-03-05T08:39:39+00:00","breadcrumb":{"@id":"https:\/\/charente.catholique.fr\/grand-angouleme\/actualites\/homelie-du-pere-frederic-vollaud-2eme-dimanche-de-careme-b\/#breadcrumb"},"inLanguage":"fr-FR","potentialAction":[{"@type":"ReadAction","target":["https:\/\/charente.catholique.fr\/grand-angouleme\/actualites\/homelie-du-pere-frederic-vollaud-2eme-dimanche-de-careme-b\/"]}]},{"@type":"ImageObject","inLanguage":"fr-FR","@id":"https:\/\/charente.catholique.fr\/grand-angouleme\/actualites\/homelie-du-pere-frederic-vollaud-2eme-dimanche-de-careme-b\/#primaryimage","url":"https:\/\/charente.catholique.fr\/grand-angouleme\/wp-content\/uploads\/sites\/2\/2021\/02\/220px-jesus-christ-from-hagia-sophia.jpg","contentUrl":"https:\/\/charente.catholique.fr\/grand-angouleme\/wp-content\/uploads\/sites\/2\/2021\/02\/220px-jesus-christ-from-hagia-sophia.jpg","width":220,"height":252},{"@type":"BreadcrumbList","@id":"https:\/\/charente.catholique.fr\/grand-angouleme\/actualites\/homelie-du-pere-frederic-vollaud-2eme-dimanche-de-careme-b\/#breadcrumb","itemListElement":[{"@type":"ListItem","position":1,"name":"Accueil","item":"https:\/\/charente.catholique.fr\/grand-angouleme\/"},{"@type":"ListItem","position":2,"name":"Hom\u00e9lie du p\u00e8re Fr\u00e9d\u00e9ric Vollaud : 2\u00b0 Dimanche de Car\u00eame B"}]},{"@type":"WebSite","@id":"https:\/\/charente.catholique.fr\/grand-angouleme\/#website","url":"https:\/\/charente.catholique.fr\/grand-angouleme\/","name":"Doyenn\u00e9 Grand Angoul\u00eame - Dioc\u00e8se d'Angoul\u00eame","description":"Dioc\u00e8se d&#039;Angoul\u00eame","publisher":{"@id":"https:\/\/charente.catholique.fr\/grand-angouleme\/#organization"},"potentialAction":[{"@type":"SearchAction","target":{"@type":"EntryPoint","urlTemplate":"https:\/\/charente.catholique.fr\/grand-angouleme\/?s={search_term_string}"},"query-input":{"@type":"PropertyValueSpecification","valueRequired":true,"valueName":"search_term_string"}}],"inLanguage":"fr-FR"},{"@type":"Organization","@id":"https:\/\/charente.catholique.fr\/grand-angouleme\/#organization","name":"Association Dioc\u00e9saine d'Angoul\u00eame","url":"https:\/\/charente.catholique.fr\/grand-angouleme\/","logo":{"@type":"ImageObject","inLanguage":"fr-FR","@id":"https:\/\/charente.catholique.fr\/grand-angouleme\/#\/schema\/logo\/image\/","url":"https:\/\/charente.catholique.fr\/grand-angouleme\/wp-content\/uploads\/sites\/2\/2020\/10\/logos.png","contentUrl":"https:\/\/charente.catholique.fr\/grand-angouleme\/wp-content\/uploads\/sites\/2\/2020\/10\/logos.png","width":600,"height":257,"caption":"Association Dioc\u00e9saine d'Angoul\u00eame"},"image":{"@id":"https:\/\/charente.catholique.fr\/grand-angouleme\/#\/schema\/logo\/image\/"},"sameAs":["https:\/\/www.facebook.com\/EgliseCatholiqueCharente","https:\/\/x.com\/diocesecharente","https:\/\/www.instagram.com\/eglisecharente","https:\/\/www.youtube.com\/channel\/UCByyFWApZbw3gDTiADoiAaQ"]},{"@type":"Person","@id":"https:\/\/charente.catholique.fr\/grand-angouleme\/#\/schema\/person\/0bb2e75c546661bf0827c8b4d5d2bcfb","name":"Marie-No\u00eblle Bouteloup","image":{"@type":"ImageObject","inLanguage":"fr-FR","@id":"https:\/\/charente.catholique.fr\/grand-angouleme\/#\/schema\/person\/image\/","url":"https:\/\/secure.gravatar.com\/avatar\/8b68422c19e9566364992377448eef55989ea1caaedc20a57fe2961c16ed8312?s=96&d=mm&r=g","contentUrl":"https:\/\/secure.gravatar.com\/avatar\/8b68422c19e9566364992377448eef55989ea1caaedc20a57fe2961c16ed8312?s=96&d=mm&r=g","caption":"Marie-No\u00eblle Bouteloup"},"url":"https:\/\/charente.catholique.fr\/grand-angouleme\/author\/mnbouteloup\/"}]}},"_links":{"self":[{"href":"https:\/\/charente.catholique.fr\/grand-angouleme\/wp-json\/wp\/v2\/posts\/4362","targetHints":{"allow":["GET"]}}],"collection":[{"href":"https:\/\/charente.catholique.fr\/grand-angouleme\/wp-json\/wp\/v2\/posts"}],"about":[{"href":"https:\/\/charente.catholique.fr\/grand-angouleme\/wp-json\/wp\/v2\/types\/post"}],"author":[{"embeddable":true,"href":"https:\/\/charente.catholique.fr\/grand-angouleme\/wp-json\/wp\/v2\/users\/13"}],"replies":[{"embeddable":true,"href":"https:\/\/charente.catholique.fr\/grand-angouleme\/wp-json\/wp\/v2\/comments?post=4362"}],"version-history":[{"count":7,"href":"https:\/\/charente.catholique.fr\/grand-angouleme\/wp-json\/wp\/v2\/posts\/4362\/revisions"}],"predecessor-version":[{"id":4369,"href":"https:\/\/charente.catholique.fr\/grand-angouleme\/wp-json\/wp\/v2\/posts\/4362\/revisions\/4369"}],"wp:featuredmedia":[{"embeddable":true,"href":"https:\/\/charente.catholique.fr\/grand-angouleme\/wp-json\/wp\/v2\/media\/4283"}],"wp:attachment":[{"href":"https:\/\/charente.catholique.fr\/grand-angouleme\/wp-json\/wp\/v2\/media?parent=4362"}],"wp:term":[{"taxonomy":"category","embeddable":true,"href":"https:\/\/charente.catholique.fr\/grand-angouleme\/wp-json\/wp\/v2\/categories?post=4362"},{"taxonomy":"post_tag","embeddable":true,"href":"https:\/\/charente.catholique.fr\/grand-angouleme\/wp-json\/wp\/v2\/tags?post=4362"}],"curies":[{"name":"wp","href":"https:\/\/api.w.org\/{rel}","templated":true}]}}