{"id":4227,"date":"2021-02-19T14:07:32","date_gmt":"2021-02-19T13:07:32","guid":{"rendered":"https:\/\/charente.catholique.fr\/grand-angouleme\/?p=4227"},"modified":"2021-12-08T15:54:18","modified_gmt":"2021-12-08T14:54:18","slug":"homelie-du-pere-frederic-vollaud-mercredi-des-cendres","status":"publish","type":"post","link":"https:\/\/charente.catholique.fr\/grand-angouleme\/actualites\/homelie-du-pere-frederic-vollaud-mercredi-des-cendres\/","title":{"rendered":"Hom\u00e9lie du p\u00e8re Fr\u00e9d\u00e9ric Vollaud : Mercredi des Cendres"},"content":{"rendered":"\n<p>Le signe des cendres qui ouvre ce Car\u00eame \u00e9voque en m\u00eame temps ce qui est fragile, d\u00e9risoire, passager, mortel\u2026 mais aussi la promesse d\u2019une renaissance, le feu qui couve, la fertilit\u00e9, la r\u00e9surrection. Toute r\u00e9alit\u00e9 humaine est porteuse de ces deux sens apparemment oppos\u00e9s&nbsp;: vie et mort, lumi\u00e8re et t\u00e9n\u00e8bres, bien et mal, force et fragilit\u00e9\u2026<\/p>\n\n\n\n<p>La foi dans le Christ, l\u2019\u00e9v\u00e9nement ins\u00e9parable de sa mort et de sa r\u00e9surrection qui est l\u2019horizon de ce Car\u00eame, permet cette ESPERANCE que le dernier mot de notre existence se trouve bien du c\u00f4t\u00e9 de la lumi\u00e8re et de la vie&nbsp;!<\/p>\n\n\n\n<p>Dns la foi chr\u00e9tienne, on ose m\u00eame affirmer que ce sont la faiblesse, la fragilit\u00e9, l\u2019humilit\u00e9 qui fondent la force v\u00e9ritable, la sagesse v\u00e9ritable, la grandeur v\u00e9ritable, \u00e0 l\u2019exact oppos\u00e9 de la logique du monde. Ne parle-t-on pas de \u00ab&nbsp;folie&nbsp;\u00bb pour d\u00e9signer la sagesse de Dieu&nbsp;?<\/p>\n\n\n\n<p>Qui n\u2019a pas fait l\u2019exp\u00e9rience, en reconnaissant, en accueillant humblement ses propres faiblesses, son p\u00e9ch\u00e9 m\u00eame, ET en les ouvrant, en les exposant \u00e0 la lumi\u00e8re et \u00e0 l\u2019amour de Dieu, \u00e0 la puissance de son pardon, au rayonnement de sa mis\u00e9ricorde, de trouver (ou retrouver) cette unit\u00e9 int\u00e9rieure qui devient une force r\u00e9elle, pour tenir debout dans l\u2019existence et dans la foi, appuy\u00e9s, non plus sur nos seules forces mais sur le roc de l\u2019amour sans condition de Dieu pour nous&nbsp;?<\/p>\n\n\n\n<p>C\u2019est vrai, c\u2019est humiliant de reconna\u00eetre nos erreurs, les blessures que nous avons inflig\u00e9es aux autres par certains de nos actes, certaines de nos paroles\u2026 Mais quelle lib\u00e9ration, quelle force et quelle joie int\u00e9rieure lorsque nous les reconnaissons et les jetons dans le grand brasier de l\u2019amour de Dieu&nbsp;! Alors, l\u2019humiliation se transforme en humilit\u00e9. Les \u00e9pines du p\u00e9ch\u00e9, jet\u00e9es dans le feu du pardon deviennent aussi douces que la cendre.<\/p>\n\n\n\n<p>Pendant ce Car\u00eame, accueillons ce feu de l\u2019amour qui purifie notre c\u0153ur. Il br\u00fble dans la Parole de Dieu, comme en chaque sacrement. Il peut rendre notre c\u0153ur br\u00fblant d\u2019amour pour tous ceux qui ont besoin de s\u2019y r\u00e9chauffer. Pendant ce Car\u00eame, devenons des c\u0153urs br\u00fblants de l\u2019amour de Dieu&nbsp;!<\/p>\n\n\n\n<p>Nous recevons ce soir, les uns devant les autres, les uns avec les autres, le courage de reconna\u00eetre les cendres qui pourraient emp\u00eacher notre coeur de br\u00fbler du feu de l\u2019Esprit Saint&nbsp;: cendres de l\u2019\u00e9go\u00efsme, de la paresse, du d\u00e9couragement\u2026<\/p>\n\n\n\n<p>Esprit Saint, tu es le feu de l\u2019amour divin en nous\u2026Tu es aussi le Souffle cr\u00e9ateur\u2026 Disperse toutes les cendres qui voudraient \u00e9touffer en nous le d\u00e9sir ardent d\u2019aimer, de croire, d\u2019esp\u00e9rer plus\u2026 et mieux&nbsp;!<\/p>\n\n\n\n<p>Que nous devenions jour apr\u00e8s jour en ce Car\u00eame de pri\u00e8re, de je\u00fbne et de partage plus intenses, des croyants ardents \u00e0 faire le bien, des fr\u00e8res et des s\u0153urs plus aimants, des signes cr\u00e9dibles pour ceux qui cherchent la v\u00e9rit\u00e9. Merci Seigneur de nous r\u00e9v\u00e9ler en m\u00eame temps notre fragilit\u00e9 ET notre grandeur. Fais-nous la gr\u00e2ce de ne jamais avoir peur ni honte de nos pauvret\u00e9s, et de savoir les ouvrir avec confiance \u00e0 ton amour qui nous transfigure en toi&nbsp;! Amen.<\/p>\n","protected":false},"excerpt":{"rendered":"<p>Le signe des cendres qui ouvre ce Car\u00eame \u00e9voque en m\u00eame temps ce qui est fragile, d\u00e9risoire, passager, mortel\u2026 mais aussi la promesse d\u2019une renaissance, le feu qui couve, la fertilit\u00e9, la r\u00e9surrection. Toute r\u00e9alit\u00e9 humaine est porteuse de ces deux sens apparemment oppos\u00e9s&nbsp;: vie et mort, lumi\u00e8re et t\u00e9n\u00e8bres, bien et mal, force et [&hellip;]<\/p>\n","protected":false},"author":13,"featured_media":8265,"comment_status":"open","ping_status":"open","sticky":false,"template":"","format":"standard","meta":{"_acf_changed":false,"paroisse":["1"],"service":["0"],"footnotes":""},"categories":[1],"tags":[],"class_list":["post-4227","post","type-post","status-publish","format-standard","has-post-thumbnail","hentry","category-actualites"],"acf":[],"yoast_head":"<!-- This site is optimized with the Yoast SEO plugin v27.1.1 - https:\/\/yoast.com\/product\/yoast-seo-wordpress\/ -->\n<title>Hom\u00e9lie du p\u00e8re Fr\u00e9d\u00e9ric Vollaud : Mercredi des Cendres - Doyenn\u00e9 Grand Angoul\u00eame<\/title>\n<meta name=\"robots\" content=\"index, follow, max-snippet:-1, max-image-preview:large, max-video-preview:-1\" \/>\n<link rel=\"canonical\" href=\"https:\/\/charente.catholique.fr\/grand-angouleme\/actualites\/homelie-du-pere-frederic-vollaud-mercredi-des-cendres\/\" \/>\n<meta property=\"og:locale\" content=\"fr_FR\" \/>\n<meta property=\"og:type\" content=\"article\" \/>\n<meta property=\"og:title\" content=\"Hom\u00e9lie du p\u00e8re Fr\u00e9d\u00e9ric Vollaud : Mercredi des Cendres - Doyenn\u00e9 Grand Angoul\u00eame\" \/>\n<meta property=\"og:description\" content=\"Le signe des cendres qui ouvre ce Car\u00eame \u00e9voque en m\u00eame temps ce qui est fragile, d\u00e9risoire, passager, mortel\u2026 mais aussi la promesse d\u2019une renaissance, le feu qui couve, la fertilit\u00e9, la r\u00e9surrection. Toute r\u00e9alit\u00e9 humaine est porteuse de ces deux sens apparemment oppos\u00e9s&nbsp;: vie et mort, lumi\u00e8re et t\u00e9n\u00e8bres, bien et mal, force et [&hellip;]\" \/>\n<meta property=\"og:url\" content=\"https:\/\/charente.catholique.fr\/grand-angouleme\/actualites\/homelie-du-pere-frederic-vollaud-mercredi-des-cendres\/\" \/>\n<meta property=\"og:site_name\" content=\"Doyenn\u00e9 Grand Angoul\u00eame\" \/>\n<meta property=\"article:publisher\" content=\"https:\/\/www.facebook.com\/EgliseCatholiqueCharente\" \/>\n<meta property=\"article:published_time\" content=\"2021-02-19T13:07:32+00:00\" \/>\n<meta property=\"article:modified_time\" content=\"2021-12-08T14:54:18+00:00\" \/>\n<meta property=\"og:image\" content=\"https:\/\/charente.catholique.fr\/grand-angouleme\/wp-content\/uploads\/sites\/2\/2021\/02\/220px-jesus-christ-from-hagia-sophia-150x150-1.jpg\" \/>\n\t<meta property=\"og:image:width\" content=\"150\" \/>\n\t<meta property=\"og:image:height\" content=\"150\" \/>\n\t<meta property=\"og:image:type\" content=\"image\/jpeg\" \/>\n<meta name=\"author\" content=\"Marie-No\u00eblle Bouteloup\" \/>\n<meta name=\"twitter:card\" content=\"summary_large_image\" \/>\n<meta name=\"twitter:creator\" content=\"@diocesecharente\" \/>\n<meta name=\"twitter:site\" content=\"@diocesecharente\" \/>\n<meta name=\"twitter:label1\" content=\"\u00c9crit par\" \/>\n\t<meta name=\"twitter:data1\" content=\"Marie-No\u00eblle Bouteloup\" \/>\n\t<meta name=\"twitter:label2\" content=\"Dur\u00e9e de lecture estim\u00e9e\" \/>\n\t<meta name=\"twitter:data2\" content=\"3 minutes\" \/>\n<script type=\"application\/ld+json\" class=\"yoast-schema-graph\">{\"@context\":\"https:\/\/schema.org\",\"@graph\":[{\"@type\":\"Article\",\"@id\":\"https:\/\/charente.catholique.fr\/grand-angouleme\/actualites\/homelie-du-pere-frederic-vollaud-mercredi-des-cendres\/#article\",\"isPartOf\":{\"@id\":\"https:\/\/charente.catholique.fr\/grand-angouleme\/actualites\/homelie-du-pere-frederic-vollaud-mercredi-des-cendres\/\"},\"author\":{\"name\":\"Marie-No\u00eblle Bouteloup\",\"@id\":\"https:\/\/charente.catholique.fr\/grand-angouleme\/#\/schema\/person\/0bb2e75c546661bf0827c8b4d5d2bcfb\"},\"headline\":\"Hom\u00e9lie du p\u00e8re Fr\u00e9d\u00e9ric Vollaud : Mercredi des Cendres\",\"datePublished\":\"2021-02-19T13:07:32+00:00\",\"dateModified\":\"2021-12-08T14:54:18+00:00\",\"mainEntityOfPage\":{\"@id\":\"https:\/\/charente.catholique.fr\/grand-angouleme\/actualites\/homelie-du-pere-frederic-vollaud-mercredi-des-cendres\/\"},\"wordCount\":611,\"commentCount\":0,\"publisher\":{\"@id\":\"https:\/\/charente.catholique.fr\/grand-angouleme\/#organization\"},\"image\":{\"@id\":\"https:\/\/charente.catholique.fr\/grand-angouleme\/actualites\/homelie-du-pere-frederic-vollaud-mercredi-des-cendres\/#primaryimage\"},\"thumbnailUrl\":\"https:\/\/charente.catholique.fr\/grand-angouleme\/wp-content\/uploads\/sites\/2\/2021\/02\/220px-jesus-christ-from-hagia-sophia-150x150-1.jpg\",\"articleSection\":[\"Actualit\u00e9s\"],\"inLanguage\":\"fr-FR\",\"potentialAction\":[{\"@type\":\"CommentAction\",\"name\":\"Comment\",\"target\":[\"https:\/\/charente.catholique.fr\/grand-angouleme\/actualites\/homelie-du-pere-frederic-vollaud-mercredi-des-cendres\/#respond\"]}]},{\"@type\":\"WebPage\",\"@id\":\"https:\/\/charente.catholique.fr\/grand-angouleme\/actualites\/homelie-du-pere-frederic-vollaud-mercredi-des-cendres\/\",\"url\":\"https:\/\/charente.catholique.fr\/grand-angouleme\/actualites\/homelie-du-pere-frederic-vollaud-mercredi-des-cendres\/\",\"name\":\"Hom\u00e9lie du p\u00e8re Fr\u00e9d\u00e9ric Vollaud : Mercredi des Cendres - Doyenn\u00e9 Grand Angoul\u00eame\",\"isPartOf\":{\"@id\":\"https:\/\/charente.catholique.fr\/grand-angouleme\/#website\"},\"primaryImageOfPage\":{\"@id\":\"https:\/\/charente.catholique.fr\/grand-angouleme\/actualites\/homelie-du-pere-frederic-vollaud-mercredi-des-cendres\/#primaryimage\"},\"image\":{\"@id\":\"https:\/\/charente.catholique.fr\/grand-angouleme\/actualites\/homelie-du-pere-frederic-vollaud-mercredi-des-cendres\/#primaryimage\"},\"thumbnailUrl\":\"https:\/\/charente.catholique.fr\/grand-angouleme\/wp-content\/uploads\/sites\/2\/2021\/02\/220px-jesus-christ-from-hagia-sophia-150x150-1.jpg\",\"datePublished\":\"2021-02-19T13:07:32+00:00\",\"dateModified\":\"2021-12-08T14:54:18+00:00\",\"breadcrumb\":{\"@id\":\"https:\/\/charente.catholique.fr\/grand-angouleme\/actualites\/homelie-du-pere-frederic-vollaud-mercredi-des-cendres\/#breadcrumb\"},\"inLanguage\":\"fr-FR\",\"potentialAction\":[{\"@type\":\"ReadAction\",\"target\":[\"https:\/\/charente.catholique.fr\/grand-angouleme\/actualites\/homelie-du-pere-frederic-vollaud-mercredi-des-cendres\/\"]}]},{\"@type\":\"ImageObject\",\"inLanguage\":\"fr-FR\",\"@id\":\"https:\/\/charente.catholique.fr\/grand-angouleme\/actualites\/homelie-du-pere-frederic-vollaud-mercredi-des-cendres\/#primaryimage\",\"url\":\"https:\/\/charente.catholique.fr\/grand-angouleme\/wp-content\/uploads\/sites\/2\/2021\/02\/220px-jesus-christ-from-hagia-sophia-150x150-1.jpg\",\"contentUrl\":\"https:\/\/charente.catholique.fr\/grand-angouleme\/wp-content\/uploads\/sites\/2\/2021\/02\/220px-jesus-christ-from-hagia-sophia-150x150-1.jpg\",\"width\":150,\"height\":150},{\"@type\":\"BreadcrumbList\",\"@id\":\"https:\/\/charente.catholique.fr\/grand-angouleme\/actualites\/homelie-du-pere-frederic-vollaud-mercredi-des-cendres\/#breadcrumb\",\"itemListElement\":[{\"@type\":\"ListItem\",\"position\":1,\"name\":\"Accueil\",\"item\":\"https:\/\/charente.catholique.fr\/grand-angouleme\/\"},{\"@type\":\"ListItem\",\"position\":2,\"name\":\"Hom\u00e9lie du p\u00e8re Fr\u00e9d\u00e9ric Vollaud : Mercredi des Cendres\"}]},{\"@type\":\"WebSite\",\"@id\":\"https:\/\/charente.catholique.fr\/grand-angouleme\/#website\",\"url\":\"https:\/\/charente.catholique.fr\/grand-angouleme\/\",\"name\":\"Doyenn\u00e9 Grand Angoul\u00eame - Dioc\u00e8se d'Angoul\u00eame\",\"description\":\"Dioc\u00e8se d&#039;Angoul\u00eame\",\"publisher\":{\"@id\":\"https:\/\/charente.catholique.fr\/grand-angouleme\/#organization\"},\"potentialAction\":[{\"@type\":\"SearchAction\",\"target\":{\"@type\":\"EntryPoint\",\"urlTemplate\":\"https:\/\/charente.catholique.fr\/grand-angouleme\/?s={search_term_string}\"},\"query-input\":{\"@type\":\"PropertyValueSpecification\",\"valueRequired\":true,\"valueName\":\"search_term_string\"}}],\"inLanguage\":\"fr-FR\"},{\"@type\":\"Organization\",\"@id\":\"https:\/\/charente.catholique.fr\/grand-angouleme\/#organization\",\"name\":\"Association Dioc\u00e9saine d'Angoul\u00eame\",\"url\":\"https:\/\/charente.catholique.fr\/grand-angouleme\/\",\"logo\":{\"@type\":\"ImageObject\",\"inLanguage\":\"fr-FR\",\"@id\":\"https:\/\/charente.catholique.fr\/grand-angouleme\/#\/schema\/logo\/image\/\",\"url\":\"https:\/\/charente.catholique.fr\/grand-angouleme\/wp-content\/uploads\/sites\/2\/2020\/10\/logos.png\",\"contentUrl\":\"https:\/\/charente.catholique.fr\/grand-angouleme\/wp-content\/uploads\/sites\/2\/2020\/10\/logos.png\",\"width\":600,\"height\":257,\"caption\":\"Association Dioc\u00e9saine d'Angoul\u00eame\"},\"image\":{\"@id\":\"https:\/\/charente.catholique.fr\/grand-angouleme\/#\/schema\/logo\/image\/\"},\"sameAs\":[\"https:\/\/www.facebook.com\/EgliseCatholiqueCharente\",\"https:\/\/x.com\/diocesecharente\",\"https:\/\/www.instagram.com\/eglisecharente\",\"https:\/\/www.youtube.com\/channel\/UCByyFWApZbw3gDTiADoiAaQ\"]},{\"@type\":\"Person\",\"@id\":\"https:\/\/charente.catholique.fr\/grand-angouleme\/#\/schema\/person\/0bb2e75c546661bf0827c8b4d5d2bcfb\",\"name\":\"Marie-No\u00eblle Bouteloup\",\"image\":{\"@type\":\"ImageObject\",\"inLanguage\":\"fr-FR\",\"@id\":\"https:\/\/charente.catholique.fr\/grand-angouleme\/#\/schema\/person\/image\/\",\"url\":\"https:\/\/secure.gravatar.com\/avatar\/8b68422c19e9566364992377448eef55989ea1caaedc20a57fe2961c16ed8312?s=96&d=mm&r=g\",\"contentUrl\":\"https:\/\/secure.gravatar.com\/avatar\/8b68422c19e9566364992377448eef55989ea1caaedc20a57fe2961c16ed8312?s=96&d=mm&r=g\",\"caption\":\"Marie-No\u00eblle Bouteloup\"},\"url\":\"https:\/\/charente.catholique.fr\/grand-angouleme\/author\/mnbouteloup\/\"}]}<\/script>\n<!-- \/ Yoast SEO plugin. -->","yoast_head_json":{"title":"Hom\u00e9lie du p\u00e8re Fr\u00e9d\u00e9ric Vollaud : Mercredi des Cendres - Doyenn\u00e9 Grand Angoul\u00eame","robots":{"index":"index","follow":"follow","max-snippet":"max-snippet:-1","max-image-preview":"max-image-preview:large","max-video-preview":"max-video-preview:-1"},"canonical":"https:\/\/charente.catholique.fr\/grand-angouleme\/actualites\/homelie-du-pere-frederic-vollaud-mercredi-des-cendres\/","og_locale":"fr_FR","og_type":"article","og_title":"Hom\u00e9lie du p\u00e8re Fr\u00e9d\u00e9ric Vollaud : Mercredi des Cendres - Doyenn\u00e9 Grand Angoul\u00eame","og_description":"Le signe des cendres qui ouvre ce Car\u00eame \u00e9voque en m\u00eame temps ce qui est fragile, d\u00e9risoire, passager, mortel\u2026 mais aussi la promesse d\u2019une renaissance, le feu qui couve, la fertilit\u00e9, la r\u00e9surrection. Toute r\u00e9alit\u00e9 humaine est porteuse de ces deux sens apparemment oppos\u00e9s&nbsp;: vie et mort, lumi\u00e8re et t\u00e9n\u00e8bres, bien et mal, force et [&hellip;]","og_url":"https:\/\/charente.catholique.fr\/grand-angouleme\/actualites\/homelie-du-pere-frederic-vollaud-mercredi-des-cendres\/","og_site_name":"Doyenn\u00e9 Grand Angoul\u00eame","article_publisher":"https:\/\/www.facebook.com\/EgliseCatholiqueCharente","article_published_time":"2021-02-19T13:07:32+00:00","article_modified_time":"2021-12-08T14:54:18+00:00","og_image":[{"width":150,"height":150,"url":"https:\/\/charente.catholique.fr\/grand-angouleme\/wp-content\/uploads\/sites\/2\/2021\/02\/220px-jesus-christ-from-hagia-sophia-150x150-1.jpg","type":"image\/jpeg"}],"author":"Marie-No\u00eblle Bouteloup","twitter_card":"summary_large_image","twitter_creator":"@diocesecharente","twitter_site":"@diocesecharente","twitter_misc":{"\u00c9crit par":"Marie-No\u00eblle Bouteloup","Dur\u00e9e de lecture estim\u00e9e":"3 minutes"},"schema":{"@context":"https:\/\/schema.org","@graph":[{"@type":"Article","@id":"https:\/\/charente.catholique.fr\/grand-angouleme\/actualites\/homelie-du-pere-frederic-vollaud-mercredi-des-cendres\/#article","isPartOf":{"@id":"https:\/\/charente.catholique.fr\/grand-angouleme\/actualites\/homelie-du-pere-frederic-vollaud-mercredi-des-cendres\/"},"author":{"name":"Marie-No\u00eblle Bouteloup","@id":"https:\/\/charente.catholique.fr\/grand-angouleme\/#\/schema\/person\/0bb2e75c546661bf0827c8b4d5d2bcfb"},"headline":"Hom\u00e9lie du p\u00e8re Fr\u00e9d\u00e9ric Vollaud : Mercredi des Cendres","datePublished":"2021-02-19T13:07:32+00:00","dateModified":"2021-12-08T14:54:18+00:00","mainEntityOfPage":{"@id":"https:\/\/charente.catholique.fr\/grand-angouleme\/actualites\/homelie-du-pere-frederic-vollaud-mercredi-des-cendres\/"},"wordCount":611,"commentCount":0,"publisher":{"@id":"https:\/\/charente.catholique.fr\/grand-angouleme\/#organization"},"image":{"@id":"https:\/\/charente.catholique.fr\/grand-angouleme\/actualites\/homelie-du-pere-frederic-vollaud-mercredi-des-cendres\/#primaryimage"},"thumbnailUrl":"https:\/\/charente.catholique.fr\/grand-angouleme\/wp-content\/uploads\/sites\/2\/2021\/02\/220px-jesus-christ-from-hagia-sophia-150x150-1.jpg","articleSection":["Actualit\u00e9s"],"inLanguage":"fr-FR","potentialAction":[{"@type":"CommentAction","name":"Comment","target":["https:\/\/charente.catholique.fr\/grand-angouleme\/actualites\/homelie-du-pere-frederic-vollaud-mercredi-des-cendres\/#respond"]}]},{"@type":"WebPage","@id":"https:\/\/charente.catholique.fr\/grand-angouleme\/actualites\/homelie-du-pere-frederic-vollaud-mercredi-des-cendres\/","url":"https:\/\/charente.catholique.fr\/grand-angouleme\/actualites\/homelie-du-pere-frederic-vollaud-mercredi-des-cendres\/","name":"Hom\u00e9lie du p\u00e8re Fr\u00e9d\u00e9ric Vollaud : Mercredi des Cendres - Doyenn\u00e9 Grand Angoul\u00eame","isPartOf":{"@id":"https:\/\/charente.catholique.fr\/grand-angouleme\/#website"},"primaryImageOfPage":{"@id":"https:\/\/charente.catholique.fr\/grand-angouleme\/actualites\/homelie-du-pere-frederic-vollaud-mercredi-des-cendres\/#primaryimage"},"image":{"@id":"https:\/\/charente.catholique.fr\/grand-angouleme\/actualites\/homelie-du-pere-frederic-vollaud-mercredi-des-cendres\/#primaryimage"},"thumbnailUrl":"https:\/\/charente.catholique.fr\/grand-angouleme\/wp-content\/uploads\/sites\/2\/2021\/02\/220px-jesus-christ-from-hagia-sophia-150x150-1.jpg","datePublished":"2021-02-19T13:07:32+00:00","dateModified":"2021-12-08T14:54:18+00:00","breadcrumb":{"@id":"https:\/\/charente.catholique.fr\/grand-angouleme\/actualites\/homelie-du-pere-frederic-vollaud-mercredi-des-cendres\/#breadcrumb"},"inLanguage":"fr-FR","potentialAction":[{"@type":"ReadAction","target":["https:\/\/charente.catholique.fr\/grand-angouleme\/actualites\/homelie-du-pere-frederic-vollaud-mercredi-des-cendres\/"]}]},{"@type":"ImageObject","inLanguage":"fr-FR","@id":"https:\/\/charente.catholique.fr\/grand-angouleme\/actualites\/homelie-du-pere-frederic-vollaud-mercredi-des-cendres\/#primaryimage","url":"https:\/\/charente.catholique.fr\/grand-angouleme\/wp-content\/uploads\/sites\/2\/2021\/02\/220px-jesus-christ-from-hagia-sophia-150x150-1.jpg","contentUrl":"https:\/\/charente.catholique.fr\/grand-angouleme\/wp-content\/uploads\/sites\/2\/2021\/02\/220px-jesus-christ-from-hagia-sophia-150x150-1.jpg","width":150,"height":150},{"@type":"BreadcrumbList","@id":"https:\/\/charente.catholique.fr\/grand-angouleme\/actualites\/homelie-du-pere-frederic-vollaud-mercredi-des-cendres\/#breadcrumb","itemListElement":[{"@type":"ListItem","position":1,"name":"Accueil","item":"https:\/\/charente.catholique.fr\/grand-angouleme\/"},{"@type":"ListItem","position":2,"name":"Hom\u00e9lie du p\u00e8re Fr\u00e9d\u00e9ric Vollaud : Mercredi des Cendres"}]},{"@type":"WebSite","@id":"https:\/\/charente.catholique.fr\/grand-angouleme\/#website","url":"https:\/\/charente.catholique.fr\/grand-angouleme\/","name":"Doyenn\u00e9 Grand Angoul\u00eame - Dioc\u00e8se d'Angoul\u00eame","description":"Dioc\u00e8se d&#039;Angoul\u00eame","publisher":{"@id":"https:\/\/charente.catholique.fr\/grand-angouleme\/#organization"},"potentialAction":[{"@type":"SearchAction","target":{"@type":"EntryPoint","urlTemplate":"https:\/\/charente.catholique.fr\/grand-angouleme\/?s={search_term_string}"},"query-input":{"@type":"PropertyValueSpecification","valueRequired":true,"valueName":"search_term_string"}}],"inLanguage":"fr-FR"},{"@type":"Organization","@id":"https:\/\/charente.catholique.fr\/grand-angouleme\/#organization","name":"Association Dioc\u00e9saine d'Angoul\u00eame","url":"https:\/\/charente.catholique.fr\/grand-angouleme\/","logo":{"@type":"ImageObject","inLanguage":"fr-FR","@id":"https:\/\/charente.catholique.fr\/grand-angouleme\/#\/schema\/logo\/image\/","url":"https:\/\/charente.catholique.fr\/grand-angouleme\/wp-content\/uploads\/sites\/2\/2020\/10\/logos.png","contentUrl":"https:\/\/charente.catholique.fr\/grand-angouleme\/wp-content\/uploads\/sites\/2\/2020\/10\/logos.png","width":600,"height":257,"caption":"Association Dioc\u00e9saine d'Angoul\u00eame"},"image":{"@id":"https:\/\/charente.catholique.fr\/grand-angouleme\/#\/schema\/logo\/image\/"},"sameAs":["https:\/\/www.facebook.com\/EgliseCatholiqueCharente","https:\/\/x.com\/diocesecharente","https:\/\/www.instagram.com\/eglisecharente","https:\/\/www.youtube.com\/channel\/UCByyFWApZbw3gDTiADoiAaQ"]},{"@type":"Person","@id":"https:\/\/charente.catholique.fr\/grand-angouleme\/#\/schema\/person\/0bb2e75c546661bf0827c8b4d5d2bcfb","name":"Marie-No\u00eblle Bouteloup","image":{"@type":"ImageObject","inLanguage":"fr-FR","@id":"https:\/\/charente.catholique.fr\/grand-angouleme\/#\/schema\/person\/image\/","url":"https:\/\/secure.gravatar.com\/avatar\/8b68422c19e9566364992377448eef55989ea1caaedc20a57fe2961c16ed8312?s=96&d=mm&r=g","contentUrl":"https:\/\/secure.gravatar.com\/avatar\/8b68422c19e9566364992377448eef55989ea1caaedc20a57fe2961c16ed8312?s=96&d=mm&r=g","caption":"Marie-No\u00eblle Bouteloup"},"url":"https:\/\/charente.catholique.fr\/grand-angouleme\/author\/mnbouteloup\/"}]}},"_links":{"self":[{"href":"https:\/\/charente.catholique.fr\/grand-angouleme\/wp-json\/wp\/v2\/posts\/4227","targetHints":{"allow":["GET"]}}],"collection":[{"href":"https:\/\/charente.catholique.fr\/grand-angouleme\/wp-json\/wp\/v2\/posts"}],"about":[{"href":"https:\/\/charente.catholique.fr\/grand-angouleme\/wp-json\/wp\/v2\/types\/post"}],"author":[{"embeddable":true,"href":"https:\/\/charente.catholique.fr\/grand-angouleme\/wp-json\/wp\/v2\/users\/13"}],"replies":[{"embeddable":true,"href":"https:\/\/charente.catholique.fr\/grand-angouleme\/wp-json\/wp\/v2\/comments?post=4227"}],"version-history":[{"count":2,"href":"https:\/\/charente.catholique.fr\/grand-angouleme\/wp-json\/wp\/v2\/posts\/4227\/revisions"}],"predecessor-version":[{"id":4229,"href":"https:\/\/charente.catholique.fr\/grand-angouleme\/wp-json\/wp\/v2\/posts\/4227\/revisions\/4229"}],"wp:featuredmedia":[{"embeddable":true,"href":"https:\/\/charente.catholique.fr\/grand-angouleme\/wp-json\/wp\/v2\/media\/8265"}],"wp:attachment":[{"href":"https:\/\/charente.catholique.fr\/grand-angouleme\/wp-json\/wp\/v2\/media?parent=4227"}],"wp:term":[{"taxonomy":"category","embeddable":true,"href":"https:\/\/charente.catholique.fr\/grand-angouleme\/wp-json\/wp\/v2\/categories?post=4227"},{"taxonomy":"post_tag","embeddable":true,"href":"https:\/\/charente.catholique.fr\/grand-angouleme\/wp-json\/wp\/v2\/tags?post=4227"}],"curies":[{"name":"wp","href":"https:\/\/api.w.org\/{rel}","templated":true}]}}