{"id":3639,"date":"2021-01-11T10:37:25","date_gmt":"2021-01-11T09:37:25","guid":{"rendered":"https:\/\/charente.catholique.fr\/grand-angouleme\/?p=3639"},"modified":"2021-12-08T16:03:52","modified_gmt":"2021-12-08T15:03:52","slug":"homelie-du-pere-frederic-vollaud-sainte-marie-mere-de-dieu","status":"publish","type":"post","link":"https:\/\/charente.catholique.fr\/grand-angouleme\/actualites\/homelie-du-pere-frederic-vollaud-sainte-marie-mere-de-dieu\/","title":{"rendered":"Hom\u00e9lie du p\u00e8re Fr\u00e9d\u00e9ric VOLLAUD : &#8220;Sainte Marie, m\u00e8re de Dieu&#8221;"},"content":{"rendered":"\n<p><strong>Sainte Marie M\u00e8re de Dieu<\/strong><\/p>\n\n\n\n<p>La f\u00eate d&#8217;aujourd&#8217;hui qui vient cl\u00f4turer l&#8217;Octave de No\u00ebl nous ram\u00e8ne \u00e0 l\u2019ambiance familiale, \u00e0 la cellule vivante qui diffuse amour, force et vie\u2026 Le Fils de Dieu qui est aussi le fils de Marie est venu manifester qu&#8217;en Lui et par Lui, nous aussi sommes fils de Dieu&nbsp;!<\/p>\n\n\n\n<p>C\u2019est donc le temps favorable, devant la cr\u00e8che, de laisser notre c\u0153ur se r\u00e9jouir et de laisser l\u2019Esprit de Dieu nous redire&nbsp;: \u00ab&nbsp;Tu n\u2019es plus esclave mais FILS, et comme fils, tu es h\u00e9ritier par la gr\u00e2ce de Dieu&nbsp;!&nbsp;\u00bb de sa vie et de son amour infinis.<\/p>\n\n\n\n<p>L\u2019attitude de Marie dans l\u2019\u00e9vangile est un v\u00e9ritable enseignement. Alors que le ciel jubile, alors que les bergers se h\u00e2tent, racontent, glorifient et louent Dieu, alors que tout le monde s\u2019\u00e9tonne, Marie reste silencieuse. Elle a pris le chemin du c\u0153ur. Sa louange est devenue adoration, son \u00e9tonnement s\u2019est transform\u00e9 en contemplation, ses pens\u00e9es en m\u00e9ditation. Elle qui a su, plus que les autres, accueillir la Parole, le Verbe de Dieu, elle qui lui a donn\u00e9 chair et vie humaines, elle qui vient de vivre l\u2019accomplissement des promesses divines, devient la premi\u00e8re adoratrice \u00ab&nbsp;en esprit et en v\u00e9rit\u00e9&nbsp;\u00bb.<\/p>\n\n\n\n<p>Prenons le temps d\u2019entrer nous aussi dans l\u2019oratoire de notre c\u0153ur, alors que le monde s\u2019agite autour de nous en ces temps de f\u00eates o\u00f9 Dieu est souvent bien absent parce que non attendu, non d\u00e9sir\u00e9, non reconnu\u2026 pour m\u00e9diter sur \u00ab&nbsp;les \u00e9v\u00e8nements&nbsp;\u00bb&nbsp;: c&#8217;est-\u00e0-dire, pour nous aujourd\u2019hui, faisons m\u00e9moire, dans la louange, de l\u2019ann\u00e9e \u00e9coul\u00e9e pour y discerner les dons de Dieu, les gr\u00e2ces re\u00e7ues, les signes de sa pr\u00e9sence\u2026 Si chacun peut, ici et maintenant, trouver dans sa relecture de l\u2019ann\u00e9e \u00e9coul\u00e9e un \u00e9v\u00e9nement heureux et dire au Seigneur&nbsp;: \u2018Merci pour cette joie&nbsp;!\u2019, ou une \u00e9preuve affront\u00e9e et dire&nbsp;:\u2019Merci Seigneur d\u2019avoir \u00e9t\u00e9 avec moi&nbsp;!\u2019, nous aurons ainsi, comme Marie, pos\u00e9 le regard de la foi sur la r\u00e9alit\u00e9 de nos vies, sur ce qui nous est advenu.<\/p>\n\n\n\n<p>Les bergers aussi nous apprennent \u00e0 entrer dans la foi par la porte du c\u0153ur, le c\u0153ur qui se r\u00e9jouit et qui invite \u00e0 passer du don au donateur, du bienfait au Cr\u00e9ateur, de l\u2019\u00e9tonnement \u00e0 l\u2019\u00e9merveillement, de l\u2019\u00e9merveillement au t\u00e9moignage.<\/p>\n\n\n\n<p>Nous serons t\u00e9moins du Christ si nous avons su d&#8217;abord nous \u00e9merveiller de tous les dons qui, en lui, nous sont faits par Dieu&nbsp;: son Salut, sa Vie, son Amour\u2026 En nous tendant les bras, c\u2019est tout cela que l\u2019Enfant de la cr\u00e8che nous offre, et nul n\u2019est exclu de ces dons&nbsp;! Nous n\u2019avons, \u00e0 notre tour, qu\u2019\u00e0 ouvrir nos bras, nos c\u0153urs au Don de Dieu&nbsp;et \u00e0 nous \u00e9merveiller d\u2019\u00eatre aim\u00e9s ainsi !<\/p>\n\n\n\n<p>Marie, les bergers\u2026 autant de compagnons de route&nbsp; pour guider nos pas sur le chemin de la foi, autant de guides pour accueillir aujourd\u2019hui, intimement, personnellement, le Don de Dieu, J\u00e9sus vivant, notre Joie, notre Avenir, notre Esp\u00e9rance&nbsp;! Qu\u2019il le soit vraiment pour chacun de vous en cette ann\u00e9e qui commence sous le signe de Marie&nbsp;! Amen.<\/p>\n","protected":false},"excerpt":{"rendered":"<p>Sainte Marie M\u00e8re de Dieu La f\u00eate d&#8217;aujourd&#8217;hui qui vient cl\u00f4turer l&#8217;Octave de No\u00ebl nous ram\u00e8ne \u00e0 l\u2019ambiance familiale, \u00e0 la cellule vivante qui diffuse amour, force et vie\u2026 Le Fils de Dieu qui est aussi le fils de Marie est venu manifester qu&#8217;en Lui et par Lui, nous aussi sommes fils de Dieu&nbsp;! C\u2019est [&hellip;]<\/p>\n","protected":false},"author":13,"featured_media":8265,"comment_status":"open","ping_status":"open","sticky":false,"template":"","format":"standard","meta":{"_acf_changed":false,"paroisse":["1"],"service":["0"],"footnotes":""},"categories":[1],"tags":[],"class_list":["post-3639","post","type-post","status-publish","format-standard","has-post-thumbnail","hentry","category-actualites"],"acf":[],"yoast_head":"<!-- This site is optimized with the Yoast SEO plugin v27.1.1 - https:\/\/yoast.com\/product\/yoast-seo-wordpress\/ -->\n<title>Hom\u00e9lie du p\u00e8re Fr\u00e9d\u00e9ric VOLLAUD : &quot;Sainte Marie, m\u00e8re de Dieu&quot; - Doyenn\u00e9 Grand Angoul\u00eame<\/title>\n<meta name=\"robots\" content=\"index, follow, max-snippet:-1, max-image-preview:large, max-video-preview:-1\" \/>\n<link rel=\"canonical\" href=\"https:\/\/charente.catholique.fr\/grand-angouleme\/actualites\/homelie-du-pere-frederic-vollaud-sainte-marie-mere-de-dieu\/\" \/>\n<meta property=\"og:locale\" content=\"fr_FR\" \/>\n<meta property=\"og:type\" content=\"article\" \/>\n<meta property=\"og:title\" content=\"Hom\u00e9lie du p\u00e8re Fr\u00e9d\u00e9ric VOLLAUD : &quot;Sainte Marie, m\u00e8re de Dieu&quot; - Doyenn\u00e9 Grand Angoul\u00eame\" \/>\n<meta property=\"og:description\" content=\"Sainte Marie M\u00e8re de Dieu La f\u00eate d&#8217;aujourd&#8217;hui qui vient cl\u00f4turer l&#8217;Octave de No\u00ebl nous ram\u00e8ne \u00e0 l\u2019ambiance familiale, \u00e0 la cellule vivante qui diffuse amour, force et vie\u2026 Le Fils de Dieu qui est aussi le fils de Marie est venu manifester qu&#8217;en Lui et par Lui, nous aussi sommes fils de Dieu&nbsp;! C\u2019est [&hellip;]\" \/>\n<meta property=\"og:url\" content=\"https:\/\/charente.catholique.fr\/grand-angouleme\/actualites\/homelie-du-pere-frederic-vollaud-sainte-marie-mere-de-dieu\/\" \/>\n<meta property=\"og:site_name\" content=\"Doyenn\u00e9 Grand Angoul\u00eame\" \/>\n<meta property=\"article:publisher\" content=\"https:\/\/www.facebook.com\/EgliseCatholiqueCharente\" \/>\n<meta property=\"article:published_time\" content=\"2021-01-11T09:37:25+00:00\" \/>\n<meta property=\"article:modified_time\" content=\"2021-12-08T15:03:52+00:00\" \/>\n<meta property=\"og:image\" content=\"https:\/\/charente.catholique.fr\/grand-angouleme\/wp-content\/uploads\/sites\/2\/2021\/02\/220px-jesus-christ-from-hagia-sophia-150x150-1.jpg\" \/>\n\t<meta property=\"og:image:width\" content=\"150\" \/>\n\t<meta property=\"og:image:height\" content=\"150\" \/>\n\t<meta property=\"og:image:type\" content=\"image\/jpeg\" \/>\n<meta name=\"author\" content=\"Marie-No\u00eblle Bouteloup\" \/>\n<meta name=\"twitter:card\" content=\"summary_large_image\" \/>\n<meta name=\"twitter:creator\" content=\"@diocesecharente\" \/>\n<meta name=\"twitter:site\" content=\"@diocesecharente\" \/>\n<meta name=\"twitter:label1\" content=\"\u00c9crit par\" \/>\n\t<meta name=\"twitter:data1\" content=\"Marie-No\u00eblle Bouteloup\" \/>\n\t<meta name=\"twitter:label2\" content=\"Dur\u00e9e de lecture estim\u00e9e\" \/>\n\t<meta name=\"twitter:data2\" content=\"3 minutes\" \/>\n<script type=\"application\/ld+json\" class=\"yoast-schema-graph\">{\"@context\":\"https:\/\/schema.org\",\"@graph\":[{\"@type\":\"Article\",\"@id\":\"https:\/\/charente.catholique.fr\/grand-angouleme\/actualites\/homelie-du-pere-frederic-vollaud-sainte-marie-mere-de-dieu\/#article\",\"isPartOf\":{\"@id\":\"https:\/\/charente.catholique.fr\/grand-angouleme\/actualites\/homelie-du-pere-frederic-vollaud-sainte-marie-mere-de-dieu\/\"},\"author\":{\"name\":\"Marie-No\u00eblle Bouteloup\",\"@id\":\"https:\/\/charente.catholique.fr\/grand-angouleme\/#\/schema\/person\/0bb2e75c546661bf0827c8b4d5d2bcfb\"},\"headline\":\"Hom\u00e9lie du p\u00e8re Fr\u00e9d\u00e9ric VOLLAUD : &#8220;Sainte Marie, m\u00e8re de Dieu&#8221;\",\"datePublished\":\"2021-01-11T09:37:25+00:00\",\"dateModified\":\"2021-12-08T15:03:52+00:00\",\"mainEntityOfPage\":{\"@id\":\"https:\/\/charente.catholique.fr\/grand-angouleme\/actualites\/homelie-du-pere-frederic-vollaud-sainte-marie-mere-de-dieu\/\"},\"wordCount\":606,\"commentCount\":0,\"publisher\":{\"@id\":\"https:\/\/charente.catholique.fr\/grand-angouleme\/#organization\"},\"image\":{\"@id\":\"https:\/\/charente.catholique.fr\/grand-angouleme\/actualites\/homelie-du-pere-frederic-vollaud-sainte-marie-mere-de-dieu\/#primaryimage\"},\"thumbnailUrl\":\"https:\/\/charente.catholique.fr\/grand-angouleme\/wp-content\/uploads\/sites\/2\/2021\/02\/220px-jesus-christ-from-hagia-sophia-150x150-1.jpg\",\"articleSection\":[\"Actualit\u00e9s\"],\"inLanguage\":\"fr-FR\",\"potentialAction\":[{\"@type\":\"CommentAction\",\"name\":\"Comment\",\"target\":[\"https:\/\/charente.catholique.fr\/grand-angouleme\/actualites\/homelie-du-pere-frederic-vollaud-sainte-marie-mere-de-dieu\/#respond\"]}]},{\"@type\":\"WebPage\",\"@id\":\"https:\/\/charente.catholique.fr\/grand-angouleme\/actualites\/homelie-du-pere-frederic-vollaud-sainte-marie-mere-de-dieu\/\",\"url\":\"https:\/\/charente.catholique.fr\/grand-angouleme\/actualites\/homelie-du-pere-frederic-vollaud-sainte-marie-mere-de-dieu\/\",\"name\":\"Hom\u00e9lie du p\u00e8re Fr\u00e9d\u00e9ric VOLLAUD : \\\"Sainte Marie, m\u00e8re de Dieu\\\" - Doyenn\u00e9 Grand Angoul\u00eame\",\"isPartOf\":{\"@id\":\"https:\/\/charente.catholique.fr\/grand-angouleme\/#website\"},\"primaryImageOfPage\":{\"@id\":\"https:\/\/charente.catholique.fr\/grand-angouleme\/actualites\/homelie-du-pere-frederic-vollaud-sainte-marie-mere-de-dieu\/#primaryimage\"},\"image\":{\"@id\":\"https:\/\/charente.catholique.fr\/grand-angouleme\/actualites\/homelie-du-pere-frederic-vollaud-sainte-marie-mere-de-dieu\/#primaryimage\"},\"thumbnailUrl\":\"https:\/\/charente.catholique.fr\/grand-angouleme\/wp-content\/uploads\/sites\/2\/2021\/02\/220px-jesus-christ-from-hagia-sophia-150x150-1.jpg\",\"datePublished\":\"2021-01-11T09:37:25+00:00\",\"dateModified\":\"2021-12-08T15:03:52+00:00\",\"breadcrumb\":{\"@id\":\"https:\/\/charente.catholique.fr\/grand-angouleme\/actualites\/homelie-du-pere-frederic-vollaud-sainte-marie-mere-de-dieu\/#breadcrumb\"},\"inLanguage\":\"fr-FR\",\"potentialAction\":[{\"@type\":\"ReadAction\",\"target\":[\"https:\/\/charente.catholique.fr\/grand-angouleme\/actualites\/homelie-du-pere-frederic-vollaud-sainte-marie-mere-de-dieu\/\"]}]},{\"@type\":\"ImageObject\",\"inLanguage\":\"fr-FR\",\"@id\":\"https:\/\/charente.catholique.fr\/grand-angouleme\/actualites\/homelie-du-pere-frederic-vollaud-sainte-marie-mere-de-dieu\/#primaryimage\",\"url\":\"https:\/\/charente.catholique.fr\/grand-angouleme\/wp-content\/uploads\/sites\/2\/2021\/02\/220px-jesus-christ-from-hagia-sophia-150x150-1.jpg\",\"contentUrl\":\"https:\/\/charente.catholique.fr\/grand-angouleme\/wp-content\/uploads\/sites\/2\/2021\/02\/220px-jesus-christ-from-hagia-sophia-150x150-1.jpg\",\"width\":150,\"height\":150},{\"@type\":\"BreadcrumbList\",\"@id\":\"https:\/\/charente.catholique.fr\/grand-angouleme\/actualites\/homelie-du-pere-frederic-vollaud-sainte-marie-mere-de-dieu\/#breadcrumb\",\"itemListElement\":[{\"@type\":\"ListItem\",\"position\":1,\"name\":\"Accueil\",\"item\":\"https:\/\/charente.catholique.fr\/grand-angouleme\/\"},{\"@type\":\"ListItem\",\"position\":2,\"name\":\"Hom\u00e9lie du p\u00e8re Fr\u00e9d\u00e9ric VOLLAUD : &#8220;Sainte Marie, m\u00e8re de Dieu&#8221;\"}]},{\"@type\":\"WebSite\",\"@id\":\"https:\/\/charente.catholique.fr\/grand-angouleme\/#website\",\"url\":\"https:\/\/charente.catholique.fr\/grand-angouleme\/\",\"name\":\"Doyenn\u00e9 Grand Angoul\u00eame - Dioc\u00e8se d'Angoul\u00eame\",\"description\":\"Dioc\u00e8se d&#039;Angoul\u00eame\",\"publisher\":{\"@id\":\"https:\/\/charente.catholique.fr\/grand-angouleme\/#organization\"},\"potentialAction\":[{\"@type\":\"SearchAction\",\"target\":{\"@type\":\"EntryPoint\",\"urlTemplate\":\"https:\/\/charente.catholique.fr\/grand-angouleme\/?s={search_term_string}\"},\"query-input\":{\"@type\":\"PropertyValueSpecification\",\"valueRequired\":true,\"valueName\":\"search_term_string\"}}],\"inLanguage\":\"fr-FR\"},{\"@type\":\"Organization\",\"@id\":\"https:\/\/charente.catholique.fr\/grand-angouleme\/#organization\",\"name\":\"Association Dioc\u00e9saine d'Angoul\u00eame\",\"url\":\"https:\/\/charente.catholique.fr\/grand-angouleme\/\",\"logo\":{\"@type\":\"ImageObject\",\"inLanguage\":\"fr-FR\",\"@id\":\"https:\/\/charente.catholique.fr\/grand-angouleme\/#\/schema\/logo\/image\/\",\"url\":\"https:\/\/charente.catholique.fr\/grand-angouleme\/wp-content\/uploads\/sites\/2\/2020\/10\/logos.png\",\"contentUrl\":\"https:\/\/charente.catholique.fr\/grand-angouleme\/wp-content\/uploads\/sites\/2\/2020\/10\/logos.png\",\"width\":600,\"height\":257,\"caption\":\"Association Dioc\u00e9saine d'Angoul\u00eame\"},\"image\":{\"@id\":\"https:\/\/charente.catholique.fr\/grand-angouleme\/#\/schema\/logo\/image\/\"},\"sameAs\":[\"https:\/\/www.facebook.com\/EgliseCatholiqueCharente\",\"https:\/\/x.com\/diocesecharente\",\"https:\/\/www.instagram.com\/eglisecharente\",\"https:\/\/www.youtube.com\/channel\/UCByyFWApZbw3gDTiADoiAaQ\"]},{\"@type\":\"Person\",\"@id\":\"https:\/\/charente.catholique.fr\/grand-angouleme\/#\/schema\/person\/0bb2e75c546661bf0827c8b4d5d2bcfb\",\"name\":\"Marie-No\u00eblle Bouteloup\",\"image\":{\"@type\":\"ImageObject\",\"inLanguage\":\"fr-FR\",\"@id\":\"https:\/\/charente.catholique.fr\/grand-angouleme\/#\/schema\/person\/image\/\",\"url\":\"https:\/\/secure.gravatar.com\/avatar\/8b68422c19e9566364992377448eef55989ea1caaedc20a57fe2961c16ed8312?s=96&d=mm&r=g\",\"contentUrl\":\"https:\/\/secure.gravatar.com\/avatar\/8b68422c19e9566364992377448eef55989ea1caaedc20a57fe2961c16ed8312?s=96&d=mm&r=g\",\"caption\":\"Marie-No\u00eblle Bouteloup\"},\"url\":\"https:\/\/charente.catholique.fr\/grand-angouleme\/author\/mnbouteloup\/\"}]}<\/script>\n<!-- \/ Yoast SEO plugin. -->","yoast_head_json":{"title":"Hom\u00e9lie du p\u00e8re Fr\u00e9d\u00e9ric VOLLAUD : \"Sainte Marie, m\u00e8re de Dieu\" - Doyenn\u00e9 Grand Angoul\u00eame","robots":{"index":"index","follow":"follow","max-snippet":"max-snippet:-1","max-image-preview":"max-image-preview:large","max-video-preview":"max-video-preview:-1"},"canonical":"https:\/\/charente.catholique.fr\/grand-angouleme\/actualites\/homelie-du-pere-frederic-vollaud-sainte-marie-mere-de-dieu\/","og_locale":"fr_FR","og_type":"article","og_title":"Hom\u00e9lie du p\u00e8re Fr\u00e9d\u00e9ric VOLLAUD : \"Sainte Marie, m\u00e8re de Dieu\" - Doyenn\u00e9 Grand Angoul\u00eame","og_description":"Sainte Marie M\u00e8re de Dieu La f\u00eate d&#8217;aujourd&#8217;hui qui vient cl\u00f4turer l&#8217;Octave de No\u00ebl nous ram\u00e8ne \u00e0 l\u2019ambiance familiale, \u00e0 la cellule vivante qui diffuse amour, force et vie\u2026 Le Fils de Dieu qui est aussi le fils de Marie est venu manifester qu&#8217;en Lui et par Lui, nous aussi sommes fils de Dieu&nbsp;! C\u2019est [&hellip;]","og_url":"https:\/\/charente.catholique.fr\/grand-angouleme\/actualites\/homelie-du-pere-frederic-vollaud-sainte-marie-mere-de-dieu\/","og_site_name":"Doyenn\u00e9 Grand Angoul\u00eame","article_publisher":"https:\/\/www.facebook.com\/EgliseCatholiqueCharente","article_published_time":"2021-01-11T09:37:25+00:00","article_modified_time":"2021-12-08T15:03:52+00:00","og_image":[{"width":150,"height":150,"url":"https:\/\/charente.catholique.fr\/grand-angouleme\/wp-content\/uploads\/sites\/2\/2021\/02\/220px-jesus-christ-from-hagia-sophia-150x150-1.jpg","type":"image\/jpeg"}],"author":"Marie-No\u00eblle Bouteloup","twitter_card":"summary_large_image","twitter_creator":"@diocesecharente","twitter_site":"@diocesecharente","twitter_misc":{"\u00c9crit par":"Marie-No\u00eblle Bouteloup","Dur\u00e9e de lecture estim\u00e9e":"3 minutes"},"schema":{"@context":"https:\/\/schema.org","@graph":[{"@type":"Article","@id":"https:\/\/charente.catholique.fr\/grand-angouleme\/actualites\/homelie-du-pere-frederic-vollaud-sainte-marie-mere-de-dieu\/#article","isPartOf":{"@id":"https:\/\/charente.catholique.fr\/grand-angouleme\/actualites\/homelie-du-pere-frederic-vollaud-sainte-marie-mere-de-dieu\/"},"author":{"name":"Marie-No\u00eblle Bouteloup","@id":"https:\/\/charente.catholique.fr\/grand-angouleme\/#\/schema\/person\/0bb2e75c546661bf0827c8b4d5d2bcfb"},"headline":"Hom\u00e9lie du p\u00e8re Fr\u00e9d\u00e9ric VOLLAUD : &#8220;Sainte Marie, m\u00e8re de Dieu&#8221;","datePublished":"2021-01-11T09:37:25+00:00","dateModified":"2021-12-08T15:03:52+00:00","mainEntityOfPage":{"@id":"https:\/\/charente.catholique.fr\/grand-angouleme\/actualites\/homelie-du-pere-frederic-vollaud-sainte-marie-mere-de-dieu\/"},"wordCount":606,"commentCount":0,"publisher":{"@id":"https:\/\/charente.catholique.fr\/grand-angouleme\/#organization"},"image":{"@id":"https:\/\/charente.catholique.fr\/grand-angouleme\/actualites\/homelie-du-pere-frederic-vollaud-sainte-marie-mere-de-dieu\/#primaryimage"},"thumbnailUrl":"https:\/\/charente.catholique.fr\/grand-angouleme\/wp-content\/uploads\/sites\/2\/2021\/02\/220px-jesus-christ-from-hagia-sophia-150x150-1.jpg","articleSection":["Actualit\u00e9s"],"inLanguage":"fr-FR","potentialAction":[{"@type":"CommentAction","name":"Comment","target":["https:\/\/charente.catholique.fr\/grand-angouleme\/actualites\/homelie-du-pere-frederic-vollaud-sainte-marie-mere-de-dieu\/#respond"]}]},{"@type":"WebPage","@id":"https:\/\/charente.catholique.fr\/grand-angouleme\/actualites\/homelie-du-pere-frederic-vollaud-sainte-marie-mere-de-dieu\/","url":"https:\/\/charente.catholique.fr\/grand-angouleme\/actualites\/homelie-du-pere-frederic-vollaud-sainte-marie-mere-de-dieu\/","name":"Hom\u00e9lie du p\u00e8re Fr\u00e9d\u00e9ric VOLLAUD : \"Sainte Marie, m\u00e8re de Dieu\" - Doyenn\u00e9 Grand Angoul\u00eame","isPartOf":{"@id":"https:\/\/charente.catholique.fr\/grand-angouleme\/#website"},"primaryImageOfPage":{"@id":"https:\/\/charente.catholique.fr\/grand-angouleme\/actualites\/homelie-du-pere-frederic-vollaud-sainte-marie-mere-de-dieu\/#primaryimage"},"image":{"@id":"https:\/\/charente.catholique.fr\/grand-angouleme\/actualites\/homelie-du-pere-frederic-vollaud-sainte-marie-mere-de-dieu\/#primaryimage"},"thumbnailUrl":"https:\/\/charente.catholique.fr\/grand-angouleme\/wp-content\/uploads\/sites\/2\/2021\/02\/220px-jesus-christ-from-hagia-sophia-150x150-1.jpg","datePublished":"2021-01-11T09:37:25+00:00","dateModified":"2021-12-08T15:03:52+00:00","breadcrumb":{"@id":"https:\/\/charente.catholique.fr\/grand-angouleme\/actualites\/homelie-du-pere-frederic-vollaud-sainte-marie-mere-de-dieu\/#breadcrumb"},"inLanguage":"fr-FR","potentialAction":[{"@type":"ReadAction","target":["https:\/\/charente.catholique.fr\/grand-angouleme\/actualites\/homelie-du-pere-frederic-vollaud-sainte-marie-mere-de-dieu\/"]}]},{"@type":"ImageObject","inLanguage":"fr-FR","@id":"https:\/\/charente.catholique.fr\/grand-angouleme\/actualites\/homelie-du-pere-frederic-vollaud-sainte-marie-mere-de-dieu\/#primaryimage","url":"https:\/\/charente.catholique.fr\/grand-angouleme\/wp-content\/uploads\/sites\/2\/2021\/02\/220px-jesus-christ-from-hagia-sophia-150x150-1.jpg","contentUrl":"https:\/\/charente.catholique.fr\/grand-angouleme\/wp-content\/uploads\/sites\/2\/2021\/02\/220px-jesus-christ-from-hagia-sophia-150x150-1.jpg","width":150,"height":150},{"@type":"BreadcrumbList","@id":"https:\/\/charente.catholique.fr\/grand-angouleme\/actualites\/homelie-du-pere-frederic-vollaud-sainte-marie-mere-de-dieu\/#breadcrumb","itemListElement":[{"@type":"ListItem","position":1,"name":"Accueil","item":"https:\/\/charente.catholique.fr\/grand-angouleme\/"},{"@type":"ListItem","position":2,"name":"Hom\u00e9lie du p\u00e8re Fr\u00e9d\u00e9ric VOLLAUD : &#8220;Sainte Marie, m\u00e8re de Dieu&#8221;"}]},{"@type":"WebSite","@id":"https:\/\/charente.catholique.fr\/grand-angouleme\/#website","url":"https:\/\/charente.catholique.fr\/grand-angouleme\/","name":"Doyenn\u00e9 Grand Angoul\u00eame - Dioc\u00e8se d'Angoul\u00eame","description":"Dioc\u00e8se d&#039;Angoul\u00eame","publisher":{"@id":"https:\/\/charente.catholique.fr\/grand-angouleme\/#organization"},"potentialAction":[{"@type":"SearchAction","target":{"@type":"EntryPoint","urlTemplate":"https:\/\/charente.catholique.fr\/grand-angouleme\/?s={search_term_string}"},"query-input":{"@type":"PropertyValueSpecification","valueRequired":true,"valueName":"search_term_string"}}],"inLanguage":"fr-FR"},{"@type":"Organization","@id":"https:\/\/charente.catholique.fr\/grand-angouleme\/#organization","name":"Association Dioc\u00e9saine d'Angoul\u00eame","url":"https:\/\/charente.catholique.fr\/grand-angouleme\/","logo":{"@type":"ImageObject","inLanguage":"fr-FR","@id":"https:\/\/charente.catholique.fr\/grand-angouleme\/#\/schema\/logo\/image\/","url":"https:\/\/charente.catholique.fr\/grand-angouleme\/wp-content\/uploads\/sites\/2\/2020\/10\/logos.png","contentUrl":"https:\/\/charente.catholique.fr\/grand-angouleme\/wp-content\/uploads\/sites\/2\/2020\/10\/logos.png","width":600,"height":257,"caption":"Association Dioc\u00e9saine d'Angoul\u00eame"},"image":{"@id":"https:\/\/charente.catholique.fr\/grand-angouleme\/#\/schema\/logo\/image\/"},"sameAs":["https:\/\/www.facebook.com\/EgliseCatholiqueCharente","https:\/\/x.com\/diocesecharente","https:\/\/www.instagram.com\/eglisecharente","https:\/\/www.youtube.com\/channel\/UCByyFWApZbw3gDTiADoiAaQ"]},{"@type":"Person","@id":"https:\/\/charente.catholique.fr\/grand-angouleme\/#\/schema\/person\/0bb2e75c546661bf0827c8b4d5d2bcfb","name":"Marie-No\u00eblle Bouteloup","image":{"@type":"ImageObject","inLanguage":"fr-FR","@id":"https:\/\/charente.catholique.fr\/grand-angouleme\/#\/schema\/person\/image\/","url":"https:\/\/secure.gravatar.com\/avatar\/8b68422c19e9566364992377448eef55989ea1caaedc20a57fe2961c16ed8312?s=96&d=mm&r=g","contentUrl":"https:\/\/secure.gravatar.com\/avatar\/8b68422c19e9566364992377448eef55989ea1caaedc20a57fe2961c16ed8312?s=96&d=mm&r=g","caption":"Marie-No\u00eblle Bouteloup"},"url":"https:\/\/charente.catholique.fr\/grand-angouleme\/author\/mnbouteloup\/"}]}},"_links":{"self":[{"href":"https:\/\/charente.catholique.fr\/grand-angouleme\/wp-json\/wp\/v2\/posts\/3639","targetHints":{"allow":["GET"]}}],"collection":[{"href":"https:\/\/charente.catholique.fr\/grand-angouleme\/wp-json\/wp\/v2\/posts"}],"about":[{"href":"https:\/\/charente.catholique.fr\/grand-angouleme\/wp-json\/wp\/v2\/types\/post"}],"author":[{"embeddable":true,"href":"https:\/\/charente.catholique.fr\/grand-angouleme\/wp-json\/wp\/v2\/users\/13"}],"replies":[{"embeddable":true,"href":"https:\/\/charente.catholique.fr\/grand-angouleme\/wp-json\/wp\/v2\/comments?post=3639"}],"version-history":[{"count":5,"href":"https:\/\/charente.catholique.fr\/grand-angouleme\/wp-json\/wp\/v2\/posts\/3639\/revisions"}],"predecessor-version":[{"id":3650,"href":"https:\/\/charente.catholique.fr\/grand-angouleme\/wp-json\/wp\/v2\/posts\/3639\/revisions\/3650"}],"wp:featuredmedia":[{"embeddable":true,"href":"https:\/\/charente.catholique.fr\/grand-angouleme\/wp-json\/wp\/v2\/media\/8265"}],"wp:attachment":[{"href":"https:\/\/charente.catholique.fr\/grand-angouleme\/wp-json\/wp\/v2\/media?parent=3639"}],"wp:term":[{"taxonomy":"category","embeddable":true,"href":"https:\/\/charente.catholique.fr\/grand-angouleme\/wp-json\/wp\/v2\/categories?post=3639"},{"taxonomy":"post_tag","embeddable":true,"href":"https:\/\/charente.catholique.fr\/grand-angouleme\/wp-json\/wp\/v2\/tags?post=3639"}],"curies":[{"name":"wp","href":"https:\/\/api.w.org\/{rel}","templated":true}]}}