{"id":3573,"date":"2021-01-08T12:09:53","date_gmt":"2021-01-08T11:09:53","guid":{"rendered":"https:\/\/charente.catholique.fr\/grand-angouleme\/?p=3573"},"modified":"2021-12-08T11:20:35","modified_gmt":"2021-12-08T10:20:35","slug":"equipe-danimation-pastorale-paroisse-soyaux-vallee-de-lechelle","status":"publish","type":"post","link":"https:\/\/charente.catholique.fr\/grand-angouleme\/actualites\/equipe-danimation-pastorale-paroisse-soyaux-vallee-de-lechelle\/","title":{"rendered":"Equipe d\u2019Animation Pastorale &#8211; Paroisse Soyaux Vall\u00e9e de l\u2019Echelle."},"content":{"rendered":"\n<p>Mercredi 6 janvier 2021<\/p>\n\n\n\n<p>Pr\u00e9sents&nbsp;: p\u00e8re Michel GRANGER, Fran\u00e7oise CLEMENT, M-Odile FAVRE, Colette DESMOULIN, Didier RENARD, Philippe RICHARD.<\/p>\n\n\n\n<p>I. Echanges informels sur la p\u00e9riode autour de la galette des rois.<\/p>\n\n\n\n<p>II. Temps de recueillement et de pri\u00e8re.<\/p>\n\n\n\n<p>\u00ab&nbsp;Comble-nous de ta gr\u00e2ce&nbsp;\u00bb, \u00ab&nbsp;Merci, Dieu de la nouveaut\u00e9&nbsp;\u00bb.<\/p>\n\n\n\n<p>II. Le Compte Rendu de la rencontre du 27 novembre sera compl\u00e9t\u00e9 des propositions formul\u00e9es et mis sur le site dioc\u00e9sain pour la Paroisse.<\/p>\n\n\n\n<p>III. Point sur la vie de la paroisse sur le dernier quadrimestre (septembre \u00e0 d\u00e9cembre)&nbsp;:<\/p>\n\n\n\n<p>&#8211; La projection des chants est bien appr\u00e9ci\u00e9e et les \u00ab&nbsp;feuilles\u00bb ont disparu&nbsp;: \u00e9conomie et travail r\u00e9duit&nbsp;; la technique n\u2019est pas trop compliqu\u00e9e&nbsp;; deux personnes l\u2019assurent, une troisi\u00e8me peut-\u00eatre bient\u00f4t&nbsp;; mais l\u2019\u00e9quipement local a surpris notre \u00e9conome dioc\u00e9sain&nbsp;; un \u00e9quipement fixe d\u2019un vid\u00e9oprojecteur, l\u2019achat d\u2019un \u00e9cran et l\u2019installation technique par un professionnel simplifieraient le fonctionnement. Avis \u00e0 demander aupr\u00e8s de Alexis JOIN-LAMBERT apr\u00e8s les installations \u00e0 la Maison Dioc\u00e9saine&nbsp;; devis \u00e0 demander \u00e9ventuellement.<\/p>\n\n\n\n<p>&#8211; La convention Dioc\u00e8se-Ville de Soyaux sur le terrain de l\u2019\u00e9glise (\u00ab&nbsp;square St Joseph&nbsp;\u00bb) &#8211; qui appartient au dioc\u00e8se mais utilis\u00e9 par le public et am\u00e9nag\u00e9 par la ville \u2013 n\u2019a pas encore eu de r\u00e9ponse du dioc\u00e8se (le responsable des affaires juridiques \u00e9tait malade) \u2026 Texte pr\u00e9par\u00e9 ant\u00e9rieurement \u00e0 transmettre au p\u00e8re Michel.<\/p>\n\n\n\n<p>&#8211; Le confinement et les mesures r\u00e9glementaires li\u00e9es \u00e0 la COVIDont mis de la distance entre les personnes en particulier \u00e2g\u00e9es&nbsp;: certaines ont \u00e9t\u00e9 visit\u00e9es par l\u2019un(e) ou l\u2019autre \u2026<\/p>\n\n\n\n<p>&#8211; Pour le 24 d\u00e9cembre, le p\u00e8re Michel avait \u00e9t\u00e9 contact\u00e9 par des animatrices de l\u2019ADSEA actives sur Soyaux pour une distribution de chocolats aux enfants en pr\u00e9carit\u00e9 sur la commune avec l\u2019association des musulmans de la ville&nbsp;; l\u2019appel de la communaut\u00e9 catholique et des autres religions se voulait une mani\u00e8re de se retrouver pour le mieux vivre ensemble&nbsp;; cet apr\u00e8s-midi du 24\/12 au FLEP\/CSCS a permis de rencontrer des personnes, majoritairement musulmanes dont le pr\u00e9sident et l\u2019imam (pas trop francophone), le pr\u00e9sident de l\u2019association des juifs de Charente et des personnes du quartier. Il est pr\u00e9vu de se revoir si des manifestations communes peuvent \u00eatre mises en place (hors COVID&nbsp;!). L\u2019association \u00ab&nbsp;Pierre Mohamed David et les autres&nbsp;\u00bb repart apr\u00e8s un temps troubl\u00e9&nbsp;: le rapprochement des diverses communaut\u00e9s est important.<\/p>\n\n\n\n<p>&#8211; Quelle solidarit\u00e9 avec les anciens&nbsp;: on a visit\u00e9 certaines personnes proches&nbsp;; d\u2019autres ont \u00ab&nbsp;disparu&nbsp;\u00bb&nbsp;: Mich\u00e8le, Christiane, Genevi\u00e8ve et Jean-Louis \u2026 Celles qui ont internet re\u00e7oivent les messages paroissiaux et peuvent aller sur le site du dioc\u00e8se&nbsp;; pour les autres, \u2018\u2019ALLER VERS\u2019\u2019 elles et recenser dans chaque secteur ces personnes. Visites possibles par le p\u00e8re Michel si on l\u2019informe.<\/p>\n\n\n\n<p>&#8211; Pour les deuils, chaque bin\u00f4me (Soyaux&nbsp;: AR et MG, et VdE&nbsp;: MD et MM) prend en charge les pr\u00e9parations et c\u00e9l\u00e9brations, et l\u2019entraide et parfaite&nbsp;: un appel est n\u00e9cessaire pour enrichir ces bin\u00f4mes, la charge est tr\u00e8s lourde en ce moment, par exemple. On avait propos\u00e9 de solliciter quelqu\u2019un de l\u2019\u00e9quipe liturgique de la semaine.<\/p>\n\n\n\n<p>La question de l\u2019\u00ab&nbsp;APPEL&nbsp;\u00bb est compliqu\u00e9e aujourd\u2019hui, les plus jeunes moins connus n\u2019\u00e9tant pas obligatoirement des participants \u00e0 la c\u00e9l\u00e9bration dominicale.<\/p>\n\n\n\n<p>&#8211; L\u2019Accueil paroissial est assur\u00e9 par Annie B. qui fait le secr\u00e9tariat le mercredi apr\u00e8s-midi -15\/17 h- mais elle est susceptible d\u2019\u00eatre absente. JPP vient le samedi matin \u2013 10\/12 h-, mais sa bonne volont\u00e9 ne lui enl\u00e8ve pas les ann\u00e9es. Ceux et celles qui avaient accept\u00e9 de venir doivent \u00eatre relanc\u00e9s pour se former.<\/p>\n\n\n\n<p>Fran\u00e7oise viendrait le mercredi a-midi, M-Odile le samedi matin&nbsp;: un tableau de pr\u00e9sence est important pour faire un roulement.<\/p>\n\n\n\n<p>&#8211; Les Equipes liturgiques se r\u00e9unissent le 19 janvier (pr\u00e9paration du Car\u00eame entre autres choses).<\/p>\n\n\n\n<p>IV. Divers&nbsp;:<\/p>\n\n\n\n<p>&#8211; Des travaux sont en cours sur la Maison Paroissiale&nbsp;: \u00e9clairage (luminaires \u00e0 LED \u00e0 la place des n\u00e9ons), chauffage&nbsp;; un am\u00e9nagement des toilettes ext\u00e9rieures est \u00e0 voir&nbsp;: bouches d\u2019a\u00e9ration, couronne des WC, distributeur de papier essuie-main, \u2026 \u00e0 demander.<\/p>\n\n\n\n<p>&#8211; Avant qu\u2019un \u00e9cran soit achet\u00e9, une adaptation va \u00eatre propos\u00e9e&nbsp;: Didier et Philippe vont installer (\u00e9chelle adapt\u00e9e). De m\u00eame, le d\u00e9crochage de la tapisserie de sainte Bernadette d\u00e9saffect\u00e9e va \u00eatre fait par les m\u00eames&nbsp;! Restera encore l\u2019installation du chemin de Croix original de cette \u00e9glise (joindre le pr\u00eatre r\u00e9sident pour l\u2019acc\u00e8s.<\/p>\n\n\n\n<p>&#8211; Colette a abord\u00e9 le probl\u00e8me des finances&nbsp;; on devrait conna\u00eetre le budget pr\u00e9vu pour 2021. La situation de la paroisse et du dioc\u00e8se sera pr\u00e9cis\u00e9e dans les semaines prochaines.<\/p>\n\n\n\n<p>V. Prochaine Rencontre&nbsp;:<\/p>\n\n\n\n<p><strong>Mercredi 3 f\u00e9vrier 2021, 9h15, Maison Paroissiale St Joseph l\u2019Artisan, Soyaux.<\/strong><\/p>\n\n\n\n<p><strong>____________<\/strong><\/p>\n\n\n\n<p><em>R\u00e9daction&nbsp;:Philippe Richard<\/em><\/p>\n","protected":false},"excerpt":{"rendered":"<p>Mercredi 6 janvier 2021 Pr\u00e9sents&nbsp;: p\u00e8re Michel GRANGER, Fran\u00e7oise CLEMENT, M-Odile FAVRE, Colette DESMOULIN, Didier RENARD, Philippe RICHARD. I. Echanges informels sur la p\u00e9riode autour de la galette des rois. II. Temps de recueillement et de pri\u00e8re. \u00ab&nbsp;Comble-nous de ta gr\u00e2ce&nbsp;\u00bb, \u00ab&nbsp;Merci, Dieu de la nouveaut\u00e9&nbsp;\u00bb. II. Le Compte Rendu de la rencontre du 27 [&hellip;]<\/p>\n","protected":false},"author":13,"featured_media":8194,"comment_status":"open","ping_status":"open","sticky":false,"template":"","format":"standard","meta":{"_acf_changed":false,"paroisse":["3"],"service":["0"],"footnotes":""},"categories":[1],"tags":[],"class_list":["post-3573","post","type-post","status-publish","format-standard","has-post-thumbnail","hentry","category-actualites"],"acf":[],"yoast_head":"<!-- This site is optimized with the Yoast SEO plugin v27.1.1 - https:\/\/yoast.com\/product\/yoast-seo-wordpress\/ -->\n<title>Equipe d\u2019Animation Pastorale - Paroisse Soyaux Vall\u00e9e de l\u2019Echelle. - Doyenn\u00e9 Grand Angoul\u00eame<\/title>\n<meta name=\"robots\" content=\"index, follow, max-snippet:-1, max-image-preview:large, max-video-preview:-1\" \/>\n<link rel=\"canonical\" href=\"https:\/\/charente.catholique.fr\/grand-angouleme\/actualites\/equipe-danimation-pastorale-paroisse-soyaux-vallee-de-lechelle\/\" \/>\n<meta property=\"og:locale\" content=\"fr_FR\" \/>\n<meta property=\"og:type\" content=\"article\" \/>\n<meta property=\"og:title\" content=\"Equipe d\u2019Animation Pastorale - Paroisse Soyaux Vall\u00e9e de l\u2019Echelle. - Doyenn\u00e9 Grand Angoul\u00eame\" \/>\n<meta property=\"og:description\" content=\"Mercredi 6 janvier 2021 Pr\u00e9sents&nbsp;: p\u00e8re Michel GRANGER, Fran\u00e7oise CLEMENT, M-Odile FAVRE, Colette DESMOULIN, Didier RENARD, Philippe RICHARD. I. Echanges informels sur la p\u00e9riode autour de la galette des rois. II. Temps de recueillement et de pri\u00e8re. \u00ab&nbsp;Comble-nous de ta gr\u00e2ce&nbsp;\u00bb, \u00ab&nbsp;Merci, Dieu de la nouveaut\u00e9&nbsp;\u00bb. II. Le Compte Rendu de la rencontre du 27 [&hellip;]\" \/>\n<meta property=\"og:url\" content=\"https:\/\/charente.catholique.fr\/grand-angouleme\/actualites\/equipe-danimation-pastorale-paroisse-soyaux-vallee-de-lechelle\/\" \/>\n<meta property=\"og:site_name\" content=\"Doyenn\u00e9 Grand Angoul\u00eame\" \/>\n<meta property=\"article:publisher\" content=\"https:\/\/www.facebook.com\/EgliseCatholiqueCharente\" \/>\n<meta property=\"article:published_time\" content=\"2021-01-08T11:09:53+00:00\" \/>\n<meta property=\"article:modified_time\" content=\"2021-12-08T10:20:35+00:00\" \/>\n<meta property=\"og:image\" content=\"https:\/\/charente.catholique.fr\/grand-angouleme\/wp-content\/uploads\/sites\/2\/2021\/10\/eap-pixabay.jpg\" \/>\n\t<meta property=\"og:image:width\" content=\"1920\" \/>\n\t<meta property=\"og:image:height\" content=\"1920\" \/>\n\t<meta property=\"og:image:type\" content=\"image\/jpeg\" \/>\n<meta name=\"author\" content=\"Marie-No\u00eblle Bouteloup\" \/>\n<meta name=\"twitter:card\" content=\"summary_large_image\" \/>\n<meta name=\"twitter:creator\" content=\"@diocesecharente\" \/>\n<meta name=\"twitter:site\" content=\"@diocesecharente\" \/>\n<meta name=\"twitter:label1\" content=\"\u00c9crit par\" \/>\n\t<meta name=\"twitter:data1\" content=\"Marie-No\u00eblle Bouteloup\" \/>\n\t<meta name=\"twitter:label2\" content=\"Dur\u00e9e de lecture estim\u00e9e\" \/>\n\t<meta name=\"twitter:data2\" content=\"4 minutes\" \/>\n<script type=\"application\/ld+json\" class=\"yoast-schema-graph\">{\"@context\":\"https:\/\/schema.org\",\"@graph\":[{\"@type\":\"Article\",\"@id\":\"https:\/\/charente.catholique.fr\/grand-angouleme\/actualites\/equipe-danimation-pastorale-paroisse-soyaux-vallee-de-lechelle\/#article\",\"isPartOf\":{\"@id\":\"https:\/\/charente.catholique.fr\/grand-angouleme\/actualites\/equipe-danimation-pastorale-paroisse-soyaux-vallee-de-lechelle\/\"},\"author\":{\"name\":\"Marie-No\u00eblle Bouteloup\",\"@id\":\"https:\/\/charente.catholique.fr\/grand-angouleme\/#\/schema\/person\/0bb2e75c546661bf0827c8b4d5d2bcfb\"},\"headline\":\"Equipe d\u2019Animation Pastorale &#8211; Paroisse Soyaux Vall\u00e9e de l\u2019Echelle.\",\"datePublished\":\"2021-01-08T11:09:53+00:00\",\"dateModified\":\"2021-12-08T10:20:35+00:00\",\"mainEntityOfPage\":{\"@id\":\"https:\/\/charente.catholique.fr\/grand-angouleme\/actualites\/equipe-danimation-pastorale-paroisse-soyaux-vallee-de-lechelle\/\"},\"wordCount\":891,\"commentCount\":0,\"publisher\":{\"@id\":\"https:\/\/charente.catholique.fr\/grand-angouleme\/#organization\"},\"image\":{\"@id\":\"https:\/\/charente.catholique.fr\/grand-angouleme\/actualites\/equipe-danimation-pastorale-paroisse-soyaux-vallee-de-lechelle\/#primaryimage\"},\"thumbnailUrl\":\"https:\/\/charente.catholique.fr\/grand-angouleme\/wp-content\/uploads\/sites\/2\/2021\/10\/eap-pixabay.jpg\",\"articleSection\":[\"Actualit\u00e9s\"],\"inLanguage\":\"fr-FR\",\"potentialAction\":[{\"@type\":\"CommentAction\",\"name\":\"Comment\",\"target\":[\"https:\/\/charente.catholique.fr\/grand-angouleme\/actualites\/equipe-danimation-pastorale-paroisse-soyaux-vallee-de-lechelle\/#respond\"]}]},{\"@type\":\"WebPage\",\"@id\":\"https:\/\/charente.catholique.fr\/grand-angouleme\/actualites\/equipe-danimation-pastorale-paroisse-soyaux-vallee-de-lechelle\/\",\"url\":\"https:\/\/charente.catholique.fr\/grand-angouleme\/actualites\/equipe-danimation-pastorale-paroisse-soyaux-vallee-de-lechelle\/\",\"name\":\"Equipe d\u2019Animation Pastorale - Paroisse Soyaux Vall\u00e9e de l\u2019Echelle. - Doyenn\u00e9 Grand Angoul\u00eame\",\"isPartOf\":{\"@id\":\"https:\/\/charente.catholique.fr\/grand-angouleme\/#website\"},\"primaryImageOfPage\":{\"@id\":\"https:\/\/charente.catholique.fr\/grand-angouleme\/actualites\/equipe-danimation-pastorale-paroisse-soyaux-vallee-de-lechelle\/#primaryimage\"},\"image\":{\"@id\":\"https:\/\/charente.catholique.fr\/grand-angouleme\/actualites\/equipe-danimation-pastorale-paroisse-soyaux-vallee-de-lechelle\/#primaryimage\"},\"thumbnailUrl\":\"https:\/\/charente.catholique.fr\/grand-angouleme\/wp-content\/uploads\/sites\/2\/2021\/10\/eap-pixabay.jpg\",\"datePublished\":\"2021-01-08T11:09:53+00:00\",\"dateModified\":\"2021-12-08T10:20:35+00:00\",\"breadcrumb\":{\"@id\":\"https:\/\/charente.catholique.fr\/grand-angouleme\/actualites\/equipe-danimation-pastorale-paroisse-soyaux-vallee-de-lechelle\/#breadcrumb\"},\"inLanguage\":\"fr-FR\",\"potentialAction\":[{\"@type\":\"ReadAction\",\"target\":[\"https:\/\/charente.catholique.fr\/grand-angouleme\/actualites\/equipe-danimation-pastorale-paroisse-soyaux-vallee-de-lechelle\/\"]}]},{\"@type\":\"ImageObject\",\"inLanguage\":\"fr-FR\",\"@id\":\"https:\/\/charente.catholique.fr\/grand-angouleme\/actualites\/equipe-danimation-pastorale-paroisse-soyaux-vallee-de-lechelle\/#primaryimage\",\"url\":\"https:\/\/charente.catholique.fr\/grand-angouleme\/wp-content\/uploads\/sites\/2\/2021\/10\/eap-pixabay.jpg\",\"contentUrl\":\"https:\/\/charente.catholique.fr\/grand-angouleme\/wp-content\/uploads\/sites\/2\/2021\/10\/eap-pixabay.jpg\",\"width\":1920,\"height\":1920},{\"@type\":\"BreadcrumbList\",\"@id\":\"https:\/\/charente.catholique.fr\/grand-angouleme\/actualites\/equipe-danimation-pastorale-paroisse-soyaux-vallee-de-lechelle\/#breadcrumb\",\"itemListElement\":[{\"@type\":\"ListItem\",\"position\":1,\"name\":\"Accueil\",\"item\":\"https:\/\/charente.catholique.fr\/grand-angouleme\/\"},{\"@type\":\"ListItem\",\"position\":2,\"name\":\"Equipe d\u2019Animation Pastorale &#8211; Paroisse Soyaux Vall\u00e9e de l\u2019Echelle.\"}]},{\"@type\":\"WebSite\",\"@id\":\"https:\/\/charente.catholique.fr\/grand-angouleme\/#website\",\"url\":\"https:\/\/charente.catholique.fr\/grand-angouleme\/\",\"name\":\"Doyenn\u00e9 Grand Angoul\u00eame - Dioc\u00e8se d'Angoul\u00eame\",\"description\":\"Dioc\u00e8se d&#039;Angoul\u00eame\",\"publisher\":{\"@id\":\"https:\/\/charente.catholique.fr\/grand-angouleme\/#organization\"},\"potentialAction\":[{\"@type\":\"SearchAction\",\"target\":{\"@type\":\"EntryPoint\",\"urlTemplate\":\"https:\/\/charente.catholique.fr\/grand-angouleme\/?s={search_term_string}\"},\"query-input\":{\"@type\":\"PropertyValueSpecification\",\"valueRequired\":true,\"valueName\":\"search_term_string\"}}],\"inLanguage\":\"fr-FR\"},{\"@type\":\"Organization\",\"@id\":\"https:\/\/charente.catholique.fr\/grand-angouleme\/#organization\",\"name\":\"Association Dioc\u00e9saine d'Angoul\u00eame\",\"url\":\"https:\/\/charente.catholique.fr\/grand-angouleme\/\",\"logo\":{\"@type\":\"ImageObject\",\"inLanguage\":\"fr-FR\",\"@id\":\"https:\/\/charente.catholique.fr\/grand-angouleme\/#\/schema\/logo\/image\/\",\"url\":\"https:\/\/charente.catholique.fr\/grand-angouleme\/wp-content\/uploads\/sites\/2\/2020\/10\/logos.png\",\"contentUrl\":\"https:\/\/charente.catholique.fr\/grand-angouleme\/wp-content\/uploads\/sites\/2\/2020\/10\/logos.png\",\"width\":600,\"height\":257,\"caption\":\"Association Dioc\u00e9saine d'Angoul\u00eame\"},\"image\":{\"@id\":\"https:\/\/charente.catholique.fr\/grand-angouleme\/#\/schema\/logo\/image\/\"},\"sameAs\":[\"https:\/\/www.facebook.com\/EgliseCatholiqueCharente\",\"https:\/\/x.com\/diocesecharente\",\"https:\/\/www.instagram.com\/eglisecharente\",\"https:\/\/www.youtube.com\/channel\/UCByyFWApZbw3gDTiADoiAaQ\"]},{\"@type\":\"Person\",\"@id\":\"https:\/\/charente.catholique.fr\/grand-angouleme\/#\/schema\/person\/0bb2e75c546661bf0827c8b4d5d2bcfb\",\"name\":\"Marie-No\u00eblle Bouteloup\",\"image\":{\"@type\":\"ImageObject\",\"inLanguage\":\"fr-FR\",\"@id\":\"https:\/\/charente.catholique.fr\/grand-angouleme\/#\/schema\/person\/image\/\",\"url\":\"https:\/\/secure.gravatar.com\/avatar\/8b68422c19e9566364992377448eef55989ea1caaedc20a57fe2961c16ed8312?s=96&d=mm&r=g\",\"contentUrl\":\"https:\/\/secure.gravatar.com\/avatar\/8b68422c19e9566364992377448eef55989ea1caaedc20a57fe2961c16ed8312?s=96&d=mm&r=g\",\"caption\":\"Marie-No\u00eblle Bouteloup\"},\"url\":\"https:\/\/charente.catholique.fr\/grand-angouleme\/author\/mnbouteloup\/\"}]}<\/script>\n<!-- \/ Yoast SEO plugin. -->","yoast_head_json":{"title":"Equipe d\u2019Animation Pastorale - Paroisse Soyaux Vall\u00e9e de l\u2019Echelle. - Doyenn\u00e9 Grand Angoul\u00eame","robots":{"index":"index","follow":"follow","max-snippet":"max-snippet:-1","max-image-preview":"max-image-preview:large","max-video-preview":"max-video-preview:-1"},"canonical":"https:\/\/charente.catholique.fr\/grand-angouleme\/actualites\/equipe-danimation-pastorale-paroisse-soyaux-vallee-de-lechelle\/","og_locale":"fr_FR","og_type":"article","og_title":"Equipe d\u2019Animation Pastorale - Paroisse Soyaux Vall\u00e9e de l\u2019Echelle. - Doyenn\u00e9 Grand Angoul\u00eame","og_description":"Mercredi 6 janvier 2021 Pr\u00e9sents&nbsp;: p\u00e8re Michel GRANGER, Fran\u00e7oise CLEMENT, M-Odile FAVRE, Colette DESMOULIN, Didier RENARD, Philippe RICHARD. I. Echanges informels sur la p\u00e9riode autour de la galette des rois. II. Temps de recueillement et de pri\u00e8re. \u00ab&nbsp;Comble-nous de ta gr\u00e2ce&nbsp;\u00bb, \u00ab&nbsp;Merci, Dieu de la nouveaut\u00e9&nbsp;\u00bb. II. Le Compte Rendu de la rencontre du 27 [&hellip;]","og_url":"https:\/\/charente.catholique.fr\/grand-angouleme\/actualites\/equipe-danimation-pastorale-paroisse-soyaux-vallee-de-lechelle\/","og_site_name":"Doyenn\u00e9 Grand Angoul\u00eame","article_publisher":"https:\/\/www.facebook.com\/EgliseCatholiqueCharente","article_published_time":"2021-01-08T11:09:53+00:00","article_modified_time":"2021-12-08T10:20:35+00:00","og_image":[{"width":1920,"height":1920,"url":"https:\/\/charente.catholique.fr\/grand-angouleme\/wp-content\/uploads\/sites\/2\/2021\/10\/eap-pixabay.jpg","type":"image\/jpeg"}],"author":"Marie-No\u00eblle Bouteloup","twitter_card":"summary_large_image","twitter_creator":"@diocesecharente","twitter_site":"@diocesecharente","twitter_misc":{"\u00c9crit par":"Marie-No\u00eblle Bouteloup","Dur\u00e9e de lecture estim\u00e9e":"4 minutes"},"schema":{"@context":"https:\/\/schema.org","@graph":[{"@type":"Article","@id":"https:\/\/charente.catholique.fr\/grand-angouleme\/actualites\/equipe-danimation-pastorale-paroisse-soyaux-vallee-de-lechelle\/#article","isPartOf":{"@id":"https:\/\/charente.catholique.fr\/grand-angouleme\/actualites\/equipe-danimation-pastorale-paroisse-soyaux-vallee-de-lechelle\/"},"author":{"name":"Marie-No\u00eblle Bouteloup","@id":"https:\/\/charente.catholique.fr\/grand-angouleme\/#\/schema\/person\/0bb2e75c546661bf0827c8b4d5d2bcfb"},"headline":"Equipe d\u2019Animation Pastorale &#8211; Paroisse Soyaux Vall\u00e9e de l\u2019Echelle.","datePublished":"2021-01-08T11:09:53+00:00","dateModified":"2021-12-08T10:20:35+00:00","mainEntityOfPage":{"@id":"https:\/\/charente.catholique.fr\/grand-angouleme\/actualites\/equipe-danimation-pastorale-paroisse-soyaux-vallee-de-lechelle\/"},"wordCount":891,"commentCount":0,"publisher":{"@id":"https:\/\/charente.catholique.fr\/grand-angouleme\/#organization"},"image":{"@id":"https:\/\/charente.catholique.fr\/grand-angouleme\/actualites\/equipe-danimation-pastorale-paroisse-soyaux-vallee-de-lechelle\/#primaryimage"},"thumbnailUrl":"https:\/\/charente.catholique.fr\/grand-angouleme\/wp-content\/uploads\/sites\/2\/2021\/10\/eap-pixabay.jpg","articleSection":["Actualit\u00e9s"],"inLanguage":"fr-FR","potentialAction":[{"@type":"CommentAction","name":"Comment","target":["https:\/\/charente.catholique.fr\/grand-angouleme\/actualites\/equipe-danimation-pastorale-paroisse-soyaux-vallee-de-lechelle\/#respond"]}]},{"@type":"WebPage","@id":"https:\/\/charente.catholique.fr\/grand-angouleme\/actualites\/equipe-danimation-pastorale-paroisse-soyaux-vallee-de-lechelle\/","url":"https:\/\/charente.catholique.fr\/grand-angouleme\/actualites\/equipe-danimation-pastorale-paroisse-soyaux-vallee-de-lechelle\/","name":"Equipe d\u2019Animation Pastorale - Paroisse Soyaux Vall\u00e9e de l\u2019Echelle. - Doyenn\u00e9 Grand Angoul\u00eame","isPartOf":{"@id":"https:\/\/charente.catholique.fr\/grand-angouleme\/#website"},"primaryImageOfPage":{"@id":"https:\/\/charente.catholique.fr\/grand-angouleme\/actualites\/equipe-danimation-pastorale-paroisse-soyaux-vallee-de-lechelle\/#primaryimage"},"image":{"@id":"https:\/\/charente.catholique.fr\/grand-angouleme\/actualites\/equipe-danimation-pastorale-paroisse-soyaux-vallee-de-lechelle\/#primaryimage"},"thumbnailUrl":"https:\/\/charente.catholique.fr\/grand-angouleme\/wp-content\/uploads\/sites\/2\/2021\/10\/eap-pixabay.jpg","datePublished":"2021-01-08T11:09:53+00:00","dateModified":"2021-12-08T10:20:35+00:00","breadcrumb":{"@id":"https:\/\/charente.catholique.fr\/grand-angouleme\/actualites\/equipe-danimation-pastorale-paroisse-soyaux-vallee-de-lechelle\/#breadcrumb"},"inLanguage":"fr-FR","potentialAction":[{"@type":"ReadAction","target":["https:\/\/charente.catholique.fr\/grand-angouleme\/actualites\/equipe-danimation-pastorale-paroisse-soyaux-vallee-de-lechelle\/"]}]},{"@type":"ImageObject","inLanguage":"fr-FR","@id":"https:\/\/charente.catholique.fr\/grand-angouleme\/actualites\/equipe-danimation-pastorale-paroisse-soyaux-vallee-de-lechelle\/#primaryimage","url":"https:\/\/charente.catholique.fr\/grand-angouleme\/wp-content\/uploads\/sites\/2\/2021\/10\/eap-pixabay.jpg","contentUrl":"https:\/\/charente.catholique.fr\/grand-angouleme\/wp-content\/uploads\/sites\/2\/2021\/10\/eap-pixabay.jpg","width":1920,"height":1920},{"@type":"BreadcrumbList","@id":"https:\/\/charente.catholique.fr\/grand-angouleme\/actualites\/equipe-danimation-pastorale-paroisse-soyaux-vallee-de-lechelle\/#breadcrumb","itemListElement":[{"@type":"ListItem","position":1,"name":"Accueil","item":"https:\/\/charente.catholique.fr\/grand-angouleme\/"},{"@type":"ListItem","position":2,"name":"Equipe d\u2019Animation Pastorale &#8211; Paroisse Soyaux Vall\u00e9e de l\u2019Echelle."}]},{"@type":"WebSite","@id":"https:\/\/charente.catholique.fr\/grand-angouleme\/#website","url":"https:\/\/charente.catholique.fr\/grand-angouleme\/","name":"Doyenn\u00e9 Grand Angoul\u00eame - Dioc\u00e8se d'Angoul\u00eame","description":"Dioc\u00e8se d&#039;Angoul\u00eame","publisher":{"@id":"https:\/\/charente.catholique.fr\/grand-angouleme\/#organization"},"potentialAction":[{"@type":"SearchAction","target":{"@type":"EntryPoint","urlTemplate":"https:\/\/charente.catholique.fr\/grand-angouleme\/?s={search_term_string}"},"query-input":{"@type":"PropertyValueSpecification","valueRequired":true,"valueName":"search_term_string"}}],"inLanguage":"fr-FR"},{"@type":"Organization","@id":"https:\/\/charente.catholique.fr\/grand-angouleme\/#organization","name":"Association Dioc\u00e9saine d'Angoul\u00eame","url":"https:\/\/charente.catholique.fr\/grand-angouleme\/","logo":{"@type":"ImageObject","inLanguage":"fr-FR","@id":"https:\/\/charente.catholique.fr\/grand-angouleme\/#\/schema\/logo\/image\/","url":"https:\/\/charente.catholique.fr\/grand-angouleme\/wp-content\/uploads\/sites\/2\/2020\/10\/logos.png","contentUrl":"https:\/\/charente.catholique.fr\/grand-angouleme\/wp-content\/uploads\/sites\/2\/2020\/10\/logos.png","width":600,"height":257,"caption":"Association Dioc\u00e9saine d'Angoul\u00eame"},"image":{"@id":"https:\/\/charente.catholique.fr\/grand-angouleme\/#\/schema\/logo\/image\/"},"sameAs":["https:\/\/www.facebook.com\/EgliseCatholiqueCharente","https:\/\/x.com\/diocesecharente","https:\/\/www.instagram.com\/eglisecharente","https:\/\/www.youtube.com\/channel\/UCByyFWApZbw3gDTiADoiAaQ"]},{"@type":"Person","@id":"https:\/\/charente.catholique.fr\/grand-angouleme\/#\/schema\/person\/0bb2e75c546661bf0827c8b4d5d2bcfb","name":"Marie-No\u00eblle Bouteloup","image":{"@type":"ImageObject","inLanguage":"fr-FR","@id":"https:\/\/charente.catholique.fr\/grand-angouleme\/#\/schema\/person\/image\/","url":"https:\/\/secure.gravatar.com\/avatar\/8b68422c19e9566364992377448eef55989ea1caaedc20a57fe2961c16ed8312?s=96&d=mm&r=g","contentUrl":"https:\/\/secure.gravatar.com\/avatar\/8b68422c19e9566364992377448eef55989ea1caaedc20a57fe2961c16ed8312?s=96&d=mm&r=g","caption":"Marie-No\u00eblle Bouteloup"},"url":"https:\/\/charente.catholique.fr\/grand-angouleme\/author\/mnbouteloup\/"}]}},"_links":{"self":[{"href":"https:\/\/charente.catholique.fr\/grand-angouleme\/wp-json\/wp\/v2\/posts\/3573","targetHints":{"allow":["GET"]}}],"collection":[{"href":"https:\/\/charente.catholique.fr\/grand-angouleme\/wp-json\/wp\/v2\/posts"}],"about":[{"href":"https:\/\/charente.catholique.fr\/grand-angouleme\/wp-json\/wp\/v2\/types\/post"}],"author":[{"embeddable":true,"href":"https:\/\/charente.catholique.fr\/grand-angouleme\/wp-json\/wp\/v2\/users\/13"}],"replies":[{"embeddable":true,"href":"https:\/\/charente.catholique.fr\/grand-angouleme\/wp-json\/wp\/v2\/comments?post=3573"}],"version-history":[{"count":3,"href":"https:\/\/charente.catholique.fr\/grand-angouleme\/wp-json\/wp\/v2\/posts\/3573\/revisions"}],"predecessor-version":[{"id":3576,"href":"https:\/\/charente.catholique.fr\/grand-angouleme\/wp-json\/wp\/v2\/posts\/3573\/revisions\/3576"}],"wp:featuredmedia":[{"embeddable":true,"href":"https:\/\/charente.catholique.fr\/grand-angouleme\/wp-json\/wp\/v2\/media\/8194"}],"wp:attachment":[{"href":"https:\/\/charente.catholique.fr\/grand-angouleme\/wp-json\/wp\/v2\/media?parent=3573"}],"wp:term":[{"taxonomy":"category","embeddable":true,"href":"https:\/\/charente.catholique.fr\/grand-angouleme\/wp-json\/wp\/v2\/categories?post=3573"},{"taxonomy":"post_tag","embeddable":true,"href":"https:\/\/charente.catholique.fr\/grand-angouleme\/wp-json\/wp\/v2\/tags?post=3573"}],"curies":[{"name":"wp","href":"https:\/\/api.w.org\/{rel}","templated":true}]}}