{"id":3197,"date":"2020-12-20T12:23:02","date_gmt":"2020-12-20T11:23:02","guid":{"rendered":"https:\/\/charente.catholique.fr\/grand-angouleme\/?p=3197"},"modified":"2020-12-20T15:02:24","modified_gmt":"2020-12-20T14:02:24","slug":"homelie-de-jacques-bonnet-diacre-4eme-dimanche-de-lavent","status":"publish","type":"post","link":"https:\/\/charente.catholique.fr\/grand-angouleme\/actualites\/homelie-de-jacques-bonnet-diacre-4eme-dimanche-de-lavent\/","title":{"rendered":"Hom\u00e9lie de Jacques Bonnet, diacre, 4\u00e8me dimanche de l&#8217;Avent"},"content":{"rendered":"\n<p>Dimanche 20 d\u00e9cembre<\/p>\n\n\n\n<p><a href=\"https:\/\/www.aelf.org\/2020-12-20\/romain\/messe\">Textes du jour<\/a><\/p>\n\n\n\n<ul class=\"wp-block-list\"><li><strong><span class=\"has-inline-color has-noir-color\">Introduction<\/span><\/strong><\/li><\/ul>\n\n\n\n<p>Pour commencer cette c\u00e9l\u00e9bration, reprenons un historique de notre cr\u00e8che. Apr\u00e8s avoir \u00e9t\u00e9 confin\u00e9e dans un paysage de d\u00e9sert et de montagne, la cr\u00e8che a commenc\u00e9 \u00e0 se d\u00e9couper sur ce fond aride. <\/p>\n\n\n\n<p>Puis une lumi\u00e8re est apparue avec Jean Baptiste sous forme d&#8217;un soleil voil\u00e9 comme plong\u00e9 dans l&#8217;eau du bapt\u00eame donn\u00e9 par Jean.<\/p>\n\n\n\n<p>Aujourd&#8217;hui nous c\u00e9l\u00e9brons en Marie une r\u00e9ponse libre \u00e0 une affirmation confiante &#8220;tu vas concevoir&#8221;.<\/p>\n\n\n\n<p>Avec la r\u00e9ponse de Marie &#8220;que tout m&#8217;advienne selon ta parole&#8221; l&#8217;aridit\u00e9 du d\u00e9sert fait place \u00e0 un germe f\u00e9cond et c&#8217;est une v\u00e9g\u00e9tation luxuriante qui se d\u00e9veloppe dans un terrain longuement pr\u00e9par\u00e9.<\/p>\n\n\n\n<div style=\"height:20px\" aria-hidden=\"true\" class=\"wp-block-spacer\"><\/div>\n\n\n\n<figure class=\"wp-block-image size-large is-resized\"><img loading=\"lazy\" decoding=\"async\" src=\"https:\/\/charente.catholique.fr\/grand-angouleme\/wp-content\/uploads\/sites\/2\/2020\/12\/Germe-fecond-1564x1080.jpg\" alt=\"\" class=\"wp-image-3198\" width=\"844\" height=\"583\" srcset=\"https:\/\/charente.catholique.fr\/grand-angouleme\/wp-content\/uploads\/sites\/2\/2020\/12\/Germe-fecond-1564x1080.jpg 1564w, https:\/\/charente.catholique.fr\/grand-angouleme\/wp-content\/uploads\/sites\/2\/2020\/12\/Germe-fecond-300x207.jpg 300w, https:\/\/charente.catholique.fr\/grand-angouleme\/wp-content\/uploads\/sites\/2\/2020\/12\/Germe-fecond-768x530.jpg 768w, https:\/\/charente.catholique.fr\/grand-angouleme\/wp-content\/uploads\/sites\/2\/2020\/12\/Germe-fecond-1536x1061.jpg 1536w, https:\/\/charente.catholique.fr\/grand-angouleme\/wp-content\/uploads\/sites\/2\/2020\/12\/Germe-fecond-2048x1414.jpg 2048w\" sizes=\"auto, (max-width: 844px) 100vw, 844px\" \/><\/figure>\n\n\n\n<div style=\"height:20px\" aria-hidden=\"true\" class=\"wp-block-spacer\"><\/div>\n\n\n\n<p>Quant \u00e0 nous, entrons librement dans cette mouvance car nous ne sommes jamais programm\u00e9s et Dieu ne fera rien sans nous.<\/p>\n\n\n\n<div style=\"height:20px\" aria-hidden=\"true\" class=\"wp-block-spacer\"><\/div>\n\n\n\n<ul class=\"wp-block-list\"><li><strong>Hom\u00e9lie de Jacques Bonnet<\/strong><\/li><\/ul>\n\n\n\n<div style=\"height:21px\" aria-hidden=\"true\" class=\"wp-block-spacer\"><\/div>\n\n\n\n<div class=\"wp-block-media-text alignwide is-stacked-on-mobile\"><figure class=\"wp-block-media-text__media\"><img loading=\"lazy\" decoding=\"async\" width=\"650\" height=\"380\" src=\"https:\/\/charente.catholique.fr\/grand-angouleme\/wp-content\/uploads\/sites\/2\/2020\/12\/Annonciation.jpg\" alt=\"\" class=\"wp-image-3202\" srcset=\"https:\/\/charente.catholique.fr\/grand-angouleme\/wp-content\/uploads\/sites\/2\/2020\/12\/Annonciation.jpg 650w, https:\/\/charente.catholique.fr\/grand-angouleme\/wp-content\/uploads\/sites\/2\/2020\/12\/Annonciation-300x175.jpg 300w\" sizes=\"auto, (max-width: 650px) 100vw, 650px\" \/><\/figure><div class=\"wp-block-media-text__content\">\n<p class=\"has-large-font-size\">&#8220;Qu&#8217;il me soit fait selon ta parole&#8221;<\/p>\n<\/div><\/div>\n\n\n\n<div style=\"height:20px\" aria-hidden=\"true\" class=\"wp-block-spacer\"><\/div>\n\n\n\n<figure class=\"wp-block-audio\"><audio controls src=\"https:\/\/charente.catholique.fr\/grand-angouleme\/wp-content\/uploads\/sites\/2\/2020\/12\/Homelie-de-Jacques-Bonnet-diacre-pour-le-4eme-dimanche-de-l39Avent-de-l39annee-B-oDownloader.mp3\"><\/audio><\/figure>\n\n\n\n<div style=\"height:20px\" aria-hidden=\"true\" class=\"wp-block-spacer\"><\/div>\n","protected":false},"excerpt":{"rendered":"<p>Dimanche 20 d\u00e9cembre Textes du jour Introduction Pour commencer cette c\u00e9l\u00e9bration, reprenons un historique de notre cr\u00e8che. Apr\u00e8s avoir \u00e9t\u00e9 confin\u00e9e dans un paysage de d\u00e9sert et de montagne, la cr\u00e8che a commenc\u00e9 \u00e0 se d\u00e9couper sur ce fond aride. Puis une lumi\u00e8re est apparue avec Jean Baptiste sous forme d&#8217;un soleil voil\u00e9 comme plong\u00e9 [&hellip;]<\/p>\n","protected":false},"author":22,"featured_media":3207,"comment_status":"open","ping_status":"open","sticky":false,"template":"","format":"standard","meta":{"_acf_changed":false,"paroisse":["0"],"service":["0"],"footnotes":""},"categories":[1],"tags":[],"class_list":["post-3197","post","type-post","status-publish","format-standard","has-post-thumbnail","hentry","category-actualites"],"acf":[],"yoast_head":"<!-- This site is optimized with the Yoast SEO plugin v27.1.1 - https:\/\/yoast.com\/product\/yoast-seo-wordpress\/ -->\n<title>Hom\u00e9lie de Jacques Bonnet, diacre, 4\u00e8me dimanche de l&#039;Avent - Doyenn\u00e9 Grand Angoul\u00eame<\/title>\n<meta name=\"robots\" content=\"index, follow, max-snippet:-1, max-image-preview:large, max-video-preview:-1\" \/>\n<link rel=\"canonical\" href=\"https:\/\/charente.catholique.fr\/grand-angouleme\/actualites\/homelie-de-jacques-bonnet-diacre-4eme-dimanche-de-lavent\/\" \/>\n<meta property=\"og:locale\" content=\"fr_FR\" \/>\n<meta property=\"og:type\" content=\"article\" \/>\n<meta property=\"og:title\" content=\"Hom\u00e9lie de Jacques Bonnet, diacre, 4\u00e8me dimanche de l&#039;Avent - Doyenn\u00e9 Grand Angoul\u00eame\" \/>\n<meta property=\"og:description\" content=\"Dimanche 20 d\u00e9cembre Textes du jour Introduction Pour commencer cette c\u00e9l\u00e9bration, reprenons un historique de notre cr\u00e8che. Apr\u00e8s avoir \u00e9t\u00e9 confin\u00e9e dans un paysage de d\u00e9sert et de montagne, la cr\u00e8che a commenc\u00e9 \u00e0 se d\u00e9couper sur ce fond aride. Puis une lumi\u00e8re est apparue avec Jean Baptiste sous forme d&#8217;un soleil voil\u00e9 comme plong\u00e9 [&hellip;]\" \/>\n<meta property=\"og:url\" content=\"https:\/\/charente.catholique.fr\/grand-angouleme\/actualites\/homelie-de-jacques-bonnet-diacre-4eme-dimanche-de-lavent\/\" \/>\n<meta property=\"og:site_name\" content=\"Doyenn\u00e9 Grand Angoul\u00eame\" \/>\n<meta property=\"article:publisher\" content=\"https:\/\/www.facebook.com\/EgliseCatholiqueCharente\" \/>\n<meta property=\"article:published_time\" content=\"2020-12-20T11:23:02+00:00\" \/>\n<meta property=\"article:modified_time\" content=\"2020-12-20T14:02:24+00:00\" \/>\n<meta property=\"og:image\" content=\"https:\/\/charente.catholique.fr\/grand-angouleme\/wp-content\/uploads\/sites\/2\/2020\/12\/annonciation-1.jpg\" \/>\n\t<meta property=\"og:image:width\" content=\"650\" \/>\n\t<meta property=\"og:image:height\" content=\"228\" \/>\n\t<meta property=\"og:image:type\" content=\"image\/jpeg\" \/>\n<meta name=\"author\" content=\"Janine Laborde\" \/>\n<meta name=\"twitter:card\" content=\"summary_large_image\" \/>\n<meta name=\"twitter:creator\" content=\"@diocesecharente\" \/>\n<meta name=\"twitter:site\" content=\"@diocesecharente\" \/>\n<meta name=\"twitter:label1\" content=\"\u00c9crit par\" \/>\n\t<meta name=\"twitter:data1\" content=\"Janine Laborde\" \/>\n\t<meta name=\"twitter:label2\" content=\"Dur\u00e9e de lecture estim\u00e9e\" \/>\n\t<meta name=\"twitter:data2\" content=\"1 minute\" \/>\n<script type=\"application\/ld+json\" class=\"yoast-schema-graph\">{\"@context\":\"https:\/\/schema.org\",\"@graph\":[{\"@type\":\"Article\",\"@id\":\"https:\/\/charente.catholique.fr\/grand-angouleme\/actualites\/homelie-de-jacques-bonnet-diacre-4eme-dimanche-de-lavent\/#article\",\"isPartOf\":{\"@id\":\"https:\/\/charente.catholique.fr\/grand-angouleme\/actualites\/homelie-de-jacques-bonnet-diacre-4eme-dimanche-de-lavent\/\"},\"author\":{\"name\":\"Janine Laborde\",\"@id\":\"https:\/\/charente.catholique.fr\/grand-angouleme\/#\/schema\/person\/898f693d8a5f95b1bf02828f73967b47\"},\"headline\":\"Hom\u00e9lie de Jacques Bonnet, diacre, 4\u00e8me dimanche de l&#8217;Avent\",\"datePublished\":\"2020-12-20T11:23:02+00:00\",\"dateModified\":\"2020-12-20T14:02:24+00:00\",\"mainEntityOfPage\":{\"@id\":\"https:\/\/charente.catholique.fr\/grand-angouleme\/actualites\/homelie-de-jacques-bonnet-diacre-4eme-dimanche-de-lavent\/\"},\"wordCount\":178,\"commentCount\":0,\"publisher\":{\"@id\":\"https:\/\/charente.catholique.fr\/grand-angouleme\/#organization\"},\"image\":{\"@id\":\"https:\/\/charente.catholique.fr\/grand-angouleme\/actualites\/homelie-de-jacques-bonnet-diacre-4eme-dimanche-de-lavent\/#primaryimage\"},\"thumbnailUrl\":\"https:\/\/charente.catholique.fr\/grand-angouleme\/wp-content\/uploads\/sites\/2\/2020\/12\/annonciation-1.jpg\",\"articleSection\":[\"Actualit\u00e9s\"],\"inLanguage\":\"fr-FR\",\"potentialAction\":[{\"@type\":\"CommentAction\",\"name\":\"Comment\",\"target\":[\"https:\/\/charente.catholique.fr\/grand-angouleme\/actualites\/homelie-de-jacques-bonnet-diacre-4eme-dimanche-de-lavent\/#respond\"]}]},{\"@type\":\"WebPage\",\"@id\":\"https:\/\/charente.catholique.fr\/grand-angouleme\/actualites\/homelie-de-jacques-bonnet-diacre-4eme-dimanche-de-lavent\/\",\"url\":\"https:\/\/charente.catholique.fr\/grand-angouleme\/actualites\/homelie-de-jacques-bonnet-diacre-4eme-dimanche-de-lavent\/\",\"name\":\"Hom\u00e9lie de Jacques Bonnet, diacre, 4\u00e8me dimanche de l'Avent - Doyenn\u00e9 Grand Angoul\u00eame\",\"isPartOf\":{\"@id\":\"https:\/\/charente.catholique.fr\/grand-angouleme\/#website\"},\"primaryImageOfPage\":{\"@id\":\"https:\/\/charente.catholique.fr\/grand-angouleme\/actualites\/homelie-de-jacques-bonnet-diacre-4eme-dimanche-de-lavent\/#primaryimage\"},\"image\":{\"@id\":\"https:\/\/charente.catholique.fr\/grand-angouleme\/actualites\/homelie-de-jacques-bonnet-diacre-4eme-dimanche-de-lavent\/#primaryimage\"},\"thumbnailUrl\":\"https:\/\/charente.catholique.fr\/grand-angouleme\/wp-content\/uploads\/sites\/2\/2020\/12\/annonciation-1.jpg\",\"datePublished\":\"2020-12-20T11:23:02+00:00\",\"dateModified\":\"2020-12-20T14:02:24+00:00\",\"breadcrumb\":{\"@id\":\"https:\/\/charente.catholique.fr\/grand-angouleme\/actualites\/homelie-de-jacques-bonnet-diacre-4eme-dimanche-de-lavent\/#breadcrumb\"},\"inLanguage\":\"fr-FR\",\"potentialAction\":[{\"@type\":\"ReadAction\",\"target\":[\"https:\/\/charente.catholique.fr\/grand-angouleme\/actualites\/homelie-de-jacques-bonnet-diacre-4eme-dimanche-de-lavent\/\"]}]},{\"@type\":\"ImageObject\",\"inLanguage\":\"fr-FR\",\"@id\":\"https:\/\/charente.catholique.fr\/grand-angouleme\/actualites\/homelie-de-jacques-bonnet-diacre-4eme-dimanche-de-lavent\/#primaryimage\",\"url\":\"https:\/\/charente.catholique.fr\/grand-angouleme\/wp-content\/uploads\/sites\/2\/2020\/12\/annonciation-1.jpg\",\"contentUrl\":\"https:\/\/charente.catholique.fr\/grand-angouleme\/wp-content\/uploads\/sites\/2\/2020\/12\/annonciation-1.jpg\",\"width\":650,\"height\":228},{\"@type\":\"BreadcrumbList\",\"@id\":\"https:\/\/charente.catholique.fr\/grand-angouleme\/actualites\/homelie-de-jacques-bonnet-diacre-4eme-dimanche-de-lavent\/#breadcrumb\",\"itemListElement\":[{\"@type\":\"ListItem\",\"position\":1,\"name\":\"Accueil\",\"item\":\"https:\/\/charente.catholique.fr\/grand-angouleme\/\"},{\"@type\":\"ListItem\",\"position\":2,\"name\":\"Hom\u00e9lie de Jacques Bonnet, diacre, 4\u00e8me dimanche de l&#8217;Avent\"}]},{\"@type\":\"WebSite\",\"@id\":\"https:\/\/charente.catholique.fr\/grand-angouleme\/#website\",\"url\":\"https:\/\/charente.catholique.fr\/grand-angouleme\/\",\"name\":\"Doyenn\u00e9 Grand Angoul\u00eame - Dioc\u00e8se d'Angoul\u00eame\",\"description\":\"Dioc\u00e8se d&#039;Angoul\u00eame\",\"publisher\":{\"@id\":\"https:\/\/charente.catholique.fr\/grand-angouleme\/#organization\"},\"potentialAction\":[{\"@type\":\"SearchAction\",\"target\":{\"@type\":\"EntryPoint\",\"urlTemplate\":\"https:\/\/charente.catholique.fr\/grand-angouleme\/?s={search_term_string}\"},\"query-input\":{\"@type\":\"PropertyValueSpecification\",\"valueRequired\":true,\"valueName\":\"search_term_string\"}}],\"inLanguage\":\"fr-FR\"},{\"@type\":\"Organization\",\"@id\":\"https:\/\/charente.catholique.fr\/grand-angouleme\/#organization\",\"name\":\"Association Dioc\u00e9saine d'Angoul\u00eame\",\"url\":\"https:\/\/charente.catholique.fr\/grand-angouleme\/\",\"logo\":{\"@type\":\"ImageObject\",\"inLanguage\":\"fr-FR\",\"@id\":\"https:\/\/charente.catholique.fr\/grand-angouleme\/#\/schema\/logo\/image\/\",\"url\":\"https:\/\/charente.catholique.fr\/grand-angouleme\/wp-content\/uploads\/sites\/2\/2020\/10\/logos.png\",\"contentUrl\":\"https:\/\/charente.catholique.fr\/grand-angouleme\/wp-content\/uploads\/sites\/2\/2020\/10\/logos.png\",\"width\":600,\"height\":257,\"caption\":\"Association Dioc\u00e9saine d'Angoul\u00eame\"},\"image\":{\"@id\":\"https:\/\/charente.catholique.fr\/grand-angouleme\/#\/schema\/logo\/image\/\"},\"sameAs\":[\"https:\/\/www.facebook.com\/EgliseCatholiqueCharente\",\"https:\/\/x.com\/diocesecharente\",\"https:\/\/www.instagram.com\/eglisecharente\",\"https:\/\/www.youtube.com\/channel\/UCByyFWApZbw3gDTiADoiAaQ\"]},{\"@type\":\"Person\",\"@id\":\"https:\/\/charente.catholique.fr\/grand-angouleme\/#\/schema\/person\/898f693d8a5f95b1bf02828f73967b47\",\"name\":\"Janine Laborde\",\"image\":{\"@type\":\"ImageObject\",\"inLanguage\":\"fr-FR\",\"@id\":\"https:\/\/charente.catholique.fr\/grand-angouleme\/#\/schema\/person\/image\/\",\"url\":\"https:\/\/secure.gravatar.com\/avatar\/a8f3185ff2f6cee7d79c60e904004ccb6107bdc3e38d176acfc1ee42b62a994e?s=96&d=mm&r=g\",\"contentUrl\":\"https:\/\/secure.gravatar.com\/avatar\/a8f3185ff2f6cee7d79c60e904004ccb6107bdc3e38d176acfc1ee42b62a994e?s=96&d=mm&r=g\",\"caption\":\"Janine Laborde\"},\"url\":\"https:\/\/charente.catholique.fr\/grand-angouleme\/author\/janinelaborde\/\"}]}<\/script>\n<!-- \/ Yoast SEO plugin. -->","yoast_head_json":{"title":"Hom\u00e9lie de Jacques Bonnet, diacre, 4\u00e8me dimanche de l'Avent - Doyenn\u00e9 Grand Angoul\u00eame","robots":{"index":"index","follow":"follow","max-snippet":"max-snippet:-1","max-image-preview":"max-image-preview:large","max-video-preview":"max-video-preview:-1"},"canonical":"https:\/\/charente.catholique.fr\/grand-angouleme\/actualites\/homelie-de-jacques-bonnet-diacre-4eme-dimanche-de-lavent\/","og_locale":"fr_FR","og_type":"article","og_title":"Hom\u00e9lie de Jacques Bonnet, diacre, 4\u00e8me dimanche de l'Avent - Doyenn\u00e9 Grand Angoul\u00eame","og_description":"Dimanche 20 d\u00e9cembre Textes du jour Introduction Pour commencer cette c\u00e9l\u00e9bration, reprenons un historique de notre cr\u00e8che. Apr\u00e8s avoir \u00e9t\u00e9 confin\u00e9e dans un paysage de d\u00e9sert et de montagne, la cr\u00e8che a commenc\u00e9 \u00e0 se d\u00e9couper sur ce fond aride. Puis une lumi\u00e8re est apparue avec Jean Baptiste sous forme d&#8217;un soleil voil\u00e9 comme plong\u00e9 [&hellip;]","og_url":"https:\/\/charente.catholique.fr\/grand-angouleme\/actualites\/homelie-de-jacques-bonnet-diacre-4eme-dimanche-de-lavent\/","og_site_name":"Doyenn\u00e9 Grand Angoul\u00eame","article_publisher":"https:\/\/www.facebook.com\/EgliseCatholiqueCharente","article_published_time":"2020-12-20T11:23:02+00:00","article_modified_time":"2020-12-20T14:02:24+00:00","og_image":[{"width":650,"height":228,"url":"https:\/\/charente.catholique.fr\/grand-angouleme\/wp-content\/uploads\/sites\/2\/2020\/12\/annonciation-1.jpg","type":"image\/jpeg"}],"author":"Janine Laborde","twitter_card":"summary_large_image","twitter_creator":"@diocesecharente","twitter_site":"@diocesecharente","twitter_misc":{"\u00c9crit par":"Janine Laborde","Dur\u00e9e de lecture estim\u00e9e":"1 minute"},"schema":{"@context":"https:\/\/schema.org","@graph":[{"@type":"Article","@id":"https:\/\/charente.catholique.fr\/grand-angouleme\/actualites\/homelie-de-jacques-bonnet-diacre-4eme-dimanche-de-lavent\/#article","isPartOf":{"@id":"https:\/\/charente.catholique.fr\/grand-angouleme\/actualites\/homelie-de-jacques-bonnet-diacre-4eme-dimanche-de-lavent\/"},"author":{"name":"Janine Laborde","@id":"https:\/\/charente.catholique.fr\/grand-angouleme\/#\/schema\/person\/898f693d8a5f95b1bf02828f73967b47"},"headline":"Hom\u00e9lie de Jacques Bonnet, diacre, 4\u00e8me dimanche de l&#8217;Avent","datePublished":"2020-12-20T11:23:02+00:00","dateModified":"2020-12-20T14:02:24+00:00","mainEntityOfPage":{"@id":"https:\/\/charente.catholique.fr\/grand-angouleme\/actualites\/homelie-de-jacques-bonnet-diacre-4eme-dimanche-de-lavent\/"},"wordCount":178,"commentCount":0,"publisher":{"@id":"https:\/\/charente.catholique.fr\/grand-angouleme\/#organization"},"image":{"@id":"https:\/\/charente.catholique.fr\/grand-angouleme\/actualites\/homelie-de-jacques-bonnet-diacre-4eme-dimanche-de-lavent\/#primaryimage"},"thumbnailUrl":"https:\/\/charente.catholique.fr\/grand-angouleme\/wp-content\/uploads\/sites\/2\/2020\/12\/annonciation-1.jpg","articleSection":["Actualit\u00e9s"],"inLanguage":"fr-FR","potentialAction":[{"@type":"CommentAction","name":"Comment","target":["https:\/\/charente.catholique.fr\/grand-angouleme\/actualites\/homelie-de-jacques-bonnet-diacre-4eme-dimanche-de-lavent\/#respond"]}]},{"@type":"WebPage","@id":"https:\/\/charente.catholique.fr\/grand-angouleme\/actualites\/homelie-de-jacques-bonnet-diacre-4eme-dimanche-de-lavent\/","url":"https:\/\/charente.catholique.fr\/grand-angouleme\/actualites\/homelie-de-jacques-bonnet-diacre-4eme-dimanche-de-lavent\/","name":"Hom\u00e9lie de Jacques Bonnet, diacre, 4\u00e8me dimanche de l'Avent - Doyenn\u00e9 Grand Angoul\u00eame","isPartOf":{"@id":"https:\/\/charente.catholique.fr\/grand-angouleme\/#website"},"primaryImageOfPage":{"@id":"https:\/\/charente.catholique.fr\/grand-angouleme\/actualites\/homelie-de-jacques-bonnet-diacre-4eme-dimanche-de-lavent\/#primaryimage"},"image":{"@id":"https:\/\/charente.catholique.fr\/grand-angouleme\/actualites\/homelie-de-jacques-bonnet-diacre-4eme-dimanche-de-lavent\/#primaryimage"},"thumbnailUrl":"https:\/\/charente.catholique.fr\/grand-angouleme\/wp-content\/uploads\/sites\/2\/2020\/12\/annonciation-1.jpg","datePublished":"2020-12-20T11:23:02+00:00","dateModified":"2020-12-20T14:02:24+00:00","breadcrumb":{"@id":"https:\/\/charente.catholique.fr\/grand-angouleme\/actualites\/homelie-de-jacques-bonnet-diacre-4eme-dimanche-de-lavent\/#breadcrumb"},"inLanguage":"fr-FR","potentialAction":[{"@type":"ReadAction","target":["https:\/\/charente.catholique.fr\/grand-angouleme\/actualites\/homelie-de-jacques-bonnet-diacre-4eme-dimanche-de-lavent\/"]}]},{"@type":"ImageObject","inLanguage":"fr-FR","@id":"https:\/\/charente.catholique.fr\/grand-angouleme\/actualites\/homelie-de-jacques-bonnet-diacre-4eme-dimanche-de-lavent\/#primaryimage","url":"https:\/\/charente.catholique.fr\/grand-angouleme\/wp-content\/uploads\/sites\/2\/2020\/12\/annonciation-1.jpg","contentUrl":"https:\/\/charente.catholique.fr\/grand-angouleme\/wp-content\/uploads\/sites\/2\/2020\/12\/annonciation-1.jpg","width":650,"height":228},{"@type":"BreadcrumbList","@id":"https:\/\/charente.catholique.fr\/grand-angouleme\/actualites\/homelie-de-jacques-bonnet-diacre-4eme-dimanche-de-lavent\/#breadcrumb","itemListElement":[{"@type":"ListItem","position":1,"name":"Accueil","item":"https:\/\/charente.catholique.fr\/grand-angouleme\/"},{"@type":"ListItem","position":2,"name":"Hom\u00e9lie de Jacques Bonnet, diacre, 4\u00e8me dimanche de l&#8217;Avent"}]},{"@type":"WebSite","@id":"https:\/\/charente.catholique.fr\/grand-angouleme\/#website","url":"https:\/\/charente.catholique.fr\/grand-angouleme\/","name":"Doyenn\u00e9 Grand Angoul\u00eame - Dioc\u00e8se d'Angoul\u00eame","description":"Dioc\u00e8se d&#039;Angoul\u00eame","publisher":{"@id":"https:\/\/charente.catholique.fr\/grand-angouleme\/#organization"},"potentialAction":[{"@type":"SearchAction","target":{"@type":"EntryPoint","urlTemplate":"https:\/\/charente.catholique.fr\/grand-angouleme\/?s={search_term_string}"},"query-input":{"@type":"PropertyValueSpecification","valueRequired":true,"valueName":"search_term_string"}}],"inLanguage":"fr-FR"},{"@type":"Organization","@id":"https:\/\/charente.catholique.fr\/grand-angouleme\/#organization","name":"Association Dioc\u00e9saine d'Angoul\u00eame","url":"https:\/\/charente.catholique.fr\/grand-angouleme\/","logo":{"@type":"ImageObject","inLanguage":"fr-FR","@id":"https:\/\/charente.catholique.fr\/grand-angouleme\/#\/schema\/logo\/image\/","url":"https:\/\/charente.catholique.fr\/grand-angouleme\/wp-content\/uploads\/sites\/2\/2020\/10\/logos.png","contentUrl":"https:\/\/charente.catholique.fr\/grand-angouleme\/wp-content\/uploads\/sites\/2\/2020\/10\/logos.png","width":600,"height":257,"caption":"Association Dioc\u00e9saine d'Angoul\u00eame"},"image":{"@id":"https:\/\/charente.catholique.fr\/grand-angouleme\/#\/schema\/logo\/image\/"},"sameAs":["https:\/\/www.facebook.com\/EgliseCatholiqueCharente","https:\/\/x.com\/diocesecharente","https:\/\/www.instagram.com\/eglisecharente","https:\/\/www.youtube.com\/channel\/UCByyFWApZbw3gDTiADoiAaQ"]},{"@type":"Person","@id":"https:\/\/charente.catholique.fr\/grand-angouleme\/#\/schema\/person\/898f693d8a5f95b1bf02828f73967b47","name":"Janine Laborde","image":{"@type":"ImageObject","inLanguage":"fr-FR","@id":"https:\/\/charente.catholique.fr\/grand-angouleme\/#\/schema\/person\/image\/","url":"https:\/\/secure.gravatar.com\/avatar\/a8f3185ff2f6cee7d79c60e904004ccb6107bdc3e38d176acfc1ee42b62a994e?s=96&d=mm&r=g","contentUrl":"https:\/\/secure.gravatar.com\/avatar\/a8f3185ff2f6cee7d79c60e904004ccb6107bdc3e38d176acfc1ee42b62a994e?s=96&d=mm&r=g","caption":"Janine Laborde"},"url":"https:\/\/charente.catholique.fr\/grand-angouleme\/author\/janinelaborde\/"}]}},"_links":{"self":[{"href":"https:\/\/charente.catholique.fr\/grand-angouleme\/wp-json\/wp\/v2\/posts\/3197","targetHints":{"allow":["GET"]}}],"collection":[{"href":"https:\/\/charente.catholique.fr\/grand-angouleme\/wp-json\/wp\/v2\/posts"}],"about":[{"href":"https:\/\/charente.catholique.fr\/grand-angouleme\/wp-json\/wp\/v2\/types\/post"}],"author":[{"embeddable":true,"href":"https:\/\/charente.catholique.fr\/grand-angouleme\/wp-json\/wp\/v2\/users\/22"}],"replies":[{"embeddable":true,"href":"https:\/\/charente.catholique.fr\/grand-angouleme\/wp-json\/wp\/v2\/comments?post=3197"}],"version-history":[{"count":9,"href":"https:\/\/charente.catholique.fr\/grand-angouleme\/wp-json\/wp\/v2\/posts\/3197\/revisions"}],"predecessor-version":[{"id":3213,"href":"https:\/\/charente.catholique.fr\/grand-angouleme\/wp-json\/wp\/v2\/posts\/3197\/revisions\/3213"}],"wp:featuredmedia":[{"embeddable":true,"href":"https:\/\/charente.catholique.fr\/grand-angouleme\/wp-json\/wp\/v2\/media\/3207"}],"wp:attachment":[{"href":"https:\/\/charente.catholique.fr\/grand-angouleme\/wp-json\/wp\/v2\/media?parent=3197"}],"wp:term":[{"taxonomy":"category","embeddable":true,"href":"https:\/\/charente.catholique.fr\/grand-angouleme\/wp-json\/wp\/v2\/categories?post=3197"},{"taxonomy":"post_tag","embeddable":true,"href":"https:\/\/charente.catholique.fr\/grand-angouleme\/wp-json\/wp\/v2\/tags?post=3197"}],"curies":[{"name":"wp","href":"https:\/\/api.w.org\/{rel}","templated":true}]}}