{"id":31815,"date":"2026-08-31T09:01:05","date_gmt":"2026-08-31T07:01:05","guid":{"rendered":"https:\/\/charente.catholique.fr\/grand-angouleme\/?p=31815"},"modified":"2026-08-31T09:21:41","modified_gmt":"2026-08-31T07:21:41","slug":"22eme-dimanche-annee-a","status":"publish","type":"post","link":"https:\/\/charente.catholique.fr\/grand-angouleme\/actualites\/22eme-dimanche-annee-a\/","title":{"rendered":"22\u00e8me dimanche Ann\u00e9e A"},"content":{"rendered":"\n<h5 class=\"wp-block-heading\">Accueil<\/h5>\n\n\n\n<p>\u00ab Seigneur tu m&#8217;as s\u00e9duit et j&#8217;ai \u00e9t\u00e9 s\u00e9duit \u00bb la Parole du Seigneur est comme un feu br\u00fblant dans le coeur du proph\u00e8te J\u00e9r\u00e9mie . Comment est elle dans le c\u0153ur de chacun d&#8217;entre nous ? Comment se transformer pour plaire \u00e0 Dieu dans le quotidien de nos vies ? Chercher Dieu pour le contempler pour go\u00fbter la joie d&#8217;\u00eatre avec Lui.<\/p>\n\n\n\n<p>L&#8217;invitation du Christ \u00e0 marcher \u00e0 sa suite n&#8217;est pas sans difficult\u00e9 mais la croix am\u00e8ne \u00e0 la vie . C&#8217;est en toute libert\u00e9 que le Christ choisit l&#8217;Amour du P\u00e8re ,Il d\u00e9laisse la gloire du monde pour tout donner et se donner \u00e0 Dieu.<\/p>\n\n\n\n<p>En renon\u00e7ant \u00e0 nos \u00e9go\u00efsmes, \u00e0 nos besoins personnels, \u00e0 nos indiff\u00e9rences n&#8217;est ce pas une mani\u00e8re de b\u00e2tir des chemins de fraternit\u00e9, et d&#8217;esp\u00e9rance.<\/p>\n\n\n\n<h5 class=\"wp-block-heading\"><a href=\"https:\/\/www.aelf.org\/2026-08-30\/romain\/messe\" data-type=\"link\" data-id=\"https:\/\/www.aelf.org\/2026-08-30\/romain\/messe\">Textes du jour<\/a><\/h5>\n\n\n\n<h5 class=\"wp-block-heading\">Hom\u00e9lie de Bruno Lemaire, diacre permanent<\/h5>\n\n\n\n<figure class=\"wp-block-embed aligncenter is-type-video is-provider-youtube wp-block-embed-youtube wp-embed-aspect-16-9 wp-has-aspect-ratio\"><div class=\"wp-block-embed__wrapper\">\n<iframe loading=\"lazy\" title=\"hom\u00e9lie de Bruno Lemaire, diacre permanent, pour le 22\u00e8me dimanche de l&#039;ann\u00e9e A\" width=\"500\" height=\"281\" src=\"https:\/\/www.youtube.com\/embed\/O_3JHprrNXQ?feature=oembed\" frameborder=\"0\" allow=\"accelerometer; autoplay; clipboard-write; encrypted-media; gyroscope; picture-in-picture; web-share\" referrerpolicy=\"strict-origin-when-cross-origin\" allowfullscreen><\/iframe>\n<\/div><\/figure>\n\n\n\n<h5 class=\"wp-block-heading\">Pri\u00e8re universelle<\/h5>\n\n\n\n<ul class=\"wp-block-list\">\n<li>Des dictateurs tentent de plus en plus d&#8217;imposer leur vision d&#8217;un monde qui engendre la culture du d\u00e9chets et de la consommation. Des peuples subissent la guerre et sont priv\u00e9s de libert\u00e9. Accompagne les dans leur r\u00e9sistance et leur d\u00e9sir de libert\u00e9 et de paix. <br><strong>Ensemble prions.<\/strong><\/li>\n<\/ul>\n\n\n\n<ul class=\"wp-block-list\">\n<li>Gardes- nous Seigneur un c\u0153ur br\u00fblant de Ta Parole qui est essentielle pour s&#8217;accepter en Eglise avec nos diff\u00e9rences. <br><strong>Ensemble prions.<\/strong><\/li>\n<\/ul>\n\n\n\n<ul class=\"wp-block-list\">\n<li>En ce temps de rentr\u00e9e, Seigneur nous te confions les enfants, les jeunes et leurs \u00e9ducateurs, que par leurs enseignements et leurs rencontres ils trouvent croissance intellectuelles et spirituelles. <br><strong>Ensemble prions.<\/strong><\/li>\n<\/ul>\n\n\n\n<p><\/p>\n","protected":false},"excerpt":{"rendered":"<p>Accueil \u00ab Seigneur tu m&#8217;as s\u00e9duit et j&#8217;ai \u00e9t\u00e9 s\u00e9duit \u00bb la Parole du Seigneur est comme un feu br\u00fblant dans le coeur du proph\u00e8te J\u00e9r\u00e9mie . Comment est elle dans le c\u0153ur de chacun d&#8217;entre nous ? Comment se transformer pour plaire \u00e0 Dieu dans le quotidien de nos vies ? Chercher Dieu pour [&hellip;]<\/p>\n","protected":false},"author":22,"featured_media":31817,"comment_status":"open","ping_status":"open","sticky":false,"template":"","format":"standard","meta":{"_acf_changed":false,"paroisse":["8"],"service":["0"],"footnotes":""},"categories":[1],"tags":[],"class_list":["post-31815","post","type-post","status-publish","format-standard","has-post-thumbnail","hentry","category-actualites"],"acf":[],"yoast_head":"<!-- This site is optimized with the Yoast SEO plugin v28.3 - https:\/\/yoast.com\/product\/yoast-seo-wordpress\/ -->\n<title>22\u00e8me dimanche Ann\u00e9e A - Doyenn\u00e9 Grand Angoul\u00eame<\/title>\n<meta name=\"robots\" content=\"index, follow, max-snippet:-1, max-image-preview:large, max-video-preview:-1\" \/>\n<link rel=\"canonical\" href=\"https:\/\/charente.catholique.fr\/grand-angouleme\/actualites\/22eme-dimanche-annee-a\/\" \/>\n<meta property=\"og:locale\" content=\"fr_FR\" \/>\n<meta property=\"og:type\" content=\"article\" \/>\n<meta property=\"og:title\" content=\"22\u00e8me dimanche Ann\u00e9e A - Doyenn\u00e9 Grand Angoul\u00eame\" \/>\n<meta property=\"og:description\" content=\"Accueil \u00ab Seigneur tu m&#8217;as s\u00e9duit et j&#8217;ai \u00e9t\u00e9 s\u00e9duit \u00bb la Parole du Seigneur est comme un feu br\u00fblant dans le coeur du proph\u00e8te J\u00e9r\u00e9mie . Comment est elle dans le c\u0153ur de chacun d&#8217;entre nous ? Comment se transformer pour plaire \u00e0 Dieu dans le quotidien de nos vies ? Chercher Dieu pour [&hellip;]\" \/>\n<meta property=\"og:url\" content=\"https:\/\/charente.catholique.fr\/grand-angouleme\/actualites\/22eme-dimanche-annee-a\/\" \/>\n<meta property=\"og:site_name\" content=\"Doyenn\u00e9 Grand Angoul\u00eame\" \/>\n<meta property=\"article:publisher\" content=\"https:\/\/www.facebook.com\/EgliseCatholiqueCharente\" \/>\n<meta property=\"article:published_time\" content=\"2026-08-31T07:01:05+00:00\" \/>\n<meta property=\"article:modified_time\" content=\"2026-08-31T07:21:41+00:00\" \/>\n<meta property=\"og:image\" content=\"https:\/\/charente.catholique.fr\/grand-angouleme\/wp-content\/uploads\/sites\/2\/2026\/08\/passe-derriere-moi-satan.jpg\" \/>\n\t<meta property=\"og:image:width\" content=\"1058\" \/>\n\t<meta property=\"og:image:height\" content=\"501\" \/>\n\t<meta property=\"og:image:type\" content=\"image\/jpeg\" \/>\n<meta name=\"author\" content=\"Janine Laborde\" \/>\n<meta name=\"twitter:card\" content=\"summary_large_image\" \/>\n<meta name=\"twitter:creator\" content=\"@diocesecharente\" \/>\n<meta name=\"twitter:site\" content=\"@diocesecharente\" \/>\n<meta name=\"twitter:label1\" content=\"\u00c9crit par\" \/>\n\t<meta name=\"twitter:data1\" content=\"Janine Laborde\" \/>\n\t<meta name=\"twitter:label2\" content=\"Dur\u00e9e de lecture estim\u00e9e\" \/>\n\t<meta name=\"twitter:data2\" content=\"2 minutes\" \/>\n<script type=\"application\/ld+json\" class=\"yoast-schema-graph\">{\"@context\":\"https:\\\/\\\/schema.org\",\"@graph\":[{\"@type\":\"Article\",\"@id\":\"https:\\\/\\\/charente.catholique.fr\\\/grand-angouleme\\\/actualites\\\/22eme-dimanche-annee-a\\\/#article\",\"isPartOf\":{\"@id\":\"https:\\\/\\\/charente.catholique.fr\\\/grand-angouleme\\\/actualites\\\/22eme-dimanche-annee-a\\\/\"},\"author\":{\"name\":\"Janine Laborde\",\"@id\":\"https:\\\/\\\/charente.catholique.fr\\\/grand-angouleme\\\/#\\\/schema\\\/person\\\/898f693d8a5f95b1bf02828f73967b47\"},\"headline\":\"22\u00e8me dimanche Ann\u00e9e A\",\"datePublished\":\"2026-08-31T07:01:05+00:00\",\"dateModified\":\"2026-08-31T07:21:41+00:00\",\"mainEntityOfPage\":{\"@id\":\"https:\\\/\\\/charente.catholique.fr\\\/grand-angouleme\\\/actualites\\\/22eme-dimanche-annee-a\\\/\"},\"wordCount\":284,\"commentCount\":0,\"publisher\":{\"@id\":\"https:\\\/\\\/charente.catholique.fr\\\/grand-angouleme\\\/#organization\"},\"image\":{\"@id\":\"https:\\\/\\\/charente.catholique.fr\\\/grand-angouleme\\\/actualites\\\/22eme-dimanche-annee-a\\\/#primaryimage\"},\"thumbnailUrl\":\"https:\\\/\\\/charente.catholique.fr\\\/grand-angouleme\\\/wp-content\\\/uploads\\\/sites\\\/2\\\/2026\\\/08\\\/passe-derriere-moi-satan.jpg\",\"articleSection\":[\"Actualit\u00e9s\"],\"inLanguage\":\"fr-FR\",\"potentialAction\":[{\"@type\":\"CommentAction\",\"name\":\"Comment\",\"target\":[\"https:\\\/\\\/charente.catholique.fr\\\/grand-angouleme\\\/actualites\\\/22eme-dimanche-annee-a\\\/#respond\"]}]},{\"@type\":\"WebPage\",\"@id\":\"https:\\\/\\\/charente.catholique.fr\\\/grand-angouleme\\\/actualites\\\/22eme-dimanche-annee-a\\\/\",\"url\":\"https:\\\/\\\/charente.catholique.fr\\\/grand-angouleme\\\/actualites\\\/22eme-dimanche-annee-a\\\/\",\"name\":\"22\u00e8me dimanche Ann\u00e9e A - Doyenn\u00e9 Grand Angoul\u00eame\",\"isPartOf\":{\"@id\":\"https:\\\/\\\/charente.catholique.fr\\\/grand-angouleme\\\/#website\"},\"primaryImageOfPage\":{\"@id\":\"https:\\\/\\\/charente.catholique.fr\\\/grand-angouleme\\\/actualites\\\/22eme-dimanche-annee-a\\\/#primaryimage\"},\"image\":{\"@id\":\"https:\\\/\\\/charente.catholique.fr\\\/grand-angouleme\\\/actualites\\\/22eme-dimanche-annee-a\\\/#primaryimage\"},\"thumbnailUrl\":\"https:\\\/\\\/charente.catholique.fr\\\/grand-angouleme\\\/wp-content\\\/uploads\\\/sites\\\/2\\\/2026\\\/08\\\/passe-derriere-moi-satan.jpg\",\"datePublished\":\"2026-08-31T07:01:05+00:00\",\"dateModified\":\"2026-08-31T07:21:41+00:00\",\"breadcrumb\":{\"@id\":\"https:\\\/\\\/charente.catholique.fr\\\/grand-angouleme\\\/actualites\\\/22eme-dimanche-annee-a\\\/#breadcrumb\"},\"inLanguage\":\"fr-FR\",\"potentialAction\":[{\"@type\":\"ReadAction\",\"target\":[\"https:\\\/\\\/charente.catholique.fr\\\/grand-angouleme\\\/actualites\\\/22eme-dimanche-annee-a\\\/\"]}]},{\"@type\":\"ImageObject\",\"inLanguage\":\"fr-FR\",\"@id\":\"https:\\\/\\\/charente.catholique.fr\\\/grand-angouleme\\\/actualites\\\/22eme-dimanche-annee-a\\\/#primaryimage\",\"url\":\"https:\\\/\\\/charente.catholique.fr\\\/grand-angouleme\\\/wp-content\\\/uploads\\\/sites\\\/2\\\/2026\\\/08\\\/passe-derriere-moi-satan.jpg\",\"contentUrl\":\"https:\\\/\\\/charente.catholique.fr\\\/grand-angouleme\\\/wp-content\\\/uploads\\\/sites\\\/2\\\/2026\\\/08\\\/passe-derriere-moi-satan.jpg\",\"width\":1058,\"height\":501},{\"@type\":\"BreadcrumbList\",\"@id\":\"https:\\\/\\\/charente.catholique.fr\\\/grand-angouleme\\\/actualites\\\/22eme-dimanche-annee-a\\\/#breadcrumb\",\"itemListElement\":[{\"@type\":\"ListItem\",\"position\":1,\"name\":\"Accueil\",\"item\":\"https:\\\/\\\/charente.catholique.fr\\\/grand-angouleme\\\/\"},{\"@type\":\"ListItem\",\"position\":2,\"name\":\"22\u00e8me dimanche Ann\u00e9e A\"}]},{\"@type\":\"WebSite\",\"@id\":\"https:\\\/\\\/charente.catholique.fr\\\/grand-angouleme\\\/#website\",\"url\":\"https:\\\/\\\/charente.catholique.fr\\\/grand-angouleme\\\/\",\"name\":\"Doyenn\u00e9 Grand Angoul\u00eame - Dioc\u00e8se d'Angoul\u00eame\",\"description\":\"Dioc\u00e8se d&#039;Angoul\u00eame\",\"publisher\":{\"@id\":\"https:\\\/\\\/charente.catholique.fr\\\/grand-angouleme\\\/#organization\"},\"potentialAction\":[{\"@type\":\"SearchAction\",\"target\":{\"@type\":\"EntryPoint\",\"urlTemplate\":\"https:\\\/\\\/charente.catholique.fr\\\/grand-angouleme\\\/?s={search_term_string}\"},\"query-input\":{\"@type\":\"PropertyValueSpecification\",\"valueRequired\":true,\"valueName\":\"search_term_string\"}}],\"inLanguage\":\"fr-FR\"},{\"@type\":\"Organization\",\"@id\":\"https:\\\/\\\/charente.catholique.fr\\\/grand-angouleme\\\/#organization\",\"name\":\"Association Dioc\u00e9saine d'Angoul\u00eame\",\"url\":\"https:\\\/\\\/charente.catholique.fr\\\/grand-angouleme\\\/\",\"logo\":{\"@type\":\"ImageObject\",\"inLanguage\":\"fr-FR\",\"@id\":\"https:\\\/\\\/charente.catholique.fr\\\/grand-angouleme\\\/#\\\/schema\\\/logo\\\/image\\\/\",\"url\":\"https:\\\/\\\/charente.catholique.fr\\\/grand-angouleme\\\/wp-content\\\/uploads\\\/sites\\\/2\\\/2020\\\/10\\\/logos.png\",\"contentUrl\":\"https:\\\/\\\/charente.catholique.fr\\\/grand-angouleme\\\/wp-content\\\/uploads\\\/sites\\\/2\\\/2020\\\/10\\\/logos.png\",\"width\":600,\"height\":257,\"caption\":\"Association Dioc\u00e9saine d'Angoul\u00eame\"},\"image\":{\"@id\":\"https:\\\/\\\/charente.catholique.fr\\\/grand-angouleme\\\/#\\\/schema\\\/logo\\\/image\\\/\"},\"sameAs\":[\"https:\\\/\\\/www.facebook.com\\\/EgliseCatholiqueCharente\",\"https:\\\/\\\/x.com\\\/diocesecharente\",\"https:\\\/\\\/www.instagram.com\\\/eglisecharente\",\"https:\\\/\\\/www.youtube.com\\\/channel\\\/UCByyFWApZbw3gDTiADoiAaQ\"]},{\"@type\":\"Person\",\"@id\":\"https:\\\/\\\/charente.catholique.fr\\\/grand-angouleme\\\/#\\\/schema\\\/person\\\/898f693d8a5f95b1bf02828f73967b47\",\"name\":\"Janine Laborde\",\"image\":{\"@type\":\"ImageObject\",\"inLanguage\":\"fr-FR\",\"@id\":\"https:\\\/\\\/secure.gravatar.com\\\/avatar\\\/a8f3185ff2f6cee7d79c60e904004ccb6107bdc3e38d176acfc1ee42b62a994e?s=96&d=mm&r=g\",\"url\":\"https:\\\/\\\/secure.gravatar.com\\\/avatar\\\/a8f3185ff2f6cee7d79c60e904004ccb6107bdc3e38d176acfc1ee42b62a994e?s=96&d=mm&r=g\",\"contentUrl\":\"https:\\\/\\\/secure.gravatar.com\\\/avatar\\\/a8f3185ff2f6cee7d79c60e904004ccb6107bdc3e38d176acfc1ee42b62a994e?s=96&d=mm&r=g\",\"caption\":\"Janine Laborde\"},\"url\":\"https:\\\/\\\/charente.catholique.fr\\\/grand-angouleme\\\/author\\\/janinelaborde\\\/\"}]}<\/script>\n<!-- \/ Yoast SEO plugin. -->","yoast_head_json":{"title":"22\u00e8me dimanche Ann\u00e9e A - Doyenn\u00e9 Grand Angoul\u00eame","robots":{"index":"index","follow":"follow","max-snippet":"max-snippet:-1","max-image-preview":"max-image-preview:large","max-video-preview":"max-video-preview:-1"},"canonical":"https:\/\/charente.catholique.fr\/grand-angouleme\/actualites\/22eme-dimanche-annee-a\/","og_locale":"fr_FR","og_type":"article","og_title":"22\u00e8me dimanche Ann\u00e9e A - Doyenn\u00e9 Grand Angoul\u00eame","og_description":"Accueil \u00ab Seigneur tu m&#8217;as s\u00e9duit et j&#8217;ai \u00e9t\u00e9 s\u00e9duit \u00bb la Parole du Seigneur est comme un feu br\u00fblant dans le coeur du proph\u00e8te J\u00e9r\u00e9mie . Comment est elle dans le c\u0153ur de chacun d&#8217;entre nous ? Comment se transformer pour plaire \u00e0 Dieu dans le quotidien de nos vies ? Chercher Dieu pour [&hellip;]","og_url":"https:\/\/charente.catholique.fr\/grand-angouleme\/actualites\/22eme-dimanche-annee-a\/","og_site_name":"Doyenn\u00e9 Grand Angoul\u00eame","article_publisher":"https:\/\/www.facebook.com\/EgliseCatholiqueCharente","article_published_time":"2026-08-31T07:01:05+00:00","article_modified_time":"2026-08-31T07:21:41+00:00","og_image":[{"width":1058,"height":501,"url":"https:\/\/charente.catholique.fr\/grand-angouleme\/wp-content\/uploads\/sites\/2\/2026\/08\/passe-derriere-moi-satan.jpg","type":"image\/jpeg"}],"author":"Janine Laborde","twitter_card":"summary_large_image","twitter_creator":"@diocesecharente","twitter_site":"@diocesecharente","twitter_misc":{"\u00c9crit par":"Janine Laborde","Dur\u00e9e de lecture estim\u00e9e":"2 minutes"},"schema":{"@context":"https:\/\/schema.org","@graph":[{"@type":"Article","@id":"https:\/\/charente.catholique.fr\/grand-angouleme\/actualites\/22eme-dimanche-annee-a\/#article","isPartOf":{"@id":"https:\/\/charente.catholique.fr\/grand-angouleme\/actualites\/22eme-dimanche-annee-a\/"},"author":{"name":"Janine Laborde","@id":"https:\/\/charente.catholique.fr\/grand-angouleme\/#\/schema\/person\/898f693d8a5f95b1bf02828f73967b47"},"headline":"22\u00e8me dimanche Ann\u00e9e A","datePublished":"2026-08-31T07:01:05+00:00","dateModified":"2026-08-31T07:21:41+00:00","mainEntityOfPage":{"@id":"https:\/\/charente.catholique.fr\/grand-angouleme\/actualites\/22eme-dimanche-annee-a\/"},"wordCount":284,"commentCount":0,"publisher":{"@id":"https:\/\/charente.catholique.fr\/grand-angouleme\/#organization"},"image":{"@id":"https:\/\/charente.catholique.fr\/grand-angouleme\/actualites\/22eme-dimanche-annee-a\/#primaryimage"},"thumbnailUrl":"https:\/\/charente.catholique.fr\/grand-angouleme\/wp-content\/uploads\/sites\/2\/2026\/08\/passe-derriere-moi-satan.jpg","articleSection":["Actualit\u00e9s"],"inLanguage":"fr-FR","potentialAction":[{"@type":"CommentAction","name":"Comment","target":["https:\/\/charente.catholique.fr\/grand-angouleme\/actualites\/22eme-dimanche-annee-a\/#respond"]}]},{"@type":"WebPage","@id":"https:\/\/charente.catholique.fr\/grand-angouleme\/actualites\/22eme-dimanche-annee-a\/","url":"https:\/\/charente.catholique.fr\/grand-angouleme\/actualites\/22eme-dimanche-annee-a\/","name":"22\u00e8me dimanche Ann\u00e9e A - Doyenn\u00e9 Grand Angoul\u00eame","isPartOf":{"@id":"https:\/\/charente.catholique.fr\/grand-angouleme\/#website"},"primaryImageOfPage":{"@id":"https:\/\/charente.catholique.fr\/grand-angouleme\/actualites\/22eme-dimanche-annee-a\/#primaryimage"},"image":{"@id":"https:\/\/charente.catholique.fr\/grand-angouleme\/actualites\/22eme-dimanche-annee-a\/#primaryimage"},"thumbnailUrl":"https:\/\/charente.catholique.fr\/grand-angouleme\/wp-content\/uploads\/sites\/2\/2026\/08\/passe-derriere-moi-satan.jpg","datePublished":"2026-08-31T07:01:05+00:00","dateModified":"2026-08-31T07:21:41+00:00","breadcrumb":{"@id":"https:\/\/charente.catholique.fr\/grand-angouleme\/actualites\/22eme-dimanche-annee-a\/#breadcrumb"},"inLanguage":"fr-FR","potentialAction":[{"@type":"ReadAction","target":["https:\/\/charente.catholique.fr\/grand-angouleme\/actualites\/22eme-dimanche-annee-a\/"]}]},{"@type":"ImageObject","inLanguage":"fr-FR","@id":"https:\/\/charente.catholique.fr\/grand-angouleme\/actualites\/22eme-dimanche-annee-a\/#primaryimage","url":"https:\/\/charente.catholique.fr\/grand-angouleme\/wp-content\/uploads\/sites\/2\/2026\/08\/passe-derriere-moi-satan.jpg","contentUrl":"https:\/\/charente.catholique.fr\/grand-angouleme\/wp-content\/uploads\/sites\/2\/2026\/08\/passe-derriere-moi-satan.jpg","width":1058,"height":501},{"@type":"BreadcrumbList","@id":"https:\/\/charente.catholique.fr\/grand-angouleme\/actualites\/22eme-dimanche-annee-a\/#breadcrumb","itemListElement":[{"@type":"ListItem","position":1,"name":"Accueil","item":"https:\/\/charente.catholique.fr\/grand-angouleme\/"},{"@type":"ListItem","position":2,"name":"22\u00e8me dimanche Ann\u00e9e A"}]},{"@type":"WebSite","@id":"https:\/\/charente.catholique.fr\/grand-angouleme\/#website","url":"https:\/\/charente.catholique.fr\/grand-angouleme\/","name":"Doyenn\u00e9 Grand Angoul\u00eame - Dioc\u00e8se d'Angoul\u00eame","description":"Dioc\u00e8se d&#039;Angoul\u00eame","publisher":{"@id":"https:\/\/charente.catholique.fr\/grand-angouleme\/#organization"},"potentialAction":[{"@type":"SearchAction","target":{"@type":"EntryPoint","urlTemplate":"https:\/\/charente.catholique.fr\/grand-angouleme\/?s={search_term_string}"},"query-input":{"@type":"PropertyValueSpecification","valueRequired":true,"valueName":"search_term_string"}}],"inLanguage":"fr-FR"},{"@type":"Organization","@id":"https:\/\/charente.catholique.fr\/grand-angouleme\/#organization","name":"Association Dioc\u00e9saine d'Angoul\u00eame","url":"https:\/\/charente.catholique.fr\/grand-angouleme\/","logo":{"@type":"ImageObject","inLanguage":"fr-FR","@id":"https:\/\/charente.catholique.fr\/grand-angouleme\/#\/schema\/logo\/image\/","url":"https:\/\/charente.catholique.fr\/grand-angouleme\/wp-content\/uploads\/sites\/2\/2020\/10\/logos.png","contentUrl":"https:\/\/charente.catholique.fr\/grand-angouleme\/wp-content\/uploads\/sites\/2\/2020\/10\/logos.png","width":600,"height":257,"caption":"Association Dioc\u00e9saine d'Angoul\u00eame"},"image":{"@id":"https:\/\/charente.catholique.fr\/grand-angouleme\/#\/schema\/logo\/image\/"},"sameAs":["https:\/\/www.facebook.com\/EgliseCatholiqueCharente","https:\/\/x.com\/diocesecharente","https:\/\/www.instagram.com\/eglisecharente","https:\/\/www.youtube.com\/channel\/UCByyFWApZbw3gDTiADoiAaQ"]},{"@type":"Person","@id":"https:\/\/charente.catholique.fr\/grand-angouleme\/#\/schema\/person\/898f693d8a5f95b1bf02828f73967b47","name":"Janine Laborde","image":{"@type":"ImageObject","inLanguage":"fr-FR","@id":"https:\/\/secure.gravatar.com\/avatar\/a8f3185ff2f6cee7d79c60e904004ccb6107bdc3e38d176acfc1ee42b62a994e?s=96&d=mm&r=g","url":"https:\/\/secure.gravatar.com\/avatar\/a8f3185ff2f6cee7d79c60e904004ccb6107bdc3e38d176acfc1ee42b62a994e?s=96&d=mm&r=g","contentUrl":"https:\/\/secure.gravatar.com\/avatar\/a8f3185ff2f6cee7d79c60e904004ccb6107bdc3e38d176acfc1ee42b62a994e?s=96&d=mm&r=g","caption":"Janine Laborde"},"url":"https:\/\/charente.catholique.fr\/grand-angouleme\/author\/janinelaborde\/"}]}},"_links":{"self":[{"href":"https:\/\/charente.catholique.fr\/grand-angouleme\/wp-json\/wp\/v2\/posts\/31815","targetHints":{"allow":["GET"]}}],"collection":[{"href":"https:\/\/charente.catholique.fr\/grand-angouleme\/wp-json\/wp\/v2\/posts"}],"about":[{"href":"https:\/\/charente.catholique.fr\/grand-angouleme\/wp-json\/wp\/v2\/types\/post"}],"author":[{"embeddable":true,"href":"https:\/\/charente.catholique.fr\/grand-angouleme\/wp-json\/wp\/v2\/users\/22"}],"replies":[{"embeddable":true,"href":"https:\/\/charente.catholique.fr\/grand-angouleme\/wp-json\/wp\/v2\/comments?post=31815"}],"version-history":[{"count":2,"href":"https:\/\/charente.catholique.fr\/grand-angouleme\/wp-json\/wp\/v2\/posts\/31815\/revisions"}],"predecessor-version":[{"id":31818,"href":"https:\/\/charente.catholique.fr\/grand-angouleme\/wp-json\/wp\/v2\/posts\/31815\/revisions\/31818"}],"wp:featuredmedia":[{"embeddable":true,"href":"https:\/\/charente.catholique.fr\/grand-angouleme\/wp-json\/wp\/v2\/media\/31817"}],"wp:attachment":[{"href":"https:\/\/charente.catholique.fr\/grand-angouleme\/wp-json\/wp\/v2\/media?parent=31815"}],"wp:term":[{"taxonomy":"category","embeddable":true,"href":"https:\/\/charente.catholique.fr\/grand-angouleme\/wp-json\/wp\/v2\/categories?post=31815"},{"taxonomy":"post_tag","embeddable":true,"href":"https:\/\/charente.catholique.fr\/grand-angouleme\/wp-json\/wp\/v2\/tags?post=31815"}],"curies":[{"name":"wp","href":"https:\/\/api.w.org\/{rel}","templated":true}]}}