{"id":31003,"date":"2026-04-29T11:57:42","date_gmt":"2026-04-29T09:57:42","guid":{"rendered":"https:\/\/charente.catholique.fr\/grand-angouleme\/?p=31003"},"modified":"2026-04-29T11:57:42","modified_gmt":"2026-04-29T09:57:42","slug":"retour-pele-paris-2026","status":"publish","type":"post","link":"https:\/\/charente.catholique.fr\/grand-angouleme\/actualites\/retour-pele-paris-2026\/","title":{"rendered":"Retour p\u00e9l\u00e9 Paris 2026"},"content":{"rendered":"\n<p>T<strong>\u00e9moignage des 4 jeunes qui sont all\u00e9s au P\u00e9l\u00e9 des jeunes \u00e0 Paris<\/strong>, <strong>avec le P\u00e8re Sylvain et leur animatrice Isabelle<\/strong><\/p>\n\n\n\n<div class=\"wp-block-media-text is-stacked-on-mobile\" style=\"grid-template-columns:52% auto\"><figure class=\"wp-block-media-text__media\"><img loading=\"lazy\" decoding=\"async\" width=\"487\" height=\"326\" src=\"https:\/\/charente.catholique.fr\/grand-angouleme\/wp-content\/uploads\/sites\/2\/2026\/04\/image.png\" alt=\"\" class=\"wp-image-31006 size-full\" srcset=\"https:\/\/charente.catholique.fr\/grand-angouleme\/wp-content\/uploads\/sites\/2\/2026\/04\/image.png 487w, https:\/\/charente.catholique.fr\/grand-angouleme\/wp-content\/uploads\/sites\/2\/2026\/04\/image-300x201.png 300w\" sizes=\"auto, (max-width: 487px) 100vw, 487px\" \/><\/figure><div class=\"wp-block-media-text__content\">\n<p>Les 10\/11et 12 avril, 4 jeunes de l\u2019aum\u00f4nerie de la Couronne, ont particip\u00e9 au p\u00e8lerinage \u00e0 Paris, organis\u00e9 par la Pastorale des jeunes. Ils \u00e9taient accompagn\u00e9s du P\u00e8re Sylvain et d\u2019Isabelle, une animatrice.<br>Monseigneur Gosselin, pr\u00e9sent parmi les 310 jeunes et adultes a c\u00e9l\u00e9br\u00e9 la messe \u00e0 La cath\u00e9drale Notre Dame, entour\u00e9 des Pr\u00eatres du dioc\u00e8ses, pr\u00e9sents au p\u00e9l\u00e9 et \u00e0 l\u2019\u00e9glise St Fran\u00e7ois Xavier.<br><br>Lors des messes, de la veill\u00e9e d\u2019adoration du saint Sacrement et des visites, les jeunes ont pri\u00e9, chant\u00e9 et lou\u00e9 le Seigneur avec tout leur c\u0153ur.<br><br><\/p>\n<\/div><\/div>\n\n\n\n<p>C\u2019est dans une ambiance, conviviale, qu\u2019ils ont pu d\u00e9couvrir ou red\u00e9couvrir, pour certains, ces diff\u00e9rents lieux de culte&nbsp;: La cath\u00e9drale Notre Dame, la basilique du Sacr\u00e9 C\u0153ur de Montmartre, la chapelle de la M\u00e9daille Miraculeuse.Cette ann\u00e9e, le th\u00e8me de p\u00e8lerinage \u00e9tait&nbsp;l\u2019appel \u00ab&nbsp;Me voici, envoie moi&nbsp;\u00bb.<br>Le 1<sup>er<\/sup> jour, les jeunes p\u00e8lerins ont d\u00e9couvert la vie de plusieurs Saints&nbsp;: Catherine Labour\u00e9e, Saint Vincent de Paul, Saint Fran\u00e7ois-Xavier, Louise de Marillac et Saint Pierre Auma\u00eetre et le 2<sup>\u00e8me<\/sup> jour ils ont eu la chance de rencontrer et d\u2019\u00e9changer avec des t\u00e9moins et des missionnaires qui ont r\u00e9pondu \u00e0 l\u2019appel du SeigneurEsp\u00e9rons que nos jeunes, un jour, soient \u00e0 l\u2019\u00e9coute de cet appel.<br><br><br><\/p>\n\n\n\n<p>Merci \u00e0 toute l\u2019\u00e9quipe organisatrice de ce beau p\u00e8lerinage&nbsp;!<\/p>\n","protected":false},"excerpt":{"rendered":"<p>T\u00e9moignage des 4 jeunes qui sont all\u00e9s au P\u00e9l\u00e9 des jeunes \u00e0 Paris, avec le P\u00e8re Sylvain et leur animatrice Isabelle Les 10\/11et 12 avril, 4 jeunes de l\u2019aum\u00f4nerie de la Couronne, ont particip\u00e9 au p\u00e8lerinage \u00e0 Paris, organis\u00e9 par la Pastorale des jeunes. Ils \u00e9taient accompagn\u00e9s du P\u00e8re Sylvain et d\u2019Isabelle, une animatrice.Monseigneur Gosselin, [&hellip;]<\/p>\n","protected":false},"author":103,"featured_media":31008,"comment_status":"open","ping_status":"open","sticky":false,"template":"","format":"standard","meta":{"_acf_changed":false,"paroisse":["4"],"service":["0"],"footnotes":""},"categories":[1],"tags":[],"class_list":["post-31003","post","type-post","status-publish","format-standard","has-post-thumbnail","hentry","category-actualites"],"acf":[],"yoast_head":"<!-- This site is optimized with the Yoast SEO plugin v27.1.1 - https:\/\/yoast.com\/product\/yoast-seo-wordpress\/ -->\n<title>Retour p\u00e9l\u00e9 Paris 2026 - Doyenn\u00e9 Grand Angoul\u00eame<\/title>\n<meta name=\"robots\" content=\"index, follow, max-snippet:-1, max-image-preview:large, max-video-preview:-1\" \/>\n<link rel=\"canonical\" href=\"https:\/\/charente.catholique.fr\/grand-angouleme\/actualites\/retour-pele-paris-2026\/\" \/>\n<meta property=\"og:locale\" content=\"fr_FR\" \/>\n<meta property=\"og:type\" content=\"article\" \/>\n<meta property=\"og:title\" content=\"Retour p\u00e9l\u00e9 Paris 2026 - Doyenn\u00e9 Grand Angoul\u00eame\" \/>\n<meta property=\"og:description\" content=\"T\u00e9moignage des 4 jeunes qui sont all\u00e9s au P\u00e9l\u00e9 des jeunes \u00e0 Paris, avec le P\u00e8re Sylvain et leur animatrice Isabelle Les 10\/11et 12 avril, 4 jeunes de l\u2019aum\u00f4nerie de la Couronne, ont particip\u00e9 au p\u00e8lerinage \u00e0 Paris, organis\u00e9 par la Pastorale des jeunes. Ils \u00e9taient accompagn\u00e9s du P\u00e8re Sylvain et d\u2019Isabelle, une animatrice.Monseigneur Gosselin, [&hellip;]\" \/>\n<meta property=\"og:url\" content=\"https:\/\/charente.catholique.fr\/grand-angouleme\/actualites\/retour-pele-paris-2026\/\" \/>\n<meta property=\"og:site_name\" content=\"Doyenn\u00e9 Grand Angoul\u00eame\" \/>\n<meta property=\"article:publisher\" content=\"https:\/\/www.facebook.com\/EgliseCatholiqueCharente\" \/>\n<meta property=\"article:published_time\" content=\"2026-04-29T09:57:42+00:00\" \/>\n<meta property=\"og:image\" content=\"https:\/\/charente.catholique.fr\/grand-angouleme\/wp-content\/uploads\/sites\/2\/2026\/04\/img-20260412-wa0024.jpg\" \/>\n\t<meta property=\"og:image:width\" content=\"2000\" \/>\n\t<meta property=\"og:image:height\" content=\"1500\" \/>\n\t<meta property=\"og:image:type\" content=\"image\/jpeg\" \/>\n<meta name=\"author\" content=\"paroissevisitation\" \/>\n<meta name=\"twitter:card\" content=\"summary_large_image\" \/>\n<meta name=\"twitter:creator\" content=\"@diocesecharente\" \/>\n<meta name=\"twitter:site\" content=\"@diocesecharente\" \/>\n<meta name=\"twitter:label1\" content=\"\u00c9crit par\" \/>\n\t<meta name=\"twitter:data1\" content=\"paroissevisitation\" \/>\n\t<meta name=\"twitter:label2\" content=\"Dur\u00e9e de lecture estim\u00e9e\" \/>\n\t<meta name=\"twitter:data2\" content=\"2 minutes\" \/>\n<script type=\"application\/ld+json\" class=\"yoast-schema-graph\">{\"@context\":\"https:\/\/schema.org\",\"@graph\":[{\"@type\":\"Article\",\"@id\":\"https:\/\/charente.catholique.fr\/grand-angouleme\/actualites\/retour-pele-paris-2026\/#article\",\"isPartOf\":{\"@id\":\"https:\/\/charente.catholique.fr\/grand-angouleme\/actualites\/retour-pele-paris-2026\/\"},\"author\":{\"name\":\"paroissevisitation\",\"@id\":\"https:\/\/charente.catholique.fr\/grand-angouleme\/#\/schema\/person\/142d25b7b9bd1c109b423d38f9561cbe\"},\"headline\":\"Retour p\u00e9l\u00e9 Paris 2026\",\"datePublished\":\"2026-04-29T09:57:42+00:00\",\"mainEntityOfPage\":{\"@id\":\"https:\/\/charente.catholique.fr\/grand-angouleme\/actualites\/retour-pele-paris-2026\/\"},\"wordCount\":280,\"commentCount\":0,\"publisher\":{\"@id\":\"https:\/\/charente.catholique.fr\/grand-angouleme\/#organization\"},\"image\":{\"@id\":\"https:\/\/charente.catholique.fr\/grand-angouleme\/actualites\/retour-pele-paris-2026\/#primaryimage\"},\"thumbnailUrl\":\"https:\/\/charente.catholique.fr\/grand-angouleme\/wp-content\/uploads\/sites\/2\/2026\/04\/img-20260412-wa0024.jpg\",\"articleSection\":[\"Actualit\u00e9s\"],\"inLanguage\":\"fr-FR\",\"potentialAction\":[{\"@type\":\"CommentAction\",\"name\":\"Comment\",\"target\":[\"https:\/\/charente.catholique.fr\/grand-angouleme\/actualites\/retour-pele-paris-2026\/#respond\"]}]},{\"@type\":\"WebPage\",\"@id\":\"https:\/\/charente.catholique.fr\/grand-angouleme\/actualites\/retour-pele-paris-2026\/\",\"url\":\"https:\/\/charente.catholique.fr\/grand-angouleme\/actualites\/retour-pele-paris-2026\/\",\"name\":\"Retour p\u00e9l\u00e9 Paris 2026 - Doyenn\u00e9 Grand Angoul\u00eame\",\"isPartOf\":{\"@id\":\"https:\/\/charente.catholique.fr\/grand-angouleme\/#website\"},\"primaryImageOfPage\":{\"@id\":\"https:\/\/charente.catholique.fr\/grand-angouleme\/actualites\/retour-pele-paris-2026\/#primaryimage\"},\"image\":{\"@id\":\"https:\/\/charente.catholique.fr\/grand-angouleme\/actualites\/retour-pele-paris-2026\/#primaryimage\"},\"thumbnailUrl\":\"https:\/\/charente.catholique.fr\/grand-angouleme\/wp-content\/uploads\/sites\/2\/2026\/04\/img-20260412-wa0024.jpg\",\"datePublished\":\"2026-04-29T09:57:42+00:00\",\"breadcrumb\":{\"@id\":\"https:\/\/charente.catholique.fr\/grand-angouleme\/actualites\/retour-pele-paris-2026\/#breadcrumb\"},\"inLanguage\":\"fr-FR\",\"potentialAction\":[{\"@type\":\"ReadAction\",\"target\":[\"https:\/\/charente.catholique.fr\/grand-angouleme\/actualites\/retour-pele-paris-2026\/\"]}]},{\"@type\":\"ImageObject\",\"inLanguage\":\"fr-FR\",\"@id\":\"https:\/\/charente.catholique.fr\/grand-angouleme\/actualites\/retour-pele-paris-2026\/#primaryimage\",\"url\":\"https:\/\/charente.catholique.fr\/grand-angouleme\/wp-content\/uploads\/sites\/2\/2026\/04\/img-20260412-wa0024.jpg\",\"contentUrl\":\"https:\/\/charente.catholique.fr\/grand-angouleme\/wp-content\/uploads\/sites\/2\/2026\/04\/img-20260412-wa0024.jpg\",\"width\":2000,\"height\":1500},{\"@type\":\"BreadcrumbList\",\"@id\":\"https:\/\/charente.catholique.fr\/grand-angouleme\/actualites\/retour-pele-paris-2026\/#breadcrumb\",\"itemListElement\":[{\"@type\":\"ListItem\",\"position\":1,\"name\":\"Accueil\",\"item\":\"https:\/\/charente.catholique.fr\/grand-angouleme\/\"},{\"@type\":\"ListItem\",\"position\":2,\"name\":\"Retour p\u00e9l\u00e9 Paris 2026\"}]},{\"@type\":\"WebSite\",\"@id\":\"https:\/\/charente.catholique.fr\/grand-angouleme\/#website\",\"url\":\"https:\/\/charente.catholique.fr\/grand-angouleme\/\",\"name\":\"Doyenn\u00e9 Grand Angoul\u00eame - Dioc\u00e8se d'Angoul\u00eame\",\"description\":\"Dioc\u00e8se d&#039;Angoul\u00eame\",\"publisher\":{\"@id\":\"https:\/\/charente.catholique.fr\/grand-angouleme\/#organization\"},\"potentialAction\":[{\"@type\":\"SearchAction\",\"target\":{\"@type\":\"EntryPoint\",\"urlTemplate\":\"https:\/\/charente.catholique.fr\/grand-angouleme\/?s={search_term_string}\"},\"query-input\":{\"@type\":\"PropertyValueSpecification\",\"valueRequired\":true,\"valueName\":\"search_term_string\"}}],\"inLanguage\":\"fr-FR\"},{\"@type\":\"Organization\",\"@id\":\"https:\/\/charente.catholique.fr\/grand-angouleme\/#organization\",\"name\":\"Association Dioc\u00e9saine d'Angoul\u00eame\",\"url\":\"https:\/\/charente.catholique.fr\/grand-angouleme\/\",\"logo\":{\"@type\":\"ImageObject\",\"inLanguage\":\"fr-FR\",\"@id\":\"https:\/\/charente.catholique.fr\/grand-angouleme\/#\/schema\/logo\/image\/\",\"url\":\"https:\/\/charente.catholique.fr\/grand-angouleme\/wp-content\/uploads\/sites\/2\/2020\/10\/logos.png\",\"contentUrl\":\"https:\/\/charente.catholique.fr\/grand-angouleme\/wp-content\/uploads\/sites\/2\/2020\/10\/logos.png\",\"width\":600,\"height\":257,\"caption\":\"Association Dioc\u00e9saine d'Angoul\u00eame\"},\"image\":{\"@id\":\"https:\/\/charente.catholique.fr\/grand-angouleme\/#\/schema\/logo\/image\/\"},\"sameAs\":[\"https:\/\/www.facebook.com\/EgliseCatholiqueCharente\",\"https:\/\/x.com\/diocesecharente\",\"https:\/\/www.instagram.com\/eglisecharente\",\"https:\/\/www.youtube.com\/channel\/UCByyFWApZbw3gDTiADoiAaQ\"]},{\"@type\":\"Person\",\"@id\":\"https:\/\/charente.catholique.fr\/grand-angouleme\/#\/schema\/person\/142d25b7b9bd1c109b423d38f9561cbe\",\"name\":\"paroissevisitation\",\"image\":{\"@type\":\"ImageObject\",\"inLanguage\":\"fr-FR\",\"@id\":\"https:\/\/charente.catholique.fr\/grand-angouleme\/#\/schema\/person\/image\/\",\"url\":\"https:\/\/secure.gravatar.com\/avatar\/b7b36365aa0d5299b9264745ad0e1877297675ac8fe3bd535f38f1fc6331906b?s=96&d=mm&r=g\",\"contentUrl\":\"https:\/\/secure.gravatar.com\/avatar\/b7b36365aa0d5299b9264745ad0e1877297675ac8fe3bd535f38f1fc6331906b?s=96&d=mm&r=g\",\"caption\":\"paroissevisitation\"},\"url\":\"https:\/\/charente.catholique.fr\/grand-angouleme\/author\/paroissevisitation\/\"}]}<\/script>\n<!-- \/ Yoast SEO plugin. -->","yoast_head_json":{"title":"Retour p\u00e9l\u00e9 Paris 2026 - Doyenn\u00e9 Grand Angoul\u00eame","robots":{"index":"index","follow":"follow","max-snippet":"max-snippet:-1","max-image-preview":"max-image-preview:large","max-video-preview":"max-video-preview:-1"},"canonical":"https:\/\/charente.catholique.fr\/grand-angouleme\/actualites\/retour-pele-paris-2026\/","og_locale":"fr_FR","og_type":"article","og_title":"Retour p\u00e9l\u00e9 Paris 2026 - Doyenn\u00e9 Grand Angoul\u00eame","og_description":"T\u00e9moignage des 4 jeunes qui sont all\u00e9s au P\u00e9l\u00e9 des jeunes \u00e0 Paris, avec le P\u00e8re Sylvain et leur animatrice Isabelle Les 10\/11et 12 avril, 4 jeunes de l\u2019aum\u00f4nerie de la Couronne, ont particip\u00e9 au p\u00e8lerinage \u00e0 Paris, organis\u00e9 par la Pastorale des jeunes. Ils \u00e9taient accompagn\u00e9s du P\u00e8re Sylvain et d\u2019Isabelle, une animatrice.Monseigneur Gosselin, [&hellip;]","og_url":"https:\/\/charente.catholique.fr\/grand-angouleme\/actualites\/retour-pele-paris-2026\/","og_site_name":"Doyenn\u00e9 Grand Angoul\u00eame","article_publisher":"https:\/\/www.facebook.com\/EgliseCatholiqueCharente","article_published_time":"2026-04-29T09:57:42+00:00","og_image":[{"width":2000,"height":1500,"url":"https:\/\/charente.catholique.fr\/grand-angouleme\/wp-content\/uploads\/sites\/2\/2026\/04\/img-20260412-wa0024.jpg","type":"image\/jpeg"}],"author":"paroissevisitation","twitter_card":"summary_large_image","twitter_creator":"@diocesecharente","twitter_site":"@diocesecharente","twitter_misc":{"\u00c9crit par":"paroissevisitation","Dur\u00e9e de lecture estim\u00e9e":"2 minutes"},"schema":{"@context":"https:\/\/schema.org","@graph":[{"@type":"Article","@id":"https:\/\/charente.catholique.fr\/grand-angouleme\/actualites\/retour-pele-paris-2026\/#article","isPartOf":{"@id":"https:\/\/charente.catholique.fr\/grand-angouleme\/actualites\/retour-pele-paris-2026\/"},"author":{"name":"paroissevisitation","@id":"https:\/\/charente.catholique.fr\/grand-angouleme\/#\/schema\/person\/142d25b7b9bd1c109b423d38f9561cbe"},"headline":"Retour p\u00e9l\u00e9 Paris 2026","datePublished":"2026-04-29T09:57:42+00:00","mainEntityOfPage":{"@id":"https:\/\/charente.catholique.fr\/grand-angouleme\/actualites\/retour-pele-paris-2026\/"},"wordCount":280,"commentCount":0,"publisher":{"@id":"https:\/\/charente.catholique.fr\/grand-angouleme\/#organization"},"image":{"@id":"https:\/\/charente.catholique.fr\/grand-angouleme\/actualites\/retour-pele-paris-2026\/#primaryimage"},"thumbnailUrl":"https:\/\/charente.catholique.fr\/grand-angouleme\/wp-content\/uploads\/sites\/2\/2026\/04\/img-20260412-wa0024.jpg","articleSection":["Actualit\u00e9s"],"inLanguage":"fr-FR","potentialAction":[{"@type":"CommentAction","name":"Comment","target":["https:\/\/charente.catholique.fr\/grand-angouleme\/actualites\/retour-pele-paris-2026\/#respond"]}]},{"@type":"WebPage","@id":"https:\/\/charente.catholique.fr\/grand-angouleme\/actualites\/retour-pele-paris-2026\/","url":"https:\/\/charente.catholique.fr\/grand-angouleme\/actualites\/retour-pele-paris-2026\/","name":"Retour p\u00e9l\u00e9 Paris 2026 - Doyenn\u00e9 Grand Angoul\u00eame","isPartOf":{"@id":"https:\/\/charente.catholique.fr\/grand-angouleme\/#website"},"primaryImageOfPage":{"@id":"https:\/\/charente.catholique.fr\/grand-angouleme\/actualites\/retour-pele-paris-2026\/#primaryimage"},"image":{"@id":"https:\/\/charente.catholique.fr\/grand-angouleme\/actualites\/retour-pele-paris-2026\/#primaryimage"},"thumbnailUrl":"https:\/\/charente.catholique.fr\/grand-angouleme\/wp-content\/uploads\/sites\/2\/2026\/04\/img-20260412-wa0024.jpg","datePublished":"2026-04-29T09:57:42+00:00","breadcrumb":{"@id":"https:\/\/charente.catholique.fr\/grand-angouleme\/actualites\/retour-pele-paris-2026\/#breadcrumb"},"inLanguage":"fr-FR","potentialAction":[{"@type":"ReadAction","target":["https:\/\/charente.catholique.fr\/grand-angouleme\/actualites\/retour-pele-paris-2026\/"]}]},{"@type":"ImageObject","inLanguage":"fr-FR","@id":"https:\/\/charente.catholique.fr\/grand-angouleme\/actualites\/retour-pele-paris-2026\/#primaryimage","url":"https:\/\/charente.catholique.fr\/grand-angouleme\/wp-content\/uploads\/sites\/2\/2026\/04\/img-20260412-wa0024.jpg","contentUrl":"https:\/\/charente.catholique.fr\/grand-angouleme\/wp-content\/uploads\/sites\/2\/2026\/04\/img-20260412-wa0024.jpg","width":2000,"height":1500},{"@type":"BreadcrumbList","@id":"https:\/\/charente.catholique.fr\/grand-angouleme\/actualites\/retour-pele-paris-2026\/#breadcrumb","itemListElement":[{"@type":"ListItem","position":1,"name":"Accueil","item":"https:\/\/charente.catholique.fr\/grand-angouleme\/"},{"@type":"ListItem","position":2,"name":"Retour p\u00e9l\u00e9 Paris 2026"}]},{"@type":"WebSite","@id":"https:\/\/charente.catholique.fr\/grand-angouleme\/#website","url":"https:\/\/charente.catholique.fr\/grand-angouleme\/","name":"Doyenn\u00e9 Grand Angoul\u00eame - Dioc\u00e8se d'Angoul\u00eame","description":"Dioc\u00e8se d&#039;Angoul\u00eame","publisher":{"@id":"https:\/\/charente.catholique.fr\/grand-angouleme\/#organization"},"potentialAction":[{"@type":"SearchAction","target":{"@type":"EntryPoint","urlTemplate":"https:\/\/charente.catholique.fr\/grand-angouleme\/?s={search_term_string}"},"query-input":{"@type":"PropertyValueSpecification","valueRequired":true,"valueName":"search_term_string"}}],"inLanguage":"fr-FR"},{"@type":"Organization","@id":"https:\/\/charente.catholique.fr\/grand-angouleme\/#organization","name":"Association Dioc\u00e9saine d'Angoul\u00eame","url":"https:\/\/charente.catholique.fr\/grand-angouleme\/","logo":{"@type":"ImageObject","inLanguage":"fr-FR","@id":"https:\/\/charente.catholique.fr\/grand-angouleme\/#\/schema\/logo\/image\/","url":"https:\/\/charente.catholique.fr\/grand-angouleme\/wp-content\/uploads\/sites\/2\/2020\/10\/logos.png","contentUrl":"https:\/\/charente.catholique.fr\/grand-angouleme\/wp-content\/uploads\/sites\/2\/2020\/10\/logos.png","width":600,"height":257,"caption":"Association Dioc\u00e9saine d'Angoul\u00eame"},"image":{"@id":"https:\/\/charente.catholique.fr\/grand-angouleme\/#\/schema\/logo\/image\/"},"sameAs":["https:\/\/www.facebook.com\/EgliseCatholiqueCharente","https:\/\/x.com\/diocesecharente","https:\/\/www.instagram.com\/eglisecharente","https:\/\/www.youtube.com\/channel\/UCByyFWApZbw3gDTiADoiAaQ"]},{"@type":"Person","@id":"https:\/\/charente.catholique.fr\/grand-angouleme\/#\/schema\/person\/142d25b7b9bd1c109b423d38f9561cbe","name":"paroissevisitation","image":{"@type":"ImageObject","inLanguage":"fr-FR","@id":"https:\/\/charente.catholique.fr\/grand-angouleme\/#\/schema\/person\/image\/","url":"https:\/\/secure.gravatar.com\/avatar\/b7b36365aa0d5299b9264745ad0e1877297675ac8fe3bd535f38f1fc6331906b?s=96&d=mm&r=g","contentUrl":"https:\/\/secure.gravatar.com\/avatar\/b7b36365aa0d5299b9264745ad0e1877297675ac8fe3bd535f38f1fc6331906b?s=96&d=mm&r=g","caption":"paroissevisitation"},"url":"https:\/\/charente.catholique.fr\/grand-angouleme\/author\/paroissevisitation\/"}]}},"_links":{"self":[{"href":"https:\/\/charente.catholique.fr\/grand-angouleme\/wp-json\/wp\/v2\/posts\/31003","targetHints":{"allow":["GET"]}}],"collection":[{"href":"https:\/\/charente.catholique.fr\/grand-angouleme\/wp-json\/wp\/v2\/posts"}],"about":[{"href":"https:\/\/charente.catholique.fr\/grand-angouleme\/wp-json\/wp\/v2\/types\/post"}],"author":[{"embeddable":true,"href":"https:\/\/charente.catholique.fr\/grand-angouleme\/wp-json\/wp\/v2\/users\/103"}],"replies":[{"embeddable":true,"href":"https:\/\/charente.catholique.fr\/grand-angouleme\/wp-json\/wp\/v2\/comments?post=31003"}],"version-history":[{"count":6,"href":"https:\/\/charente.catholique.fr\/grand-angouleme\/wp-json\/wp\/v2\/posts\/31003\/revisions"}],"predecessor-version":[{"id":31013,"href":"https:\/\/charente.catholique.fr\/grand-angouleme\/wp-json\/wp\/v2\/posts\/31003\/revisions\/31013"}],"wp:featuredmedia":[{"embeddable":true,"href":"https:\/\/charente.catholique.fr\/grand-angouleme\/wp-json\/wp\/v2\/media\/31008"}],"wp:attachment":[{"href":"https:\/\/charente.catholique.fr\/grand-angouleme\/wp-json\/wp\/v2\/media?parent=31003"}],"wp:term":[{"taxonomy":"category","embeddable":true,"href":"https:\/\/charente.catholique.fr\/grand-angouleme\/wp-json\/wp\/v2\/categories?post=31003"},{"taxonomy":"post_tag","embeddable":true,"href":"https:\/\/charente.catholique.fr\/grand-angouleme\/wp-json\/wp\/v2\/tags?post=31003"}],"curies":[{"name":"wp","href":"https:\/\/api.w.org\/{rel}","templated":true}]}}