{"id":30987,"date":"2026-04-28T21:06:41","date_gmt":"2026-04-28T19:06:41","guid":{"rendered":"https:\/\/charente.catholique.fr\/grand-angouleme\/?p=30987"},"modified":"2026-04-28T21:06:42","modified_gmt":"2026-04-28T19:06:42","slug":"feuille-dannonces-mai-2026","status":"publish","type":"post","link":"https:\/\/charente.catholique.fr\/grand-angouleme\/actualites\/feuille-dannonces-mai-2026\/","title":{"rendered":"Feuille d\u2019annonces : mai 2026"},"content":{"rendered":"\n<p><strong>INFORMATIONS MAI 2026<\/strong><\/p>\n\n\n\n<p>Samedi 2&nbsp;&nbsp;&nbsp;&nbsp;&nbsp;&nbsp;&nbsp;&nbsp;&nbsp;&nbsp; 10h30-12h&nbsp;: groupe des n\u00e9ophytes ados (Ruelle)<\/p>\n\n\n\n<p><strong>Dimanche 3 mai 10h30&nbsp;: messe \u00e0 l&#8217;Isle d&#8217;Espagnac<\/strong><\/p>\n\n\n\n<p>Samedi 9 &nbsp;&nbsp;&nbsp;&nbsp;&nbsp;&nbsp;&nbsp;&nbsp;&nbsp; 15h30&nbsp;: mariage de R\u00e9my et Emilie \u00e0 Magnac<\/p>\n\n\n\n<p>&nbsp;&nbsp;&nbsp;&nbsp;&nbsp;&nbsp;&nbsp;&nbsp;&nbsp;&nbsp;&nbsp;&nbsp;&nbsp;&nbsp;&nbsp;&nbsp;&nbsp;&nbsp;&nbsp;&nbsp;&nbsp;&nbsp;&nbsp;&nbsp;&nbsp;&nbsp;&nbsp;&nbsp;&nbsp;&nbsp;&nbsp; 17h&nbsp;: bapt\u00eames de Gabriel et de Rafa\u00ebl (Les Riffauds)<\/p>\n\n\n\n<p>&nbsp;&nbsp;&nbsp;&nbsp;&nbsp;&nbsp;&nbsp;&nbsp;&nbsp;&nbsp;&nbsp;&nbsp;&nbsp;&nbsp;&nbsp;&nbsp;&nbsp;&nbsp;&nbsp;&nbsp;&nbsp;&nbsp;&nbsp;&nbsp;&nbsp;&nbsp;&nbsp;&nbsp;&nbsp;&nbsp;&nbsp; 18h&nbsp;: messe \u00e0 la chapelle des Riffauds<\/p>\n\n\n\n<p><strong>Dimanche 10 mai 10h30&nbsp;: messe \u00e0 Magnac avec les n\u00e9ophytes<\/strong><\/p>\n\n\n\n<p><strong>&nbsp;&nbsp;&nbsp;&nbsp;&nbsp;&nbsp;&nbsp;&nbsp;&nbsp;&nbsp;&nbsp;&nbsp;&nbsp;&nbsp;&nbsp;&nbsp;&nbsp;&nbsp;&nbsp;&nbsp;&nbsp;&nbsp;&nbsp;&nbsp;&nbsp;&nbsp;&nbsp;&nbsp;&nbsp;&nbsp;&nbsp; et bapt\u00eame d\u2019Apolline au cours de la messe<\/strong><\/p>\n\n\n\n<p>Lundi 11 mai &nbsp; 16h&nbsp;: temps de pri\u00e8re H\u00f4tel de retraite de Ruelle&nbsp;<\/p>\n\n\n\n<p><strong>Jeudi 14 &nbsp;&nbsp;&nbsp;&nbsp;&nbsp;&nbsp;&nbsp;&nbsp;&nbsp;&nbsp; 10h30&nbsp;: messe de l&#8217;Ascension parvis de l&#8217;\u00e9glise de Touvre (ou Magnac en cas de pluie)<\/strong><\/p>\n\n\n\n<p><strong>Dimanche 17 mai 10h30&nbsp;: messe \u00e0 Mornac<\/strong><\/p>\n\n\n\n<p>Jeudi 21 &nbsp;&nbsp;&nbsp;&nbsp;&nbsp;&nbsp;&nbsp;&nbsp;&nbsp;&nbsp;&nbsp; 18h&nbsp;: pr\u00e9paration \u00e0 la Premi\u00e8re communion d&#8217;adultes (IDE)<\/p>\n\n\n\n<p>&nbsp;&nbsp;&nbsp;&nbsp;&nbsp;&nbsp;&nbsp;&nbsp;&nbsp;&nbsp;&nbsp;&nbsp;&nbsp;&nbsp;&nbsp;&nbsp;&nbsp;&nbsp;&nbsp;&nbsp;&nbsp;&nbsp;&nbsp;&nbsp;&nbsp;&nbsp;&nbsp;&nbsp;&nbsp;&nbsp;&nbsp; 18h-19H30&nbsp;: LBPG (Lire la Bible en Petit Groupe) maison paroissiale de Ruelle<\/p>\n\n\n\n<p>Vendredi 22&nbsp;&nbsp;&nbsp;&nbsp; 15h&nbsp;: messe aux Ecureuils<\/p>\n\n\n\n<p>&nbsp;&nbsp;&nbsp;&nbsp;&nbsp;&nbsp;&nbsp;&nbsp;&nbsp;&nbsp;&nbsp;&nbsp;&nbsp;&nbsp;&nbsp;&nbsp;&nbsp;&nbsp;&nbsp;&nbsp;&nbsp;&nbsp;&nbsp;&nbsp;&nbsp;&nbsp;&nbsp;&nbsp;&nbsp;&nbsp;&nbsp; 18h&nbsp;: pr\u00e9paration \u00e0 la Confirmation (IDE) date \u00e0 confirmer<\/p>\n\n\n\n<p>&nbsp;&nbsp;&nbsp;&nbsp;&nbsp;&nbsp;&nbsp;&nbsp;&nbsp;&nbsp;&nbsp;&nbsp;&nbsp;&nbsp;&nbsp;&nbsp;&nbsp;&nbsp;&nbsp;&nbsp;&nbsp;&nbsp;&nbsp;&nbsp;&nbsp;&nbsp;&nbsp;&nbsp;&nbsp;&nbsp;&nbsp; 18h-21h&nbsp;: Aum\u00f4nerie des coll\u00e9giens (Ruelle)<\/p>\n\n\n\n<p>Samedi 23 &nbsp;&nbsp;&nbsp;&nbsp;&nbsp;&nbsp; 10h30-12h&nbsp;: groupe des n\u00e9ophytes ados (Ruelle)<\/p>\n\n\n\n<p>&nbsp;&nbsp;&nbsp;&nbsp;&nbsp;&nbsp;&nbsp;&nbsp;&nbsp;&nbsp;&nbsp;&nbsp;&nbsp;&nbsp;&nbsp;&nbsp;&nbsp;&nbsp;&nbsp;&nbsp;&nbsp;&nbsp;&nbsp;&nbsp;&nbsp;&nbsp;&nbsp;&nbsp;&nbsp;&nbsp;&nbsp; 15h&nbsp;: mariage de C\u00e9line et Fath Allah \u00e0 l&#8217;Isle d&#8217;Espagnac<\/p>\n\n\n\n<p><strong>Dimanche 24 mai 10h30&nbsp;: messe de la Pentec\u00f4te \u00e0 Ruelle<\/strong><\/p>\n\n\n\n<p>&nbsp;&nbsp;&nbsp;&nbsp;&nbsp;&nbsp;&nbsp;&nbsp;&nbsp;&nbsp;&nbsp;&nbsp;&nbsp;&nbsp;&nbsp;&nbsp;&nbsp;&nbsp;&nbsp;&nbsp;&nbsp;&nbsp;&nbsp;&nbsp;&nbsp;&nbsp;&nbsp;&nbsp;&nbsp;&nbsp;&nbsp; <strong>Suivie des bapt\u00eames de Luka et de Rapha\u00ebl<\/strong><\/p>\n\n\n\n<p><em>&nbsp;&nbsp;&nbsp;&nbsp;&nbsp;&nbsp;&nbsp;&nbsp;&nbsp;&nbsp;&nbsp;&nbsp;&nbsp;&nbsp;&nbsp;&nbsp;&nbsp;&nbsp;&nbsp;&nbsp;&nbsp;&nbsp;&nbsp;&nbsp;&nbsp;&nbsp;&nbsp;&nbsp;&nbsp;&nbsp;&nbsp; Qu\u00eate imp\u00e9r\u00e9e&nbsp;: Denier de saint Pierre<\/em><\/p>\n\n\n\n<p>Mardi 26 &nbsp;&nbsp;&nbsp;&nbsp;&nbsp;&nbsp;&nbsp;&nbsp;&nbsp;&nbsp; 15h&nbsp;: messe \u00e0 La Source<\/p>\n\n\n\n<p>&nbsp;&nbsp;&nbsp;&nbsp;&nbsp;&nbsp;&nbsp;&nbsp;&nbsp;&nbsp;&nbsp;&nbsp;&nbsp;&nbsp;&nbsp;&nbsp;&nbsp;&nbsp;&nbsp;&nbsp;&nbsp;&nbsp;&nbsp;&nbsp;&nbsp;&nbsp;&nbsp;&nbsp;&nbsp;&nbsp;&nbsp; 18h30&nbsp;: messe aux Pivoines<\/p>\n\n\n\n<p>Vendredi 29&nbsp;&nbsp;&nbsp;&nbsp; 20h-21h30&nbsp;: rencontre des parents de l\u2019initiation chr\u00e9tienne<\/p>\n\n\n\n<p>Samedi 30&nbsp;&nbsp;&nbsp;&nbsp;&nbsp;&nbsp;&nbsp;&nbsp; 10h-11h30&nbsp;: initiation chr\u00e9tienne des enfants (IDE)<\/p>\n\n\n\n<p>&nbsp;&nbsp;&nbsp;&nbsp;&nbsp;&nbsp;&nbsp;&nbsp;&nbsp;&nbsp;&nbsp;&nbsp;&nbsp;&nbsp;&nbsp;&nbsp;&nbsp;&nbsp;&nbsp;&nbsp;&nbsp;&nbsp;&nbsp;&nbsp;&nbsp;&nbsp;&nbsp;&nbsp;&nbsp;&nbsp;&nbsp; 17h&nbsp;: mariage de Verlaine et Damien \u00e0 Magnac<\/p>\n\n\n\n<p>&nbsp;&nbsp;&nbsp;&nbsp;&nbsp;&nbsp;&nbsp;&nbsp;&nbsp;&nbsp;&nbsp;&nbsp;&nbsp;&nbsp;&nbsp;&nbsp;&nbsp;&nbsp;&nbsp;&nbsp;&nbsp;&nbsp;&nbsp;&nbsp;&nbsp;&nbsp;&nbsp;&nbsp;&nbsp;&nbsp;&nbsp; 18h30&nbsp;: bapt\u00eame de H\u00e9l\u00e9na \u00e0 Magnac<\/p>\n\n\n\n<p>Samedi 30 et dimanche 31&nbsp;: retraite des Professions de Foi (Genac)<\/p>\n\n\n\n<p><strong>Dimanche 31 mai 10h30&nbsp;: messe \u00e0 l&#8217;Isle d&#8217;Espagnac<\/strong><\/p>\n\n\n\n<p><strong>&nbsp;&nbsp;&nbsp;&nbsp;&nbsp;&nbsp;&nbsp;&nbsp;&nbsp;&nbsp;&nbsp;&nbsp;&nbsp;&nbsp;&nbsp;&nbsp;&nbsp;&nbsp;&nbsp;&nbsp;&nbsp;&nbsp;&nbsp;&nbsp;&nbsp;&nbsp;&nbsp;&nbsp;&nbsp;&nbsp;&nbsp; Suivie du bapt\u00eame de Cl\u00e9mence<\/strong><\/p>\n\n\n<a href=\"https:\/\/charente.catholique.fr\/grand-angouleme\/wp-content\/uploads\/sites\/2\/2026\/04\/fa-nd-sources-2026-05-mai.pdf\" class=\"pdfemb-viewer\" style=\"\" data-width=\"max\" data-height=\"max\" data-toolbar=\"bottom\" data-toolbar-fixed=\"off\">fa-nd-sources-2026-05-mai<\/a>","protected":false},"excerpt":{"rendered":"<p>INFORMATIONS MAI 2026 Samedi 2&nbsp;&nbsp;&nbsp;&nbsp;&nbsp;&nbsp;&nbsp;&nbsp;&nbsp;&nbsp; 10h30-12h&nbsp;: groupe des n\u00e9ophytes ados (Ruelle) Dimanche 3 mai 10h30&nbsp;: messe \u00e0 l&#8217;Isle d&#8217;Espagnac Samedi 9 &nbsp;&nbsp;&nbsp;&nbsp;&nbsp;&nbsp;&nbsp;&nbsp;&nbsp; 15h30&nbsp;: mariage de R\u00e9my et Emilie \u00e0 Magnac &nbsp;&nbsp;&nbsp;&nbsp;&nbsp;&nbsp;&nbsp;&nbsp;&nbsp;&nbsp;&nbsp;&nbsp;&nbsp;&nbsp;&nbsp;&nbsp;&nbsp;&nbsp;&nbsp;&nbsp;&nbsp;&nbsp;&nbsp;&nbsp;&nbsp;&nbsp;&nbsp;&nbsp;&nbsp;&nbsp;&nbsp; 17h&nbsp;: bapt\u00eames de Gabriel et de Rafa\u00ebl (Les Riffauds) &nbsp;&nbsp;&nbsp;&nbsp;&nbsp;&nbsp;&nbsp;&nbsp;&nbsp;&nbsp;&nbsp;&nbsp;&nbsp;&nbsp;&nbsp;&nbsp;&nbsp;&nbsp;&nbsp;&nbsp;&nbsp;&nbsp;&nbsp;&nbsp;&nbsp;&nbsp;&nbsp;&nbsp;&nbsp;&nbsp;&nbsp; 18h&nbsp;: messe \u00e0 la chapelle des Riffauds Dimanche 10 mai 10h30&nbsp;: messe \u00e0 Magnac [&hellip;]<\/p>\n","protected":false},"author":27,"featured_media":30989,"comment_status":"open","ping_status":"open","sticky":false,"template":"","format":"standard","meta":{"_acf_changed":false,"paroisse":["7"],"service":[],"footnotes":""},"categories":[1,9],"tags":[],"class_list":["post-30987","post","type-post","status-publish","format-standard","has-post-thumbnail","hentry","category-actualites","category-notre-dame-des-sources"],"acf":[],"yoast_head":"<!-- This site is optimized with the Yoast SEO plugin v27.1.1 - https:\/\/yoast.com\/product\/yoast-seo-wordpress\/ -->\n<title>Feuille d\u2019annonces : mai 2026 - Doyenn\u00e9 Grand Angoul\u00eame<\/title>\n<meta name=\"robots\" content=\"index, follow, max-snippet:-1, max-image-preview:large, max-video-preview:-1\" \/>\n<link rel=\"canonical\" href=\"https:\/\/charente.catholique.fr\/grand-angouleme\/actualites\/feuille-dannonces-mai-2026\/\" \/>\n<meta property=\"og:locale\" content=\"fr_FR\" \/>\n<meta property=\"og:type\" content=\"article\" \/>\n<meta property=\"og:title\" content=\"Feuille d\u2019annonces : mai 2026 - Doyenn\u00e9 Grand Angoul\u00eame\" \/>\n<meta property=\"og:description\" content=\"INFORMATIONS MAI 2026 Samedi 2&nbsp;&nbsp;&nbsp;&nbsp;&nbsp;&nbsp;&nbsp;&nbsp;&nbsp;&nbsp; 10h30-12h&nbsp;: groupe des n\u00e9ophytes ados (Ruelle) Dimanche 3 mai 10h30&nbsp;: messe \u00e0 l&#8217;Isle d&#8217;Espagnac Samedi 9 &nbsp;&nbsp;&nbsp;&nbsp;&nbsp;&nbsp;&nbsp;&nbsp;&nbsp; 15h30&nbsp;: mariage de R\u00e9my et Emilie \u00e0 Magnac &nbsp;&nbsp;&nbsp;&nbsp;&nbsp;&nbsp;&nbsp;&nbsp;&nbsp;&nbsp;&nbsp;&nbsp;&nbsp;&nbsp;&nbsp;&nbsp;&nbsp;&nbsp;&nbsp;&nbsp;&nbsp;&nbsp;&nbsp;&nbsp;&nbsp;&nbsp;&nbsp;&nbsp;&nbsp;&nbsp;&nbsp; 17h&nbsp;: bapt\u00eames de Gabriel et de Rafa\u00ebl (Les Riffauds) &nbsp;&nbsp;&nbsp;&nbsp;&nbsp;&nbsp;&nbsp;&nbsp;&nbsp;&nbsp;&nbsp;&nbsp;&nbsp;&nbsp;&nbsp;&nbsp;&nbsp;&nbsp;&nbsp;&nbsp;&nbsp;&nbsp;&nbsp;&nbsp;&nbsp;&nbsp;&nbsp;&nbsp;&nbsp;&nbsp;&nbsp; 18h&nbsp;: messe \u00e0 la chapelle des Riffauds Dimanche 10 mai 10h30&nbsp;: messe \u00e0 Magnac [&hellip;]\" \/>\n<meta property=\"og:url\" content=\"https:\/\/charente.catholique.fr\/grand-angouleme\/actualites\/feuille-dannonces-mai-2026\/\" \/>\n<meta property=\"og:site_name\" content=\"Doyenn\u00e9 Grand Angoul\u00eame\" \/>\n<meta property=\"article:publisher\" content=\"https:\/\/www.facebook.com\/EgliseCatholiqueCharente\" \/>\n<meta property=\"article:published_time\" content=\"2026-04-28T19:06:41+00:00\" \/>\n<meta property=\"article:modified_time\" content=\"2026-04-28T19:06:42+00:00\" \/>\n<meta property=\"og:image\" content=\"https:\/\/charente.catholique.fr\/grand-angouleme\/wp-content\/uploads\/sites\/2\/2026\/04\/scan20260421.jpg\" \/>\n\t<meta property=\"og:image:width\" content=\"1834\" \/>\n\t<meta property=\"og:image:height\" content=\"1387\" \/>\n\t<meta property=\"og:image:type\" content=\"image\/jpeg\" \/>\n<meta name=\"author\" content=\"Yolande Lallemand\" \/>\n<meta name=\"twitter:card\" content=\"summary_large_image\" \/>\n<meta name=\"twitter:creator\" content=\"@diocesecharente\" \/>\n<meta name=\"twitter:site\" content=\"@diocesecharente\" \/>\n<meta name=\"twitter:label1\" content=\"\u00c9crit par\" \/>\n\t<meta name=\"twitter:data1\" content=\"Yolande Lallemand\" \/>\n\t<meta name=\"twitter:label2\" content=\"Dur\u00e9e de lecture estim\u00e9e\" \/>\n\t<meta name=\"twitter:data2\" content=\"2 minutes\" \/>\n<script type=\"application\/ld+json\" class=\"yoast-schema-graph\">{\"@context\":\"https:\/\/schema.org\",\"@graph\":[{\"@type\":\"Article\",\"@id\":\"https:\/\/charente.catholique.fr\/grand-angouleme\/actualites\/feuille-dannonces-mai-2026\/#article\",\"isPartOf\":{\"@id\":\"https:\/\/charente.catholique.fr\/grand-angouleme\/actualites\/feuille-dannonces-mai-2026\/\"},\"author\":{\"name\":\"Yolande Lallemand\",\"@id\":\"https:\/\/charente.catholique.fr\/grand-angouleme\/#\/schema\/person\/f47795cb7efbd537deea624c9ff372d5\"},\"headline\":\"Feuille d\u2019annonces : mai 2026\",\"datePublished\":\"2026-04-28T19:06:41+00:00\",\"dateModified\":\"2026-04-28T19:06:42+00:00\",\"mainEntityOfPage\":{\"@id\":\"https:\/\/charente.catholique.fr\/grand-angouleme\/actualites\/feuille-dannonces-mai-2026\/\"},\"wordCount\":771,\"commentCount\":0,\"publisher\":{\"@id\":\"https:\/\/charente.catholique.fr\/grand-angouleme\/#organization\"},\"image\":{\"@id\":\"https:\/\/charente.catholique.fr\/grand-angouleme\/actualites\/feuille-dannonces-mai-2026\/#primaryimage\"},\"thumbnailUrl\":\"https:\/\/charente.catholique.fr\/grand-angouleme\/wp-content\/uploads\/sites\/2\/2026\/04\/scan20260421.jpg\",\"articleSection\":[\"Actualit\u00e9s\",\"Notre Dame des Sources\"],\"inLanguage\":\"fr-FR\",\"potentialAction\":[{\"@type\":\"CommentAction\",\"name\":\"Comment\",\"target\":[\"https:\/\/charente.catholique.fr\/grand-angouleme\/actualites\/feuille-dannonces-mai-2026\/#respond\"]}]},{\"@type\":\"WebPage\",\"@id\":\"https:\/\/charente.catholique.fr\/grand-angouleme\/actualites\/feuille-dannonces-mai-2026\/\",\"url\":\"https:\/\/charente.catholique.fr\/grand-angouleme\/actualites\/feuille-dannonces-mai-2026\/\",\"name\":\"Feuille d\u2019annonces : mai 2026 - Doyenn\u00e9 Grand Angoul\u00eame\",\"isPartOf\":{\"@id\":\"https:\/\/charente.catholique.fr\/grand-angouleme\/#website\"},\"primaryImageOfPage\":{\"@id\":\"https:\/\/charente.catholique.fr\/grand-angouleme\/actualites\/feuille-dannonces-mai-2026\/#primaryimage\"},\"image\":{\"@id\":\"https:\/\/charente.catholique.fr\/grand-angouleme\/actualites\/feuille-dannonces-mai-2026\/#primaryimage\"},\"thumbnailUrl\":\"https:\/\/charente.catholique.fr\/grand-angouleme\/wp-content\/uploads\/sites\/2\/2026\/04\/scan20260421.jpg\",\"datePublished\":\"2026-04-28T19:06:41+00:00\",\"dateModified\":\"2026-04-28T19:06:42+00:00\",\"breadcrumb\":{\"@id\":\"https:\/\/charente.catholique.fr\/grand-angouleme\/actualites\/feuille-dannonces-mai-2026\/#breadcrumb\"},\"inLanguage\":\"fr-FR\",\"potentialAction\":[{\"@type\":\"ReadAction\",\"target\":[\"https:\/\/charente.catholique.fr\/grand-angouleme\/actualites\/feuille-dannonces-mai-2026\/\"]}]},{\"@type\":\"ImageObject\",\"inLanguage\":\"fr-FR\",\"@id\":\"https:\/\/charente.catholique.fr\/grand-angouleme\/actualites\/feuille-dannonces-mai-2026\/#primaryimage\",\"url\":\"https:\/\/charente.catholique.fr\/grand-angouleme\/wp-content\/uploads\/sites\/2\/2026\/04\/scan20260421.jpg\",\"contentUrl\":\"https:\/\/charente.catholique.fr\/grand-angouleme\/wp-content\/uploads\/sites\/2\/2026\/04\/scan20260421.jpg\",\"width\":1834,\"height\":1387},{\"@type\":\"BreadcrumbList\",\"@id\":\"https:\/\/charente.catholique.fr\/grand-angouleme\/actualites\/feuille-dannonces-mai-2026\/#breadcrumb\",\"itemListElement\":[{\"@type\":\"ListItem\",\"position\":1,\"name\":\"Accueil\",\"item\":\"https:\/\/charente.catholique.fr\/grand-angouleme\/\"},{\"@type\":\"ListItem\",\"position\":2,\"name\":\"Feuille d\u2019annonces : mai 2026\"}]},{\"@type\":\"WebSite\",\"@id\":\"https:\/\/charente.catholique.fr\/grand-angouleme\/#website\",\"url\":\"https:\/\/charente.catholique.fr\/grand-angouleme\/\",\"name\":\"Doyenn\u00e9 Grand Angoul\u00eame - Dioc\u00e8se d'Angoul\u00eame\",\"description\":\"Dioc\u00e8se d&#039;Angoul\u00eame\",\"publisher\":{\"@id\":\"https:\/\/charente.catholique.fr\/grand-angouleme\/#organization\"},\"potentialAction\":[{\"@type\":\"SearchAction\",\"target\":{\"@type\":\"EntryPoint\",\"urlTemplate\":\"https:\/\/charente.catholique.fr\/grand-angouleme\/?s={search_term_string}\"},\"query-input\":{\"@type\":\"PropertyValueSpecification\",\"valueRequired\":true,\"valueName\":\"search_term_string\"}}],\"inLanguage\":\"fr-FR\"},{\"@type\":\"Organization\",\"@id\":\"https:\/\/charente.catholique.fr\/grand-angouleme\/#organization\",\"name\":\"Association Dioc\u00e9saine d'Angoul\u00eame\",\"url\":\"https:\/\/charente.catholique.fr\/grand-angouleme\/\",\"logo\":{\"@type\":\"ImageObject\",\"inLanguage\":\"fr-FR\",\"@id\":\"https:\/\/charente.catholique.fr\/grand-angouleme\/#\/schema\/logo\/image\/\",\"url\":\"https:\/\/charente.catholique.fr\/grand-angouleme\/wp-content\/uploads\/sites\/2\/2020\/10\/logos.png\",\"contentUrl\":\"https:\/\/charente.catholique.fr\/grand-angouleme\/wp-content\/uploads\/sites\/2\/2020\/10\/logos.png\",\"width\":600,\"height\":257,\"caption\":\"Association Dioc\u00e9saine d'Angoul\u00eame\"},\"image\":{\"@id\":\"https:\/\/charente.catholique.fr\/grand-angouleme\/#\/schema\/logo\/image\/\"},\"sameAs\":[\"https:\/\/www.facebook.com\/EgliseCatholiqueCharente\",\"https:\/\/x.com\/diocesecharente\",\"https:\/\/www.instagram.com\/eglisecharente\",\"https:\/\/www.youtube.com\/channel\/UCByyFWApZbw3gDTiADoiAaQ\"]},{\"@type\":\"Person\",\"@id\":\"https:\/\/charente.catholique.fr\/grand-angouleme\/#\/schema\/person\/f47795cb7efbd537deea624c9ff372d5\",\"name\":\"Yolande Lallemand\",\"image\":{\"@type\":\"ImageObject\",\"inLanguage\":\"fr-FR\",\"@id\":\"https:\/\/charente.catholique.fr\/grand-angouleme\/#\/schema\/person\/image\/\",\"url\":\"https:\/\/secure.gravatar.com\/avatar\/b5430949ac2d70ed67fb7aab0981e95c9dc9b76f2593de091ab69d1eb540a1b5?s=96&d=mm&r=g\",\"contentUrl\":\"https:\/\/secure.gravatar.com\/avatar\/b5430949ac2d70ed67fb7aab0981e95c9dc9b76f2593de091ab69d1eb540a1b5?s=96&d=mm&r=g\",\"caption\":\"Yolande Lallemand\"},\"url\":\"https:\/\/charente.catholique.fr\/grand-angouleme\/author\/yolandelallemand\/\"}]}<\/script>\n<!-- \/ Yoast SEO plugin. -->","yoast_head_json":{"title":"Feuille d\u2019annonces : mai 2026 - Doyenn\u00e9 Grand Angoul\u00eame","robots":{"index":"index","follow":"follow","max-snippet":"max-snippet:-1","max-image-preview":"max-image-preview:large","max-video-preview":"max-video-preview:-1"},"canonical":"https:\/\/charente.catholique.fr\/grand-angouleme\/actualites\/feuille-dannonces-mai-2026\/","og_locale":"fr_FR","og_type":"article","og_title":"Feuille d\u2019annonces : mai 2026 - Doyenn\u00e9 Grand Angoul\u00eame","og_description":"INFORMATIONS MAI 2026 Samedi 2&nbsp;&nbsp;&nbsp;&nbsp;&nbsp;&nbsp;&nbsp;&nbsp;&nbsp;&nbsp; 10h30-12h&nbsp;: groupe des n\u00e9ophytes ados (Ruelle) Dimanche 3 mai 10h30&nbsp;: messe \u00e0 l&#8217;Isle d&#8217;Espagnac Samedi 9 &nbsp;&nbsp;&nbsp;&nbsp;&nbsp;&nbsp;&nbsp;&nbsp;&nbsp; 15h30&nbsp;: mariage de R\u00e9my et Emilie \u00e0 Magnac &nbsp;&nbsp;&nbsp;&nbsp;&nbsp;&nbsp;&nbsp;&nbsp;&nbsp;&nbsp;&nbsp;&nbsp;&nbsp;&nbsp;&nbsp;&nbsp;&nbsp;&nbsp;&nbsp;&nbsp;&nbsp;&nbsp;&nbsp;&nbsp;&nbsp;&nbsp;&nbsp;&nbsp;&nbsp;&nbsp;&nbsp; 17h&nbsp;: bapt\u00eames de Gabriel et de Rafa\u00ebl (Les Riffauds) &nbsp;&nbsp;&nbsp;&nbsp;&nbsp;&nbsp;&nbsp;&nbsp;&nbsp;&nbsp;&nbsp;&nbsp;&nbsp;&nbsp;&nbsp;&nbsp;&nbsp;&nbsp;&nbsp;&nbsp;&nbsp;&nbsp;&nbsp;&nbsp;&nbsp;&nbsp;&nbsp;&nbsp;&nbsp;&nbsp;&nbsp; 18h&nbsp;: messe \u00e0 la chapelle des Riffauds Dimanche 10 mai 10h30&nbsp;: messe \u00e0 Magnac [&hellip;]","og_url":"https:\/\/charente.catholique.fr\/grand-angouleme\/actualites\/feuille-dannonces-mai-2026\/","og_site_name":"Doyenn\u00e9 Grand Angoul\u00eame","article_publisher":"https:\/\/www.facebook.com\/EgliseCatholiqueCharente","article_published_time":"2026-04-28T19:06:41+00:00","article_modified_time":"2026-04-28T19:06:42+00:00","og_image":[{"width":1834,"height":1387,"url":"https:\/\/charente.catholique.fr\/grand-angouleme\/wp-content\/uploads\/sites\/2\/2026\/04\/scan20260421.jpg","type":"image\/jpeg"}],"author":"Yolande Lallemand","twitter_card":"summary_large_image","twitter_creator":"@diocesecharente","twitter_site":"@diocesecharente","twitter_misc":{"\u00c9crit par":"Yolande Lallemand","Dur\u00e9e de lecture estim\u00e9e":"2 minutes"},"schema":{"@context":"https:\/\/schema.org","@graph":[{"@type":"Article","@id":"https:\/\/charente.catholique.fr\/grand-angouleme\/actualites\/feuille-dannonces-mai-2026\/#article","isPartOf":{"@id":"https:\/\/charente.catholique.fr\/grand-angouleme\/actualites\/feuille-dannonces-mai-2026\/"},"author":{"name":"Yolande Lallemand","@id":"https:\/\/charente.catholique.fr\/grand-angouleme\/#\/schema\/person\/f47795cb7efbd537deea624c9ff372d5"},"headline":"Feuille d\u2019annonces : mai 2026","datePublished":"2026-04-28T19:06:41+00:00","dateModified":"2026-04-28T19:06:42+00:00","mainEntityOfPage":{"@id":"https:\/\/charente.catholique.fr\/grand-angouleme\/actualites\/feuille-dannonces-mai-2026\/"},"wordCount":771,"commentCount":0,"publisher":{"@id":"https:\/\/charente.catholique.fr\/grand-angouleme\/#organization"},"image":{"@id":"https:\/\/charente.catholique.fr\/grand-angouleme\/actualites\/feuille-dannonces-mai-2026\/#primaryimage"},"thumbnailUrl":"https:\/\/charente.catholique.fr\/grand-angouleme\/wp-content\/uploads\/sites\/2\/2026\/04\/scan20260421.jpg","articleSection":["Actualit\u00e9s","Notre Dame des Sources"],"inLanguage":"fr-FR","potentialAction":[{"@type":"CommentAction","name":"Comment","target":["https:\/\/charente.catholique.fr\/grand-angouleme\/actualites\/feuille-dannonces-mai-2026\/#respond"]}]},{"@type":"WebPage","@id":"https:\/\/charente.catholique.fr\/grand-angouleme\/actualites\/feuille-dannonces-mai-2026\/","url":"https:\/\/charente.catholique.fr\/grand-angouleme\/actualites\/feuille-dannonces-mai-2026\/","name":"Feuille d\u2019annonces : mai 2026 - Doyenn\u00e9 Grand Angoul\u00eame","isPartOf":{"@id":"https:\/\/charente.catholique.fr\/grand-angouleme\/#website"},"primaryImageOfPage":{"@id":"https:\/\/charente.catholique.fr\/grand-angouleme\/actualites\/feuille-dannonces-mai-2026\/#primaryimage"},"image":{"@id":"https:\/\/charente.catholique.fr\/grand-angouleme\/actualites\/feuille-dannonces-mai-2026\/#primaryimage"},"thumbnailUrl":"https:\/\/charente.catholique.fr\/grand-angouleme\/wp-content\/uploads\/sites\/2\/2026\/04\/scan20260421.jpg","datePublished":"2026-04-28T19:06:41+00:00","dateModified":"2026-04-28T19:06:42+00:00","breadcrumb":{"@id":"https:\/\/charente.catholique.fr\/grand-angouleme\/actualites\/feuille-dannonces-mai-2026\/#breadcrumb"},"inLanguage":"fr-FR","potentialAction":[{"@type":"ReadAction","target":["https:\/\/charente.catholique.fr\/grand-angouleme\/actualites\/feuille-dannonces-mai-2026\/"]}]},{"@type":"ImageObject","inLanguage":"fr-FR","@id":"https:\/\/charente.catholique.fr\/grand-angouleme\/actualites\/feuille-dannonces-mai-2026\/#primaryimage","url":"https:\/\/charente.catholique.fr\/grand-angouleme\/wp-content\/uploads\/sites\/2\/2026\/04\/scan20260421.jpg","contentUrl":"https:\/\/charente.catholique.fr\/grand-angouleme\/wp-content\/uploads\/sites\/2\/2026\/04\/scan20260421.jpg","width":1834,"height":1387},{"@type":"BreadcrumbList","@id":"https:\/\/charente.catholique.fr\/grand-angouleme\/actualites\/feuille-dannonces-mai-2026\/#breadcrumb","itemListElement":[{"@type":"ListItem","position":1,"name":"Accueil","item":"https:\/\/charente.catholique.fr\/grand-angouleme\/"},{"@type":"ListItem","position":2,"name":"Feuille d\u2019annonces : mai 2026"}]},{"@type":"WebSite","@id":"https:\/\/charente.catholique.fr\/grand-angouleme\/#website","url":"https:\/\/charente.catholique.fr\/grand-angouleme\/","name":"Doyenn\u00e9 Grand Angoul\u00eame - Dioc\u00e8se d'Angoul\u00eame","description":"Dioc\u00e8se d&#039;Angoul\u00eame","publisher":{"@id":"https:\/\/charente.catholique.fr\/grand-angouleme\/#organization"},"potentialAction":[{"@type":"SearchAction","target":{"@type":"EntryPoint","urlTemplate":"https:\/\/charente.catholique.fr\/grand-angouleme\/?s={search_term_string}"},"query-input":{"@type":"PropertyValueSpecification","valueRequired":true,"valueName":"search_term_string"}}],"inLanguage":"fr-FR"},{"@type":"Organization","@id":"https:\/\/charente.catholique.fr\/grand-angouleme\/#organization","name":"Association Dioc\u00e9saine d'Angoul\u00eame","url":"https:\/\/charente.catholique.fr\/grand-angouleme\/","logo":{"@type":"ImageObject","inLanguage":"fr-FR","@id":"https:\/\/charente.catholique.fr\/grand-angouleme\/#\/schema\/logo\/image\/","url":"https:\/\/charente.catholique.fr\/grand-angouleme\/wp-content\/uploads\/sites\/2\/2020\/10\/logos.png","contentUrl":"https:\/\/charente.catholique.fr\/grand-angouleme\/wp-content\/uploads\/sites\/2\/2020\/10\/logos.png","width":600,"height":257,"caption":"Association Dioc\u00e9saine d'Angoul\u00eame"},"image":{"@id":"https:\/\/charente.catholique.fr\/grand-angouleme\/#\/schema\/logo\/image\/"},"sameAs":["https:\/\/www.facebook.com\/EgliseCatholiqueCharente","https:\/\/x.com\/diocesecharente","https:\/\/www.instagram.com\/eglisecharente","https:\/\/www.youtube.com\/channel\/UCByyFWApZbw3gDTiADoiAaQ"]},{"@type":"Person","@id":"https:\/\/charente.catholique.fr\/grand-angouleme\/#\/schema\/person\/f47795cb7efbd537deea624c9ff372d5","name":"Yolande Lallemand","image":{"@type":"ImageObject","inLanguage":"fr-FR","@id":"https:\/\/charente.catholique.fr\/grand-angouleme\/#\/schema\/person\/image\/","url":"https:\/\/secure.gravatar.com\/avatar\/b5430949ac2d70ed67fb7aab0981e95c9dc9b76f2593de091ab69d1eb540a1b5?s=96&d=mm&r=g","contentUrl":"https:\/\/secure.gravatar.com\/avatar\/b5430949ac2d70ed67fb7aab0981e95c9dc9b76f2593de091ab69d1eb540a1b5?s=96&d=mm&r=g","caption":"Yolande Lallemand"},"url":"https:\/\/charente.catholique.fr\/grand-angouleme\/author\/yolandelallemand\/"}]}},"_links":{"self":[{"href":"https:\/\/charente.catholique.fr\/grand-angouleme\/wp-json\/wp\/v2\/posts\/30987","targetHints":{"allow":["GET"]}}],"collection":[{"href":"https:\/\/charente.catholique.fr\/grand-angouleme\/wp-json\/wp\/v2\/posts"}],"about":[{"href":"https:\/\/charente.catholique.fr\/grand-angouleme\/wp-json\/wp\/v2\/types\/post"}],"author":[{"embeddable":true,"href":"https:\/\/charente.catholique.fr\/grand-angouleme\/wp-json\/wp\/v2\/users\/27"}],"replies":[{"embeddable":true,"href":"https:\/\/charente.catholique.fr\/grand-angouleme\/wp-json\/wp\/v2\/comments?post=30987"}],"version-history":[{"count":1,"href":"https:\/\/charente.catholique.fr\/grand-angouleme\/wp-json\/wp\/v2\/posts\/30987\/revisions"}],"predecessor-version":[{"id":30990,"href":"https:\/\/charente.catholique.fr\/grand-angouleme\/wp-json\/wp\/v2\/posts\/30987\/revisions\/30990"}],"wp:featuredmedia":[{"embeddable":true,"href":"https:\/\/charente.catholique.fr\/grand-angouleme\/wp-json\/wp\/v2\/media\/30989"}],"wp:attachment":[{"href":"https:\/\/charente.catholique.fr\/grand-angouleme\/wp-json\/wp\/v2\/media?parent=30987"}],"wp:term":[{"taxonomy":"category","embeddable":true,"href":"https:\/\/charente.catholique.fr\/grand-angouleme\/wp-json\/wp\/v2\/categories?post=30987"},{"taxonomy":"post_tag","embeddable":true,"href":"https:\/\/charente.catholique.fr\/grand-angouleme\/wp-json\/wp\/v2\/tags?post=30987"}],"curies":[{"name":"wp","href":"https:\/\/api.w.org\/{rel}","templated":true}]}}