{"id":30541,"date":"2026-03-23T18:06:20","date_gmt":"2026-03-23T17:06:20","guid":{"rendered":"https:\/\/charente.catholique.fr\/grand-angouleme\/?p=30541"},"modified":"2026-03-23T18:10:47","modified_gmt":"2026-03-23T17:10:47","slug":"echo-de-lequipe-pastorale-paroissiale-03-26","status":"publish","type":"post","link":"https:\/\/charente.catholique.fr\/grand-angouleme\/actualites\/echo-de-lequipe-pastorale-paroissiale-03-26\/","title":{"rendered":"Echo de l&#8217;Equipe Pastorale Paroissiale &#8211; 03\/26"},"content":{"rendered":"\n<p>La rencontre \u00e0 d\u00e9marrer par un temps de m\u00e9ditation sur l&#8217;\u00e9vangile du jour et de pri\u00e8re.<\/p>\n\n\n\n<h5 class=\"wp-block-heading\">\ud83d\udcddPr\u00e9paration des assembl\u00e9es Paroissiales<\/h5>\n\n\n\n<p>La r\u00e9union de liturgie a d\u00e9fini un axe&nbsp;: \u00ab&nbsp;ensemble pour tous les quartiers&nbsp;\u00bb&nbsp;: caf\u00e9s d\u2019\u00e9t\u00e9, tables partag\u00e9es&#8230; Ce sera donc le th\u00e8me retenu pour l\u2019assembl\u00e9e paroissiale 2026.<\/p>\n\n\n\n<h5 class=\"wp-block-heading\">\ud83d\udcddPr\u00e9paration et r\u00e9flexion \u00e0 propos du renouvellement des trois membres de l&#8217;EPP<\/h5>\n\n\n\n<p>Nous allons essayer de faire des points de parcours et de nous int\u00e9resser \u00e0 toutes les personnes qui seront nomm\u00e9es.<\/p>\n\n\n\n<h5 class=\"wp-block-heading\">\ud83d\udcddNotre d\u00e9pliant<\/h5>\n\n\n\n<p>Le d\u00e9pliant pr\u00e9sentant la paroisse aux nouveaux arrivants est presque termin\u00e9. A finaliser \u00e0 la prochaine r\u00e9union d\u2019EPP.<\/p>\n\n\n\n<h5 class=\"wp-block-heading\">\ud83d\udcddRetour sur la formation paroissiale sur le Deuil<\/h5>\n\n\n\n<p>La formation \u00e9tait int\u00e9ressante mais longue. Organisation \u00e0 rediscuter avec l\u2019organisateur.<\/p>\n\n\n\n<h5 class=\"wp-block-heading\">\ud83d\udcddAvancement de l&#8217;organisation de la sortie de quartier.<\/h5>\n\n\n\n<p>Magnifique affiche de B\u00e9atrice Saint-P\u00e9. Quelques d\u00e9tails sont \u00e0 corriger et la r\u00e9servation des bus est \u00e0 terminer.<\/p>\n\n\n\n<h5 class=\"wp-block-heading\">\ud83d\udcddQuestions diverses&nbsp;<\/h5>\n\n\n\n<ul class=\"wp-block-list\">\n<li>Entretien de nos \u00c9glises :<br>Le nettoyage est de plus en plus compliqu\u00e9 pour nos paroissiens qui le r\u00e9alisent. Un service de nettoyage global est envisag\u00e9.<br><\/li>\n\n\n\n<li>Messe de rentr\u00e9e :<br>\n<ul class=\"wp-block-list\">\n<li>Messe de rentr\u00e9e paroissiale le&nbsp;<strong>dimanche 13 septembre \u00e0 Saint Pierre Auma\u00eetre avec l\u2019envoi des nouveaux membres de l\u2019EPP <\/strong>et (donc pas de messe \u00e0 Puymoyen le samedi 12 septembre)<\/li>\n\n\n\n<li>Messe de rentr\u00e9e du&nbsp;doyenn\u00e9 serait <strong>le dimanche 4 octobre \u00e0 la Cath\u00e9drale \u00e0 11 heures puis repas partag\u00e9 \u00e0 St Paul.&nbsp;<\/strong> A confirmer<\/li>\n<\/ul>\n<\/li>\n<\/ul>\n\n\n\n<p class=\"has-text-align-center has-blush-bordeaux-gradient-background has-background\">\ud83d\udcc6 <strong>La prochaine EPP aura lieu<\/strong> <strong>le jeudi 23 avril \u00e0 19h15 \u00e0 Ma Campagne<\/strong><\/p>\n\n\n\n<p><\/p>\n","protected":false},"excerpt":{"rendered":"<p>La rencontre \u00e0 d\u00e9marrer par un temps de m\u00e9ditation sur l&#8217;\u00e9vangile du jour et de pri\u00e8re. \ud83d\udcddPr\u00e9paration des assembl\u00e9es Paroissiales La r\u00e9union de liturgie a d\u00e9fini un axe&nbsp;: \u00ab&nbsp;ensemble pour tous les quartiers&nbsp;\u00bb&nbsp;: caf\u00e9s d\u2019\u00e9t\u00e9, tables partag\u00e9es&#8230; Ce sera donc le th\u00e8me retenu pour l\u2019assembl\u00e9e paroissiale 2026. \ud83d\udcddPr\u00e9paration et r\u00e9flexion \u00e0 propos du renouvellement des [&hellip;]<\/p>\n","protected":false},"author":5,"featured_media":30001,"comment_status":"open","ping_status":"open","sticky":false,"template":"","format":"standard","meta":{"_acf_changed":false,"paroisse":["8","8"],"service":["0"],"footnotes":""},"categories":[1],"tags":[],"class_list":["post-30541","post","type-post","status-publish","format-standard","has-post-thumbnail","hentry","category-actualites"],"acf":[],"yoast_head":"<!-- This site is optimized with the Yoast SEO plugin v27.1.1 - https:\/\/yoast.com\/product\/yoast-seo-wordpress\/ -->\n<title>Echo de l&#039;Equipe Pastorale Paroissiale - 03\/26 - Doyenn\u00e9 Grand Angoul\u00eame<\/title>\n<meta name=\"robots\" content=\"index, follow, max-snippet:-1, max-image-preview:large, max-video-preview:-1\" \/>\n<link rel=\"canonical\" href=\"https:\/\/charente.catholique.fr\/grand-angouleme\/actualites\/echo-de-lequipe-pastorale-paroissiale-03-26\/\" \/>\n<meta property=\"og:locale\" content=\"fr_FR\" \/>\n<meta property=\"og:type\" content=\"article\" \/>\n<meta property=\"og:title\" content=\"Echo de l&#039;Equipe Pastorale Paroissiale - 03\/26 - Doyenn\u00e9 Grand Angoul\u00eame\" \/>\n<meta property=\"og:description\" content=\"La rencontre \u00e0 d\u00e9marrer par un temps de m\u00e9ditation sur l&#8217;\u00e9vangile du jour et de pri\u00e8re. \ud83d\udcddPr\u00e9paration des assembl\u00e9es Paroissiales La r\u00e9union de liturgie a d\u00e9fini un axe&nbsp;: \u00ab&nbsp;ensemble pour tous les quartiers&nbsp;\u00bb&nbsp;: caf\u00e9s d\u2019\u00e9t\u00e9, tables partag\u00e9es&#8230; Ce sera donc le th\u00e8me retenu pour l\u2019assembl\u00e9e paroissiale 2026. \ud83d\udcddPr\u00e9paration et r\u00e9flexion \u00e0 propos du renouvellement des [&hellip;]\" \/>\n<meta property=\"og:url\" content=\"https:\/\/charente.catholique.fr\/grand-angouleme\/actualites\/echo-de-lequipe-pastorale-paroissiale-03-26\/\" \/>\n<meta property=\"og:site_name\" content=\"Doyenn\u00e9 Grand Angoul\u00eame\" \/>\n<meta property=\"article:publisher\" content=\"https:\/\/www.facebook.com\/EgliseCatholiqueCharente\" \/>\n<meta property=\"article:published_time\" content=\"2026-03-23T17:06:20+00:00\" \/>\n<meta property=\"article:modified_time\" content=\"2026-03-23T17:10:47+00:00\" \/>\n<meta property=\"og:image\" content=\"https:\/\/charente.catholique.fr\/grand-angouleme\/wp-content\/uploads\/sites\/2\/2026\/01\/ima_epp-joba.png\" \/>\n\t<meta property=\"og:image:width\" content=\"1200\" \/>\n\t<meta property=\"og:image:height\" content=\"630\" \/>\n\t<meta property=\"og:image:type\" content=\"image\/png\" \/>\n<meta name=\"author\" content=\"B\u00e9atrice Saint-P\u00e9\" \/>\n<meta name=\"twitter:card\" content=\"summary_large_image\" \/>\n<meta name=\"twitter:creator\" content=\"@diocesecharente\" \/>\n<meta name=\"twitter:site\" content=\"@diocesecharente\" \/>\n<meta name=\"twitter:label1\" content=\"\u00c9crit par\" \/>\n\t<meta name=\"twitter:data1\" content=\"B\u00e9atrice Saint-P\u00e9\" \/>\n\t<meta name=\"twitter:label2\" content=\"Dur\u00e9e de lecture estim\u00e9e\" \/>\n\t<meta name=\"twitter:data2\" content=\"2 minutes\" \/>\n<script type=\"application\/ld+json\" class=\"yoast-schema-graph\">{\"@context\":\"https:\/\/schema.org\",\"@graph\":[{\"@type\":\"Article\",\"@id\":\"https:\/\/charente.catholique.fr\/grand-angouleme\/actualites\/echo-de-lequipe-pastorale-paroissiale-03-26\/#article\",\"isPartOf\":{\"@id\":\"https:\/\/charente.catholique.fr\/grand-angouleme\/actualites\/echo-de-lequipe-pastorale-paroissiale-03-26\/\"},\"author\":{\"name\":\"B\u00e9atrice Saint-P\u00e9\",\"@id\":\"https:\/\/charente.catholique.fr\/grand-angouleme\/#\/schema\/person\/b12f449504ff2da4d633df0f02abf9ee\"},\"headline\":\"Echo de l&#8217;Equipe Pastorale Paroissiale &#8211; 03\/26\",\"datePublished\":\"2026-03-23T17:06:20+00:00\",\"dateModified\":\"2026-03-23T17:10:47+00:00\",\"mainEntityOfPage\":{\"@id\":\"https:\/\/charente.catholique.fr\/grand-angouleme\/actualites\/echo-de-lequipe-pastorale-paroissiale-03-26\/\"},\"wordCount\":275,\"commentCount\":0,\"publisher\":{\"@id\":\"https:\/\/charente.catholique.fr\/grand-angouleme\/#organization\"},\"image\":{\"@id\":\"https:\/\/charente.catholique.fr\/grand-angouleme\/actualites\/echo-de-lequipe-pastorale-paroissiale-03-26\/#primaryimage\"},\"thumbnailUrl\":\"https:\/\/charente.catholique.fr\/grand-angouleme\/wp-content\/uploads\/sites\/2\/2026\/01\/ima_epp-joba.png\",\"articleSection\":[\"Actualit\u00e9s\"],\"inLanguage\":\"fr-FR\",\"potentialAction\":[{\"@type\":\"CommentAction\",\"name\":\"Comment\",\"target\":[\"https:\/\/charente.catholique.fr\/grand-angouleme\/actualites\/echo-de-lequipe-pastorale-paroissiale-03-26\/#respond\"]}]},{\"@type\":\"WebPage\",\"@id\":\"https:\/\/charente.catholique.fr\/grand-angouleme\/actualites\/echo-de-lequipe-pastorale-paroissiale-03-26\/\",\"url\":\"https:\/\/charente.catholique.fr\/grand-angouleme\/actualites\/echo-de-lequipe-pastorale-paroissiale-03-26\/\",\"name\":\"Echo de l'Equipe Pastorale Paroissiale - 03\/26 - Doyenn\u00e9 Grand Angoul\u00eame\",\"isPartOf\":{\"@id\":\"https:\/\/charente.catholique.fr\/grand-angouleme\/#website\"},\"primaryImageOfPage\":{\"@id\":\"https:\/\/charente.catholique.fr\/grand-angouleme\/actualites\/echo-de-lequipe-pastorale-paroissiale-03-26\/#primaryimage\"},\"image\":{\"@id\":\"https:\/\/charente.catholique.fr\/grand-angouleme\/actualites\/echo-de-lequipe-pastorale-paroissiale-03-26\/#primaryimage\"},\"thumbnailUrl\":\"https:\/\/charente.catholique.fr\/grand-angouleme\/wp-content\/uploads\/sites\/2\/2026\/01\/ima_epp-joba.png\",\"datePublished\":\"2026-03-23T17:06:20+00:00\",\"dateModified\":\"2026-03-23T17:10:47+00:00\",\"breadcrumb\":{\"@id\":\"https:\/\/charente.catholique.fr\/grand-angouleme\/actualites\/echo-de-lequipe-pastorale-paroissiale-03-26\/#breadcrumb\"},\"inLanguage\":\"fr-FR\",\"potentialAction\":[{\"@type\":\"ReadAction\",\"target\":[\"https:\/\/charente.catholique.fr\/grand-angouleme\/actualites\/echo-de-lequipe-pastorale-paroissiale-03-26\/\"]}]},{\"@type\":\"ImageObject\",\"inLanguage\":\"fr-FR\",\"@id\":\"https:\/\/charente.catholique.fr\/grand-angouleme\/actualites\/echo-de-lequipe-pastorale-paroissiale-03-26\/#primaryimage\",\"url\":\"https:\/\/charente.catholique.fr\/grand-angouleme\/wp-content\/uploads\/sites\/2\/2026\/01\/ima_epp-joba.png\",\"contentUrl\":\"https:\/\/charente.catholique.fr\/grand-angouleme\/wp-content\/uploads\/sites\/2\/2026\/01\/ima_epp-joba.png\",\"width\":1200,\"height\":630},{\"@type\":\"BreadcrumbList\",\"@id\":\"https:\/\/charente.catholique.fr\/grand-angouleme\/actualites\/echo-de-lequipe-pastorale-paroissiale-03-26\/#breadcrumb\",\"itemListElement\":[{\"@type\":\"ListItem\",\"position\":1,\"name\":\"Accueil\",\"item\":\"https:\/\/charente.catholique.fr\/grand-angouleme\/\"},{\"@type\":\"ListItem\",\"position\":2,\"name\":\"Echo de l&#8217;Equipe Pastorale Paroissiale &#8211; 03\/26\"}]},{\"@type\":\"WebSite\",\"@id\":\"https:\/\/charente.catholique.fr\/grand-angouleme\/#website\",\"url\":\"https:\/\/charente.catholique.fr\/grand-angouleme\/\",\"name\":\"Doyenn\u00e9 Grand Angoul\u00eame - Dioc\u00e8se d'Angoul\u00eame\",\"description\":\"Dioc\u00e8se d&#039;Angoul\u00eame\",\"publisher\":{\"@id\":\"https:\/\/charente.catholique.fr\/grand-angouleme\/#organization\"},\"potentialAction\":[{\"@type\":\"SearchAction\",\"target\":{\"@type\":\"EntryPoint\",\"urlTemplate\":\"https:\/\/charente.catholique.fr\/grand-angouleme\/?s={search_term_string}\"},\"query-input\":{\"@type\":\"PropertyValueSpecification\",\"valueRequired\":true,\"valueName\":\"search_term_string\"}}],\"inLanguage\":\"fr-FR\"},{\"@type\":\"Organization\",\"@id\":\"https:\/\/charente.catholique.fr\/grand-angouleme\/#organization\",\"name\":\"Association Dioc\u00e9saine d'Angoul\u00eame\",\"url\":\"https:\/\/charente.catholique.fr\/grand-angouleme\/\",\"logo\":{\"@type\":\"ImageObject\",\"inLanguage\":\"fr-FR\",\"@id\":\"https:\/\/charente.catholique.fr\/grand-angouleme\/#\/schema\/logo\/image\/\",\"url\":\"https:\/\/charente.catholique.fr\/grand-angouleme\/wp-content\/uploads\/sites\/2\/2020\/10\/logos.png\",\"contentUrl\":\"https:\/\/charente.catholique.fr\/grand-angouleme\/wp-content\/uploads\/sites\/2\/2020\/10\/logos.png\",\"width\":600,\"height\":257,\"caption\":\"Association Dioc\u00e9saine d'Angoul\u00eame\"},\"image\":{\"@id\":\"https:\/\/charente.catholique.fr\/grand-angouleme\/#\/schema\/logo\/image\/\"},\"sameAs\":[\"https:\/\/www.facebook.com\/EgliseCatholiqueCharente\",\"https:\/\/x.com\/diocesecharente\",\"https:\/\/www.instagram.com\/eglisecharente\",\"https:\/\/www.youtube.com\/channel\/UCByyFWApZbw3gDTiADoiAaQ\"]},{\"@type\":\"Person\",\"@id\":\"https:\/\/charente.catholique.fr\/grand-angouleme\/#\/schema\/person\/b12f449504ff2da4d633df0f02abf9ee\",\"name\":\"B\u00e9atrice Saint-P\u00e9\",\"image\":{\"@type\":\"ImageObject\",\"inLanguage\":\"fr-FR\",\"@id\":\"https:\/\/charente.catholique.fr\/grand-angouleme\/#\/schema\/person\/image\/\",\"url\":\"https:\/\/secure.gravatar.com\/avatar\/0493ed83685d630b019670a73a3a663bebc1c98f6ebcb0b57c8fd12fe86c0c3d?s=96&d=mm&r=g\",\"contentUrl\":\"https:\/\/secure.gravatar.com\/avatar\/0493ed83685d630b019670a73a3a663bebc1c98f6ebcb0b57c8fd12fe86c0c3d?s=96&d=mm&r=g\",\"caption\":\"B\u00e9atrice Saint-P\u00e9\"},\"url\":\"https:\/\/charente.catholique.fr\/grand-angouleme\/author\/beatricesaintpe\/\"}]}<\/script>\n<!-- \/ Yoast SEO plugin. -->","yoast_head_json":{"title":"Echo de l'Equipe Pastorale Paroissiale - 03\/26 - Doyenn\u00e9 Grand Angoul\u00eame","robots":{"index":"index","follow":"follow","max-snippet":"max-snippet:-1","max-image-preview":"max-image-preview:large","max-video-preview":"max-video-preview:-1"},"canonical":"https:\/\/charente.catholique.fr\/grand-angouleme\/actualites\/echo-de-lequipe-pastorale-paroissiale-03-26\/","og_locale":"fr_FR","og_type":"article","og_title":"Echo de l'Equipe Pastorale Paroissiale - 03\/26 - Doyenn\u00e9 Grand Angoul\u00eame","og_description":"La rencontre \u00e0 d\u00e9marrer par un temps de m\u00e9ditation sur l&#8217;\u00e9vangile du jour et de pri\u00e8re. \ud83d\udcddPr\u00e9paration des assembl\u00e9es Paroissiales La r\u00e9union de liturgie a d\u00e9fini un axe&nbsp;: \u00ab&nbsp;ensemble pour tous les quartiers&nbsp;\u00bb&nbsp;: caf\u00e9s d\u2019\u00e9t\u00e9, tables partag\u00e9es&#8230; Ce sera donc le th\u00e8me retenu pour l\u2019assembl\u00e9e paroissiale 2026. \ud83d\udcddPr\u00e9paration et r\u00e9flexion \u00e0 propos du renouvellement des [&hellip;]","og_url":"https:\/\/charente.catholique.fr\/grand-angouleme\/actualites\/echo-de-lequipe-pastorale-paroissiale-03-26\/","og_site_name":"Doyenn\u00e9 Grand Angoul\u00eame","article_publisher":"https:\/\/www.facebook.com\/EgliseCatholiqueCharente","article_published_time":"2026-03-23T17:06:20+00:00","article_modified_time":"2026-03-23T17:10:47+00:00","og_image":[{"width":1200,"height":630,"url":"https:\/\/charente.catholique.fr\/grand-angouleme\/wp-content\/uploads\/sites\/2\/2026\/01\/ima_epp-joba.png","type":"image\/png"}],"author":"B\u00e9atrice Saint-P\u00e9","twitter_card":"summary_large_image","twitter_creator":"@diocesecharente","twitter_site":"@diocesecharente","twitter_misc":{"\u00c9crit par":"B\u00e9atrice Saint-P\u00e9","Dur\u00e9e de lecture estim\u00e9e":"2 minutes"},"schema":{"@context":"https:\/\/schema.org","@graph":[{"@type":"Article","@id":"https:\/\/charente.catholique.fr\/grand-angouleme\/actualites\/echo-de-lequipe-pastorale-paroissiale-03-26\/#article","isPartOf":{"@id":"https:\/\/charente.catholique.fr\/grand-angouleme\/actualites\/echo-de-lequipe-pastorale-paroissiale-03-26\/"},"author":{"name":"B\u00e9atrice Saint-P\u00e9","@id":"https:\/\/charente.catholique.fr\/grand-angouleme\/#\/schema\/person\/b12f449504ff2da4d633df0f02abf9ee"},"headline":"Echo de l&#8217;Equipe Pastorale Paroissiale &#8211; 03\/26","datePublished":"2026-03-23T17:06:20+00:00","dateModified":"2026-03-23T17:10:47+00:00","mainEntityOfPage":{"@id":"https:\/\/charente.catholique.fr\/grand-angouleme\/actualites\/echo-de-lequipe-pastorale-paroissiale-03-26\/"},"wordCount":275,"commentCount":0,"publisher":{"@id":"https:\/\/charente.catholique.fr\/grand-angouleme\/#organization"},"image":{"@id":"https:\/\/charente.catholique.fr\/grand-angouleme\/actualites\/echo-de-lequipe-pastorale-paroissiale-03-26\/#primaryimage"},"thumbnailUrl":"https:\/\/charente.catholique.fr\/grand-angouleme\/wp-content\/uploads\/sites\/2\/2026\/01\/ima_epp-joba.png","articleSection":["Actualit\u00e9s"],"inLanguage":"fr-FR","potentialAction":[{"@type":"CommentAction","name":"Comment","target":["https:\/\/charente.catholique.fr\/grand-angouleme\/actualites\/echo-de-lequipe-pastorale-paroissiale-03-26\/#respond"]}]},{"@type":"WebPage","@id":"https:\/\/charente.catholique.fr\/grand-angouleme\/actualites\/echo-de-lequipe-pastorale-paroissiale-03-26\/","url":"https:\/\/charente.catholique.fr\/grand-angouleme\/actualites\/echo-de-lequipe-pastorale-paroissiale-03-26\/","name":"Echo de l'Equipe Pastorale Paroissiale - 03\/26 - Doyenn\u00e9 Grand Angoul\u00eame","isPartOf":{"@id":"https:\/\/charente.catholique.fr\/grand-angouleme\/#website"},"primaryImageOfPage":{"@id":"https:\/\/charente.catholique.fr\/grand-angouleme\/actualites\/echo-de-lequipe-pastorale-paroissiale-03-26\/#primaryimage"},"image":{"@id":"https:\/\/charente.catholique.fr\/grand-angouleme\/actualites\/echo-de-lequipe-pastorale-paroissiale-03-26\/#primaryimage"},"thumbnailUrl":"https:\/\/charente.catholique.fr\/grand-angouleme\/wp-content\/uploads\/sites\/2\/2026\/01\/ima_epp-joba.png","datePublished":"2026-03-23T17:06:20+00:00","dateModified":"2026-03-23T17:10:47+00:00","breadcrumb":{"@id":"https:\/\/charente.catholique.fr\/grand-angouleme\/actualites\/echo-de-lequipe-pastorale-paroissiale-03-26\/#breadcrumb"},"inLanguage":"fr-FR","potentialAction":[{"@type":"ReadAction","target":["https:\/\/charente.catholique.fr\/grand-angouleme\/actualites\/echo-de-lequipe-pastorale-paroissiale-03-26\/"]}]},{"@type":"ImageObject","inLanguage":"fr-FR","@id":"https:\/\/charente.catholique.fr\/grand-angouleme\/actualites\/echo-de-lequipe-pastorale-paroissiale-03-26\/#primaryimage","url":"https:\/\/charente.catholique.fr\/grand-angouleme\/wp-content\/uploads\/sites\/2\/2026\/01\/ima_epp-joba.png","contentUrl":"https:\/\/charente.catholique.fr\/grand-angouleme\/wp-content\/uploads\/sites\/2\/2026\/01\/ima_epp-joba.png","width":1200,"height":630},{"@type":"BreadcrumbList","@id":"https:\/\/charente.catholique.fr\/grand-angouleme\/actualites\/echo-de-lequipe-pastorale-paroissiale-03-26\/#breadcrumb","itemListElement":[{"@type":"ListItem","position":1,"name":"Accueil","item":"https:\/\/charente.catholique.fr\/grand-angouleme\/"},{"@type":"ListItem","position":2,"name":"Echo de l&#8217;Equipe Pastorale Paroissiale &#8211; 03\/26"}]},{"@type":"WebSite","@id":"https:\/\/charente.catholique.fr\/grand-angouleme\/#website","url":"https:\/\/charente.catholique.fr\/grand-angouleme\/","name":"Doyenn\u00e9 Grand Angoul\u00eame - Dioc\u00e8se d'Angoul\u00eame","description":"Dioc\u00e8se d&#039;Angoul\u00eame","publisher":{"@id":"https:\/\/charente.catholique.fr\/grand-angouleme\/#organization"},"potentialAction":[{"@type":"SearchAction","target":{"@type":"EntryPoint","urlTemplate":"https:\/\/charente.catholique.fr\/grand-angouleme\/?s={search_term_string}"},"query-input":{"@type":"PropertyValueSpecification","valueRequired":true,"valueName":"search_term_string"}}],"inLanguage":"fr-FR"},{"@type":"Organization","@id":"https:\/\/charente.catholique.fr\/grand-angouleme\/#organization","name":"Association Dioc\u00e9saine d'Angoul\u00eame","url":"https:\/\/charente.catholique.fr\/grand-angouleme\/","logo":{"@type":"ImageObject","inLanguage":"fr-FR","@id":"https:\/\/charente.catholique.fr\/grand-angouleme\/#\/schema\/logo\/image\/","url":"https:\/\/charente.catholique.fr\/grand-angouleme\/wp-content\/uploads\/sites\/2\/2020\/10\/logos.png","contentUrl":"https:\/\/charente.catholique.fr\/grand-angouleme\/wp-content\/uploads\/sites\/2\/2020\/10\/logos.png","width":600,"height":257,"caption":"Association Dioc\u00e9saine d'Angoul\u00eame"},"image":{"@id":"https:\/\/charente.catholique.fr\/grand-angouleme\/#\/schema\/logo\/image\/"},"sameAs":["https:\/\/www.facebook.com\/EgliseCatholiqueCharente","https:\/\/x.com\/diocesecharente","https:\/\/www.instagram.com\/eglisecharente","https:\/\/www.youtube.com\/channel\/UCByyFWApZbw3gDTiADoiAaQ"]},{"@type":"Person","@id":"https:\/\/charente.catholique.fr\/grand-angouleme\/#\/schema\/person\/b12f449504ff2da4d633df0f02abf9ee","name":"B\u00e9atrice Saint-P\u00e9","image":{"@type":"ImageObject","inLanguage":"fr-FR","@id":"https:\/\/charente.catholique.fr\/grand-angouleme\/#\/schema\/person\/image\/","url":"https:\/\/secure.gravatar.com\/avatar\/0493ed83685d630b019670a73a3a663bebc1c98f6ebcb0b57c8fd12fe86c0c3d?s=96&d=mm&r=g","contentUrl":"https:\/\/secure.gravatar.com\/avatar\/0493ed83685d630b019670a73a3a663bebc1c98f6ebcb0b57c8fd12fe86c0c3d?s=96&d=mm&r=g","caption":"B\u00e9atrice Saint-P\u00e9"},"url":"https:\/\/charente.catholique.fr\/grand-angouleme\/author\/beatricesaintpe\/"}]}},"_links":{"self":[{"href":"https:\/\/charente.catholique.fr\/grand-angouleme\/wp-json\/wp\/v2\/posts\/30541","targetHints":{"allow":["GET"]}}],"collection":[{"href":"https:\/\/charente.catholique.fr\/grand-angouleme\/wp-json\/wp\/v2\/posts"}],"about":[{"href":"https:\/\/charente.catholique.fr\/grand-angouleme\/wp-json\/wp\/v2\/types\/post"}],"author":[{"embeddable":true,"href":"https:\/\/charente.catholique.fr\/grand-angouleme\/wp-json\/wp\/v2\/users\/5"}],"replies":[{"embeddable":true,"href":"https:\/\/charente.catholique.fr\/grand-angouleme\/wp-json\/wp\/v2\/comments?post=30541"}],"version-history":[{"count":3,"href":"https:\/\/charente.catholique.fr\/grand-angouleme\/wp-json\/wp\/v2\/posts\/30541\/revisions"}],"predecessor-version":[{"id":30544,"href":"https:\/\/charente.catholique.fr\/grand-angouleme\/wp-json\/wp\/v2\/posts\/30541\/revisions\/30544"}],"wp:featuredmedia":[{"embeddable":true,"href":"https:\/\/charente.catholique.fr\/grand-angouleme\/wp-json\/wp\/v2\/media\/30001"}],"wp:attachment":[{"href":"https:\/\/charente.catholique.fr\/grand-angouleme\/wp-json\/wp\/v2\/media?parent=30541"}],"wp:term":[{"taxonomy":"category","embeddable":true,"href":"https:\/\/charente.catholique.fr\/grand-angouleme\/wp-json\/wp\/v2\/categories?post=30541"},{"taxonomy":"post_tag","embeddable":true,"href":"https:\/\/charente.catholique.fr\/grand-angouleme\/wp-json\/wp\/v2\/tags?post=30541"}],"curies":[{"name":"wp","href":"https:\/\/api.w.org\/{rel}","templated":true}]}}