{"id":30475,"date":"2026-03-09T13:32:01","date_gmt":"2026-03-09T12:32:01","guid":{"rendered":"https:\/\/charente.catholique.fr\/grand-angouleme\/?p=30475"},"modified":"2026-03-09T14:29:26","modified_gmt":"2026-03-09T13:29:26","slug":"messe-du-3eme-dimanche-de-careme-annee-a","status":"publish","type":"post","link":"https:\/\/charente.catholique.fr\/grand-angouleme\/actualites\/messe-du-3eme-dimanche-de-careme-annee-a\/","title":{"rendered":"Messe du 3\u00e8me dimanche de Car\u00eame  Ann\u00e9e  A"},"content":{"rendered":"\n<h5 class=\"wp-block-heading\">Accueil<\/h5>\n\n\n\n<p>En ce 3\u00e8me dimanche de Car\u00eame, nous voici avec la Samaritaine, dans une ville nomm\u00e9e Sykar qui signifie ivresse, aupr\u00e8s de J\u00e9sus, au puits de Jacob, pour l&#8217;entendre nous dire : &#8220;J&#8217;AI SOIF !&#8221;, plus exactement &#8220;DONNE MOI A BOIRE&#8221;.<br>Fatigu\u00e9s nous aussi par la route, allons-nous d\u00e9poser nos fardeaux, prendrons nous le temps d&#8217;\u00e9couter J\u00e9sus ? Il nous parle du don de Dieu, du P\u00e8re c\u00e9leste, de l&#8217;eau vive, cette source jaillissante qui d\u00e9salt\u00e8re et gu\u00e9rit nos s\u00e9cheresses.<br>J\u00e9sus assoiff\u00e9, Messie et Christ, viens nous rencontrer et creuse en nous une v\u00e9ritable attente que tu puisses remplir de ta Pr\u00e9sence, de tes sacrements.<br>Donne-nous cette foi de la Samaritaine qui \u00e9merge, fait confiance et se r\u00e9pand.<\/p>\n\n\n\n<p>Emmanuel, Francia, Renaud la communaut\u00e9 vous souhaite une bonne semaine apr\u00e8s cette premi\u00e8re \u00e9tape sur le chemin de P\u00e2ques.<br>Il y en aura d&#8217;autres \u00e9tapes apr\u00e8s votre bapt\u00eame car celui ci n&#8217;est pas une fin mais plut\u00f4t un bon et beau d\u00e9but de compagnonnage avec le Christ et sachez compter sur nos deux communaut\u00e9s que forme notre paroisse ste Jos\u00e9phine Bakhita pour vous encourager \u00e0 progresser et \u00e0 t\u00e9moigner de l&#8217;amour du Christ.<\/p>\n\n\n\n<h5 class=\"wp-block-heading\"><a href=\"https:\/\/www.aelf.org\/2026-03-08\/romain\/messe\" id=\"https:\/\/www.aelf.org\/2026-03-08\/romain\/messe\">Lectures du jour<\/a><\/h5>\n\n\n\n<h5 class=\"wp-block-heading\">Hom\u00e9lie du P\u00e8re Marc Prunier<\/h5>\n\n\n\n<p class=\"has-text-align-center\">SI TU SAVAIS LE DON DE DIEU !<br>Merveilleuse rencontre de J\u00e9sus avec la femme de Samarie !<br>Mais comment s\u2019appelle-t-elle cette femme qui vient au puits ?<br>Son nom, je pense, est Humanit\u00e9. Et Lui, J\u00e9sus, Il est l\u2019Amour.<br>Cette page d\u2019\u00c9vangile est la grande histoire, \u00f4 combien surprenante,<br>de la rencontre de l\u2019Amour avec la petite fille Humanit\u00e9.<\/p>\n\n\n\n<p class=\"has-text-align-center\">Cette histoire est donc une histoire actuelle, r\u00e9elle, qui nous concerne aujourd\u2019hui.<br>Et tout sp\u00e9cialement ici \u00e0 Ma Campagne, jour du premier scrutin.<br>La petite fille Humanit\u00e9, comme chaque jour, vient au puits chercher son eau.<\/p>\n\n\n\n<p class=\"has-text-align-center\">C\u2019est son service habituel, quotidien, banal, routinier,<\/p>\n\n\n\n<p class=\"has-text-align-center\">comme on dirait prendre le m\u00e9tro, aller au boulot, et s\u2019asseoir au bureau.<br>On la sent bien seule la petite fille Humanit\u00e9, assise au bord du puits.<br>Elle est l\u00e0 pour ramener l\u2019eau pour son village. Elle a ce qu&#8217;il faut pour puiser,<br>mais elle ne sait pas vraiment quelle autre soif lui br\u00fble le coeur,<br>quel besoin d&#8217;amour se creuse en elle, plus profond que ses blessures.<br>Et voici que passe Quelqu\u2019un, un Voyageur, en plein midi, avec sa fatigue et sa soif.<br>Il est Juif, ce qui n\u2019est pas bien vu en Samarie. Et il n\u2019a rien pour puiser.<br>La petite, fi\u00e8re Samaritaine, le regarde de haut. Qui es-tu, toi, pour me parler ?<br>Et Lui la regarde d\u2019en-bas. A la mani\u00e8re de l\u2019Amour. A la mani\u00e8re de Dieu.<\/p>\n\n\n\n<p class=\"has-text-align-center\">Quand on aime on ne regarde pas de haut !<\/p>\n\n\n\n<p class=\"has-text-align-center\">La petite fille Humanit\u00e9 pense toujours que Dieu est Tout-Puissant,<br>qu\u2019Il est un Dieu Dominant, lointain, ext\u00e9rieur \u00e0 nous, juge, toujours en embuscade.<br>Ce Dieu l\u00e0 est une menace pour l\u2019homme. C\u2019est une caricature insupportable.<br>Alors que Dieu est Amour. Et il n\u2019y a rien de plus fragile que l\u2019amour.<br>Et J\u00e9sus, assis pr\u00e8s de la femme, lui r\u00e9v\u00e8le ce Dieu-Amour, ce Dieu-Fragile :<br>\u201cDonne-Moi \u00e0 boire !\u201d lui dit-Il. Et nous entendons d\u00e9j\u00e0 le Crucifi\u00e9 : \u201cJ\u2019ai soif !\u201d<br>Alors tout bascule dans le coeur de la petite fille Humanit\u00e9, et dans notre coeur \u00e0 chacun.<br>Elle se croyait riche aupr\u00e8s de son puits, et elle d\u00e9couvre sa propre soif.<\/p>\n\n\n\n<p class=\"has-text-align-center\">Elle se laisse surprendre par cette rencontre de deux soifs, la sienne, et surtout celle de Dieu !<br>Alors nous pressentons la Pr\u00e9sence Lumineuse de l\u2019Amour au coeur de notre coeur !<\/p>\n\n\n\n<h5 class=\"wp-block-heading\">Pri\u00e8re universelle <\/h5>\n\n\n\n<ul class=\"wp-block-list\">\n<li>Dans le d\u00e9sert le Seigneur a confi\u00e9 \u00e0 Mo\u00efse la t\u00e2che de donner \u00e0 boire \u00e0 son peuple. Dans ceux qui souffrent de chercher en vain un sens \u00e0 leur vie ou s\u2019abreuvent \u00e0 des sources qui n\u2019apaisent pas leur soif , tu demandes \u00e0 ton Eglise de te donner \u00e0 boire, Seigneur\u2026  <br>Donne lui l\u2019eau vive qui communique ton amour, <br><strong>Nous t\u2019en prions.&nbsp;<\/strong><\/li>\n<\/ul>\n\n\n\n<ul class=\"wp-block-list\">\n<li>J\u00e9sus s\u2019est arr\u00eat\u00e9 pr\u00e8s du puits de Jacob car il \u00e9tait fatigu\u00e9 et assoiff\u00e9. Dans les pays appauvris et affam\u00e9s, dans les peuples victimes de la guerre et des pers\u00e9cutions, tout sp\u00e9cialement en Iran et dans les pays voisins, dans les assoiff\u00e9s de justice et de libert\u00e9, tu demandes aux hommes de bonne volont\u00e9 de te donner \u00e0 boire, Seigneur\u2026 <br>Donne \u00e0 tous l\u2019eau vive qui rend inventif l\u2019esprit de paix et de solidarit\u00e9, <br><strong>Nous t\u2019en prions.<\/strong><\/li>\n<\/ul>\n\n\n\n<ul class=\"wp-block-list\">\n<li>La Samaritaine s\u2019est laiss\u00e9e regarder par J\u00e9sus et elle a d\u00e9couvert en lui Dans nos fr\u00e8res sans amis et sans dignit\u00e9, dans les malades et les d\u00e9munis qui ont besoin de nous, tu nous demandes de te donner \u00e0 boire, seigneur\u2026 <br>Donne nous l\u2019eau vive qui soulage et renouvelle dans l\u2019esp\u00e9rance, <br><strong>Nous t\u2019en prions.&nbsp;<\/strong><\/li>\n<\/ul>\n\n\n\n<ul class=\"wp-block-list\">\n<li>J\u00e9sus ose transgresser les interdits en demandant de l\u2019aide \u00e0 une Samaritaine, une femme, dont le peuple \u00e9tait exclu des relations habituelles. <br>Dans&nbsp; les personnes que nous jugeons infr\u00e9quentables, dans celles dont nous ne partageons pas les id\u00e9es ou les choix de vie, tu nous demandes de te donner \u00e0 boire, Seigneur\u2026 <br>A notre communaut\u00e9 et aux cat\u00e9chum\u00e8nes, en ce premier scrutin, donne l\u2019eau vive qui m\u00e8ne \u00e0 la conversion du c\u0153ur, <br><strong>Nous t\u2019en prions<\/strong><\/li>\n<\/ul>\n\n\n\n<p><\/p>\n","protected":false},"excerpt":{"rendered":"<p>Accueil En ce 3\u00e8me dimanche de Car\u00eame, nous voici avec la Samaritaine, dans une ville nomm\u00e9e Sykar qui signifie ivresse, aupr\u00e8s de J\u00e9sus, au puits de Jacob, pour l&#8217;entendre nous dire : &#8220;J&#8217;AI SOIF !&#8221;, plus exactement &#8220;DONNE MOI A BOIRE&#8221;.Fatigu\u00e9s nous aussi par la route, allons-nous d\u00e9poser nos fardeaux, prendrons nous le temps d&#8217;\u00e9couter [&hellip;]<\/p>\n","protected":false},"author":22,"featured_media":30484,"comment_status":"open","ping_status":"open","sticky":false,"template":"","format":"standard","meta":{"_acf_changed":false,"paroisse":["8"],"service":["0"],"footnotes":""},"categories":[1],"tags":[],"class_list":["post-30475","post","type-post","status-publish","format-standard","has-post-thumbnail","hentry","category-actualites"],"acf":[],"yoast_head":"<!-- This site is optimized with the Yoast SEO plugin v27.1.1 - https:\/\/yoast.com\/product\/yoast-seo-wordpress\/ -->\n<title>Messe du 3\u00e8me dimanche de Car\u00eame Ann\u00e9e A - Doyenn\u00e9 Grand Angoul\u00eame<\/title>\n<meta name=\"robots\" content=\"index, follow, max-snippet:-1, max-image-preview:large, max-video-preview:-1\" \/>\n<link rel=\"canonical\" href=\"https:\/\/charente.catholique.fr\/grand-angouleme\/actualites\/messe-du-3eme-dimanche-de-careme-annee-a\/\" \/>\n<meta property=\"og:locale\" content=\"fr_FR\" \/>\n<meta property=\"og:type\" content=\"article\" \/>\n<meta property=\"og:title\" content=\"Messe du 3\u00e8me dimanche de Car\u00eame Ann\u00e9e A - Doyenn\u00e9 Grand Angoul\u00eame\" \/>\n<meta property=\"og:description\" content=\"Accueil En ce 3\u00e8me dimanche de Car\u00eame, nous voici avec la Samaritaine, dans une ville nomm\u00e9e Sykar qui signifie ivresse, aupr\u00e8s de J\u00e9sus, au puits de Jacob, pour l&#8217;entendre nous dire : &#8220;J&#8217;AI SOIF !&#8221;, plus exactement &#8220;DONNE MOI A BOIRE&#8221;.Fatigu\u00e9s nous aussi par la route, allons-nous d\u00e9poser nos fardeaux, prendrons nous le temps d&#8217;\u00e9couter [&hellip;]\" \/>\n<meta property=\"og:url\" content=\"https:\/\/charente.catholique.fr\/grand-angouleme\/actualites\/messe-du-3eme-dimanche-de-careme-annee-a\/\" \/>\n<meta property=\"og:site_name\" content=\"Doyenn\u00e9 Grand Angoul\u00eame\" \/>\n<meta property=\"article:publisher\" content=\"https:\/\/www.facebook.com\/EgliseCatholiqueCharente\" \/>\n<meta property=\"article:published_time\" content=\"2026-03-09T12:32:01+00:00\" \/>\n<meta property=\"article:modified_time\" content=\"2026-03-09T13:29:26+00:00\" \/>\n<meta property=\"og:image\" content=\"https:\/\/charente.catholique.fr\/grand-angouleme\/wp-content\/uploads\/sites\/2\/2026\/03\/la-samaritaine-1-2-scaled.jpg\" \/>\n\t<meta property=\"og:image:width\" content=\"2560\" \/>\n\t<meta property=\"og:image:height\" content=\"954\" \/>\n\t<meta property=\"og:image:type\" content=\"image\/jpeg\" \/>\n<meta name=\"author\" content=\"Janine Laborde\" \/>\n<meta name=\"twitter:card\" content=\"summary_large_image\" \/>\n<meta name=\"twitter:creator\" content=\"@diocesecharente\" \/>\n<meta name=\"twitter:site\" content=\"@diocesecharente\" \/>\n<meta name=\"twitter:label1\" content=\"\u00c9crit par\" \/>\n\t<meta name=\"twitter:data1\" content=\"Janine Laborde\" \/>\n\t<meta name=\"twitter:label2\" content=\"Dur\u00e9e de lecture estim\u00e9e\" \/>\n\t<meta name=\"twitter:data2\" content=\"5 minutes\" \/>\n<script type=\"application\/ld+json\" class=\"yoast-schema-graph\">{\"@context\":\"https:\/\/schema.org\",\"@graph\":[{\"@type\":\"Article\",\"@id\":\"https:\/\/charente.catholique.fr\/grand-angouleme\/actualites\/messe-du-3eme-dimanche-de-careme-annee-a\/#article\",\"isPartOf\":{\"@id\":\"https:\/\/charente.catholique.fr\/grand-angouleme\/actualites\/messe-du-3eme-dimanche-de-careme-annee-a\/\"},\"author\":{\"name\":\"Janine Laborde\",\"@id\":\"https:\/\/charente.catholique.fr\/grand-angouleme\/#\/schema\/person\/898f693d8a5f95b1bf02828f73967b47\"},\"headline\":\"Messe du 3\u00e8me dimanche de Car\u00eame Ann\u00e9e A\",\"datePublished\":\"2026-03-09T12:32:01+00:00\",\"dateModified\":\"2026-03-09T13:29:26+00:00\",\"mainEntityOfPage\":{\"@id\":\"https:\/\/charente.catholique.fr\/grand-angouleme\/actualites\/messe-du-3eme-dimanche-de-careme-annee-a\/\"},\"wordCount\":951,\"commentCount\":0,\"publisher\":{\"@id\":\"https:\/\/charente.catholique.fr\/grand-angouleme\/#organization\"},\"image\":{\"@id\":\"https:\/\/charente.catholique.fr\/grand-angouleme\/actualites\/messe-du-3eme-dimanche-de-careme-annee-a\/#primaryimage\"},\"thumbnailUrl\":\"https:\/\/charente.catholique.fr\/grand-angouleme\/wp-content\/uploads\/sites\/2\/2026\/03\/la-samaritaine-1-2-scaled.jpg\",\"articleSection\":[\"Actualit\u00e9s\"],\"inLanguage\":\"fr-FR\",\"potentialAction\":[{\"@type\":\"CommentAction\",\"name\":\"Comment\",\"target\":[\"https:\/\/charente.catholique.fr\/grand-angouleme\/actualites\/messe-du-3eme-dimanche-de-careme-annee-a\/#respond\"]}]},{\"@type\":\"WebPage\",\"@id\":\"https:\/\/charente.catholique.fr\/grand-angouleme\/actualites\/messe-du-3eme-dimanche-de-careme-annee-a\/\",\"url\":\"https:\/\/charente.catholique.fr\/grand-angouleme\/actualites\/messe-du-3eme-dimanche-de-careme-annee-a\/\",\"name\":\"Messe du 3\u00e8me dimanche de Car\u00eame Ann\u00e9e A - Doyenn\u00e9 Grand Angoul\u00eame\",\"isPartOf\":{\"@id\":\"https:\/\/charente.catholique.fr\/grand-angouleme\/#website\"},\"primaryImageOfPage\":{\"@id\":\"https:\/\/charente.catholique.fr\/grand-angouleme\/actualites\/messe-du-3eme-dimanche-de-careme-annee-a\/#primaryimage\"},\"image\":{\"@id\":\"https:\/\/charente.catholique.fr\/grand-angouleme\/actualites\/messe-du-3eme-dimanche-de-careme-annee-a\/#primaryimage\"},\"thumbnailUrl\":\"https:\/\/charente.catholique.fr\/grand-angouleme\/wp-content\/uploads\/sites\/2\/2026\/03\/la-samaritaine-1-2-scaled.jpg\",\"datePublished\":\"2026-03-09T12:32:01+00:00\",\"dateModified\":\"2026-03-09T13:29:26+00:00\",\"breadcrumb\":{\"@id\":\"https:\/\/charente.catholique.fr\/grand-angouleme\/actualites\/messe-du-3eme-dimanche-de-careme-annee-a\/#breadcrumb\"},\"inLanguage\":\"fr-FR\",\"potentialAction\":[{\"@type\":\"ReadAction\",\"target\":[\"https:\/\/charente.catholique.fr\/grand-angouleme\/actualites\/messe-du-3eme-dimanche-de-careme-annee-a\/\"]}]},{\"@type\":\"ImageObject\",\"inLanguage\":\"fr-FR\",\"@id\":\"https:\/\/charente.catholique.fr\/grand-angouleme\/actualites\/messe-du-3eme-dimanche-de-careme-annee-a\/#primaryimage\",\"url\":\"https:\/\/charente.catholique.fr\/grand-angouleme\/wp-content\/uploads\/sites\/2\/2026\/03\/la-samaritaine-1-2-scaled.jpg\",\"contentUrl\":\"https:\/\/charente.catholique.fr\/grand-angouleme\/wp-content\/uploads\/sites\/2\/2026\/03\/la-samaritaine-1-2-scaled.jpg\",\"width\":2560,\"height\":954},{\"@type\":\"BreadcrumbList\",\"@id\":\"https:\/\/charente.catholique.fr\/grand-angouleme\/actualites\/messe-du-3eme-dimanche-de-careme-annee-a\/#breadcrumb\",\"itemListElement\":[{\"@type\":\"ListItem\",\"position\":1,\"name\":\"Accueil\",\"item\":\"https:\/\/charente.catholique.fr\/grand-angouleme\/\"},{\"@type\":\"ListItem\",\"position\":2,\"name\":\"Messe du 3\u00e8me dimanche de Car\u00eame Ann\u00e9e A\"}]},{\"@type\":\"WebSite\",\"@id\":\"https:\/\/charente.catholique.fr\/grand-angouleme\/#website\",\"url\":\"https:\/\/charente.catholique.fr\/grand-angouleme\/\",\"name\":\"Doyenn\u00e9 Grand Angoul\u00eame - Dioc\u00e8se d'Angoul\u00eame\",\"description\":\"Dioc\u00e8se d&#039;Angoul\u00eame\",\"publisher\":{\"@id\":\"https:\/\/charente.catholique.fr\/grand-angouleme\/#organization\"},\"potentialAction\":[{\"@type\":\"SearchAction\",\"target\":{\"@type\":\"EntryPoint\",\"urlTemplate\":\"https:\/\/charente.catholique.fr\/grand-angouleme\/?s={search_term_string}\"},\"query-input\":{\"@type\":\"PropertyValueSpecification\",\"valueRequired\":true,\"valueName\":\"search_term_string\"}}],\"inLanguage\":\"fr-FR\"},{\"@type\":\"Organization\",\"@id\":\"https:\/\/charente.catholique.fr\/grand-angouleme\/#organization\",\"name\":\"Association Dioc\u00e9saine d'Angoul\u00eame\",\"url\":\"https:\/\/charente.catholique.fr\/grand-angouleme\/\",\"logo\":{\"@type\":\"ImageObject\",\"inLanguage\":\"fr-FR\",\"@id\":\"https:\/\/charente.catholique.fr\/grand-angouleme\/#\/schema\/logo\/image\/\",\"url\":\"https:\/\/charente.catholique.fr\/grand-angouleme\/wp-content\/uploads\/sites\/2\/2020\/10\/logos.png\",\"contentUrl\":\"https:\/\/charente.catholique.fr\/grand-angouleme\/wp-content\/uploads\/sites\/2\/2020\/10\/logos.png\",\"width\":600,\"height\":257,\"caption\":\"Association Dioc\u00e9saine d'Angoul\u00eame\"},\"image\":{\"@id\":\"https:\/\/charente.catholique.fr\/grand-angouleme\/#\/schema\/logo\/image\/\"},\"sameAs\":[\"https:\/\/www.facebook.com\/EgliseCatholiqueCharente\",\"https:\/\/x.com\/diocesecharente\",\"https:\/\/www.instagram.com\/eglisecharente\",\"https:\/\/www.youtube.com\/channel\/UCByyFWApZbw3gDTiADoiAaQ\"]},{\"@type\":\"Person\",\"@id\":\"https:\/\/charente.catholique.fr\/grand-angouleme\/#\/schema\/person\/898f693d8a5f95b1bf02828f73967b47\",\"name\":\"Janine Laborde\",\"image\":{\"@type\":\"ImageObject\",\"inLanguage\":\"fr-FR\",\"@id\":\"https:\/\/charente.catholique.fr\/grand-angouleme\/#\/schema\/person\/image\/\",\"url\":\"https:\/\/secure.gravatar.com\/avatar\/a8f3185ff2f6cee7d79c60e904004ccb6107bdc3e38d176acfc1ee42b62a994e?s=96&d=mm&r=g\",\"contentUrl\":\"https:\/\/secure.gravatar.com\/avatar\/a8f3185ff2f6cee7d79c60e904004ccb6107bdc3e38d176acfc1ee42b62a994e?s=96&d=mm&r=g\",\"caption\":\"Janine Laborde\"},\"url\":\"https:\/\/charente.catholique.fr\/grand-angouleme\/author\/janinelaborde\/\"}]}<\/script>\n<!-- \/ Yoast SEO plugin. -->","yoast_head_json":{"title":"Messe du 3\u00e8me dimanche de Car\u00eame Ann\u00e9e A - Doyenn\u00e9 Grand Angoul\u00eame","robots":{"index":"index","follow":"follow","max-snippet":"max-snippet:-1","max-image-preview":"max-image-preview:large","max-video-preview":"max-video-preview:-1"},"canonical":"https:\/\/charente.catholique.fr\/grand-angouleme\/actualites\/messe-du-3eme-dimanche-de-careme-annee-a\/","og_locale":"fr_FR","og_type":"article","og_title":"Messe du 3\u00e8me dimanche de Car\u00eame Ann\u00e9e A - Doyenn\u00e9 Grand Angoul\u00eame","og_description":"Accueil En ce 3\u00e8me dimanche de Car\u00eame, nous voici avec la Samaritaine, dans une ville nomm\u00e9e Sykar qui signifie ivresse, aupr\u00e8s de J\u00e9sus, au puits de Jacob, pour l&#8217;entendre nous dire : &#8220;J&#8217;AI SOIF !&#8221;, plus exactement &#8220;DONNE MOI A BOIRE&#8221;.Fatigu\u00e9s nous aussi par la route, allons-nous d\u00e9poser nos fardeaux, prendrons nous le temps d&#8217;\u00e9couter [&hellip;]","og_url":"https:\/\/charente.catholique.fr\/grand-angouleme\/actualites\/messe-du-3eme-dimanche-de-careme-annee-a\/","og_site_name":"Doyenn\u00e9 Grand Angoul\u00eame","article_publisher":"https:\/\/www.facebook.com\/EgliseCatholiqueCharente","article_published_time":"2026-03-09T12:32:01+00:00","article_modified_time":"2026-03-09T13:29:26+00:00","og_image":[{"width":2560,"height":954,"url":"https:\/\/charente.catholique.fr\/grand-angouleme\/wp-content\/uploads\/sites\/2\/2026\/03\/la-samaritaine-1-2-scaled.jpg","type":"image\/jpeg"}],"author":"Janine Laborde","twitter_card":"summary_large_image","twitter_creator":"@diocesecharente","twitter_site":"@diocesecharente","twitter_misc":{"\u00c9crit par":"Janine Laborde","Dur\u00e9e de lecture estim\u00e9e":"5 minutes"},"schema":{"@context":"https:\/\/schema.org","@graph":[{"@type":"Article","@id":"https:\/\/charente.catholique.fr\/grand-angouleme\/actualites\/messe-du-3eme-dimanche-de-careme-annee-a\/#article","isPartOf":{"@id":"https:\/\/charente.catholique.fr\/grand-angouleme\/actualites\/messe-du-3eme-dimanche-de-careme-annee-a\/"},"author":{"name":"Janine Laborde","@id":"https:\/\/charente.catholique.fr\/grand-angouleme\/#\/schema\/person\/898f693d8a5f95b1bf02828f73967b47"},"headline":"Messe du 3\u00e8me dimanche de Car\u00eame Ann\u00e9e A","datePublished":"2026-03-09T12:32:01+00:00","dateModified":"2026-03-09T13:29:26+00:00","mainEntityOfPage":{"@id":"https:\/\/charente.catholique.fr\/grand-angouleme\/actualites\/messe-du-3eme-dimanche-de-careme-annee-a\/"},"wordCount":951,"commentCount":0,"publisher":{"@id":"https:\/\/charente.catholique.fr\/grand-angouleme\/#organization"},"image":{"@id":"https:\/\/charente.catholique.fr\/grand-angouleme\/actualites\/messe-du-3eme-dimanche-de-careme-annee-a\/#primaryimage"},"thumbnailUrl":"https:\/\/charente.catholique.fr\/grand-angouleme\/wp-content\/uploads\/sites\/2\/2026\/03\/la-samaritaine-1-2-scaled.jpg","articleSection":["Actualit\u00e9s"],"inLanguage":"fr-FR","potentialAction":[{"@type":"CommentAction","name":"Comment","target":["https:\/\/charente.catholique.fr\/grand-angouleme\/actualites\/messe-du-3eme-dimanche-de-careme-annee-a\/#respond"]}]},{"@type":"WebPage","@id":"https:\/\/charente.catholique.fr\/grand-angouleme\/actualites\/messe-du-3eme-dimanche-de-careme-annee-a\/","url":"https:\/\/charente.catholique.fr\/grand-angouleme\/actualites\/messe-du-3eme-dimanche-de-careme-annee-a\/","name":"Messe du 3\u00e8me dimanche de Car\u00eame Ann\u00e9e A - Doyenn\u00e9 Grand Angoul\u00eame","isPartOf":{"@id":"https:\/\/charente.catholique.fr\/grand-angouleme\/#website"},"primaryImageOfPage":{"@id":"https:\/\/charente.catholique.fr\/grand-angouleme\/actualites\/messe-du-3eme-dimanche-de-careme-annee-a\/#primaryimage"},"image":{"@id":"https:\/\/charente.catholique.fr\/grand-angouleme\/actualites\/messe-du-3eme-dimanche-de-careme-annee-a\/#primaryimage"},"thumbnailUrl":"https:\/\/charente.catholique.fr\/grand-angouleme\/wp-content\/uploads\/sites\/2\/2026\/03\/la-samaritaine-1-2-scaled.jpg","datePublished":"2026-03-09T12:32:01+00:00","dateModified":"2026-03-09T13:29:26+00:00","breadcrumb":{"@id":"https:\/\/charente.catholique.fr\/grand-angouleme\/actualites\/messe-du-3eme-dimanche-de-careme-annee-a\/#breadcrumb"},"inLanguage":"fr-FR","potentialAction":[{"@type":"ReadAction","target":["https:\/\/charente.catholique.fr\/grand-angouleme\/actualites\/messe-du-3eme-dimanche-de-careme-annee-a\/"]}]},{"@type":"ImageObject","inLanguage":"fr-FR","@id":"https:\/\/charente.catholique.fr\/grand-angouleme\/actualites\/messe-du-3eme-dimanche-de-careme-annee-a\/#primaryimage","url":"https:\/\/charente.catholique.fr\/grand-angouleme\/wp-content\/uploads\/sites\/2\/2026\/03\/la-samaritaine-1-2-scaled.jpg","contentUrl":"https:\/\/charente.catholique.fr\/grand-angouleme\/wp-content\/uploads\/sites\/2\/2026\/03\/la-samaritaine-1-2-scaled.jpg","width":2560,"height":954},{"@type":"BreadcrumbList","@id":"https:\/\/charente.catholique.fr\/grand-angouleme\/actualites\/messe-du-3eme-dimanche-de-careme-annee-a\/#breadcrumb","itemListElement":[{"@type":"ListItem","position":1,"name":"Accueil","item":"https:\/\/charente.catholique.fr\/grand-angouleme\/"},{"@type":"ListItem","position":2,"name":"Messe du 3\u00e8me dimanche de Car\u00eame Ann\u00e9e A"}]},{"@type":"WebSite","@id":"https:\/\/charente.catholique.fr\/grand-angouleme\/#website","url":"https:\/\/charente.catholique.fr\/grand-angouleme\/","name":"Doyenn\u00e9 Grand Angoul\u00eame - Dioc\u00e8se d'Angoul\u00eame","description":"Dioc\u00e8se d&#039;Angoul\u00eame","publisher":{"@id":"https:\/\/charente.catholique.fr\/grand-angouleme\/#organization"},"potentialAction":[{"@type":"SearchAction","target":{"@type":"EntryPoint","urlTemplate":"https:\/\/charente.catholique.fr\/grand-angouleme\/?s={search_term_string}"},"query-input":{"@type":"PropertyValueSpecification","valueRequired":true,"valueName":"search_term_string"}}],"inLanguage":"fr-FR"},{"@type":"Organization","@id":"https:\/\/charente.catholique.fr\/grand-angouleme\/#organization","name":"Association Dioc\u00e9saine d'Angoul\u00eame","url":"https:\/\/charente.catholique.fr\/grand-angouleme\/","logo":{"@type":"ImageObject","inLanguage":"fr-FR","@id":"https:\/\/charente.catholique.fr\/grand-angouleme\/#\/schema\/logo\/image\/","url":"https:\/\/charente.catholique.fr\/grand-angouleme\/wp-content\/uploads\/sites\/2\/2020\/10\/logos.png","contentUrl":"https:\/\/charente.catholique.fr\/grand-angouleme\/wp-content\/uploads\/sites\/2\/2020\/10\/logos.png","width":600,"height":257,"caption":"Association Dioc\u00e9saine d'Angoul\u00eame"},"image":{"@id":"https:\/\/charente.catholique.fr\/grand-angouleme\/#\/schema\/logo\/image\/"},"sameAs":["https:\/\/www.facebook.com\/EgliseCatholiqueCharente","https:\/\/x.com\/diocesecharente","https:\/\/www.instagram.com\/eglisecharente","https:\/\/www.youtube.com\/channel\/UCByyFWApZbw3gDTiADoiAaQ"]},{"@type":"Person","@id":"https:\/\/charente.catholique.fr\/grand-angouleme\/#\/schema\/person\/898f693d8a5f95b1bf02828f73967b47","name":"Janine Laborde","image":{"@type":"ImageObject","inLanguage":"fr-FR","@id":"https:\/\/charente.catholique.fr\/grand-angouleme\/#\/schema\/person\/image\/","url":"https:\/\/secure.gravatar.com\/avatar\/a8f3185ff2f6cee7d79c60e904004ccb6107bdc3e38d176acfc1ee42b62a994e?s=96&d=mm&r=g","contentUrl":"https:\/\/secure.gravatar.com\/avatar\/a8f3185ff2f6cee7d79c60e904004ccb6107bdc3e38d176acfc1ee42b62a994e?s=96&d=mm&r=g","caption":"Janine Laborde"},"url":"https:\/\/charente.catholique.fr\/grand-angouleme\/author\/janinelaborde\/"}]}},"_links":{"self":[{"href":"https:\/\/charente.catholique.fr\/grand-angouleme\/wp-json\/wp\/v2\/posts\/30475","targetHints":{"allow":["GET"]}}],"collection":[{"href":"https:\/\/charente.catholique.fr\/grand-angouleme\/wp-json\/wp\/v2\/posts"}],"about":[{"href":"https:\/\/charente.catholique.fr\/grand-angouleme\/wp-json\/wp\/v2\/types\/post"}],"author":[{"embeddable":true,"href":"https:\/\/charente.catholique.fr\/grand-angouleme\/wp-json\/wp\/v2\/users\/22"}],"replies":[{"embeddable":true,"href":"https:\/\/charente.catholique.fr\/grand-angouleme\/wp-json\/wp\/v2\/comments?post=30475"}],"version-history":[{"count":5,"href":"https:\/\/charente.catholique.fr\/grand-angouleme\/wp-json\/wp\/v2\/posts\/30475\/revisions"}],"predecessor-version":[{"id":30486,"href":"https:\/\/charente.catholique.fr\/grand-angouleme\/wp-json\/wp\/v2\/posts\/30475\/revisions\/30486"}],"wp:featuredmedia":[{"embeddable":true,"href":"https:\/\/charente.catholique.fr\/grand-angouleme\/wp-json\/wp\/v2\/media\/30484"}],"wp:attachment":[{"href":"https:\/\/charente.catholique.fr\/grand-angouleme\/wp-json\/wp\/v2\/media?parent=30475"}],"wp:term":[{"taxonomy":"category","embeddable":true,"href":"https:\/\/charente.catholique.fr\/grand-angouleme\/wp-json\/wp\/v2\/categories?post=30475"},{"taxonomy":"post_tag","embeddable":true,"href":"https:\/\/charente.catholique.fr\/grand-angouleme\/wp-json\/wp\/v2\/tags?post=30475"}],"curies":[{"name":"wp","href":"https:\/\/api.w.org\/{rel}","templated":true}]}}