{"id":30462,"date":"2026-03-06T23:00:45","date_gmt":"2026-03-06T22:00:45","guid":{"rendered":"https:\/\/charente.catholique.fr\/grand-angouleme\/?p=30462"},"modified":"2026-03-06T23:00:46","modified_gmt":"2026-03-06T22:00:46","slug":"echo-de-leap-du-2-mars-2026","status":"publish","type":"post","link":"https:\/\/charente.catholique.fr\/grand-angouleme\/actualites\/echo-de-leap-du-2-mars-2026\/","title":{"rendered":"Echo de l\u2019EAP du 2 mars 2026"},"content":{"rendered":"\n<h4 class=\"wp-block-heading\">Lancement du Denier\u00a0:<\/h4>\n\n\n\n<p>La campagne du denier est lanc\u00e9e et vous devez avoir re\u00e7u vos premiers courriers si vous \u00eates donateur r\u00e9gulier. Les donn\u00e9es 2025 montrent un recul des dons (6%) et du nombre de donateurs (-10) dans la paroisse, ainsi qu\u2019un montant moyen de 224 \u20ac qui est inf\u00e9rieur de 30 % au don moyen dans le dioc\u00e8se (315 \u20ac). Par ailleurs les casuels et les qu\u00eates restent stables. L\u2019EAP va donc r\u00e9diger une lettre \u00e0 l\u2019intention des paroissiens qu\u2019elle diffusera aussi dans tous les groupes&nbsp;: Initiation Chr\u00e9tienne, Aum\u00f4nerie, Eveil \u00e0 la foi, etc. Cette lettre a pour objectif d\u2019expliquer \u00e0 quoi sert le denier et en quoi il est compl\u00e9mentaire des qu\u00eates et indispensable \u00e0 la vie du dioc\u00e8se et de la paroisse.<\/p>\n\n\n\n<h4 class=\"wp-block-heading\">Vie de la paroisse :<\/h4>\n\n\n\n<p>Le conseil \u00e9conomique de la paroisse s\u2019est de nouveau r\u00e9uni le 19 f\u00e9vrier afin de rencontrer le nouvel \u00e9conome dioc\u00e9sain&nbsp;: Damien Deleersnyder. Nous avons \u00e9voqu\u00e9 les sujets suivants :<\/p>\n\n\n\n<ul class=\"wp-block-list\">\n<li>Bilan sur les locations de la paroisse\u00a0<\/li>\n\n\n\n<li>Les perspectives pour la maison paroissiale de l\u2019Isle d\u2019Espagnac\u00a0: nous l\u2019\u00e9voquerons lors de la prochaine assembl\u00e9e paroissiale.<\/li>\n\n\n\n<li>Renouvellement des photocopieurs\u00a0: celui de Ruelle pourrait \u00eatre remplac\u00e9 fin 2027 et celui de l\u2019Isle d\u2019Espagnac d\u00e8s cette ann\u00e9e.\u00a0<\/li>\n\n\n\n<li>Consommation \u00e9lectrique de Ruelle\u00a0: elle semble bien \u00e9lev\u00e9e pour une \u00e9glise, le clocher allum\u00e9 toute la nuit en serait la cause, rendez-vous est pris avec la municipalit\u00e9.<\/li>\n\n\n\n<li>L\u2019\u00e9conome nous invite \u00e0 privil\u00e9gier le recours \u00e0 l\u2019organisme \u2018Le C\u00e8dre\u2019 pour faire nos achats afin de r\u00e9duire nos factures.<\/li>\n\n\n\n<li>Les paniers connect\u00e9s\u00a0: ils se d\u00e9mocratisent dans toutes les paroisses, le dioc\u00e8se a fait le choix d\u2019un prestataire que nous envisageons de contacter.<\/li>\n\n\n\n<li>L\u2019\u00e9conome nous a fait un rappel des r\u00e8gles de fonctionnement de la tr\u00e9sorerie des paroisses et de celle du dioc\u00e8se, il reviendra vers nous pour compl\u00e9ter sa r\u00e9ponse.<\/li>\n\n\n\n<li>Nous avons fait un point sur l\u2019\u00e9volution du Denier, le sujet est trait\u00e9 dans ce compte-rendu d\u2019EAP.<\/li>\n<\/ul>\n\n\n\n<p>Secr\u00e9tariat paroissial&nbsp;: Le besoin pour ce service reste entier, une personne est en r\u00e9flexion pour prendre une part des t\u00e2ches. Nous attendons confirmation de sa part.<\/p>\n\n\n\n<h4 class=\"wp-block-heading\">Assembl\u00e9e Paroissiale du 14 Mars<\/h4>\n\n\n\n<p>Les sujets de cette assembl\u00e9e paroissiale seront tous en lien avec la derni\u00e8re assembl\u00e9e dioc\u00e9saine de d\u00e9cembre dernier&nbsp;:<\/p>\n\n\n\n<p>Des membres de la communaut\u00e9 et de l\u2019EAP ont particip\u00e9 \u00e0 l\u2019assembl\u00e9e dioc\u00e9saine d\u2019Angoul\u00eame en Novembre. Des actions concr\u00e8tes ont \u00e9t\u00e9 vot\u00e9es pour les diff\u00e9rents axes pastoraux. Nous retiendrons particuli\u00e8rement l\u2019axe pastoral num\u00e9ro&nbsp;1 : accueillir, accompagner et int\u00e9grer ceux qui frappent \u00e0 la porte de l\u2019Eglise<\/p>\n\n\n\n<ul class=\"wp-block-list\">\n<li>Constituer des \u00e9quipes d\u2019accueil identifi\u00e9es et form\u00e9es, connaissant la diversit\u00e9 des mouvements et services de l\u2019Eglise<\/li>\n\n\n\n<li>Initier les acteurs pastoraux \u00e0 la vari\u00e9t\u00e9 des situations humaines, sociales ou spirituelles rencontr\u00e9es en paroisse<\/li>\n\n\n\n<li>Cr\u00e9er ou identifier paroissial un lieu d\u2019\u00e9coute et d\u2019accueil (paroissial, de doyenn\u00e9 ou dioc\u00e9sain) clairement rep\u00e9r\u00e9 et accessible, d\u2019o\u00f9 d\u00e9coule\u00a0:<\/li>\n\n\n\n<li>Le projet pour la maison paroissiale de L\u2019Isle d\u2019Espagnac\u00a0: un tiers-lieu, espace d\u2019accueil, de rencontre et de fraternit\u00e9 ouvert \u00e0 tous pour permettre de tisser des liens entre la paroisse et les associations de quartiers\u2026\u00a0 pour mieux accueillir entre autres nos actions Duo ou les b\u00e9n\u00e9ficiaires de nos actions Duo. Vos propositions pour exploiter cette salle avec quels moyens humains\u00a0?<\/li>\n\n\n\n<li>Action Duo\u00a0: &#8220;comment percevez-vous, comment vivez-vous concr\u00e8tement cette action\u00a0? &#8220;<\/li>\n\n\n\n<li>Retour sur la formation en liturgie qui a \u00e9t\u00e9 l\u2019occasion de prendre en compte vos attentes exprim\u00e9es dans le questionnaire concernant la liturgie. (la synth\u00e8se du questionnaire vous sera distribu\u00e9e \u00e0 l\u2019issue de notre assembl\u00e9e.)<\/li>\n\n\n\n<li>Une pr\u00e9sentation d\u2019\u00ab\u00a0Enoria\u00a0\u00bb une aide informatique \u00e0 la gestion des paroisses mise en place par le dioc\u00e8se.<\/li>\n\n\n\n<li>Denier de la foi, paniers connect\u00e9s<\/li>\n\n\n\n<li>P\u00e2ques, vigile pascale avec les bapt\u00eames de 13 cat\u00e9chum\u00e8nes et 2 enfants<\/li>\n<\/ul>\n\n\n\n<h4 class=\"wp-block-heading\">Sortie paroissiale :<\/h4>\n\n\n\n<p>La sortie paroissiale est toujours pr\u00e9vue le 7 juin \u00e0 l\u2019abbaye de Maumont. L\u2019EAP a pris la d\u00e9cision de louer un bus qui reviendrait \u00e0 10\u20ac par personne. A cela il faudra ajouter le repas (20\u20ac par personne). Les inscriptions seront ouvertes d\u00e9but mai.<\/p>\n\n\n\n<h4 class=\"wp-block-heading\">Calendrier :<\/h4>\n\n\n\n<ul class=\"wp-block-list\">\n<li>14\/03 : \u00a0\u00a0 17 h Assembl\u00e9e paroissiale Centre paroissial IDE<\/li>\n<\/ul>\n\n\n\n<p>&nbsp;&nbsp;&nbsp;&nbsp;&nbsp;&nbsp;&nbsp;&nbsp;&nbsp;&nbsp;&nbsp;&nbsp;&nbsp;&nbsp;&nbsp;&nbsp;&nbsp;&nbsp;&nbsp;&nbsp;&nbsp;&nbsp;&nbsp;&nbsp;&nbsp;&nbsp;&nbsp;&nbsp;&nbsp;&nbsp;&nbsp;&nbsp;&nbsp;&nbsp;&nbsp;&nbsp;&nbsp;&nbsp; 19 h : repas paroissial Centre paroissial IDE<\/p>\n\n\n\n<ul class=\"wp-block-list\">\n<li>21\/03\u00a0: c\u00e9l\u00e9bration du pardon \u00e0 Ruelle de 9h30 \u00e0 11h<\/li>\n\n\n\n<li>28\/03 \u00a0\u00a0\u00a0\u00a0\u00a0 16 h Centre paroissial IDE : F\u00eate des Cornuelles fraternelles<\/li>\n\n\n\n<li>18H messe des Rameaux \u00e0 la chapelle des Riffauds<\/li>\n\n\n\n<li>29\/03 \u00a0\u00a0\u00a0\u00a0\u00a0 <strong>9h30<\/strong> ET <strong>11h<\/strong> Magnac : Messes des rameaux<\/li>\n\n\n\n<li>02\/04\u00a0\u00a0\u00a0\u00a0\u00a0\u00a0 C\u00e9l\u00e9bration de la C\u00e8ne : Centre paroissial IDE 19h<\/li>\n\n\n\n<li>03\/04\u00a0\u00a0\u00a0\u00a0\u00a0\u00a0 Office de la Croix et de la Passion : 19h \u00e0 Ruelle<\/li>\n\n\n\n<li>04\/04\u00a0\u00a0\u00a0\u00a0\u00a0\u00a0 Veill\u00e9e Pascale : 21h \u00e0 Magnac avec bapt\u00eames<\/li>\n\n\n\n<li>05\/04\u00a0\u00a0\u00a0\u00a0\u00a0\u00a0 Matin de P\u00e2ques : messe \u00e0 10h30 IDE<\/li>\n\n\n\n<li>14\/05\u00a0\u00a0\u00a0\u00a0\u00a0\u00a0 messe de l\u2019Ascension sur le parvis de l\u2019\u00e9glise de Touvre.<\/li>\n<\/ul>\n\n\n\n<p>Prochaine r\u00e9union de l\u2019EAP : Jeudi 26 mars<\/p>\n\n\n\n<p>Les membres de l\u2019\u00e9quipe d\u2019Animation Pastorale&nbsp;:<\/p>\n\n\n\n<ul class=\"wp-block-list\">\n<li>Le P\u00e8re Laurent Maurin<\/li>\n\n\n\n<li>Marie-Th\u00e9r\u00e8se Burel<\/li>\n\n\n\n<li>Chantal Dezaunay<\/li>\n\n\n\n<li>Vanessa Jugain Valy<\/li>\n\n\n\n<li>Nicolas Lallemand<\/li>\n\n\n\n<li>Jean-Paul Tourvieille<\/li>\n<\/ul>\n\n\n<a href=\"https:\/\/charente.catholique.fr\/grand-angouleme\/wp-content\/uploads\/sites\/2\/2026\/03\/2026-03-02-echo-eap.pdf\" class=\"pdfemb-viewer\" style=\"\" data-width=\"max\" data-height=\"max\" data-toolbar=\"bottom\" data-toolbar-fixed=\"off\">2026-03-02-echo-eap<\/a>","protected":false},"excerpt":{"rendered":"<p>Lancement du Denier\u00a0: La campagne du denier est lanc\u00e9e et vous devez avoir re\u00e7u vos premiers courriers si vous \u00eates donateur r\u00e9gulier. Les donn\u00e9es 2025 montrent un recul des dons (6%) et du nombre de donateurs (-10) dans la paroisse, ainsi qu\u2019un montant moyen de 224 \u20ac qui est inf\u00e9rieur de 30 % au don [&hellip;]<\/p>\n","protected":false},"author":27,"featured_media":19903,"comment_status":"open","ping_status":"open","sticky":false,"template":"","format":"standard","meta":{"_acf_changed":false,"paroisse":["7"],"service":[],"footnotes":""},"categories":[1,9],"tags":[],"class_list":["post-30462","post","type-post","status-publish","format-standard","has-post-thumbnail","hentry","category-actualites","category-notre-dame-des-sources"],"acf":[],"yoast_head":"<!-- This site is optimized with the Yoast SEO plugin v27.1.1 - https:\/\/yoast.com\/product\/yoast-seo-wordpress\/ -->\n<title>Echo de l\u2019EAP du 2 mars 2026 - Doyenn\u00e9 Grand Angoul\u00eame<\/title>\n<meta name=\"robots\" content=\"index, follow, max-snippet:-1, max-image-preview:large, max-video-preview:-1\" \/>\n<link rel=\"canonical\" href=\"https:\/\/charente.catholique.fr\/grand-angouleme\/actualites\/echo-de-leap-du-2-mars-2026\/\" \/>\n<meta property=\"og:locale\" content=\"fr_FR\" \/>\n<meta property=\"og:type\" content=\"article\" \/>\n<meta property=\"og:title\" content=\"Echo de l\u2019EAP du 2 mars 2026 - Doyenn\u00e9 Grand Angoul\u00eame\" \/>\n<meta property=\"og:description\" content=\"Lancement du Denier\u00a0: La campagne du denier est lanc\u00e9e et vous devez avoir re\u00e7u vos premiers courriers si vous \u00eates donateur r\u00e9gulier. Les donn\u00e9es 2025 montrent un recul des dons (6%) et du nombre de donateurs (-10) dans la paroisse, ainsi qu\u2019un montant moyen de 224 \u20ac qui est inf\u00e9rieur de 30 % au don [&hellip;]\" \/>\n<meta property=\"og:url\" content=\"https:\/\/charente.catholique.fr\/grand-angouleme\/actualites\/echo-de-leap-du-2-mars-2026\/\" \/>\n<meta property=\"og:site_name\" content=\"Doyenn\u00e9 Grand Angoul\u00eame\" \/>\n<meta property=\"article:publisher\" content=\"https:\/\/www.facebook.com\/EgliseCatholiqueCharente\" \/>\n<meta property=\"article:published_time\" content=\"2026-03-06T22:00:45+00:00\" \/>\n<meta property=\"article:modified_time\" content=\"2026-03-06T22:00:46+00:00\" \/>\n<meta property=\"og:image\" content=\"https:\/\/charente.catholique.fr\/grand-angouleme\/wp-content\/uploads\/sites\/2\/2023\/02\/eap-silhouettes-colorees.jpg\" \/>\n\t<meta property=\"og:image:width\" content=\"500\" \/>\n\t<meta property=\"og:image:height\" content=\"161\" \/>\n\t<meta property=\"og:image:type\" content=\"image\/jpeg\" \/>\n<meta name=\"author\" content=\"Yolande Lallemand\" \/>\n<meta name=\"twitter:card\" content=\"summary_large_image\" \/>\n<meta name=\"twitter:creator\" content=\"@diocesecharente\" \/>\n<meta name=\"twitter:site\" content=\"@diocesecharente\" \/>\n<meta name=\"twitter:label1\" content=\"\u00c9crit par\" \/>\n\t<meta name=\"twitter:data1\" content=\"Yolande Lallemand\" \/>\n\t<meta name=\"twitter:label2\" content=\"Dur\u00e9e de lecture estim\u00e9e\" \/>\n\t<meta name=\"twitter:data2\" content=\"5 minutes\" \/>\n<script type=\"application\/ld+json\" class=\"yoast-schema-graph\">{\"@context\":\"https:\/\/schema.org\",\"@graph\":[{\"@type\":\"Article\",\"@id\":\"https:\/\/charente.catholique.fr\/grand-angouleme\/actualites\/echo-de-leap-du-2-mars-2026\/#article\",\"isPartOf\":{\"@id\":\"https:\/\/charente.catholique.fr\/grand-angouleme\/actualites\/echo-de-leap-du-2-mars-2026\/\"},\"author\":{\"name\":\"Yolande Lallemand\",\"@id\":\"https:\/\/charente.catholique.fr\/grand-angouleme\/#\/schema\/person\/f47795cb7efbd537deea624c9ff372d5\"},\"headline\":\"Echo de l\u2019EAP du 2 mars 2026\",\"datePublished\":\"2026-03-06T22:00:45+00:00\",\"dateModified\":\"2026-03-06T22:00:46+00:00\",\"mainEntityOfPage\":{\"@id\":\"https:\/\/charente.catholique.fr\/grand-angouleme\/actualites\/echo-de-leap-du-2-mars-2026\/\"},\"wordCount\":904,\"commentCount\":0,\"publisher\":{\"@id\":\"https:\/\/charente.catholique.fr\/grand-angouleme\/#organization\"},\"image\":{\"@id\":\"https:\/\/charente.catholique.fr\/grand-angouleme\/actualites\/echo-de-leap-du-2-mars-2026\/#primaryimage\"},\"thumbnailUrl\":\"https:\/\/charente.catholique.fr\/grand-angouleme\/wp-content\/uploads\/sites\/2\/2023\/02\/eap-silhouettes-colorees.jpg\",\"articleSection\":[\"Actualit\u00e9s\",\"Notre Dame des Sources\"],\"inLanguage\":\"fr-FR\",\"potentialAction\":[{\"@type\":\"CommentAction\",\"name\":\"Comment\",\"target\":[\"https:\/\/charente.catholique.fr\/grand-angouleme\/actualites\/echo-de-leap-du-2-mars-2026\/#respond\"]}]},{\"@type\":\"WebPage\",\"@id\":\"https:\/\/charente.catholique.fr\/grand-angouleme\/actualites\/echo-de-leap-du-2-mars-2026\/\",\"url\":\"https:\/\/charente.catholique.fr\/grand-angouleme\/actualites\/echo-de-leap-du-2-mars-2026\/\",\"name\":\"Echo de l\u2019EAP du 2 mars 2026 - Doyenn\u00e9 Grand Angoul\u00eame\",\"isPartOf\":{\"@id\":\"https:\/\/charente.catholique.fr\/grand-angouleme\/#website\"},\"primaryImageOfPage\":{\"@id\":\"https:\/\/charente.catholique.fr\/grand-angouleme\/actualites\/echo-de-leap-du-2-mars-2026\/#primaryimage\"},\"image\":{\"@id\":\"https:\/\/charente.catholique.fr\/grand-angouleme\/actualites\/echo-de-leap-du-2-mars-2026\/#primaryimage\"},\"thumbnailUrl\":\"https:\/\/charente.catholique.fr\/grand-angouleme\/wp-content\/uploads\/sites\/2\/2023\/02\/eap-silhouettes-colorees.jpg\",\"datePublished\":\"2026-03-06T22:00:45+00:00\",\"dateModified\":\"2026-03-06T22:00:46+00:00\",\"breadcrumb\":{\"@id\":\"https:\/\/charente.catholique.fr\/grand-angouleme\/actualites\/echo-de-leap-du-2-mars-2026\/#breadcrumb\"},\"inLanguage\":\"fr-FR\",\"potentialAction\":[{\"@type\":\"ReadAction\",\"target\":[\"https:\/\/charente.catholique.fr\/grand-angouleme\/actualites\/echo-de-leap-du-2-mars-2026\/\"]}]},{\"@type\":\"ImageObject\",\"inLanguage\":\"fr-FR\",\"@id\":\"https:\/\/charente.catholique.fr\/grand-angouleme\/actualites\/echo-de-leap-du-2-mars-2026\/#primaryimage\",\"url\":\"https:\/\/charente.catholique.fr\/grand-angouleme\/wp-content\/uploads\/sites\/2\/2023\/02\/eap-silhouettes-colorees.jpg\",\"contentUrl\":\"https:\/\/charente.catholique.fr\/grand-angouleme\/wp-content\/uploads\/sites\/2\/2023\/02\/eap-silhouettes-colorees.jpg\",\"width\":500,\"height\":161},{\"@type\":\"BreadcrumbList\",\"@id\":\"https:\/\/charente.catholique.fr\/grand-angouleme\/actualites\/echo-de-leap-du-2-mars-2026\/#breadcrumb\",\"itemListElement\":[{\"@type\":\"ListItem\",\"position\":1,\"name\":\"Accueil\",\"item\":\"https:\/\/charente.catholique.fr\/grand-angouleme\/\"},{\"@type\":\"ListItem\",\"position\":2,\"name\":\"Echo de l\u2019EAP du 2 mars 2026\"}]},{\"@type\":\"WebSite\",\"@id\":\"https:\/\/charente.catholique.fr\/grand-angouleme\/#website\",\"url\":\"https:\/\/charente.catholique.fr\/grand-angouleme\/\",\"name\":\"Doyenn\u00e9 Grand Angoul\u00eame - Dioc\u00e8se d'Angoul\u00eame\",\"description\":\"Dioc\u00e8se d&#039;Angoul\u00eame\",\"publisher\":{\"@id\":\"https:\/\/charente.catholique.fr\/grand-angouleme\/#organization\"},\"potentialAction\":[{\"@type\":\"SearchAction\",\"target\":{\"@type\":\"EntryPoint\",\"urlTemplate\":\"https:\/\/charente.catholique.fr\/grand-angouleme\/?s={search_term_string}\"},\"query-input\":{\"@type\":\"PropertyValueSpecification\",\"valueRequired\":true,\"valueName\":\"search_term_string\"}}],\"inLanguage\":\"fr-FR\"},{\"@type\":\"Organization\",\"@id\":\"https:\/\/charente.catholique.fr\/grand-angouleme\/#organization\",\"name\":\"Association Dioc\u00e9saine d'Angoul\u00eame\",\"url\":\"https:\/\/charente.catholique.fr\/grand-angouleme\/\",\"logo\":{\"@type\":\"ImageObject\",\"inLanguage\":\"fr-FR\",\"@id\":\"https:\/\/charente.catholique.fr\/grand-angouleme\/#\/schema\/logo\/image\/\",\"url\":\"https:\/\/charente.catholique.fr\/grand-angouleme\/wp-content\/uploads\/sites\/2\/2020\/10\/logos.png\",\"contentUrl\":\"https:\/\/charente.catholique.fr\/grand-angouleme\/wp-content\/uploads\/sites\/2\/2020\/10\/logos.png\",\"width\":600,\"height\":257,\"caption\":\"Association Dioc\u00e9saine d'Angoul\u00eame\"},\"image\":{\"@id\":\"https:\/\/charente.catholique.fr\/grand-angouleme\/#\/schema\/logo\/image\/\"},\"sameAs\":[\"https:\/\/www.facebook.com\/EgliseCatholiqueCharente\",\"https:\/\/x.com\/diocesecharente\",\"https:\/\/www.instagram.com\/eglisecharente\",\"https:\/\/www.youtube.com\/channel\/UCByyFWApZbw3gDTiADoiAaQ\"]},{\"@type\":\"Person\",\"@id\":\"https:\/\/charente.catholique.fr\/grand-angouleme\/#\/schema\/person\/f47795cb7efbd537deea624c9ff372d5\",\"name\":\"Yolande Lallemand\",\"image\":{\"@type\":\"ImageObject\",\"inLanguage\":\"fr-FR\",\"@id\":\"https:\/\/charente.catholique.fr\/grand-angouleme\/#\/schema\/person\/image\/\",\"url\":\"https:\/\/secure.gravatar.com\/avatar\/b5430949ac2d70ed67fb7aab0981e95c9dc9b76f2593de091ab69d1eb540a1b5?s=96&d=mm&r=g\",\"contentUrl\":\"https:\/\/secure.gravatar.com\/avatar\/b5430949ac2d70ed67fb7aab0981e95c9dc9b76f2593de091ab69d1eb540a1b5?s=96&d=mm&r=g\",\"caption\":\"Yolande Lallemand\"},\"url\":\"https:\/\/charente.catholique.fr\/grand-angouleme\/author\/yolandelallemand\/\"}]}<\/script>\n<!-- \/ Yoast SEO plugin. -->","yoast_head_json":{"title":"Echo de l\u2019EAP du 2 mars 2026 - Doyenn\u00e9 Grand Angoul\u00eame","robots":{"index":"index","follow":"follow","max-snippet":"max-snippet:-1","max-image-preview":"max-image-preview:large","max-video-preview":"max-video-preview:-1"},"canonical":"https:\/\/charente.catholique.fr\/grand-angouleme\/actualites\/echo-de-leap-du-2-mars-2026\/","og_locale":"fr_FR","og_type":"article","og_title":"Echo de l\u2019EAP du 2 mars 2026 - Doyenn\u00e9 Grand Angoul\u00eame","og_description":"Lancement du Denier\u00a0: La campagne du denier est lanc\u00e9e et vous devez avoir re\u00e7u vos premiers courriers si vous \u00eates donateur r\u00e9gulier. Les donn\u00e9es 2025 montrent un recul des dons (6%) et du nombre de donateurs (-10) dans la paroisse, ainsi qu\u2019un montant moyen de 224 \u20ac qui est inf\u00e9rieur de 30 % au don [&hellip;]","og_url":"https:\/\/charente.catholique.fr\/grand-angouleme\/actualites\/echo-de-leap-du-2-mars-2026\/","og_site_name":"Doyenn\u00e9 Grand Angoul\u00eame","article_publisher":"https:\/\/www.facebook.com\/EgliseCatholiqueCharente","article_published_time":"2026-03-06T22:00:45+00:00","article_modified_time":"2026-03-06T22:00:46+00:00","og_image":[{"width":500,"height":161,"url":"https:\/\/charente.catholique.fr\/grand-angouleme\/wp-content\/uploads\/sites\/2\/2023\/02\/eap-silhouettes-colorees.jpg","type":"image\/jpeg"}],"author":"Yolande Lallemand","twitter_card":"summary_large_image","twitter_creator":"@diocesecharente","twitter_site":"@diocesecharente","twitter_misc":{"\u00c9crit par":"Yolande Lallemand","Dur\u00e9e de lecture estim\u00e9e":"5 minutes"},"schema":{"@context":"https:\/\/schema.org","@graph":[{"@type":"Article","@id":"https:\/\/charente.catholique.fr\/grand-angouleme\/actualites\/echo-de-leap-du-2-mars-2026\/#article","isPartOf":{"@id":"https:\/\/charente.catholique.fr\/grand-angouleme\/actualites\/echo-de-leap-du-2-mars-2026\/"},"author":{"name":"Yolande Lallemand","@id":"https:\/\/charente.catholique.fr\/grand-angouleme\/#\/schema\/person\/f47795cb7efbd537deea624c9ff372d5"},"headline":"Echo de l\u2019EAP du 2 mars 2026","datePublished":"2026-03-06T22:00:45+00:00","dateModified":"2026-03-06T22:00:46+00:00","mainEntityOfPage":{"@id":"https:\/\/charente.catholique.fr\/grand-angouleme\/actualites\/echo-de-leap-du-2-mars-2026\/"},"wordCount":904,"commentCount":0,"publisher":{"@id":"https:\/\/charente.catholique.fr\/grand-angouleme\/#organization"},"image":{"@id":"https:\/\/charente.catholique.fr\/grand-angouleme\/actualites\/echo-de-leap-du-2-mars-2026\/#primaryimage"},"thumbnailUrl":"https:\/\/charente.catholique.fr\/grand-angouleme\/wp-content\/uploads\/sites\/2\/2023\/02\/eap-silhouettes-colorees.jpg","articleSection":["Actualit\u00e9s","Notre Dame des Sources"],"inLanguage":"fr-FR","potentialAction":[{"@type":"CommentAction","name":"Comment","target":["https:\/\/charente.catholique.fr\/grand-angouleme\/actualites\/echo-de-leap-du-2-mars-2026\/#respond"]}]},{"@type":"WebPage","@id":"https:\/\/charente.catholique.fr\/grand-angouleme\/actualites\/echo-de-leap-du-2-mars-2026\/","url":"https:\/\/charente.catholique.fr\/grand-angouleme\/actualites\/echo-de-leap-du-2-mars-2026\/","name":"Echo de l\u2019EAP du 2 mars 2026 - Doyenn\u00e9 Grand Angoul\u00eame","isPartOf":{"@id":"https:\/\/charente.catholique.fr\/grand-angouleme\/#website"},"primaryImageOfPage":{"@id":"https:\/\/charente.catholique.fr\/grand-angouleme\/actualites\/echo-de-leap-du-2-mars-2026\/#primaryimage"},"image":{"@id":"https:\/\/charente.catholique.fr\/grand-angouleme\/actualites\/echo-de-leap-du-2-mars-2026\/#primaryimage"},"thumbnailUrl":"https:\/\/charente.catholique.fr\/grand-angouleme\/wp-content\/uploads\/sites\/2\/2023\/02\/eap-silhouettes-colorees.jpg","datePublished":"2026-03-06T22:00:45+00:00","dateModified":"2026-03-06T22:00:46+00:00","breadcrumb":{"@id":"https:\/\/charente.catholique.fr\/grand-angouleme\/actualites\/echo-de-leap-du-2-mars-2026\/#breadcrumb"},"inLanguage":"fr-FR","potentialAction":[{"@type":"ReadAction","target":["https:\/\/charente.catholique.fr\/grand-angouleme\/actualites\/echo-de-leap-du-2-mars-2026\/"]}]},{"@type":"ImageObject","inLanguage":"fr-FR","@id":"https:\/\/charente.catholique.fr\/grand-angouleme\/actualites\/echo-de-leap-du-2-mars-2026\/#primaryimage","url":"https:\/\/charente.catholique.fr\/grand-angouleme\/wp-content\/uploads\/sites\/2\/2023\/02\/eap-silhouettes-colorees.jpg","contentUrl":"https:\/\/charente.catholique.fr\/grand-angouleme\/wp-content\/uploads\/sites\/2\/2023\/02\/eap-silhouettes-colorees.jpg","width":500,"height":161},{"@type":"BreadcrumbList","@id":"https:\/\/charente.catholique.fr\/grand-angouleme\/actualites\/echo-de-leap-du-2-mars-2026\/#breadcrumb","itemListElement":[{"@type":"ListItem","position":1,"name":"Accueil","item":"https:\/\/charente.catholique.fr\/grand-angouleme\/"},{"@type":"ListItem","position":2,"name":"Echo de l\u2019EAP du 2 mars 2026"}]},{"@type":"WebSite","@id":"https:\/\/charente.catholique.fr\/grand-angouleme\/#website","url":"https:\/\/charente.catholique.fr\/grand-angouleme\/","name":"Doyenn\u00e9 Grand Angoul\u00eame - Dioc\u00e8se d'Angoul\u00eame","description":"Dioc\u00e8se d&#039;Angoul\u00eame","publisher":{"@id":"https:\/\/charente.catholique.fr\/grand-angouleme\/#organization"},"potentialAction":[{"@type":"SearchAction","target":{"@type":"EntryPoint","urlTemplate":"https:\/\/charente.catholique.fr\/grand-angouleme\/?s={search_term_string}"},"query-input":{"@type":"PropertyValueSpecification","valueRequired":true,"valueName":"search_term_string"}}],"inLanguage":"fr-FR"},{"@type":"Organization","@id":"https:\/\/charente.catholique.fr\/grand-angouleme\/#organization","name":"Association Dioc\u00e9saine d'Angoul\u00eame","url":"https:\/\/charente.catholique.fr\/grand-angouleme\/","logo":{"@type":"ImageObject","inLanguage":"fr-FR","@id":"https:\/\/charente.catholique.fr\/grand-angouleme\/#\/schema\/logo\/image\/","url":"https:\/\/charente.catholique.fr\/grand-angouleme\/wp-content\/uploads\/sites\/2\/2020\/10\/logos.png","contentUrl":"https:\/\/charente.catholique.fr\/grand-angouleme\/wp-content\/uploads\/sites\/2\/2020\/10\/logos.png","width":600,"height":257,"caption":"Association Dioc\u00e9saine d'Angoul\u00eame"},"image":{"@id":"https:\/\/charente.catholique.fr\/grand-angouleme\/#\/schema\/logo\/image\/"},"sameAs":["https:\/\/www.facebook.com\/EgliseCatholiqueCharente","https:\/\/x.com\/diocesecharente","https:\/\/www.instagram.com\/eglisecharente","https:\/\/www.youtube.com\/channel\/UCByyFWApZbw3gDTiADoiAaQ"]},{"@type":"Person","@id":"https:\/\/charente.catholique.fr\/grand-angouleme\/#\/schema\/person\/f47795cb7efbd537deea624c9ff372d5","name":"Yolande Lallemand","image":{"@type":"ImageObject","inLanguage":"fr-FR","@id":"https:\/\/charente.catholique.fr\/grand-angouleme\/#\/schema\/person\/image\/","url":"https:\/\/secure.gravatar.com\/avatar\/b5430949ac2d70ed67fb7aab0981e95c9dc9b76f2593de091ab69d1eb540a1b5?s=96&d=mm&r=g","contentUrl":"https:\/\/secure.gravatar.com\/avatar\/b5430949ac2d70ed67fb7aab0981e95c9dc9b76f2593de091ab69d1eb540a1b5?s=96&d=mm&r=g","caption":"Yolande Lallemand"},"url":"https:\/\/charente.catholique.fr\/grand-angouleme\/author\/yolandelallemand\/"}]}},"_links":{"self":[{"href":"https:\/\/charente.catholique.fr\/grand-angouleme\/wp-json\/wp\/v2\/posts\/30462","targetHints":{"allow":["GET"]}}],"collection":[{"href":"https:\/\/charente.catholique.fr\/grand-angouleme\/wp-json\/wp\/v2\/posts"}],"about":[{"href":"https:\/\/charente.catholique.fr\/grand-angouleme\/wp-json\/wp\/v2\/types\/post"}],"author":[{"embeddable":true,"href":"https:\/\/charente.catholique.fr\/grand-angouleme\/wp-json\/wp\/v2\/users\/27"}],"replies":[{"embeddable":true,"href":"https:\/\/charente.catholique.fr\/grand-angouleme\/wp-json\/wp\/v2\/comments?post=30462"}],"version-history":[{"count":1,"href":"https:\/\/charente.catholique.fr\/grand-angouleme\/wp-json\/wp\/v2\/posts\/30462\/revisions"}],"predecessor-version":[{"id":30464,"href":"https:\/\/charente.catholique.fr\/grand-angouleme\/wp-json\/wp\/v2\/posts\/30462\/revisions\/30464"}],"wp:featuredmedia":[{"embeddable":true,"href":"https:\/\/charente.catholique.fr\/grand-angouleme\/wp-json\/wp\/v2\/media\/19903"}],"wp:attachment":[{"href":"https:\/\/charente.catholique.fr\/grand-angouleme\/wp-json\/wp\/v2\/media?parent=30462"}],"wp:term":[{"taxonomy":"category","embeddable":true,"href":"https:\/\/charente.catholique.fr\/grand-angouleme\/wp-json\/wp\/v2\/categories?post=30462"},{"taxonomy":"post_tag","embeddable":true,"href":"https:\/\/charente.catholique.fr\/grand-angouleme\/wp-json\/wp\/v2\/tags?post=30462"}],"curies":[{"name":"wp","href":"https:\/\/api.w.org\/{rel}","templated":true}]}}