{"id":2906,"date":"2020-12-05T23:05:22","date_gmt":"2020-12-05T22:05:22","guid":{"rendered":"https:\/\/charente.catholique.fr\/grand-angouleme\/?p=2906"},"modified":"2020-12-05T23:11:53","modified_gmt":"2020-12-05T22:11:53","slug":"deuxieme-dimanche-de-laventpreparez-vos-coeurs","status":"publish","type":"post","link":"https:\/\/charente.catholique.fr\/grand-angouleme\/actualites\/deuxieme-dimanche-de-laventpreparez-vos-coeurs\/","title":{"rendered":"Deuxi\u00e8me dimanche de l&#8217;avent:Pr\u00e9parez vos c\u0153urs"},"content":{"rendered":"\n<p>Dimanche dernier, Marc nous avait invit\u00e9s \u00e0 \u00eatre des Veilleurs. Veiller pour attendre<\/p>\n\n\n\n<ul class=\"wp-block-list\"><li>Celui qui est d\u00e9j\u00e0 venu<\/li><li>Qui est toujours avec nous<\/li><li>Et qui viendra.<\/li><\/ul>\n\n\n\n<p>Avant de continuer, regardez le tableau des lectures. Lisez \u00e0 haute voix, sans marquer de pause, les mots ou phrases de la premi\u00e8re colonne. Que remarquez-vous&nbsp;? Il y a une progression dans ce que Dieu nous dit.&nbsp;: <strong>Veillez<\/strong>, mais pas n\u2019importe comment&nbsp;; pour pr\u00e9parer la venue, <strong>pr\u00e9parez vos c\u0153urs&nbsp;; <\/strong>c\u2019est un \u00e9v\u00e9nement heureux que je vous promets, <strong>vous serez dans la joie&nbsp;; <\/strong>Faites moi confiance<strong> car rien n\u2019est impossible.<\/strong><\/p>\n\n\n\n<p>&nbsp;&nbsp;&nbsp;&nbsp;&nbsp;&nbsp;&nbsp;&nbsp;&nbsp;&nbsp;&nbsp; Avez-vous d\u00e9j\u00e0 fait ou v\u00e9cu une d\u00e9marche identique pour annoncer un \u00e9v\u00e8nement qui allait arriver, en attisant la curiosit\u00e9 pour donner plus de piment \u00e0 l\u2019attente&nbsp;?<\/p>\n\n\n\n<p>I Les textes<\/p>\n\n\n\n<p>Aujourd\u2019hui nous lisons le \u00ab&nbsp;Commencement de l\u2019\u00c9vangile de J\u00e9sus, Christ, Fils de Dieu.\u00bb Marc nous annonce d\u00e8s le d\u00e9but vers quelle d\u00e9couverte il nous conduit, J\u00e9sus <strong>est<\/strong> le Christ, il <strong>est<\/strong> le Fils de Dieu.<\/p>\n\n\n\n<p>Comme dans un jeu de piste, il nous laisse des indices. Le d\u00e9nouement est au pied de la croix, au chapitre 15, 37-38. Quand J\u00e9sus meurt, \u00ab&nbsp;<em>Le rideau du Sanctuaire se d\u00e9chira en deux, depuis le haut jusqu\u2019en bas\u00bb.<\/em> Le rideau du Sanctuaire, le rideau du Temple en se d\u00e9chirant d\u00e9voile ce qui \u00e9tait cach\u00e9 jusque l\u00e0 aux yeux de tous. Dieu pr\u00e9sent dans l\u2019Arche d\u2019Alliance contenant les Tables de la Loi donn\u00e9es \u00e0 Mo\u00efse. Et c\u2019est un pa\u00efen, un centurion romain qui s\u2019\u00e9crie : \u00ab&nbsp;Vraiment cet homme \u00e9tait Fils de Dieu&nbsp;!\u00bb. Cet homme que l\u2019on a fait mourir sur la croix, parce qu\u2019il se disait Fils de Dieu, il l\u2019\u00e9tait. <strong>Vraiment&nbsp;!<\/strong><\/p>\n\n\n\n<p>Le chapitre 40 du Livre d\u2019Isa\u00efe est \u00e9crit \u00e0 Babylone avant le retour de l\u2019Exil. &nbsp;La gloire de Dieu se r\u00e9v\u00e8lera, Cyrus le Perse va vaincre Babylone, l\u2019heure de la d\u00e9livrance est proche, le peuple a \u00ab&nbsp;pay\u00e9&nbsp;\u00bb pour ses fautes, <em>proclamez que son crime est expi\u00e9, <\/em>il pourra rentrer dans son pays et reconstruire le Temple de J\u00e9rusalem.<\/p>\n\n\n\n<p><strong>1 Isa\u00efe&nbsp;. <\/strong>\u00ab&nbsp;<em>Dans le d\u00e9sert<\/em><strong>, <\/strong>o\u00f9 <em>la terre est aride<\/em> et la route sinueuse, il faut <em>tracer droit une route pour notre Dieu&nbsp;\u00bb. <\/em>Etant donn\u00e9&nbsp; le mauvais \u00e9tat&nbsp; des chemins dans le Proche Orient, cette pr\u00e9caution \u00e9tait de mise lors des d\u00e9placements de personnages importants&nbsp;; elle s\u2019imposait encore davantage quand il s\u2019agissait de Yahv\u00e9 et du d\u00e9sert.&nbsp;\u00bb (commentaire de la Bible Osty)<\/p>\n\n\n\n<p>&nbsp;&nbsp;&nbsp;&nbsp;&nbsp;&nbsp;&nbsp;&nbsp;&nbsp;&nbsp;&nbsp; <strong>2 Marc. <\/strong>&nbsp;A la premi\u00e8re lecture, le lien avec les paroles d\u2019Isa\u00efe est clair. Mais \u00e0 mieux lire, on remarque les termes d\u00e9plac\u00e9s dans la phrase. C\u2019est celui qui parle qui est dans le d\u00e9sert, et il crie&nbsp;: Pr\u00e9parez le chemin du Seigneur. Marc donnera un sens spirituel au chemin \u00e0 pr\u00e9parer, il ne s\u2019agit plus de transformer le d\u00e9sert mais bien nos c\u0153urs. Il proclame <em>un bapt\u00eame de conversion pour le pardon des p\u00e9ch\u00e9s. <\/em>Ceux qui <em>se rendaient aupr\u00e8s de lui<\/em> le savent bien&nbsp;: <em>ils \u00e9taient baptis\u00e9s dans le Jourdain en reconnaissant publiquement leurs p\u00e9ch\u00e9s.<\/em> &nbsp;<\/p>\n\n\n\n<p>II Dans notre vie&nbsp;: Les sacrements.<\/p>\n\n\n\n<p>Bapt\u00eame et pardon sont associ\u00e9s en Marc. Ils sont associ\u00e9s dans notre vie de foi.<\/p>\n\n\n\n<p>Ce sont des \u2026\u2026\u2026\u2026\u2026\u2026\u2026.\u2026\u2026.<\/p>\n\n\n\n<p>Dans le dioc\u00e8se de mon enfance, nos connaissances du cat\u00e9chisme \u00e9taient sanctionn\u00e9es par un rythme de questions et r\u00e9ponses que nous devions savoir par c\u0153ur. Je ne r\u00e9siste pas au plaisir de vous en partager quelques unes.<\/p>\n\n\n\n<p><em>Q&nbsp;: Qu\u2019est-ce qu\u2019un sacrement&nbsp;?<\/em><\/p>\n\n\n\n<p><em>R&nbsp;: Un sacrement est un signe sensible, institu\u00e9 par Notre-Seigneur J\u00e9sus-Christ pour produire ou augmenter une gr\u00e2ce.<\/em><\/p>\n\n\n\n<p><em>Q&nbsp;: Y a-t-il des sacrements qu\u2019on ne peut recevoir qu\u2019un fois&nbsp;?<\/em><\/p>\n\n\n\n<p><em>R&nbsp;: Oui, il y a des sacrements qu\u2019on ne peut recevoir qu\u2019une fois. Ce sont&nbsp;: &nbsp;&nbsp;&nbsp;&nbsp;&nbsp;&nbsp;&nbsp;&nbsp;&nbsp;&nbsp;&nbsp;&nbsp;&nbsp;\u2026\u2026\u2026\u2026\u2026\u2026\u2026\u2026\u2026\u2026\u2026\u2026\u2026\u2026\u2026\u2026\u2026\u2026\u2026\u2026\u2026\u2026\u2026\u2026\u2026\u2026\u2026\u2026\u2026\u2026\u2026\u2026\u2026\u2026\u2026.\u2026\u2026\u2026\u2026\u2026\u2026\u2026\u2026\u2026..<\/em><\/p>\n\n\n\n<p>&nbsp;&nbsp;&nbsp;&nbsp;&nbsp;&nbsp;&nbsp;&nbsp;&nbsp;&nbsp;&nbsp; Aujourd\u2019hui la gr\u00e2ce nous est donn\u00e9e dans sept sacrements, leur nom a chang\u00e9, ils ont pris un sens diff\u00e9rent, leur nombre a vari\u00e9 au cours des temps. Il &nbsp;y en a eu jusqu\u2019\u00e0 14, parmi lesquels figurait&nbsp;la Charit\u00e9.<\/p>\n\n\n\n<p>&nbsp;&nbsp;&nbsp;&nbsp;&nbsp;&nbsp;&nbsp;&nbsp;&nbsp;&nbsp;&nbsp; Si le <strong>bapt\u00eame <\/strong>est li\u00e9 \u00e0 la reconnaissance publique de ses p\u00e9ch\u00e9s en Marc, le n\u00f4tre n\u2019est plus un bapt\u00eame de conversion&nbsp;; en nous lib\u00e9rant du p\u00e9ch\u00e9 des origines, il nous fait entrer dans la vie de Dieu \u00ab&nbsp;Tu es mon Fils bien-aim\u00e9&nbsp;\u00bb, et dans une communaut\u00e9 de croyants qui professe la m\u00eame foi et reconna\u00eet dans les symboles de l\u2019eau, la lumi\u00e8re, l\u2019onction, les signes de la pr\u00e9sence de Dieu.<\/p>\n\n\n\n<p>Les moins jeunes d\u2019entre nous ont v\u00e9cu le sacrement de <strong>la P\u00e9nitence, <\/strong>je vous parle d\u2019un temps que les moins de soixante ans n\u2019ont pas connu, plus simplement r\u00e9duit dans les esprits \u00e0 <strong>la confession<\/strong>. Dans le secret du confessionnal, il fallait regretter sinc\u00e8rement ses p\u00e9ch\u00e9s, les confesser, prendre la r\u00e9solution de ne plus offenser Dieu, recevoir <strong>l\u2019absolution, <\/strong>et faire la p\u00e9nitence donn\u00e9e par le pr\u00eatre<strong>&nbsp;: <\/strong>vous r\u00e9citerez \u2026 C\u2019est par l\u2019absolution que se r\u00e9alise la gr\u00e2ce.<\/p>\n\n\n\n<p>&nbsp;&nbsp;&nbsp;&nbsp;&nbsp;&nbsp;&nbsp;&nbsp;&nbsp;&nbsp;&nbsp; Aujourd\u2019hui, la <strong>R\u00e9conciliation <\/strong>\u00e9voque la relation qui s\u2019\u00e9tablit entre le p\u00e9cheur pardonn\u00e9 et son Cr\u00e9ateur. Est-il pourtant devenu plus facile pour tous&nbsp;? &nbsp;<\/p>\n\n\n\n<p>III Pour aller plus loin<\/p>\n\n\n\n<p>&nbsp;&nbsp;&nbsp;&nbsp;&nbsp;&nbsp;&nbsp;&nbsp;&nbsp;&nbsp;&nbsp; Relisez les 2 morceaux de phrase <em>en italique<\/em> en Isa\u00efe et en Marc.<\/p>\n\n\n\n<p>Dans Isa\u00efe, le peuple a \u00e9t\u00e9&nbsp;&nbsp;&nbsp; \u2026\u2026\u2026\u2026\u2026\u2026. par Dieu pour ses fautes.<\/p>\n\n\n\n<p>&nbsp;&nbsp;&nbsp;&nbsp;&nbsp;&nbsp;&nbsp;&nbsp;&nbsp;&nbsp;&nbsp; Dans Marc, les gens sont \u2026\u2026\u2026\u2026\u2026\u2026\u2026\u2026\u2026\u2026\u2026..&nbsp;&nbsp; en m\u00eame temps qu\u2019ils sont baptis\u00e9s.<\/p>\n\n\n\n<p>Qu\u2019est-ce qui a chang\u00e9&nbsp;? Dieu a-t-il vraiment chang\u00e9&nbsp;? Ou les hommes&nbsp;? Quel \u00ab&nbsp;\u00e9v\u00e9nement&nbsp;\u00bb a fait changer la vision que nous avons de Dieu&nbsp;pour que Pierre dans sa lettre \u00e9crive&nbsp;<em>: Le Seigneur ne tarde pas \u00e0 tenir sa promesse, il prend patience envers vous,\u2026il ne veut pas en laisser quelques uns se perdre\u2026. Car ce que nous attendons, c\u2019est un ciel nouveau et une terre nouvelle o\u00f9 r\u00e9sidera la justice.<\/em><\/p>\n\n\n\n<p>Aube nouvelle dans notre vie,<\/p>\n\n\n\n<p>Pour sauver son peuple Dieu va venir<\/p>\n\n\n\n<p>Joie sur la terre, f\u00eate aujourd\u2019hui,<\/p>\n\n\n\n<p>Il faut pr\u00e9parer la route au Seigneur.<\/p>\n\n\n\n<figure class=\"wp-block-embed-wordpress wp-block-embed is-type-wp-embed is-provider-doyenne-grand-angouleme\"><div class=\"wp-block-embed__wrapper\">\n<blockquote class=\"wp-embedded-content\" data-secret=\"P7n685xNm6\"><a href=\"https:\/\/charente.catholique.fr\/grand-angouleme\/paroisses\/visitation-sur-boeme\/\">Visitation sur Bo\u00ebme<\/a><\/blockquote><iframe loading=\"lazy\" class=\"wp-embedded-content\" sandbox=\"allow-scripts\" security=\"restricted\" style=\"position: absolute; clip: rect(1px, 1px, 1px, 1px);\" title=\"\u00ab\u00a0Visitation sur Bo\u00ebme\u00a0\u00bb &#8212; Doyenn\u00e9 Grand Angoul\u00eame\" src=\"https:\/\/charente.catholique.fr\/grand-angouleme\/paroisses\/visitation-sur-boeme\/embed\/#?secret=uHLliMPR7E#?secret=P7n685xNm6\" data-secret=\"P7n685xNm6\" width=\"500\" height=\"282\" frameborder=\"0\" marginwidth=\"0\" marginheight=\"0\" scrolling=\"no\"><\/iframe>\n<\/div><\/figure>\n\n\n\n<p><\/p>\n","protected":false},"excerpt":{"rendered":"<p>Dimanche dernier, Marc nous avait invit\u00e9s \u00e0 \u00eatre des Veilleurs. Veiller pour attendre Celui qui est d\u00e9j\u00e0 venu Qui est toujours avec nous Et qui viendra. Avant de continuer, regardez le tableau des lectures. Lisez \u00e0 haute voix, sans marquer de pause, les mots ou phrases de la premi\u00e8re colonne. Que remarquez-vous&nbsp;? Il y a [&hellip;]<\/p>\n","protected":false},"author":13,"featured_media":2828,"comment_status":"open","ping_status":"open","sticky":false,"template":"","format":"standard","meta":{"_acf_changed":false,"paroisse":["4"],"service":["0"],"footnotes":""},"categories":[1],"tags":[],"class_list":["post-2906","post","type-post","status-publish","format-standard","has-post-thumbnail","hentry","category-actualites"],"acf":[],"yoast_head":"<!-- This site is optimized with the Yoast SEO plugin v27.1.1 - https:\/\/yoast.com\/product\/yoast-seo-wordpress\/ -->\n<title>Deuxi\u00e8me dimanche de l&#039;avent:Pr\u00e9parez vos c\u0153urs - Doyenn\u00e9 Grand Angoul\u00eame<\/title>\n<meta name=\"robots\" content=\"index, follow, max-snippet:-1, max-image-preview:large, max-video-preview:-1\" \/>\n<link rel=\"canonical\" href=\"https:\/\/charente.catholique.fr\/grand-angouleme\/actualites\/deuxieme-dimanche-de-laventpreparez-vos-coeurs\/\" \/>\n<meta property=\"og:locale\" content=\"fr_FR\" \/>\n<meta property=\"og:type\" content=\"article\" \/>\n<meta property=\"og:title\" content=\"Deuxi\u00e8me dimanche de l&#039;avent:Pr\u00e9parez vos c\u0153urs - Doyenn\u00e9 Grand Angoul\u00eame\" \/>\n<meta property=\"og:description\" content=\"Dimanche dernier, Marc nous avait invit\u00e9s \u00e0 \u00eatre des Veilleurs. Veiller pour attendre Celui qui est d\u00e9j\u00e0 venu Qui est toujours avec nous Et qui viendra. Avant de continuer, regardez le tableau des lectures. Lisez \u00e0 haute voix, sans marquer de pause, les mots ou phrases de la premi\u00e8re colonne. Que remarquez-vous&nbsp;? Il y a [&hellip;]\" \/>\n<meta property=\"og:url\" content=\"https:\/\/charente.catholique.fr\/grand-angouleme\/actualites\/deuxieme-dimanche-de-laventpreparez-vos-coeurs\/\" \/>\n<meta property=\"og:site_name\" content=\"Doyenn\u00e9 Grand Angoul\u00eame\" \/>\n<meta property=\"article:publisher\" content=\"https:\/\/www.facebook.com\/EgliseCatholiqueCharente\" \/>\n<meta property=\"article:published_time\" content=\"2020-12-05T22:05:22+00:00\" \/>\n<meta property=\"article:modified_time\" content=\"2020-12-05T22:11:53+00:00\" \/>\n<meta property=\"og:image\" content=\"https:\/\/charente.catholique.fr\/grand-angouleme\/wp-content\/uploads\/sites\/2\/2020\/12\/activites-paroissiales.jpg\" \/>\n\t<meta property=\"og:image:width\" content=\"390\" \/>\n\t<meta property=\"og:image:height\" content=\"245\" \/>\n\t<meta property=\"og:image:type\" content=\"image\/jpeg\" \/>\n<meta name=\"author\" content=\"Marie-No\u00eblle Bouteloup\" \/>\n<meta name=\"twitter:card\" content=\"summary_large_image\" \/>\n<meta name=\"twitter:creator\" content=\"@diocesecharente\" \/>\n<meta name=\"twitter:site\" content=\"@diocesecharente\" \/>\n<meta name=\"twitter:label1\" content=\"\u00c9crit par\" \/>\n\t<meta name=\"twitter:data1\" content=\"Marie-No\u00eblle Bouteloup\" \/>\n\t<meta name=\"twitter:label2\" content=\"Dur\u00e9e de lecture estim\u00e9e\" \/>\n\t<meta name=\"twitter:data2\" content=\"6 minutes\" \/>\n<script type=\"application\/ld+json\" class=\"yoast-schema-graph\">{\"@context\":\"https:\/\/schema.org\",\"@graph\":[{\"@type\":\"Article\",\"@id\":\"https:\/\/charente.catholique.fr\/grand-angouleme\/actualites\/deuxieme-dimanche-de-laventpreparez-vos-coeurs\/#article\",\"isPartOf\":{\"@id\":\"https:\/\/charente.catholique.fr\/grand-angouleme\/actualites\/deuxieme-dimanche-de-laventpreparez-vos-coeurs\/\"},\"author\":{\"name\":\"Marie-No\u00eblle Bouteloup\",\"@id\":\"https:\/\/charente.catholique.fr\/grand-angouleme\/#\/schema\/person\/0bb2e75c546661bf0827c8b4d5d2bcfb\"},\"headline\":\"Deuxi\u00e8me dimanche de l&#8217;avent:Pr\u00e9parez vos c\u0153urs\",\"datePublished\":\"2020-12-05T22:05:22+00:00\",\"dateModified\":\"2020-12-05T22:11:53+00:00\",\"mainEntityOfPage\":{\"@id\":\"https:\/\/charente.catholique.fr\/grand-angouleme\/actualites\/deuxieme-dimanche-de-laventpreparez-vos-coeurs\/\"},\"wordCount\":1227,\"commentCount\":0,\"publisher\":{\"@id\":\"https:\/\/charente.catholique.fr\/grand-angouleme\/#organization\"},\"image\":{\"@id\":\"https:\/\/charente.catholique.fr\/grand-angouleme\/actualites\/deuxieme-dimanche-de-laventpreparez-vos-coeurs\/#primaryimage\"},\"thumbnailUrl\":\"https:\/\/charente.catholique.fr\/grand-angouleme\/wp-content\/uploads\/sites\/2\/2020\/12\/activites-paroissiales.jpg\",\"articleSection\":[\"Actualit\u00e9s\"],\"inLanguage\":\"fr-FR\",\"potentialAction\":[{\"@type\":\"CommentAction\",\"name\":\"Comment\",\"target\":[\"https:\/\/charente.catholique.fr\/grand-angouleme\/actualites\/deuxieme-dimanche-de-laventpreparez-vos-coeurs\/#respond\"]}]},{\"@type\":\"WebPage\",\"@id\":\"https:\/\/charente.catholique.fr\/grand-angouleme\/actualites\/deuxieme-dimanche-de-laventpreparez-vos-coeurs\/\",\"url\":\"https:\/\/charente.catholique.fr\/grand-angouleme\/actualites\/deuxieme-dimanche-de-laventpreparez-vos-coeurs\/\",\"name\":\"Deuxi\u00e8me dimanche de l'avent:Pr\u00e9parez vos c\u0153urs - Doyenn\u00e9 Grand Angoul\u00eame\",\"isPartOf\":{\"@id\":\"https:\/\/charente.catholique.fr\/grand-angouleme\/#website\"},\"primaryImageOfPage\":{\"@id\":\"https:\/\/charente.catholique.fr\/grand-angouleme\/actualites\/deuxieme-dimanche-de-laventpreparez-vos-coeurs\/#primaryimage\"},\"image\":{\"@id\":\"https:\/\/charente.catholique.fr\/grand-angouleme\/actualites\/deuxieme-dimanche-de-laventpreparez-vos-coeurs\/#primaryimage\"},\"thumbnailUrl\":\"https:\/\/charente.catholique.fr\/grand-angouleme\/wp-content\/uploads\/sites\/2\/2020\/12\/activites-paroissiales.jpg\",\"datePublished\":\"2020-12-05T22:05:22+00:00\",\"dateModified\":\"2020-12-05T22:11:53+00:00\",\"breadcrumb\":{\"@id\":\"https:\/\/charente.catholique.fr\/grand-angouleme\/actualites\/deuxieme-dimanche-de-laventpreparez-vos-coeurs\/#breadcrumb\"},\"inLanguage\":\"fr-FR\",\"potentialAction\":[{\"@type\":\"ReadAction\",\"target\":[\"https:\/\/charente.catholique.fr\/grand-angouleme\/actualites\/deuxieme-dimanche-de-laventpreparez-vos-coeurs\/\"]}]},{\"@type\":\"ImageObject\",\"inLanguage\":\"fr-FR\",\"@id\":\"https:\/\/charente.catholique.fr\/grand-angouleme\/actualites\/deuxieme-dimanche-de-laventpreparez-vos-coeurs\/#primaryimage\",\"url\":\"https:\/\/charente.catholique.fr\/grand-angouleme\/wp-content\/uploads\/sites\/2\/2020\/12\/activites-paroissiales.jpg\",\"contentUrl\":\"https:\/\/charente.catholique.fr\/grand-angouleme\/wp-content\/uploads\/sites\/2\/2020\/12\/activites-paroissiales.jpg\",\"width\":390,\"height\":245},{\"@type\":\"BreadcrumbList\",\"@id\":\"https:\/\/charente.catholique.fr\/grand-angouleme\/actualites\/deuxieme-dimanche-de-laventpreparez-vos-coeurs\/#breadcrumb\",\"itemListElement\":[{\"@type\":\"ListItem\",\"position\":1,\"name\":\"Accueil\",\"item\":\"https:\/\/charente.catholique.fr\/grand-angouleme\/\"},{\"@type\":\"ListItem\",\"position\":2,\"name\":\"Deuxi\u00e8me dimanche de l&#8217;avent:Pr\u00e9parez vos c\u0153urs\"}]},{\"@type\":\"WebSite\",\"@id\":\"https:\/\/charente.catholique.fr\/grand-angouleme\/#website\",\"url\":\"https:\/\/charente.catholique.fr\/grand-angouleme\/\",\"name\":\"Doyenn\u00e9 Grand Angoul\u00eame - Dioc\u00e8se d'Angoul\u00eame\",\"description\":\"Dioc\u00e8se d&#039;Angoul\u00eame\",\"publisher\":{\"@id\":\"https:\/\/charente.catholique.fr\/grand-angouleme\/#organization\"},\"potentialAction\":[{\"@type\":\"SearchAction\",\"target\":{\"@type\":\"EntryPoint\",\"urlTemplate\":\"https:\/\/charente.catholique.fr\/grand-angouleme\/?s={search_term_string}\"},\"query-input\":{\"@type\":\"PropertyValueSpecification\",\"valueRequired\":true,\"valueName\":\"search_term_string\"}}],\"inLanguage\":\"fr-FR\"},{\"@type\":\"Organization\",\"@id\":\"https:\/\/charente.catholique.fr\/grand-angouleme\/#organization\",\"name\":\"Association Dioc\u00e9saine d'Angoul\u00eame\",\"url\":\"https:\/\/charente.catholique.fr\/grand-angouleme\/\",\"logo\":{\"@type\":\"ImageObject\",\"inLanguage\":\"fr-FR\",\"@id\":\"https:\/\/charente.catholique.fr\/grand-angouleme\/#\/schema\/logo\/image\/\",\"url\":\"https:\/\/charente.catholique.fr\/grand-angouleme\/wp-content\/uploads\/sites\/2\/2020\/10\/logos.png\",\"contentUrl\":\"https:\/\/charente.catholique.fr\/grand-angouleme\/wp-content\/uploads\/sites\/2\/2020\/10\/logos.png\",\"width\":600,\"height\":257,\"caption\":\"Association Dioc\u00e9saine d'Angoul\u00eame\"},\"image\":{\"@id\":\"https:\/\/charente.catholique.fr\/grand-angouleme\/#\/schema\/logo\/image\/\"},\"sameAs\":[\"https:\/\/www.facebook.com\/EgliseCatholiqueCharente\",\"https:\/\/x.com\/diocesecharente\",\"https:\/\/www.instagram.com\/eglisecharente\",\"https:\/\/www.youtube.com\/channel\/UCByyFWApZbw3gDTiADoiAaQ\"]},{\"@type\":\"Person\",\"@id\":\"https:\/\/charente.catholique.fr\/grand-angouleme\/#\/schema\/person\/0bb2e75c546661bf0827c8b4d5d2bcfb\",\"name\":\"Marie-No\u00eblle Bouteloup\",\"image\":{\"@type\":\"ImageObject\",\"inLanguage\":\"fr-FR\",\"@id\":\"https:\/\/charente.catholique.fr\/grand-angouleme\/#\/schema\/person\/image\/\",\"url\":\"https:\/\/secure.gravatar.com\/avatar\/8b68422c19e9566364992377448eef55989ea1caaedc20a57fe2961c16ed8312?s=96&d=mm&r=g\",\"contentUrl\":\"https:\/\/secure.gravatar.com\/avatar\/8b68422c19e9566364992377448eef55989ea1caaedc20a57fe2961c16ed8312?s=96&d=mm&r=g\",\"caption\":\"Marie-No\u00eblle Bouteloup\"},\"url\":\"https:\/\/charente.catholique.fr\/grand-angouleme\/author\/mnbouteloup\/\"}]}<\/script>\n<!-- \/ Yoast SEO plugin. -->","yoast_head_json":{"title":"Deuxi\u00e8me dimanche de l'avent:Pr\u00e9parez vos c\u0153urs - Doyenn\u00e9 Grand Angoul\u00eame","robots":{"index":"index","follow":"follow","max-snippet":"max-snippet:-1","max-image-preview":"max-image-preview:large","max-video-preview":"max-video-preview:-1"},"canonical":"https:\/\/charente.catholique.fr\/grand-angouleme\/actualites\/deuxieme-dimanche-de-laventpreparez-vos-coeurs\/","og_locale":"fr_FR","og_type":"article","og_title":"Deuxi\u00e8me dimanche de l'avent:Pr\u00e9parez vos c\u0153urs - Doyenn\u00e9 Grand Angoul\u00eame","og_description":"Dimanche dernier, Marc nous avait invit\u00e9s \u00e0 \u00eatre des Veilleurs. Veiller pour attendre Celui qui est d\u00e9j\u00e0 venu Qui est toujours avec nous Et qui viendra. Avant de continuer, regardez le tableau des lectures. Lisez \u00e0 haute voix, sans marquer de pause, les mots ou phrases de la premi\u00e8re colonne. Que remarquez-vous&nbsp;? Il y a [&hellip;]","og_url":"https:\/\/charente.catholique.fr\/grand-angouleme\/actualites\/deuxieme-dimanche-de-laventpreparez-vos-coeurs\/","og_site_name":"Doyenn\u00e9 Grand Angoul\u00eame","article_publisher":"https:\/\/www.facebook.com\/EgliseCatholiqueCharente","article_published_time":"2020-12-05T22:05:22+00:00","article_modified_time":"2020-12-05T22:11:53+00:00","og_image":[{"width":390,"height":245,"url":"https:\/\/charente.catholique.fr\/grand-angouleme\/wp-content\/uploads\/sites\/2\/2020\/12\/activites-paroissiales.jpg","type":"image\/jpeg"}],"author":"Marie-No\u00eblle Bouteloup","twitter_card":"summary_large_image","twitter_creator":"@diocesecharente","twitter_site":"@diocesecharente","twitter_misc":{"\u00c9crit par":"Marie-No\u00eblle Bouteloup","Dur\u00e9e de lecture estim\u00e9e":"6 minutes"},"schema":{"@context":"https:\/\/schema.org","@graph":[{"@type":"Article","@id":"https:\/\/charente.catholique.fr\/grand-angouleme\/actualites\/deuxieme-dimanche-de-laventpreparez-vos-coeurs\/#article","isPartOf":{"@id":"https:\/\/charente.catholique.fr\/grand-angouleme\/actualites\/deuxieme-dimanche-de-laventpreparez-vos-coeurs\/"},"author":{"name":"Marie-No\u00eblle Bouteloup","@id":"https:\/\/charente.catholique.fr\/grand-angouleme\/#\/schema\/person\/0bb2e75c546661bf0827c8b4d5d2bcfb"},"headline":"Deuxi\u00e8me dimanche de l&#8217;avent:Pr\u00e9parez vos c\u0153urs","datePublished":"2020-12-05T22:05:22+00:00","dateModified":"2020-12-05T22:11:53+00:00","mainEntityOfPage":{"@id":"https:\/\/charente.catholique.fr\/grand-angouleme\/actualites\/deuxieme-dimanche-de-laventpreparez-vos-coeurs\/"},"wordCount":1227,"commentCount":0,"publisher":{"@id":"https:\/\/charente.catholique.fr\/grand-angouleme\/#organization"},"image":{"@id":"https:\/\/charente.catholique.fr\/grand-angouleme\/actualites\/deuxieme-dimanche-de-laventpreparez-vos-coeurs\/#primaryimage"},"thumbnailUrl":"https:\/\/charente.catholique.fr\/grand-angouleme\/wp-content\/uploads\/sites\/2\/2020\/12\/activites-paroissiales.jpg","articleSection":["Actualit\u00e9s"],"inLanguage":"fr-FR","potentialAction":[{"@type":"CommentAction","name":"Comment","target":["https:\/\/charente.catholique.fr\/grand-angouleme\/actualites\/deuxieme-dimanche-de-laventpreparez-vos-coeurs\/#respond"]}]},{"@type":"WebPage","@id":"https:\/\/charente.catholique.fr\/grand-angouleme\/actualites\/deuxieme-dimanche-de-laventpreparez-vos-coeurs\/","url":"https:\/\/charente.catholique.fr\/grand-angouleme\/actualites\/deuxieme-dimanche-de-laventpreparez-vos-coeurs\/","name":"Deuxi\u00e8me dimanche de l'avent:Pr\u00e9parez vos c\u0153urs - Doyenn\u00e9 Grand Angoul\u00eame","isPartOf":{"@id":"https:\/\/charente.catholique.fr\/grand-angouleme\/#website"},"primaryImageOfPage":{"@id":"https:\/\/charente.catholique.fr\/grand-angouleme\/actualites\/deuxieme-dimanche-de-laventpreparez-vos-coeurs\/#primaryimage"},"image":{"@id":"https:\/\/charente.catholique.fr\/grand-angouleme\/actualites\/deuxieme-dimanche-de-laventpreparez-vos-coeurs\/#primaryimage"},"thumbnailUrl":"https:\/\/charente.catholique.fr\/grand-angouleme\/wp-content\/uploads\/sites\/2\/2020\/12\/activites-paroissiales.jpg","datePublished":"2020-12-05T22:05:22+00:00","dateModified":"2020-12-05T22:11:53+00:00","breadcrumb":{"@id":"https:\/\/charente.catholique.fr\/grand-angouleme\/actualites\/deuxieme-dimanche-de-laventpreparez-vos-coeurs\/#breadcrumb"},"inLanguage":"fr-FR","potentialAction":[{"@type":"ReadAction","target":["https:\/\/charente.catholique.fr\/grand-angouleme\/actualites\/deuxieme-dimanche-de-laventpreparez-vos-coeurs\/"]}]},{"@type":"ImageObject","inLanguage":"fr-FR","@id":"https:\/\/charente.catholique.fr\/grand-angouleme\/actualites\/deuxieme-dimanche-de-laventpreparez-vos-coeurs\/#primaryimage","url":"https:\/\/charente.catholique.fr\/grand-angouleme\/wp-content\/uploads\/sites\/2\/2020\/12\/activites-paroissiales.jpg","contentUrl":"https:\/\/charente.catholique.fr\/grand-angouleme\/wp-content\/uploads\/sites\/2\/2020\/12\/activites-paroissiales.jpg","width":390,"height":245},{"@type":"BreadcrumbList","@id":"https:\/\/charente.catholique.fr\/grand-angouleme\/actualites\/deuxieme-dimanche-de-laventpreparez-vos-coeurs\/#breadcrumb","itemListElement":[{"@type":"ListItem","position":1,"name":"Accueil","item":"https:\/\/charente.catholique.fr\/grand-angouleme\/"},{"@type":"ListItem","position":2,"name":"Deuxi\u00e8me dimanche de l&#8217;avent:Pr\u00e9parez vos c\u0153urs"}]},{"@type":"WebSite","@id":"https:\/\/charente.catholique.fr\/grand-angouleme\/#website","url":"https:\/\/charente.catholique.fr\/grand-angouleme\/","name":"Doyenn\u00e9 Grand Angoul\u00eame - Dioc\u00e8se d'Angoul\u00eame","description":"Dioc\u00e8se d&#039;Angoul\u00eame","publisher":{"@id":"https:\/\/charente.catholique.fr\/grand-angouleme\/#organization"},"potentialAction":[{"@type":"SearchAction","target":{"@type":"EntryPoint","urlTemplate":"https:\/\/charente.catholique.fr\/grand-angouleme\/?s={search_term_string}"},"query-input":{"@type":"PropertyValueSpecification","valueRequired":true,"valueName":"search_term_string"}}],"inLanguage":"fr-FR"},{"@type":"Organization","@id":"https:\/\/charente.catholique.fr\/grand-angouleme\/#organization","name":"Association Dioc\u00e9saine d'Angoul\u00eame","url":"https:\/\/charente.catholique.fr\/grand-angouleme\/","logo":{"@type":"ImageObject","inLanguage":"fr-FR","@id":"https:\/\/charente.catholique.fr\/grand-angouleme\/#\/schema\/logo\/image\/","url":"https:\/\/charente.catholique.fr\/grand-angouleme\/wp-content\/uploads\/sites\/2\/2020\/10\/logos.png","contentUrl":"https:\/\/charente.catholique.fr\/grand-angouleme\/wp-content\/uploads\/sites\/2\/2020\/10\/logos.png","width":600,"height":257,"caption":"Association Dioc\u00e9saine d'Angoul\u00eame"},"image":{"@id":"https:\/\/charente.catholique.fr\/grand-angouleme\/#\/schema\/logo\/image\/"},"sameAs":["https:\/\/www.facebook.com\/EgliseCatholiqueCharente","https:\/\/x.com\/diocesecharente","https:\/\/www.instagram.com\/eglisecharente","https:\/\/www.youtube.com\/channel\/UCByyFWApZbw3gDTiADoiAaQ"]},{"@type":"Person","@id":"https:\/\/charente.catholique.fr\/grand-angouleme\/#\/schema\/person\/0bb2e75c546661bf0827c8b4d5d2bcfb","name":"Marie-No\u00eblle Bouteloup","image":{"@type":"ImageObject","inLanguage":"fr-FR","@id":"https:\/\/charente.catholique.fr\/grand-angouleme\/#\/schema\/person\/image\/","url":"https:\/\/secure.gravatar.com\/avatar\/8b68422c19e9566364992377448eef55989ea1caaedc20a57fe2961c16ed8312?s=96&d=mm&r=g","contentUrl":"https:\/\/secure.gravatar.com\/avatar\/8b68422c19e9566364992377448eef55989ea1caaedc20a57fe2961c16ed8312?s=96&d=mm&r=g","caption":"Marie-No\u00eblle Bouteloup"},"url":"https:\/\/charente.catholique.fr\/grand-angouleme\/author\/mnbouteloup\/"}]}},"_links":{"self":[{"href":"https:\/\/charente.catholique.fr\/grand-angouleme\/wp-json\/wp\/v2\/posts\/2906","targetHints":{"allow":["GET"]}}],"collection":[{"href":"https:\/\/charente.catholique.fr\/grand-angouleme\/wp-json\/wp\/v2\/posts"}],"about":[{"href":"https:\/\/charente.catholique.fr\/grand-angouleme\/wp-json\/wp\/v2\/types\/post"}],"author":[{"embeddable":true,"href":"https:\/\/charente.catholique.fr\/grand-angouleme\/wp-json\/wp\/v2\/users\/13"}],"replies":[{"embeddable":true,"href":"https:\/\/charente.catholique.fr\/grand-angouleme\/wp-json\/wp\/v2\/comments?post=2906"}],"version-history":[{"count":2,"href":"https:\/\/charente.catholique.fr\/grand-angouleme\/wp-json\/wp\/v2\/posts\/2906\/revisions"}],"predecessor-version":[{"id":2909,"href":"https:\/\/charente.catholique.fr\/grand-angouleme\/wp-json\/wp\/v2\/posts\/2906\/revisions\/2909"}],"wp:featuredmedia":[{"embeddable":true,"href":"https:\/\/charente.catholique.fr\/grand-angouleme\/wp-json\/wp\/v2\/media\/2828"}],"wp:attachment":[{"href":"https:\/\/charente.catholique.fr\/grand-angouleme\/wp-json\/wp\/v2\/media?parent=2906"}],"wp:term":[{"taxonomy":"category","embeddable":true,"href":"https:\/\/charente.catholique.fr\/grand-angouleme\/wp-json\/wp\/v2\/categories?post=2906"},{"taxonomy":"post_tag","embeddable":true,"href":"https:\/\/charente.catholique.fr\/grand-angouleme\/wp-json\/wp\/v2\/tags?post=2906"}],"curies":[{"name":"wp","href":"https:\/\/api.w.org\/{rel}","templated":true}]}}