{"id":28950,"date":"2025-11-07T10:01:58","date_gmt":"2025-11-07T09:01:58","guid":{"rendered":"https:\/\/charente.catholique.fr\/grand-angouleme\/?p=28950"},"modified":"2025-11-07T10:01:59","modified_gmt":"2025-11-07T09:01:59","slug":"repas-paroissial-2","status":"publish","type":"post","link":"https:\/\/charente.catholique.fr\/grand-angouleme\/actualites\/repas-paroissial-2\/","title":{"rendered":"Repas paroissial"},"content":{"rendered":"\n<p>Vous \u00eates tous invit\u00e9s \u00e0 notre repas paroissial le dimanche 7 d\u00e9cembre 2025 \u00e0 12h30 au restaurant de la maison dioc\u00e9saine &#8220;Les belles s\u0153urs&#8221;. Inscriptions obligatoires avec le r\u00e8glement correspondant.<\/p>\n\n\n\n<figure class=\"wp-block-image size-large\"><img loading=\"lazy\" decoding=\"async\" width=\"763\" height=\"1080\" src=\"https:\/\/charente.catholique.fr\/grand-angouleme\/wp-content\/uploads\/sites\/2\/2025\/11\/Repas-paroissial-7-12-2025-763x1080.png\" alt=\"\" class=\"wp-image-28951\" srcset=\"https:\/\/charente.catholique.fr\/grand-angouleme\/wp-content\/uploads\/sites\/2\/2025\/11\/Repas-paroissial-7-12-2025-763x1080.png 763w, https:\/\/charente.catholique.fr\/grand-angouleme\/wp-content\/uploads\/sites\/2\/2025\/11\/Repas-paroissial-7-12-2025-212x300.png 212w, https:\/\/charente.catholique.fr\/grand-angouleme\/wp-content\/uploads\/sites\/2\/2025\/11\/Repas-paroissial-7-12-2025-768x1086.png 768w, https:\/\/charente.catholique.fr\/grand-angouleme\/wp-content\/uploads\/sites\/2\/2025\/11\/Repas-paroissial-7-12-2025-1086x1536.png 1086w, https:\/\/charente.catholique.fr\/grand-angouleme\/wp-content\/uploads\/sites\/2\/2025\/11\/Repas-paroissial-7-12-2025-1448x2048.png 1448w, https:\/\/charente.catholique.fr\/grand-angouleme\/wp-content\/uploads\/sites\/2\/2025\/11\/Repas-paroissial-7-12-2025-1320x1867.png 1320w, https:\/\/charente.catholique.fr\/grand-angouleme\/wp-content\/uploads\/sites\/2\/2025\/11\/Repas-paroissial-7-12-2025.png 1587w\" sizes=\"auto, (max-width: 763px) 100vw, 763px\" \/><\/figure>\n\n\n\n<div data-wp-interactive=\"core\/file\" class=\"wp-block-file\"><object data-wp-bind--hidden=\"!state.hasPdfPreview\" hidden class=\"wp-block-file__embed\" data=\"https:\/\/charente.catholique.fr\/grand-angouleme\/wp-content\/uploads\/sites\/2\/2025\/11\/Bulletin-inscription-07-12-2025.pdf\" type=\"application\/pdf\" style=\"width:100%;height:600px\" aria-label=\"Contenu embarqu\u00e9 Bulletin inscription 07 12 2025.\"><\/object><a id=\"wp-block-file--media-856065d1-29eb-46ae-ba88-056035179223\" href=\"https:\/\/charente.catholique.fr\/grand-angouleme\/wp-content\/uploads\/sites\/2\/2025\/11\/Bulletin-inscription-07-12-2025.pdf\">Bulletin inscription 07 12 2025<\/a><a href=\"https:\/\/charente.catholique.fr\/grand-angouleme\/wp-content\/uploads\/sites\/2\/2025\/11\/Bulletin-inscription-07-12-2025.pdf\" class=\"wp-block-file__button wp-element-button\" download aria-describedby=\"wp-block-file--media-856065d1-29eb-46ae-ba88-056035179223\">T\u00e9l\u00e9charger<\/a><\/div>\n","protected":false},"excerpt":{"rendered":"<p>Vous \u00eates tous invit\u00e9s \u00e0 notre repas paroissial le dimanche 7 d\u00e9cembre 2025 \u00e0 12h30 au restaurant de la maison dioc\u00e9saine &#8220;Les belles s\u0153urs&#8221;. Inscriptions obligatoires avec le r\u00e8glement correspondant.<\/p>\n","protected":false},"author":13,"featured_media":28953,"comment_status":"open","ping_status":"open","sticky":false,"template":"","format":"standard","meta":{"_acf_changed":false,"paroisse":[""],"service":[],"footnotes":""},"categories":[2],"tags":[],"class_list":["post-28950","post","type-post","status-publish","format-standard","has-post-thumbnail","hentry","category-saints-apotres"],"acf":[],"yoast_head":"<!-- This site is optimized with the Yoast SEO plugin v27.1.1 - https:\/\/yoast.com\/product\/yoast-seo-wordpress\/ -->\n<title>Repas paroissial - Doyenn\u00e9 Grand Angoul\u00eame<\/title>\n<meta name=\"robots\" content=\"index, follow, max-snippet:-1, max-image-preview:large, max-video-preview:-1\" \/>\n<link rel=\"canonical\" href=\"https:\/\/charente.catholique.fr\/grand-angouleme\/actualites\/repas-paroissial-2\/\" \/>\n<meta property=\"og:locale\" content=\"fr_FR\" \/>\n<meta property=\"og:type\" content=\"article\" \/>\n<meta property=\"og:title\" content=\"Repas paroissial - Doyenn\u00e9 Grand Angoul\u00eame\" \/>\n<meta property=\"og:description\" content=\"Vous \u00eates tous invit\u00e9s \u00e0 notre repas paroissial le dimanche 7 d\u00e9cembre 2025 \u00e0 12h30 au restaurant de la maison dioc\u00e9saine &#8220;Les belles s\u0153urs&#8221;. Inscriptions obligatoires avec le r\u00e8glement correspondant.\" \/>\n<meta property=\"og:url\" content=\"https:\/\/charente.catholique.fr\/grand-angouleme\/actualites\/repas-paroissial-2\/\" \/>\n<meta property=\"og:site_name\" content=\"Doyenn\u00e9 Grand Angoul\u00eame\" \/>\n<meta property=\"article:publisher\" content=\"https:\/\/www.facebook.com\/EgliseCatholiqueCharente\" \/>\n<meta property=\"article:published_time\" content=\"2025-11-07T09:01:58+00:00\" \/>\n<meta property=\"article:modified_time\" content=\"2025-11-07T09:01:59+00:00\" \/>\n<meta property=\"og:image\" content=\"https:\/\/charente.catholique.fr\/grand-angouleme\/wp-content\/uploads\/sites\/2\/2025\/11\/bandeau-22-06-2025.jpg\" \/>\n\t<meta property=\"og:image:width\" content=\"629\" \/>\n\t<meta property=\"og:image:height\" content=\"222\" \/>\n\t<meta property=\"og:image:type\" content=\"image\/jpeg\" \/>\n<meta name=\"author\" content=\"Marie-No\u00eblle Bouteloup\" \/>\n<meta name=\"twitter:card\" content=\"summary_large_image\" \/>\n<meta name=\"twitter:creator\" content=\"@diocesecharente\" \/>\n<meta name=\"twitter:site\" content=\"@diocesecharente\" \/>\n<meta name=\"twitter:label1\" content=\"\u00c9crit par\" \/>\n\t<meta name=\"twitter:data1\" content=\"Marie-No\u00eblle Bouteloup\" \/>\n\t<meta name=\"twitter:label2\" content=\"Dur\u00e9e de lecture estim\u00e9e\" \/>\n\t<meta name=\"twitter:data2\" content=\"1 minute\" \/>\n<script type=\"application\/ld+json\" class=\"yoast-schema-graph\">{\"@context\":\"https:\/\/schema.org\",\"@graph\":[{\"@type\":\"Article\",\"@id\":\"https:\/\/charente.catholique.fr\/grand-angouleme\/actualites\/repas-paroissial-2\/#article\",\"isPartOf\":{\"@id\":\"https:\/\/charente.catholique.fr\/grand-angouleme\/actualites\/repas-paroissial-2\/\"},\"author\":{\"name\":\"Marie-No\u00eblle Bouteloup\",\"@id\":\"https:\/\/charente.catholique.fr\/grand-angouleme\/#\/schema\/person\/0bb2e75c546661bf0827c8b4d5d2bcfb\"},\"headline\":\"Repas paroissial\",\"datePublished\":\"2025-11-07T09:01:58+00:00\",\"dateModified\":\"2025-11-07T09:01:59+00:00\",\"mainEntityOfPage\":{\"@id\":\"https:\/\/charente.catholique.fr\/grand-angouleme\/actualites\/repas-paroissial-2\/\"},\"wordCount\":38,\"commentCount\":0,\"publisher\":{\"@id\":\"https:\/\/charente.catholique.fr\/grand-angouleme\/#organization\"},\"image\":{\"@id\":\"https:\/\/charente.catholique.fr\/grand-angouleme\/actualites\/repas-paroissial-2\/#primaryimage\"},\"thumbnailUrl\":\"https:\/\/charente.catholique.fr\/grand-angouleme\/wp-content\/uploads\/sites\/2\/2025\/11\/bandeau-22-06-2025.jpg\",\"articleSection\":[\"Saints Ap\u00f4tres\"],\"inLanguage\":\"fr-FR\",\"potentialAction\":[{\"@type\":\"CommentAction\",\"name\":\"Comment\",\"target\":[\"https:\/\/charente.catholique.fr\/grand-angouleme\/actualites\/repas-paroissial-2\/#respond\"]}]},{\"@type\":\"WebPage\",\"@id\":\"https:\/\/charente.catholique.fr\/grand-angouleme\/actualites\/repas-paroissial-2\/\",\"url\":\"https:\/\/charente.catholique.fr\/grand-angouleme\/actualites\/repas-paroissial-2\/\",\"name\":\"Repas paroissial - Doyenn\u00e9 Grand Angoul\u00eame\",\"isPartOf\":{\"@id\":\"https:\/\/charente.catholique.fr\/grand-angouleme\/#website\"},\"primaryImageOfPage\":{\"@id\":\"https:\/\/charente.catholique.fr\/grand-angouleme\/actualites\/repas-paroissial-2\/#primaryimage\"},\"image\":{\"@id\":\"https:\/\/charente.catholique.fr\/grand-angouleme\/actualites\/repas-paroissial-2\/#primaryimage\"},\"thumbnailUrl\":\"https:\/\/charente.catholique.fr\/grand-angouleme\/wp-content\/uploads\/sites\/2\/2025\/11\/bandeau-22-06-2025.jpg\",\"datePublished\":\"2025-11-07T09:01:58+00:00\",\"dateModified\":\"2025-11-07T09:01:59+00:00\",\"breadcrumb\":{\"@id\":\"https:\/\/charente.catholique.fr\/grand-angouleme\/actualites\/repas-paroissial-2\/#breadcrumb\"},\"inLanguage\":\"fr-FR\",\"potentialAction\":[{\"@type\":\"ReadAction\",\"target\":[\"https:\/\/charente.catholique.fr\/grand-angouleme\/actualites\/repas-paroissial-2\/\"]}]},{\"@type\":\"ImageObject\",\"inLanguage\":\"fr-FR\",\"@id\":\"https:\/\/charente.catholique.fr\/grand-angouleme\/actualites\/repas-paroissial-2\/#primaryimage\",\"url\":\"https:\/\/charente.catholique.fr\/grand-angouleme\/wp-content\/uploads\/sites\/2\/2025\/11\/bandeau-22-06-2025.jpg\",\"contentUrl\":\"https:\/\/charente.catholique.fr\/grand-angouleme\/wp-content\/uploads\/sites\/2\/2025\/11\/bandeau-22-06-2025.jpg\",\"width\":629,\"height\":222},{\"@type\":\"BreadcrumbList\",\"@id\":\"https:\/\/charente.catholique.fr\/grand-angouleme\/actualites\/repas-paroissial-2\/#breadcrumb\",\"itemListElement\":[{\"@type\":\"ListItem\",\"position\":1,\"name\":\"Accueil\",\"item\":\"https:\/\/charente.catholique.fr\/grand-angouleme\/\"},{\"@type\":\"ListItem\",\"position\":2,\"name\":\"Repas paroissial\"}]},{\"@type\":\"WebSite\",\"@id\":\"https:\/\/charente.catholique.fr\/grand-angouleme\/#website\",\"url\":\"https:\/\/charente.catholique.fr\/grand-angouleme\/\",\"name\":\"Doyenn\u00e9 Grand Angoul\u00eame - Dioc\u00e8se d'Angoul\u00eame\",\"description\":\"Dioc\u00e8se d&#039;Angoul\u00eame\",\"publisher\":{\"@id\":\"https:\/\/charente.catholique.fr\/grand-angouleme\/#organization\"},\"potentialAction\":[{\"@type\":\"SearchAction\",\"target\":{\"@type\":\"EntryPoint\",\"urlTemplate\":\"https:\/\/charente.catholique.fr\/grand-angouleme\/?s={search_term_string}\"},\"query-input\":{\"@type\":\"PropertyValueSpecification\",\"valueRequired\":true,\"valueName\":\"search_term_string\"}}],\"inLanguage\":\"fr-FR\"},{\"@type\":\"Organization\",\"@id\":\"https:\/\/charente.catholique.fr\/grand-angouleme\/#organization\",\"name\":\"Association Dioc\u00e9saine d'Angoul\u00eame\",\"url\":\"https:\/\/charente.catholique.fr\/grand-angouleme\/\",\"logo\":{\"@type\":\"ImageObject\",\"inLanguage\":\"fr-FR\",\"@id\":\"https:\/\/charente.catholique.fr\/grand-angouleme\/#\/schema\/logo\/image\/\",\"url\":\"https:\/\/charente.catholique.fr\/grand-angouleme\/wp-content\/uploads\/sites\/2\/2020\/10\/logos.png\",\"contentUrl\":\"https:\/\/charente.catholique.fr\/grand-angouleme\/wp-content\/uploads\/sites\/2\/2020\/10\/logos.png\",\"width\":600,\"height\":257,\"caption\":\"Association Dioc\u00e9saine d'Angoul\u00eame\"},\"image\":{\"@id\":\"https:\/\/charente.catholique.fr\/grand-angouleme\/#\/schema\/logo\/image\/\"},\"sameAs\":[\"https:\/\/www.facebook.com\/EgliseCatholiqueCharente\",\"https:\/\/x.com\/diocesecharente\",\"https:\/\/www.instagram.com\/eglisecharente\",\"https:\/\/www.youtube.com\/channel\/UCByyFWApZbw3gDTiADoiAaQ\"]},{\"@type\":\"Person\",\"@id\":\"https:\/\/charente.catholique.fr\/grand-angouleme\/#\/schema\/person\/0bb2e75c546661bf0827c8b4d5d2bcfb\",\"name\":\"Marie-No\u00eblle Bouteloup\",\"image\":{\"@type\":\"ImageObject\",\"inLanguage\":\"fr-FR\",\"@id\":\"https:\/\/charente.catholique.fr\/grand-angouleme\/#\/schema\/person\/image\/\",\"url\":\"https:\/\/secure.gravatar.com\/avatar\/8b68422c19e9566364992377448eef55989ea1caaedc20a57fe2961c16ed8312?s=96&d=mm&r=g\",\"contentUrl\":\"https:\/\/secure.gravatar.com\/avatar\/8b68422c19e9566364992377448eef55989ea1caaedc20a57fe2961c16ed8312?s=96&d=mm&r=g\",\"caption\":\"Marie-No\u00eblle Bouteloup\"},\"url\":\"https:\/\/charente.catholique.fr\/grand-angouleme\/author\/mnbouteloup\/\"}]}<\/script>\n<!-- \/ Yoast SEO plugin. -->","yoast_head_json":{"title":"Repas paroissial - Doyenn\u00e9 Grand Angoul\u00eame","robots":{"index":"index","follow":"follow","max-snippet":"max-snippet:-1","max-image-preview":"max-image-preview:large","max-video-preview":"max-video-preview:-1"},"canonical":"https:\/\/charente.catholique.fr\/grand-angouleme\/actualites\/repas-paroissial-2\/","og_locale":"fr_FR","og_type":"article","og_title":"Repas paroissial - Doyenn\u00e9 Grand Angoul\u00eame","og_description":"Vous \u00eates tous invit\u00e9s \u00e0 notre repas paroissial le dimanche 7 d\u00e9cembre 2025 \u00e0 12h30 au restaurant de la maison dioc\u00e9saine &#8220;Les belles s\u0153urs&#8221;. Inscriptions obligatoires avec le r\u00e8glement correspondant.","og_url":"https:\/\/charente.catholique.fr\/grand-angouleme\/actualites\/repas-paroissial-2\/","og_site_name":"Doyenn\u00e9 Grand Angoul\u00eame","article_publisher":"https:\/\/www.facebook.com\/EgliseCatholiqueCharente","article_published_time":"2025-11-07T09:01:58+00:00","article_modified_time":"2025-11-07T09:01:59+00:00","og_image":[{"width":629,"height":222,"url":"https:\/\/charente.catholique.fr\/grand-angouleme\/wp-content\/uploads\/sites\/2\/2025\/11\/bandeau-22-06-2025.jpg","type":"image\/jpeg"}],"author":"Marie-No\u00eblle Bouteloup","twitter_card":"summary_large_image","twitter_creator":"@diocesecharente","twitter_site":"@diocesecharente","twitter_misc":{"\u00c9crit par":"Marie-No\u00eblle Bouteloup","Dur\u00e9e de lecture estim\u00e9e":"1 minute"},"schema":{"@context":"https:\/\/schema.org","@graph":[{"@type":"Article","@id":"https:\/\/charente.catholique.fr\/grand-angouleme\/actualites\/repas-paroissial-2\/#article","isPartOf":{"@id":"https:\/\/charente.catholique.fr\/grand-angouleme\/actualites\/repas-paroissial-2\/"},"author":{"name":"Marie-No\u00eblle Bouteloup","@id":"https:\/\/charente.catholique.fr\/grand-angouleme\/#\/schema\/person\/0bb2e75c546661bf0827c8b4d5d2bcfb"},"headline":"Repas paroissial","datePublished":"2025-11-07T09:01:58+00:00","dateModified":"2025-11-07T09:01:59+00:00","mainEntityOfPage":{"@id":"https:\/\/charente.catholique.fr\/grand-angouleme\/actualites\/repas-paroissial-2\/"},"wordCount":38,"commentCount":0,"publisher":{"@id":"https:\/\/charente.catholique.fr\/grand-angouleme\/#organization"},"image":{"@id":"https:\/\/charente.catholique.fr\/grand-angouleme\/actualites\/repas-paroissial-2\/#primaryimage"},"thumbnailUrl":"https:\/\/charente.catholique.fr\/grand-angouleme\/wp-content\/uploads\/sites\/2\/2025\/11\/bandeau-22-06-2025.jpg","articleSection":["Saints Ap\u00f4tres"],"inLanguage":"fr-FR","potentialAction":[{"@type":"CommentAction","name":"Comment","target":["https:\/\/charente.catholique.fr\/grand-angouleme\/actualites\/repas-paroissial-2\/#respond"]}]},{"@type":"WebPage","@id":"https:\/\/charente.catholique.fr\/grand-angouleme\/actualites\/repas-paroissial-2\/","url":"https:\/\/charente.catholique.fr\/grand-angouleme\/actualites\/repas-paroissial-2\/","name":"Repas paroissial - Doyenn\u00e9 Grand Angoul\u00eame","isPartOf":{"@id":"https:\/\/charente.catholique.fr\/grand-angouleme\/#website"},"primaryImageOfPage":{"@id":"https:\/\/charente.catholique.fr\/grand-angouleme\/actualites\/repas-paroissial-2\/#primaryimage"},"image":{"@id":"https:\/\/charente.catholique.fr\/grand-angouleme\/actualites\/repas-paroissial-2\/#primaryimage"},"thumbnailUrl":"https:\/\/charente.catholique.fr\/grand-angouleme\/wp-content\/uploads\/sites\/2\/2025\/11\/bandeau-22-06-2025.jpg","datePublished":"2025-11-07T09:01:58+00:00","dateModified":"2025-11-07T09:01:59+00:00","breadcrumb":{"@id":"https:\/\/charente.catholique.fr\/grand-angouleme\/actualites\/repas-paroissial-2\/#breadcrumb"},"inLanguage":"fr-FR","potentialAction":[{"@type":"ReadAction","target":["https:\/\/charente.catholique.fr\/grand-angouleme\/actualites\/repas-paroissial-2\/"]}]},{"@type":"ImageObject","inLanguage":"fr-FR","@id":"https:\/\/charente.catholique.fr\/grand-angouleme\/actualites\/repas-paroissial-2\/#primaryimage","url":"https:\/\/charente.catholique.fr\/grand-angouleme\/wp-content\/uploads\/sites\/2\/2025\/11\/bandeau-22-06-2025.jpg","contentUrl":"https:\/\/charente.catholique.fr\/grand-angouleme\/wp-content\/uploads\/sites\/2\/2025\/11\/bandeau-22-06-2025.jpg","width":629,"height":222},{"@type":"BreadcrumbList","@id":"https:\/\/charente.catholique.fr\/grand-angouleme\/actualites\/repas-paroissial-2\/#breadcrumb","itemListElement":[{"@type":"ListItem","position":1,"name":"Accueil","item":"https:\/\/charente.catholique.fr\/grand-angouleme\/"},{"@type":"ListItem","position":2,"name":"Repas paroissial"}]},{"@type":"WebSite","@id":"https:\/\/charente.catholique.fr\/grand-angouleme\/#website","url":"https:\/\/charente.catholique.fr\/grand-angouleme\/","name":"Doyenn\u00e9 Grand Angoul\u00eame - Dioc\u00e8se d'Angoul\u00eame","description":"Dioc\u00e8se d&#039;Angoul\u00eame","publisher":{"@id":"https:\/\/charente.catholique.fr\/grand-angouleme\/#organization"},"potentialAction":[{"@type":"SearchAction","target":{"@type":"EntryPoint","urlTemplate":"https:\/\/charente.catholique.fr\/grand-angouleme\/?s={search_term_string}"},"query-input":{"@type":"PropertyValueSpecification","valueRequired":true,"valueName":"search_term_string"}}],"inLanguage":"fr-FR"},{"@type":"Organization","@id":"https:\/\/charente.catholique.fr\/grand-angouleme\/#organization","name":"Association Dioc\u00e9saine d'Angoul\u00eame","url":"https:\/\/charente.catholique.fr\/grand-angouleme\/","logo":{"@type":"ImageObject","inLanguage":"fr-FR","@id":"https:\/\/charente.catholique.fr\/grand-angouleme\/#\/schema\/logo\/image\/","url":"https:\/\/charente.catholique.fr\/grand-angouleme\/wp-content\/uploads\/sites\/2\/2020\/10\/logos.png","contentUrl":"https:\/\/charente.catholique.fr\/grand-angouleme\/wp-content\/uploads\/sites\/2\/2020\/10\/logos.png","width":600,"height":257,"caption":"Association Dioc\u00e9saine d'Angoul\u00eame"},"image":{"@id":"https:\/\/charente.catholique.fr\/grand-angouleme\/#\/schema\/logo\/image\/"},"sameAs":["https:\/\/www.facebook.com\/EgliseCatholiqueCharente","https:\/\/x.com\/diocesecharente","https:\/\/www.instagram.com\/eglisecharente","https:\/\/www.youtube.com\/channel\/UCByyFWApZbw3gDTiADoiAaQ"]},{"@type":"Person","@id":"https:\/\/charente.catholique.fr\/grand-angouleme\/#\/schema\/person\/0bb2e75c546661bf0827c8b4d5d2bcfb","name":"Marie-No\u00eblle Bouteloup","image":{"@type":"ImageObject","inLanguage":"fr-FR","@id":"https:\/\/charente.catholique.fr\/grand-angouleme\/#\/schema\/person\/image\/","url":"https:\/\/secure.gravatar.com\/avatar\/8b68422c19e9566364992377448eef55989ea1caaedc20a57fe2961c16ed8312?s=96&d=mm&r=g","contentUrl":"https:\/\/secure.gravatar.com\/avatar\/8b68422c19e9566364992377448eef55989ea1caaedc20a57fe2961c16ed8312?s=96&d=mm&r=g","caption":"Marie-No\u00eblle Bouteloup"},"url":"https:\/\/charente.catholique.fr\/grand-angouleme\/author\/mnbouteloup\/"}]}},"_links":{"self":[{"href":"https:\/\/charente.catholique.fr\/grand-angouleme\/wp-json\/wp\/v2\/posts\/28950","targetHints":{"allow":["GET"]}}],"collection":[{"href":"https:\/\/charente.catholique.fr\/grand-angouleme\/wp-json\/wp\/v2\/posts"}],"about":[{"href":"https:\/\/charente.catholique.fr\/grand-angouleme\/wp-json\/wp\/v2\/types\/post"}],"author":[{"embeddable":true,"href":"https:\/\/charente.catholique.fr\/grand-angouleme\/wp-json\/wp\/v2\/users\/13"}],"replies":[{"embeddable":true,"href":"https:\/\/charente.catholique.fr\/grand-angouleme\/wp-json\/wp\/v2\/comments?post=28950"}],"version-history":[{"count":1,"href":"https:\/\/charente.catholique.fr\/grand-angouleme\/wp-json\/wp\/v2\/posts\/28950\/revisions"}],"predecessor-version":[{"id":28954,"href":"https:\/\/charente.catholique.fr\/grand-angouleme\/wp-json\/wp\/v2\/posts\/28950\/revisions\/28954"}],"wp:featuredmedia":[{"embeddable":true,"href":"https:\/\/charente.catholique.fr\/grand-angouleme\/wp-json\/wp\/v2\/media\/28953"}],"wp:attachment":[{"href":"https:\/\/charente.catholique.fr\/grand-angouleme\/wp-json\/wp\/v2\/media?parent=28950"}],"wp:term":[{"taxonomy":"category","embeddable":true,"href":"https:\/\/charente.catholique.fr\/grand-angouleme\/wp-json\/wp\/v2\/categories?post=28950"},{"taxonomy":"post_tag","embeddable":true,"href":"https:\/\/charente.catholique.fr\/grand-angouleme\/wp-json\/wp\/v2\/tags?post=28950"}],"curies":[{"name":"wp","href":"https:\/\/api.w.org\/{rel}","templated":true}]}}