{"id":28838,"date":"2025-10-27T11:00:00","date_gmt":"2025-10-27T10:00:00","guid":{"rendered":"https:\/\/charente.catholique.fr\/grand-angouleme\/?p=28838"},"modified":"2025-10-27T18:26:39","modified_gmt":"2025-10-27T17:26:39","slug":"messe-du-dimanche-26-octobre-2025","status":"publish","type":"post","link":"https:\/\/charente.catholique.fr\/grand-angouleme\/actualites\/messe-du-dimanche-26-octobre-2025\/","title":{"rendered":"Messe du dimanche 26 octobre 2025"},"content":{"rendered":"\n<p class=\"has-text-align-left has-medium-font-size\">F\u00eate de Saint Vincent \u00e0 Puymoyen<\/p>\n\n\n\n<h5 class=\"wp-block-heading has-text-align-left has-medium-font-size\">Accueil<\/h5>\n\n\n\n<p>\u00a0Aujourd&#8217;hui, nous f\u00eatons la St Vincent des Vignes, ensemble nous allons c\u00e9l\u00e9brer l&#8217;Eucharistie et prier chacune et chacun \u00e0 notre fa\u00e7on, parfois comme le pharisien\u00a0: \u00ab Mon Dieu je te rends gr\u00e2ce parce que je ne suis pas comme les autres hommes, je fais tout bien\u00a0et parfois comme le publicain\u00a0:<br><em>\u00ab\u00a0Mon Dieu, montre-Toi favorable au p\u00e9cheur que je suis\u00a0\u00bb<br><\/em>Non Dieu n&#8217;est pas un impartial\u00a0! Au contraire, Il aime la pri\u00e8re du pauvre, qui peut se sentir abandonn\u00e9, sans force pour continuer \u00e0 croire, intranquille dans la justesse de sa foi.<br>Mais qu&#8217;est ce qu&#8217;\u00eatre juste\u00a0? N&#8217;est ce pas une recherche constante pour s&#8217;ajuster dans la confiance \u00e0 la mani\u00e8re dont le Christ a regard\u00e9, \u00e9cout\u00e9, accompagn\u00e9 humblement, patiemment, tendrement\u00a0? \u00a0C&#8217;est quand nous reconnaissons nos faiblesses et nos manquements dans la relation avec Dieu que le Christ nous rel\u00e8ve parce qu&#8217;Il conna\u00eet en nous le regard du c\u0153ur, l&#8217;humilit\u00e9 de l&#8217;amour, la patience et la tendresse dont nous pouvons \u00eatre capables envers nos s\u0153urs et fr\u00e8res en humanit\u00e9.<\/p>\n\n\n\n<h5 class=\"wp-block-heading\"><a href=\"https:\/\/www.aelf.org\/2025-10-26\/romain\/messe\" target=\"_blank\" rel=\"noreferrer noopener\">Textes du jour<\/a><\/h5>\n\n\n\n<h5 class=\"wp-block-heading\">PU<\/h5>\n\n\n\n<ul class=\"wp-block-list\">\n<li>Seigneur, apprends-nous \u00e0 faire de notre pri\u00e8re un moment de rencontre avec Toi comme avec un P\u00e8re, un ami, un fr\u00e8re dans la confiance et la joie.<br><\/li>\n\n\n\n<li>Nous te prions Seigneur, pour toutes celles et ceux qui n&#8217;osent pas rejoindre nos communaut\u00e9s de peur de ne pas savoir comment s&#8217;ajuster \u00e0 Toi. Donne- nous les bonnes paroles et les bons gestes pour les mettre en confiance.<br><\/li>\n\n\n\n<li>Seigneur Toi qui entend ceux qui t&#8217;appellent. De toutes leurs angoisses Tu les d\u00e9livres. Nous te confions toutes les victimes d&#8217;injustice et de mensonge que\u00a0\u00a0\u00a0\u00a0 nous sachions les r\u00e9conforter dans leur \u00e9preuve.<\/li>\n<\/ul>\n","protected":false},"excerpt":{"rendered":"<p>F\u00eate de Saint Vincent \u00e0 Puymoyen Accueil \u00a0Aujourd&#8217;hui, nous f\u00eatons la St Vincent des Vignes, ensemble nous allons c\u00e9l\u00e9brer l&#8217;Eucharistie et prier chacune et chacun \u00e0 notre fa\u00e7on, parfois comme le pharisien\u00a0: \u00ab Mon Dieu je te rends gr\u00e2ce parce que je ne suis pas comme les autres hommes, je fais tout bien\u00a0et parfois comme [&hellip;]<\/p>\n","protected":false},"author":5,"featured_media":28843,"comment_status":"open","ping_status":"open","sticky":false,"template":"","format":"standard","meta":{"_acf_changed":false,"paroisse":["8","8","8","8","8","8","8","8"],"service":["0"],"footnotes":""},"categories":[1,20,5],"tags":[],"class_list":["post-28838","post","type-post","status-publish","format-standard","has-post-thumbnail","hentry","category-actualites","category-homelies-2","category-ma-campagne-saint-jean-baptiste"],"acf":[],"yoast_head":"<!-- This site is optimized with the Yoast SEO plugin v27.1.1 - https:\/\/yoast.com\/product\/yoast-seo-wordpress\/ -->\n<title>Messe du dimanche 26 octobre 2025 - Doyenn\u00e9 Grand Angoul\u00eame<\/title>\n<meta name=\"robots\" content=\"index, follow, max-snippet:-1, max-image-preview:large, max-video-preview:-1\" \/>\n<link rel=\"canonical\" href=\"https:\/\/charente.catholique.fr\/grand-angouleme\/actualites\/messe-du-dimanche-26-octobre-2025\/\" \/>\n<meta property=\"og:locale\" content=\"fr_FR\" \/>\n<meta property=\"og:type\" content=\"article\" \/>\n<meta property=\"og:title\" content=\"Messe du dimanche 26 octobre 2025 - Doyenn\u00e9 Grand Angoul\u00eame\" \/>\n<meta property=\"og:description\" content=\"F\u00eate de Saint Vincent \u00e0 Puymoyen Accueil \u00a0Aujourd&#8217;hui, nous f\u00eatons la St Vincent des Vignes, ensemble nous allons c\u00e9l\u00e9brer l&#8217;Eucharistie et prier chacune et chacun \u00e0 notre fa\u00e7on, parfois comme le pharisien\u00a0: \u00ab Mon Dieu je te rends gr\u00e2ce parce que je ne suis pas comme les autres hommes, je fais tout bien\u00a0et parfois comme [&hellip;]\" \/>\n<meta property=\"og:url\" content=\"https:\/\/charente.catholique.fr\/grand-angouleme\/actualites\/messe-du-dimanche-26-octobre-2025\/\" \/>\n<meta property=\"og:site_name\" content=\"Doyenn\u00e9 Grand Angoul\u00eame\" \/>\n<meta property=\"article:publisher\" content=\"https:\/\/www.facebook.com\/EgliseCatholiqueCharente\" \/>\n<meta property=\"article:published_time\" content=\"2025-10-27T10:00:00+00:00\" \/>\n<meta property=\"article:modified_time\" content=\"2025-10-27T17:26:39+00:00\" \/>\n<meta property=\"og:image\" content=\"https:\/\/charente.catholique.fr\/grand-angouleme\/wp-content\/uploads\/sites\/2\/2025\/10\/saint-vincent-puymoyen-1-1246x1080.png\" \/>\n\t<meta property=\"og:image:width\" content=\"1246\" \/>\n\t<meta property=\"og:image:height\" content=\"1080\" \/>\n\t<meta property=\"og:image:type\" content=\"image\/png\" \/>\n<meta name=\"author\" content=\"B\u00e9atrice Saint-P\u00e9\" \/>\n<meta name=\"twitter:card\" content=\"summary_large_image\" \/>\n<meta name=\"twitter:creator\" content=\"@diocesecharente\" \/>\n<meta name=\"twitter:site\" content=\"@diocesecharente\" \/>\n<meta name=\"twitter:label1\" content=\"\u00c9crit par\" \/>\n\t<meta name=\"twitter:data1\" content=\"B\u00e9atrice Saint-P\u00e9\" \/>\n\t<meta name=\"twitter:label2\" content=\"Dur\u00e9e de lecture estim\u00e9e\" \/>\n\t<meta name=\"twitter:data2\" content=\"2 minutes\" \/>\n<script type=\"application\/ld+json\" class=\"yoast-schema-graph\">{\"@context\":\"https:\/\/schema.org\",\"@graph\":[{\"@type\":\"Article\",\"@id\":\"https:\/\/charente.catholique.fr\/grand-angouleme\/actualites\/messe-du-dimanche-26-octobre-2025\/#article\",\"isPartOf\":{\"@id\":\"https:\/\/charente.catholique.fr\/grand-angouleme\/actualites\/messe-du-dimanche-26-octobre-2025\/\"},\"author\":{\"name\":\"B\u00e9atrice Saint-P\u00e9\",\"@id\":\"https:\/\/charente.catholique.fr\/grand-angouleme\/#\/schema\/person\/b12f449504ff2da4d633df0f02abf9ee\"},\"headline\":\"Messe du dimanche 26 octobre 2025\",\"datePublished\":\"2025-10-27T10:00:00+00:00\",\"dateModified\":\"2025-10-27T17:26:39+00:00\",\"mainEntityOfPage\":{\"@id\":\"https:\/\/charente.catholique.fr\/grand-angouleme\/actualites\/messe-du-dimanche-26-octobre-2025\/\"},\"wordCount\":310,\"commentCount\":0,\"publisher\":{\"@id\":\"https:\/\/charente.catholique.fr\/grand-angouleme\/#organization\"},\"image\":{\"@id\":\"https:\/\/charente.catholique.fr\/grand-angouleme\/actualites\/messe-du-dimanche-26-octobre-2025\/#primaryimage\"},\"thumbnailUrl\":\"https:\/\/charente.catholique.fr\/grand-angouleme\/wp-content\/uploads\/sites\/2\/2025\/10\/saint-vincent-puymoyen-1.png\",\"articleSection\":[\"Actualit\u00e9s\",\"Hom\u00e9lies\",\"Ma Campagne - Saint Jean Baptiste\"],\"inLanguage\":\"fr-FR\",\"potentialAction\":[{\"@type\":\"CommentAction\",\"name\":\"Comment\",\"target\":[\"https:\/\/charente.catholique.fr\/grand-angouleme\/actualites\/messe-du-dimanche-26-octobre-2025\/#respond\"]}]},{\"@type\":\"WebPage\",\"@id\":\"https:\/\/charente.catholique.fr\/grand-angouleme\/actualites\/messe-du-dimanche-26-octobre-2025\/\",\"url\":\"https:\/\/charente.catholique.fr\/grand-angouleme\/actualites\/messe-du-dimanche-26-octobre-2025\/\",\"name\":\"Messe du dimanche 26 octobre 2025 - Doyenn\u00e9 Grand Angoul\u00eame\",\"isPartOf\":{\"@id\":\"https:\/\/charente.catholique.fr\/grand-angouleme\/#website\"},\"primaryImageOfPage\":{\"@id\":\"https:\/\/charente.catholique.fr\/grand-angouleme\/actualites\/messe-du-dimanche-26-octobre-2025\/#primaryimage\"},\"image\":{\"@id\":\"https:\/\/charente.catholique.fr\/grand-angouleme\/actualites\/messe-du-dimanche-26-octobre-2025\/#primaryimage\"},\"thumbnailUrl\":\"https:\/\/charente.catholique.fr\/grand-angouleme\/wp-content\/uploads\/sites\/2\/2025\/10\/saint-vincent-puymoyen-1.png\",\"datePublished\":\"2025-10-27T10:00:00+00:00\",\"dateModified\":\"2025-10-27T17:26:39+00:00\",\"breadcrumb\":{\"@id\":\"https:\/\/charente.catholique.fr\/grand-angouleme\/actualites\/messe-du-dimanche-26-octobre-2025\/#breadcrumb\"},\"inLanguage\":\"fr-FR\",\"potentialAction\":[{\"@type\":\"ReadAction\",\"target\":[\"https:\/\/charente.catholique.fr\/grand-angouleme\/actualites\/messe-du-dimanche-26-octobre-2025\/\"]}]},{\"@type\":\"ImageObject\",\"inLanguage\":\"fr-FR\",\"@id\":\"https:\/\/charente.catholique.fr\/grand-angouleme\/actualites\/messe-du-dimanche-26-octobre-2025\/#primaryimage\",\"url\":\"https:\/\/charente.catholique.fr\/grand-angouleme\/wp-content\/uploads\/sites\/2\/2025\/10\/saint-vincent-puymoyen-1.png\",\"contentUrl\":\"https:\/\/charente.catholique.fr\/grand-angouleme\/wp-content\/uploads\/sites\/2\/2025\/10\/saint-vincent-puymoyen-1.png\",\"width\":1920,\"height\":1664},{\"@type\":\"BreadcrumbList\",\"@id\":\"https:\/\/charente.catholique.fr\/grand-angouleme\/actualites\/messe-du-dimanche-26-octobre-2025\/#breadcrumb\",\"itemListElement\":[{\"@type\":\"ListItem\",\"position\":1,\"name\":\"Accueil\",\"item\":\"https:\/\/charente.catholique.fr\/grand-angouleme\/\"},{\"@type\":\"ListItem\",\"position\":2,\"name\":\"Messe du dimanche 26 octobre 2025\"}]},{\"@type\":\"WebSite\",\"@id\":\"https:\/\/charente.catholique.fr\/grand-angouleme\/#website\",\"url\":\"https:\/\/charente.catholique.fr\/grand-angouleme\/\",\"name\":\"Doyenn\u00e9 Grand Angoul\u00eame - Dioc\u00e8se d'Angoul\u00eame\",\"description\":\"Dioc\u00e8se d&#039;Angoul\u00eame\",\"publisher\":{\"@id\":\"https:\/\/charente.catholique.fr\/grand-angouleme\/#organization\"},\"potentialAction\":[{\"@type\":\"SearchAction\",\"target\":{\"@type\":\"EntryPoint\",\"urlTemplate\":\"https:\/\/charente.catholique.fr\/grand-angouleme\/?s={search_term_string}\"},\"query-input\":{\"@type\":\"PropertyValueSpecification\",\"valueRequired\":true,\"valueName\":\"search_term_string\"}}],\"inLanguage\":\"fr-FR\"},{\"@type\":\"Organization\",\"@id\":\"https:\/\/charente.catholique.fr\/grand-angouleme\/#organization\",\"name\":\"Association Dioc\u00e9saine d'Angoul\u00eame\",\"url\":\"https:\/\/charente.catholique.fr\/grand-angouleme\/\",\"logo\":{\"@type\":\"ImageObject\",\"inLanguage\":\"fr-FR\",\"@id\":\"https:\/\/charente.catholique.fr\/grand-angouleme\/#\/schema\/logo\/image\/\",\"url\":\"https:\/\/charente.catholique.fr\/grand-angouleme\/wp-content\/uploads\/sites\/2\/2020\/10\/logos.png\",\"contentUrl\":\"https:\/\/charente.catholique.fr\/grand-angouleme\/wp-content\/uploads\/sites\/2\/2020\/10\/logos.png\",\"width\":600,\"height\":257,\"caption\":\"Association Dioc\u00e9saine d'Angoul\u00eame\"},\"image\":{\"@id\":\"https:\/\/charente.catholique.fr\/grand-angouleme\/#\/schema\/logo\/image\/\"},\"sameAs\":[\"https:\/\/www.facebook.com\/EgliseCatholiqueCharente\",\"https:\/\/x.com\/diocesecharente\",\"https:\/\/www.instagram.com\/eglisecharente\",\"https:\/\/www.youtube.com\/channel\/UCByyFWApZbw3gDTiADoiAaQ\"]},{\"@type\":\"Person\",\"@id\":\"https:\/\/charente.catholique.fr\/grand-angouleme\/#\/schema\/person\/b12f449504ff2da4d633df0f02abf9ee\",\"name\":\"B\u00e9atrice Saint-P\u00e9\",\"image\":{\"@type\":\"ImageObject\",\"inLanguage\":\"fr-FR\",\"@id\":\"https:\/\/charente.catholique.fr\/grand-angouleme\/#\/schema\/person\/image\/\",\"url\":\"https:\/\/secure.gravatar.com\/avatar\/0493ed83685d630b019670a73a3a663bebc1c98f6ebcb0b57c8fd12fe86c0c3d?s=96&d=mm&r=g\",\"contentUrl\":\"https:\/\/secure.gravatar.com\/avatar\/0493ed83685d630b019670a73a3a663bebc1c98f6ebcb0b57c8fd12fe86c0c3d?s=96&d=mm&r=g\",\"caption\":\"B\u00e9atrice Saint-P\u00e9\"},\"url\":\"https:\/\/charente.catholique.fr\/grand-angouleme\/author\/beatricesaintpe\/\"}]}<\/script>\n<!-- \/ Yoast SEO plugin. -->","yoast_head_json":{"title":"Messe du dimanche 26 octobre 2025 - Doyenn\u00e9 Grand Angoul\u00eame","robots":{"index":"index","follow":"follow","max-snippet":"max-snippet:-1","max-image-preview":"max-image-preview:large","max-video-preview":"max-video-preview:-1"},"canonical":"https:\/\/charente.catholique.fr\/grand-angouleme\/actualites\/messe-du-dimanche-26-octobre-2025\/","og_locale":"fr_FR","og_type":"article","og_title":"Messe du dimanche 26 octobre 2025 - Doyenn\u00e9 Grand Angoul\u00eame","og_description":"F\u00eate de Saint Vincent \u00e0 Puymoyen Accueil \u00a0Aujourd&#8217;hui, nous f\u00eatons la St Vincent des Vignes, ensemble nous allons c\u00e9l\u00e9brer l&#8217;Eucharistie et prier chacune et chacun \u00e0 notre fa\u00e7on, parfois comme le pharisien\u00a0: \u00ab Mon Dieu je te rends gr\u00e2ce parce que je ne suis pas comme les autres hommes, je fais tout bien\u00a0et parfois comme [&hellip;]","og_url":"https:\/\/charente.catholique.fr\/grand-angouleme\/actualites\/messe-du-dimanche-26-octobre-2025\/","og_site_name":"Doyenn\u00e9 Grand Angoul\u00eame","article_publisher":"https:\/\/www.facebook.com\/EgliseCatholiqueCharente","article_published_time":"2025-10-27T10:00:00+00:00","article_modified_time":"2025-10-27T17:26:39+00:00","og_image":[{"width":1246,"height":1080,"url":"https:\/\/charente.catholique.fr\/grand-angouleme\/wp-content\/uploads\/sites\/2\/2025\/10\/saint-vincent-puymoyen-1-1246x1080.png","type":"image\/png"}],"author":"B\u00e9atrice Saint-P\u00e9","twitter_card":"summary_large_image","twitter_creator":"@diocesecharente","twitter_site":"@diocesecharente","twitter_misc":{"\u00c9crit par":"B\u00e9atrice Saint-P\u00e9","Dur\u00e9e de lecture estim\u00e9e":"2 minutes"},"schema":{"@context":"https:\/\/schema.org","@graph":[{"@type":"Article","@id":"https:\/\/charente.catholique.fr\/grand-angouleme\/actualites\/messe-du-dimanche-26-octobre-2025\/#article","isPartOf":{"@id":"https:\/\/charente.catholique.fr\/grand-angouleme\/actualites\/messe-du-dimanche-26-octobre-2025\/"},"author":{"name":"B\u00e9atrice Saint-P\u00e9","@id":"https:\/\/charente.catholique.fr\/grand-angouleme\/#\/schema\/person\/b12f449504ff2da4d633df0f02abf9ee"},"headline":"Messe du dimanche 26 octobre 2025","datePublished":"2025-10-27T10:00:00+00:00","dateModified":"2025-10-27T17:26:39+00:00","mainEntityOfPage":{"@id":"https:\/\/charente.catholique.fr\/grand-angouleme\/actualites\/messe-du-dimanche-26-octobre-2025\/"},"wordCount":310,"commentCount":0,"publisher":{"@id":"https:\/\/charente.catholique.fr\/grand-angouleme\/#organization"},"image":{"@id":"https:\/\/charente.catholique.fr\/grand-angouleme\/actualites\/messe-du-dimanche-26-octobre-2025\/#primaryimage"},"thumbnailUrl":"https:\/\/charente.catholique.fr\/grand-angouleme\/wp-content\/uploads\/sites\/2\/2025\/10\/saint-vincent-puymoyen-1.png","articleSection":["Actualit\u00e9s","Hom\u00e9lies","Ma Campagne - Saint Jean Baptiste"],"inLanguage":"fr-FR","potentialAction":[{"@type":"CommentAction","name":"Comment","target":["https:\/\/charente.catholique.fr\/grand-angouleme\/actualites\/messe-du-dimanche-26-octobre-2025\/#respond"]}]},{"@type":"WebPage","@id":"https:\/\/charente.catholique.fr\/grand-angouleme\/actualites\/messe-du-dimanche-26-octobre-2025\/","url":"https:\/\/charente.catholique.fr\/grand-angouleme\/actualites\/messe-du-dimanche-26-octobre-2025\/","name":"Messe du dimanche 26 octobre 2025 - Doyenn\u00e9 Grand Angoul\u00eame","isPartOf":{"@id":"https:\/\/charente.catholique.fr\/grand-angouleme\/#website"},"primaryImageOfPage":{"@id":"https:\/\/charente.catholique.fr\/grand-angouleme\/actualites\/messe-du-dimanche-26-octobre-2025\/#primaryimage"},"image":{"@id":"https:\/\/charente.catholique.fr\/grand-angouleme\/actualites\/messe-du-dimanche-26-octobre-2025\/#primaryimage"},"thumbnailUrl":"https:\/\/charente.catholique.fr\/grand-angouleme\/wp-content\/uploads\/sites\/2\/2025\/10\/saint-vincent-puymoyen-1.png","datePublished":"2025-10-27T10:00:00+00:00","dateModified":"2025-10-27T17:26:39+00:00","breadcrumb":{"@id":"https:\/\/charente.catholique.fr\/grand-angouleme\/actualites\/messe-du-dimanche-26-octobre-2025\/#breadcrumb"},"inLanguage":"fr-FR","potentialAction":[{"@type":"ReadAction","target":["https:\/\/charente.catholique.fr\/grand-angouleme\/actualites\/messe-du-dimanche-26-octobre-2025\/"]}]},{"@type":"ImageObject","inLanguage":"fr-FR","@id":"https:\/\/charente.catholique.fr\/grand-angouleme\/actualites\/messe-du-dimanche-26-octobre-2025\/#primaryimage","url":"https:\/\/charente.catholique.fr\/grand-angouleme\/wp-content\/uploads\/sites\/2\/2025\/10\/saint-vincent-puymoyen-1.png","contentUrl":"https:\/\/charente.catholique.fr\/grand-angouleme\/wp-content\/uploads\/sites\/2\/2025\/10\/saint-vincent-puymoyen-1.png","width":1920,"height":1664},{"@type":"BreadcrumbList","@id":"https:\/\/charente.catholique.fr\/grand-angouleme\/actualites\/messe-du-dimanche-26-octobre-2025\/#breadcrumb","itemListElement":[{"@type":"ListItem","position":1,"name":"Accueil","item":"https:\/\/charente.catholique.fr\/grand-angouleme\/"},{"@type":"ListItem","position":2,"name":"Messe du dimanche 26 octobre 2025"}]},{"@type":"WebSite","@id":"https:\/\/charente.catholique.fr\/grand-angouleme\/#website","url":"https:\/\/charente.catholique.fr\/grand-angouleme\/","name":"Doyenn\u00e9 Grand Angoul\u00eame - Dioc\u00e8se d'Angoul\u00eame","description":"Dioc\u00e8se d&#039;Angoul\u00eame","publisher":{"@id":"https:\/\/charente.catholique.fr\/grand-angouleme\/#organization"},"potentialAction":[{"@type":"SearchAction","target":{"@type":"EntryPoint","urlTemplate":"https:\/\/charente.catholique.fr\/grand-angouleme\/?s={search_term_string}"},"query-input":{"@type":"PropertyValueSpecification","valueRequired":true,"valueName":"search_term_string"}}],"inLanguage":"fr-FR"},{"@type":"Organization","@id":"https:\/\/charente.catholique.fr\/grand-angouleme\/#organization","name":"Association Dioc\u00e9saine d'Angoul\u00eame","url":"https:\/\/charente.catholique.fr\/grand-angouleme\/","logo":{"@type":"ImageObject","inLanguage":"fr-FR","@id":"https:\/\/charente.catholique.fr\/grand-angouleme\/#\/schema\/logo\/image\/","url":"https:\/\/charente.catholique.fr\/grand-angouleme\/wp-content\/uploads\/sites\/2\/2020\/10\/logos.png","contentUrl":"https:\/\/charente.catholique.fr\/grand-angouleme\/wp-content\/uploads\/sites\/2\/2020\/10\/logos.png","width":600,"height":257,"caption":"Association Dioc\u00e9saine d'Angoul\u00eame"},"image":{"@id":"https:\/\/charente.catholique.fr\/grand-angouleme\/#\/schema\/logo\/image\/"},"sameAs":["https:\/\/www.facebook.com\/EgliseCatholiqueCharente","https:\/\/x.com\/diocesecharente","https:\/\/www.instagram.com\/eglisecharente","https:\/\/www.youtube.com\/channel\/UCByyFWApZbw3gDTiADoiAaQ"]},{"@type":"Person","@id":"https:\/\/charente.catholique.fr\/grand-angouleme\/#\/schema\/person\/b12f449504ff2da4d633df0f02abf9ee","name":"B\u00e9atrice Saint-P\u00e9","image":{"@type":"ImageObject","inLanguage":"fr-FR","@id":"https:\/\/charente.catholique.fr\/grand-angouleme\/#\/schema\/person\/image\/","url":"https:\/\/secure.gravatar.com\/avatar\/0493ed83685d630b019670a73a3a663bebc1c98f6ebcb0b57c8fd12fe86c0c3d?s=96&d=mm&r=g","contentUrl":"https:\/\/secure.gravatar.com\/avatar\/0493ed83685d630b019670a73a3a663bebc1c98f6ebcb0b57c8fd12fe86c0c3d?s=96&d=mm&r=g","caption":"B\u00e9atrice Saint-P\u00e9"},"url":"https:\/\/charente.catholique.fr\/grand-angouleme\/author\/beatricesaintpe\/"}]}},"_links":{"self":[{"href":"https:\/\/charente.catholique.fr\/grand-angouleme\/wp-json\/wp\/v2\/posts\/28838","targetHints":{"allow":["GET"]}}],"collection":[{"href":"https:\/\/charente.catholique.fr\/grand-angouleme\/wp-json\/wp\/v2\/posts"}],"about":[{"href":"https:\/\/charente.catholique.fr\/grand-angouleme\/wp-json\/wp\/v2\/types\/post"}],"author":[{"embeddable":true,"href":"https:\/\/charente.catholique.fr\/grand-angouleme\/wp-json\/wp\/v2\/users\/5"}],"replies":[{"embeddable":true,"href":"https:\/\/charente.catholique.fr\/grand-angouleme\/wp-json\/wp\/v2\/comments?post=28838"}],"version-history":[{"count":2,"href":"https:\/\/charente.catholique.fr\/grand-angouleme\/wp-json\/wp\/v2\/posts\/28838\/revisions"}],"predecessor-version":[{"id":28908,"href":"https:\/\/charente.catholique.fr\/grand-angouleme\/wp-json\/wp\/v2\/posts\/28838\/revisions\/28908"}],"wp:featuredmedia":[{"embeddable":true,"href":"https:\/\/charente.catholique.fr\/grand-angouleme\/wp-json\/wp\/v2\/media\/28843"}],"wp:attachment":[{"href":"https:\/\/charente.catholique.fr\/grand-angouleme\/wp-json\/wp\/v2\/media?parent=28838"}],"wp:term":[{"taxonomy":"category","embeddable":true,"href":"https:\/\/charente.catholique.fr\/grand-angouleme\/wp-json\/wp\/v2\/categories?post=28838"},{"taxonomy":"post_tag","embeddable":true,"href":"https:\/\/charente.catholique.fr\/grand-angouleme\/wp-json\/wp\/v2\/tags?post=28838"}],"curies":[{"name":"wp","href":"https:\/\/api.w.org\/{rel}","templated":true}]}}