{"id":27672,"date":"2025-05-23T19:35:38","date_gmt":"2025-05-23T17:35:38","guid":{"rendered":"https:\/\/charente.catholique.fr\/grand-angouleme\/?p=27672"},"modified":"2025-05-24T21:01:40","modified_gmt":"2025-05-24T19:01:40","slug":"5eme-dimanche-de-paques-annee-c-18-05-25","status":"publish","type":"post","link":"https:\/\/charente.catholique.fr\/grand-angouleme\/actualites\/5eme-dimanche-de-paques-annee-c-18-05-25\/","title":{"rendered":"5\u00e8me dimanche de P\u00e2ques ann\u00e9e C 18\/05\/25"},"content":{"rendered":"\n<h5 class=\"wp-block-heading\">Accueil<\/h5>\n\n\n\n<p>Dans la 1<sup>\u00e8re<\/sup> lecture de ce dimanche, nous voyons Paul et Barnab\u00e9 en marche pour annoncer la bonne nouvelle et ouvrir \u00e0 tous la porte de la foi.<\/p>\n\n\n\n<p>Aujourd\u2019hui, la paroisse Ste Jos\u00e9phine Bakhita accueille pour vivre ensemble cette c\u00e9l\u00e9bration le P\u00e8re Mouk\u00e9t\u00e9, le P\u00e8re Sylvain Drabo ainsi que des membres de la paroisse de la&nbsp;Visitation sur Bo\u00ebme bienvenue \u00e0 eux, Bienvenu \u00e0 M. Le Maire et \u00e0 ceux qui nous ont rejoint.<\/p>\n\n\n\n<p>Dans l\u2019\u00e9vangile, les disciples vivent un moment intense au cours de ce dernier repas avec le d\u00e9part de Juda et les paroles de J\u00e9sus qui vont suivre. Comme je vous ai aim\u00e9, aimez-vous les uns les autres, c\u2019est cet amour que vous aurez les uns pour les autres qui dira que vous \u00eates mes disciples. Et pourtant, J\u00e9sus sait tr\u00e8s bien, combien il peut \u00eatre difficile d\u2019aimer. Les disciples ont fait l\u2019exp\u00e9rience de l\u2019amour inconditionnel de J\u00e9sus pour eux, pour ceux qu\u2019il rencontrait. J\u00e9sus fait l\u2019exp\u00e9rience de la difficult\u00e9 de l\u2019homme \u00e0 aimer. Judas un homme ordinaire avec ses contradictions, ses failles le trahi. Pierre si proche, lui aussi avec ses contradictions, ses peurs va le renier, mais Pierre saura lire l\u2019amour dans le regard de J\u00e9sus pos\u00e9 sur lui. L\u2019amour dont J\u00e9sus fait un commandement nouveau va bien au-del\u00e0 du sentiment. Il faut aimer, il faut vouloir aimer au de-l\u00e0 de ceux qui nous ressemble. Dans Prions en \u00c9glise, une phrase m\u2019a arr\u00eat\u00e9, \u00ab&nbsp;Comment s\u2019aimer les uns, les autres et non pas s\u2019aimer les uns, les uns&nbsp;\u00bb<\/p>\n\n\n\n<p>Aimer comme lui, un d\u00e9fi que nous avons \u00e0 relever avec lui.<\/p>\n\n\n\n<h5 class=\"wp-block-heading\"><a href=\"https:\/\/www.aelf.org\/2025-05-18\/romain\/messe\">Lectures du jour<\/a><\/h5>\n\n\n\n<h5 class=\"wp-block-heading\">Hom\u00e9lie du P\u00e8re Claude<\/h5>\n\n\n\n<figure class=\"wp-block-embed is-type-video is-provider-youtube wp-block-embed-youtube wp-embed-aspect-16-9 wp-has-aspect-ratio\"><div class=\"wp-block-embed__wrapper\">\n<iframe loading=\"lazy\" title=\"hom\u00e9lie du p\u00e8re Claude Mouk\u00e9t\u00e9 pour le 5\u00e8me dimanche de P\u00e2ques de l&#039;ann\u00e9e C\" width=\"500\" height=\"281\" src=\"https:\/\/www.youtube.com\/embed\/1LtRnEg_hhs?feature=oembed\" frameborder=\"0\" allow=\"accelerometer; autoplay; clipboard-write; encrypted-media; gyroscope; picture-in-picture; web-share\" referrerpolicy=\"strict-origin-when-cross-origin\" allowfullscreen><\/iframe>\n<\/div><\/figure>\n\n\n\n<h5 class=\"wp-block-heading\">Pri\u00e8re univereslle<\/h5>\n\n\n\n<p>Notre Pape L\u00e9on, a \u00e9t\u00e9 choisi par ses pairs comme successeur de Pierre.\u00a0<br>Pour que ses collaborateurs l\u2019accompagnent dans sa mission avec confiance et fid\u00e9lit\u00e9<br>Pour que l\u2019Esprit Saint le soutienne pour affronter les crises en dehors et dans l\u2019\u00c9glise\u00a0<br>Pour que ses v\u0153ux de paix soient entendus \u00ab urbi et orbi \u00bb par les protagonistes des conflits dans le monde<br>Pour que l\u2019esprit de Vatican 2 perdure dans une collaboration confiante entre ministres ordonn\u00e9s et la\u00efcs pour ouvrir \u00e0 d\u2019autres les portes de la Foi,\u00a0<br><strong>Ensemble,<\/strong> <strong>Dieu Notre P\u00e8re, nous te prions<\/strong><\/p>\n\n\n\n<p>Tu appelles, Seigneur J\u00e9sus, tes disciples \u00e0 poursuivre ta mission<br>Afin que les chr\u00e9tiens manifestent ton amour en ayant le souci de la dignit\u00e9 humaine dans la vie quotidienne<br><strong>Nous t\u2019en prions<\/strong><\/p>\n\n\n\n<p>Tu nous recommandes Seigneur J\u00e9sus de nous aimer les uns, les autres.<br>Nous te prions pour tous les responsables politiques, qu\u2019ils soient toujours \u00e0 la recherche en v\u00e9rit\u00e9 du bien commun et de la paix.<br>Accorde, Seigneur J\u00e9sus, aux membres de nos communaut\u00e9s ici rassembl\u00e9s de devenir des t\u00e9moins joyeux de la Bonne Nouvelle.<br>Que nous soyons toujours des relais de ton amour, notamment aupr\u00e8s des personnes malades, des personnes d\u00e9favoris\u00e9es et celles en situation difficile,<br><strong>Nous t\u2019en prions.<\/strong><\/p>\n\n\n\n<p>Notre doyenn\u00e9 est riche de ses diff\u00e9rences : ruraux et citadins, Charentais de souche ou d\u2019origine plus lointaine, exil\u00e9s et r\u00e9fugi\u00e9s, mais tous membres du Corps du Christ.<br>Pour que la rencontre aujourd\u2019hui entre nos 2 paroisses ne reste pas une simple visite mais soit source de partages et d\u2019\u00e9changes, signe d\u2019unit\u00e9 et porteuse d\u2019esp\u00e9rance,<br><strong>Ensemble, Dieu Notre P\u00e8re, nous te prions<\/strong><\/p>\n","protected":false},"excerpt":{"rendered":"<p>Accueil Dans la 1\u00e8re lecture de ce dimanche, nous voyons Paul et Barnab\u00e9 en marche pour annoncer la bonne nouvelle et ouvrir \u00e0 tous la porte de la foi. Aujourd\u2019hui, la paroisse Ste Jos\u00e9phine Bakhita accueille pour vivre ensemble cette c\u00e9l\u00e9bration le P\u00e8re Mouk\u00e9t\u00e9, le P\u00e8re Sylvain Drabo ainsi que des membres de la paroisse [&hellip;]<\/p>\n","protected":false},"author":22,"featured_media":27673,"comment_status":"open","ping_status":"open","sticky":false,"template":"","format":"standard","meta":{"_acf_changed":false,"paroisse":["8"],"service":["0"],"footnotes":""},"categories":[1],"tags":[],"class_list":["post-27672","post","type-post","status-publish","format-standard","has-post-thumbnail","hentry","category-actualites"],"acf":[],"yoast_head":"<!-- This site is optimized with the Yoast SEO plugin v27.1.1 - https:\/\/yoast.com\/product\/yoast-seo-wordpress\/ -->\n<title>5\u00e8me dimanche de P\u00e2ques ann\u00e9e C 18\/05\/25 - Doyenn\u00e9 Grand Angoul\u00eame<\/title>\n<meta name=\"robots\" content=\"index, follow, max-snippet:-1, max-image-preview:large, max-video-preview:-1\" \/>\n<link rel=\"canonical\" href=\"https:\/\/charente.catholique.fr\/grand-angouleme\/actualites\/5eme-dimanche-de-paques-annee-c-18-05-25\/\" \/>\n<meta property=\"og:locale\" content=\"fr_FR\" \/>\n<meta property=\"og:type\" content=\"article\" \/>\n<meta property=\"og:title\" content=\"5\u00e8me dimanche de P\u00e2ques ann\u00e9e C 18\/05\/25 - Doyenn\u00e9 Grand Angoul\u00eame\" \/>\n<meta property=\"og:description\" content=\"Accueil Dans la 1\u00e8re lecture de ce dimanche, nous voyons Paul et Barnab\u00e9 en marche pour annoncer la bonne nouvelle et ouvrir \u00e0 tous la porte de la foi. Aujourd\u2019hui, la paroisse Ste Jos\u00e9phine Bakhita accueille pour vivre ensemble cette c\u00e9l\u00e9bration le P\u00e8re Mouk\u00e9t\u00e9, le P\u00e8re Sylvain Drabo ainsi que des membres de la paroisse [&hellip;]\" \/>\n<meta property=\"og:url\" content=\"https:\/\/charente.catholique.fr\/grand-angouleme\/actualites\/5eme-dimanche-de-paques-annee-c-18-05-25\/\" \/>\n<meta property=\"og:site_name\" content=\"Doyenn\u00e9 Grand Angoul\u00eame\" \/>\n<meta property=\"article:publisher\" content=\"https:\/\/www.facebook.com\/EgliseCatholiqueCharente\" \/>\n<meta property=\"article:published_time\" content=\"2025-05-23T17:35:38+00:00\" \/>\n<meta property=\"article:modified_time\" content=\"2025-05-24T19:01:40+00:00\" \/>\n<meta property=\"og:image\" content=\"https:\/\/charente.catholique.fr\/grand-angouleme\/wp-content\/uploads\/sites\/2\/2025\/05\/aimez-vous-les-uns-les-autres.gif\" \/>\n\t<meta property=\"og:image:width\" content=\"800\" \/>\n\t<meta property=\"og:image:height\" content=\"403\" \/>\n\t<meta property=\"og:image:type\" content=\"image\/gif\" \/>\n<meta name=\"author\" content=\"Janine Laborde\" \/>\n<meta name=\"twitter:card\" content=\"summary_large_image\" \/>\n<meta name=\"twitter:creator\" content=\"@diocesecharente\" \/>\n<meta name=\"twitter:site\" content=\"@diocesecharente\" \/>\n<meta name=\"twitter:label1\" content=\"\u00c9crit par\" \/>\n\t<meta name=\"twitter:data1\" content=\"Janine Laborde\" \/>\n\t<meta name=\"twitter:label2\" content=\"Dur\u00e9e de lecture estim\u00e9e\" \/>\n\t<meta name=\"twitter:data2\" content=\"3 minutes\" \/>\n<script type=\"application\/ld+json\" class=\"yoast-schema-graph\">{\"@context\":\"https:\/\/schema.org\",\"@graph\":[{\"@type\":\"Article\",\"@id\":\"https:\/\/charente.catholique.fr\/grand-angouleme\/actualites\/5eme-dimanche-de-paques-annee-c-18-05-25\/#article\",\"isPartOf\":{\"@id\":\"https:\/\/charente.catholique.fr\/grand-angouleme\/actualites\/5eme-dimanche-de-paques-annee-c-18-05-25\/\"},\"author\":{\"name\":\"Janine Laborde\",\"@id\":\"https:\/\/charente.catholique.fr\/grand-angouleme\/#\/schema\/person\/898f693d8a5f95b1bf02828f73967b47\"},\"headline\":\"5\u00e8me dimanche de P\u00e2ques ann\u00e9e C 18\/05\/25\",\"datePublished\":\"2025-05-23T17:35:38+00:00\",\"dateModified\":\"2025-05-24T19:01:40+00:00\",\"mainEntityOfPage\":{\"@id\":\"https:\/\/charente.catholique.fr\/grand-angouleme\/actualites\/5eme-dimanche-de-paques-annee-c-18-05-25\/\"},\"wordCount\":616,\"commentCount\":0,\"publisher\":{\"@id\":\"https:\/\/charente.catholique.fr\/grand-angouleme\/#organization\"},\"image\":{\"@id\":\"https:\/\/charente.catholique.fr\/grand-angouleme\/actualites\/5eme-dimanche-de-paques-annee-c-18-05-25\/#primaryimage\"},\"thumbnailUrl\":\"https:\/\/charente.catholique.fr\/grand-angouleme\/wp-content\/uploads\/sites\/2\/2025\/05\/aimez-vous-les-uns-les-autres.gif\",\"articleSection\":[\"Actualit\u00e9s\"],\"inLanguage\":\"fr-FR\",\"potentialAction\":[{\"@type\":\"CommentAction\",\"name\":\"Comment\",\"target\":[\"https:\/\/charente.catholique.fr\/grand-angouleme\/actualites\/5eme-dimanche-de-paques-annee-c-18-05-25\/#respond\"]}]},{\"@type\":\"WebPage\",\"@id\":\"https:\/\/charente.catholique.fr\/grand-angouleme\/actualites\/5eme-dimanche-de-paques-annee-c-18-05-25\/\",\"url\":\"https:\/\/charente.catholique.fr\/grand-angouleme\/actualites\/5eme-dimanche-de-paques-annee-c-18-05-25\/\",\"name\":\"5\u00e8me dimanche de P\u00e2ques ann\u00e9e C 18\/05\/25 - Doyenn\u00e9 Grand Angoul\u00eame\",\"isPartOf\":{\"@id\":\"https:\/\/charente.catholique.fr\/grand-angouleme\/#website\"},\"primaryImageOfPage\":{\"@id\":\"https:\/\/charente.catholique.fr\/grand-angouleme\/actualites\/5eme-dimanche-de-paques-annee-c-18-05-25\/#primaryimage\"},\"image\":{\"@id\":\"https:\/\/charente.catholique.fr\/grand-angouleme\/actualites\/5eme-dimanche-de-paques-annee-c-18-05-25\/#primaryimage\"},\"thumbnailUrl\":\"https:\/\/charente.catholique.fr\/grand-angouleme\/wp-content\/uploads\/sites\/2\/2025\/05\/aimez-vous-les-uns-les-autres.gif\",\"datePublished\":\"2025-05-23T17:35:38+00:00\",\"dateModified\":\"2025-05-24T19:01:40+00:00\",\"breadcrumb\":{\"@id\":\"https:\/\/charente.catholique.fr\/grand-angouleme\/actualites\/5eme-dimanche-de-paques-annee-c-18-05-25\/#breadcrumb\"},\"inLanguage\":\"fr-FR\",\"potentialAction\":[{\"@type\":\"ReadAction\",\"target\":[\"https:\/\/charente.catholique.fr\/grand-angouleme\/actualites\/5eme-dimanche-de-paques-annee-c-18-05-25\/\"]}]},{\"@type\":\"ImageObject\",\"inLanguage\":\"fr-FR\",\"@id\":\"https:\/\/charente.catholique.fr\/grand-angouleme\/actualites\/5eme-dimanche-de-paques-annee-c-18-05-25\/#primaryimage\",\"url\":\"https:\/\/charente.catholique.fr\/grand-angouleme\/wp-content\/uploads\/sites\/2\/2025\/05\/aimez-vous-les-uns-les-autres.gif\",\"contentUrl\":\"https:\/\/charente.catholique.fr\/grand-angouleme\/wp-content\/uploads\/sites\/2\/2025\/05\/aimez-vous-les-uns-les-autres.gif\",\"width\":800,\"height\":403},{\"@type\":\"BreadcrumbList\",\"@id\":\"https:\/\/charente.catholique.fr\/grand-angouleme\/actualites\/5eme-dimanche-de-paques-annee-c-18-05-25\/#breadcrumb\",\"itemListElement\":[{\"@type\":\"ListItem\",\"position\":1,\"name\":\"Accueil\",\"item\":\"https:\/\/charente.catholique.fr\/grand-angouleme\/\"},{\"@type\":\"ListItem\",\"position\":2,\"name\":\"5\u00e8me dimanche de P\u00e2ques ann\u00e9e C 18\/05\/25\"}]},{\"@type\":\"WebSite\",\"@id\":\"https:\/\/charente.catholique.fr\/grand-angouleme\/#website\",\"url\":\"https:\/\/charente.catholique.fr\/grand-angouleme\/\",\"name\":\"Doyenn\u00e9 Grand Angoul\u00eame - Dioc\u00e8se d'Angoul\u00eame\",\"description\":\"Dioc\u00e8se d&#039;Angoul\u00eame\",\"publisher\":{\"@id\":\"https:\/\/charente.catholique.fr\/grand-angouleme\/#organization\"},\"potentialAction\":[{\"@type\":\"SearchAction\",\"target\":{\"@type\":\"EntryPoint\",\"urlTemplate\":\"https:\/\/charente.catholique.fr\/grand-angouleme\/?s={search_term_string}\"},\"query-input\":{\"@type\":\"PropertyValueSpecification\",\"valueRequired\":true,\"valueName\":\"search_term_string\"}}],\"inLanguage\":\"fr-FR\"},{\"@type\":\"Organization\",\"@id\":\"https:\/\/charente.catholique.fr\/grand-angouleme\/#organization\",\"name\":\"Association Dioc\u00e9saine d'Angoul\u00eame\",\"url\":\"https:\/\/charente.catholique.fr\/grand-angouleme\/\",\"logo\":{\"@type\":\"ImageObject\",\"inLanguage\":\"fr-FR\",\"@id\":\"https:\/\/charente.catholique.fr\/grand-angouleme\/#\/schema\/logo\/image\/\",\"url\":\"https:\/\/charente.catholique.fr\/grand-angouleme\/wp-content\/uploads\/sites\/2\/2020\/10\/logos.png\",\"contentUrl\":\"https:\/\/charente.catholique.fr\/grand-angouleme\/wp-content\/uploads\/sites\/2\/2020\/10\/logos.png\",\"width\":600,\"height\":257,\"caption\":\"Association Dioc\u00e9saine d'Angoul\u00eame\"},\"image\":{\"@id\":\"https:\/\/charente.catholique.fr\/grand-angouleme\/#\/schema\/logo\/image\/\"},\"sameAs\":[\"https:\/\/www.facebook.com\/EgliseCatholiqueCharente\",\"https:\/\/x.com\/diocesecharente\",\"https:\/\/www.instagram.com\/eglisecharente\",\"https:\/\/www.youtube.com\/channel\/UCByyFWApZbw3gDTiADoiAaQ\"]},{\"@type\":\"Person\",\"@id\":\"https:\/\/charente.catholique.fr\/grand-angouleme\/#\/schema\/person\/898f693d8a5f95b1bf02828f73967b47\",\"name\":\"Janine Laborde\",\"image\":{\"@type\":\"ImageObject\",\"inLanguage\":\"fr-FR\",\"@id\":\"https:\/\/charente.catholique.fr\/grand-angouleme\/#\/schema\/person\/image\/\",\"url\":\"https:\/\/secure.gravatar.com\/avatar\/a8f3185ff2f6cee7d79c60e904004ccb6107bdc3e38d176acfc1ee42b62a994e?s=96&d=mm&r=g\",\"contentUrl\":\"https:\/\/secure.gravatar.com\/avatar\/a8f3185ff2f6cee7d79c60e904004ccb6107bdc3e38d176acfc1ee42b62a994e?s=96&d=mm&r=g\",\"caption\":\"Janine Laborde\"},\"url\":\"https:\/\/charente.catholique.fr\/grand-angouleme\/author\/janinelaborde\/\"}]}<\/script>\n<!-- \/ Yoast SEO plugin. -->","yoast_head_json":{"title":"5\u00e8me dimanche de P\u00e2ques ann\u00e9e C 18\/05\/25 - Doyenn\u00e9 Grand Angoul\u00eame","robots":{"index":"index","follow":"follow","max-snippet":"max-snippet:-1","max-image-preview":"max-image-preview:large","max-video-preview":"max-video-preview:-1"},"canonical":"https:\/\/charente.catholique.fr\/grand-angouleme\/actualites\/5eme-dimanche-de-paques-annee-c-18-05-25\/","og_locale":"fr_FR","og_type":"article","og_title":"5\u00e8me dimanche de P\u00e2ques ann\u00e9e C 18\/05\/25 - Doyenn\u00e9 Grand Angoul\u00eame","og_description":"Accueil Dans la 1\u00e8re lecture de ce dimanche, nous voyons Paul et Barnab\u00e9 en marche pour annoncer la bonne nouvelle et ouvrir \u00e0 tous la porte de la foi. Aujourd\u2019hui, la paroisse Ste Jos\u00e9phine Bakhita accueille pour vivre ensemble cette c\u00e9l\u00e9bration le P\u00e8re Mouk\u00e9t\u00e9, le P\u00e8re Sylvain Drabo ainsi que des membres de la paroisse [&hellip;]","og_url":"https:\/\/charente.catholique.fr\/grand-angouleme\/actualites\/5eme-dimanche-de-paques-annee-c-18-05-25\/","og_site_name":"Doyenn\u00e9 Grand Angoul\u00eame","article_publisher":"https:\/\/www.facebook.com\/EgliseCatholiqueCharente","article_published_time":"2025-05-23T17:35:38+00:00","article_modified_time":"2025-05-24T19:01:40+00:00","og_image":[{"width":800,"height":403,"url":"https:\/\/charente.catholique.fr\/grand-angouleme\/wp-content\/uploads\/sites\/2\/2025\/05\/aimez-vous-les-uns-les-autres.gif","type":"image\/gif"}],"author":"Janine Laborde","twitter_card":"summary_large_image","twitter_creator":"@diocesecharente","twitter_site":"@diocesecharente","twitter_misc":{"\u00c9crit par":"Janine Laborde","Dur\u00e9e de lecture estim\u00e9e":"3 minutes"},"schema":{"@context":"https:\/\/schema.org","@graph":[{"@type":"Article","@id":"https:\/\/charente.catholique.fr\/grand-angouleme\/actualites\/5eme-dimanche-de-paques-annee-c-18-05-25\/#article","isPartOf":{"@id":"https:\/\/charente.catholique.fr\/grand-angouleme\/actualites\/5eme-dimanche-de-paques-annee-c-18-05-25\/"},"author":{"name":"Janine Laborde","@id":"https:\/\/charente.catholique.fr\/grand-angouleme\/#\/schema\/person\/898f693d8a5f95b1bf02828f73967b47"},"headline":"5\u00e8me dimanche de P\u00e2ques ann\u00e9e C 18\/05\/25","datePublished":"2025-05-23T17:35:38+00:00","dateModified":"2025-05-24T19:01:40+00:00","mainEntityOfPage":{"@id":"https:\/\/charente.catholique.fr\/grand-angouleme\/actualites\/5eme-dimanche-de-paques-annee-c-18-05-25\/"},"wordCount":616,"commentCount":0,"publisher":{"@id":"https:\/\/charente.catholique.fr\/grand-angouleme\/#organization"},"image":{"@id":"https:\/\/charente.catholique.fr\/grand-angouleme\/actualites\/5eme-dimanche-de-paques-annee-c-18-05-25\/#primaryimage"},"thumbnailUrl":"https:\/\/charente.catholique.fr\/grand-angouleme\/wp-content\/uploads\/sites\/2\/2025\/05\/aimez-vous-les-uns-les-autres.gif","articleSection":["Actualit\u00e9s"],"inLanguage":"fr-FR","potentialAction":[{"@type":"CommentAction","name":"Comment","target":["https:\/\/charente.catholique.fr\/grand-angouleme\/actualites\/5eme-dimanche-de-paques-annee-c-18-05-25\/#respond"]}]},{"@type":"WebPage","@id":"https:\/\/charente.catholique.fr\/grand-angouleme\/actualites\/5eme-dimanche-de-paques-annee-c-18-05-25\/","url":"https:\/\/charente.catholique.fr\/grand-angouleme\/actualites\/5eme-dimanche-de-paques-annee-c-18-05-25\/","name":"5\u00e8me dimanche de P\u00e2ques ann\u00e9e C 18\/05\/25 - Doyenn\u00e9 Grand Angoul\u00eame","isPartOf":{"@id":"https:\/\/charente.catholique.fr\/grand-angouleme\/#website"},"primaryImageOfPage":{"@id":"https:\/\/charente.catholique.fr\/grand-angouleme\/actualites\/5eme-dimanche-de-paques-annee-c-18-05-25\/#primaryimage"},"image":{"@id":"https:\/\/charente.catholique.fr\/grand-angouleme\/actualites\/5eme-dimanche-de-paques-annee-c-18-05-25\/#primaryimage"},"thumbnailUrl":"https:\/\/charente.catholique.fr\/grand-angouleme\/wp-content\/uploads\/sites\/2\/2025\/05\/aimez-vous-les-uns-les-autres.gif","datePublished":"2025-05-23T17:35:38+00:00","dateModified":"2025-05-24T19:01:40+00:00","breadcrumb":{"@id":"https:\/\/charente.catholique.fr\/grand-angouleme\/actualites\/5eme-dimanche-de-paques-annee-c-18-05-25\/#breadcrumb"},"inLanguage":"fr-FR","potentialAction":[{"@type":"ReadAction","target":["https:\/\/charente.catholique.fr\/grand-angouleme\/actualites\/5eme-dimanche-de-paques-annee-c-18-05-25\/"]}]},{"@type":"ImageObject","inLanguage":"fr-FR","@id":"https:\/\/charente.catholique.fr\/grand-angouleme\/actualites\/5eme-dimanche-de-paques-annee-c-18-05-25\/#primaryimage","url":"https:\/\/charente.catholique.fr\/grand-angouleme\/wp-content\/uploads\/sites\/2\/2025\/05\/aimez-vous-les-uns-les-autres.gif","contentUrl":"https:\/\/charente.catholique.fr\/grand-angouleme\/wp-content\/uploads\/sites\/2\/2025\/05\/aimez-vous-les-uns-les-autres.gif","width":800,"height":403},{"@type":"BreadcrumbList","@id":"https:\/\/charente.catholique.fr\/grand-angouleme\/actualites\/5eme-dimanche-de-paques-annee-c-18-05-25\/#breadcrumb","itemListElement":[{"@type":"ListItem","position":1,"name":"Accueil","item":"https:\/\/charente.catholique.fr\/grand-angouleme\/"},{"@type":"ListItem","position":2,"name":"5\u00e8me dimanche de P\u00e2ques ann\u00e9e C 18\/05\/25"}]},{"@type":"WebSite","@id":"https:\/\/charente.catholique.fr\/grand-angouleme\/#website","url":"https:\/\/charente.catholique.fr\/grand-angouleme\/","name":"Doyenn\u00e9 Grand Angoul\u00eame - Dioc\u00e8se d'Angoul\u00eame","description":"Dioc\u00e8se d&#039;Angoul\u00eame","publisher":{"@id":"https:\/\/charente.catholique.fr\/grand-angouleme\/#organization"},"potentialAction":[{"@type":"SearchAction","target":{"@type":"EntryPoint","urlTemplate":"https:\/\/charente.catholique.fr\/grand-angouleme\/?s={search_term_string}"},"query-input":{"@type":"PropertyValueSpecification","valueRequired":true,"valueName":"search_term_string"}}],"inLanguage":"fr-FR"},{"@type":"Organization","@id":"https:\/\/charente.catholique.fr\/grand-angouleme\/#organization","name":"Association Dioc\u00e9saine d'Angoul\u00eame","url":"https:\/\/charente.catholique.fr\/grand-angouleme\/","logo":{"@type":"ImageObject","inLanguage":"fr-FR","@id":"https:\/\/charente.catholique.fr\/grand-angouleme\/#\/schema\/logo\/image\/","url":"https:\/\/charente.catholique.fr\/grand-angouleme\/wp-content\/uploads\/sites\/2\/2020\/10\/logos.png","contentUrl":"https:\/\/charente.catholique.fr\/grand-angouleme\/wp-content\/uploads\/sites\/2\/2020\/10\/logos.png","width":600,"height":257,"caption":"Association Dioc\u00e9saine d'Angoul\u00eame"},"image":{"@id":"https:\/\/charente.catholique.fr\/grand-angouleme\/#\/schema\/logo\/image\/"},"sameAs":["https:\/\/www.facebook.com\/EgliseCatholiqueCharente","https:\/\/x.com\/diocesecharente","https:\/\/www.instagram.com\/eglisecharente","https:\/\/www.youtube.com\/channel\/UCByyFWApZbw3gDTiADoiAaQ"]},{"@type":"Person","@id":"https:\/\/charente.catholique.fr\/grand-angouleme\/#\/schema\/person\/898f693d8a5f95b1bf02828f73967b47","name":"Janine Laborde","image":{"@type":"ImageObject","inLanguage":"fr-FR","@id":"https:\/\/charente.catholique.fr\/grand-angouleme\/#\/schema\/person\/image\/","url":"https:\/\/secure.gravatar.com\/avatar\/a8f3185ff2f6cee7d79c60e904004ccb6107bdc3e38d176acfc1ee42b62a994e?s=96&d=mm&r=g","contentUrl":"https:\/\/secure.gravatar.com\/avatar\/a8f3185ff2f6cee7d79c60e904004ccb6107bdc3e38d176acfc1ee42b62a994e?s=96&d=mm&r=g","caption":"Janine Laborde"},"url":"https:\/\/charente.catholique.fr\/grand-angouleme\/author\/janinelaborde\/"}]}},"_links":{"self":[{"href":"https:\/\/charente.catholique.fr\/grand-angouleme\/wp-json\/wp\/v2\/posts\/27672","targetHints":{"allow":["GET"]}}],"collection":[{"href":"https:\/\/charente.catholique.fr\/grand-angouleme\/wp-json\/wp\/v2\/posts"}],"about":[{"href":"https:\/\/charente.catholique.fr\/grand-angouleme\/wp-json\/wp\/v2\/types\/post"}],"author":[{"embeddable":true,"href":"https:\/\/charente.catholique.fr\/grand-angouleme\/wp-json\/wp\/v2\/users\/22"}],"replies":[{"embeddable":true,"href":"https:\/\/charente.catholique.fr\/grand-angouleme\/wp-json\/wp\/v2\/comments?post=27672"}],"version-history":[{"count":3,"href":"https:\/\/charente.catholique.fr\/grand-angouleme\/wp-json\/wp\/v2\/posts\/27672\/revisions"}],"predecessor-version":[{"id":27677,"href":"https:\/\/charente.catholique.fr\/grand-angouleme\/wp-json\/wp\/v2\/posts\/27672\/revisions\/27677"}],"wp:featuredmedia":[{"embeddable":true,"href":"https:\/\/charente.catholique.fr\/grand-angouleme\/wp-json\/wp\/v2\/media\/27673"}],"wp:attachment":[{"href":"https:\/\/charente.catholique.fr\/grand-angouleme\/wp-json\/wp\/v2\/media?parent=27672"}],"wp:term":[{"taxonomy":"category","embeddable":true,"href":"https:\/\/charente.catholique.fr\/grand-angouleme\/wp-json\/wp\/v2\/categories?post=27672"},{"taxonomy":"post_tag","embeddable":true,"href":"https:\/\/charente.catholique.fr\/grand-angouleme\/wp-json\/wp\/v2\/tags?post=27672"}],"curies":[{"name":"wp","href":"https:\/\/api.w.org\/{rel}","templated":true}]}}