{"id":27365,"date":"2025-04-19T17:30:15","date_gmt":"2025-04-19T15:30:15","guid":{"rendered":"https:\/\/charente.catholique.fr\/grand-angouleme\/?p=27365"},"modified":"2025-04-22T04:12:09","modified_gmt":"2025-04-22T02:12:09","slug":"jeudi-saint-2025","status":"publish","type":"post","link":"https:\/\/charente.catholique.fr\/grand-angouleme\/actualites\/jeudi-saint-2025\/","title":{"rendered":"Jeudi Saint 2025"},"content":{"rendered":"\n<h5 class=\"wp-block-heading\">Accueil<\/h5>\n\n\n\n<p>&#8220;Venez toutes et tous me retrouver autour de la table. J&#8217;ai besoin de vous autour de moi pour vivre ce dernier repas avant d&#8217;entreprendre ce chemin qui me m\u00e8nera au bois de la croix.&#8221;<\/p>\n\n\n\n<p>Faisons ensemble m\u00e9moire de la premi\u00e8re P\u00e2que que mon P\u00e8re a voulu pour permettre aux h\u00e9breux de sortir d&#8217;Egypte et de l&#8217;esclavage. En marquant leur maison du sang de l&#8217;agneau qu&#8217;ils ont partag\u00e9 avec d&#8217;autres et dont ils se seront nourris avant d&#8217;entamer leur longue marche en essayant de garder confiance. <\/p>\n\n\n\n<p>Aujourd&#8217;hui, ce geste du lavement des pieds de J\u00e9sus envers ses disciples et de l&#8217;offrande de son corps et de son sang scelle une nouvelle alliance avec l&#8217;Homme. R\u00e9pondons \u00e0 cet \u00e9lan d&#8217;amour en devenant \u00e0 notre tour serviteur s&#8217;abaissant avec humilit\u00e9 sans \u00eatre soumis. <\/p>\n\n\n\n<p>Le lavement des pieds nous lie intimement \u00e0 la communion du pain rompu pour \u00eatre partag\u00e9 et \u00e0 la coupe de vin transmise aux convives que nous sommes aujourd&#8217;hui.<\/p>\n\n\n\n<p>Alors une fois nourris levons nous de la table pour aller semer des \u00e9tincelles d&#8217;esp\u00e9rance d&#8217;un Dieu d&#8217;amour et de tendresse.<\/p>\n\n\n\n<h5 class=\"wp-block-heading\"><a href=\"https:\/\/www.aelf.org\/2025-04-17\/romain\/messe\">Lectures du jour<\/a><\/h5>\n\n\n\n<h5 class=\"wp-block-heading\">Hom\u00e9lie du P\u00e8re Denis <\/h5>\n\n\n\n<figure class=\"wp-block-embed is-type-video is-provider-youtube wp-block-embed-youtube wp-embed-aspect-16-9 wp-has-aspect-ratio\"><div class=\"wp-block-embed__wrapper\">\n<iframe loading=\"lazy\" title=\"hom\u00e9lie du p\u00e8re Denis Trinez pour le Jeudi Saint\" width=\"500\" height=\"281\" src=\"https:\/\/www.youtube.com\/embed\/_8e8howgDSk?feature=oembed\" frameborder=\"0\" allow=\"accelerometer; autoplay; clipboard-write; encrypted-media; gyroscope; picture-in-picture; web-share\" referrerpolicy=\"strict-origin-when-cross-origin\" allowfullscreen><\/iframe>\n<\/div><\/figure>\n\n\n\n<h5 class=\"wp-block-heading\">Pri\u00e8re universelle <\/h5>\n\n\n\n<ul class=\"wp-block-list\">\n<li>Seigneur, chaque jour tu nous donnes ton Corps et ton Sang. Nous te prions pour le Pape, les Ev\u00eaques, les pr\u00eatres : soutiens-les dans leur minist\u00e8re afin qu\u2019ils portent pour le monde des fruits de foi, d\u2019esp\u00e9rance et de service fraternel&#8230; Nous te rendons gr\u00e2ce pour les nombreux cat\u00e9chum\u00e8nes qui recevront l\u2019Eucharistie dans la nuit de P\u00e2ques : qu\u2019ils se sentent toujours encourag\u00e9s \u00e0 rester fid\u00e8les \u00e0 leur engagement.<\/li>\n<\/ul>\n\n\n\n<ul class=\"wp-block-list\">\n<li>Seigneur, chaque jour tu mets le tablier pour nous servir. Nous te prions pour ceux qui exercent des responsabilit\u00e9s dans nos soci\u00e9t\u00e9s : qu\u2019ils aient le courage de s\u2019engager humblement et fermement pour la paix, la justice et la v\u00e9rit\u00e9, et s\u2019emploient \u00e0 faire de notre monde une terre habitable pour tous.<\/li>\n<\/ul>\n\n\n\n<ul class=\"wp-block-list\">\n<li>Seigneur, chaque jour jour tu vis l\u2019abaissement et l\u2019abandon.. Nous te prions pour ceux qui sont diminu\u00e9s, r\u00e9prouv\u00e9s, rejet\u00e9s : qu\u2019ils go\u00fbtent ta tendresse et le r\u00e9confort de ta pr\u00e9sence \u00e0 leur c\u00f4t\u00e9, ainsi que l\u2019attention de fr\u00e8res compatissants.<\/li>\n<\/ul>\n\n\n\n<ul class=\"wp-block-list\">\n<li>Seigneur, chaque jour tu laves les pieds de tes disciples. Nous te prions pour les disciples que nous sommes : que nous sachions marcher humblement \u00e0 ta suite sur le chemin de l\u2019amour et du don, dans la bont\u00e9, la simplicit\u00e9 et la d\u00e9licatesse du service quotidien.<\/li>\n<\/ul>\n","protected":false},"excerpt":{"rendered":"<p>Accueil &#8220;Venez toutes et tous me retrouver autour de la table. J&#8217;ai besoin de vous autour de moi pour vivre ce dernier repas avant d&#8217;entreprendre ce chemin qui me m\u00e8nera au bois de la croix.&#8221; Faisons ensemble m\u00e9moire de la premi\u00e8re P\u00e2que que mon P\u00e8re a voulu pour permettre aux h\u00e9breux de sortir d&#8217;Egypte et [&hellip;]<\/p>\n","protected":false},"author":22,"featured_media":27367,"comment_status":"open","ping_status":"open","sticky":false,"template":"","format":"standard","meta":{"_acf_changed":false,"paroisse":["8"],"service":["0"],"footnotes":""},"categories":[1],"tags":[],"class_list":["post-27365","post","type-post","status-publish","format-standard","has-post-thumbnail","hentry","category-actualites"],"acf":[],"yoast_head":"<!-- This site is optimized with the Yoast SEO plugin v27.1.1 - https:\/\/yoast.com\/product\/yoast-seo-wordpress\/ -->\n<title>Jeudi Saint 2025 - Doyenn\u00e9 Grand Angoul\u00eame<\/title>\n<meta name=\"robots\" content=\"index, follow, max-snippet:-1, max-image-preview:large, max-video-preview:-1\" \/>\n<link rel=\"canonical\" href=\"https:\/\/charente.catholique.fr\/grand-angouleme\/actualites\/jeudi-saint-2025\/\" \/>\n<meta property=\"og:locale\" content=\"fr_FR\" \/>\n<meta property=\"og:type\" content=\"article\" \/>\n<meta property=\"og:title\" content=\"Jeudi Saint 2025 - Doyenn\u00e9 Grand Angoul\u00eame\" \/>\n<meta property=\"og:description\" content=\"Accueil &#8220;Venez toutes et tous me retrouver autour de la table. J&#8217;ai besoin de vous autour de moi pour vivre ce dernier repas avant d&#8217;entreprendre ce chemin qui me m\u00e8nera au bois de la croix.&#8221; Faisons ensemble m\u00e9moire de la premi\u00e8re P\u00e2que que mon P\u00e8re a voulu pour permettre aux h\u00e9breux de sortir d&#8217;Egypte et [&hellip;]\" \/>\n<meta property=\"og:url\" content=\"https:\/\/charente.catholique.fr\/grand-angouleme\/actualites\/jeudi-saint-2025\/\" \/>\n<meta property=\"og:site_name\" content=\"Doyenn\u00e9 Grand Angoul\u00eame\" \/>\n<meta property=\"article:publisher\" content=\"https:\/\/www.facebook.com\/EgliseCatholiqueCharente\" \/>\n<meta property=\"article:published_time\" content=\"2025-04-19T15:30:15+00:00\" \/>\n<meta property=\"article:modified_time\" content=\"2025-04-22T02:12:09+00:00\" \/>\n<meta property=\"og:image\" content=\"https:\/\/charente.catholique.fr\/grand-angouleme\/wp-content\/uploads\/sites\/2\/2025\/04\/20250419_172355.jpg\" \/>\n\t<meta property=\"og:image:width\" content=\"1400\" \/>\n\t<meta property=\"og:image:height\" content=\"735\" \/>\n\t<meta property=\"og:image:type\" content=\"image\/jpeg\" \/>\n<meta name=\"author\" content=\"Janine Laborde\" \/>\n<meta name=\"twitter:card\" content=\"summary_large_image\" \/>\n<meta name=\"twitter:creator\" content=\"@diocesecharente\" \/>\n<meta name=\"twitter:site\" content=\"@diocesecharente\" \/>\n<meta name=\"twitter:label1\" content=\"\u00c9crit par\" \/>\n\t<meta name=\"twitter:data1\" content=\"Janine Laborde\" \/>\n\t<meta name=\"twitter:label2\" content=\"Dur\u00e9e de lecture estim\u00e9e\" \/>\n\t<meta name=\"twitter:data2\" content=\"3 minutes\" \/>\n<script type=\"application\/ld+json\" class=\"yoast-schema-graph\">{\"@context\":\"https:\/\/schema.org\",\"@graph\":[{\"@type\":\"Article\",\"@id\":\"https:\/\/charente.catholique.fr\/grand-angouleme\/actualites\/jeudi-saint-2025\/#article\",\"isPartOf\":{\"@id\":\"https:\/\/charente.catholique.fr\/grand-angouleme\/actualites\/jeudi-saint-2025\/\"},\"author\":{\"name\":\"Janine Laborde\",\"@id\":\"https:\/\/charente.catholique.fr\/grand-angouleme\/#\/schema\/person\/898f693d8a5f95b1bf02828f73967b47\"},\"headline\":\"Jeudi Saint 2025\",\"datePublished\":\"2025-04-19T15:30:15+00:00\",\"dateModified\":\"2025-04-22T02:12:09+00:00\",\"mainEntityOfPage\":{\"@id\":\"https:\/\/charente.catholique.fr\/grand-angouleme\/actualites\/jeudi-saint-2025\/\"},\"wordCount\":459,\"commentCount\":0,\"publisher\":{\"@id\":\"https:\/\/charente.catholique.fr\/grand-angouleme\/#organization\"},\"image\":{\"@id\":\"https:\/\/charente.catholique.fr\/grand-angouleme\/actualites\/jeudi-saint-2025\/#primaryimage\"},\"thumbnailUrl\":\"https:\/\/charente.catholique.fr\/grand-angouleme\/wp-content\/uploads\/sites\/2\/2025\/04\/20250419_172355.jpg\",\"articleSection\":[\"Actualit\u00e9s\"],\"inLanguage\":\"fr-FR\",\"potentialAction\":[{\"@type\":\"CommentAction\",\"name\":\"Comment\",\"target\":[\"https:\/\/charente.catholique.fr\/grand-angouleme\/actualites\/jeudi-saint-2025\/#respond\"]}]},{\"@type\":\"WebPage\",\"@id\":\"https:\/\/charente.catholique.fr\/grand-angouleme\/actualites\/jeudi-saint-2025\/\",\"url\":\"https:\/\/charente.catholique.fr\/grand-angouleme\/actualites\/jeudi-saint-2025\/\",\"name\":\"Jeudi Saint 2025 - Doyenn\u00e9 Grand Angoul\u00eame\",\"isPartOf\":{\"@id\":\"https:\/\/charente.catholique.fr\/grand-angouleme\/#website\"},\"primaryImageOfPage\":{\"@id\":\"https:\/\/charente.catholique.fr\/grand-angouleme\/actualites\/jeudi-saint-2025\/#primaryimage\"},\"image\":{\"@id\":\"https:\/\/charente.catholique.fr\/grand-angouleme\/actualites\/jeudi-saint-2025\/#primaryimage\"},\"thumbnailUrl\":\"https:\/\/charente.catholique.fr\/grand-angouleme\/wp-content\/uploads\/sites\/2\/2025\/04\/20250419_172355.jpg\",\"datePublished\":\"2025-04-19T15:30:15+00:00\",\"dateModified\":\"2025-04-22T02:12:09+00:00\",\"breadcrumb\":{\"@id\":\"https:\/\/charente.catholique.fr\/grand-angouleme\/actualites\/jeudi-saint-2025\/#breadcrumb\"},\"inLanguage\":\"fr-FR\",\"potentialAction\":[{\"@type\":\"ReadAction\",\"target\":[\"https:\/\/charente.catholique.fr\/grand-angouleme\/actualites\/jeudi-saint-2025\/\"]}]},{\"@type\":\"ImageObject\",\"inLanguage\":\"fr-FR\",\"@id\":\"https:\/\/charente.catholique.fr\/grand-angouleme\/actualites\/jeudi-saint-2025\/#primaryimage\",\"url\":\"https:\/\/charente.catholique.fr\/grand-angouleme\/wp-content\/uploads\/sites\/2\/2025\/04\/20250419_172355.jpg\",\"contentUrl\":\"https:\/\/charente.catholique.fr\/grand-angouleme\/wp-content\/uploads\/sites\/2\/2025\/04\/20250419_172355.jpg\",\"width\":1400,\"height\":735},{\"@type\":\"BreadcrumbList\",\"@id\":\"https:\/\/charente.catholique.fr\/grand-angouleme\/actualites\/jeudi-saint-2025\/#breadcrumb\",\"itemListElement\":[{\"@type\":\"ListItem\",\"position\":1,\"name\":\"Accueil\",\"item\":\"https:\/\/charente.catholique.fr\/grand-angouleme\/\"},{\"@type\":\"ListItem\",\"position\":2,\"name\":\"Jeudi Saint 2025\"}]},{\"@type\":\"WebSite\",\"@id\":\"https:\/\/charente.catholique.fr\/grand-angouleme\/#website\",\"url\":\"https:\/\/charente.catholique.fr\/grand-angouleme\/\",\"name\":\"Doyenn\u00e9 Grand Angoul\u00eame - Dioc\u00e8se d'Angoul\u00eame\",\"description\":\"Dioc\u00e8se d&#039;Angoul\u00eame\",\"publisher\":{\"@id\":\"https:\/\/charente.catholique.fr\/grand-angouleme\/#organization\"},\"potentialAction\":[{\"@type\":\"SearchAction\",\"target\":{\"@type\":\"EntryPoint\",\"urlTemplate\":\"https:\/\/charente.catholique.fr\/grand-angouleme\/?s={search_term_string}\"},\"query-input\":{\"@type\":\"PropertyValueSpecification\",\"valueRequired\":true,\"valueName\":\"search_term_string\"}}],\"inLanguage\":\"fr-FR\"},{\"@type\":\"Organization\",\"@id\":\"https:\/\/charente.catholique.fr\/grand-angouleme\/#organization\",\"name\":\"Association Dioc\u00e9saine d'Angoul\u00eame\",\"url\":\"https:\/\/charente.catholique.fr\/grand-angouleme\/\",\"logo\":{\"@type\":\"ImageObject\",\"inLanguage\":\"fr-FR\",\"@id\":\"https:\/\/charente.catholique.fr\/grand-angouleme\/#\/schema\/logo\/image\/\",\"url\":\"https:\/\/charente.catholique.fr\/grand-angouleme\/wp-content\/uploads\/sites\/2\/2020\/10\/logos.png\",\"contentUrl\":\"https:\/\/charente.catholique.fr\/grand-angouleme\/wp-content\/uploads\/sites\/2\/2020\/10\/logos.png\",\"width\":600,\"height\":257,\"caption\":\"Association Dioc\u00e9saine d'Angoul\u00eame\"},\"image\":{\"@id\":\"https:\/\/charente.catholique.fr\/grand-angouleme\/#\/schema\/logo\/image\/\"},\"sameAs\":[\"https:\/\/www.facebook.com\/EgliseCatholiqueCharente\",\"https:\/\/x.com\/diocesecharente\",\"https:\/\/www.instagram.com\/eglisecharente\",\"https:\/\/www.youtube.com\/channel\/UCByyFWApZbw3gDTiADoiAaQ\"]},{\"@type\":\"Person\",\"@id\":\"https:\/\/charente.catholique.fr\/grand-angouleme\/#\/schema\/person\/898f693d8a5f95b1bf02828f73967b47\",\"name\":\"Janine Laborde\",\"image\":{\"@type\":\"ImageObject\",\"inLanguage\":\"fr-FR\",\"@id\":\"https:\/\/charente.catholique.fr\/grand-angouleme\/#\/schema\/person\/image\/\",\"url\":\"https:\/\/secure.gravatar.com\/avatar\/a8f3185ff2f6cee7d79c60e904004ccb6107bdc3e38d176acfc1ee42b62a994e?s=96&d=mm&r=g\",\"contentUrl\":\"https:\/\/secure.gravatar.com\/avatar\/a8f3185ff2f6cee7d79c60e904004ccb6107bdc3e38d176acfc1ee42b62a994e?s=96&d=mm&r=g\",\"caption\":\"Janine Laborde\"},\"url\":\"https:\/\/charente.catholique.fr\/grand-angouleme\/author\/janinelaborde\/\"}]}<\/script>\n<!-- \/ Yoast SEO plugin. -->","yoast_head_json":{"title":"Jeudi Saint 2025 - Doyenn\u00e9 Grand Angoul\u00eame","robots":{"index":"index","follow":"follow","max-snippet":"max-snippet:-1","max-image-preview":"max-image-preview:large","max-video-preview":"max-video-preview:-1"},"canonical":"https:\/\/charente.catholique.fr\/grand-angouleme\/actualites\/jeudi-saint-2025\/","og_locale":"fr_FR","og_type":"article","og_title":"Jeudi Saint 2025 - Doyenn\u00e9 Grand Angoul\u00eame","og_description":"Accueil &#8220;Venez toutes et tous me retrouver autour de la table. J&#8217;ai besoin de vous autour de moi pour vivre ce dernier repas avant d&#8217;entreprendre ce chemin qui me m\u00e8nera au bois de la croix.&#8221; Faisons ensemble m\u00e9moire de la premi\u00e8re P\u00e2que que mon P\u00e8re a voulu pour permettre aux h\u00e9breux de sortir d&#8217;Egypte et [&hellip;]","og_url":"https:\/\/charente.catholique.fr\/grand-angouleme\/actualites\/jeudi-saint-2025\/","og_site_name":"Doyenn\u00e9 Grand Angoul\u00eame","article_publisher":"https:\/\/www.facebook.com\/EgliseCatholiqueCharente","article_published_time":"2025-04-19T15:30:15+00:00","article_modified_time":"2025-04-22T02:12:09+00:00","og_image":[{"width":1400,"height":735,"url":"https:\/\/charente.catholique.fr\/grand-angouleme\/wp-content\/uploads\/sites\/2\/2025\/04\/20250419_172355.jpg","type":"image\/jpeg"}],"author":"Janine Laborde","twitter_card":"summary_large_image","twitter_creator":"@diocesecharente","twitter_site":"@diocesecharente","twitter_misc":{"\u00c9crit par":"Janine Laborde","Dur\u00e9e de lecture estim\u00e9e":"3 minutes"},"schema":{"@context":"https:\/\/schema.org","@graph":[{"@type":"Article","@id":"https:\/\/charente.catholique.fr\/grand-angouleme\/actualites\/jeudi-saint-2025\/#article","isPartOf":{"@id":"https:\/\/charente.catholique.fr\/grand-angouleme\/actualites\/jeudi-saint-2025\/"},"author":{"name":"Janine Laborde","@id":"https:\/\/charente.catholique.fr\/grand-angouleme\/#\/schema\/person\/898f693d8a5f95b1bf02828f73967b47"},"headline":"Jeudi Saint 2025","datePublished":"2025-04-19T15:30:15+00:00","dateModified":"2025-04-22T02:12:09+00:00","mainEntityOfPage":{"@id":"https:\/\/charente.catholique.fr\/grand-angouleme\/actualites\/jeudi-saint-2025\/"},"wordCount":459,"commentCount":0,"publisher":{"@id":"https:\/\/charente.catholique.fr\/grand-angouleme\/#organization"},"image":{"@id":"https:\/\/charente.catholique.fr\/grand-angouleme\/actualites\/jeudi-saint-2025\/#primaryimage"},"thumbnailUrl":"https:\/\/charente.catholique.fr\/grand-angouleme\/wp-content\/uploads\/sites\/2\/2025\/04\/20250419_172355.jpg","articleSection":["Actualit\u00e9s"],"inLanguage":"fr-FR","potentialAction":[{"@type":"CommentAction","name":"Comment","target":["https:\/\/charente.catholique.fr\/grand-angouleme\/actualites\/jeudi-saint-2025\/#respond"]}]},{"@type":"WebPage","@id":"https:\/\/charente.catholique.fr\/grand-angouleme\/actualites\/jeudi-saint-2025\/","url":"https:\/\/charente.catholique.fr\/grand-angouleme\/actualites\/jeudi-saint-2025\/","name":"Jeudi Saint 2025 - Doyenn\u00e9 Grand Angoul\u00eame","isPartOf":{"@id":"https:\/\/charente.catholique.fr\/grand-angouleme\/#website"},"primaryImageOfPage":{"@id":"https:\/\/charente.catholique.fr\/grand-angouleme\/actualites\/jeudi-saint-2025\/#primaryimage"},"image":{"@id":"https:\/\/charente.catholique.fr\/grand-angouleme\/actualites\/jeudi-saint-2025\/#primaryimage"},"thumbnailUrl":"https:\/\/charente.catholique.fr\/grand-angouleme\/wp-content\/uploads\/sites\/2\/2025\/04\/20250419_172355.jpg","datePublished":"2025-04-19T15:30:15+00:00","dateModified":"2025-04-22T02:12:09+00:00","breadcrumb":{"@id":"https:\/\/charente.catholique.fr\/grand-angouleme\/actualites\/jeudi-saint-2025\/#breadcrumb"},"inLanguage":"fr-FR","potentialAction":[{"@type":"ReadAction","target":["https:\/\/charente.catholique.fr\/grand-angouleme\/actualites\/jeudi-saint-2025\/"]}]},{"@type":"ImageObject","inLanguage":"fr-FR","@id":"https:\/\/charente.catholique.fr\/grand-angouleme\/actualites\/jeudi-saint-2025\/#primaryimage","url":"https:\/\/charente.catholique.fr\/grand-angouleme\/wp-content\/uploads\/sites\/2\/2025\/04\/20250419_172355.jpg","contentUrl":"https:\/\/charente.catholique.fr\/grand-angouleme\/wp-content\/uploads\/sites\/2\/2025\/04\/20250419_172355.jpg","width":1400,"height":735},{"@type":"BreadcrumbList","@id":"https:\/\/charente.catholique.fr\/grand-angouleme\/actualites\/jeudi-saint-2025\/#breadcrumb","itemListElement":[{"@type":"ListItem","position":1,"name":"Accueil","item":"https:\/\/charente.catholique.fr\/grand-angouleme\/"},{"@type":"ListItem","position":2,"name":"Jeudi Saint 2025"}]},{"@type":"WebSite","@id":"https:\/\/charente.catholique.fr\/grand-angouleme\/#website","url":"https:\/\/charente.catholique.fr\/grand-angouleme\/","name":"Doyenn\u00e9 Grand Angoul\u00eame - Dioc\u00e8se d'Angoul\u00eame","description":"Dioc\u00e8se d&#039;Angoul\u00eame","publisher":{"@id":"https:\/\/charente.catholique.fr\/grand-angouleme\/#organization"},"potentialAction":[{"@type":"SearchAction","target":{"@type":"EntryPoint","urlTemplate":"https:\/\/charente.catholique.fr\/grand-angouleme\/?s={search_term_string}"},"query-input":{"@type":"PropertyValueSpecification","valueRequired":true,"valueName":"search_term_string"}}],"inLanguage":"fr-FR"},{"@type":"Organization","@id":"https:\/\/charente.catholique.fr\/grand-angouleme\/#organization","name":"Association Dioc\u00e9saine d'Angoul\u00eame","url":"https:\/\/charente.catholique.fr\/grand-angouleme\/","logo":{"@type":"ImageObject","inLanguage":"fr-FR","@id":"https:\/\/charente.catholique.fr\/grand-angouleme\/#\/schema\/logo\/image\/","url":"https:\/\/charente.catholique.fr\/grand-angouleme\/wp-content\/uploads\/sites\/2\/2020\/10\/logos.png","contentUrl":"https:\/\/charente.catholique.fr\/grand-angouleme\/wp-content\/uploads\/sites\/2\/2020\/10\/logos.png","width":600,"height":257,"caption":"Association Dioc\u00e9saine d'Angoul\u00eame"},"image":{"@id":"https:\/\/charente.catholique.fr\/grand-angouleme\/#\/schema\/logo\/image\/"},"sameAs":["https:\/\/www.facebook.com\/EgliseCatholiqueCharente","https:\/\/x.com\/diocesecharente","https:\/\/www.instagram.com\/eglisecharente","https:\/\/www.youtube.com\/channel\/UCByyFWApZbw3gDTiADoiAaQ"]},{"@type":"Person","@id":"https:\/\/charente.catholique.fr\/grand-angouleme\/#\/schema\/person\/898f693d8a5f95b1bf02828f73967b47","name":"Janine Laborde","image":{"@type":"ImageObject","inLanguage":"fr-FR","@id":"https:\/\/charente.catholique.fr\/grand-angouleme\/#\/schema\/person\/image\/","url":"https:\/\/secure.gravatar.com\/avatar\/a8f3185ff2f6cee7d79c60e904004ccb6107bdc3e38d176acfc1ee42b62a994e?s=96&d=mm&r=g","contentUrl":"https:\/\/secure.gravatar.com\/avatar\/a8f3185ff2f6cee7d79c60e904004ccb6107bdc3e38d176acfc1ee42b62a994e?s=96&d=mm&r=g","caption":"Janine Laborde"},"url":"https:\/\/charente.catholique.fr\/grand-angouleme\/author\/janinelaborde\/"}]}},"_links":{"self":[{"href":"https:\/\/charente.catholique.fr\/grand-angouleme\/wp-json\/wp\/v2\/posts\/27365","targetHints":{"allow":["GET"]}}],"collection":[{"href":"https:\/\/charente.catholique.fr\/grand-angouleme\/wp-json\/wp\/v2\/posts"}],"about":[{"href":"https:\/\/charente.catholique.fr\/grand-angouleme\/wp-json\/wp\/v2\/types\/post"}],"author":[{"embeddable":true,"href":"https:\/\/charente.catholique.fr\/grand-angouleme\/wp-json\/wp\/v2\/users\/22"}],"replies":[{"embeddable":true,"href":"https:\/\/charente.catholique.fr\/grand-angouleme\/wp-json\/wp\/v2\/comments?post=27365"}],"version-history":[{"count":8,"href":"https:\/\/charente.catholique.fr\/grand-angouleme\/wp-json\/wp\/v2\/posts\/27365\/revisions"}],"predecessor-version":[{"id":27385,"href":"https:\/\/charente.catholique.fr\/grand-angouleme\/wp-json\/wp\/v2\/posts\/27365\/revisions\/27385"}],"wp:featuredmedia":[{"embeddable":true,"href":"https:\/\/charente.catholique.fr\/grand-angouleme\/wp-json\/wp\/v2\/media\/27367"}],"wp:attachment":[{"href":"https:\/\/charente.catholique.fr\/grand-angouleme\/wp-json\/wp\/v2\/media?parent=27365"}],"wp:term":[{"taxonomy":"category","embeddable":true,"href":"https:\/\/charente.catholique.fr\/grand-angouleme\/wp-json\/wp\/v2\/categories?post=27365"},{"taxonomy":"post_tag","embeddable":true,"href":"https:\/\/charente.catholique.fr\/grand-angouleme\/wp-json\/wp\/v2\/tags?post=27365"}],"curies":[{"name":"wp","href":"https:\/\/api.w.org\/{rel}","templated":true}]}}