{"id":25846,"date":"2024-11-17T14:55:19","date_gmt":"2024-11-17T13:55:19","guid":{"rendered":"https:\/\/charente.catholique.fr\/grand-angouleme\/?p=25846"},"modified":"2024-11-17T20:19:48","modified_gmt":"2024-11-17T19:19:48","slug":"dimanche-17-novembre-33eme-dimanche-annee-b","status":"publish","type":"post","link":"https:\/\/charente.catholique.fr\/grand-angouleme\/actualites\/dimanche-17-novembre-33eme-dimanche-annee-b\/","title":{"rendered":"Dimanche 17 novembre 33\u00e8me dimanche Ann\u00e9e B"},"content":{"rendered":"\n<h5 class=\"wp-block-heading\">Accueil<\/h5>\n\n\n\n<p>Bonjour \u00e0 toutes et \u00e0 tous! Aujourd&#8217;hui, c&#8217;est la Journ\u00e9e mondiale du Pauvre.<br>Dans le chapitre 21 du Siracide, nous lisons : &#8220;La pri\u00e8re qui sort de la bouche du pauvre arrive aux oreilles de Dieu et, sans tarder, justice lui sera faite. &#8220;Au del\u00e0 de toutes les \u00e9preuves que le monde traverse et qui atteignent aussi nos vies, nos familles, nos quartiers, la Parole de Dieu nous convoque \u00e0 une esp\u00e9rance active, une confiance toujours renouvel\u00e9e dans son pardon, son amour pour l&#8217; humanit\u00e9, la vie du Christ enti\u00e8rement donn\u00e9e.<br>Alors gardons le Seigneur devant nous sans rel\u00e2che : Il d\u00e9sire nous combler de sa joie et de sa paix. Il veut remplir nos c\u0153urs de Son Esp\u00e9rance.<\/p>\n\n\n\n<h5 class=\"wp-block-heading\"><a href=\"https:\/\/www.aelf.org\/2024-11-17\/romain\/messe\">Textes du jour<\/a><\/h5>\n\n\n\n<h5 class=\"wp-block-heading\">Hom\u00e9lie  du P\u00e8re  Denis<\/h5>\n\n\n\n<figure class=\"wp-block-embed is-type-video is-provider-youtube wp-block-embed-youtube wp-embed-aspect-16-9 wp-has-aspect-ratio\"><div class=\"wp-block-embed__wrapper\">\n<iframe loading=\"lazy\" title=\"hom\u00e9lie du p\u00e8re Denis Trinez pour le 33\u00e8me dimanche de l&#039;ann\u00e9e B\" width=\"500\" height=\"281\" src=\"https:\/\/www.youtube.com\/embed\/oQeojcPDqj8?feature=oembed\" frameborder=\"0\" allow=\"accelerometer; autoplay; clipboard-write; encrypted-media; gyroscope; picture-in-picture; web-share\" referrerpolicy=\"strict-origin-when-cross-origin\" allowfullscreen><\/iframe>\n<\/div><\/figure>\n\n\n\n<h5 class=\"wp-block-heading\">Pri\u00e8re universelle <\/h5>\n\n\n\n<p>P\u00e8re de toute bont\u00e9,<br>B\u00e9nis ton Eglise, et plus particuli\u00e8rement aujourd\u2019hui, ton Eglise de Charente qui c\u00e9l\u00e8bre la f\u00eate du diaconat permanent.<br>Nous te rendons gr\u00e2ce pour elle, pour notre Ev\u00eaque, nos pr\u00eatres et nos diacres, si pr\u00e9sents au service de notre paroisse.<br>Envoie sur eux et sur de nouveaux fid\u00e8les, pr\u00eats \u00e0 s\u2019engager dans le minist\u00e8re du diaconat, le souffle de ton Esprit afin qu\u2019ils soient d\u2019authentiques t\u00e9moins de ton amour et fassent grandir ceux que tu leur confies dans l\u2019intelligence de ta Parole ;<br><strong>Nous t\u2019en prions<\/strong><\/p>\n\n\n\n<p>P\u00e8re de la cr\u00e9ation,<br>toi qui permets \u00e0 nos efforts de produire une terre nouvelle, regarde celles et ceux dont le m\u00e9tier ou le mandat est de veiller au bien commun.<br>Fais fructifier l\u2019ouvrage de ceux qui travaillent aupr\u00e8s des plus d\u00e9munis dans les associations caritatives.<br>Aide-les \u00e0 servir les sans-rien, afin que la paix promise par ton Fils puisse habiter le c\u0153ur des pauvres ;<br><strong>Nous t\u2019en prions<\/strong><\/p>\n\n\n\n<p>P\u00e8re consolateur,<br>Toi qui es avec nous en silence au c\u0153ur de nos \u00e9preuves, donne \u00e0 ceux qui traversent un temps de d\u00e9tresse, physique, psychologique ou morale de garder l\u2019esp\u00e9rance qui vient de toi, et de trouver pour les soutenir des chr\u00e9tiens fraternels ;<br><strong>Nous t\u2019en prions<\/strong><\/p>\n\n\n\n<p>P\u00e8re de tout amour,<br>en cette journ\u00e9e mondiale des pauvres et du Secours catholique, donne \u00e0 chaque membre de notre assembl\u00e9e le souci des fr\u00e8res dans le besoin, au-del\u00e0 de l\u2019aum\u00f4ne occasionnelle, mais dans une vraie proximit\u00e9 de partage et d\u2019\u00e9change.<br>Garde-fous \u00e9veill\u00e9s, vigilants dans la pri\u00e8re et la charit\u00e9 qui pr\u00e9parent la venue de ton r\u00e8gne ;<br><strong>Nous t\u2019en prions<\/strong><\/p>\n\n\n\n<p><\/p>\n","protected":false},"excerpt":{"rendered":"<p>Accueil Bonjour \u00e0 toutes et \u00e0 tous! Aujourd&#8217;hui, c&#8217;est la Journ\u00e9e mondiale du Pauvre.Dans le chapitre 21 du Siracide, nous lisons : &#8220;La pri\u00e8re qui sort de la bouche du pauvre arrive aux oreilles de Dieu et, sans tarder, justice lui sera faite. &#8220;Au del\u00e0 de toutes les \u00e9preuves que le monde traverse et qui [&hellip;]<\/p>\n","protected":false},"author":22,"featured_media":25849,"comment_status":"open","ping_status":"open","sticky":false,"template":"","format":"standard","meta":{"_acf_changed":false,"paroisse":["8"],"service":["0"],"footnotes":""},"categories":[1],"tags":[],"class_list":["post-25846","post","type-post","status-publish","format-standard","has-post-thumbnail","hentry","category-actualites"],"acf":[],"yoast_head":"<!-- This site is optimized with the Yoast SEO plugin v27.1.1 - https:\/\/yoast.com\/product\/yoast-seo-wordpress\/ -->\n<title>Dimanche 17 novembre 33\u00e8me dimanche Ann\u00e9e B - Doyenn\u00e9 Grand Angoul\u00eame<\/title>\n<meta name=\"robots\" content=\"index, follow, max-snippet:-1, max-image-preview:large, max-video-preview:-1\" \/>\n<link rel=\"canonical\" href=\"https:\/\/charente.catholique.fr\/grand-angouleme\/actualites\/dimanche-17-novembre-33eme-dimanche-annee-b\/\" \/>\n<meta property=\"og:locale\" content=\"fr_FR\" \/>\n<meta property=\"og:type\" content=\"article\" \/>\n<meta property=\"og:title\" content=\"Dimanche 17 novembre 33\u00e8me dimanche Ann\u00e9e B - Doyenn\u00e9 Grand Angoul\u00eame\" \/>\n<meta property=\"og:description\" content=\"Accueil Bonjour \u00e0 toutes et \u00e0 tous! Aujourd&#8217;hui, c&#8217;est la Journ\u00e9e mondiale du Pauvre.Dans le chapitre 21 du Siracide, nous lisons : &#8220;La pri\u00e8re qui sort de la bouche du pauvre arrive aux oreilles de Dieu et, sans tarder, justice lui sera faite. &#8220;Au del\u00e0 de toutes les \u00e9preuves que le monde traverse et qui [&hellip;]\" \/>\n<meta property=\"og:url\" content=\"https:\/\/charente.catholique.fr\/grand-angouleme\/actualites\/dimanche-17-novembre-33eme-dimanche-annee-b\/\" \/>\n<meta property=\"og:site_name\" content=\"Doyenn\u00e9 Grand Angoul\u00eame\" \/>\n<meta property=\"article:publisher\" content=\"https:\/\/www.facebook.com\/EgliseCatholiqueCharente\" \/>\n<meta property=\"article:published_time\" content=\"2024-11-17T13:55:19+00:00\" \/>\n<meta property=\"article:modified_time\" content=\"2024-11-17T19:19:48+00:00\" \/>\n<meta property=\"og:image\" content=\"https:\/\/charente.catholique.fr\/grand-angouleme\/wp-content\/uploads\/sites\/2\/2024\/11\/bourgeons.jpg\" \/>\n\t<meta property=\"og:image:width\" content=\"512\" \/>\n\t<meta property=\"og:image:height\" content=\"219\" \/>\n\t<meta property=\"og:image:type\" content=\"image\/jpeg\" \/>\n<meta name=\"author\" content=\"Janine Laborde\" \/>\n<meta name=\"twitter:card\" content=\"summary_large_image\" \/>\n<meta name=\"twitter:creator\" content=\"@diocesecharente\" \/>\n<meta name=\"twitter:site\" content=\"@diocesecharente\" \/>\n<meta name=\"twitter:label1\" content=\"\u00c9crit par\" \/>\n\t<meta name=\"twitter:data1\" content=\"Janine Laborde\" \/>\n\t<meta name=\"twitter:label2\" content=\"Dur\u00e9e de lecture estim\u00e9e\" \/>\n\t<meta name=\"twitter:data2\" content=\"3 minutes\" \/>\n<script type=\"application\/ld+json\" class=\"yoast-schema-graph\">{\"@context\":\"https:\/\/schema.org\",\"@graph\":[{\"@type\":\"Article\",\"@id\":\"https:\/\/charente.catholique.fr\/grand-angouleme\/actualites\/dimanche-17-novembre-33eme-dimanche-annee-b\/#article\",\"isPartOf\":{\"@id\":\"https:\/\/charente.catholique.fr\/grand-angouleme\/actualites\/dimanche-17-novembre-33eme-dimanche-annee-b\/\"},\"author\":{\"name\":\"Janine Laborde\",\"@id\":\"https:\/\/charente.catholique.fr\/grand-angouleme\/#\/schema\/person\/898f693d8a5f95b1bf02828f73967b47\"},\"headline\":\"Dimanche 17 novembre 33\u00e8me dimanche Ann\u00e9e B\",\"datePublished\":\"2024-11-17T13:55:19+00:00\",\"dateModified\":\"2024-11-17T19:19:48+00:00\",\"mainEntityOfPage\":{\"@id\":\"https:\/\/charente.catholique.fr\/grand-angouleme\/actualites\/dimanche-17-novembre-33eme-dimanche-annee-b\/\"},\"wordCount\":456,\"commentCount\":0,\"publisher\":{\"@id\":\"https:\/\/charente.catholique.fr\/grand-angouleme\/#organization\"},\"image\":{\"@id\":\"https:\/\/charente.catholique.fr\/grand-angouleme\/actualites\/dimanche-17-novembre-33eme-dimanche-annee-b\/#primaryimage\"},\"thumbnailUrl\":\"https:\/\/charente.catholique.fr\/grand-angouleme\/wp-content\/uploads\/sites\/2\/2024\/11\/bourgeons.jpg\",\"articleSection\":[\"Actualit\u00e9s\"],\"inLanguage\":\"fr-FR\",\"potentialAction\":[{\"@type\":\"CommentAction\",\"name\":\"Comment\",\"target\":[\"https:\/\/charente.catholique.fr\/grand-angouleme\/actualites\/dimanche-17-novembre-33eme-dimanche-annee-b\/#respond\"]}]},{\"@type\":\"WebPage\",\"@id\":\"https:\/\/charente.catholique.fr\/grand-angouleme\/actualites\/dimanche-17-novembre-33eme-dimanche-annee-b\/\",\"url\":\"https:\/\/charente.catholique.fr\/grand-angouleme\/actualites\/dimanche-17-novembre-33eme-dimanche-annee-b\/\",\"name\":\"Dimanche 17 novembre 33\u00e8me dimanche Ann\u00e9e B - Doyenn\u00e9 Grand Angoul\u00eame\",\"isPartOf\":{\"@id\":\"https:\/\/charente.catholique.fr\/grand-angouleme\/#website\"},\"primaryImageOfPage\":{\"@id\":\"https:\/\/charente.catholique.fr\/grand-angouleme\/actualites\/dimanche-17-novembre-33eme-dimanche-annee-b\/#primaryimage\"},\"image\":{\"@id\":\"https:\/\/charente.catholique.fr\/grand-angouleme\/actualites\/dimanche-17-novembre-33eme-dimanche-annee-b\/#primaryimage\"},\"thumbnailUrl\":\"https:\/\/charente.catholique.fr\/grand-angouleme\/wp-content\/uploads\/sites\/2\/2024\/11\/bourgeons.jpg\",\"datePublished\":\"2024-11-17T13:55:19+00:00\",\"dateModified\":\"2024-11-17T19:19:48+00:00\",\"breadcrumb\":{\"@id\":\"https:\/\/charente.catholique.fr\/grand-angouleme\/actualites\/dimanche-17-novembre-33eme-dimanche-annee-b\/#breadcrumb\"},\"inLanguage\":\"fr-FR\",\"potentialAction\":[{\"@type\":\"ReadAction\",\"target\":[\"https:\/\/charente.catholique.fr\/grand-angouleme\/actualites\/dimanche-17-novembre-33eme-dimanche-annee-b\/\"]}]},{\"@type\":\"ImageObject\",\"inLanguage\":\"fr-FR\",\"@id\":\"https:\/\/charente.catholique.fr\/grand-angouleme\/actualites\/dimanche-17-novembre-33eme-dimanche-annee-b\/#primaryimage\",\"url\":\"https:\/\/charente.catholique.fr\/grand-angouleme\/wp-content\/uploads\/sites\/2\/2024\/11\/bourgeons.jpg\",\"contentUrl\":\"https:\/\/charente.catholique.fr\/grand-angouleme\/wp-content\/uploads\/sites\/2\/2024\/11\/bourgeons.jpg\",\"width\":512,\"height\":219},{\"@type\":\"BreadcrumbList\",\"@id\":\"https:\/\/charente.catholique.fr\/grand-angouleme\/actualites\/dimanche-17-novembre-33eme-dimanche-annee-b\/#breadcrumb\",\"itemListElement\":[{\"@type\":\"ListItem\",\"position\":1,\"name\":\"Accueil\",\"item\":\"https:\/\/charente.catholique.fr\/grand-angouleme\/\"},{\"@type\":\"ListItem\",\"position\":2,\"name\":\"Dimanche 17 novembre 33\u00e8me dimanche Ann\u00e9e B\"}]},{\"@type\":\"WebSite\",\"@id\":\"https:\/\/charente.catholique.fr\/grand-angouleme\/#website\",\"url\":\"https:\/\/charente.catholique.fr\/grand-angouleme\/\",\"name\":\"Doyenn\u00e9 Grand Angoul\u00eame - Dioc\u00e8se d'Angoul\u00eame\",\"description\":\"Dioc\u00e8se d&#039;Angoul\u00eame\",\"publisher\":{\"@id\":\"https:\/\/charente.catholique.fr\/grand-angouleme\/#organization\"},\"potentialAction\":[{\"@type\":\"SearchAction\",\"target\":{\"@type\":\"EntryPoint\",\"urlTemplate\":\"https:\/\/charente.catholique.fr\/grand-angouleme\/?s={search_term_string}\"},\"query-input\":{\"@type\":\"PropertyValueSpecification\",\"valueRequired\":true,\"valueName\":\"search_term_string\"}}],\"inLanguage\":\"fr-FR\"},{\"@type\":\"Organization\",\"@id\":\"https:\/\/charente.catholique.fr\/grand-angouleme\/#organization\",\"name\":\"Association Dioc\u00e9saine d'Angoul\u00eame\",\"url\":\"https:\/\/charente.catholique.fr\/grand-angouleme\/\",\"logo\":{\"@type\":\"ImageObject\",\"inLanguage\":\"fr-FR\",\"@id\":\"https:\/\/charente.catholique.fr\/grand-angouleme\/#\/schema\/logo\/image\/\",\"url\":\"https:\/\/charente.catholique.fr\/grand-angouleme\/wp-content\/uploads\/sites\/2\/2020\/10\/logos.png\",\"contentUrl\":\"https:\/\/charente.catholique.fr\/grand-angouleme\/wp-content\/uploads\/sites\/2\/2020\/10\/logos.png\",\"width\":600,\"height\":257,\"caption\":\"Association Dioc\u00e9saine d'Angoul\u00eame\"},\"image\":{\"@id\":\"https:\/\/charente.catholique.fr\/grand-angouleme\/#\/schema\/logo\/image\/\"},\"sameAs\":[\"https:\/\/www.facebook.com\/EgliseCatholiqueCharente\",\"https:\/\/x.com\/diocesecharente\",\"https:\/\/www.instagram.com\/eglisecharente\",\"https:\/\/www.youtube.com\/channel\/UCByyFWApZbw3gDTiADoiAaQ\"]},{\"@type\":\"Person\",\"@id\":\"https:\/\/charente.catholique.fr\/grand-angouleme\/#\/schema\/person\/898f693d8a5f95b1bf02828f73967b47\",\"name\":\"Janine Laborde\",\"image\":{\"@type\":\"ImageObject\",\"inLanguage\":\"fr-FR\",\"@id\":\"https:\/\/charente.catholique.fr\/grand-angouleme\/#\/schema\/person\/image\/\",\"url\":\"https:\/\/secure.gravatar.com\/avatar\/a8f3185ff2f6cee7d79c60e904004ccb6107bdc3e38d176acfc1ee42b62a994e?s=96&d=mm&r=g\",\"contentUrl\":\"https:\/\/secure.gravatar.com\/avatar\/a8f3185ff2f6cee7d79c60e904004ccb6107bdc3e38d176acfc1ee42b62a994e?s=96&d=mm&r=g\",\"caption\":\"Janine Laborde\"},\"url\":\"https:\/\/charente.catholique.fr\/grand-angouleme\/author\/janinelaborde\/\"}]}<\/script>\n<!-- \/ Yoast SEO plugin. -->","yoast_head_json":{"title":"Dimanche 17 novembre 33\u00e8me dimanche Ann\u00e9e B - Doyenn\u00e9 Grand Angoul\u00eame","robots":{"index":"index","follow":"follow","max-snippet":"max-snippet:-1","max-image-preview":"max-image-preview:large","max-video-preview":"max-video-preview:-1"},"canonical":"https:\/\/charente.catholique.fr\/grand-angouleme\/actualites\/dimanche-17-novembre-33eme-dimanche-annee-b\/","og_locale":"fr_FR","og_type":"article","og_title":"Dimanche 17 novembre 33\u00e8me dimanche Ann\u00e9e B - Doyenn\u00e9 Grand Angoul\u00eame","og_description":"Accueil Bonjour \u00e0 toutes et \u00e0 tous! Aujourd&#8217;hui, c&#8217;est la Journ\u00e9e mondiale du Pauvre.Dans le chapitre 21 du Siracide, nous lisons : &#8220;La pri\u00e8re qui sort de la bouche du pauvre arrive aux oreilles de Dieu et, sans tarder, justice lui sera faite. &#8220;Au del\u00e0 de toutes les \u00e9preuves que le monde traverse et qui [&hellip;]","og_url":"https:\/\/charente.catholique.fr\/grand-angouleme\/actualites\/dimanche-17-novembre-33eme-dimanche-annee-b\/","og_site_name":"Doyenn\u00e9 Grand Angoul\u00eame","article_publisher":"https:\/\/www.facebook.com\/EgliseCatholiqueCharente","article_published_time":"2024-11-17T13:55:19+00:00","article_modified_time":"2024-11-17T19:19:48+00:00","og_image":[{"width":512,"height":219,"url":"https:\/\/charente.catholique.fr\/grand-angouleme\/wp-content\/uploads\/sites\/2\/2024\/11\/bourgeons.jpg","type":"image\/jpeg"}],"author":"Janine Laborde","twitter_card":"summary_large_image","twitter_creator":"@diocesecharente","twitter_site":"@diocesecharente","twitter_misc":{"\u00c9crit par":"Janine Laborde","Dur\u00e9e de lecture estim\u00e9e":"3 minutes"},"schema":{"@context":"https:\/\/schema.org","@graph":[{"@type":"Article","@id":"https:\/\/charente.catholique.fr\/grand-angouleme\/actualites\/dimanche-17-novembre-33eme-dimanche-annee-b\/#article","isPartOf":{"@id":"https:\/\/charente.catholique.fr\/grand-angouleme\/actualites\/dimanche-17-novembre-33eme-dimanche-annee-b\/"},"author":{"name":"Janine Laborde","@id":"https:\/\/charente.catholique.fr\/grand-angouleme\/#\/schema\/person\/898f693d8a5f95b1bf02828f73967b47"},"headline":"Dimanche 17 novembre 33\u00e8me dimanche Ann\u00e9e B","datePublished":"2024-11-17T13:55:19+00:00","dateModified":"2024-11-17T19:19:48+00:00","mainEntityOfPage":{"@id":"https:\/\/charente.catholique.fr\/grand-angouleme\/actualites\/dimanche-17-novembre-33eme-dimanche-annee-b\/"},"wordCount":456,"commentCount":0,"publisher":{"@id":"https:\/\/charente.catholique.fr\/grand-angouleme\/#organization"},"image":{"@id":"https:\/\/charente.catholique.fr\/grand-angouleme\/actualites\/dimanche-17-novembre-33eme-dimanche-annee-b\/#primaryimage"},"thumbnailUrl":"https:\/\/charente.catholique.fr\/grand-angouleme\/wp-content\/uploads\/sites\/2\/2024\/11\/bourgeons.jpg","articleSection":["Actualit\u00e9s"],"inLanguage":"fr-FR","potentialAction":[{"@type":"CommentAction","name":"Comment","target":["https:\/\/charente.catholique.fr\/grand-angouleme\/actualites\/dimanche-17-novembre-33eme-dimanche-annee-b\/#respond"]}]},{"@type":"WebPage","@id":"https:\/\/charente.catholique.fr\/grand-angouleme\/actualites\/dimanche-17-novembre-33eme-dimanche-annee-b\/","url":"https:\/\/charente.catholique.fr\/grand-angouleme\/actualites\/dimanche-17-novembre-33eme-dimanche-annee-b\/","name":"Dimanche 17 novembre 33\u00e8me dimanche Ann\u00e9e B - Doyenn\u00e9 Grand Angoul\u00eame","isPartOf":{"@id":"https:\/\/charente.catholique.fr\/grand-angouleme\/#website"},"primaryImageOfPage":{"@id":"https:\/\/charente.catholique.fr\/grand-angouleme\/actualites\/dimanche-17-novembre-33eme-dimanche-annee-b\/#primaryimage"},"image":{"@id":"https:\/\/charente.catholique.fr\/grand-angouleme\/actualites\/dimanche-17-novembre-33eme-dimanche-annee-b\/#primaryimage"},"thumbnailUrl":"https:\/\/charente.catholique.fr\/grand-angouleme\/wp-content\/uploads\/sites\/2\/2024\/11\/bourgeons.jpg","datePublished":"2024-11-17T13:55:19+00:00","dateModified":"2024-11-17T19:19:48+00:00","breadcrumb":{"@id":"https:\/\/charente.catholique.fr\/grand-angouleme\/actualites\/dimanche-17-novembre-33eme-dimanche-annee-b\/#breadcrumb"},"inLanguage":"fr-FR","potentialAction":[{"@type":"ReadAction","target":["https:\/\/charente.catholique.fr\/grand-angouleme\/actualites\/dimanche-17-novembre-33eme-dimanche-annee-b\/"]}]},{"@type":"ImageObject","inLanguage":"fr-FR","@id":"https:\/\/charente.catholique.fr\/grand-angouleme\/actualites\/dimanche-17-novembre-33eme-dimanche-annee-b\/#primaryimage","url":"https:\/\/charente.catholique.fr\/grand-angouleme\/wp-content\/uploads\/sites\/2\/2024\/11\/bourgeons.jpg","contentUrl":"https:\/\/charente.catholique.fr\/grand-angouleme\/wp-content\/uploads\/sites\/2\/2024\/11\/bourgeons.jpg","width":512,"height":219},{"@type":"BreadcrumbList","@id":"https:\/\/charente.catholique.fr\/grand-angouleme\/actualites\/dimanche-17-novembre-33eme-dimanche-annee-b\/#breadcrumb","itemListElement":[{"@type":"ListItem","position":1,"name":"Accueil","item":"https:\/\/charente.catholique.fr\/grand-angouleme\/"},{"@type":"ListItem","position":2,"name":"Dimanche 17 novembre 33\u00e8me dimanche Ann\u00e9e B"}]},{"@type":"WebSite","@id":"https:\/\/charente.catholique.fr\/grand-angouleme\/#website","url":"https:\/\/charente.catholique.fr\/grand-angouleme\/","name":"Doyenn\u00e9 Grand Angoul\u00eame - Dioc\u00e8se d'Angoul\u00eame","description":"Dioc\u00e8se d&#039;Angoul\u00eame","publisher":{"@id":"https:\/\/charente.catholique.fr\/grand-angouleme\/#organization"},"potentialAction":[{"@type":"SearchAction","target":{"@type":"EntryPoint","urlTemplate":"https:\/\/charente.catholique.fr\/grand-angouleme\/?s={search_term_string}"},"query-input":{"@type":"PropertyValueSpecification","valueRequired":true,"valueName":"search_term_string"}}],"inLanguage":"fr-FR"},{"@type":"Organization","@id":"https:\/\/charente.catholique.fr\/grand-angouleme\/#organization","name":"Association Dioc\u00e9saine d'Angoul\u00eame","url":"https:\/\/charente.catholique.fr\/grand-angouleme\/","logo":{"@type":"ImageObject","inLanguage":"fr-FR","@id":"https:\/\/charente.catholique.fr\/grand-angouleme\/#\/schema\/logo\/image\/","url":"https:\/\/charente.catholique.fr\/grand-angouleme\/wp-content\/uploads\/sites\/2\/2020\/10\/logos.png","contentUrl":"https:\/\/charente.catholique.fr\/grand-angouleme\/wp-content\/uploads\/sites\/2\/2020\/10\/logos.png","width":600,"height":257,"caption":"Association Dioc\u00e9saine d'Angoul\u00eame"},"image":{"@id":"https:\/\/charente.catholique.fr\/grand-angouleme\/#\/schema\/logo\/image\/"},"sameAs":["https:\/\/www.facebook.com\/EgliseCatholiqueCharente","https:\/\/x.com\/diocesecharente","https:\/\/www.instagram.com\/eglisecharente","https:\/\/www.youtube.com\/channel\/UCByyFWApZbw3gDTiADoiAaQ"]},{"@type":"Person","@id":"https:\/\/charente.catholique.fr\/grand-angouleme\/#\/schema\/person\/898f693d8a5f95b1bf02828f73967b47","name":"Janine Laborde","image":{"@type":"ImageObject","inLanguage":"fr-FR","@id":"https:\/\/charente.catholique.fr\/grand-angouleme\/#\/schema\/person\/image\/","url":"https:\/\/secure.gravatar.com\/avatar\/a8f3185ff2f6cee7d79c60e904004ccb6107bdc3e38d176acfc1ee42b62a994e?s=96&d=mm&r=g","contentUrl":"https:\/\/secure.gravatar.com\/avatar\/a8f3185ff2f6cee7d79c60e904004ccb6107bdc3e38d176acfc1ee42b62a994e?s=96&d=mm&r=g","caption":"Janine Laborde"},"url":"https:\/\/charente.catholique.fr\/grand-angouleme\/author\/janinelaborde\/"}]}},"_links":{"self":[{"href":"https:\/\/charente.catholique.fr\/grand-angouleme\/wp-json\/wp\/v2\/posts\/25846","targetHints":{"allow":["GET"]}}],"collection":[{"href":"https:\/\/charente.catholique.fr\/grand-angouleme\/wp-json\/wp\/v2\/posts"}],"about":[{"href":"https:\/\/charente.catholique.fr\/grand-angouleme\/wp-json\/wp\/v2\/types\/post"}],"author":[{"embeddable":true,"href":"https:\/\/charente.catholique.fr\/grand-angouleme\/wp-json\/wp\/v2\/users\/22"}],"replies":[{"embeddable":true,"href":"https:\/\/charente.catholique.fr\/grand-angouleme\/wp-json\/wp\/v2\/comments?post=25846"}],"version-history":[{"count":4,"href":"https:\/\/charente.catholique.fr\/grand-angouleme\/wp-json\/wp\/v2\/posts\/25846\/revisions"}],"predecessor-version":[{"id":25854,"href":"https:\/\/charente.catholique.fr\/grand-angouleme\/wp-json\/wp\/v2\/posts\/25846\/revisions\/25854"}],"wp:featuredmedia":[{"embeddable":true,"href":"https:\/\/charente.catholique.fr\/grand-angouleme\/wp-json\/wp\/v2\/media\/25849"}],"wp:attachment":[{"href":"https:\/\/charente.catholique.fr\/grand-angouleme\/wp-json\/wp\/v2\/media?parent=25846"}],"wp:term":[{"taxonomy":"category","embeddable":true,"href":"https:\/\/charente.catholique.fr\/grand-angouleme\/wp-json\/wp\/v2\/categories?post=25846"},{"taxonomy":"post_tag","embeddable":true,"href":"https:\/\/charente.catholique.fr\/grand-angouleme\/wp-json\/wp\/v2\/tags?post=25846"}],"curies":[{"name":"wp","href":"https:\/\/api.w.org\/{rel}","templated":true}]}}