{"id":25564,"date":"2024-10-21T14:57:32","date_gmt":"2024-10-21T12:57:32","guid":{"rendered":"https:\/\/charente.catholique.fr\/grand-angouleme\/?p=25564"},"modified":"2024-10-23T10:40:48","modified_gmt":"2024-10-23T08:40:48","slug":"enseignement-sur-le-liban-par-le-p-charles-ksas","status":"publish","type":"post","link":"https:\/\/charente.catholique.fr\/grand-angouleme\/actualites\/enseignement-sur-le-liban-par-le-p-charles-ksas\/","title":{"rendered":"Enseignement sur le Liban par le P\u00e8re Charles Ksas"},"content":{"rendered":"\n<p class=\"has-medium-font-size\">Le bureau des Equipes du Rosaire vous invite \u00e0 un enseignement sur <a href=\"https:\/\/fr.wikipedia.org\/wiki\/Liban?variant=zh-cn\">le LIBA<\/a><a href=\"https:\/\/fr.wikipedia.org\/wiki\/Liban?variant=zh-cn\" target=\"_blank\" rel=\"noreferrer noopener\">N<\/a>, les <a href=\"https:\/\/fr.wikipedia.org\/wiki\/Maronites\" target=\"_blank\" rel=\"noreferrer noopener\">Maronites<\/a> et sur <a href=\"https:\/\/fr.wikipedia.org\/wiki\/Charbel_Makhlouf\" target=\"_blank\" rel=\"noreferrer noopener\">Saint CHARBEL<\/a>.<\/p>\n\n\n\n<div class=\"wp-block-group is-nowrap is-layout-flex wp-container-core-group-is-layout-6c531013 wp-block-group-is-layout-flex\">\n<figure class=\"wp-block-image is-resized\"><a href=\"https:\/\/fr.wikipedia.org\/wiki\/Charbel_Makhlouf\" target=\"_blank\" rel=\"noreferrer noopener\"><img loading=\"lazy\" decoding=\"async\" width=\"230\" height=\"327\" src=\"https:\/\/charente.catholique.fr\/grand-angouleme\/wp-content\/uploads\/sites\/2\/2024\/10\/image-1.png\" alt=\"\" class=\"wp-image-25565\" style=\"width:307px;height:auto\" srcset=\"https:\/\/charente.catholique.fr\/grand-angouleme\/wp-content\/uploads\/sites\/2\/2024\/10\/image-1.png 230w, https:\/\/charente.catholique.fr\/grand-angouleme\/wp-content\/uploads\/sites\/2\/2024\/10\/image-1-211x300.png 211w\" sizes=\"auto, (max-width: 230px) 100vw, 230px\" \/><\/a><figcaption class=\"wp-element-caption\">Charbel Makhlouf, saint patron du Liban<\/figcaption><\/figure>\n\n\n\n<p class=\"has-text-align-center\" style=\"font-size:16px\">Le P\u00e8re Charles KSAS, pr\u00eatre Maronite&nbsp; LIBANAIS de la paroisse de Saint Yrieix est tr\u00e8s heureux de pouvoir nous parler de son Liban <br><br><strong>Jeudi 7 Novembre 2024 de 15h00 \u00e0 16h30<\/strong><br><br> dans les salles paroissiales de Notre Dame de la Route, rue des \u00e9coles \u00e0 Saint Yrieix. A l&#8217;issus de cet enseignement, le P\u00e8re Christian c\u00e9l\u00e9brera la messe du jour.<\/p>\n<\/div>\n\n\n\n<h5 class=\"wp-block-heading\">En savoir plus <\/h5>\n\n\n\n<p><strong>La chronique dioc\u00e9saine, Erica Voltaire, RCF Charente<\/strong> :<br>Le mouvement des \u00e9quipes du Rosaire rassemble 650 membres en Charente. Cette ann\u00e9e, avec le p\u00e8re Christian Aim\u00e9 Nganga comme nouvel aum\u00f4nier et Michel Bouche comme nouvelle responsable, une dynamique fraternelle se renforce : Le mouvement rassemble 650 membres \u00e0 travers la Charente et des \u00e9quipes r\u00e9parties sur le territoire. Cependant, comme toute organisation face au temps qui passe, le d\u00e9fi majeur reste celui du renouvellement g\u00e9n\u00e9rationnel. Michel Bouche lance ainsi un appel pour \u00e9tablir trois nouveaux groupes chaque ann\u00e9e dans chaque doyenn\u00e9 afin de pallier le manque de renouvellement des membres.<\/p>\n\n\n\n<iframe allowfullscreen width=100% height=140px src=\"https:\/\/www.rcf.fr\/vie-spirituelle\/chronique-diocesaine\/embed?episodeId=521627\"><\/iframe>\n\n\n\n<p><br><\/p>\n\n\n\n<p class=\"has-very-light-gray-to-cyan-bluish-gray-gradient-background has-background has-medium-font-size\">Responsable dioc\u00e9sain des \u00e9quipes du Rosaire, Mich\u00e8le Bouche t\u00e9l : 06 95 79 04 08<\/p>\n\n\n\n<div class=\"wp-block-file\"><a id=\"wp-block-file--media-79eaa342-aaa7-4a23-ab36-a18b9f82f479\" href=\"https:\/\/charente.catholique.fr\/grand-angouleme\/wp-content\/uploads\/sites\/2\/2024\/10\/Lettre-dinvitation-enseignement-07.11.24.pdf\">Lettre d&#8217;invitation enseignement 07.11.24<\/a><a href=\"https:\/\/charente.catholique.fr\/grand-angouleme\/wp-content\/uploads\/sites\/2\/2024\/10\/Lettre-dinvitation-enseignement-07.11.24.pdf\" class=\"wp-block-file__button wp-element-button\" download aria-describedby=\"wp-block-file--media-79eaa342-aaa7-4a23-ab36-a18b9f82f479\">T\u00e9l\u00e9charger<\/a><\/div>\n","protected":false},"excerpt":{"rendered":"<p>Le bureau des Equipes du Rosaire vous invite \u00e0 un enseignement sur le LIBAN, les Maronites et sur Saint CHARBEL. Le P\u00e8re Charles KSAS, pr\u00eatre Maronite&nbsp; LIBANAIS de la paroisse de Saint Yrieix est tr\u00e8s heureux de pouvoir nous parler de son Liban Jeudi 7 Novembre 2024 de 15h00 \u00e0 16h30 dans les salles paroissiales [&hellip;]<\/p>\n","protected":false},"author":5,"featured_media":25569,"comment_status":"open","ping_status":"open","sticky":false,"template":"","format":"standard","meta":{"_acf_changed":false,"paroisse":["5"],"service":["0"],"footnotes":""},"categories":[1,10],"tags":[],"class_list":["post-25564","post","type-post","status-publish","format-standard","has-post-thumbnail","hentry","category-actualites","category-saint-cybard-sur-charente-et-nouere","validated"],"acf":[],"yoast_head":"<!-- This site is optimized with the Yoast SEO plugin v27.1.1 - https:\/\/yoast.com\/product\/yoast-seo-wordpress\/ -->\n<title>Enseignement sur le Liban par le P\u00e8re Charles Ksas - Doyenn\u00e9 Grand Angoul\u00eame<\/title>\n<meta name=\"robots\" content=\"index, follow, max-snippet:-1, max-image-preview:large, max-video-preview:-1\" \/>\n<link rel=\"canonical\" href=\"https:\/\/charente.catholique.fr\/grand-angouleme\/actualites\/enseignement-sur-le-liban-par-le-p-charles-ksas\/\" \/>\n<meta property=\"og:locale\" content=\"fr_FR\" \/>\n<meta property=\"og:type\" content=\"article\" \/>\n<meta property=\"og:title\" content=\"Enseignement sur le Liban par le P\u00e8re Charles Ksas - Doyenn\u00e9 Grand Angoul\u00eame\" \/>\n<meta property=\"og:description\" content=\"Le bureau des Equipes du Rosaire vous invite \u00e0 un enseignement sur le LIBAN, les Maronites et sur Saint CHARBEL. Le P\u00e8re Charles KSAS, pr\u00eatre Maronite&nbsp; LIBANAIS de la paroisse de Saint Yrieix est tr\u00e8s heureux de pouvoir nous parler de son Liban Jeudi 7 Novembre 2024 de 15h00 \u00e0 16h30 dans les salles paroissiales [&hellip;]\" \/>\n<meta property=\"og:url\" content=\"https:\/\/charente.catholique.fr\/grand-angouleme\/actualites\/enseignement-sur-le-liban-par-le-p-charles-ksas\/\" \/>\n<meta property=\"og:site_name\" content=\"Doyenn\u00e9 Grand Angoul\u00eame\" \/>\n<meta property=\"article:publisher\" content=\"https:\/\/www.facebook.com\/EgliseCatholiqueCharente\" \/>\n<meta property=\"article:published_time\" content=\"2024-10-21T12:57:32+00:00\" \/>\n<meta property=\"article:modified_time\" content=\"2024-10-23T08:40:48+00:00\" \/>\n<meta property=\"og:image\" content=\"https:\/\/charente.catholique.fr\/grand-angouleme\/wp-content\/uploads\/sites\/2\/2024\/10\/equipes-du-rosaire-ima-bsp.png\" \/>\n\t<meta property=\"og:image:width\" content=\"1360\" \/>\n\t<meta property=\"og:image:height\" content=\"350\" \/>\n\t<meta property=\"og:image:type\" content=\"image\/png\" \/>\n<meta name=\"author\" content=\"B\u00e9atrice Saint-P\u00e9\" \/>\n<meta name=\"twitter:card\" content=\"summary_large_image\" \/>\n<meta name=\"twitter:creator\" content=\"@diocesecharente\" \/>\n<meta name=\"twitter:site\" content=\"@diocesecharente\" \/>\n<meta name=\"twitter:label1\" content=\"\u00c9crit par\" \/>\n\t<meta name=\"twitter:data1\" content=\"B\u00e9atrice Saint-P\u00e9\" \/>\n\t<meta name=\"twitter:label2\" content=\"Dur\u00e9e de lecture estim\u00e9e\" \/>\n\t<meta name=\"twitter:data2\" content=\"2 minutes\" \/>\n<script type=\"application\/ld+json\" class=\"yoast-schema-graph\">{\"@context\":\"https:\/\/schema.org\",\"@graph\":[{\"@type\":\"Article\",\"@id\":\"https:\/\/charente.catholique.fr\/grand-angouleme\/actualites\/enseignement-sur-le-liban-par-le-p-charles-ksas\/#article\",\"isPartOf\":{\"@id\":\"https:\/\/charente.catholique.fr\/grand-angouleme\/actualites\/enseignement-sur-le-liban-par-le-p-charles-ksas\/\"},\"author\":{\"name\":\"B\u00e9atrice Saint-P\u00e9\",\"@id\":\"https:\/\/charente.catholique.fr\/grand-angouleme\/#\/schema\/person\/b12f449504ff2da4d633df0f02abf9ee\"},\"headline\":\"Enseignement sur le Liban par le P\u00e8re Charles Ksas\",\"datePublished\":\"2024-10-21T12:57:32+00:00\",\"dateModified\":\"2024-10-23T08:40:48+00:00\",\"mainEntityOfPage\":{\"@id\":\"https:\/\/charente.catholique.fr\/grand-angouleme\/actualites\/enseignement-sur-le-liban-par-le-p-charles-ksas\/\"},\"wordCount\":226,\"commentCount\":0,\"publisher\":{\"@id\":\"https:\/\/charente.catholique.fr\/grand-angouleme\/#organization\"},\"image\":{\"@id\":\"https:\/\/charente.catholique.fr\/grand-angouleme\/actualites\/enseignement-sur-le-liban-par-le-p-charles-ksas\/#primaryimage\"},\"thumbnailUrl\":\"https:\/\/charente.catholique.fr\/grand-angouleme\/wp-content\/uploads\/sites\/2\/2024\/10\/equipes-du-rosaire-ima-bsp.png\",\"articleSection\":[\"Actualit\u00e9s\",\"Saint Cybard sur Charente et Nou\u00e8re\"],\"inLanguage\":\"fr-FR\",\"potentialAction\":[{\"@type\":\"CommentAction\",\"name\":\"Comment\",\"target\":[\"https:\/\/charente.catholique.fr\/grand-angouleme\/actualites\/enseignement-sur-le-liban-par-le-p-charles-ksas\/#respond\"]}]},{\"@type\":\"WebPage\",\"@id\":\"https:\/\/charente.catholique.fr\/grand-angouleme\/actualites\/enseignement-sur-le-liban-par-le-p-charles-ksas\/\",\"url\":\"https:\/\/charente.catholique.fr\/grand-angouleme\/actualites\/enseignement-sur-le-liban-par-le-p-charles-ksas\/\",\"name\":\"Enseignement sur le Liban par le P\u00e8re Charles Ksas - Doyenn\u00e9 Grand Angoul\u00eame\",\"isPartOf\":{\"@id\":\"https:\/\/charente.catholique.fr\/grand-angouleme\/#website\"},\"primaryImageOfPage\":{\"@id\":\"https:\/\/charente.catholique.fr\/grand-angouleme\/actualites\/enseignement-sur-le-liban-par-le-p-charles-ksas\/#primaryimage\"},\"image\":{\"@id\":\"https:\/\/charente.catholique.fr\/grand-angouleme\/actualites\/enseignement-sur-le-liban-par-le-p-charles-ksas\/#primaryimage\"},\"thumbnailUrl\":\"https:\/\/charente.catholique.fr\/grand-angouleme\/wp-content\/uploads\/sites\/2\/2024\/10\/equipes-du-rosaire-ima-bsp.png\",\"datePublished\":\"2024-10-21T12:57:32+00:00\",\"dateModified\":\"2024-10-23T08:40:48+00:00\",\"breadcrumb\":{\"@id\":\"https:\/\/charente.catholique.fr\/grand-angouleme\/actualites\/enseignement-sur-le-liban-par-le-p-charles-ksas\/#breadcrumb\"},\"inLanguage\":\"fr-FR\",\"potentialAction\":[{\"@type\":\"ReadAction\",\"target\":[\"https:\/\/charente.catholique.fr\/grand-angouleme\/actualites\/enseignement-sur-le-liban-par-le-p-charles-ksas\/\"]}]},{\"@type\":\"ImageObject\",\"inLanguage\":\"fr-FR\",\"@id\":\"https:\/\/charente.catholique.fr\/grand-angouleme\/actualites\/enseignement-sur-le-liban-par-le-p-charles-ksas\/#primaryimage\",\"url\":\"https:\/\/charente.catholique.fr\/grand-angouleme\/wp-content\/uploads\/sites\/2\/2024\/10\/equipes-du-rosaire-ima-bsp.png\",\"contentUrl\":\"https:\/\/charente.catholique.fr\/grand-angouleme\/wp-content\/uploads\/sites\/2\/2024\/10\/equipes-du-rosaire-ima-bsp.png\",\"width\":1360,\"height\":350},{\"@type\":\"BreadcrumbList\",\"@id\":\"https:\/\/charente.catholique.fr\/grand-angouleme\/actualites\/enseignement-sur-le-liban-par-le-p-charles-ksas\/#breadcrumb\",\"itemListElement\":[{\"@type\":\"ListItem\",\"position\":1,\"name\":\"Accueil\",\"item\":\"https:\/\/charente.catholique.fr\/grand-angouleme\/\"},{\"@type\":\"ListItem\",\"position\":2,\"name\":\"Enseignement sur le Liban par le P\u00e8re Charles Ksas\"}]},{\"@type\":\"WebSite\",\"@id\":\"https:\/\/charente.catholique.fr\/grand-angouleme\/#website\",\"url\":\"https:\/\/charente.catholique.fr\/grand-angouleme\/\",\"name\":\"Doyenn\u00e9 Grand Angoul\u00eame - Dioc\u00e8se d'Angoul\u00eame\",\"description\":\"Dioc\u00e8se d&#039;Angoul\u00eame\",\"publisher\":{\"@id\":\"https:\/\/charente.catholique.fr\/grand-angouleme\/#organization\"},\"potentialAction\":[{\"@type\":\"SearchAction\",\"target\":{\"@type\":\"EntryPoint\",\"urlTemplate\":\"https:\/\/charente.catholique.fr\/grand-angouleme\/?s={search_term_string}\"},\"query-input\":{\"@type\":\"PropertyValueSpecification\",\"valueRequired\":true,\"valueName\":\"search_term_string\"}}],\"inLanguage\":\"fr-FR\"},{\"@type\":\"Organization\",\"@id\":\"https:\/\/charente.catholique.fr\/grand-angouleme\/#organization\",\"name\":\"Association Dioc\u00e9saine d'Angoul\u00eame\",\"url\":\"https:\/\/charente.catholique.fr\/grand-angouleme\/\",\"logo\":{\"@type\":\"ImageObject\",\"inLanguage\":\"fr-FR\",\"@id\":\"https:\/\/charente.catholique.fr\/grand-angouleme\/#\/schema\/logo\/image\/\",\"url\":\"https:\/\/charente.catholique.fr\/grand-angouleme\/wp-content\/uploads\/sites\/2\/2020\/10\/logos.png\",\"contentUrl\":\"https:\/\/charente.catholique.fr\/grand-angouleme\/wp-content\/uploads\/sites\/2\/2020\/10\/logos.png\",\"width\":600,\"height\":257,\"caption\":\"Association Dioc\u00e9saine d'Angoul\u00eame\"},\"image\":{\"@id\":\"https:\/\/charente.catholique.fr\/grand-angouleme\/#\/schema\/logo\/image\/\"},\"sameAs\":[\"https:\/\/www.facebook.com\/EgliseCatholiqueCharente\",\"https:\/\/x.com\/diocesecharente\",\"https:\/\/www.instagram.com\/eglisecharente\",\"https:\/\/www.youtube.com\/channel\/UCByyFWApZbw3gDTiADoiAaQ\"]},{\"@type\":\"Person\",\"@id\":\"https:\/\/charente.catholique.fr\/grand-angouleme\/#\/schema\/person\/b12f449504ff2da4d633df0f02abf9ee\",\"name\":\"B\u00e9atrice Saint-P\u00e9\",\"image\":{\"@type\":\"ImageObject\",\"inLanguage\":\"fr-FR\",\"@id\":\"https:\/\/charente.catholique.fr\/grand-angouleme\/#\/schema\/person\/image\/\",\"url\":\"https:\/\/secure.gravatar.com\/avatar\/0493ed83685d630b019670a73a3a663bebc1c98f6ebcb0b57c8fd12fe86c0c3d?s=96&d=mm&r=g\",\"contentUrl\":\"https:\/\/secure.gravatar.com\/avatar\/0493ed83685d630b019670a73a3a663bebc1c98f6ebcb0b57c8fd12fe86c0c3d?s=96&d=mm&r=g\",\"caption\":\"B\u00e9atrice Saint-P\u00e9\"},\"url\":\"https:\/\/charente.catholique.fr\/grand-angouleme\/author\/beatricesaintpe\/\"}]}<\/script>\n<!-- \/ Yoast SEO plugin. -->","yoast_head_json":{"title":"Enseignement sur le Liban par le P\u00e8re Charles Ksas - Doyenn\u00e9 Grand Angoul\u00eame","robots":{"index":"index","follow":"follow","max-snippet":"max-snippet:-1","max-image-preview":"max-image-preview:large","max-video-preview":"max-video-preview:-1"},"canonical":"https:\/\/charente.catholique.fr\/grand-angouleme\/actualites\/enseignement-sur-le-liban-par-le-p-charles-ksas\/","og_locale":"fr_FR","og_type":"article","og_title":"Enseignement sur le Liban par le P\u00e8re Charles Ksas - Doyenn\u00e9 Grand Angoul\u00eame","og_description":"Le bureau des Equipes du Rosaire vous invite \u00e0 un enseignement sur le LIBAN, les Maronites et sur Saint CHARBEL. Le P\u00e8re Charles KSAS, pr\u00eatre Maronite&nbsp; LIBANAIS de la paroisse de Saint Yrieix est tr\u00e8s heureux de pouvoir nous parler de son Liban Jeudi 7 Novembre 2024 de 15h00 \u00e0 16h30 dans les salles paroissiales [&hellip;]","og_url":"https:\/\/charente.catholique.fr\/grand-angouleme\/actualites\/enseignement-sur-le-liban-par-le-p-charles-ksas\/","og_site_name":"Doyenn\u00e9 Grand Angoul\u00eame","article_publisher":"https:\/\/www.facebook.com\/EgliseCatholiqueCharente","article_published_time":"2024-10-21T12:57:32+00:00","article_modified_time":"2024-10-23T08:40:48+00:00","og_image":[{"width":1360,"height":350,"url":"https:\/\/charente.catholique.fr\/grand-angouleme\/wp-content\/uploads\/sites\/2\/2024\/10\/equipes-du-rosaire-ima-bsp.png","type":"image\/png"}],"author":"B\u00e9atrice Saint-P\u00e9","twitter_card":"summary_large_image","twitter_creator":"@diocesecharente","twitter_site":"@diocesecharente","twitter_misc":{"\u00c9crit par":"B\u00e9atrice Saint-P\u00e9","Dur\u00e9e de lecture estim\u00e9e":"2 minutes"},"schema":{"@context":"https:\/\/schema.org","@graph":[{"@type":"Article","@id":"https:\/\/charente.catholique.fr\/grand-angouleme\/actualites\/enseignement-sur-le-liban-par-le-p-charles-ksas\/#article","isPartOf":{"@id":"https:\/\/charente.catholique.fr\/grand-angouleme\/actualites\/enseignement-sur-le-liban-par-le-p-charles-ksas\/"},"author":{"name":"B\u00e9atrice Saint-P\u00e9","@id":"https:\/\/charente.catholique.fr\/grand-angouleme\/#\/schema\/person\/b12f449504ff2da4d633df0f02abf9ee"},"headline":"Enseignement sur le Liban par le P\u00e8re Charles Ksas","datePublished":"2024-10-21T12:57:32+00:00","dateModified":"2024-10-23T08:40:48+00:00","mainEntityOfPage":{"@id":"https:\/\/charente.catholique.fr\/grand-angouleme\/actualites\/enseignement-sur-le-liban-par-le-p-charles-ksas\/"},"wordCount":226,"commentCount":0,"publisher":{"@id":"https:\/\/charente.catholique.fr\/grand-angouleme\/#organization"},"image":{"@id":"https:\/\/charente.catholique.fr\/grand-angouleme\/actualites\/enseignement-sur-le-liban-par-le-p-charles-ksas\/#primaryimage"},"thumbnailUrl":"https:\/\/charente.catholique.fr\/grand-angouleme\/wp-content\/uploads\/sites\/2\/2024\/10\/equipes-du-rosaire-ima-bsp.png","articleSection":["Actualit\u00e9s","Saint Cybard sur Charente et Nou\u00e8re"],"inLanguage":"fr-FR","potentialAction":[{"@type":"CommentAction","name":"Comment","target":["https:\/\/charente.catholique.fr\/grand-angouleme\/actualites\/enseignement-sur-le-liban-par-le-p-charles-ksas\/#respond"]}]},{"@type":"WebPage","@id":"https:\/\/charente.catholique.fr\/grand-angouleme\/actualites\/enseignement-sur-le-liban-par-le-p-charles-ksas\/","url":"https:\/\/charente.catholique.fr\/grand-angouleme\/actualites\/enseignement-sur-le-liban-par-le-p-charles-ksas\/","name":"Enseignement sur le Liban par le P\u00e8re Charles Ksas - Doyenn\u00e9 Grand Angoul\u00eame","isPartOf":{"@id":"https:\/\/charente.catholique.fr\/grand-angouleme\/#website"},"primaryImageOfPage":{"@id":"https:\/\/charente.catholique.fr\/grand-angouleme\/actualites\/enseignement-sur-le-liban-par-le-p-charles-ksas\/#primaryimage"},"image":{"@id":"https:\/\/charente.catholique.fr\/grand-angouleme\/actualites\/enseignement-sur-le-liban-par-le-p-charles-ksas\/#primaryimage"},"thumbnailUrl":"https:\/\/charente.catholique.fr\/grand-angouleme\/wp-content\/uploads\/sites\/2\/2024\/10\/equipes-du-rosaire-ima-bsp.png","datePublished":"2024-10-21T12:57:32+00:00","dateModified":"2024-10-23T08:40:48+00:00","breadcrumb":{"@id":"https:\/\/charente.catholique.fr\/grand-angouleme\/actualites\/enseignement-sur-le-liban-par-le-p-charles-ksas\/#breadcrumb"},"inLanguage":"fr-FR","potentialAction":[{"@type":"ReadAction","target":["https:\/\/charente.catholique.fr\/grand-angouleme\/actualites\/enseignement-sur-le-liban-par-le-p-charles-ksas\/"]}]},{"@type":"ImageObject","inLanguage":"fr-FR","@id":"https:\/\/charente.catholique.fr\/grand-angouleme\/actualites\/enseignement-sur-le-liban-par-le-p-charles-ksas\/#primaryimage","url":"https:\/\/charente.catholique.fr\/grand-angouleme\/wp-content\/uploads\/sites\/2\/2024\/10\/equipes-du-rosaire-ima-bsp.png","contentUrl":"https:\/\/charente.catholique.fr\/grand-angouleme\/wp-content\/uploads\/sites\/2\/2024\/10\/equipes-du-rosaire-ima-bsp.png","width":1360,"height":350},{"@type":"BreadcrumbList","@id":"https:\/\/charente.catholique.fr\/grand-angouleme\/actualites\/enseignement-sur-le-liban-par-le-p-charles-ksas\/#breadcrumb","itemListElement":[{"@type":"ListItem","position":1,"name":"Accueil","item":"https:\/\/charente.catholique.fr\/grand-angouleme\/"},{"@type":"ListItem","position":2,"name":"Enseignement sur le Liban par le P\u00e8re Charles Ksas"}]},{"@type":"WebSite","@id":"https:\/\/charente.catholique.fr\/grand-angouleme\/#website","url":"https:\/\/charente.catholique.fr\/grand-angouleme\/","name":"Doyenn\u00e9 Grand Angoul\u00eame - Dioc\u00e8se d'Angoul\u00eame","description":"Dioc\u00e8se d&#039;Angoul\u00eame","publisher":{"@id":"https:\/\/charente.catholique.fr\/grand-angouleme\/#organization"},"potentialAction":[{"@type":"SearchAction","target":{"@type":"EntryPoint","urlTemplate":"https:\/\/charente.catholique.fr\/grand-angouleme\/?s={search_term_string}"},"query-input":{"@type":"PropertyValueSpecification","valueRequired":true,"valueName":"search_term_string"}}],"inLanguage":"fr-FR"},{"@type":"Organization","@id":"https:\/\/charente.catholique.fr\/grand-angouleme\/#organization","name":"Association Dioc\u00e9saine d'Angoul\u00eame","url":"https:\/\/charente.catholique.fr\/grand-angouleme\/","logo":{"@type":"ImageObject","inLanguage":"fr-FR","@id":"https:\/\/charente.catholique.fr\/grand-angouleme\/#\/schema\/logo\/image\/","url":"https:\/\/charente.catholique.fr\/grand-angouleme\/wp-content\/uploads\/sites\/2\/2020\/10\/logos.png","contentUrl":"https:\/\/charente.catholique.fr\/grand-angouleme\/wp-content\/uploads\/sites\/2\/2020\/10\/logos.png","width":600,"height":257,"caption":"Association Dioc\u00e9saine d'Angoul\u00eame"},"image":{"@id":"https:\/\/charente.catholique.fr\/grand-angouleme\/#\/schema\/logo\/image\/"},"sameAs":["https:\/\/www.facebook.com\/EgliseCatholiqueCharente","https:\/\/x.com\/diocesecharente","https:\/\/www.instagram.com\/eglisecharente","https:\/\/www.youtube.com\/channel\/UCByyFWApZbw3gDTiADoiAaQ"]},{"@type":"Person","@id":"https:\/\/charente.catholique.fr\/grand-angouleme\/#\/schema\/person\/b12f449504ff2da4d633df0f02abf9ee","name":"B\u00e9atrice Saint-P\u00e9","image":{"@type":"ImageObject","inLanguage":"fr-FR","@id":"https:\/\/charente.catholique.fr\/grand-angouleme\/#\/schema\/person\/image\/","url":"https:\/\/secure.gravatar.com\/avatar\/0493ed83685d630b019670a73a3a663bebc1c98f6ebcb0b57c8fd12fe86c0c3d?s=96&d=mm&r=g","contentUrl":"https:\/\/secure.gravatar.com\/avatar\/0493ed83685d630b019670a73a3a663bebc1c98f6ebcb0b57c8fd12fe86c0c3d?s=96&d=mm&r=g","caption":"B\u00e9atrice Saint-P\u00e9"},"url":"https:\/\/charente.catholique.fr\/grand-angouleme\/author\/beatricesaintpe\/"}]}},"_links":{"self":[{"href":"https:\/\/charente.catholique.fr\/grand-angouleme\/wp-json\/wp\/v2\/posts\/25564","targetHints":{"allow":["GET"]}}],"collection":[{"href":"https:\/\/charente.catholique.fr\/grand-angouleme\/wp-json\/wp\/v2\/posts"}],"about":[{"href":"https:\/\/charente.catholique.fr\/grand-angouleme\/wp-json\/wp\/v2\/types\/post"}],"author":[{"embeddable":true,"href":"https:\/\/charente.catholique.fr\/grand-angouleme\/wp-json\/wp\/v2\/users\/5"}],"replies":[{"embeddable":true,"href":"https:\/\/charente.catholique.fr\/grand-angouleme\/wp-json\/wp\/v2\/comments?post=25564"}],"version-history":[{"count":9,"href":"https:\/\/charente.catholique.fr\/grand-angouleme\/wp-json\/wp\/v2\/posts\/25564\/revisions"}],"predecessor-version":[{"id":25585,"href":"https:\/\/charente.catholique.fr\/grand-angouleme\/wp-json\/wp\/v2\/posts\/25564\/revisions\/25585"}],"wp:featuredmedia":[{"embeddable":true,"href":"https:\/\/charente.catholique.fr\/grand-angouleme\/wp-json\/wp\/v2\/media\/25569"}],"wp:attachment":[{"href":"https:\/\/charente.catholique.fr\/grand-angouleme\/wp-json\/wp\/v2\/media?parent=25564"}],"wp:term":[{"taxonomy":"category","embeddable":true,"href":"https:\/\/charente.catholique.fr\/grand-angouleme\/wp-json\/wp\/v2\/categories?post=25564"},{"taxonomy":"post_tag","embeddable":true,"href":"https:\/\/charente.catholique.fr\/grand-angouleme\/wp-json\/wp\/v2\/tags?post=25564"}],"curies":[{"name":"wp","href":"https:\/\/api.w.org\/{rel}","templated":true}]}}