{"id":25281,"date":"2024-09-24T15:37:29","date_gmt":"2024-09-24T13:37:29","guid":{"rendered":"https:\/\/charente.catholique.fr\/grand-angouleme\/?p=25281"},"modified":"2024-09-24T15:38:35","modified_gmt":"2024-09-24T13:38:35","slug":"editorial","status":"publish","type":"post","link":"https:\/\/charente.catholique.fr\/grand-angouleme\/actualites\/editorial\/","title":{"rendered":"Editorial"},"content":{"rendered":"\n<h3 class=\"wp-block-heading\">Pourquoi un site sur la paroisse de Soyaux Vall\u00e9e de l\u2019Echelle existe-il&nbsp;?<\/h3>\n\n\n\n<p>Un chr\u00e9tien isol\u00e9 est un chr\u00e9tien en danger, et bien, c\u2019est la m\u00eame probl\u00e9matique pour une paroisse. Soyons visible au sein de notre ville, au sein de notre dio16 (Dioc\u00e8se charentais). Ne restons pas cach\u00e9s dans la for\u00eat de l\u2019anonymat. &nbsp;Ce confort ne doit pas nous endormir et soyons fiers d&#8217;\u00eatre chr\u00e9tien. Pouvoir nous retrouver comme des fr\u00e8res et s\u0153urs faisant partie d&#8217;une m\u00eame communaut\u00e9 est une chance incroyable.<br><br><\/p>\n\n\n\n<p>Ce confort ne doit pas nous ralentir pour proclamer d\u2019\u00eatre Chr\u00e9tien, et, de cette paroisse. Alors sortons de notre timidit\u00e9 et montrons-nous.<\/p>\n\n\n\n<p>Soyons fiers d\u2019\u00eatre de cette paroisse autour de St Joseph Artisan. Ce Joseph qui a construit la maison de sa famille, avec Marie. Ils ont \u00e9lev\u00e9 cet enfant Divin, tout en restant dans l\u2019ombre. Joseph a accompagn\u00e9, soutenu et aim\u00e9 J\u00e9sus. A notre tour, soyons les serviteurs de cette paroisse aux neuf clochers&nbsp;: Soyaux (2), Bou\u00ebx, Dignac, Dirac, Garat, Sers, Torsac, Vouzan. Ne restons pas cacher, affirmons notre foi, notre confiance et nos espoirs dans la main de Dieu.<\/p>\n\n\n\n<h3 class=\"wp-block-heading\">Pourquoi ce d\u00e9sir d\u2019\u00e9crire et cet engagement pour ce site&nbsp;?<\/h3>\n\n\n\n<p>Xavier&nbsp;:<\/p>\n\n\n\n<p>Nous sommes nombreux \u00e0 travailler pour la paroisse, chacun de son c\u00f4t\u00e9, avec peu ou pas de lien entre nous. Mais il est int\u00e9ressant de faire conna\u00eetre le travail de chacun, d\u2019\u00eatre \u00ab&nbsp;au jus&nbsp;\u00bb, de se tenir au courant de nos activit\u00e9s respectives, d\u2019informer le public des diff\u00e9rentes dates et lieux de messes en compl\u00e9ments de la feuille d\u2019annonce mensuelle, et de notre secr\u00e9tariat si pr\u00e9cieux. Un lien pour nous informer, pour transmettre \u00e0 l\u2019autre, pour raconter nos activit\u00e9s, pour montrer que notre paroisse baptise, qu\u2019elle cat\u00e9chise, qu\u2019elle vit, qu\u2019elle vibre, qu\u2019elle s\u2019amuse, qu\u2019elle soutient les familles en Deuils. &nbsp;<\/p>\n\n\n\n<p>Pour mener \u00e0 bien ce service, je demande l\u2019aide \u00e0 un serviteur invisible, une personne que l\u2019on ne voit pas ou peu au sein de la paroisse. Une personne qui conna\u00eet le poids des mots, et qui est au service du deuil. Merci \u00e0 toi Anne-Florence de te joindre \u00e0 cette \u00e9quipe pour tisser un lien entre nous tous.<\/p>\n\n\n\n<p>Anne-Florence&nbsp;:<\/p>\n\n\n\n<p>Vous allez rire, mais je suis une v\u00e9ritable &#8220;Quiche&#8221; avec un ordinateur. Ainsi, lorsque Xavier m&#8217;a propos\u00e9 de faire \u00e9quipe avec lui. Je me suis dit : \u00ab&nbsp;Anne-Flo. ne recule pas, Xavier est &#8220;fort&#8221; l\u00e0 o\u00f9 tu es \u00ab faible&nbsp;\u00bb. &nbsp;&nbsp;Cependant ton parcours de vie t&#8217;a enrichi et tu as d\u00e9velopp\u00e9 \u00ab&nbsp;des talents&nbsp;\u00bb&nbsp;; \u00e0 toi&nbsp;aujourd&#8217;hui&nbsp;d&#8217;apporter ta pierre \u00e0 ta Paroisse.&nbsp;<br>ENSEMBLE ON PEUT BEAUCOUP.<\/p>\n\n\n\n<p><br><\/p>\n\n\n\n<div data-wp-interactive=\"core\/file\" class=\"wp-block-file\"><object data-wp-bind--hidden=\"!state.hasPdfPreview\" hidden class=\"wp-block-file__embed\" data=\"https:\/\/charente.catholique.fr\/grand-angouleme\/wp-content\/uploads\/sites\/2\/2024\/09\/9-clochers-de-VDL-.pdf\" type=\"application\/pdf\" style=\"width:100%;height:600px\" aria-label=\"Contenu embarqu\u00e9 9 clochers de VDL.\"><\/object><a id=\"wp-block-file--media-517165d1-41a4-4666-a074-66e2cd02bf16\" href=\"https:\/\/charente.catholique.fr\/grand-angouleme\/wp-content\/uploads\/sites\/2\/2024\/09\/9-clochers-de-VDL-.pdf\">9 clochers de VDL<\/a><\/div>\n","protected":false},"excerpt":{"rendered":"<p>Pourquoi un site sur la paroisse de Soyaux Vall\u00e9e de l\u2019Echelle existe-il&nbsp;? Un chr\u00e9tien isol\u00e9 est un chr\u00e9tien en danger, et bien, c\u2019est la m\u00eame probl\u00e9matique pour une paroisse. Soyons visible au sein de notre ville, au sein de notre dio16 (Dioc\u00e8se charentais). Ne restons pas cach\u00e9s dans la for\u00eat de l\u2019anonymat. &nbsp;Ce confort ne [&hellip;]<\/p>\n","protected":false},"author":78,"featured_media":9398,"comment_status":"open","ping_status":"open","sticky":false,"template":"","format":"standard","meta":{"_acf_changed":false,"paroisse":["3"],"service":["0"],"footnotes":""},"categories":[1],"tags":[],"class_list":["post-25281","post","type-post","status-publish","format-standard","has-post-thumbnail","hentry","category-actualites"],"acf":[],"yoast_head":"<!-- This site is optimized with the Yoast SEO plugin v27.1.1 - https:\/\/yoast.com\/product\/yoast-seo-wordpress\/ -->\n<title>Editorial - Doyenn\u00e9 Grand Angoul\u00eame<\/title>\n<meta name=\"robots\" content=\"index, follow, max-snippet:-1, max-image-preview:large, max-video-preview:-1\" \/>\n<link rel=\"canonical\" href=\"https:\/\/charente.catholique.fr\/grand-angouleme\/actualites\/editorial\/\" \/>\n<meta property=\"og:locale\" content=\"fr_FR\" \/>\n<meta property=\"og:type\" content=\"article\" \/>\n<meta property=\"og:title\" content=\"Editorial - Doyenn\u00e9 Grand Angoul\u00eame\" \/>\n<meta property=\"og:description\" content=\"Pourquoi un site sur la paroisse de Soyaux Vall\u00e9e de l\u2019Echelle existe-il&nbsp;? Un chr\u00e9tien isol\u00e9 est un chr\u00e9tien en danger, et bien, c\u2019est la m\u00eame probl\u00e9matique pour une paroisse. Soyons visible au sein de notre ville, au sein de notre dio16 (Dioc\u00e8se charentais). Ne restons pas cach\u00e9s dans la for\u00eat de l\u2019anonymat. &nbsp;Ce confort ne [&hellip;]\" \/>\n<meta property=\"og:url\" content=\"https:\/\/charente.catholique.fr\/grand-angouleme\/actualites\/editorial\/\" \/>\n<meta property=\"og:site_name\" content=\"Doyenn\u00e9 Grand Angoul\u00eame\" \/>\n<meta property=\"article:publisher\" content=\"https:\/\/www.facebook.com\/EgliseCatholiqueCharente\" \/>\n<meta property=\"article:published_time\" content=\"2024-09-24T13:37:29+00:00\" \/>\n<meta property=\"article:modified_time\" content=\"2024-09-24T13:38:35+00:00\" \/>\n<meta property=\"og:image\" content=\"https:\/\/charente.catholique.fr\/grand-angouleme\/wp-content\/uploads\/sites\/2\/2022\/02\/colorful-2174045_1280.png\" \/>\n\t<meta property=\"og:image:width\" content=\"1280\" \/>\n\t<meta property=\"og:image:height\" content=\"853\" \/>\n\t<meta property=\"og:image:type\" content=\"image\/png\" \/>\n<meta name=\"author\" content=\"Xavier Jaubert\" \/>\n<meta name=\"twitter:card\" content=\"summary_large_image\" \/>\n<meta name=\"twitter:creator\" content=\"@diocesecharente\" \/>\n<meta name=\"twitter:site\" content=\"@diocesecharente\" \/>\n<meta name=\"twitter:label1\" content=\"\u00c9crit par\" \/>\n\t<meta name=\"twitter:data1\" content=\"Xavier Jaubert\" \/>\n\t<meta name=\"twitter:label2\" content=\"Dur\u00e9e de lecture estim\u00e9e\" \/>\n\t<meta name=\"twitter:data2\" content=\"3 minutes\" \/>\n<script type=\"application\/ld+json\" class=\"yoast-schema-graph\">{\"@context\":\"https:\/\/schema.org\",\"@graph\":[{\"@type\":\"Article\",\"@id\":\"https:\/\/charente.catholique.fr\/grand-angouleme\/actualites\/editorial\/#article\",\"isPartOf\":{\"@id\":\"https:\/\/charente.catholique.fr\/grand-angouleme\/actualites\/editorial\/\"},\"author\":{\"name\":\"Xavier Jaubert\",\"@id\":\"https:\/\/charente.catholique.fr\/grand-angouleme\/#\/schema\/person\/081111fd98a16a25cb6ad30dbc5deb11\"},\"headline\":\"Editorial\",\"datePublished\":\"2024-09-24T13:37:29+00:00\",\"dateModified\":\"2024-09-24T13:38:35+00:00\",\"mainEntityOfPage\":{\"@id\":\"https:\/\/charente.catholique.fr\/grand-angouleme\/actualites\/editorial\/\"},\"wordCount\":484,\"commentCount\":0,\"publisher\":{\"@id\":\"https:\/\/charente.catholique.fr\/grand-angouleme\/#organization\"},\"image\":{\"@id\":\"https:\/\/charente.catholique.fr\/grand-angouleme\/actualites\/editorial\/#primaryimage\"},\"thumbnailUrl\":\"https:\/\/charente.catholique.fr\/grand-angouleme\/wp-content\/uploads\/sites\/2\/2022\/02\/colorful-2174045_1280.png\",\"articleSection\":[\"Actualit\u00e9s\"],\"inLanguage\":\"fr-FR\",\"potentialAction\":[{\"@type\":\"CommentAction\",\"name\":\"Comment\",\"target\":[\"https:\/\/charente.catholique.fr\/grand-angouleme\/actualites\/editorial\/#respond\"]}]},{\"@type\":\"WebPage\",\"@id\":\"https:\/\/charente.catholique.fr\/grand-angouleme\/actualites\/editorial\/\",\"url\":\"https:\/\/charente.catholique.fr\/grand-angouleme\/actualites\/editorial\/\",\"name\":\"Editorial - Doyenn\u00e9 Grand Angoul\u00eame\",\"isPartOf\":{\"@id\":\"https:\/\/charente.catholique.fr\/grand-angouleme\/#website\"},\"primaryImageOfPage\":{\"@id\":\"https:\/\/charente.catholique.fr\/grand-angouleme\/actualites\/editorial\/#primaryimage\"},\"image\":{\"@id\":\"https:\/\/charente.catholique.fr\/grand-angouleme\/actualites\/editorial\/#primaryimage\"},\"thumbnailUrl\":\"https:\/\/charente.catholique.fr\/grand-angouleme\/wp-content\/uploads\/sites\/2\/2022\/02\/colorful-2174045_1280.png\",\"datePublished\":\"2024-09-24T13:37:29+00:00\",\"dateModified\":\"2024-09-24T13:38:35+00:00\",\"breadcrumb\":{\"@id\":\"https:\/\/charente.catholique.fr\/grand-angouleme\/actualites\/editorial\/#breadcrumb\"},\"inLanguage\":\"fr-FR\",\"potentialAction\":[{\"@type\":\"ReadAction\",\"target\":[\"https:\/\/charente.catholique.fr\/grand-angouleme\/actualites\/editorial\/\"]}]},{\"@type\":\"ImageObject\",\"inLanguage\":\"fr-FR\",\"@id\":\"https:\/\/charente.catholique.fr\/grand-angouleme\/actualites\/editorial\/#primaryimage\",\"url\":\"https:\/\/charente.catholique.fr\/grand-angouleme\/wp-content\/uploads\/sites\/2\/2022\/02\/colorful-2174045_1280.png\",\"contentUrl\":\"https:\/\/charente.catholique.fr\/grand-angouleme\/wp-content\/uploads\/sites\/2\/2022\/02\/colorful-2174045_1280.png\",\"width\":1280,\"height\":853},{\"@type\":\"BreadcrumbList\",\"@id\":\"https:\/\/charente.catholique.fr\/grand-angouleme\/actualites\/editorial\/#breadcrumb\",\"itemListElement\":[{\"@type\":\"ListItem\",\"position\":1,\"name\":\"Accueil\",\"item\":\"https:\/\/charente.catholique.fr\/grand-angouleme\/\"},{\"@type\":\"ListItem\",\"position\":2,\"name\":\"Editorial\"}]},{\"@type\":\"WebSite\",\"@id\":\"https:\/\/charente.catholique.fr\/grand-angouleme\/#website\",\"url\":\"https:\/\/charente.catholique.fr\/grand-angouleme\/\",\"name\":\"Doyenn\u00e9 Grand Angoul\u00eame - Dioc\u00e8se d'Angoul\u00eame\",\"description\":\"Dioc\u00e8se d&#039;Angoul\u00eame\",\"publisher\":{\"@id\":\"https:\/\/charente.catholique.fr\/grand-angouleme\/#organization\"},\"potentialAction\":[{\"@type\":\"SearchAction\",\"target\":{\"@type\":\"EntryPoint\",\"urlTemplate\":\"https:\/\/charente.catholique.fr\/grand-angouleme\/?s={search_term_string}\"},\"query-input\":{\"@type\":\"PropertyValueSpecification\",\"valueRequired\":true,\"valueName\":\"search_term_string\"}}],\"inLanguage\":\"fr-FR\"},{\"@type\":\"Organization\",\"@id\":\"https:\/\/charente.catholique.fr\/grand-angouleme\/#organization\",\"name\":\"Association Dioc\u00e9saine d'Angoul\u00eame\",\"url\":\"https:\/\/charente.catholique.fr\/grand-angouleme\/\",\"logo\":{\"@type\":\"ImageObject\",\"inLanguage\":\"fr-FR\",\"@id\":\"https:\/\/charente.catholique.fr\/grand-angouleme\/#\/schema\/logo\/image\/\",\"url\":\"https:\/\/charente.catholique.fr\/grand-angouleme\/wp-content\/uploads\/sites\/2\/2020\/10\/logos.png\",\"contentUrl\":\"https:\/\/charente.catholique.fr\/grand-angouleme\/wp-content\/uploads\/sites\/2\/2020\/10\/logos.png\",\"width\":600,\"height\":257,\"caption\":\"Association Dioc\u00e9saine d'Angoul\u00eame\"},\"image\":{\"@id\":\"https:\/\/charente.catholique.fr\/grand-angouleme\/#\/schema\/logo\/image\/\"},\"sameAs\":[\"https:\/\/www.facebook.com\/EgliseCatholiqueCharente\",\"https:\/\/x.com\/diocesecharente\",\"https:\/\/www.instagram.com\/eglisecharente\",\"https:\/\/www.youtube.com\/channel\/UCByyFWApZbw3gDTiADoiAaQ\"]},{\"@type\":\"Person\",\"@id\":\"https:\/\/charente.catholique.fr\/grand-angouleme\/#\/schema\/person\/081111fd98a16a25cb6ad30dbc5deb11\",\"name\":\"Xavier Jaubert\",\"image\":{\"@type\":\"ImageObject\",\"inLanguage\":\"fr-FR\",\"@id\":\"https:\/\/charente.catholique.fr\/grand-angouleme\/#\/schema\/person\/image\/\",\"url\":\"https:\/\/secure.gravatar.com\/avatar\/f417865c675564454cc787e13320771e01c9faf79c7a84be01b71e97d88424a7?s=96&d=mm&r=g\",\"contentUrl\":\"https:\/\/secure.gravatar.com\/avatar\/f417865c675564454cc787e13320771e01c9faf79c7a84be01b71e97d88424a7?s=96&d=mm&r=g\",\"caption\":\"Xavier Jaubert\"},\"url\":\"https:\/\/charente.catholique.fr\/grand-angouleme\/author\/xavierjaubert\/\"}]}<\/script>\n<!-- \/ Yoast SEO plugin. -->","yoast_head_json":{"title":"Editorial - Doyenn\u00e9 Grand Angoul\u00eame","robots":{"index":"index","follow":"follow","max-snippet":"max-snippet:-1","max-image-preview":"max-image-preview:large","max-video-preview":"max-video-preview:-1"},"canonical":"https:\/\/charente.catholique.fr\/grand-angouleme\/actualites\/editorial\/","og_locale":"fr_FR","og_type":"article","og_title":"Editorial - Doyenn\u00e9 Grand Angoul\u00eame","og_description":"Pourquoi un site sur la paroisse de Soyaux Vall\u00e9e de l\u2019Echelle existe-il&nbsp;? Un chr\u00e9tien isol\u00e9 est un chr\u00e9tien en danger, et bien, c\u2019est la m\u00eame probl\u00e9matique pour une paroisse. Soyons visible au sein de notre ville, au sein de notre dio16 (Dioc\u00e8se charentais). Ne restons pas cach\u00e9s dans la for\u00eat de l\u2019anonymat. &nbsp;Ce confort ne [&hellip;]","og_url":"https:\/\/charente.catholique.fr\/grand-angouleme\/actualites\/editorial\/","og_site_name":"Doyenn\u00e9 Grand Angoul\u00eame","article_publisher":"https:\/\/www.facebook.com\/EgliseCatholiqueCharente","article_published_time":"2024-09-24T13:37:29+00:00","article_modified_time":"2024-09-24T13:38:35+00:00","og_image":[{"width":1280,"height":853,"url":"https:\/\/charente.catholique.fr\/grand-angouleme\/wp-content\/uploads\/sites\/2\/2022\/02\/colorful-2174045_1280.png","type":"image\/png"}],"author":"Xavier Jaubert","twitter_card":"summary_large_image","twitter_creator":"@diocesecharente","twitter_site":"@diocesecharente","twitter_misc":{"\u00c9crit par":"Xavier Jaubert","Dur\u00e9e de lecture estim\u00e9e":"3 minutes"},"schema":{"@context":"https:\/\/schema.org","@graph":[{"@type":"Article","@id":"https:\/\/charente.catholique.fr\/grand-angouleme\/actualites\/editorial\/#article","isPartOf":{"@id":"https:\/\/charente.catholique.fr\/grand-angouleme\/actualites\/editorial\/"},"author":{"name":"Xavier Jaubert","@id":"https:\/\/charente.catholique.fr\/grand-angouleme\/#\/schema\/person\/081111fd98a16a25cb6ad30dbc5deb11"},"headline":"Editorial","datePublished":"2024-09-24T13:37:29+00:00","dateModified":"2024-09-24T13:38:35+00:00","mainEntityOfPage":{"@id":"https:\/\/charente.catholique.fr\/grand-angouleme\/actualites\/editorial\/"},"wordCount":484,"commentCount":0,"publisher":{"@id":"https:\/\/charente.catholique.fr\/grand-angouleme\/#organization"},"image":{"@id":"https:\/\/charente.catholique.fr\/grand-angouleme\/actualites\/editorial\/#primaryimage"},"thumbnailUrl":"https:\/\/charente.catholique.fr\/grand-angouleme\/wp-content\/uploads\/sites\/2\/2022\/02\/colorful-2174045_1280.png","articleSection":["Actualit\u00e9s"],"inLanguage":"fr-FR","potentialAction":[{"@type":"CommentAction","name":"Comment","target":["https:\/\/charente.catholique.fr\/grand-angouleme\/actualites\/editorial\/#respond"]}]},{"@type":"WebPage","@id":"https:\/\/charente.catholique.fr\/grand-angouleme\/actualites\/editorial\/","url":"https:\/\/charente.catholique.fr\/grand-angouleme\/actualites\/editorial\/","name":"Editorial - Doyenn\u00e9 Grand Angoul\u00eame","isPartOf":{"@id":"https:\/\/charente.catholique.fr\/grand-angouleme\/#website"},"primaryImageOfPage":{"@id":"https:\/\/charente.catholique.fr\/grand-angouleme\/actualites\/editorial\/#primaryimage"},"image":{"@id":"https:\/\/charente.catholique.fr\/grand-angouleme\/actualites\/editorial\/#primaryimage"},"thumbnailUrl":"https:\/\/charente.catholique.fr\/grand-angouleme\/wp-content\/uploads\/sites\/2\/2022\/02\/colorful-2174045_1280.png","datePublished":"2024-09-24T13:37:29+00:00","dateModified":"2024-09-24T13:38:35+00:00","breadcrumb":{"@id":"https:\/\/charente.catholique.fr\/grand-angouleme\/actualites\/editorial\/#breadcrumb"},"inLanguage":"fr-FR","potentialAction":[{"@type":"ReadAction","target":["https:\/\/charente.catholique.fr\/grand-angouleme\/actualites\/editorial\/"]}]},{"@type":"ImageObject","inLanguage":"fr-FR","@id":"https:\/\/charente.catholique.fr\/grand-angouleme\/actualites\/editorial\/#primaryimage","url":"https:\/\/charente.catholique.fr\/grand-angouleme\/wp-content\/uploads\/sites\/2\/2022\/02\/colorful-2174045_1280.png","contentUrl":"https:\/\/charente.catholique.fr\/grand-angouleme\/wp-content\/uploads\/sites\/2\/2022\/02\/colorful-2174045_1280.png","width":1280,"height":853},{"@type":"BreadcrumbList","@id":"https:\/\/charente.catholique.fr\/grand-angouleme\/actualites\/editorial\/#breadcrumb","itemListElement":[{"@type":"ListItem","position":1,"name":"Accueil","item":"https:\/\/charente.catholique.fr\/grand-angouleme\/"},{"@type":"ListItem","position":2,"name":"Editorial"}]},{"@type":"WebSite","@id":"https:\/\/charente.catholique.fr\/grand-angouleme\/#website","url":"https:\/\/charente.catholique.fr\/grand-angouleme\/","name":"Doyenn\u00e9 Grand Angoul\u00eame - Dioc\u00e8se d'Angoul\u00eame","description":"Dioc\u00e8se d&#039;Angoul\u00eame","publisher":{"@id":"https:\/\/charente.catholique.fr\/grand-angouleme\/#organization"},"potentialAction":[{"@type":"SearchAction","target":{"@type":"EntryPoint","urlTemplate":"https:\/\/charente.catholique.fr\/grand-angouleme\/?s={search_term_string}"},"query-input":{"@type":"PropertyValueSpecification","valueRequired":true,"valueName":"search_term_string"}}],"inLanguage":"fr-FR"},{"@type":"Organization","@id":"https:\/\/charente.catholique.fr\/grand-angouleme\/#organization","name":"Association Dioc\u00e9saine d'Angoul\u00eame","url":"https:\/\/charente.catholique.fr\/grand-angouleme\/","logo":{"@type":"ImageObject","inLanguage":"fr-FR","@id":"https:\/\/charente.catholique.fr\/grand-angouleme\/#\/schema\/logo\/image\/","url":"https:\/\/charente.catholique.fr\/grand-angouleme\/wp-content\/uploads\/sites\/2\/2020\/10\/logos.png","contentUrl":"https:\/\/charente.catholique.fr\/grand-angouleme\/wp-content\/uploads\/sites\/2\/2020\/10\/logos.png","width":600,"height":257,"caption":"Association Dioc\u00e9saine d'Angoul\u00eame"},"image":{"@id":"https:\/\/charente.catholique.fr\/grand-angouleme\/#\/schema\/logo\/image\/"},"sameAs":["https:\/\/www.facebook.com\/EgliseCatholiqueCharente","https:\/\/x.com\/diocesecharente","https:\/\/www.instagram.com\/eglisecharente","https:\/\/www.youtube.com\/channel\/UCByyFWApZbw3gDTiADoiAaQ"]},{"@type":"Person","@id":"https:\/\/charente.catholique.fr\/grand-angouleme\/#\/schema\/person\/081111fd98a16a25cb6ad30dbc5deb11","name":"Xavier Jaubert","image":{"@type":"ImageObject","inLanguage":"fr-FR","@id":"https:\/\/charente.catholique.fr\/grand-angouleme\/#\/schema\/person\/image\/","url":"https:\/\/secure.gravatar.com\/avatar\/f417865c675564454cc787e13320771e01c9faf79c7a84be01b71e97d88424a7?s=96&d=mm&r=g","contentUrl":"https:\/\/secure.gravatar.com\/avatar\/f417865c675564454cc787e13320771e01c9faf79c7a84be01b71e97d88424a7?s=96&d=mm&r=g","caption":"Xavier Jaubert"},"url":"https:\/\/charente.catholique.fr\/grand-angouleme\/author\/xavierjaubert\/"}]}},"_links":{"self":[{"href":"https:\/\/charente.catholique.fr\/grand-angouleme\/wp-json\/wp\/v2\/posts\/25281","targetHints":{"allow":["GET"]}}],"collection":[{"href":"https:\/\/charente.catholique.fr\/grand-angouleme\/wp-json\/wp\/v2\/posts"}],"about":[{"href":"https:\/\/charente.catholique.fr\/grand-angouleme\/wp-json\/wp\/v2\/types\/post"}],"author":[{"embeddable":true,"href":"https:\/\/charente.catholique.fr\/grand-angouleme\/wp-json\/wp\/v2\/users\/78"}],"replies":[{"embeddable":true,"href":"https:\/\/charente.catholique.fr\/grand-angouleme\/wp-json\/wp\/v2\/comments?post=25281"}],"version-history":[{"count":4,"href":"https:\/\/charente.catholique.fr\/grand-angouleme\/wp-json\/wp\/v2\/posts\/25281\/revisions"}],"predecessor-version":[{"id":25291,"href":"https:\/\/charente.catholique.fr\/grand-angouleme\/wp-json\/wp\/v2\/posts\/25281\/revisions\/25291"}],"wp:featuredmedia":[{"embeddable":true,"href":"https:\/\/charente.catholique.fr\/grand-angouleme\/wp-json\/wp\/v2\/media\/9398"}],"wp:attachment":[{"href":"https:\/\/charente.catholique.fr\/grand-angouleme\/wp-json\/wp\/v2\/media?parent=25281"}],"wp:term":[{"taxonomy":"category","embeddable":true,"href":"https:\/\/charente.catholique.fr\/grand-angouleme\/wp-json\/wp\/v2\/categories?post=25281"},{"taxonomy":"post_tag","embeddable":true,"href":"https:\/\/charente.catholique.fr\/grand-angouleme\/wp-json\/wp\/v2\/tags?post=25281"}],"curies":[{"name":"wp","href":"https:\/\/api.w.org\/{rel}","templated":true}]}}