{"id":24452,"date":"2024-06-30T21:50:30","date_gmt":"2024-06-30T19:50:30","guid":{"rendered":"https:\/\/charente.catholique.fr\/grand-angouleme\/?p=24452"},"modified":"2024-11-02T08:21:33","modified_gmt":"2024-11-02T07:21:33","slug":"13eme-dimanche-du-temps-ordinaire-annee-b","status":"publish","type":"post","link":"https:\/\/charente.catholique.fr\/grand-angouleme\/actualites\/13eme-dimanche-du-temps-ordinaire-annee-b\/","title":{"rendered":"Dimanche 30 juin &#8211; 13\u00e8me dimanche Ann\u00e9e B"},"content":{"rendered":"\n<h4 class=\"wp-block-heading\">Accueil<\/h4>\n\n\n\n<p>\u00a0\u00ab\u00a0<em>Ce qui na\u00eet dans le monde est porteur de vie.<\/em>\u00a0\u00bb nous confie le livre de la Sagesse.<br> En effet, Dieu nous invite \u00e0 contempler le monde et les autres en nous arr\u00eatant sur le bon, le beau, le meilleur. La mort n&#8217;a pas de pouvoir sur la dynamique cr\u00e9atrice de Dieu.<br>En ce dimanche d&#8217;\u00e9lection dans notre pays, Paul s&#8217;adressant aux Corinthiens et en s&#8217;adressant aussi \u00e0 nous, \u00e9crit :\u00a0 \u00ab\u00a0<em>Vous avez tout en abondance la foi, la Parole et la connaissance de Dieu<\/em>\u00a0\u00bb<br>Comment ne pas nous interroger sur la n\u00e9cessit\u00e9 d&#8217;un partage plus juste. Comme le dit l&#8217;\u00e9criture en parlant de la manne que Dieu a envoy\u00e9 aux h\u00e9breux dans le d\u00e9sert.\u00a0 \u00ab<em>\u00a0Celui qui en avait ramass\u00e9 beaucoup n&#8217;eut rien de trop, celui qui en avait ramass\u00e9 peu ne manque de rien<\/em>.\u00a0<br>La femme de l&#8217;\u00e9vangile qui ne gu\u00e9rit pas et comme Ja\u00efre qui demande \u00e0 J\u00e9sus de sauver sa fille mourante font preuve d&#8217;une foi vivante qui refuse la fatalit\u00e9.<br>Rendons gr\u00e2ce pour toutes les fois o\u00f9 nous avons fait confiance au Seigneur et o\u00f9 Il nous a saisit, nous a relev\u00e9 et aid\u00e9 \u00e0 faire des choix sur le chemin de nos vies.<\/p>\n\n\n\n<p><\/p>\n\n\n\n<h4 class=\"wp-block-heading\"><a href=\"https:\/\/www.aelf.org\/2024-06-30\/romain\/messe\">Lectures du jour<\/a><\/h4>\n\n\n\n<h4 class=\"wp-block-heading\">Hom\u00e9lie du P\u00e8re Denis Trinez <\/h4>\n\n\n\n<figure class=\"wp-block-embed is-type-video is-provider-youtube wp-block-embed-youtube wp-embed-aspect-16-9 wp-has-aspect-ratio\"><div class=\"wp-block-embed__wrapper\">\n<iframe loading=\"lazy\" title=\"hom\u00e9lie du p\u00e8re Denis Trinez pour le 13\u00e8me dimanche de l&#039;ann\u00e9e B\" width=\"500\" height=\"281\" src=\"https:\/\/www.youtube.com\/embed\/NpJcnkRTgPQ?feature=oembed\" frameborder=\"0\" allow=\"accelerometer; autoplay; clipboard-write; encrypted-media; gyroscope; picture-in-picture; web-share\" referrerpolicy=\"strict-origin-when-cross-origin\" allowfullscreen><\/iframe>\n<\/div><\/figure>\n\n\n\n<h4 class=\"wp-block-heading\">Pri\u00e8re universelle<\/h4>\n\n\n\n<ul class=\"wp-block-list\">\n<li>Seigneur de libert\u00e9, nous te prions en ce jour d&#8217;\u00e9lection pour r\u00e9sister farouchement \u00e0 tout ce qui nous cloisonne et condamne au vase clos l&#8217;insondable libert\u00e9 de ton Esprit.<\/li>\n\n\n\n<li>Seigneur de justice, nous te prions pour que les dirigeants politique\u00a0 construisent\u00a0 et favorisent la recherche du bien commun et non leurs int\u00e9r\u00eats particuliers.<\/li>\n\n\n\n<li>Seigneur de tendresse, nous te rendons gr\u00e2ce pour toutes les fois o\u00f9 tu nous saisis et nous rel\u00e8ve. Donne-nous la tendresse et la patience pour qu&#8217;\u00e0 notre tour nous sachions accompagner toutes celles et ceux qui ont besoin d&#8217;attention et d&#8217;amiti\u00e9.\u00a0\u00a0\u00a0\u00a0\u00a0<\/li>\n<\/ul>\n","protected":false},"excerpt":{"rendered":"<p>Accueil \u00a0\u00ab\u00a0Ce qui na\u00eet dans le monde est porteur de vie.\u00a0\u00bb nous confie le livre de la Sagesse. En effet, Dieu nous invite \u00e0 contempler le monde et les autres en nous arr\u00eatant sur le bon, le beau, le meilleur. La mort n&#8217;a pas de pouvoir sur la dynamique cr\u00e9atrice de Dieu.En ce dimanche d&#8217;\u00e9lection [&hellip;]<\/p>\n","protected":false},"author":22,"featured_media":24453,"comment_status":"open","ping_status":"open","sticky":false,"template":"","format":"standard","meta":{"_acf_changed":false,"paroisse":["8"],"service":["0"],"footnotes":""},"categories":[1],"tags":[],"class_list":["post-24452","post","type-post","status-publish","format-standard","has-post-thumbnail","hentry","category-actualites"],"acf":[],"yoast_head":"<!-- This site is optimized with the Yoast SEO plugin v27.1.1 - https:\/\/yoast.com\/product\/yoast-seo-wordpress\/ -->\n<title>Dimanche 30 juin - 13\u00e8me dimanche Ann\u00e9e B - Doyenn\u00e9 Grand Angoul\u00eame<\/title>\n<meta name=\"robots\" content=\"index, follow, max-snippet:-1, max-image-preview:large, max-video-preview:-1\" \/>\n<link rel=\"canonical\" href=\"https:\/\/charente.catholique.fr\/grand-angouleme\/actualites\/13eme-dimanche-du-temps-ordinaire-annee-b\/\" \/>\n<meta property=\"og:locale\" content=\"fr_FR\" \/>\n<meta property=\"og:type\" content=\"article\" \/>\n<meta property=\"og:title\" content=\"Dimanche 30 juin - 13\u00e8me dimanche Ann\u00e9e B - Doyenn\u00e9 Grand Angoul\u00eame\" \/>\n<meta property=\"og:description\" content=\"Accueil \u00a0\u00ab\u00a0Ce qui na\u00eet dans le monde est porteur de vie.\u00a0\u00bb nous confie le livre de la Sagesse. En effet, Dieu nous invite \u00e0 contempler le monde et les autres en nous arr\u00eatant sur le bon, le beau, le meilleur. La mort n&#8217;a pas de pouvoir sur la dynamique cr\u00e9atrice de Dieu.En ce dimanche d&#8217;\u00e9lection [&hellip;]\" \/>\n<meta property=\"og:url\" content=\"https:\/\/charente.catholique.fr\/grand-angouleme\/actualites\/13eme-dimanche-du-temps-ordinaire-annee-b\/\" \/>\n<meta property=\"og:site_name\" content=\"Doyenn\u00e9 Grand Angoul\u00eame\" \/>\n<meta property=\"article:publisher\" content=\"https:\/\/www.facebook.com\/EgliseCatholiqueCharente\" \/>\n<meta property=\"article:published_time\" content=\"2024-06-30T19:50:30+00:00\" \/>\n<meta property=\"article:modified_time\" content=\"2024-11-02T07:21:33+00:00\" \/>\n<meta property=\"og:image\" content=\"https:\/\/charente.catholique.fr\/grand-angouleme\/wp-content\/uploads\/sites\/2\/2024\/06\/20240630_211622.jpg\" \/>\n\t<meta property=\"og:image:width\" content=\"600\" \/>\n\t<meta property=\"og:image:height\" content=\"255\" \/>\n\t<meta property=\"og:image:type\" content=\"image\/jpeg\" \/>\n<meta name=\"author\" content=\"Janine Laborde\" \/>\n<meta name=\"twitter:card\" content=\"summary_large_image\" \/>\n<meta name=\"twitter:creator\" content=\"@diocesecharente\" \/>\n<meta name=\"twitter:site\" content=\"@diocesecharente\" \/>\n<meta name=\"twitter:label1\" content=\"\u00c9crit par\" \/>\n\t<meta name=\"twitter:data1\" content=\"Janine Laborde\" \/>\n\t<meta name=\"twitter:label2\" content=\"Dur\u00e9e de lecture estim\u00e9e\" \/>\n\t<meta name=\"twitter:data2\" content=\"2 minutes\" \/>\n<script type=\"application\/ld+json\" class=\"yoast-schema-graph\">{\"@context\":\"https:\/\/schema.org\",\"@graph\":[{\"@type\":\"Article\",\"@id\":\"https:\/\/charente.catholique.fr\/grand-angouleme\/actualites\/13eme-dimanche-du-temps-ordinaire-annee-b\/#article\",\"isPartOf\":{\"@id\":\"https:\/\/charente.catholique.fr\/grand-angouleme\/actualites\/13eme-dimanche-du-temps-ordinaire-annee-b\/\"},\"author\":{\"name\":\"Janine Laborde\",\"@id\":\"https:\/\/charente.catholique.fr\/grand-angouleme\/#\/schema\/person\/898f693d8a5f95b1bf02828f73967b47\"},\"headline\":\"Dimanche 30 juin &#8211; 13\u00e8me dimanche Ann\u00e9e B\",\"datePublished\":\"2024-06-30T19:50:30+00:00\",\"dateModified\":\"2024-11-02T07:21:33+00:00\",\"mainEntityOfPage\":{\"@id\":\"https:\/\/charente.catholique.fr\/grand-angouleme\/actualites\/13eme-dimanche-du-temps-ordinaire-annee-b\/\"},\"wordCount\":344,\"commentCount\":0,\"publisher\":{\"@id\":\"https:\/\/charente.catholique.fr\/grand-angouleme\/#organization\"},\"image\":{\"@id\":\"https:\/\/charente.catholique.fr\/grand-angouleme\/actualites\/13eme-dimanche-du-temps-ordinaire-annee-b\/#primaryimage\"},\"thumbnailUrl\":\"https:\/\/charente.catholique.fr\/grand-angouleme\/wp-content\/uploads\/sites\/2\/2024\/06\/20240630_211622.jpg\",\"articleSection\":[\"Actualit\u00e9s\"],\"inLanguage\":\"fr-FR\",\"potentialAction\":[{\"@type\":\"CommentAction\",\"name\":\"Comment\",\"target\":[\"https:\/\/charente.catholique.fr\/grand-angouleme\/actualites\/13eme-dimanche-du-temps-ordinaire-annee-b\/#respond\"]}]},{\"@type\":\"WebPage\",\"@id\":\"https:\/\/charente.catholique.fr\/grand-angouleme\/actualites\/13eme-dimanche-du-temps-ordinaire-annee-b\/\",\"url\":\"https:\/\/charente.catholique.fr\/grand-angouleme\/actualites\/13eme-dimanche-du-temps-ordinaire-annee-b\/\",\"name\":\"Dimanche 30 juin - 13\u00e8me dimanche Ann\u00e9e B - Doyenn\u00e9 Grand Angoul\u00eame\",\"isPartOf\":{\"@id\":\"https:\/\/charente.catholique.fr\/grand-angouleme\/#website\"},\"primaryImageOfPage\":{\"@id\":\"https:\/\/charente.catholique.fr\/grand-angouleme\/actualites\/13eme-dimanche-du-temps-ordinaire-annee-b\/#primaryimage\"},\"image\":{\"@id\":\"https:\/\/charente.catholique.fr\/grand-angouleme\/actualites\/13eme-dimanche-du-temps-ordinaire-annee-b\/#primaryimage\"},\"thumbnailUrl\":\"https:\/\/charente.catholique.fr\/grand-angouleme\/wp-content\/uploads\/sites\/2\/2024\/06\/20240630_211622.jpg\",\"datePublished\":\"2024-06-30T19:50:30+00:00\",\"dateModified\":\"2024-11-02T07:21:33+00:00\",\"breadcrumb\":{\"@id\":\"https:\/\/charente.catholique.fr\/grand-angouleme\/actualites\/13eme-dimanche-du-temps-ordinaire-annee-b\/#breadcrumb\"},\"inLanguage\":\"fr-FR\",\"potentialAction\":[{\"@type\":\"ReadAction\",\"target\":[\"https:\/\/charente.catholique.fr\/grand-angouleme\/actualites\/13eme-dimanche-du-temps-ordinaire-annee-b\/\"]}]},{\"@type\":\"ImageObject\",\"inLanguage\":\"fr-FR\",\"@id\":\"https:\/\/charente.catholique.fr\/grand-angouleme\/actualites\/13eme-dimanche-du-temps-ordinaire-annee-b\/#primaryimage\",\"url\":\"https:\/\/charente.catholique.fr\/grand-angouleme\/wp-content\/uploads\/sites\/2\/2024\/06\/20240630_211622.jpg\",\"contentUrl\":\"https:\/\/charente.catholique.fr\/grand-angouleme\/wp-content\/uploads\/sites\/2\/2024\/06\/20240630_211622.jpg\",\"width\":600,\"height\":255},{\"@type\":\"BreadcrumbList\",\"@id\":\"https:\/\/charente.catholique.fr\/grand-angouleme\/actualites\/13eme-dimanche-du-temps-ordinaire-annee-b\/#breadcrumb\",\"itemListElement\":[{\"@type\":\"ListItem\",\"position\":1,\"name\":\"Accueil\",\"item\":\"https:\/\/charente.catholique.fr\/grand-angouleme\/\"},{\"@type\":\"ListItem\",\"position\":2,\"name\":\"Dimanche 30 juin &#8211; 13\u00e8me dimanche Ann\u00e9e B\"}]},{\"@type\":\"WebSite\",\"@id\":\"https:\/\/charente.catholique.fr\/grand-angouleme\/#website\",\"url\":\"https:\/\/charente.catholique.fr\/grand-angouleme\/\",\"name\":\"Doyenn\u00e9 Grand Angoul\u00eame - Dioc\u00e8se d'Angoul\u00eame\",\"description\":\"Dioc\u00e8se d&#039;Angoul\u00eame\",\"publisher\":{\"@id\":\"https:\/\/charente.catholique.fr\/grand-angouleme\/#organization\"},\"potentialAction\":[{\"@type\":\"SearchAction\",\"target\":{\"@type\":\"EntryPoint\",\"urlTemplate\":\"https:\/\/charente.catholique.fr\/grand-angouleme\/?s={search_term_string}\"},\"query-input\":{\"@type\":\"PropertyValueSpecification\",\"valueRequired\":true,\"valueName\":\"search_term_string\"}}],\"inLanguage\":\"fr-FR\"},{\"@type\":\"Organization\",\"@id\":\"https:\/\/charente.catholique.fr\/grand-angouleme\/#organization\",\"name\":\"Association Dioc\u00e9saine d'Angoul\u00eame\",\"url\":\"https:\/\/charente.catholique.fr\/grand-angouleme\/\",\"logo\":{\"@type\":\"ImageObject\",\"inLanguage\":\"fr-FR\",\"@id\":\"https:\/\/charente.catholique.fr\/grand-angouleme\/#\/schema\/logo\/image\/\",\"url\":\"https:\/\/charente.catholique.fr\/grand-angouleme\/wp-content\/uploads\/sites\/2\/2020\/10\/logos.png\",\"contentUrl\":\"https:\/\/charente.catholique.fr\/grand-angouleme\/wp-content\/uploads\/sites\/2\/2020\/10\/logos.png\",\"width\":600,\"height\":257,\"caption\":\"Association Dioc\u00e9saine d'Angoul\u00eame\"},\"image\":{\"@id\":\"https:\/\/charente.catholique.fr\/grand-angouleme\/#\/schema\/logo\/image\/\"},\"sameAs\":[\"https:\/\/www.facebook.com\/EgliseCatholiqueCharente\",\"https:\/\/x.com\/diocesecharente\",\"https:\/\/www.instagram.com\/eglisecharente\",\"https:\/\/www.youtube.com\/channel\/UCByyFWApZbw3gDTiADoiAaQ\"]},{\"@type\":\"Person\",\"@id\":\"https:\/\/charente.catholique.fr\/grand-angouleme\/#\/schema\/person\/898f693d8a5f95b1bf02828f73967b47\",\"name\":\"Janine Laborde\",\"image\":{\"@type\":\"ImageObject\",\"inLanguage\":\"fr-FR\",\"@id\":\"https:\/\/charente.catholique.fr\/grand-angouleme\/#\/schema\/person\/image\/\",\"url\":\"https:\/\/secure.gravatar.com\/avatar\/a8f3185ff2f6cee7d79c60e904004ccb6107bdc3e38d176acfc1ee42b62a994e?s=96&d=mm&r=g\",\"contentUrl\":\"https:\/\/secure.gravatar.com\/avatar\/a8f3185ff2f6cee7d79c60e904004ccb6107bdc3e38d176acfc1ee42b62a994e?s=96&d=mm&r=g\",\"caption\":\"Janine Laborde\"},\"url\":\"https:\/\/charente.catholique.fr\/grand-angouleme\/author\/janinelaborde\/\"}]}<\/script>\n<!-- \/ Yoast SEO plugin. -->","yoast_head_json":{"title":"Dimanche 30 juin - 13\u00e8me dimanche Ann\u00e9e B - Doyenn\u00e9 Grand Angoul\u00eame","robots":{"index":"index","follow":"follow","max-snippet":"max-snippet:-1","max-image-preview":"max-image-preview:large","max-video-preview":"max-video-preview:-1"},"canonical":"https:\/\/charente.catholique.fr\/grand-angouleme\/actualites\/13eme-dimanche-du-temps-ordinaire-annee-b\/","og_locale":"fr_FR","og_type":"article","og_title":"Dimanche 30 juin - 13\u00e8me dimanche Ann\u00e9e B - Doyenn\u00e9 Grand Angoul\u00eame","og_description":"Accueil \u00a0\u00ab\u00a0Ce qui na\u00eet dans le monde est porteur de vie.\u00a0\u00bb nous confie le livre de la Sagesse. En effet, Dieu nous invite \u00e0 contempler le monde et les autres en nous arr\u00eatant sur le bon, le beau, le meilleur. La mort n&#8217;a pas de pouvoir sur la dynamique cr\u00e9atrice de Dieu.En ce dimanche d&#8217;\u00e9lection [&hellip;]","og_url":"https:\/\/charente.catholique.fr\/grand-angouleme\/actualites\/13eme-dimanche-du-temps-ordinaire-annee-b\/","og_site_name":"Doyenn\u00e9 Grand Angoul\u00eame","article_publisher":"https:\/\/www.facebook.com\/EgliseCatholiqueCharente","article_published_time":"2024-06-30T19:50:30+00:00","article_modified_time":"2024-11-02T07:21:33+00:00","og_image":[{"width":600,"height":255,"url":"https:\/\/charente.catholique.fr\/grand-angouleme\/wp-content\/uploads\/sites\/2\/2024\/06\/20240630_211622.jpg","type":"image\/jpeg"}],"author":"Janine Laborde","twitter_card":"summary_large_image","twitter_creator":"@diocesecharente","twitter_site":"@diocesecharente","twitter_misc":{"\u00c9crit par":"Janine Laborde","Dur\u00e9e de lecture estim\u00e9e":"2 minutes"},"schema":{"@context":"https:\/\/schema.org","@graph":[{"@type":"Article","@id":"https:\/\/charente.catholique.fr\/grand-angouleme\/actualites\/13eme-dimanche-du-temps-ordinaire-annee-b\/#article","isPartOf":{"@id":"https:\/\/charente.catholique.fr\/grand-angouleme\/actualites\/13eme-dimanche-du-temps-ordinaire-annee-b\/"},"author":{"name":"Janine Laborde","@id":"https:\/\/charente.catholique.fr\/grand-angouleme\/#\/schema\/person\/898f693d8a5f95b1bf02828f73967b47"},"headline":"Dimanche 30 juin &#8211; 13\u00e8me dimanche Ann\u00e9e B","datePublished":"2024-06-30T19:50:30+00:00","dateModified":"2024-11-02T07:21:33+00:00","mainEntityOfPage":{"@id":"https:\/\/charente.catholique.fr\/grand-angouleme\/actualites\/13eme-dimanche-du-temps-ordinaire-annee-b\/"},"wordCount":344,"commentCount":0,"publisher":{"@id":"https:\/\/charente.catholique.fr\/grand-angouleme\/#organization"},"image":{"@id":"https:\/\/charente.catholique.fr\/grand-angouleme\/actualites\/13eme-dimanche-du-temps-ordinaire-annee-b\/#primaryimage"},"thumbnailUrl":"https:\/\/charente.catholique.fr\/grand-angouleme\/wp-content\/uploads\/sites\/2\/2024\/06\/20240630_211622.jpg","articleSection":["Actualit\u00e9s"],"inLanguage":"fr-FR","potentialAction":[{"@type":"CommentAction","name":"Comment","target":["https:\/\/charente.catholique.fr\/grand-angouleme\/actualites\/13eme-dimanche-du-temps-ordinaire-annee-b\/#respond"]}]},{"@type":"WebPage","@id":"https:\/\/charente.catholique.fr\/grand-angouleme\/actualites\/13eme-dimanche-du-temps-ordinaire-annee-b\/","url":"https:\/\/charente.catholique.fr\/grand-angouleme\/actualites\/13eme-dimanche-du-temps-ordinaire-annee-b\/","name":"Dimanche 30 juin - 13\u00e8me dimanche Ann\u00e9e B - Doyenn\u00e9 Grand Angoul\u00eame","isPartOf":{"@id":"https:\/\/charente.catholique.fr\/grand-angouleme\/#website"},"primaryImageOfPage":{"@id":"https:\/\/charente.catholique.fr\/grand-angouleme\/actualites\/13eme-dimanche-du-temps-ordinaire-annee-b\/#primaryimage"},"image":{"@id":"https:\/\/charente.catholique.fr\/grand-angouleme\/actualites\/13eme-dimanche-du-temps-ordinaire-annee-b\/#primaryimage"},"thumbnailUrl":"https:\/\/charente.catholique.fr\/grand-angouleme\/wp-content\/uploads\/sites\/2\/2024\/06\/20240630_211622.jpg","datePublished":"2024-06-30T19:50:30+00:00","dateModified":"2024-11-02T07:21:33+00:00","breadcrumb":{"@id":"https:\/\/charente.catholique.fr\/grand-angouleme\/actualites\/13eme-dimanche-du-temps-ordinaire-annee-b\/#breadcrumb"},"inLanguage":"fr-FR","potentialAction":[{"@type":"ReadAction","target":["https:\/\/charente.catholique.fr\/grand-angouleme\/actualites\/13eme-dimanche-du-temps-ordinaire-annee-b\/"]}]},{"@type":"ImageObject","inLanguage":"fr-FR","@id":"https:\/\/charente.catholique.fr\/grand-angouleme\/actualites\/13eme-dimanche-du-temps-ordinaire-annee-b\/#primaryimage","url":"https:\/\/charente.catholique.fr\/grand-angouleme\/wp-content\/uploads\/sites\/2\/2024\/06\/20240630_211622.jpg","contentUrl":"https:\/\/charente.catholique.fr\/grand-angouleme\/wp-content\/uploads\/sites\/2\/2024\/06\/20240630_211622.jpg","width":600,"height":255},{"@type":"BreadcrumbList","@id":"https:\/\/charente.catholique.fr\/grand-angouleme\/actualites\/13eme-dimanche-du-temps-ordinaire-annee-b\/#breadcrumb","itemListElement":[{"@type":"ListItem","position":1,"name":"Accueil","item":"https:\/\/charente.catholique.fr\/grand-angouleme\/"},{"@type":"ListItem","position":2,"name":"Dimanche 30 juin &#8211; 13\u00e8me dimanche Ann\u00e9e B"}]},{"@type":"WebSite","@id":"https:\/\/charente.catholique.fr\/grand-angouleme\/#website","url":"https:\/\/charente.catholique.fr\/grand-angouleme\/","name":"Doyenn\u00e9 Grand Angoul\u00eame - Dioc\u00e8se d'Angoul\u00eame","description":"Dioc\u00e8se d&#039;Angoul\u00eame","publisher":{"@id":"https:\/\/charente.catholique.fr\/grand-angouleme\/#organization"},"potentialAction":[{"@type":"SearchAction","target":{"@type":"EntryPoint","urlTemplate":"https:\/\/charente.catholique.fr\/grand-angouleme\/?s={search_term_string}"},"query-input":{"@type":"PropertyValueSpecification","valueRequired":true,"valueName":"search_term_string"}}],"inLanguage":"fr-FR"},{"@type":"Organization","@id":"https:\/\/charente.catholique.fr\/grand-angouleme\/#organization","name":"Association Dioc\u00e9saine d'Angoul\u00eame","url":"https:\/\/charente.catholique.fr\/grand-angouleme\/","logo":{"@type":"ImageObject","inLanguage":"fr-FR","@id":"https:\/\/charente.catholique.fr\/grand-angouleme\/#\/schema\/logo\/image\/","url":"https:\/\/charente.catholique.fr\/grand-angouleme\/wp-content\/uploads\/sites\/2\/2020\/10\/logos.png","contentUrl":"https:\/\/charente.catholique.fr\/grand-angouleme\/wp-content\/uploads\/sites\/2\/2020\/10\/logos.png","width":600,"height":257,"caption":"Association Dioc\u00e9saine d'Angoul\u00eame"},"image":{"@id":"https:\/\/charente.catholique.fr\/grand-angouleme\/#\/schema\/logo\/image\/"},"sameAs":["https:\/\/www.facebook.com\/EgliseCatholiqueCharente","https:\/\/x.com\/diocesecharente","https:\/\/www.instagram.com\/eglisecharente","https:\/\/www.youtube.com\/channel\/UCByyFWApZbw3gDTiADoiAaQ"]},{"@type":"Person","@id":"https:\/\/charente.catholique.fr\/grand-angouleme\/#\/schema\/person\/898f693d8a5f95b1bf02828f73967b47","name":"Janine Laborde","image":{"@type":"ImageObject","inLanguage":"fr-FR","@id":"https:\/\/charente.catholique.fr\/grand-angouleme\/#\/schema\/person\/image\/","url":"https:\/\/secure.gravatar.com\/avatar\/a8f3185ff2f6cee7d79c60e904004ccb6107bdc3e38d176acfc1ee42b62a994e?s=96&d=mm&r=g","contentUrl":"https:\/\/secure.gravatar.com\/avatar\/a8f3185ff2f6cee7d79c60e904004ccb6107bdc3e38d176acfc1ee42b62a994e?s=96&d=mm&r=g","caption":"Janine Laborde"},"url":"https:\/\/charente.catholique.fr\/grand-angouleme\/author\/janinelaborde\/"}]}},"_links":{"self":[{"href":"https:\/\/charente.catholique.fr\/grand-angouleme\/wp-json\/wp\/v2\/posts\/24452","targetHints":{"allow":["GET"]}}],"collection":[{"href":"https:\/\/charente.catholique.fr\/grand-angouleme\/wp-json\/wp\/v2\/posts"}],"about":[{"href":"https:\/\/charente.catholique.fr\/grand-angouleme\/wp-json\/wp\/v2\/types\/post"}],"author":[{"embeddable":true,"href":"https:\/\/charente.catholique.fr\/grand-angouleme\/wp-json\/wp\/v2\/users\/22"}],"replies":[{"embeddable":true,"href":"https:\/\/charente.catholique.fr\/grand-angouleme\/wp-json\/wp\/v2\/comments?post=24452"}],"version-history":[{"count":6,"href":"https:\/\/charente.catholique.fr\/grand-angouleme\/wp-json\/wp\/v2\/posts\/24452\/revisions"}],"predecessor-version":[{"id":25713,"href":"https:\/\/charente.catholique.fr\/grand-angouleme\/wp-json\/wp\/v2\/posts\/24452\/revisions\/25713"}],"wp:featuredmedia":[{"embeddable":true,"href":"https:\/\/charente.catholique.fr\/grand-angouleme\/wp-json\/wp\/v2\/media\/24453"}],"wp:attachment":[{"href":"https:\/\/charente.catholique.fr\/grand-angouleme\/wp-json\/wp\/v2\/media?parent=24452"}],"wp:term":[{"taxonomy":"category","embeddable":true,"href":"https:\/\/charente.catholique.fr\/grand-angouleme\/wp-json\/wp\/v2\/categories?post=24452"},{"taxonomy":"post_tag","embeddable":true,"href":"https:\/\/charente.catholique.fr\/grand-angouleme\/wp-json\/wp\/v2\/tags?post=24452"}],"curies":[{"name":"wp","href":"https:\/\/api.w.org\/{rel}","templated":true}]}}