{"id":24393,"date":"2024-06-18T11:51:45","date_gmt":"2024-06-18T09:51:45","guid":{"rendered":"https:\/\/charente.catholique.fr\/grand-angouleme\/?p=24393"},"modified":"2024-06-18T11:59:41","modified_gmt":"2024-06-18T09:59:41","slug":"fete-de-la-foi-dans-notre-paroisse-la-visitation-sur-boeme","status":"publish","type":"post","link":"https:\/\/charente.catholique.fr\/grand-angouleme\/actualites\/fete-de-la-foi-dans-notre-paroisse-la-visitation-sur-boeme\/","title":{"rendered":"F\u00eate de la Foi \u00e0 la paroisse \u00ab\u00a0La Visitation Sur Bo\u00ebme\u00a0\u00bb"},"content":{"rendered":"\n<p>En cette ann\u00e9e 2024, nous avons v\u00e9cu une belle F\u00eate de la Foi qui a commenc\u00e9 le soir du samedi 1<sup>er<\/sup> juin \u00e0 l\u2019\u00e9glise st Jean-Baptiste o\u00f9 6 jeunes ont refait les gestes du bapt\u00eame et nous ont partag\u00e9 leurs \u00ab&nbsp;Je crois&nbsp;\u00bb entour\u00e9s de leurs parrains, marraines et famille. Ils nous ont offert un beau t\u00e9moignage de Foi&nbsp;:<\/p>\n\n\n\n<p><\/p>\n\n\n\n<p>Le lendemain&nbsp;: dimanche 2 juin, \u00e0 l\u2019Abbaye de La Couronne, lieu historique et magique, 18 jeunes ont fait leur 1<sup>\u00e8re<\/sup> communion en recevant le Corps de J\u00e9sus- Christ dans l\u2019hostie consacr\u00e9e. Ils ont v\u00e9cu avec beaucoup de recueillement et de s\u00e9rieux ce moment important dans la vie d\u2019un chr\u00e9tien.<\/p>\n\n\n\n<p>Les 6 jeunes qui avaient fait leur Profession de Foi la veille ont rendu gr\u00e2ce et remerci\u00e9 le Seigneur&nbsp;: \u00ab&nbsp;<strong>Merci<\/strong> Seigneur de me relever quand je tombe.<\/p>\n\n\n\n<p><strong>&nbsp;&nbsp; Merci<\/strong> Marie pour l\u2019amour incroyable de ma famille et de mes amis.<\/p>\n\n\n\n<p><strong>&nbsp;&nbsp; Merci<\/strong> Seigneur de m\u2019avoir accueilli dans ton c\u0153ur.<\/p>\n\n\n\n<p><strong>&nbsp;&nbsp; Merci <\/strong>de veiller sur moi au quotidien.<\/p>\n\n\n\n<p><strong>&nbsp;&nbsp; Merci <\/strong>Seigneur de me donner la force et le courage pendant toute<\/p>\n\n\n\n<p><strong>&nbsp;&nbsp; Merci<\/strong> Dieu de vivre dans mon esprit.<\/p>\n\n\n\n<p><strong>&nbsp;&nbsp; Merci<\/strong> Dieu pour me suivre dans les projets que j\u2019ai choisis.<\/p>\n\n\n\n<p><strong>&nbsp;&nbsp; Merci<\/strong> Dieu de me laisser \u00eatre moi-m\u00eame.<\/p>\n\n\n\n<p><strong>&nbsp;&nbsp; Merci <\/strong>Seigneur de m\u2019avoir fait connaitre de belles personnes.<\/p>\n\n\n\n<p><strong>&nbsp;&nbsp; Merci<\/strong> Seigneur de me faire confiance dans mes moments de doute.<\/p>\n\n\n\n<p>&nbsp;&nbsp; <strong>Je remercie le Seigneur<\/strong> de m\u2019avoir offert ce que j\u2019ai besoin comme la vie,<\/p>\n\n\n\n<p>&nbsp;&nbsp; la sant\u00e9, la bonne humeur et la force. Je remercie aussi mes amis pour tous ces<\/p>\n\n\n\n<p>&nbsp;&nbsp; moments pass\u00e9s ensemble<\/p>\n\n\n\n<p>Environ 400 personnes, compos\u00e9es des familles et des paroissiens avaient r\u00e9pondu pr\u00e9sent pour accompagner et vivre cet instant avec les enfants.<\/p>\n\n\n\n<p>La liturgie d\u00e9ploy\u00e9e par le P\u00e8re Sylvain, accompagn\u00e9 de Beno\u00eet-Marie le s\u00e9minariste et les servants d\u2019autel de Mouthiers ont solennis\u00e9 ce moment et il flottait autour de nous, un m\u00e9lange de paix et de fiert\u00e9.<\/p>\n\n\n\n<p>Les chants de la messe, accompagn\u00e9s par les musiciens, ainsi que la chorale africaine ont enchant\u00e9 l\u2019Abbaye.<\/p>\n\n\n\n<p>Pendant 1h30, l\u2019Esprit Saint, la joie et la paix \u00e9taient l\u00e0\u00a0!<\/p>\n\n\n\n<figure class=\"wp-block-embed is-type-rich is-provider-flickr wp-block-embed-flickr\"><div class=\"wp-block-embed__wrapper\">\n<a data-flickr-embed='true' href='https:\/\/www.flickr.com\/photos\/dioceseangouleme\/albums\/72177720318012910\/' title='F\u00eate de la foi 2024 \u00e0 La Visitation sur Bo\u00ebme by Eglise Catholique en Charente, on Flickr'><img src='https:\/\/live.staticflickr.com\/65535\/53799386326_f17517d003.jpg' width='800' height='600' alt='F\u00eate de la foi 2024 \u00e0 La Visitation sur Bo\u00ebme'><\/a><script async src='https:\/\/embedr.flickr.com\/assets\/client-code.js' charset='utf-8'><\/script>\n<\/div><\/figure>\n","protected":false},"excerpt":{"rendered":"<p>En cette ann\u00e9e 2024, nous avons v\u00e9cu une belle F\u00eate de la Foi qui a commenc\u00e9 le soir du samedi 1er juin \u00e0 l\u2019\u00e9glise st Jean-Baptiste o\u00f9 6 jeunes ont refait les gestes du bapt\u00eame et nous ont partag\u00e9 leurs \u00ab&nbsp;Je crois&nbsp;\u00bb entour\u00e9s de leurs parrains, marraines et famille. Ils nous ont offert un beau [&hellip;]<\/p>\n","protected":false},"author":4,"featured_media":24395,"comment_status":"open","ping_status":"open","sticky":false,"template":"","format":"standard","meta":{"_acf_changed":false,"paroisse":[""],"service":["0"],"footnotes":""},"categories":[1,8],"tags":[],"class_list":["post-24393","post","type-post","status-publish","format-standard","has-post-thumbnail","hentry","category-actualites","category-visitation-sur-boeme"],"acf":[],"yoast_head":"<!-- This site is optimized with the Yoast SEO plugin v27.1.1 - https:\/\/yoast.com\/product\/yoast-seo-wordpress\/ -->\n<title>F\u00eate de la Foi \u00e0 la paroisse \u00ab\u00a0La Visitation Sur Bo\u00ebme\u00a0\u00bb - Doyenn\u00e9 Grand Angoul\u00eame<\/title>\n<meta name=\"robots\" content=\"index, follow, max-snippet:-1, max-image-preview:large, max-video-preview:-1\" \/>\n<link rel=\"canonical\" href=\"https:\/\/charente.catholique.fr\/grand-angouleme\/actualites\/fete-de-la-foi-dans-notre-paroisse-la-visitation-sur-boeme\/\" \/>\n<meta property=\"og:locale\" content=\"fr_FR\" \/>\n<meta property=\"og:type\" content=\"article\" \/>\n<meta property=\"og:title\" content=\"F\u00eate de la Foi \u00e0 la paroisse \u00ab\u00a0La Visitation Sur Bo\u00ebme\u00a0\u00bb - Doyenn\u00e9 Grand Angoul\u00eame\" \/>\n<meta property=\"og:description\" content=\"En cette ann\u00e9e 2024, nous avons v\u00e9cu une belle F\u00eate de la Foi qui a commenc\u00e9 le soir du samedi 1er juin \u00e0 l\u2019\u00e9glise st Jean-Baptiste o\u00f9 6 jeunes ont refait les gestes du bapt\u00eame et nous ont partag\u00e9 leurs \u00ab&nbsp;Je crois&nbsp;\u00bb entour\u00e9s de leurs parrains, marraines et famille. Ils nous ont offert un beau [&hellip;]\" \/>\n<meta property=\"og:url\" content=\"https:\/\/charente.catholique.fr\/grand-angouleme\/actualites\/fete-de-la-foi-dans-notre-paroisse-la-visitation-sur-boeme\/\" \/>\n<meta property=\"og:site_name\" content=\"Doyenn\u00e9 Grand Angoul\u00eame\" \/>\n<meta property=\"article:publisher\" content=\"https:\/\/www.facebook.com\/EgliseCatholiqueCharente\" \/>\n<meta property=\"article:published_time\" content=\"2024-06-18T09:51:45+00:00\" \/>\n<meta property=\"article:modified_time\" content=\"2024-06-18T09:59:41+00:00\" \/>\n<meta property=\"og:image\" content=\"https:\/\/charente.catholique.fr\/grand-angouleme\/wp-content\/uploads\/sites\/2\/2024\/06\/la-visitation-sur-boeme-2-juin2024-1eres-communions-et-p-de-f-6-scaled.jpg\" \/>\n\t<meta property=\"og:image:width\" content=\"2560\" \/>\n\t<meta property=\"og:image:height\" content=\"1920\" \/>\n\t<meta property=\"og:image:type\" content=\"image\/jpeg\" \/>\n<meta name=\"author\" content=\"Beno\u00eet\" \/>\n<meta name=\"twitter:card\" content=\"summary_large_image\" \/>\n<meta name=\"twitter:creator\" content=\"@diocesecharente\" \/>\n<meta name=\"twitter:site\" content=\"@diocesecharente\" \/>\n<meta name=\"twitter:label1\" content=\"\u00c9crit par\" \/>\n\t<meta name=\"twitter:data1\" content=\"Beno\u00eet\" \/>\n\t<meta name=\"twitter:label2\" content=\"Dur\u00e9e de lecture estim\u00e9e\" \/>\n\t<meta name=\"twitter:data2\" content=\"2 minutes\" \/>\n<script type=\"application\/ld+json\" class=\"yoast-schema-graph\">{\"@context\":\"https:\/\/schema.org\",\"@graph\":[{\"@type\":\"Article\",\"@id\":\"https:\/\/charente.catholique.fr\/grand-angouleme\/actualites\/fete-de-la-foi-dans-notre-paroisse-la-visitation-sur-boeme\/#article\",\"isPartOf\":{\"@id\":\"https:\/\/charente.catholique.fr\/grand-angouleme\/actualites\/fete-de-la-foi-dans-notre-paroisse-la-visitation-sur-boeme\/\"},\"author\":{\"name\":\"Beno\u00eet\",\"@id\":\"https:\/\/charente.catholique.fr\/grand-angouleme\/#\/schema\/person\/ddcc6ba32a4484b49a276652de901387\"},\"headline\":\"F\u00eate de la Foi \u00e0 la paroisse \u00ab\u00a0La Visitation Sur Bo\u00ebme\u00a0\u00bb\",\"datePublished\":\"2024-06-18T09:51:45+00:00\",\"dateModified\":\"2024-06-18T09:59:41+00:00\",\"mainEntityOfPage\":{\"@id\":\"https:\/\/charente.catholique.fr\/grand-angouleme\/actualites\/fete-de-la-foi-dans-notre-paroisse-la-visitation-sur-boeme\/\"},\"wordCount\":414,\"commentCount\":0,\"publisher\":{\"@id\":\"https:\/\/charente.catholique.fr\/grand-angouleme\/#organization\"},\"image\":{\"@id\":\"https:\/\/charente.catholique.fr\/grand-angouleme\/actualites\/fete-de-la-foi-dans-notre-paroisse-la-visitation-sur-boeme\/#primaryimage\"},\"thumbnailUrl\":\"https:\/\/charente.catholique.fr\/grand-angouleme\/wp-content\/uploads\/sites\/2\/2024\/06\/la-visitation-sur-boeme-2-juin2024-1eres-communions-et-p-de-f-6-scaled.jpg\",\"articleSection\":[\"Actualit\u00e9s\",\"Visitation sur Bo\u00ebme\"],\"inLanguage\":\"fr-FR\",\"potentialAction\":[{\"@type\":\"CommentAction\",\"name\":\"Comment\",\"target\":[\"https:\/\/charente.catholique.fr\/grand-angouleme\/actualites\/fete-de-la-foi-dans-notre-paroisse-la-visitation-sur-boeme\/#respond\"]}]},{\"@type\":\"WebPage\",\"@id\":\"https:\/\/charente.catholique.fr\/grand-angouleme\/actualites\/fete-de-la-foi-dans-notre-paroisse-la-visitation-sur-boeme\/\",\"url\":\"https:\/\/charente.catholique.fr\/grand-angouleme\/actualites\/fete-de-la-foi-dans-notre-paroisse-la-visitation-sur-boeme\/\",\"name\":\"F\u00eate de la Foi \u00e0 la paroisse \u00ab\u00a0La Visitation Sur Bo\u00ebme\u00a0\u00bb - Doyenn\u00e9 Grand Angoul\u00eame\",\"isPartOf\":{\"@id\":\"https:\/\/charente.catholique.fr\/grand-angouleme\/#website\"},\"primaryImageOfPage\":{\"@id\":\"https:\/\/charente.catholique.fr\/grand-angouleme\/actualites\/fete-de-la-foi-dans-notre-paroisse-la-visitation-sur-boeme\/#primaryimage\"},\"image\":{\"@id\":\"https:\/\/charente.catholique.fr\/grand-angouleme\/actualites\/fete-de-la-foi-dans-notre-paroisse-la-visitation-sur-boeme\/#primaryimage\"},\"thumbnailUrl\":\"https:\/\/charente.catholique.fr\/grand-angouleme\/wp-content\/uploads\/sites\/2\/2024\/06\/la-visitation-sur-boeme-2-juin2024-1eres-communions-et-p-de-f-6-scaled.jpg\",\"datePublished\":\"2024-06-18T09:51:45+00:00\",\"dateModified\":\"2024-06-18T09:59:41+00:00\",\"breadcrumb\":{\"@id\":\"https:\/\/charente.catholique.fr\/grand-angouleme\/actualites\/fete-de-la-foi-dans-notre-paroisse-la-visitation-sur-boeme\/#breadcrumb\"},\"inLanguage\":\"fr-FR\",\"potentialAction\":[{\"@type\":\"ReadAction\",\"target\":[\"https:\/\/charente.catholique.fr\/grand-angouleme\/actualites\/fete-de-la-foi-dans-notre-paroisse-la-visitation-sur-boeme\/\"]}]},{\"@type\":\"ImageObject\",\"inLanguage\":\"fr-FR\",\"@id\":\"https:\/\/charente.catholique.fr\/grand-angouleme\/actualites\/fete-de-la-foi-dans-notre-paroisse-la-visitation-sur-boeme\/#primaryimage\",\"url\":\"https:\/\/charente.catholique.fr\/grand-angouleme\/wp-content\/uploads\/sites\/2\/2024\/06\/la-visitation-sur-boeme-2-juin2024-1eres-communions-et-p-de-f-6-scaled.jpg\",\"contentUrl\":\"https:\/\/charente.catholique.fr\/grand-angouleme\/wp-content\/uploads\/sites\/2\/2024\/06\/la-visitation-sur-boeme-2-juin2024-1eres-communions-et-p-de-f-6-scaled.jpg\",\"width\":2560,\"height\":1920},{\"@type\":\"BreadcrumbList\",\"@id\":\"https:\/\/charente.catholique.fr\/grand-angouleme\/actualites\/fete-de-la-foi-dans-notre-paroisse-la-visitation-sur-boeme\/#breadcrumb\",\"itemListElement\":[{\"@type\":\"ListItem\",\"position\":1,\"name\":\"Accueil\",\"item\":\"https:\/\/charente.catholique.fr\/grand-angouleme\/\"},{\"@type\":\"ListItem\",\"position\":2,\"name\":\"F\u00eate de la Foi \u00e0 la paroisse \u00ab\u00a0La Visitation Sur Bo\u00ebme\u00a0\u00bb\"}]},{\"@type\":\"WebSite\",\"@id\":\"https:\/\/charente.catholique.fr\/grand-angouleme\/#website\",\"url\":\"https:\/\/charente.catholique.fr\/grand-angouleme\/\",\"name\":\"Doyenn\u00e9 Grand Angoul\u00eame - Dioc\u00e8se d'Angoul\u00eame\",\"description\":\"Dioc\u00e8se d&#039;Angoul\u00eame\",\"publisher\":{\"@id\":\"https:\/\/charente.catholique.fr\/grand-angouleme\/#organization\"},\"potentialAction\":[{\"@type\":\"SearchAction\",\"target\":{\"@type\":\"EntryPoint\",\"urlTemplate\":\"https:\/\/charente.catholique.fr\/grand-angouleme\/?s={search_term_string}\"},\"query-input\":{\"@type\":\"PropertyValueSpecification\",\"valueRequired\":true,\"valueName\":\"search_term_string\"}}],\"inLanguage\":\"fr-FR\"},{\"@type\":\"Organization\",\"@id\":\"https:\/\/charente.catholique.fr\/grand-angouleme\/#organization\",\"name\":\"Association Dioc\u00e9saine d'Angoul\u00eame\",\"url\":\"https:\/\/charente.catholique.fr\/grand-angouleme\/\",\"logo\":{\"@type\":\"ImageObject\",\"inLanguage\":\"fr-FR\",\"@id\":\"https:\/\/charente.catholique.fr\/grand-angouleme\/#\/schema\/logo\/image\/\",\"url\":\"https:\/\/charente.catholique.fr\/grand-angouleme\/wp-content\/uploads\/sites\/2\/2020\/10\/logos.png\",\"contentUrl\":\"https:\/\/charente.catholique.fr\/grand-angouleme\/wp-content\/uploads\/sites\/2\/2020\/10\/logos.png\",\"width\":600,\"height\":257,\"caption\":\"Association Dioc\u00e9saine d'Angoul\u00eame\"},\"image\":{\"@id\":\"https:\/\/charente.catholique.fr\/grand-angouleme\/#\/schema\/logo\/image\/\"},\"sameAs\":[\"https:\/\/www.facebook.com\/EgliseCatholiqueCharente\",\"https:\/\/x.com\/diocesecharente\",\"https:\/\/www.instagram.com\/eglisecharente\",\"https:\/\/www.youtube.com\/channel\/UCByyFWApZbw3gDTiADoiAaQ\"]},{\"@type\":\"Person\",\"@id\":\"https:\/\/charente.catholique.fr\/grand-angouleme\/#\/schema\/person\/ddcc6ba32a4484b49a276652de901387\",\"name\":\"Beno\u00eet\",\"image\":{\"@type\":\"ImageObject\",\"inLanguage\":\"fr-FR\",\"@id\":\"https:\/\/charente.catholique.fr\/grand-angouleme\/#\/schema\/person\/image\/\",\"url\":\"https:\/\/secure.gravatar.com\/avatar\/367de281020c81cafc6a2f9b79fef00a1981a890412ad8b09b11385575886666?s=96&d=mm&r=g\",\"contentUrl\":\"https:\/\/secure.gravatar.com\/avatar\/367de281020c81cafc6a2f9b79fef00a1981a890412ad8b09b11385575886666?s=96&d=mm&r=g\",\"caption\":\"Beno\u00eet\"},\"url\":\"https:\/\/charente.catholique.fr\/grand-angouleme\/author\/benoitlecomte\/\"}]}<\/script>\n<!-- \/ Yoast SEO plugin. -->","yoast_head_json":{"title":"F\u00eate de la Foi \u00e0 la paroisse \u00ab\u00a0La Visitation Sur Bo\u00ebme\u00a0\u00bb - Doyenn\u00e9 Grand Angoul\u00eame","robots":{"index":"index","follow":"follow","max-snippet":"max-snippet:-1","max-image-preview":"max-image-preview:large","max-video-preview":"max-video-preview:-1"},"canonical":"https:\/\/charente.catholique.fr\/grand-angouleme\/actualites\/fete-de-la-foi-dans-notre-paroisse-la-visitation-sur-boeme\/","og_locale":"fr_FR","og_type":"article","og_title":"F\u00eate de la Foi \u00e0 la paroisse \u00ab\u00a0La Visitation Sur Bo\u00ebme\u00a0\u00bb - Doyenn\u00e9 Grand Angoul\u00eame","og_description":"En cette ann\u00e9e 2024, nous avons v\u00e9cu une belle F\u00eate de la Foi qui a commenc\u00e9 le soir du samedi 1er juin \u00e0 l\u2019\u00e9glise st Jean-Baptiste o\u00f9 6 jeunes ont refait les gestes du bapt\u00eame et nous ont partag\u00e9 leurs \u00ab&nbsp;Je crois&nbsp;\u00bb entour\u00e9s de leurs parrains, marraines et famille. Ils nous ont offert un beau [&hellip;]","og_url":"https:\/\/charente.catholique.fr\/grand-angouleme\/actualites\/fete-de-la-foi-dans-notre-paroisse-la-visitation-sur-boeme\/","og_site_name":"Doyenn\u00e9 Grand Angoul\u00eame","article_publisher":"https:\/\/www.facebook.com\/EgliseCatholiqueCharente","article_published_time":"2024-06-18T09:51:45+00:00","article_modified_time":"2024-06-18T09:59:41+00:00","og_image":[{"width":2560,"height":1920,"url":"https:\/\/charente.catholique.fr\/grand-angouleme\/wp-content\/uploads\/sites\/2\/2024\/06\/la-visitation-sur-boeme-2-juin2024-1eres-communions-et-p-de-f-6-scaled.jpg","type":"image\/jpeg"}],"author":"Beno\u00eet","twitter_card":"summary_large_image","twitter_creator":"@diocesecharente","twitter_site":"@diocesecharente","twitter_misc":{"\u00c9crit par":"Beno\u00eet","Dur\u00e9e de lecture estim\u00e9e":"2 minutes"},"schema":{"@context":"https:\/\/schema.org","@graph":[{"@type":"Article","@id":"https:\/\/charente.catholique.fr\/grand-angouleme\/actualites\/fete-de-la-foi-dans-notre-paroisse-la-visitation-sur-boeme\/#article","isPartOf":{"@id":"https:\/\/charente.catholique.fr\/grand-angouleme\/actualites\/fete-de-la-foi-dans-notre-paroisse-la-visitation-sur-boeme\/"},"author":{"name":"Beno\u00eet","@id":"https:\/\/charente.catholique.fr\/grand-angouleme\/#\/schema\/person\/ddcc6ba32a4484b49a276652de901387"},"headline":"F\u00eate de la Foi \u00e0 la paroisse \u00ab\u00a0La Visitation Sur Bo\u00ebme\u00a0\u00bb","datePublished":"2024-06-18T09:51:45+00:00","dateModified":"2024-06-18T09:59:41+00:00","mainEntityOfPage":{"@id":"https:\/\/charente.catholique.fr\/grand-angouleme\/actualites\/fete-de-la-foi-dans-notre-paroisse-la-visitation-sur-boeme\/"},"wordCount":414,"commentCount":0,"publisher":{"@id":"https:\/\/charente.catholique.fr\/grand-angouleme\/#organization"},"image":{"@id":"https:\/\/charente.catholique.fr\/grand-angouleme\/actualites\/fete-de-la-foi-dans-notre-paroisse-la-visitation-sur-boeme\/#primaryimage"},"thumbnailUrl":"https:\/\/charente.catholique.fr\/grand-angouleme\/wp-content\/uploads\/sites\/2\/2024\/06\/la-visitation-sur-boeme-2-juin2024-1eres-communions-et-p-de-f-6-scaled.jpg","articleSection":["Actualit\u00e9s","Visitation sur Bo\u00ebme"],"inLanguage":"fr-FR","potentialAction":[{"@type":"CommentAction","name":"Comment","target":["https:\/\/charente.catholique.fr\/grand-angouleme\/actualites\/fete-de-la-foi-dans-notre-paroisse-la-visitation-sur-boeme\/#respond"]}]},{"@type":"WebPage","@id":"https:\/\/charente.catholique.fr\/grand-angouleme\/actualites\/fete-de-la-foi-dans-notre-paroisse-la-visitation-sur-boeme\/","url":"https:\/\/charente.catholique.fr\/grand-angouleme\/actualites\/fete-de-la-foi-dans-notre-paroisse-la-visitation-sur-boeme\/","name":"F\u00eate de la Foi \u00e0 la paroisse \u00ab\u00a0La Visitation Sur Bo\u00ebme\u00a0\u00bb - Doyenn\u00e9 Grand Angoul\u00eame","isPartOf":{"@id":"https:\/\/charente.catholique.fr\/grand-angouleme\/#website"},"primaryImageOfPage":{"@id":"https:\/\/charente.catholique.fr\/grand-angouleme\/actualites\/fete-de-la-foi-dans-notre-paroisse-la-visitation-sur-boeme\/#primaryimage"},"image":{"@id":"https:\/\/charente.catholique.fr\/grand-angouleme\/actualites\/fete-de-la-foi-dans-notre-paroisse-la-visitation-sur-boeme\/#primaryimage"},"thumbnailUrl":"https:\/\/charente.catholique.fr\/grand-angouleme\/wp-content\/uploads\/sites\/2\/2024\/06\/la-visitation-sur-boeme-2-juin2024-1eres-communions-et-p-de-f-6-scaled.jpg","datePublished":"2024-06-18T09:51:45+00:00","dateModified":"2024-06-18T09:59:41+00:00","breadcrumb":{"@id":"https:\/\/charente.catholique.fr\/grand-angouleme\/actualites\/fete-de-la-foi-dans-notre-paroisse-la-visitation-sur-boeme\/#breadcrumb"},"inLanguage":"fr-FR","potentialAction":[{"@type":"ReadAction","target":["https:\/\/charente.catholique.fr\/grand-angouleme\/actualites\/fete-de-la-foi-dans-notre-paroisse-la-visitation-sur-boeme\/"]}]},{"@type":"ImageObject","inLanguage":"fr-FR","@id":"https:\/\/charente.catholique.fr\/grand-angouleme\/actualites\/fete-de-la-foi-dans-notre-paroisse-la-visitation-sur-boeme\/#primaryimage","url":"https:\/\/charente.catholique.fr\/grand-angouleme\/wp-content\/uploads\/sites\/2\/2024\/06\/la-visitation-sur-boeme-2-juin2024-1eres-communions-et-p-de-f-6-scaled.jpg","contentUrl":"https:\/\/charente.catholique.fr\/grand-angouleme\/wp-content\/uploads\/sites\/2\/2024\/06\/la-visitation-sur-boeme-2-juin2024-1eres-communions-et-p-de-f-6-scaled.jpg","width":2560,"height":1920},{"@type":"BreadcrumbList","@id":"https:\/\/charente.catholique.fr\/grand-angouleme\/actualites\/fete-de-la-foi-dans-notre-paroisse-la-visitation-sur-boeme\/#breadcrumb","itemListElement":[{"@type":"ListItem","position":1,"name":"Accueil","item":"https:\/\/charente.catholique.fr\/grand-angouleme\/"},{"@type":"ListItem","position":2,"name":"F\u00eate de la Foi \u00e0 la paroisse \u00ab\u00a0La Visitation Sur Bo\u00ebme\u00a0\u00bb"}]},{"@type":"WebSite","@id":"https:\/\/charente.catholique.fr\/grand-angouleme\/#website","url":"https:\/\/charente.catholique.fr\/grand-angouleme\/","name":"Doyenn\u00e9 Grand Angoul\u00eame - Dioc\u00e8se d'Angoul\u00eame","description":"Dioc\u00e8se d&#039;Angoul\u00eame","publisher":{"@id":"https:\/\/charente.catholique.fr\/grand-angouleme\/#organization"},"potentialAction":[{"@type":"SearchAction","target":{"@type":"EntryPoint","urlTemplate":"https:\/\/charente.catholique.fr\/grand-angouleme\/?s={search_term_string}"},"query-input":{"@type":"PropertyValueSpecification","valueRequired":true,"valueName":"search_term_string"}}],"inLanguage":"fr-FR"},{"@type":"Organization","@id":"https:\/\/charente.catholique.fr\/grand-angouleme\/#organization","name":"Association Dioc\u00e9saine d'Angoul\u00eame","url":"https:\/\/charente.catholique.fr\/grand-angouleme\/","logo":{"@type":"ImageObject","inLanguage":"fr-FR","@id":"https:\/\/charente.catholique.fr\/grand-angouleme\/#\/schema\/logo\/image\/","url":"https:\/\/charente.catholique.fr\/grand-angouleme\/wp-content\/uploads\/sites\/2\/2020\/10\/logos.png","contentUrl":"https:\/\/charente.catholique.fr\/grand-angouleme\/wp-content\/uploads\/sites\/2\/2020\/10\/logos.png","width":600,"height":257,"caption":"Association Dioc\u00e9saine d'Angoul\u00eame"},"image":{"@id":"https:\/\/charente.catholique.fr\/grand-angouleme\/#\/schema\/logo\/image\/"},"sameAs":["https:\/\/www.facebook.com\/EgliseCatholiqueCharente","https:\/\/x.com\/diocesecharente","https:\/\/www.instagram.com\/eglisecharente","https:\/\/www.youtube.com\/channel\/UCByyFWApZbw3gDTiADoiAaQ"]},{"@type":"Person","@id":"https:\/\/charente.catholique.fr\/grand-angouleme\/#\/schema\/person\/ddcc6ba32a4484b49a276652de901387","name":"Beno\u00eet","image":{"@type":"ImageObject","inLanguage":"fr-FR","@id":"https:\/\/charente.catholique.fr\/grand-angouleme\/#\/schema\/person\/image\/","url":"https:\/\/secure.gravatar.com\/avatar\/367de281020c81cafc6a2f9b79fef00a1981a890412ad8b09b11385575886666?s=96&d=mm&r=g","contentUrl":"https:\/\/secure.gravatar.com\/avatar\/367de281020c81cafc6a2f9b79fef00a1981a890412ad8b09b11385575886666?s=96&d=mm&r=g","caption":"Beno\u00eet"},"url":"https:\/\/charente.catholique.fr\/grand-angouleme\/author\/benoitlecomte\/"}]}},"_links":{"self":[{"href":"https:\/\/charente.catholique.fr\/grand-angouleme\/wp-json\/wp\/v2\/posts\/24393","targetHints":{"allow":["GET"]}}],"collection":[{"href":"https:\/\/charente.catholique.fr\/grand-angouleme\/wp-json\/wp\/v2\/posts"}],"about":[{"href":"https:\/\/charente.catholique.fr\/grand-angouleme\/wp-json\/wp\/v2\/types\/post"}],"author":[{"embeddable":true,"href":"https:\/\/charente.catholique.fr\/grand-angouleme\/wp-json\/wp\/v2\/users\/4"}],"replies":[{"embeddable":true,"href":"https:\/\/charente.catholique.fr\/grand-angouleme\/wp-json\/wp\/v2\/comments?post=24393"}],"version-history":[{"count":3,"href":"https:\/\/charente.catholique.fr\/grand-angouleme\/wp-json\/wp\/v2\/posts\/24393\/revisions"}],"predecessor-version":[{"id":24402,"href":"https:\/\/charente.catholique.fr\/grand-angouleme\/wp-json\/wp\/v2\/posts\/24393\/revisions\/24402"}],"wp:featuredmedia":[{"embeddable":true,"href":"https:\/\/charente.catholique.fr\/grand-angouleme\/wp-json\/wp\/v2\/media\/24395"}],"wp:attachment":[{"href":"https:\/\/charente.catholique.fr\/grand-angouleme\/wp-json\/wp\/v2\/media?parent=24393"}],"wp:term":[{"taxonomy":"category","embeddable":true,"href":"https:\/\/charente.catholique.fr\/grand-angouleme\/wp-json\/wp\/v2\/categories?post=24393"},{"taxonomy":"post_tag","embeddable":true,"href":"https:\/\/charente.catholique.fr\/grand-angouleme\/wp-json\/wp\/v2\/tags?post=24393"}],"curies":[{"name":"wp","href":"https:\/\/api.w.org\/{rel}","templated":true}]}}