{"id":24186,"date":"2024-05-28T07:44:10","date_gmt":"2024-05-28T05:44:10","guid":{"rendered":"https:\/\/charente.catholique.fr\/grand-angouleme\/?p=24186"},"modified":"2024-11-02T08:40:27","modified_gmt":"2024-11-02T07:40:27","slug":"fete-de-la-sainte-trinite-avec-le-bapteme-de-jahlya","status":"publish","type":"post","link":"https:\/\/charente.catholique.fr\/grand-angouleme\/actualites\/fete-de-la-sainte-trinite-avec-le-bapteme-de-jahlya\/","title":{"rendered":"Dimanche 26 mai &#8211; F\u00eate de la Sainte Trinit\u00e9 et bapt\u00eame de Jahlya"},"content":{"rendered":"\n<h5 class=\"wp-block-heading\">Accueil par les enfants du cat\u00e9 qui nous partagent, Dans un bouquet de fleurs, comment ils suivent J\u00e9sus.<\/h5>\n\n\n<div class=\"wp-block-image\">\n<figure class=\"aligncenter size-full\"><img loading=\"lazy\" decoding=\"async\" width=\"720\" height=\"960\" src=\"https:\/\/charente.catholique.fr\/grand-angouleme\/wp-content\/uploads\/sites\/2\/2024\/05\/Bouquet-de-fleurs.jpg\" alt=\"\" class=\"wp-image-24192\" srcset=\"https:\/\/charente.catholique.fr\/grand-angouleme\/wp-content\/uploads\/sites\/2\/2024\/05\/Bouquet-de-fleurs.jpg 720w, https:\/\/charente.catholique.fr\/grand-angouleme\/wp-content\/uploads\/sites\/2\/2024\/05\/Bouquet-de-fleurs-225x300.jpg 225w\" sizes=\"auto, (max-width: 720px) 100vw, 720px\" \/><\/figure>\n<\/div>\n\n\n<h5 class=\"wp-block-heading\"><a href=\"https:\/\/www.aelf.org\/2024-05-26\/romain\/messe\">Lectures du jour<\/a><\/h5>\n\n\n\n<h5 class=\"wp-block-heading\">Hom\u00e9lie du P\u00e8re Denis<\/h5>\n\n\n\n<figure class=\"wp-block-embed is-type-video is-provider-youtube wp-block-embed-youtube wp-embed-aspect-16-9 wp-has-aspect-ratio\"><div class=\"wp-block-embed__wrapper\">\n<iframe loading=\"lazy\" title=\"Hom\u00e9lie pour la f\u00eate Trinit\u00e9 (B) avec le bapt\u00eame de la petite Jahya\" width=\"500\" height=\"281\" src=\"https:\/\/www.youtube.com\/embed\/DFSd39iYnfw?feature=oembed\" frameborder=\"0\" allow=\"accelerometer; autoplay; clipboard-write; encrypted-media; gyroscope; picture-in-picture; web-share\" referrerpolicy=\"strict-origin-when-cross-origin\" allowfullscreen><\/iframe>\n<\/div><\/figure>\n\n\n\n<h5 class=\"wp-block-heading\">Pri\u00e8re universelle<\/h5>\n\n\n\n<p><strong>Trinit\u00e9 Sainte tu es lumi\u00e8re <\/strong><br>Nous te prions pour que l&#8217;Eglise transmette aux hommes de notre temps la lumi\u00e8re de ta Parole de Vie et le go\u00fbt du pain Eucharistique.<\/p>\n\n\n\n<p><strong>Trinit\u00e9 Sainte, tu es Un en trois Personnes :<\/strong><br>Nous te prions pour que les nations sachent vivre l\u2019unit\u00e9 dans la diversit\u00e9 des cultures et des g\u00e9n\u00e9rations.<\/p>\n\n\n\n<p><strong>Trinit\u00e9 Sainte tu es famille <\/strong><br>Nous te prions pour que, dans le monde entier, les familles connaissent la paix et soient le lieu o\u00f9 ton Amour prend visage humain. B\u00e9nis toutes les mamans que nous f\u00eatons aujourd\u2019hui&#8230; Celles qui sont heureuses et entour\u00e9es, celles qui souffrent, celles qui seront seules, celles qui ont d\u00e9j\u00e0 rejoint ta maison&#8230;<\/p>\n\n\n\n<p><strong>Trinit\u00e9 Sainte tu es joie :<\/strong><br>Nous te prions pour que notre communaut\u00e9 demeure dans cette cette joie, fid\u00e8le \u00e0 la pri\u00e8re et au service fraternel. Nous te rendons gr\u00e2ce pour Jahlya. Qu\u2019elle fasse fructifier les dons re\u00e7us aujourd\u2019hui par le bapt\u00eame. Nous te prions pour elle et pour les siens. <br>Avec Marie, \u00abTemple de la Trinit\u00e9\u00bb, donne-nous d\u2019approfondir toujours davantage cette vie trinitaire \u00e0 laquelle nous sommes tous appel\u00e9s.<\/p>\n\n\n\n<h5 class=\"wp-block-heading\">Quelques photos du bapt\u00eame de Jahlyia<\/h5>\n\n\n\n<div class=\"wp-block-columns is-layout-flex wp-container-core-columns-is-layout-28f84493 wp-block-columns-is-layout-flex\">\n<div class=\"wp-block-column is-layout-flow wp-block-column-is-layout-flow\"><div class=\"wp-block-image\">\n<figure class=\"aligncenter size-large is-resized\"><img loading=\"lazy\" decoding=\"async\" width=\"763\" height=\"1080\" src=\"https:\/\/charente.catholique.fr\/grand-angouleme\/wp-content\/uploads\/sites\/2\/2024\/05\/20240526_110953-5-763x1080.jpg\" alt=\"\" class=\"wp-image-24217\" style=\"width:408px;height:auto\" srcset=\"https:\/\/charente.catholique.fr\/grand-angouleme\/wp-content\/uploads\/sites\/2\/2024\/05\/20240526_110953-5-763x1080.jpg 763w, https:\/\/charente.catholique.fr\/grand-angouleme\/wp-content\/uploads\/sites\/2\/2024\/05\/20240526_110953-5-212x300.jpg 212w, https:\/\/charente.catholique.fr\/grand-angouleme\/wp-content\/uploads\/sites\/2\/2024\/05\/20240526_110953-5-768x1087.jpg 768w, https:\/\/charente.catholique.fr\/grand-angouleme\/wp-content\/uploads\/sites\/2\/2024\/05\/20240526_110953-5-1085x1536.jpg 1085w, https:\/\/charente.catholique.fr\/grand-angouleme\/wp-content\/uploads\/sites\/2\/2024\/05\/20240526_110953-5-1447x2048.jpg 1447w, https:\/\/charente.catholique.fr\/grand-angouleme\/wp-content\/uploads\/sites\/2\/2024\/05\/20240526_110953-5-1320x1868.jpg 1320w, https:\/\/charente.catholique.fr\/grand-angouleme\/wp-content\/uploads\/sites\/2\/2024\/05\/20240526_110953-5.jpg 1467w\" sizes=\"auto, (max-width: 763px) 100vw, 763px\" \/><\/figure>\n<\/div><\/div>\n\n\n\n<div class=\"wp-block-column is-layout-flow wp-block-column-is-layout-flow\">\n<figure class=\"wp-block-image size-large is-resized\"><img loading=\"lazy\" decoding=\"async\" width=\"783\" height=\"1080\" src=\"https:\/\/charente.catholique.fr\/grand-angouleme\/wp-content\/uploads\/sites\/2\/2024\/05\/20240526_110956-5-783x1080.jpg\" alt=\"\" class=\"wp-image-24218\" style=\"width:421px;height:auto\" srcset=\"https:\/\/charente.catholique.fr\/grand-angouleme\/wp-content\/uploads\/sites\/2\/2024\/05\/20240526_110956-5-783x1080.jpg 783w, https:\/\/charente.catholique.fr\/grand-angouleme\/wp-content\/uploads\/sites\/2\/2024\/05\/20240526_110956-5-217x300.jpg 217w, https:\/\/charente.catholique.fr\/grand-angouleme\/wp-content\/uploads\/sites\/2\/2024\/05\/20240526_110956-5-768x1060.jpg 768w, https:\/\/charente.catholique.fr\/grand-angouleme\/wp-content\/uploads\/sites\/2\/2024\/05\/20240526_110956-5-1113x1536.jpg 1113w, https:\/\/charente.catholique.fr\/grand-angouleme\/wp-content\/uploads\/sites\/2\/2024\/05\/20240526_110956-5-1320x1822.jpg 1320w, https:\/\/charente.catholique.fr\/grand-angouleme\/wp-content\/uploads\/sites\/2\/2024\/05\/20240526_110956-5.jpg 1442w\" sizes=\"auto, (max-width: 783px) 100vw, 783px\" \/><\/figure>\n<\/div>\n<\/div>\n\n\n<div class=\"wp-block-image\">\n<figure class=\"aligncenter size-large is-resized\"><img loading=\"lazy\" decoding=\"async\" width=\"654\" height=\"1080\" src=\"https:\/\/charente.catholique.fr\/grand-angouleme\/wp-content\/uploads\/sites\/2\/2024\/05\/20240526_111059-2-654x1080.jpg\" alt=\"\" class=\"wp-image-24224\" style=\"width:383px;height:auto\" srcset=\"https:\/\/charente.catholique.fr\/grand-angouleme\/wp-content\/uploads\/sites\/2\/2024\/05\/20240526_111059-2-654x1080.jpg 654w, https:\/\/charente.catholique.fr\/grand-angouleme\/wp-content\/uploads\/sites\/2\/2024\/05\/20240526_111059-2-182x300.jpg 182w, https:\/\/charente.catholique.fr\/grand-angouleme\/wp-content\/uploads\/sites\/2\/2024\/05\/20240526_111059-2-768x1269.jpg 768w, https:\/\/charente.catholique.fr\/grand-angouleme\/wp-content\/uploads\/sites\/2\/2024\/05\/20240526_111059-2-930x1536.jpg 930w, https:\/\/charente.catholique.fr\/grand-angouleme\/wp-content\/uploads\/sites\/2\/2024\/05\/20240526_111059-2-1240x2048.jpg 1240w, https:\/\/charente.catholique.fr\/grand-angouleme\/wp-content\/uploads\/sites\/2\/2024\/05\/20240526_111059-2-1320x2180.jpg 1320w, https:\/\/charente.catholique.fr\/grand-angouleme\/wp-content\/uploads\/sites\/2\/2024\/05\/20240526_111059-2-scaled.jpg 1550w\" sizes=\"auto, (max-width: 654px) 100vw, 654px\" \/><\/figure>\n<\/div>","protected":false},"excerpt":{"rendered":"<p>Accueil par les enfants du cat\u00e9 qui nous partagent, Dans un bouquet de fleurs, comment ils suivent J\u00e9sus. Lectures du jour Hom\u00e9lie du P\u00e8re Denis Pri\u00e8re universelle Trinit\u00e9 Sainte tu es lumi\u00e8re Nous te prions pour que l&#8217;Eglise transmette aux hommes de notre temps la lumi\u00e8re de ta Parole de Vie et le go\u00fbt du [&hellip;]<\/p>\n","protected":false},"author":22,"featured_media":24189,"comment_status":"open","ping_status":"open","sticky":false,"template":"","format":"standard","meta":{"_acf_changed":false,"paroisse":["8"],"service":["0"],"footnotes":""},"categories":[1],"tags":[],"class_list":["post-24186","post","type-post","status-publish","format-standard","has-post-thumbnail","hentry","category-actualites"],"acf":[],"yoast_head":"<!-- This site is optimized with the Yoast SEO plugin v27.1.1 - https:\/\/yoast.com\/product\/yoast-seo-wordpress\/ -->\n<title>Dimanche 26 mai - F\u00eate de la Sainte Trinit\u00e9 et bapt\u00eame de Jahlya - Doyenn\u00e9 Grand Angoul\u00eame<\/title>\n<meta name=\"robots\" content=\"index, follow, max-snippet:-1, max-image-preview:large, max-video-preview:-1\" \/>\n<link rel=\"canonical\" href=\"https:\/\/charente.catholique.fr\/grand-angouleme\/actualites\/fete-de-la-sainte-trinite-avec-le-bapteme-de-jahlya\/\" \/>\n<meta property=\"og:locale\" content=\"fr_FR\" \/>\n<meta property=\"og:type\" content=\"article\" \/>\n<meta property=\"og:title\" content=\"Dimanche 26 mai - F\u00eate de la Sainte Trinit\u00e9 et bapt\u00eame de Jahlya - Doyenn\u00e9 Grand Angoul\u00eame\" \/>\n<meta property=\"og:description\" content=\"Accueil par les enfants du cat\u00e9 qui nous partagent, Dans un bouquet de fleurs, comment ils suivent J\u00e9sus. Lectures du jour Hom\u00e9lie du P\u00e8re Denis Pri\u00e8re universelle Trinit\u00e9 Sainte tu es lumi\u00e8re Nous te prions pour que l&#8217;Eglise transmette aux hommes de notre temps la lumi\u00e8re de ta Parole de Vie et le go\u00fbt du [&hellip;]\" \/>\n<meta property=\"og:url\" content=\"https:\/\/charente.catholique.fr\/grand-angouleme\/actualites\/fete-de-la-sainte-trinite-avec-le-bapteme-de-jahlya\/\" \/>\n<meta property=\"og:site_name\" content=\"Doyenn\u00e9 Grand Angoul\u00eame\" \/>\n<meta property=\"article:publisher\" content=\"https:\/\/www.facebook.com\/EgliseCatholiqueCharente\" \/>\n<meta property=\"article:published_time\" content=\"2024-05-28T05:44:10+00:00\" \/>\n<meta property=\"article:modified_time\" content=\"2024-11-02T07:40:27+00:00\" \/>\n<meta property=\"og:image\" content=\"https:\/\/charente.catholique.fr\/grand-angouleme\/wp-content\/uploads\/sites\/2\/2024\/05\/sainte-trinite.jpg\" \/>\n\t<meta property=\"og:image:width\" content=\"1920\" \/>\n\t<meta property=\"og:image:height\" content=\"663\" \/>\n\t<meta property=\"og:image:type\" content=\"image\/jpeg\" \/>\n<meta name=\"author\" content=\"Janine Laborde\" \/>\n<meta name=\"twitter:card\" content=\"summary_large_image\" \/>\n<meta name=\"twitter:creator\" content=\"@diocesecharente\" \/>\n<meta name=\"twitter:site\" content=\"@diocesecharente\" \/>\n<meta name=\"twitter:label1\" content=\"\u00c9crit par\" \/>\n\t<meta name=\"twitter:data1\" content=\"Janine Laborde\" \/>\n\t<meta name=\"twitter:label2\" content=\"Dur\u00e9e de lecture estim\u00e9e\" \/>\n\t<meta name=\"twitter:data2\" content=\"3 minutes\" \/>\n<script type=\"application\/ld+json\" class=\"yoast-schema-graph\">{\"@context\":\"https:\/\/schema.org\",\"@graph\":[{\"@type\":\"Article\",\"@id\":\"https:\/\/charente.catholique.fr\/grand-angouleme\/actualites\/fete-de-la-sainte-trinite-avec-le-bapteme-de-jahlya\/#article\",\"isPartOf\":{\"@id\":\"https:\/\/charente.catholique.fr\/grand-angouleme\/actualites\/fete-de-la-sainte-trinite-avec-le-bapteme-de-jahlya\/\"},\"author\":{\"name\":\"Janine Laborde\",\"@id\":\"https:\/\/charente.catholique.fr\/grand-angouleme\/#\/schema\/person\/898f693d8a5f95b1bf02828f73967b47\"},\"headline\":\"Dimanche 26 mai &#8211; F\u00eate de la Sainte Trinit\u00e9 et bapt\u00eame de Jahlya\",\"datePublished\":\"2024-05-28T05:44:10+00:00\",\"dateModified\":\"2024-11-02T07:40:27+00:00\",\"mainEntityOfPage\":{\"@id\":\"https:\/\/charente.catholique.fr\/grand-angouleme\/actualites\/fete-de-la-sainte-trinite-avec-le-bapteme-de-jahlya\/\"},\"wordCount\":264,\"commentCount\":0,\"publisher\":{\"@id\":\"https:\/\/charente.catholique.fr\/grand-angouleme\/#organization\"},\"image\":{\"@id\":\"https:\/\/charente.catholique.fr\/grand-angouleme\/actualites\/fete-de-la-sainte-trinite-avec-le-bapteme-de-jahlya\/#primaryimage\"},\"thumbnailUrl\":\"https:\/\/charente.catholique.fr\/grand-angouleme\/wp-content\/uploads\/sites\/2\/2024\/05\/sainte-trinite.jpg\",\"articleSection\":[\"Actualit\u00e9s\"],\"inLanguage\":\"fr-FR\",\"potentialAction\":[{\"@type\":\"CommentAction\",\"name\":\"Comment\",\"target\":[\"https:\/\/charente.catholique.fr\/grand-angouleme\/actualites\/fete-de-la-sainte-trinite-avec-le-bapteme-de-jahlya\/#respond\"]}]},{\"@type\":\"WebPage\",\"@id\":\"https:\/\/charente.catholique.fr\/grand-angouleme\/actualites\/fete-de-la-sainte-trinite-avec-le-bapteme-de-jahlya\/\",\"url\":\"https:\/\/charente.catholique.fr\/grand-angouleme\/actualites\/fete-de-la-sainte-trinite-avec-le-bapteme-de-jahlya\/\",\"name\":\"Dimanche 26 mai - F\u00eate de la Sainte Trinit\u00e9 et bapt\u00eame de Jahlya - Doyenn\u00e9 Grand Angoul\u00eame\",\"isPartOf\":{\"@id\":\"https:\/\/charente.catholique.fr\/grand-angouleme\/#website\"},\"primaryImageOfPage\":{\"@id\":\"https:\/\/charente.catholique.fr\/grand-angouleme\/actualites\/fete-de-la-sainte-trinite-avec-le-bapteme-de-jahlya\/#primaryimage\"},\"image\":{\"@id\":\"https:\/\/charente.catholique.fr\/grand-angouleme\/actualites\/fete-de-la-sainte-trinite-avec-le-bapteme-de-jahlya\/#primaryimage\"},\"thumbnailUrl\":\"https:\/\/charente.catholique.fr\/grand-angouleme\/wp-content\/uploads\/sites\/2\/2024\/05\/sainte-trinite.jpg\",\"datePublished\":\"2024-05-28T05:44:10+00:00\",\"dateModified\":\"2024-11-02T07:40:27+00:00\",\"breadcrumb\":{\"@id\":\"https:\/\/charente.catholique.fr\/grand-angouleme\/actualites\/fete-de-la-sainte-trinite-avec-le-bapteme-de-jahlya\/#breadcrumb\"},\"inLanguage\":\"fr-FR\",\"potentialAction\":[{\"@type\":\"ReadAction\",\"target\":[\"https:\/\/charente.catholique.fr\/grand-angouleme\/actualites\/fete-de-la-sainte-trinite-avec-le-bapteme-de-jahlya\/\"]}]},{\"@type\":\"ImageObject\",\"inLanguage\":\"fr-FR\",\"@id\":\"https:\/\/charente.catholique.fr\/grand-angouleme\/actualites\/fete-de-la-sainte-trinite-avec-le-bapteme-de-jahlya\/#primaryimage\",\"url\":\"https:\/\/charente.catholique.fr\/grand-angouleme\/wp-content\/uploads\/sites\/2\/2024\/05\/sainte-trinite.jpg\",\"contentUrl\":\"https:\/\/charente.catholique.fr\/grand-angouleme\/wp-content\/uploads\/sites\/2\/2024\/05\/sainte-trinite.jpg\",\"width\":1920,\"height\":663},{\"@type\":\"BreadcrumbList\",\"@id\":\"https:\/\/charente.catholique.fr\/grand-angouleme\/actualites\/fete-de-la-sainte-trinite-avec-le-bapteme-de-jahlya\/#breadcrumb\",\"itemListElement\":[{\"@type\":\"ListItem\",\"position\":1,\"name\":\"Accueil\",\"item\":\"https:\/\/charente.catholique.fr\/grand-angouleme\/\"},{\"@type\":\"ListItem\",\"position\":2,\"name\":\"Dimanche 26 mai &#8211; F\u00eate de la Sainte Trinit\u00e9 et bapt\u00eame de Jahlya\"}]},{\"@type\":\"WebSite\",\"@id\":\"https:\/\/charente.catholique.fr\/grand-angouleme\/#website\",\"url\":\"https:\/\/charente.catholique.fr\/grand-angouleme\/\",\"name\":\"Doyenn\u00e9 Grand Angoul\u00eame - Dioc\u00e8se d'Angoul\u00eame\",\"description\":\"Dioc\u00e8se d&#039;Angoul\u00eame\",\"publisher\":{\"@id\":\"https:\/\/charente.catholique.fr\/grand-angouleme\/#organization\"},\"potentialAction\":[{\"@type\":\"SearchAction\",\"target\":{\"@type\":\"EntryPoint\",\"urlTemplate\":\"https:\/\/charente.catholique.fr\/grand-angouleme\/?s={search_term_string}\"},\"query-input\":{\"@type\":\"PropertyValueSpecification\",\"valueRequired\":true,\"valueName\":\"search_term_string\"}}],\"inLanguage\":\"fr-FR\"},{\"@type\":\"Organization\",\"@id\":\"https:\/\/charente.catholique.fr\/grand-angouleme\/#organization\",\"name\":\"Association Dioc\u00e9saine d'Angoul\u00eame\",\"url\":\"https:\/\/charente.catholique.fr\/grand-angouleme\/\",\"logo\":{\"@type\":\"ImageObject\",\"inLanguage\":\"fr-FR\",\"@id\":\"https:\/\/charente.catholique.fr\/grand-angouleme\/#\/schema\/logo\/image\/\",\"url\":\"https:\/\/charente.catholique.fr\/grand-angouleme\/wp-content\/uploads\/sites\/2\/2020\/10\/logos.png\",\"contentUrl\":\"https:\/\/charente.catholique.fr\/grand-angouleme\/wp-content\/uploads\/sites\/2\/2020\/10\/logos.png\",\"width\":600,\"height\":257,\"caption\":\"Association Dioc\u00e9saine d'Angoul\u00eame\"},\"image\":{\"@id\":\"https:\/\/charente.catholique.fr\/grand-angouleme\/#\/schema\/logo\/image\/\"},\"sameAs\":[\"https:\/\/www.facebook.com\/EgliseCatholiqueCharente\",\"https:\/\/x.com\/diocesecharente\",\"https:\/\/www.instagram.com\/eglisecharente\",\"https:\/\/www.youtube.com\/channel\/UCByyFWApZbw3gDTiADoiAaQ\"]},{\"@type\":\"Person\",\"@id\":\"https:\/\/charente.catholique.fr\/grand-angouleme\/#\/schema\/person\/898f693d8a5f95b1bf02828f73967b47\",\"name\":\"Janine Laborde\",\"image\":{\"@type\":\"ImageObject\",\"inLanguage\":\"fr-FR\",\"@id\":\"https:\/\/charente.catholique.fr\/grand-angouleme\/#\/schema\/person\/image\/\",\"url\":\"https:\/\/secure.gravatar.com\/avatar\/a8f3185ff2f6cee7d79c60e904004ccb6107bdc3e38d176acfc1ee42b62a994e?s=96&d=mm&r=g\",\"contentUrl\":\"https:\/\/secure.gravatar.com\/avatar\/a8f3185ff2f6cee7d79c60e904004ccb6107bdc3e38d176acfc1ee42b62a994e?s=96&d=mm&r=g\",\"caption\":\"Janine Laborde\"},\"url\":\"https:\/\/charente.catholique.fr\/grand-angouleme\/author\/janinelaborde\/\"}]}<\/script>\n<!-- \/ Yoast SEO plugin. -->","yoast_head_json":{"title":"Dimanche 26 mai - F\u00eate de la Sainte Trinit\u00e9 et bapt\u00eame de Jahlya - Doyenn\u00e9 Grand Angoul\u00eame","robots":{"index":"index","follow":"follow","max-snippet":"max-snippet:-1","max-image-preview":"max-image-preview:large","max-video-preview":"max-video-preview:-1"},"canonical":"https:\/\/charente.catholique.fr\/grand-angouleme\/actualites\/fete-de-la-sainte-trinite-avec-le-bapteme-de-jahlya\/","og_locale":"fr_FR","og_type":"article","og_title":"Dimanche 26 mai - F\u00eate de la Sainte Trinit\u00e9 et bapt\u00eame de Jahlya - Doyenn\u00e9 Grand Angoul\u00eame","og_description":"Accueil par les enfants du cat\u00e9 qui nous partagent, Dans un bouquet de fleurs, comment ils suivent J\u00e9sus. Lectures du jour Hom\u00e9lie du P\u00e8re Denis Pri\u00e8re universelle Trinit\u00e9 Sainte tu es lumi\u00e8re Nous te prions pour que l&#8217;Eglise transmette aux hommes de notre temps la lumi\u00e8re de ta Parole de Vie et le go\u00fbt du [&hellip;]","og_url":"https:\/\/charente.catholique.fr\/grand-angouleme\/actualites\/fete-de-la-sainte-trinite-avec-le-bapteme-de-jahlya\/","og_site_name":"Doyenn\u00e9 Grand Angoul\u00eame","article_publisher":"https:\/\/www.facebook.com\/EgliseCatholiqueCharente","article_published_time":"2024-05-28T05:44:10+00:00","article_modified_time":"2024-11-02T07:40:27+00:00","og_image":[{"width":1920,"height":663,"url":"https:\/\/charente.catholique.fr\/grand-angouleme\/wp-content\/uploads\/sites\/2\/2024\/05\/sainte-trinite.jpg","type":"image\/jpeg"}],"author":"Janine Laborde","twitter_card":"summary_large_image","twitter_creator":"@diocesecharente","twitter_site":"@diocesecharente","twitter_misc":{"\u00c9crit par":"Janine Laborde","Dur\u00e9e de lecture estim\u00e9e":"3 minutes"},"schema":{"@context":"https:\/\/schema.org","@graph":[{"@type":"Article","@id":"https:\/\/charente.catholique.fr\/grand-angouleme\/actualites\/fete-de-la-sainte-trinite-avec-le-bapteme-de-jahlya\/#article","isPartOf":{"@id":"https:\/\/charente.catholique.fr\/grand-angouleme\/actualites\/fete-de-la-sainte-trinite-avec-le-bapteme-de-jahlya\/"},"author":{"name":"Janine Laborde","@id":"https:\/\/charente.catholique.fr\/grand-angouleme\/#\/schema\/person\/898f693d8a5f95b1bf02828f73967b47"},"headline":"Dimanche 26 mai &#8211; F\u00eate de la Sainte Trinit\u00e9 et bapt\u00eame de Jahlya","datePublished":"2024-05-28T05:44:10+00:00","dateModified":"2024-11-02T07:40:27+00:00","mainEntityOfPage":{"@id":"https:\/\/charente.catholique.fr\/grand-angouleme\/actualites\/fete-de-la-sainte-trinite-avec-le-bapteme-de-jahlya\/"},"wordCount":264,"commentCount":0,"publisher":{"@id":"https:\/\/charente.catholique.fr\/grand-angouleme\/#organization"},"image":{"@id":"https:\/\/charente.catholique.fr\/grand-angouleme\/actualites\/fete-de-la-sainte-trinite-avec-le-bapteme-de-jahlya\/#primaryimage"},"thumbnailUrl":"https:\/\/charente.catholique.fr\/grand-angouleme\/wp-content\/uploads\/sites\/2\/2024\/05\/sainte-trinite.jpg","articleSection":["Actualit\u00e9s"],"inLanguage":"fr-FR","potentialAction":[{"@type":"CommentAction","name":"Comment","target":["https:\/\/charente.catholique.fr\/grand-angouleme\/actualites\/fete-de-la-sainte-trinite-avec-le-bapteme-de-jahlya\/#respond"]}]},{"@type":"WebPage","@id":"https:\/\/charente.catholique.fr\/grand-angouleme\/actualites\/fete-de-la-sainte-trinite-avec-le-bapteme-de-jahlya\/","url":"https:\/\/charente.catholique.fr\/grand-angouleme\/actualites\/fete-de-la-sainte-trinite-avec-le-bapteme-de-jahlya\/","name":"Dimanche 26 mai - F\u00eate de la Sainte Trinit\u00e9 et bapt\u00eame de Jahlya - Doyenn\u00e9 Grand Angoul\u00eame","isPartOf":{"@id":"https:\/\/charente.catholique.fr\/grand-angouleme\/#website"},"primaryImageOfPage":{"@id":"https:\/\/charente.catholique.fr\/grand-angouleme\/actualites\/fete-de-la-sainte-trinite-avec-le-bapteme-de-jahlya\/#primaryimage"},"image":{"@id":"https:\/\/charente.catholique.fr\/grand-angouleme\/actualites\/fete-de-la-sainte-trinite-avec-le-bapteme-de-jahlya\/#primaryimage"},"thumbnailUrl":"https:\/\/charente.catholique.fr\/grand-angouleme\/wp-content\/uploads\/sites\/2\/2024\/05\/sainte-trinite.jpg","datePublished":"2024-05-28T05:44:10+00:00","dateModified":"2024-11-02T07:40:27+00:00","breadcrumb":{"@id":"https:\/\/charente.catholique.fr\/grand-angouleme\/actualites\/fete-de-la-sainte-trinite-avec-le-bapteme-de-jahlya\/#breadcrumb"},"inLanguage":"fr-FR","potentialAction":[{"@type":"ReadAction","target":["https:\/\/charente.catholique.fr\/grand-angouleme\/actualites\/fete-de-la-sainte-trinite-avec-le-bapteme-de-jahlya\/"]}]},{"@type":"ImageObject","inLanguage":"fr-FR","@id":"https:\/\/charente.catholique.fr\/grand-angouleme\/actualites\/fete-de-la-sainte-trinite-avec-le-bapteme-de-jahlya\/#primaryimage","url":"https:\/\/charente.catholique.fr\/grand-angouleme\/wp-content\/uploads\/sites\/2\/2024\/05\/sainte-trinite.jpg","contentUrl":"https:\/\/charente.catholique.fr\/grand-angouleme\/wp-content\/uploads\/sites\/2\/2024\/05\/sainte-trinite.jpg","width":1920,"height":663},{"@type":"BreadcrumbList","@id":"https:\/\/charente.catholique.fr\/grand-angouleme\/actualites\/fete-de-la-sainte-trinite-avec-le-bapteme-de-jahlya\/#breadcrumb","itemListElement":[{"@type":"ListItem","position":1,"name":"Accueil","item":"https:\/\/charente.catholique.fr\/grand-angouleme\/"},{"@type":"ListItem","position":2,"name":"Dimanche 26 mai &#8211; F\u00eate de la Sainte Trinit\u00e9 et bapt\u00eame de Jahlya"}]},{"@type":"WebSite","@id":"https:\/\/charente.catholique.fr\/grand-angouleme\/#website","url":"https:\/\/charente.catholique.fr\/grand-angouleme\/","name":"Doyenn\u00e9 Grand Angoul\u00eame - Dioc\u00e8se d'Angoul\u00eame","description":"Dioc\u00e8se d&#039;Angoul\u00eame","publisher":{"@id":"https:\/\/charente.catholique.fr\/grand-angouleme\/#organization"},"potentialAction":[{"@type":"SearchAction","target":{"@type":"EntryPoint","urlTemplate":"https:\/\/charente.catholique.fr\/grand-angouleme\/?s={search_term_string}"},"query-input":{"@type":"PropertyValueSpecification","valueRequired":true,"valueName":"search_term_string"}}],"inLanguage":"fr-FR"},{"@type":"Organization","@id":"https:\/\/charente.catholique.fr\/grand-angouleme\/#organization","name":"Association Dioc\u00e9saine d'Angoul\u00eame","url":"https:\/\/charente.catholique.fr\/grand-angouleme\/","logo":{"@type":"ImageObject","inLanguage":"fr-FR","@id":"https:\/\/charente.catholique.fr\/grand-angouleme\/#\/schema\/logo\/image\/","url":"https:\/\/charente.catholique.fr\/grand-angouleme\/wp-content\/uploads\/sites\/2\/2020\/10\/logos.png","contentUrl":"https:\/\/charente.catholique.fr\/grand-angouleme\/wp-content\/uploads\/sites\/2\/2020\/10\/logos.png","width":600,"height":257,"caption":"Association Dioc\u00e9saine d'Angoul\u00eame"},"image":{"@id":"https:\/\/charente.catholique.fr\/grand-angouleme\/#\/schema\/logo\/image\/"},"sameAs":["https:\/\/www.facebook.com\/EgliseCatholiqueCharente","https:\/\/x.com\/diocesecharente","https:\/\/www.instagram.com\/eglisecharente","https:\/\/www.youtube.com\/channel\/UCByyFWApZbw3gDTiADoiAaQ"]},{"@type":"Person","@id":"https:\/\/charente.catholique.fr\/grand-angouleme\/#\/schema\/person\/898f693d8a5f95b1bf02828f73967b47","name":"Janine Laborde","image":{"@type":"ImageObject","inLanguage":"fr-FR","@id":"https:\/\/charente.catholique.fr\/grand-angouleme\/#\/schema\/person\/image\/","url":"https:\/\/secure.gravatar.com\/avatar\/a8f3185ff2f6cee7d79c60e904004ccb6107bdc3e38d176acfc1ee42b62a994e?s=96&d=mm&r=g","contentUrl":"https:\/\/secure.gravatar.com\/avatar\/a8f3185ff2f6cee7d79c60e904004ccb6107bdc3e38d176acfc1ee42b62a994e?s=96&d=mm&r=g","caption":"Janine Laborde"},"url":"https:\/\/charente.catholique.fr\/grand-angouleme\/author\/janinelaborde\/"}]}},"_links":{"self":[{"href":"https:\/\/charente.catholique.fr\/grand-angouleme\/wp-json\/wp\/v2\/posts\/24186","targetHints":{"allow":["GET"]}}],"collection":[{"href":"https:\/\/charente.catholique.fr\/grand-angouleme\/wp-json\/wp\/v2\/posts"}],"about":[{"href":"https:\/\/charente.catholique.fr\/grand-angouleme\/wp-json\/wp\/v2\/types\/post"}],"author":[{"embeddable":true,"href":"https:\/\/charente.catholique.fr\/grand-angouleme\/wp-json\/wp\/v2\/users\/22"}],"replies":[{"embeddable":true,"href":"https:\/\/charente.catholique.fr\/grand-angouleme\/wp-json\/wp\/v2\/comments?post=24186"}],"version-history":[{"count":9,"href":"https:\/\/charente.catholique.fr\/grand-angouleme\/wp-json\/wp\/v2\/posts\/24186\/revisions"}],"predecessor-version":[{"id":25724,"href":"https:\/\/charente.catholique.fr\/grand-angouleme\/wp-json\/wp\/v2\/posts\/24186\/revisions\/25724"}],"wp:featuredmedia":[{"embeddable":true,"href":"https:\/\/charente.catholique.fr\/grand-angouleme\/wp-json\/wp\/v2\/media\/24189"}],"wp:attachment":[{"href":"https:\/\/charente.catholique.fr\/grand-angouleme\/wp-json\/wp\/v2\/media?parent=24186"}],"wp:term":[{"taxonomy":"category","embeddable":true,"href":"https:\/\/charente.catholique.fr\/grand-angouleme\/wp-json\/wp\/v2\/categories?post=24186"},{"taxonomy":"post_tag","embeddable":true,"href":"https:\/\/charente.catholique.fr\/grand-angouleme\/wp-json\/wp\/v2\/tags?post=24186"}],"curies":[{"name":"wp","href":"https:\/\/api.w.org\/{rel}","templated":true}]}}