{"id":24077,"date":"2024-05-12T11:01:01","date_gmt":"2024-05-12T09:01:01","guid":{"rendered":"https:\/\/charente.catholique.fr\/grand-angouleme\/?p=24077"},"modified":"2024-05-13T17:46:31","modified_gmt":"2024-05-13T15:46:31","slug":"homelie-du-pere-denis-trinez-pour-le-7eme-dimanche-de-paques","status":"publish","type":"post","link":"https:\/\/charente.catholique.fr\/grand-angouleme\/actualites\/homelie-du-pere-denis-trinez-pour-le-7eme-dimanche-de-paques\/","title":{"rendered":"Hom\u00e9lie du P\u00e8re Denis Trinez pour le 7\u00e8me dimanche de P\u00e2ques"},"content":{"rendered":"\n<h4 class=\"wp-block-heading\">ACCUEIL<\/h4>\n\n\n\n<p>\u00a0\u00a0\u00a0\u00a0\u00a0\u00a0\u00a0\u00a0\u00a0\u00a0\u00a0\u00a0 \u00ab\u00a0<em>Qu&#8217;un autre prenne la charge<\/em>\u00a0\u00bb est \u00e9crit dans le livre des actes des ap\u00f4tres \u00e0 propos du d\u00e9part de Judas.<\/p>\n\n\n\n<p>Voyez, c&#8217;est un peu comme dans notre paroisse de Ste Jos\u00e9phine Bakhita, quand un membre de l&#8217;EAP a fini son temps d&#8217;engagement, il nous faut le remplacer. Alors on fait appel \u00e0 vous toutes et tous qui avec l&#8217;aide de l&#8217;Esprit St, discernaient qui serait pr\u00eat \u00e0 r\u00e9pondre \u00e0 cet engagement.<br>Ce discernement est de la responsabilit\u00e9 de toute la paroisse. Quand le 4 mai nous vous avons demand\u00e9 de lire et de vous exprimer sur le texte \u00e9crit pour faire avancer un fonctionnement nouveau, c&#8217;\u00e9tait de la responsabilit\u00e9 de chacun et de tous. Car personne ne doit manquer pour construire l&#8217;Eglise. <br>Dieu n&#8217;a qu&#8217;un d\u00e9sir de ne faire qu&#8217;Un avec l&#8217;Homme. Par notre bapt\u00eame, nous sommes devenu t\u00e9moins de Dieu, disciples du Christ dans ce monde.<br>Le Christ a form\u00e9 les disciples \u00e0 la Parole de Dieu, et aujourd&#8217;hui, certains chr\u00e9tiens sont maltrait\u00e9s de par le monde \u00e0 cause de cette Parole.<br>Car cette Parole est v\u00e9rit\u00e9, elle est unit\u00e9 entre le P\u00e8re, le Fils, le St Esprit et les Hommes .<br>Cette unit\u00e9 n&#8217;est pas forteresse, mais plut\u00f4t oxyg\u00e8ne, mouvement de vie.<br>Cette unit\u00e9 est pr\u00e9sence qui se discerne \u00e0 la mesure port\u00e9 \u00e0 autrui, Car Dieu que nul n&#8217;a jamais vu s&#8217;exp\u00e9rimente dans la relation avec nos proches.<br>L&#8217;enjeu\u00a0 de cette unit\u00e9 n&#8217;est pas de l&#8217;ordre de la perfection morale mais de la communion avec Dieu Lui-m\u00eame.<\/p>\n\n\n\n<h4 class=\"wp-block-heading\"><a href=\"https:\/\/www.aelf.org\/\">Lectures du jour<\/a><\/h4>\n\n\n\n<h4 class=\"wp-block-heading\">Hom\u00e9lie du P. Denis<\/h4>\n\n\n\n<figure class=\"wp-block-embed is-type-video is-provider-youtube wp-block-embed-youtube wp-embed-aspect-16-9 wp-has-aspect-ratio\"><div class=\"wp-block-embed__wrapper\">\n<iframe loading=\"lazy\" title=\"hom\u00e9lie du p\u00e8re Denis Trinez pour le 7\u00e8me dimanche de P\u00e2ques de l&#039;ann\u00e9e B\" width=\"500\" height=\"281\" src=\"https:\/\/www.youtube.com\/embed\/WgPaaxel7kk?feature=oembed\" frameborder=\"0\" allow=\"accelerometer; autoplay; clipboard-write; encrypted-media; gyroscope; picture-in-picture; web-share\" referrerpolicy=\"strict-origin-when-cross-origin\" allowfullscreen><\/iframe>\n<\/div><\/figure>\n\n\n\n<h4 class=\"wp-block-heading\">P.U<\/h4>\n\n\n\n<ul class=\"wp-block-list\">\n<li>\u00a0\u00a0\u00a0 \u00ab\u00a0P\u00e8re garde mes disciples unis dans ton nom\u00a0\u00bb\n<ul class=\"wp-block-list\">\n<li>Nous te prions Seigneur, pour les jeunes et les adultes qui ont \u00e9t\u00e9 baptis\u00e9s en ce temps pascal, ne les oublions pas pour qu&#8217;ils vivent cette union \u00e0 Toi \u00e0 travers toutes leurs rencontres quotidiennes.<br><\/li>\n<\/ul>\n<\/li>\n\n\n\n<li>\u00ab\u00a0Qu&#8217;ils soient un\u00a0\u00bb\n<ul class=\"wp-block-list\">\n<li> Apprends-nous Seigneur, \u00e0 accueillir toutes les personnes en qu\u00eate de sens \u00e0 leur vie et pour leur offrir le temps\u00a0 de recherche n\u00e9cessaire \u00e0 te d\u00e9couvrir.<br><\/li>\n<\/ul>\n<\/li>\n\n\n\n<li>\u00ab\u00a0Garde-les du mauvais\u00a0\u00bb\n<ul class=\"wp-block-list\">\n<li>Pour toutes les femmes et les hommes qui sont confront\u00e9s \u00e0 la haine du monde \u00e0 cause de leur diff\u00e9rence, qui sont menac\u00e9s dans leur dignit\u00e9, qui subissent l&#8217;injustice, et la torture pour les causes qui d\u00e9fendent. Donne-leur Seigneur la force de ton Esprit pour qu&#8217;ils sauvegardent la paix dans leur c\u0153ur.<\/li>\n<\/ul>\n<\/li>\n<\/ul>\n","protected":false},"excerpt":{"rendered":"<p>ACCUEIL \u00a0\u00a0\u00a0\u00a0\u00a0\u00a0\u00a0\u00a0\u00a0\u00a0\u00a0\u00a0 \u00ab\u00a0Qu&#8217;un autre prenne la charge\u00a0\u00bb est \u00e9crit dans le livre des actes des ap\u00f4tres \u00e0 propos du d\u00e9part de Judas. Voyez, c&#8217;est un peu comme dans notre paroisse de Ste Jos\u00e9phine Bakhita, quand un membre de l&#8217;EAP a fini son temps d&#8217;engagement, il nous faut le remplacer. Alors on fait appel \u00e0 vous [&hellip;]<\/p>\n","protected":false},"author":22,"featured_media":24078,"comment_status":"open","ping_status":"open","sticky":false,"template":"","format":"standard","meta":{"_acf_changed":false,"paroisse":["0"],"service":["0"],"footnotes":""},"categories":[1],"tags":[],"class_list":["post-24077","post","type-post","status-publish","format-standard","has-post-thumbnail","hentry","category-actualites"],"acf":[],"yoast_head":"<!-- This site is optimized with the Yoast SEO plugin v27.1.1 - https:\/\/yoast.com\/product\/yoast-seo-wordpress\/ -->\n<title>Hom\u00e9lie du P\u00e8re Denis Trinez pour le 7\u00e8me dimanche de P\u00e2ques - Doyenn\u00e9 Grand Angoul\u00eame<\/title>\n<meta name=\"robots\" content=\"index, follow, max-snippet:-1, max-image-preview:large, max-video-preview:-1\" \/>\n<link rel=\"canonical\" href=\"https:\/\/charente.catholique.fr\/grand-angouleme\/actualites\/homelie-du-pere-denis-trinez-pour-le-7eme-dimanche-de-paques\/\" \/>\n<meta property=\"og:locale\" content=\"fr_FR\" \/>\n<meta property=\"og:type\" content=\"article\" \/>\n<meta property=\"og:title\" content=\"Hom\u00e9lie du P\u00e8re Denis Trinez pour le 7\u00e8me dimanche de P\u00e2ques - Doyenn\u00e9 Grand Angoul\u00eame\" \/>\n<meta property=\"og:description\" content=\"ACCUEIL \u00a0\u00a0\u00a0\u00a0\u00a0\u00a0\u00a0\u00a0\u00a0\u00a0\u00a0\u00a0 \u00ab\u00a0Qu&#8217;un autre prenne la charge\u00a0\u00bb est \u00e9crit dans le livre des actes des ap\u00f4tres \u00e0 propos du d\u00e9part de Judas. Voyez, c&#8217;est un peu comme dans notre paroisse de Ste Jos\u00e9phine Bakhita, quand un membre de l&#8217;EAP a fini son temps d&#8217;engagement, il nous faut le remplacer. Alors on fait appel \u00e0 vous [&hellip;]\" \/>\n<meta property=\"og:url\" content=\"https:\/\/charente.catholique.fr\/grand-angouleme\/actualites\/homelie-du-pere-denis-trinez-pour-le-7eme-dimanche-de-paques\/\" \/>\n<meta property=\"og:site_name\" content=\"Doyenn\u00e9 Grand Angoul\u00eame\" \/>\n<meta property=\"article:publisher\" content=\"https:\/\/www.facebook.com\/EgliseCatholiqueCharente\" \/>\n<meta property=\"article:published_time\" content=\"2024-05-12T09:01:01+00:00\" \/>\n<meta property=\"article:modified_time\" content=\"2024-05-13T15:46:31+00:00\" \/>\n<meta property=\"og:image\" content=\"https:\/\/charente.catholique.fr\/grand-angouleme\/wp-content\/uploads\/sites\/2\/2024\/05\/681d5dc_1664463403803-pns-3669151.jpg\" \/>\n\t<meta property=\"og:image:width\" content=\"556\" \/>\n\t<meta property=\"og:image:height\" content=\"213\" \/>\n\t<meta property=\"og:image:type\" content=\"image\/jpeg\" \/>\n<meta name=\"author\" content=\"Janine Laborde\" \/>\n<meta name=\"twitter:card\" content=\"summary_large_image\" \/>\n<meta name=\"twitter:creator\" content=\"@diocesecharente\" \/>\n<meta name=\"twitter:site\" content=\"@diocesecharente\" \/>\n<meta name=\"twitter:label1\" content=\"\u00c9crit par\" \/>\n\t<meta name=\"twitter:data1\" content=\"Janine Laborde\" \/>\n\t<meta name=\"twitter:label2\" content=\"Dur\u00e9e de lecture estim\u00e9e\" \/>\n\t<meta name=\"twitter:data2\" content=\"3 minutes\" \/>\n<script type=\"application\/ld+json\" class=\"yoast-schema-graph\">{\"@context\":\"https:\/\/schema.org\",\"@graph\":[{\"@type\":\"Article\",\"@id\":\"https:\/\/charente.catholique.fr\/grand-angouleme\/actualites\/homelie-du-pere-denis-trinez-pour-le-7eme-dimanche-de-paques\/#article\",\"isPartOf\":{\"@id\":\"https:\/\/charente.catholique.fr\/grand-angouleme\/actualites\/homelie-du-pere-denis-trinez-pour-le-7eme-dimanche-de-paques\/\"},\"author\":{\"name\":\"Janine Laborde\",\"@id\":\"https:\/\/charente.catholique.fr\/grand-angouleme\/#\/schema\/person\/898f693d8a5f95b1bf02828f73967b47\"},\"headline\":\"Hom\u00e9lie du P\u00e8re Denis Trinez pour le 7\u00e8me dimanche de P\u00e2ques\",\"datePublished\":\"2024-05-12T09:01:01+00:00\",\"dateModified\":\"2024-05-13T15:46:31+00:00\",\"mainEntityOfPage\":{\"@id\":\"https:\/\/charente.catholique.fr\/grand-angouleme\/actualites\/homelie-du-pere-denis-trinez-pour-le-7eme-dimanche-de-paques\/\"},\"wordCount\":443,\"commentCount\":0,\"publisher\":{\"@id\":\"https:\/\/charente.catholique.fr\/grand-angouleme\/#organization\"},\"image\":{\"@id\":\"https:\/\/charente.catholique.fr\/grand-angouleme\/actualites\/homelie-du-pere-denis-trinez-pour-le-7eme-dimanche-de-paques\/#primaryimage\"},\"thumbnailUrl\":\"https:\/\/charente.catholique.fr\/grand-angouleme\/wp-content\/uploads\/sites\/2\/2024\/05\/681d5dc_1664463403803-pns-3669151.jpg\",\"articleSection\":[\"Actualit\u00e9s\"],\"inLanguage\":\"fr-FR\",\"potentialAction\":[{\"@type\":\"CommentAction\",\"name\":\"Comment\",\"target\":[\"https:\/\/charente.catholique.fr\/grand-angouleme\/actualites\/homelie-du-pere-denis-trinez-pour-le-7eme-dimanche-de-paques\/#respond\"]}]},{\"@type\":\"WebPage\",\"@id\":\"https:\/\/charente.catholique.fr\/grand-angouleme\/actualites\/homelie-du-pere-denis-trinez-pour-le-7eme-dimanche-de-paques\/\",\"url\":\"https:\/\/charente.catholique.fr\/grand-angouleme\/actualites\/homelie-du-pere-denis-trinez-pour-le-7eme-dimanche-de-paques\/\",\"name\":\"Hom\u00e9lie du P\u00e8re Denis Trinez pour le 7\u00e8me dimanche de P\u00e2ques - Doyenn\u00e9 Grand Angoul\u00eame\",\"isPartOf\":{\"@id\":\"https:\/\/charente.catholique.fr\/grand-angouleme\/#website\"},\"primaryImageOfPage\":{\"@id\":\"https:\/\/charente.catholique.fr\/grand-angouleme\/actualites\/homelie-du-pere-denis-trinez-pour-le-7eme-dimanche-de-paques\/#primaryimage\"},\"image\":{\"@id\":\"https:\/\/charente.catholique.fr\/grand-angouleme\/actualites\/homelie-du-pere-denis-trinez-pour-le-7eme-dimanche-de-paques\/#primaryimage\"},\"thumbnailUrl\":\"https:\/\/charente.catholique.fr\/grand-angouleme\/wp-content\/uploads\/sites\/2\/2024\/05\/681d5dc_1664463403803-pns-3669151.jpg\",\"datePublished\":\"2024-05-12T09:01:01+00:00\",\"dateModified\":\"2024-05-13T15:46:31+00:00\",\"breadcrumb\":{\"@id\":\"https:\/\/charente.catholique.fr\/grand-angouleme\/actualites\/homelie-du-pere-denis-trinez-pour-le-7eme-dimanche-de-paques\/#breadcrumb\"},\"inLanguage\":\"fr-FR\",\"potentialAction\":[{\"@type\":\"ReadAction\",\"target\":[\"https:\/\/charente.catholique.fr\/grand-angouleme\/actualites\/homelie-du-pere-denis-trinez-pour-le-7eme-dimanche-de-paques\/\"]}]},{\"@type\":\"ImageObject\",\"inLanguage\":\"fr-FR\",\"@id\":\"https:\/\/charente.catholique.fr\/grand-angouleme\/actualites\/homelie-du-pere-denis-trinez-pour-le-7eme-dimanche-de-paques\/#primaryimage\",\"url\":\"https:\/\/charente.catholique.fr\/grand-angouleme\/wp-content\/uploads\/sites\/2\/2024\/05\/681d5dc_1664463403803-pns-3669151.jpg\",\"contentUrl\":\"https:\/\/charente.catholique.fr\/grand-angouleme\/wp-content\/uploads\/sites\/2\/2024\/05\/681d5dc_1664463403803-pns-3669151.jpg\",\"width\":556,\"height\":213,\"caption\":\"Silhouette d'un p\u00e8lerin priant devant l'horizon. France.\"},{\"@type\":\"BreadcrumbList\",\"@id\":\"https:\/\/charente.catholique.fr\/grand-angouleme\/actualites\/homelie-du-pere-denis-trinez-pour-le-7eme-dimanche-de-paques\/#breadcrumb\",\"itemListElement\":[{\"@type\":\"ListItem\",\"position\":1,\"name\":\"Accueil\",\"item\":\"https:\/\/charente.catholique.fr\/grand-angouleme\/\"},{\"@type\":\"ListItem\",\"position\":2,\"name\":\"Hom\u00e9lie du P\u00e8re Denis Trinez pour le 7\u00e8me dimanche de P\u00e2ques\"}]},{\"@type\":\"WebSite\",\"@id\":\"https:\/\/charente.catholique.fr\/grand-angouleme\/#website\",\"url\":\"https:\/\/charente.catholique.fr\/grand-angouleme\/\",\"name\":\"Doyenn\u00e9 Grand Angoul\u00eame - Dioc\u00e8se d'Angoul\u00eame\",\"description\":\"Dioc\u00e8se d&#039;Angoul\u00eame\",\"publisher\":{\"@id\":\"https:\/\/charente.catholique.fr\/grand-angouleme\/#organization\"},\"potentialAction\":[{\"@type\":\"SearchAction\",\"target\":{\"@type\":\"EntryPoint\",\"urlTemplate\":\"https:\/\/charente.catholique.fr\/grand-angouleme\/?s={search_term_string}\"},\"query-input\":{\"@type\":\"PropertyValueSpecification\",\"valueRequired\":true,\"valueName\":\"search_term_string\"}}],\"inLanguage\":\"fr-FR\"},{\"@type\":\"Organization\",\"@id\":\"https:\/\/charente.catholique.fr\/grand-angouleme\/#organization\",\"name\":\"Association Dioc\u00e9saine d'Angoul\u00eame\",\"url\":\"https:\/\/charente.catholique.fr\/grand-angouleme\/\",\"logo\":{\"@type\":\"ImageObject\",\"inLanguage\":\"fr-FR\",\"@id\":\"https:\/\/charente.catholique.fr\/grand-angouleme\/#\/schema\/logo\/image\/\",\"url\":\"https:\/\/charente.catholique.fr\/grand-angouleme\/wp-content\/uploads\/sites\/2\/2020\/10\/logos.png\",\"contentUrl\":\"https:\/\/charente.catholique.fr\/grand-angouleme\/wp-content\/uploads\/sites\/2\/2020\/10\/logos.png\",\"width\":600,\"height\":257,\"caption\":\"Association Dioc\u00e9saine d'Angoul\u00eame\"},\"image\":{\"@id\":\"https:\/\/charente.catholique.fr\/grand-angouleme\/#\/schema\/logo\/image\/\"},\"sameAs\":[\"https:\/\/www.facebook.com\/EgliseCatholiqueCharente\",\"https:\/\/x.com\/diocesecharente\",\"https:\/\/www.instagram.com\/eglisecharente\",\"https:\/\/www.youtube.com\/channel\/UCByyFWApZbw3gDTiADoiAaQ\"]},{\"@type\":\"Person\",\"@id\":\"https:\/\/charente.catholique.fr\/grand-angouleme\/#\/schema\/person\/898f693d8a5f95b1bf02828f73967b47\",\"name\":\"Janine Laborde\",\"image\":{\"@type\":\"ImageObject\",\"inLanguage\":\"fr-FR\",\"@id\":\"https:\/\/charente.catholique.fr\/grand-angouleme\/#\/schema\/person\/image\/\",\"url\":\"https:\/\/secure.gravatar.com\/avatar\/a8f3185ff2f6cee7d79c60e904004ccb6107bdc3e38d176acfc1ee42b62a994e?s=96&d=mm&r=g\",\"contentUrl\":\"https:\/\/secure.gravatar.com\/avatar\/a8f3185ff2f6cee7d79c60e904004ccb6107bdc3e38d176acfc1ee42b62a994e?s=96&d=mm&r=g\",\"caption\":\"Janine Laborde\"},\"url\":\"https:\/\/charente.catholique.fr\/grand-angouleme\/author\/janinelaborde\/\"}]}<\/script>\n<!-- \/ Yoast SEO plugin. -->","yoast_head_json":{"title":"Hom\u00e9lie du P\u00e8re Denis Trinez pour le 7\u00e8me dimanche de P\u00e2ques - Doyenn\u00e9 Grand Angoul\u00eame","robots":{"index":"index","follow":"follow","max-snippet":"max-snippet:-1","max-image-preview":"max-image-preview:large","max-video-preview":"max-video-preview:-1"},"canonical":"https:\/\/charente.catholique.fr\/grand-angouleme\/actualites\/homelie-du-pere-denis-trinez-pour-le-7eme-dimanche-de-paques\/","og_locale":"fr_FR","og_type":"article","og_title":"Hom\u00e9lie du P\u00e8re Denis Trinez pour le 7\u00e8me dimanche de P\u00e2ques - Doyenn\u00e9 Grand Angoul\u00eame","og_description":"ACCUEIL \u00a0\u00a0\u00a0\u00a0\u00a0\u00a0\u00a0\u00a0\u00a0\u00a0\u00a0\u00a0 \u00ab\u00a0Qu&#8217;un autre prenne la charge\u00a0\u00bb est \u00e9crit dans le livre des actes des ap\u00f4tres \u00e0 propos du d\u00e9part de Judas. Voyez, c&#8217;est un peu comme dans notre paroisse de Ste Jos\u00e9phine Bakhita, quand un membre de l&#8217;EAP a fini son temps d&#8217;engagement, il nous faut le remplacer. Alors on fait appel \u00e0 vous [&hellip;]","og_url":"https:\/\/charente.catholique.fr\/grand-angouleme\/actualites\/homelie-du-pere-denis-trinez-pour-le-7eme-dimanche-de-paques\/","og_site_name":"Doyenn\u00e9 Grand Angoul\u00eame","article_publisher":"https:\/\/www.facebook.com\/EgliseCatholiqueCharente","article_published_time":"2024-05-12T09:01:01+00:00","article_modified_time":"2024-05-13T15:46:31+00:00","og_image":[{"width":556,"height":213,"url":"https:\/\/charente.catholique.fr\/grand-angouleme\/wp-content\/uploads\/sites\/2\/2024\/05\/681d5dc_1664463403803-pns-3669151.jpg","type":"image\/jpeg"}],"author":"Janine Laborde","twitter_card":"summary_large_image","twitter_creator":"@diocesecharente","twitter_site":"@diocesecharente","twitter_misc":{"\u00c9crit par":"Janine Laborde","Dur\u00e9e de lecture estim\u00e9e":"3 minutes"},"schema":{"@context":"https:\/\/schema.org","@graph":[{"@type":"Article","@id":"https:\/\/charente.catholique.fr\/grand-angouleme\/actualites\/homelie-du-pere-denis-trinez-pour-le-7eme-dimanche-de-paques\/#article","isPartOf":{"@id":"https:\/\/charente.catholique.fr\/grand-angouleme\/actualites\/homelie-du-pere-denis-trinez-pour-le-7eme-dimanche-de-paques\/"},"author":{"name":"Janine Laborde","@id":"https:\/\/charente.catholique.fr\/grand-angouleme\/#\/schema\/person\/898f693d8a5f95b1bf02828f73967b47"},"headline":"Hom\u00e9lie du P\u00e8re Denis Trinez pour le 7\u00e8me dimanche de P\u00e2ques","datePublished":"2024-05-12T09:01:01+00:00","dateModified":"2024-05-13T15:46:31+00:00","mainEntityOfPage":{"@id":"https:\/\/charente.catholique.fr\/grand-angouleme\/actualites\/homelie-du-pere-denis-trinez-pour-le-7eme-dimanche-de-paques\/"},"wordCount":443,"commentCount":0,"publisher":{"@id":"https:\/\/charente.catholique.fr\/grand-angouleme\/#organization"},"image":{"@id":"https:\/\/charente.catholique.fr\/grand-angouleme\/actualites\/homelie-du-pere-denis-trinez-pour-le-7eme-dimanche-de-paques\/#primaryimage"},"thumbnailUrl":"https:\/\/charente.catholique.fr\/grand-angouleme\/wp-content\/uploads\/sites\/2\/2024\/05\/681d5dc_1664463403803-pns-3669151.jpg","articleSection":["Actualit\u00e9s"],"inLanguage":"fr-FR","potentialAction":[{"@type":"CommentAction","name":"Comment","target":["https:\/\/charente.catholique.fr\/grand-angouleme\/actualites\/homelie-du-pere-denis-trinez-pour-le-7eme-dimanche-de-paques\/#respond"]}]},{"@type":"WebPage","@id":"https:\/\/charente.catholique.fr\/grand-angouleme\/actualites\/homelie-du-pere-denis-trinez-pour-le-7eme-dimanche-de-paques\/","url":"https:\/\/charente.catholique.fr\/grand-angouleme\/actualites\/homelie-du-pere-denis-trinez-pour-le-7eme-dimanche-de-paques\/","name":"Hom\u00e9lie du P\u00e8re Denis Trinez pour le 7\u00e8me dimanche de P\u00e2ques - Doyenn\u00e9 Grand Angoul\u00eame","isPartOf":{"@id":"https:\/\/charente.catholique.fr\/grand-angouleme\/#website"},"primaryImageOfPage":{"@id":"https:\/\/charente.catholique.fr\/grand-angouleme\/actualites\/homelie-du-pere-denis-trinez-pour-le-7eme-dimanche-de-paques\/#primaryimage"},"image":{"@id":"https:\/\/charente.catholique.fr\/grand-angouleme\/actualites\/homelie-du-pere-denis-trinez-pour-le-7eme-dimanche-de-paques\/#primaryimage"},"thumbnailUrl":"https:\/\/charente.catholique.fr\/grand-angouleme\/wp-content\/uploads\/sites\/2\/2024\/05\/681d5dc_1664463403803-pns-3669151.jpg","datePublished":"2024-05-12T09:01:01+00:00","dateModified":"2024-05-13T15:46:31+00:00","breadcrumb":{"@id":"https:\/\/charente.catholique.fr\/grand-angouleme\/actualites\/homelie-du-pere-denis-trinez-pour-le-7eme-dimanche-de-paques\/#breadcrumb"},"inLanguage":"fr-FR","potentialAction":[{"@type":"ReadAction","target":["https:\/\/charente.catholique.fr\/grand-angouleme\/actualites\/homelie-du-pere-denis-trinez-pour-le-7eme-dimanche-de-paques\/"]}]},{"@type":"ImageObject","inLanguage":"fr-FR","@id":"https:\/\/charente.catholique.fr\/grand-angouleme\/actualites\/homelie-du-pere-denis-trinez-pour-le-7eme-dimanche-de-paques\/#primaryimage","url":"https:\/\/charente.catholique.fr\/grand-angouleme\/wp-content\/uploads\/sites\/2\/2024\/05\/681d5dc_1664463403803-pns-3669151.jpg","contentUrl":"https:\/\/charente.catholique.fr\/grand-angouleme\/wp-content\/uploads\/sites\/2\/2024\/05\/681d5dc_1664463403803-pns-3669151.jpg","width":556,"height":213,"caption":"Silhouette d'un p\u00e8lerin priant devant l'horizon. France."},{"@type":"BreadcrumbList","@id":"https:\/\/charente.catholique.fr\/grand-angouleme\/actualites\/homelie-du-pere-denis-trinez-pour-le-7eme-dimanche-de-paques\/#breadcrumb","itemListElement":[{"@type":"ListItem","position":1,"name":"Accueil","item":"https:\/\/charente.catholique.fr\/grand-angouleme\/"},{"@type":"ListItem","position":2,"name":"Hom\u00e9lie du P\u00e8re Denis Trinez pour le 7\u00e8me dimanche de P\u00e2ques"}]},{"@type":"WebSite","@id":"https:\/\/charente.catholique.fr\/grand-angouleme\/#website","url":"https:\/\/charente.catholique.fr\/grand-angouleme\/","name":"Doyenn\u00e9 Grand Angoul\u00eame - Dioc\u00e8se d'Angoul\u00eame","description":"Dioc\u00e8se d&#039;Angoul\u00eame","publisher":{"@id":"https:\/\/charente.catholique.fr\/grand-angouleme\/#organization"},"potentialAction":[{"@type":"SearchAction","target":{"@type":"EntryPoint","urlTemplate":"https:\/\/charente.catholique.fr\/grand-angouleme\/?s={search_term_string}"},"query-input":{"@type":"PropertyValueSpecification","valueRequired":true,"valueName":"search_term_string"}}],"inLanguage":"fr-FR"},{"@type":"Organization","@id":"https:\/\/charente.catholique.fr\/grand-angouleme\/#organization","name":"Association Dioc\u00e9saine d'Angoul\u00eame","url":"https:\/\/charente.catholique.fr\/grand-angouleme\/","logo":{"@type":"ImageObject","inLanguage":"fr-FR","@id":"https:\/\/charente.catholique.fr\/grand-angouleme\/#\/schema\/logo\/image\/","url":"https:\/\/charente.catholique.fr\/grand-angouleme\/wp-content\/uploads\/sites\/2\/2020\/10\/logos.png","contentUrl":"https:\/\/charente.catholique.fr\/grand-angouleme\/wp-content\/uploads\/sites\/2\/2020\/10\/logos.png","width":600,"height":257,"caption":"Association Dioc\u00e9saine d'Angoul\u00eame"},"image":{"@id":"https:\/\/charente.catholique.fr\/grand-angouleme\/#\/schema\/logo\/image\/"},"sameAs":["https:\/\/www.facebook.com\/EgliseCatholiqueCharente","https:\/\/x.com\/diocesecharente","https:\/\/www.instagram.com\/eglisecharente","https:\/\/www.youtube.com\/channel\/UCByyFWApZbw3gDTiADoiAaQ"]},{"@type":"Person","@id":"https:\/\/charente.catholique.fr\/grand-angouleme\/#\/schema\/person\/898f693d8a5f95b1bf02828f73967b47","name":"Janine Laborde","image":{"@type":"ImageObject","inLanguage":"fr-FR","@id":"https:\/\/charente.catholique.fr\/grand-angouleme\/#\/schema\/person\/image\/","url":"https:\/\/secure.gravatar.com\/avatar\/a8f3185ff2f6cee7d79c60e904004ccb6107bdc3e38d176acfc1ee42b62a994e?s=96&d=mm&r=g","contentUrl":"https:\/\/secure.gravatar.com\/avatar\/a8f3185ff2f6cee7d79c60e904004ccb6107bdc3e38d176acfc1ee42b62a994e?s=96&d=mm&r=g","caption":"Janine Laborde"},"url":"https:\/\/charente.catholique.fr\/grand-angouleme\/author\/janinelaborde\/"}]}},"_links":{"self":[{"href":"https:\/\/charente.catholique.fr\/grand-angouleme\/wp-json\/wp\/v2\/posts\/24077","targetHints":{"allow":["GET"]}}],"collection":[{"href":"https:\/\/charente.catholique.fr\/grand-angouleme\/wp-json\/wp\/v2\/posts"}],"about":[{"href":"https:\/\/charente.catholique.fr\/grand-angouleme\/wp-json\/wp\/v2\/types\/post"}],"author":[{"embeddable":true,"href":"https:\/\/charente.catholique.fr\/grand-angouleme\/wp-json\/wp\/v2\/users\/22"}],"replies":[{"embeddable":true,"href":"https:\/\/charente.catholique.fr\/grand-angouleme\/wp-json\/wp\/v2\/comments?post=24077"}],"version-history":[{"count":3,"href":"https:\/\/charente.catholique.fr\/grand-angouleme\/wp-json\/wp\/v2\/posts\/24077\/revisions"}],"predecessor-version":[{"id":24094,"href":"https:\/\/charente.catholique.fr\/grand-angouleme\/wp-json\/wp\/v2\/posts\/24077\/revisions\/24094"}],"wp:featuredmedia":[{"embeddable":true,"href":"https:\/\/charente.catholique.fr\/grand-angouleme\/wp-json\/wp\/v2\/media\/24078"}],"wp:attachment":[{"href":"https:\/\/charente.catholique.fr\/grand-angouleme\/wp-json\/wp\/v2\/media?parent=24077"}],"wp:term":[{"taxonomy":"category","embeddable":true,"href":"https:\/\/charente.catholique.fr\/grand-angouleme\/wp-json\/wp\/v2\/categories?post=24077"},{"taxonomy":"post_tag","embeddable":true,"href":"https:\/\/charente.catholique.fr\/grand-angouleme\/wp-json\/wp\/v2\/tags?post=24077"}],"curies":[{"name":"wp","href":"https:\/\/api.w.org\/{rel}","templated":true}]}}