{"id":23846,"date":"2024-04-18T15:54:31","date_gmt":"2024-04-18T13:54:31","guid":{"rendered":"https:\/\/charente.catholique.fr\/grand-angouleme\/?p=23846"},"modified":"2024-04-18T15:54:31","modified_gmt":"2024-04-18T13:54:31","slug":"3eme-dimanche-de-paques-a-ma-campagne","status":"publish","type":"post","link":"https:\/\/charente.catholique.fr\/grand-angouleme\/actualites\/3eme-dimanche-de-paques-a-ma-campagne\/","title":{"rendered":"3\u00e8me Dimanche de P\u00e2ques \u00e0 Ma Campagne"},"content":{"rendered":"\n<p class=\"has-medium-font-size\">\u00ab Ainsi est-il \u00e9crit que le Christ souffrirait, qu\u2019il ressusciterait d\u2019entre les morts le troisi\u00e8me jour \u00bb (Lc 24, 35-48)<\/p>\n\n\n\n<h4 class=\"wp-block-heading\">Mot accueil<\/h4>\n\n\n\n<p>De retour d\u2019Emma\u00fcs, le coeur tout br\u00fblant, les deux disciples s\u2019empressent d\u2019aller \u00e0 J\u00e9rusalem afin de partager l\u2019extraordinaire de leur rencontre avec J\u00e9sus ressuscit\u00e9. Nous pouvons imaginer que les \u00e9changes sont anim\u00e9s et les questions nombreuses.<\/p>\n\n\n\n<p>Or, pendant qu\u2019is parlaient, voil\u00e0 que J\u00e9sus est au milieu d\u2019eux. Il est au milieu d\u2019eux , comme il l\u2019a si souvent \u00e9t\u00e9 quand ils sillonnaient ensemble les chemins de Palestine, quand J\u00e9sus gu\u00e9rissait, r\u00e9confortait, restaurait la dignit\u00e9 des laiss\u00e9s- pour- compte de la soci\u00e9t\u00e9.<\/p>\n\n\n\n<p>Il est au milieu d\u2019eux et, pourtant, malgr\u00e9 la salutation de paix, ils ne le reconnaissent pas et sont saisis de frayeur, boulevers\u00e9s. Alors, il leur faut voir, toucher les plaies, offrir du poisson grill\u00e9, pour que les yeux et les coeurs s\u2019ouvrent : Celui qui est au milieu d\u2019eux c\u2019est bien celui qui a \u00e9t\u00e9 mis \u00e0 mort sur le bois de la croix. Alors, les Ecritures ne restent pas \u00e0 l\u2019Etat de textes du pass\u00e9, mais prennent tout leur sens.<\/p>\n\n\n\n<p>Qu\u2019en est-il pour nous ? Devant l\u2019\u00e9tat du monde, nous sommes souvent effray\u00e9s, boulevers\u00e9s. Mais nous pouvons entendre, comme les disciples la salutation de paix du ressuscit\u00e9. Celui qui nous rassemble aujourd\u2019hui est un Dieu de paix et d\u2019amour et la fin de l\u2019Evangile de ce jour nous engage au t\u00e9moignage.<\/p>\n\n\n\n<p>Chaque fois que nous nous rapprochons de ceux et celles qui sont dans la peine, chaque fois que nous brisons une solitude, chaque fois que nous luttons pour plus de justice et essayons de faire grandir la vie, Il est au milieu de nous.<\/p>\n\n\n\n<h4 class=\"wp-block-heading\"><a href=\"https:\/\/www.aelf.org\/2024-04-14\/romain\/messe#\">Lectures<\/a><\/h4>\n","protected":false},"excerpt":{"rendered":"<p>\u00ab Ainsi est-il \u00e9crit que le Christ souffrirait, qu\u2019il ressusciterait d\u2019entre les morts le troisi\u00e8me jour \u00bb (Lc 24, 35-48) Mot accueil De retour d\u2019Emma\u00fcs, le coeur tout br\u00fblant, les deux disciples s\u2019empressent d\u2019aller \u00e0 J\u00e9rusalem afin de partager l\u2019extraordinaire de leur rencontre avec J\u00e9sus ressuscit\u00e9. Nous pouvons imaginer que les \u00e9changes sont anim\u00e9s et [&hellip;]<\/p>\n","protected":false},"author":5,"featured_media":5921,"comment_status":"open","ping_status":"open","sticky":false,"template":"","format":"standard","meta":{"_acf_changed":false,"paroisse":["0","0","0"],"service":["0"],"footnotes":""},"categories":[1,5],"tags":[],"class_list":["post-23846","post","type-post","status-publish","format-standard","has-post-thumbnail","hentry","category-actualites","category-ma-campagne-saint-jean-baptiste"],"acf":[],"yoast_head":"<!-- This site is optimized with the Yoast SEO plugin v27.1.1 - https:\/\/yoast.com\/product\/yoast-seo-wordpress\/ -->\n<title>3\u00e8me Dimanche de P\u00e2ques \u00e0 Ma Campagne - Doyenn\u00e9 Grand Angoul\u00eame<\/title>\n<meta name=\"robots\" content=\"index, follow, max-snippet:-1, max-image-preview:large, max-video-preview:-1\" \/>\n<link rel=\"canonical\" href=\"https:\/\/charente.catholique.fr\/grand-angouleme\/actualites\/3eme-dimanche-de-paques-a-ma-campagne\/\" \/>\n<meta property=\"og:locale\" content=\"fr_FR\" \/>\n<meta property=\"og:type\" content=\"article\" \/>\n<meta property=\"og:title\" content=\"3\u00e8me Dimanche de P\u00e2ques \u00e0 Ma Campagne - Doyenn\u00e9 Grand Angoul\u00eame\" \/>\n<meta property=\"og:description\" content=\"\u00ab Ainsi est-il \u00e9crit que le Christ souffrirait, qu\u2019il ressusciterait d\u2019entre les morts le troisi\u00e8me jour \u00bb (Lc 24, 35-48) Mot accueil De retour d\u2019Emma\u00fcs, le coeur tout br\u00fblant, les deux disciples s\u2019empressent d\u2019aller \u00e0 J\u00e9rusalem afin de partager l\u2019extraordinaire de leur rencontre avec J\u00e9sus ressuscit\u00e9. Nous pouvons imaginer que les \u00e9changes sont anim\u00e9s et [&hellip;]\" \/>\n<meta property=\"og:url\" content=\"https:\/\/charente.catholique.fr\/grand-angouleme\/actualites\/3eme-dimanche-de-paques-a-ma-campagne\/\" \/>\n<meta property=\"og:site_name\" content=\"Doyenn\u00e9 Grand Angoul\u00eame\" \/>\n<meta property=\"article:publisher\" content=\"https:\/\/www.facebook.com\/EgliseCatholiqueCharente\" \/>\n<meta property=\"article:published_time\" content=\"2024-04-18T13:54:31+00:00\" \/>\n<meta property=\"og:image\" content=\"https:\/\/charente.catholique.fr\/grand-angouleme\/wp-content\/uploads\/sites\/2\/2021\/06\/triptyque-1.jpg\" \/>\n\t<meta property=\"og:image:width\" content=\"1500\" \/>\n\t<meta property=\"og:image:height\" content=\"1059\" \/>\n\t<meta property=\"og:image:type\" content=\"image\/jpeg\" \/>\n<meta name=\"author\" content=\"B\u00e9atrice Saint-P\u00e9\" \/>\n<meta name=\"twitter:card\" content=\"summary_large_image\" \/>\n<meta name=\"twitter:creator\" content=\"@diocesecharente\" \/>\n<meta name=\"twitter:site\" content=\"@diocesecharente\" \/>\n<meta name=\"twitter:label1\" content=\"\u00c9crit par\" \/>\n\t<meta name=\"twitter:data1\" content=\"B\u00e9atrice Saint-P\u00e9\" \/>\n\t<meta name=\"twitter:label2\" content=\"Dur\u00e9e de lecture estim\u00e9e\" \/>\n\t<meta name=\"twitter:data2\" content=\"2 minutes\" \/>\n<script type=\"application\/ld+json\" class=\"yoast-schema-graph\">{\"@context\":\"https:\/\/schema.org\",\"@graph\":[{\"@type\":\"Article\",\"@id\":\"https:\/\/charente.catholique.fr\/grand-angouleme\/actualites\/3eme-dimanche-de-paques-a-ma-campagne\/#article\",\"isPartOf\":{\"@id\":\"https:\/\/charente.catholique.fr\/grand-angouleme\/actualites\/3eme-dimanche-de-paques-a-ma-campagne\/\"},\"author\":{\"name\":\"B\u00e9atrice Saint-P\u00e9\",\"@id\":\"https:\/\/charente.catholique.fr\/grand-angouleme\/#\/schema\/person\/b12f449504ff2da4d633df0f02abf9ee\"},\"headline\":\"3\u00e8me Dimanche de P\u00e2ques \u00e0 Ma Campagne\",\"datePublished\":\"2024-04-18T13:54:31+00:00\",\"mainEntityOfPage\":{\"@id\":\"https:\/\/charente.catholique.fr\/grand-angouleme\/actualites\/3eme-dimanche-de-paques-a-ma-campagne\/\"},\"wordCount\":315,\"commentCount\":0,\"publisher\":{\"@id\":\"https:\/\/charente.catholique.fr\/grand-angouleme\/#organization\"},\"image\":{\"@id\":\"https:\/\/charente.catholique.fr\/grand-angouleme\/actualites\/3eme-dimanche-de-paques-a-ma-campagne\/#primaryimage\"},\"thumbnailUrl\":\"https:\/\/charente.catholique.fr\/grand-angouleme\/wp-content\/uploads\/sites\/2\/2021\/06\/triptyque-1.jpg\",\"articleSection\":[\"Actualit\u00e9s\",\"Ma Campagne - Saint Jean Baptiste\"],\"inLanguage\":\"fr-FR\",\"potentialAction\":[{\"@type\":\"CommentAction\",\"name\":\"Comment\",\"target\":[\"https:\/\/charente.catholique.fr\/grand-angouleme\/actualites\/3eme-dimanche-de-paques-a-ma-campagne\/#respond\"]}]},{\"@type\":\"WebPage\",\"@id\":\"https:\/\/charente.catholique.fr\/grand-angouleme\/actualites\/3eme-dimanche-de-paques-a-ma-campagne\/\",\"url\":\"https:\/\/charente.catholique.fr\/grand-angouleme\/actualites\/3eme-dimanche-de-paques-a-ma-campagne\/\",\"name\":\"3\u00e8me Dimanche de P\u00e2ques \u00e0 Ma Campagne - Doyenn\u00e9 Grand Angoul\u00eame\",\"isPartOf\":{\"@id\":\"https:\/\/charente.catholique.fr\/grand-angouleme\/#website\"},\"primaryImageOfPage\":{\"@id\":\"https:\/\/charente.catholique.fr\/grand-angouleme\/actualites\/3eme-dimanche-de-paques-a-ma-campagne\/#primaryimage\"},\"image\":{\"@id\":\"https:\/\/charente.catholique.fr\/grand-angouleme\/actualites\/3eme-dimanche-de-paques-a-ma-campagne\/#primaryimage\"},\"thumbnailUrl\":\"https:\/\/charente.catholique.fr\/grand-angouleme\/wp-content\/uploads\/sites\/2\/2021\/06\/triptyque-1.jpg\",\"datePublished\":\"2024-04-18T13:54:31+00:00\",\"breadcrumb\":{\"@id\":\"https:\/\/charente.catholique.fr\/grand-angouleme\/actualites\/3eme-dimanche-de-paques-a-ma-campagne\/#breadcrumb\"},\"inLanguage\":\"fr-FR\",\"potentialAction\":[{\"@type\":\"ReadAction\",\"target\":[\"https:\/\/charente.catholique.fr\/grand-angouleme\/actualites\/3eme-dimanche-de-paques-a-ma-campagne\/\"]}]},{\"@type\":\"ImageObject\",\"inLanguage\":\"fr-FR\",\"@id\":\"https:\/\/charente.catholique.fr\/grand-angouleme\/actualites\/3eme-dimanche-de-paques-a-ma-campagne\/#primaryimage\",\"url\":\"https:\/\/charente.catholique.fr\/grand-angouleme\/wp-content\/uploads\/sites\/2\/2021\/06\/triptyque-1.jpg\",\"contentUrl\":\"https:\/\/charente.catholique.fr\/grand-angouleme\/wp-content\/uploads\/sites\/2\/2021\/06\/triptyque-1.jpg\",\"width\":1500,\"height\":1059},{\"@type\":\"BreadcrumbList\",\"@id\":\"https:\/\/charente.catholique.fr\/grand-angouleme\/actualites\/3eme-dimanche-de-paques-a-ma-campagne\/#breadcrumb\",\"itemListElement\":[{\"@type\":\"ListItem\",\"position\":1,\"name\":\"Accueil\",\"item\":\"https:\/\/charente.catholique.fr\/grand-angouleme\/\"},{\"@type\":\"ListItem\",\"position\":2,\"name\":\"3\u00e8me Dimanche de P\u00e2ques \u00e0 Ma Campagne\"}]},{\"@type\":\"WebSite\",\"@id\":\"https:\/\/charente.catholique.fr\/grand-angouleme\/#website\",\"url\":\"https:\/\/charente.catholique.fr\/grand-angouleme\/\",\"name\":\"Doyenn\u00e9 Grand Angoul\u00eame - Dioc\u00e8se d'Angoul\u00eame\",\"description\":\"Dioc\u00e8se d&#039;Angoul\u00eame\",\"publisher\":{\"@id\":\"https:\/\/charente.catholique.fr\/grand-angouleme\/#organization\"},\"potentialAction\":[{\"@type\":\"SearchAction\",\"target\":{\"@type\":\"EntryPoint\",\"urlTemplate\":\"https:\/\/charente.catholique.fr\/grand-angouleme\/?s={search_term_string}\"},\"query-input\":{\"@type\":\"PropertyValueSpecification\",\"valueRequired\":true,\"valueName\":\"search_term_string\"}}],\"inLanguage\":\"fr-FR\"},{\"@type\":\"Organization\",\"@id\":\"https:\/\/charente.catholique.fr\/grand-angouleme\/#organization\",\"name\":\"Association Dioc\u00e9saine d'Angoul\u00eame\",\"url\":\"https:\/\/charente.catholique.fr\/grand-angouleme\/\",\"logo\":{\"@type\":\"ImageObject\",\"inLanguage\":\"fr-FR\",\"@id\":\"https:\/\/charente.catholique.fr\/grand-angouleme\/#\/schema\/logo\/image\/\",\"url\":\"https:\/\/charente.catholique.fr\/grand-angouleme\/wp-content\/uploads\/sites\/2\/2020\/10\/logos.png\",\"contentUrl\":\"https:\/\/charente.catholique.fr\/grand-angouleme\/wp-content\/uploads\/sites\/2\/2020\/10\/logos.png\",\"width\":600,\"height\":257,\"caption\":\"Association Dioc\u00e9saine d'Angoul\u00eame\"},\"image\":{\"@id\":\"https:\/\/charente.catholique.fr\/grand-angouleme\/#\/schema\/logo\/image\/\"},\"sameAs\":[\"https:\/\/www.facebook.com\/EgliseCatholiqueCharente\",\"https:\/\/x.com\/diocesecharente\",\"https:\/\/www.instagram.com\/eglisecharente\",\"https:\/\/www.youtube.com\/channel\/UCByyFWApZbw3gDTiADoiAaQ\"]},{\"@type\":\"Person\",\"@id\":\"https:\/\/charente.catholique.fr\/grand-angouleme\/#\/schema\/person\/b12f449504ff2da4d633df0f02abf9ee\",\"name\":\"B\u00e9atrice Saint-P\u00e9\",\"image\":{\"@type\":\"ImageObject\",\"inLanguage\":\"fr-FR\",\"@id\":\"https:\/\/charente.catholique.fr\/grand-angouleme\/#\/schema\/person\/image\/\",\"url\":\"https:\/\/secure.gravatar.com\/avatar\/0493ed83685d630b019670a73a3a663bebc1c98f6ebcb0b57c8fd12fe86c0c3d?s=96&d=mm&r=g\",\"contentUrl\":\"https:\/\/secure.gravatar.com\/avatar\/0493ed83685d630b019670a73a3a663bebc1c98f6ebcb0b57c8fd12fe86c0c3d?s=96&d=mm&r=g\",\"caption\":\"B\u00e9atrice Saint-P\u00e9\"},\"url\":\"https:\/\/charente.catholique.fr\/grand-angouleme\/author\/beatricesaintpe\/\"}]}<\/script>\n<!-- \/ Yoast SEO plugin. -->","yoast_head_json":{"title":"3\u00e8me Dimanche de P\u00e2ques \u00e0 Ma Campagne - Doyenn\u00e9 Grand Angoul\u00eame","robots":{"index":"index","follow":"follow","max-snippet":"max-snippet:-1","max-image-preview":"max-image-preview:large","max-video-preview":"max-video-preview:-1"},"canonical":"https:\/\/charente.catholique.fr\/grand-angouleme\/actualites\/3eme-dimanche-de-paques-a-ma-campagne\/","og_locale":"fr_FR","og_type":"article","og_title":"3\u00e8me Dimanche de P\u00e2ques \u00e0 Ma Campagne - Doyenn\u00e9 Grand Angoul\u00eame","og_description":"\u00ab Ainsi est-il \u00e9crit que le Christ souffrirait, qu\u2019il ressusciterait d\u2019entre les morts le troisi\u00e8me jour \u00bb (Lc 24, 35-48) Mot accueil De retour d\u2019Emma\u00fcs, le coeur tout br\u00fblant, les deux disciples s\u2019empressent d\u2019aller \u00e0 J\u00e9rusalem afin de partager l\u2019extraordinaire de leur rencontre avec J\u00e9sus ressuscit\u00e9. Nous pouvons imaginer que les \u00e9changes sont anim\u00e9s et [&hellip;]","og_url":"https:\/\/charente.catholique.fr\/grand-angouleme\/actualites\/3eme-dimanche-de-paques-a-ma-campagne\/","og_site_name":"Doyenn\u00e9 Grand Angoul\u00eame","article_publisher":"https:\/\/www.facebook.com\/EgliseCatholiqueCharente","article_published_time":"2024-04-18T13:54:31+00:00","og_image":[{"width":1500,"height":1059,"url":"https:\/\/charente.catholique.fr\/grand-angouleme\/wp-content\/uploads\/sites\/2\/2021\/06\/triptyque-1.jpg","type":"image\/jpeg"}],"author":"B\u00e9atrice Saint-P\u00e9","twitter_card":"summary_large_image","twitter_creator":"@diocesecharente","twitter_site":"@diocesecharente","twitter_misc":{"\u00c9crit par":"B\u00e9atrice Saint-P\u00e9","Dur\u00e9e de lecture estim\u00e9e":"2 minutes"},"schema":{"@context":"https:\/\/schema.org","@graph":[{"@type":"Article","@id":"https:\/\/charente.catholique.fr\/grand-angouleme\/actualites\/3eme-dimanche-de-paques-a-ma-campagne\/#article","isPartOf":{"@id":"https:\/\/charente.catholique.fr\/grand-angouleme\/actualites\/3eme-dimanche-de-paques-a-ma-campagne\/"},"author":{"name":"B\u00e9atrice Saint-P\u00e9","@id":"https:\/\/charente.catholique.fr\/grand-angouleme\/#\/schema\/person\/b12f449504ff2da4d633df0f02abf9ee"},"headline":"3\u00e8me Dimanche de P\u00e2ques \u00e0 Ma Campagne","datePublished":"2024-04-18T13:54:31+00:00","mainEntityOfPage":{"@id":"https:\/\/charente.catholique.fr\/grand-angouleme\/actualites\/3eme-dimanche-de-paques-a-ma-campagne\/"},"wordCount":315,"commentCount":0,"publisher":{"@id":"https:\/\/charente.catholique.fr\/grand-angouleme\/#organization"},"image":{"@id":"https:\/\/charente.catholique.fr\/grand-angouleme\/actualites\/3eme-dimanche-de-paques-a-ma-campagne\/#primaryimage"},"thumbnailUrl":"https:\/\/charente.catholique.fr\/grand-angouleme\/wp-content\/uploads\/sites\/2\/2021\/06\/triptyque-1.jpg","articleSection":["Actualit\u00e9s","Ma Campagne - Saint Jean Baptiste"],"inLanguage":"fr-FR","potentialAction":[{"@type":"CommentAction","name":"Comment","target":["https:\/\/charente.catholique.fr\/grand-angouleme\/actualites\/3eme-dimanche-de-paques-a-ma-campagne\/#respond"]}]},{"@type":"WebPage","@id":"https:\/\/charente.catholique.fr\/grand-angouleme\/actualites\/3eme-dimanche-de-paques-a-ma-campagne\/","url":"https:\/\/charente.catholique.fr\/grand-angouleme\/actualites\/3eme-dimanche-de-paques-a-ma-campagne\/","name":"3\u00e8me Dimanche de P\u00e2ques \u00e0 Ma Campagne - Doyenn\u00e9 Grand Angoul\u00eame","isPartOf":{"@id":"https:\/\/charente.catholique.fr\/grand-angouleme\/#website"},"primaryImageOfPage":{"@id":"https:\/\/charente.catholique.fr\/grand-angouleme\/actualites\/3eme-dimanche-de-paques-a-ma-campagne\/#primaryimage"},"image":{"@id":"https:\/\/charente.catholique.fr\/grand-angouleme\/actualites\/3eme-dimanche-de-paques-a-ma-campagne\/#primaryimage"},"thumbnailUrl":"https:\/\/charente.catholique.fr\/grand-angouleme\/wp-content\/uploads\/sites\/2\/2021\/06\/triptyque-1.jpg","datePublished":"2024-04-18T13:54:31+00:00","breadcrumb":{"@id":"https:\/\/charente.catholique.fr\/grand-angouleme\/actualites\/3eme-dimanche-de-paques-a-ma-campagne\/#breadcrumb"},"inLanguage":"fr-FR","potentialAction":[{"@type":"ReadAction","target":["https:\/\/charente.catholique.fr\/grand-angouleme\/actualites\/3eme-dimanche-de-paques-a-ma-campagne\/"]}]},{"@type":"ImageObject","inLanguage":"fr-FR","@id":"https:\/\/charente.catholique.fr\/grand-angouleme\/actualites\/3eme-dimanche-de-paques-a-ma-campagne\/#primaryimage","url":"https:\/\/charente.catholique.fr\/grand-angouleme\/wp-content\/uploads\/sites\/2\/2021\/06\/triptyque-1.jpg","contentUrl":"https:\/\/charente.catholique.fr\/grand-angouleme\/wp-content\/uploads\/sites\/2\/2021\/06\/triptyque-1.jpg","width":1500,"height":1059},{"@type":"BreadcrumbList","@id":"https:\/\/charente.catholique.fr\/grand-angouleme\/actualites\/3eme-dimanche-de-paques-a-ma-campagne\/#breadcrumb","itemListElement":[{"@type":"ListItem","position":1,"name":"Accueil","item":"https:\/\/charente.catholique.fr\/grand-angouleme\/"},{"@type":"ListItem","position":2,"name":"3\u00e8me Dimanche de P\u00e2ques \u00e0 Ma Campagne"}]},{"@type":"WebSite","@id":"https:\/\/charente.catholique.fr\/grand-angouleme\/#website","url":"https:\/\/charente.catholique.fr\/grand-angouleme\/","name":"Doyenn\u00e9 Grand Angoul\u00eame - Dioc\u00e8se d'Angoul\u00eame","description":"Dioc\u00e8se d&#039;Angoul\u00eame","publisher":{"@id":"https:\/\/charente.catholique.fr\/grand-angouleme\/#organization"},"potentialAction":[{"@type":"SearchAction","target":{"@type":"EntryPoint","urlTemplate":"https:\/\/charente.catholique.fr\/grand-angouleme\/?s={search_term_string}"},"query-input":{"@type":"PropertyValueSpecification","valueRequired":true,"valueName":"search_term_string"}}],"inLanguage":"fr-FR"},{"@type":"Organization","@id":"https:\/\/charente.catholique.fr\/grand-angouleme\/#organization","name":"Association Dioc\u00e9saine d'Angoul\u00eame","url":"https:\/\/charente.catholique.fr\/grand-angouleme\/","logo":{"@type":"ImageObject","inLanguage":"fr-FR","@id":"https:\/\/charente.catholique.fr\/grand-angouleme\/#\/schema\/logo\/image\/","url":"https:\/\/charente.catholique.fr\/grand-angouleme\/wp-content\/uploads\/sites\/2\/2020\/10\/logos.png","contentUrl":"https:\/\/charente.catholique.fr\/grand-angouleme\/wp-content\/uploads\/sites\/2\/2020\/10\/logos.png","width":600,"height":257,"caption":"Association Dioc\u00e9saine d'Angoul\u00eame"},"image":{"@id":"https:\/\/charente.catholique.fr\/grand-angouleme\/#\/schema\/logo\/image\/"},"sameAs":["https:\/\/www.facebook.com\/EgliseCatholiqueCharente","https:\/\/x.com\/diocesecharente","https:\/\/www.instagram.com\/eglisecharente","https:\/\/www.youtube.com\/channel\/UCByyFWApZbw3gDTiADoiAaQ"]},{"@type":"Person","@id":"https:\/\/charente.catholique.fr\/grand-angouleme\/#\/schema\/person\/b12f449504ff2da4d633df0f02abf9ee","name":"B\u00e9atrice Saint-P\u00e9","image":{"@type":"ImageObject","inLanguage":"fr-FR","@id":"https:\/\/charente.catholique.fr\/grand-angouleme\/#\/schema\/person\/image\/","url":"https:\/\/secure.gravatar.com\/avatar\/0493ed83685d630b019670a73a3a663bebc1c98f6ebcb0b57c8fd12fe86c0c3d?s=96&d=mm&r=g","contentUrl":"https:\/\/secure.gravatar.com\/avatar\/0493ed83685d630b019670a73a3a663bebc1c98f6ebcb0b57c8fd12fe86c0c3d?s=96&d=mm&r=g","caption":"B\u00e9atrice Saint-P\u00e9"},"url":"https:\/\/charente.catholique.fr\/grand-angouleme\/author\/beatricesaintpe\/"}]}},"_links":{"self":[{"href":"https:\/\/charente.catholique.fr\/grand-angouleme\/wp-json\/wp\/v2\/posts\/23846","targetHints":{"allow":["GET"]}}],"collection":[{"href":"https:\/\/charente.catholique.fr\/grand-angouleme\/wp-json\/wp\/v2\/posts"}],"about":[{"href":"https:\/\/charente.catholique.fr\/grand-angouleme\/wp-json\/wp\/v2\/types\/post"}],"author":[{"embeddable":true,"href":"https:\/\/charente.catholique.fr\/grand-angouleme\/wp-json\/wp\/v2\/users\/5"}],"replies":[{"embeddable":true,"href":"https:\/\/charente.catholique.fr\/grand-angouleme\/wp-json\/wp\/v2\/comments?post=23846"}],"version-history":[{"count":2,"href":"https:\/\/charente.catholique.fr\/grand-angouleme\/wp-json\/wp\/v2\/posts\/23846\/revisions"}],"predecessor-version":[{"id":23850,"href":"https:\/\/charente.catholique.fr\/grand-angouleme\/wp-json\/wp\/v2\/posts\/23846\/revisions\/23850"}],"wp:featuredmedia":[{"embeddable":true,"href":"https:\/\/charente.catholique.fr\/grand-angouleme\/wp-json\/wp\/v2\/media\/5921"}],"wp:attachment":[{"href":"https:\/\/charente.catholique.fr\/grand-angouleme\/wp-json\/wp\/v2\/media?parent=23846"}],"wp:term":[{"taxonomy":"category","embeddable":true,"href":"https:\/\/charente.catholique.fr\/grand-angouleme\/wp-json\/wp\/v2\/categories?post=23846"},{"taxonomy":"post_tag","embeddable":true,"href":"https:\/\/charente.catholique.fr\/grand-angouleme\/wp-json\/wp\/v2\/tags?post=23846"}],"curies":[{"name":"wp","href":"https:\/\/api.w.org\/{rel}","templated":true}]}}