{"id":23625,"date":"2024-03-18T17:14:33","date_gmt":"2024-03-18T16:14:33","guid":{"rendered":"https:\/\/charente.catholique.fr\/grand-angouleme\/?p=23625"},"modified":"2024-03-18T17:15:12","modified_gmt":"2024-03-18T16:15:12","slug":"5eme-dimanche-de-careme-annee-b","status":"publish","type":"post","link":"https:\/\/charente.catholique.fr\/grand-angouleme\/actualites\/5eme-dimanche-de-careme-annee-b\/","title":{"rendered":"5\u00e8me dimanche de Car\u00eame ann\u00e9e B"},"content":{"rendered":"\n<p class=\"has-medium-font-size\">Troisi\u00e8me scrutin : J\u00e9sus et Lazare<br>\u00ab Moi, je suis la r\u00e9surrection et la vie. Celui qui croit en moi, m\u00eame s\u2019il meurt, vivra&#8230; \u00bb<\/p>\n\n\n\n<h4 class=\"wp-block-heading\"><a href=\"https:\/\/www.aelf.org\/2024-03-17\/romain\/messe\">LECTURES<\/a><\/h4>\n\n\n\n<h4 class=\"wp-block-heading\">Evangile (Jn 11, 1-45)<\/h4>\n\n\n\n<p><strong>Introduction<\/strong><\/p>\n\n\n\n<p>01 Il y avait quelqu\u2019un de malade, Lazare, de B\u00e9thanie, le village de Marie et de Marthe, sa s\u0153ur. 02 Or Marie \u00e9tait celle qui r\u00e9pandit du parfum sur le Seigneur et lui essuya les pieds avec ses cheveux. C\u2019\u00e9tait son fr\u00e8re Lazare qui \u00e9tait malade. 03 Donc, les deux s\u0153urs envoy\u00e8rent dire \u00e0 J\u00e9sus : \u00ab Seigneur, celui que tu aimes est malade. \u00bb 04 En apprenant cela, J\u00e9sus dit : \u00ab Cette maladie ne conduit pas \u00e0 la mort, elle est pour la gloire de Dieu, afin que par elle le Fils de Dieu soit glorifi\u00e9. \u00bb 05 J\u00e9sus aimait Marthe et sa s\u0153ur, ainsi que Lazare. 06 Quand il apprit que celui-ci \u00e9tait malade, il demeura deux jours encore \u00e0 l\u2019endroit o\u00f9 il se trouvait.<\/p>\n\n\n\n<p><strong>J\u00e9sus et les disciples<\/strong><\/p>\n\n\n\n<p>07 Puis, apr\u00e8s cela, il dit aux disciples : \u00ab Revenons en Jud\u00e9e. \u00bb 08 Les disciples lui dirent : \u00ab Rabbi, tout r\u00e9cemment, les Juifs, l\u00e0-bas, cherchaient \u00e0 te lapider, et tu y retournes ? \u00bb 09 J\u00e9sus r\u00e9pondit : \u00ab N\u2019y a-t-il pas douze heures dans une journ\u00e9e ? Celui qui marche pendant le jour ne tr\u00e9buche pas, parce qu\u2019il voit la lumi\u00e8re de ce monde ; 10 mais celui qui marche pendant la nuit tr\u00e9buche, parce que la lumi\u00e8re n\u2019est pas en lui. \u00bb 11 Apr\u00e8s ces paroles, il ajouta : \u00ab Lazare, notre ami, s\u2019est endormi ; mais je vais aller le tirer de ce sommeil. \u00bb 12 Les disciples lui dirent alors : \u00ab Seigneur, s\u2019il s\u2019est endormi, il sera sauv\u00e9. \u00bb 13 J\u00e9sus avait parl\u00e9 de la mort ; eux pensaient qu\u2019il parlait du repos du sommeil. 14 Alors il leur dit ouvertement : \u00ab Lazare est mort, 15 et je me r\u00e9jouis de n\u2019avoir pas \u00e9t\u00e9 l\u00e0, \u00e0 cause de vous, pour que vous croyiez. Mais allons aupr\u00e8s de lui ! \u00bb 16 Thomas, appel\u00e9 Didyme (c\u2019est-\u00e0-dire Jumeau), dit aux autres disciples : \u00ab Allons-y, nous aussi, pour mourir avec lui ! \u00bb<\/p>\n\n\n\n<p><strong>J\u00e9sus et Marthe<\/strong><\/p>\n\n\n\n<p>17 \u00c0 son arriv\u00e9e, J\u00e9sus trouva Lazare au tombeau depuis quatre jours d\u00e9j\u00e0. 18 Comme B\u00e9thanie \u00e9tait tout pr\u00e8s de J\u00e9rusalem \u2013 \u00e0 une distance de quinze stades (c\u2019est-\u00e0-dire une demi-heure de marche environ) \u2013, 19 beaucoup de Juifs \u00e9taient venus r\u00e9conforter Marthe et Marie au sujet de leur fr\u00e8re. 20 Lorsque Marthe apprit l\u2019arriv\u00e9e de J\u00e9sus, elle partit \u00e0 sa rencontre, tandis que Marie restait assise \u00e0 la maison. 21 Marthe dit \u00e0 J\u00e9sus : \u00ab Seigneur, si tu avais \u00e9t\u00e9 ici, mon fr\u00e8re ne serait pas mort. 22 Mais maintenant encore, je le sais, tout ce que tu demanderas \u00e0 Dieu, Dieu te l\u2019accordera. \u00bb 23 J\u00e9sus lui dit : \u00ab Ton fr\u00e8re ressuscitera. \u00bb 24 Marthe reprit : \u00ab Je sais qu\u2019il ressuscitera \u00e0 la r\u00e9surrection, au dernier jour. \u00bb25 J\u00e9sus lui dit : \u00ab Moi, je suis la r\u00e9surrection et la vie. Celui qui croit en moi, m\u00eame s\u2019il meurt, vivra ; 26 quiconque vit et croit en moi ne mourra jamais. Crois-tu cela ? \u00bb 27 Elle r\u00e9pondit : \u00ab Oui, Seigneur, je le crois : tu es le Christ, le Fils de Dieu, tu es celui qui vient dans le monde. \u00bb<br><br><strong>J\u00e9sus et Marie<\/strong><\/p>\n\n\n\n<p>28 Ayant dit cela, elle partit appeler sa s\u0153ur Marie, et lui dit tout bas : \u00ab Le Ma\u00eetre est l\u00e0, il t\u2019appelle. \u00bb 29 Marie, d\u00e8s qu\u2019elle l\u2019entendit, se leva rapidement et alla rejoindre J\u00e9sus. 30 Il n\u2019\u00e9tait pas encore entr\u00e9 dans le village, mais il se trouvait toujours \u00e0 l\u2019endroit o\u00f9 Marthe l\u2019avait rencontr\u00e9. 31 Les Juifs qui \u00e9taient \u00e0 la maison avec Marie et la r\u00e9confortaient, la voyant se lever et sortir si vite, la suivirent ; ils pensaient qu\u2019elle allait au tombeau pour y pleurer. 32 Marie arriva \u00e0 l\u2019endroit o\u00f9 se trouvait J\u00e9sus. D\u00e8s qu\u2019elle le vit, elle se jeta \u00e0 ses pieds et lui dit : \u00ab Seigneur, si tu avais \u00e9t\u00e9 ici, mon fr\u00e8re ne serait pas mort. \u00bb 33 Quand il vit qu\u2019elle pleurait, et que les Juifs venus avec elle pleuraient aussi, J\u00e9sus, en son esprit, fut saisi d\u2019\u00e9motion, il fut boulevers\u00e9, 34 et il demanda : \u00ab O\u00f9 l\u2019avez-vous<br>d\u00e9pos\u00e9 ? \u00bb Ils lui r\u00e9pondirent : \u00ab Seigneur, viens, et vois. \u00bb 35 Alors J\u00e9sus se mit \u00e0 pleurer. 36 Les Juifs disaient : \u00ab Voyez comme il l\u2019aimait ! \u00bb 37 Mais certains d\u2019entre eux dirent : \u00ab Lui qui a ouvert les yeux de l\u2019aveugle, ne pouvait-il pas emp\u00eacher Lazare de mourir ? \u00bb <\/p>\n\n\n\n<p><strong>J\u00e9sus devant Lazare<\/strong><\/p>\n\n\n\n<p>38 J\u00e9sus, repris par l\u2019\u00e9motion, arriva au tombeau. C\u2019\u00e9tait une grotte ferm\u00e9e par une pierre. \u03ef\u03f5 J\u00e9sus dit : \u00ab Enlevez la pierre. \u00bb Marthe, la s\u0153ur du d\u00e9funt, lui dit : \u00ab Seigneur, il sent d\u00e9j\u00e0 ; c\u2019est le quatri\u00e8me jour qu\u2019il est l\u00e0. \u00bb 40 Alors J\u00e9sus dit \u00e0 Marthe : \u00ab Ne te l\u2019ai-je pas dit ? Si tu crois, tu verras la gloire de Dieu. \u00bb 41 On enleva donc la pierre. Alors J\u00e9sus leva les yeux au ciel et dit : \u00ab P\u00e8re, je te rends gr\u00e2ce parce que tu m\u2019as exauc\u00e9. 42 Je le savais bien, moi, que tu m\u2019exauces toujours ; mais je le dis \u00e0 cause de la foule qui m\u2019entoure, afin qu\u2019ils croient que c\u2019est toi qui m\u2019as envoy\u00e9. \u00bb 43 Apr\u00e8s cela, il cria d\u2019une voix forte : \u00ab Lazare, viens dehors ! \u00bb 44 Et le mort sortit, les pieds et les mains li\u00e9s par des bandelettes, le visage envelopp\u00e9 d\u2019un suaire. J\u00e9sus leur dit : \u00ab D\u00e9liez-le, et laissez-le aller. \u00bb 45 Beaucoup de Juifs, qui \u00e9taient venus aupr\u00e8s de Marie et avaient donc vu ce que J\u00e9sus avait fait, crurent en lui.<\/p>\n\n\n\n<p><a href=\"https:\/\/www.amiens.catholique.fr\/wp-content\/uploads\/sites\/9\/2020\/03\/LAZARE-Proposition-pour-les-cate%CC%81chume%CC%80nes-appele%CC%81s.pdf\">Proposition pour les cat\u00e9chum\u00e8nes dioc\u00e8se d\u2019Amiens<\/a><\/p>\n\n\n\n<h4 class=\"wp-block-heading\">INTRODUCTION AU PARTAGE D\u2019\u00c9VANGILE<\/h4>\n\n\n\n<p>\u00ab&nbsp;<em>Seigneur, celui que Tu aimes est malade<\/em>&nbsp;\u00bb.<\/p>\n\n\n\n<p>Tu as une dr\u00f4le de r\u00e9action \u00e0 cette nouvelle de ton ami malade, et souffrant&nbsp;!<br>Tu continues \u00e0 \u00eatre \u00e0 tes affaires o\u00f9 plut\u00f4t \u00e0 celles de ton P\u00e8re s&#8217;en trop te pr\u00e9occuper de cette annonce.<br>Parfois, Tu sais Seigneur que nous faisons comme Toi mais pas pour les m\u00eames raisons. Nous avons souvent peur \u00e0 l&#8217;annonce d&#8217;une maladie d&#8217;un proche, car celles-ci entrave la vie et peut aussi la supprimer.<\/p>\n\n\n\n<p>Mais Tu nous dis&nbsp;:<br>\u00ab&nbsp; &#8211;<em>Cette maladie ne conduit pas \u00e0 la mort, elle est pour la gloire de Dieu afin que par elle, le Fils de Dieu soit glorifi\u00e9<\/em>&nbsp;\u00bb.<br>Seigneur, Tu veux que tes disciples et nous m\u00eame sachent, et comprennent que nous sommes contraint en tant qu&#8217;humanit\u00e9, \u00e0 un passage qui nous m\u00e8nera de la mort \u00e0 une renaissance.<br>Lazare, ton ami avait \u00e9t\u00e9 un homme vivant,Tu le pleures et accompagnes Marthe et Marie dans leur deuil, mais en ressuscitant leur fr\u00e8re, Tu nous enseignes que le projet de Dieu pour l&#8217;Homme est la vie qui ne donnera pas d&#8217;emprise \u00e0 la mort.<\/p>\n\n\n\n<p>Quand Tu dis&nbsp;:<br>\u00ab&nbsp;<em>-Lazare sors&nbsp;!&nbsp;<\/em>\u00bb Tu nous invite \u00e0 sortir aussi de nos petites morts quotidiennes, nos contradictions, nos non sens, nos absurdit\u00e9s, nos id\u00e9es toutes faites. Car pour rester vivants dans notre quotidien, il nous faut vivre de Ta Parole pour t&#8217;offrir notre part qui permettra de commencer \u00e0 b\u00e2tir ton royaume ici bas.<\/p>\n","protected":false},"excerpt":{"rendered":"<p>Troisi\u00e8me scrutin : J\u00e9sus et Lazare\u00ab Moi, je suis la r\u00e9surrection et la vie. Celui qui croit en moi, m\u00eame s\u2019il meurt, vivra&#8230; \u00bb LECTURES Evangile (Jn 11, 1-45) Introduction 01 Il y avait quelqu\u2019un de malade, Lazare, de B\u00e9thanie, le village de Marie et de Marthe, sa s\u0153ur. 02 Or Marie \u00e9tait celle qui [&hellip;]<\/p>\n","protected":false},"author":5,"featured_media":23649,"comment_status":"open","ping_status":"open","sticky":false,"template":"","format":"standard","meta":{"_acf_changed":false,"paroisse":["0"],"service":["0"],"footnotes":""},"categories":[1,5],"tags":[],"class_list":["post-23625","post","type-post","status-publish","format-standard","has-post-thumbnail","hentry","category-actualites","category-ma-campagne-saint-jean-baptiste"],"acf":[],"yoast_head":"<!-- This site is optimized with the Yoast SEO plugin v27.1.1 - https:\/\/yoast.com\/product\/yoast-seo-wordpress\/ -->\n<title>5\u00e8me dimanche de Car\u00eame ann\u00e9e B - Doyenn\u00e9 Grand Angoul\u00eame<\/title>\n<meta name=\"robots\" content=\"index, follow, max-snippet:-1, max-image-preview:large, max-video-preview:-1\" \/>\n<link rel=\"canonical\" href=\"https:\/\/charente.catholique.fr\/grand-angouleme\/actualites\/5eme-dimanche-de-careme-annee-b\/\" \/>\n<meta property=\"og:locale\" content=\"fr_FR\" \/>\n<meta property=\"og:type\" content=\"article\" \/>\n<meta property=\"og:title\" content=\"5\u00e8me dimanche de Car\u00eame ann\u00e9e B - Doyenn\u00e9 Grand Angoul\u00eame\" \/>\n<meta property=\"og:description\" content=\"Troisi\u00e8me scrutin : J\u00e9sus et Lazare\u00ab Moi, je suis la r\u00e9surrection et la vie. Celui qui croit en moi, m\u00eame s\u2019il meurt, vivra&#8230; \u00bb LECTURES Evangile (Jn 11, 1-45) Introduction 01 Il y avait quelqu\u2019un de malade, Lazare, de B\u00e9thanie, le village de Marie et de Marthe, sa s\u0153ur. 02 Or Marie \u00e9tait celle qui [&hellip;]\" \/>\n<meta property=\"og:url\" content=\"https:\/\/charente.catholique.fr\/grand-angouleme\/actualites\/5eme-dimanche-de-careme-annee-b\/\" \/>\n<meta property=\"og:site_name\" content=\"Doyenn\u00e9 Grand Angoul\u00eame\" \/>\n<meta property=\"article:publisher\" content=\"https:\/\/www.facebook.com\/EgliseCatholiqueCharente\" \/>\n<meta property=\"article:published_time\" content=\"2024-03-18T16:14:33+00:00\" \/>\n<meta property=\"article:modified_time\" content=\"2024-03-18T16:15:12+00:00\" \/>\n<meta property=\"og:image\" content=\"https:\/\/charente.catholique.fr\/grand-angouleme\/wp-content\/uploads\/sites\/2\/2024\/03\/duccio_di_buoninsegna_-_the_raising_of_lazarus_-_google_art_project.jpg\" \/>\n\t<meta property=\"og:image:width\" content=\"2343\" \/>\n\t<meta property=\"og:image:height\" content=\"2219\" \/>\n\t<meta property=\"og:image:type\" content=\"image\/jpeg\" \/>\n<meta name=\"author\" content=\"B\u00e9atrice Saint-P\u00e9\" \/>\n<meta name=\"twitter:card\" content=\"summary_large_image\" \/>\n<meta name=\"twitter:creator\" content=\"@diocesecharente\" \/>\n<meta name=\"twitter:site\" content=\"@diocesecharente\" \/>\n<meta name=\"twitter:label1\" content=\"\u00c9crit par\" \/>\n\t<meta name=\"twitter:data1\" content=\"B\u00e9atrice Saint-P\u00e9\" \/>\n\t<meta name=\"twitter:label2\" content=\"Dur\u00e9e de lecture estim\u00e9e\" \/>\n\t<meta name=\"twitter:data2\" content=\"6 minutes\" \/>\n<script type=\"application\/ld+json\" class=\"yoast-schema-graph\">{\"@context\":\"https:\/\/schema.org\",\"@graph\":[{\"@type\":\"Article\",\"@id\":\"https:\/\/charente.catholique.fr\/grand-angouleme\/actualites\/5eme-dimanche-de-careme-annee-b\/#article\",\"isPartOf\":{\"@id\":\"https:\/\/charente.catholique.fr\/grand-angouleme\/actualites\/5eme-dimanche-de-careme-annee-b\/\"},\"author\":{\"name\":\"B\u00e9atrice Saint-P\u00e9\",\"@id\":\"https:\/\/charente.catholique.fr\/grand-angouleme\/#\/schema\/person\/b12f449504ff2da4d633df0f02abf9ee\"},\"headline\":\"5\u00e8me dimanche de Car\u00eame ann\u00e9e B\",\"datePublished\":\"2024-03-18T16:14:33+00:00\",\"dateModified\":\"2024-03-18T16:15:12+00:00\",\"mainEntityOfPage\":{\"@id\":\"https:\/\/charente.catholique.fr\/grand-angouleme\/actualites\/5eme-dimanche-de-careme-annee-b\/\"},\"wordCount\":1225,\"commentCount\":0,\"publisher\":{\"@id\":\"https:\/\/charente.catholique.fr\/grand-angouleme\/#organization\"},\"image\":{\"@id\":\"https:\/\/charente.catholique.fr\/grand-angouleme\/actualites\/5eme-dimanche-de-careme-annee-b\/#primaryimage\"},\"thumbnailUrl\":\"https:\/\/charente.catholique.fr\/grand-angouleme\/wp-content\/uploads\/sites\/2\/2024\/03\/duccio_di_buoninsegna_-_the_raising_of_lazarus_-_google_art_project.jpg\",\"articleSection\":[\"Actualit\u00e9s\",\"Ma Campagne - Saint Jean Baptiste\"],\"inLanguage\":\"fr-FR\",\"potentialAction\":[{\"@type\":\"CommentAction\",\"name\":\"Comment\",\"target\":[\"https:\/\/charente.catholique.fr\/grand-angouleme\/actualites\/5eme-dimanche-de-careme-annee-b\/#respond\"]}]},{\"@type\":\"WebPage\",\"@id\":\"https:\/\/charente.catholique.fr\/grand-angouleme\/actualites\/5eme-dimanche-de-careme-annee-b\/\",\"url\":\"https:\/\/charente.catholique.fr\/grand-angouleme\/actualites\/5eme-dimanche-de-careme-annee-b\/\",\"name\":\"5\u00e8me dimanche de Car\u00eame ann\u00e9e B - Doyenn\u00e9 Grand Angoul\u00eame\",\"isPartOf\":{\"@id\":\"https:\/\/charente.catholique.fr\/grand-angouleme\/#website\"},\"primaryImageOfPage\":{\"@id\":\"https:\/\/charente.catholique.fr\/grand-angouleme\/actualites\/5eme-dimanche-de-careme-annee-b\/#primaryimage\"},\"image\":{\"@id\":\"https:\/\/charente.catholique.fr\/grand-angouleme\/actualites\/5eme-dimanche-de-careme-annee-b\/#primaryimage\"},\"thumbnailUrl\":\"https:\/\/charente.catholique.fr\/grand-angouleme\/wp-content\/uploads\/sites\/2\/2024\/03\/duccio_di_buoninsegna_-_the_raising_of_lazarus_-_google_art_project.jpg\",\"datePublished\":\"2024-03-18T16:14:33+00:00\",\"dateModified\":\"2024-03-18T16:15:12+00:00\",\"breadcrumb\":{\"@id\":\"https:\/\/charente.catholique.fr\/grand-angouleme\/actualites\/5eme-dimanche-de-careme-annee-b\/#breadcrumb\"},\"inLanguage\":\"fr-FR\",\"potentialAction\":[{\"@type\":\"ReadAction\",\"target\":[\"https:\/\/charente.catholique.fr\/grand-angouleme\/actualites\/5eme-dimanche-de-careme-annee-b\/\"]}]},{\"@type\":\"ImageObject\",\"inLanguage\":\"fr-FR\",\"@id\":\"https:\/\/charente.catholique.fr\/grand-angouleme\/actualites\/5eme-dimanche-de-careme-annee-b\/#primaryimage\",\"url\":\"https:\/\/charente.catholique.fr\/grand-angouleme\/wp-content\/uploads\/sites\/2\/2024\/03\/duccio_di_buoninsegna_-_the_raising_of_lazarus_-_google_art_project.jpg\",\"contentUrl\":\"https:\/\/charente.catholique.fr\/grand-angouleme\/wp-content\/uploads\/sites\/2\/2024\/03\/duccio_di_buoninsegna_-_the_raising_of_lazarus_-_google_art_project.jpg\",\"width\":2343,\"height\":2219,\"caption\":\"Par Duccio di Buoninsegna \u2014 ywFZlaQNWm-Xcw sur l\u2019Institut culturel Google r\u00e9solution maximale, Domaine public, https:\/\/commons.wikimedia.org\/w\/index.php?curid=23609573\"},{\"@type\":\"BreadcrumbList\",\"@id\":\"https:\/\/charente.catholique.fr\/grand-angouleme\/actualites\/5eme-dimanche-de-careme-annee-b\/#breadcrumb\",\"itemListElement\":[{\"@type\":\"ListItem\",\"position\":1,\"name\":\"Accueil\",\"item\":\"https:\/\/charente.catholique.fr\/grand-angouleme\/\"},{\"@type\":\"ListItem\",\"position\":2,\"name\":\"5\u00e8me dimanche de Car\u00eame ann\u00e9e B\"}]},{\"@type\":\"WebSite\",\"@id\":\"https:\/\/charente.catholique.fr\/grand-angouleme\/#website\",\"url\":\"https:\/\/charente.catholique.fr\/grand-angouleme\/\",\"name\":\"Doyenn\u00e9 Grand Angoul\u00eame - Dioc\u00e8se d'Angoul\u00eame\",\"description\":\"Dioc\u00e8se d&#039;Angoul\u00eame\",\"publisher\":{\"@id\":\"https:\/\/charente.catholique.fr\/grand-angouleme\/#organization\"},\"potentialAction\":[{\"@type\":\"SearchAction\",\"target\":{\"@type\":\"EntryPoint\",\"urlTemplate\":\"https:\/\/charente.catholique.fr\/grand-angouleme\/?s={search_term_string}\"},\"query-input\":{\"@type\":\"PropertyValueSpecification\",\"valueRequired\":true,\"valueName\":\"search_term_string\"}}],\"inLanguage\":\"fr-FR\"},{\"@type\":\"Organization\",\"@id\":\"https:\/\/charente.catholique.fr\/grand-angouleme\/#organization\",\"name\":\"Association Dioc\u00e9saine d'Angoul\u00eame\",\"url\":\"https:\/\/charente.catholique.fr\/grand-angouleme\/\",\"logo\":{\"@type\":\"ImageObject\",\"inLanguage\":\"fr-FR\",\"@id\":\"https:\/\/charente.catholique.fr\/grand-angouleme\/#\/schema\/logo\/image\/\",\"url\":\"https:\/\/charente.catholique.fr\/grand-angouleme\/wp-content\/uploads\/sites\/2\/2020\/10\/logos.png\",\"contentUrl\":\"https:\/\/charente.catholique.fr\/grand-angouleme\/wp-content\/uploads\/sites\/2\/2020\/10\/logos.png\",\"width\":600,\"height\":257,\"caption\":\"Association Dioc\u00e9saine d'Angoul\u00eame\"},\"image\":{\"@id\":\"https:\/\/charente.catholique.fr\/grand-angouleme\/#\/schema\/logo\/image\/\"},\"sameAs\":[\"https:\/\/www.facebook.com\/EgliseCatholiqueCharente\",\"https:\/\/x.com\/diocesecharente\",\"https:\/\/www.instagram.com\/eglisecharente\",\"https:\/\/www.youtube.com\/channel\/UCByyFWApZbw3gDTiADoiAaQ\"]},{\"@type\":\"Person\",\"@id\":\"https:\/\/charente.catholique.fr\/grand-angouleme\/#\/schema\/person\/b12f449504ff2da4d633df0f02abf9ee\",\"name\":\"B\u00e9atrice Saint-P\u00e9\",\"image\":{\"@type\":\"ImageObject\",\"inLanguage\":\"fr-FR\",\"@id\":\"https:\/\/charente.catholique.fr\/grand-angouleme\/#\/schema\/person\/image\/\",\"url\":\"https:\/\/secure.gravatar.com\/avatar\/0493ed83685d630b019670a73a3a663bebc1c98f6ebcb0b57c8fd12fe86c0c3d?s=96&d=mm&r=g\",\"contentUrl\":\"https:\/\/secure.gravatar.com\/avatar\/0493ed83685d630b019670a73a3a663bebc1c98f6ebcb0b57c8fd12fe86c0c3d?s=96&d=mm&r=g\",\"caption\":\"B\u00e9atrice Saint-P\u00e9\"},\"url\":\"https:\/\/charente.catholique.fr\/grand-angouleme\/author\/beatricesaintpe\/\"}]}<\/script>\n<!-- \/ Yoast SEO plugin. -->","yoast_head_json":{"title":"5\u00e8me dimanche de Car\u00eame ann\u00e9e B - Doyenn\u00e9 Grand Angoul\u00eame","robots":{"index":"index","follow":"follow","max-snippet":"max-snippet:-1","max-image-preview":"max-image-preview:large","max-video-preview":"max-video-preview:-1"},"canonical":"https:\/\/charente.catholique.fr\/grand-angouleme\/actualites\/5eme-dimanche-de-careme-annee-b\/","og_locale":"fr_FR","og_type":"article","og_title":"5\u00e8me dimanche de Car\u00eame ann\u00e9e B - Doyenn\u00e9 Grand Angoul\u00eame","og_description":"Troisi\u00e8me scrutin : J\u00e9sus et Lazare\u00ab Moi, je suis la r\u00e9surrection et la vie. Celui qui croit en moi, m\u00eame s\u2019il meurt, vivra&#8230; \u00bb LECTURES Evangile (Jn 11, 1-45) Introduction 01 Il y avait quelqu\u2019un de malade, Lazare, de B\u00e9thanie, le village de Marie et de Marthe, sa s\u0153ur. 02 Or Marie \u00e9tait celle qui [&hellip;]","og_url":"https:\/\/charente.catholique.fr\/grand-angouleme\/actualites\/5eme-dimanche-de-careme-annee-b\/","og_site_name":"Doyenn\u00e9 Grand Angoul\u00eame","article_publisher":"https:\/\/www.facebook.com\/EgliseCatholiqueCharente","article_published_time":"2024-03-18T16:14:33+00:00","article_modified_time":"2024-03-18T16:15:12+00:00","og_image":[{"width":2343,"height":2219,"url":"https:\/\/charente.catholique.fr\/grand-angouleme\/wp-content\/uploads\/sites\/2\/2024\/03\/duccio_di_buoninsegna_-_the_raising_of_lazarus_-_google_art_project.jpg","type":"image\/jpeg"}],"author":"B\u00e9atrice Saint-P\u00e9","twitter_card":"summary_large_image","twitter_creator":"@diocesecharente","twitter_site":"@diocesecharente","twitter_misc":{"\u00c9crit par":"B\u00e9atrice Saint-P\u00e9","Dur\u00e9e de lecture estim\u00e9e":"6 minutes"},"schema":{"@context":"https:\/\/schema.org","@graph":[{"@type":"Article","@id":"https:\/\/charente.catholique.fr\/grand-angouleme\/actualites\/5eme-dimanche-de-careme-annee-b\/#article","isPartOf":{"@id":"https:\/\/charente.catholique.fr\/grand-angouleme\/actualites\/5eme-dimanche-de-careme-annee-b\/"},"author":{"name":"B\u00e9atrice Saint-P\u00e9","@id":"https:\/\/charente.catholique.fr\/grand-angouleme\/#\/schema\/person\/b12f449504ff2da4d633df0f02abf9ee"},"headline":"5\u00e8me dimanche de Car\u00eame ann\u00e9e B","datePublished":"2024-03-18T16:14:33+00:00","dateModified":"2024-03-18T16:15:12+00:00","mainEntityOfPage":{"@id":"https:\/\/charente.catholique.fr\/grand-angouleme\/actualites\/5eme-dimanche-de-careme-annee-b\/"},"wordCount":1225,"commentCount":0,"publisher":{"@id":"https:\/\/charente.catholique.fr\/grand-angouleme\/#organization"},"image":{"@id":"https:\/\/charente.catholique.fr\/grand-angouleme\/actualites\/5eme-dimanche-de-careme-annee-b\/#primaryimage"},"thumbnailUrl":"https:\/\/charente.catholique.fr\/grand-angouleme\/wp-content\/uploads\/sites\/2\/2024\/03\/duccio_di_buoninsegna_-_the_raising_of_lazarus_-_google_art_project.jpg","articleSection":["Actualit\u00e9s","Ma Campagne - Saint Jean Baptiste"],"inLanguage":"fr-FR","potentialAction":[{"@type":"CommentAction","name":"Comment","target":["https:\/\/charente.catholique.fr\/grand-angouleme\/actualites\/5eme-dimanche-de-careme-annee-b\/#respond"]}]},{"@type":"WebPage","@id":"https:\/\/charente.catholique.fr\/grand-angouleme\/actualites\/5eme-dimanche-de-careme-annee-b\/","url":"https:\/\/charente.catholique.fr\/grand-angouleme\/actualites\/5eme-dimanche-de-careme-annee-b\/","name":"5\u00e8me dimanche de Car\u00eame ann\u00e9e B - Doyenn\u00e9 Grand Angoul\u00eame","isPartOf":{"@id":"https:\/\/charente.catholique.fr\/grand-angouleme\/#website"},"primaryImageOfPage":{"@id":"https:\/\/charente.catholique.fr\/grand-angouleme\/actualites\/5eme-dimanche-de-careme-annee-b\/#primaryimage"},"image":{"@id":"https:\/\/charente.catholique.fr\/grand-angouleme\/actualites\/5eme-dimanche-de-careme-annee-b\/#primaryimage"},"thumbnailUrl":"https:\/\/charente.catholique.fr\/grand-angouleme\/wp-content\/uploads\/sites\/2\/2024\/03\/duccio_di_buoninsegna_-_the_raising_of_lazarus_-_google_art_project.jpg","datePublished":"2024-03-18T16:14:33+00:00","dateModified":"2024-03-18T16:15:12+00:00","breadcrumb":{"@id":"https:\/\/charente.catholique.fr\/grand-angouleme\/actualites\/5eme-dimanche-de-careme-annee-b\/#breadcrumb"},"inLanguage":"fr-FR","potentialAction":[{"@type":"ReadAction","target":["https:\/\/charente.catholique.fr\/grand-angouleme\/actualites\/5eme-dimanche-de-careme-annee-b\/"]}]},{"@type":"ImageObject","inLanguage":"fr-FR","@id":"https:\/\/charente.catholique.fr\/grand-angouleme\/actualites\/5eme-dimanche-de-careme-annee-b\/#primaryimage","url":"https:\/\/charente.catholique.fr\/grand-angouleme\/wp-content\/uploads\/sites\/2\/2024\/03\/duccio_di_buoninsegna_-_the_raising_of_lazarus_-_google_art_project.jpg","contentUrl":"https:\/\/charente.catholique.fr\/grand-angouleme\/wp-content\/uploads\/sites\/2\/2024\/03\/duccio_di_buoninsegna_-_the_raising_of_lazarus_-_google_art_project.jpg","width":2343,"height":2219,"caption":"Par Duccio di Buoninsegna \u2014 ywFZlaQNWm-Xcw sur l\u2019Institut culturel Google r\u00e9solution maximale, Domaine public, https:\/\/commons.wikimedia.org\/w\/index.php?curid=23609573"},{"@type":"BreadcrumbList","@id":"https:\/\/charente.catholique.fr\/grand-angouleme\/actualites\/5eme-dimanche-de-careme-annee-b\/#breadcrumb","itemListElement":[{"@type":"ListItem","position":1,"name":"Accueil","item":"https:\/\/charente.catholique.fr\/grand-angouleme\/"},{"@type":"ListItem","position":2,"name":"5\u00e8me dimanche de Car\u00eame ann\u00e9e B"}]},{"@type":"WebSite","@id":"https:\/\/charente.catholique.fr\/grand-angouleme\/#website","url":"https:\/\/charente.catholique.fr\/grand-angouleme\/","name":"Doyenn\u00e9 Grand Angoul\u00eame - Dioc\u00e8se d'Angoul\u00eame","description":"Dioc\u00e8se d&#039;Angoul\u00eame","publisher":{"@id":"https:\/\/charente.catholique.fr\/grand-angouleme\/#organization"},"potentialAction":[{"@type":"SearchAction","target":{"@type":"EntryPoint","urlTemplate":"https:\/\/charente.catholique.fr\/grand-angouleme\/?s={search_term_string}"},"query-input":{"@type":"PropertyValueSpecification","valueRequired":true,"valueName":"search_term_string"}}],"inLanguage":"fr-FR"},{"@type":"Organization","@id":"https:\/\/charente.catholique.fr\/grand-angouleme\/#organization","name":"Association Dioc\u00e9saine d'Angoul\u00eame","url":"https:\/\/charente.catholique.fr\/grand-angouleme\/","logo":{"@type":"ImageObject","inLanguage":"fr-FR","@id":"https:\/\/charente.catholique.fr\/grand-angouleme\/#\/schema\/logo\/image\/","url":"https:\/\/charente.catholique.fr\/grand-angouleme\/wp-content\/uploads\/sites\/2\/2020\/10\/logos.png","contentUrl":"https:\/\/charente.catholique.fr\/grand-angouleme\/wp-content\/uploads\/sites\/2\/2020\/10\/logos.png","width":600,"height":257,"caption":"Association Dioc\u00e9saine d'Angoul\u00eame"},"image":{"@id":"https:\/\/charente.catholique.fr\/grand-angouleme\/#\/schema\/logo\/image\/"},"sameAs":["https:\/\/www.facebook.com\/EgliseCatholiqueCharente","https:\/\/x.com\/diocesecharente","https:\/\/www.instagram.com\/eglisecharente","https:\/\/www.youtube.com\/channel\/UCByyFWApZbw3gDTiADoiAaQ"]},{"@type":"Person","@id":"https:\/\/charente.catholique.fr\/grand-angouleme\/#\/schema\/person\/b12f449504ff2da4d633df0f02abf9ee","name":"B\u00e9atrice Saint-P\u00e9","image":{"@type":"ImageObject","inLanguage":"fr-FR","@id":"https:\/\/charente.catholique.fr\/grand-angouleme\/#\/schema\/person\/image\/","url":"https:\/\/secure.gravatar.com\/avatar\/0493ed83685d630b019670a73a3a663bebc1c98f6ebcb0b57c8fd12fe86c0c3d?s=96&d=mm&r=g","contentUrl":"https:\/\/secure.gravatar.com\/avatar\/0493ed83685d630b019670a73a3a663bebc1c98f6ebcb0b57c8fd12fe86c0c3d?s=96&d=mm&r=g","caption":"B\u00e9atrice Saint-P\u00e9"},"url":"https:\/\/charente.catholique.fr\/grand-angouleme\/author\/beatricesaintpe\/"}]}},"_links":{"self":[{"href":"https:\/\/charente.catholique.fr\/grand-angouleme\/wp-json\/wp\/v2\/posts\/23625","targetHints":{"allow":["GET"]}}],"collection":[{"href":"https:\/\/charente.catholique.fr\/grand-angouleme\/wp-json\/wp\/v2\/posts"}],"about":[{"href":"https:\/\/charente.catholique.fr\/grand-angouleme\/wp-json\/wp\/v2\/types\/post"}],"author":[{"embeddable":true,"href":"https:\/\/charente.catholique.fr\/grand-angouleme\/wp-json\/wp\/v2\/users\/5"}],"replies":[{"embeddable":true,"href":"https:\/\/charente.catholique.fr\/grand-angouleme\/wp-json\/wp\/v2\/comments?post=23625"}],"version-history":[{"count":5,"href":"https:\/\/charente.catholique.fr\/grand-angouleme\/wp-json\/wp\/v2\/posts\/23625\/revisions"}],"predecessor-version":[{"id":23653,"href":"https:\/\/charente.catholique.fr\/grand-angouleme\/wp-json\/wp\/v2\/posts\/23625\/revisions\/23653"}],"wp:featuredmedia":[{"embeddable":true,"href":"https:\/\/charente.catholique.fr\/grand-angouleme\/wp-json\/wp\/v2\/media\/23649"}],"wp:attachment":[{"href":"https:\/\/charente.catholique.fr\/grand-angouleme\/wp-json\/wp\/v2\/media?parent=23625"}],"wp:term":[{"taxonomy":"category","embeddable":true,"href":"https:\/\/charente.catholique.fr\/grand-angouleme\/wp-json\/wp\/v2\/categories?post=23625"},{"taxonomy":"post_tag","embeddable":true,"href":"https:\/\/charente.catholique.fr\/grand-angouleme\/wp-json\/wp\/v2\/tags?post=23625"}],"curies":[{"name":"wp","href":"https:\/\/api.w.org\/{rel}","templated":true}]}}