{"id":23580,"date":"2024-03-12T09:10:31","date_gmt":"2024-03-12T08:10:31","guid":{"rendered":"https:\/\/charente.catholique.fr\/grand-angouleme\/?p=23580"},"modified":"2024-03-18T13:14:06","modified_gmt":"2024-03-18T12:14:06","slug":"4eme-dimanche-de-careme-annee-b","status":"publish","type":"post","link":"https:\/\/charente.catholique.fr\/grand-angouleme\/actualites\/4eme-dimanche-de-careme-annee-b\/","title":{"rendered":"4\u00e8me dimanche de Car\u00eame ann\u00e9e B"},"content":{"rendered":"\n<p class=\"has-medium-font-size\">Deuxi\u00e8me scrutin :  J\u00e9sus et l&#8217;aveugle n\u00e9<br>&#8220;Crois-tu au fils de l&#8217;homme ?&#8221;<\/p>\n\n\n\n<h4 class=\"wp-block-heading\"><a href=\"https:\/\/www.aelf.org\/2024-03-10\/romain\/messe\">LECTURES<\/a><\/h4>\n\n\n\n<h4 class=\"wp-block-heading\">Evangile (Jn 9, 1-41)<\/h4>\n\n\n\n<p><strong>Introduction<\/strong><\/p>\n\n\n\n<p>01 En passant, J\u00e9sus vit un homme aveugle de naissance. 02 Ses disciples l\u2019interrog\u00e8rent : \u00ab Rabbi, qui a p\u00e9ch\u00e9, lui ou ses parents, pour qu\u2019il soit n\u00e9 aveugle ? \u00bb 03 J\u00e9sus r\u00e9pondit : \u00ab Ni lui, ni ses parents n\u2019ont p\u00e9ch\u00e9. Mais c\u2019\u00e9tait pour que les \u0153uvres de Dieu se manifestent en lui. 04 Il nous faut travailler aux \u0153uvres de Celui qui m\u2019a envoy\u00e9, tant qu\u2019il fait jour ; la nuit ne vient o\u00f9 personne ne pourra plus y travailler. 05 Aussi longtemps que je suis dans le monde, je suis la lumi\u00e8re du monde. \u00bb<\/p>\n\n\n\n<p><strong>La gu\u00e9rison<\/strong><\/p>\n\n\n\n<p>06 Cela dit, il cracha \u00e0 terre et, avec la salive, il fit de la boue ; puis il appliqua la boue sur les yeux de l\u2019aveugle, 07 et lui dit : \u00ab Va te laver \u00e0 la piscine de Silo\u00e9 \u00bb \u2013 ce nom se traduit : Envoy\u00e9. L\u2019aveugle y alla donc, et il se lava ; quand il revint, il voyait.<\/p>\n\n\n\n<p><strong>L\u2019aveugle et ses voisins<\/strong><\/p>\n\n\n\n<p>08 Ses voisins, et ceux qui l\u2019avaient observ\u00e9 auparavant \u2013 car il \u00e9tait mendiant \u2013 dirent alors : \u00ab N\u2019est-ce pas celui qui se tenait l\u00e0 pour mendier ? \u00bb 09 Les uns disaient : \u00ab C\u2019est lui. \u00bb Les autres disaient : \u00ab Pas du tout, c\u2019est quelqu\u2019un qui lui ressemble. \u00bb Mais lui disait : \u00ab C\u2019est bien moi. \u00bb 10 Et on lui demandait : \u00ab Alors, comment tes yeux se sont-ils ouverts ? \u00bb 11 Il r\u00e9pondit : \u00ab L\u2019homme qu\u2019on appelle J\u00e9sus a fait de la boue, il me l\u2019a appliqu\u00e9e sur les yeux et il m\u2019a dit : \u201cVa \u00e0 Silo\u00e9 et lave-toi.\u201d J\u2019y suis donc all\u00e9 et je me suis lav\u00e9 ; alors, j\u2019ai vu. \u00bb 12 Ils lui dirent : \u00ab Et lui, o\u00f9 est-il ? \u00bb Il r\u00e9pondit : \u00ab Je ne sais pas. \u00bb<\/p>\n\n\n\n<p><strong>L\u2019aveugle et les pharisiens<\/strong><\/p>\n\n\n\n<p>13 On l\u2019am\u00e8ne aux pharisiens, lui, l\u2019ancien aveugle. 14 Or, c\u2019\u00e9tait un jour de sabbat que J\u00e9sus avait fait de la boue et lui avait ouvert les yeux. 15 \u00c0 leur tour, les pharisiens lui demandaient comment il pouvait voir. Il leur r\u00e9pondit : \u00ab Il m\u2019a mis de la boue sur les yeux, je me suis lav\u00e9, et je vois. \u00bb 16 Parmi les pharisiens, certains disaient : \u00ab Cet homme l\u00e0 n\u2019est pas de Dieu, puisqu\u2019il n\u2019observe pas le repos du sabbat. \u00bb D\u2019autres disaient : \u00abcomment un homme p\u00e9cheur peut-il accomplir des signes pareils ? \u00bb Ainsi donc ils \u00e9taient divis\u00e9s. 17 Alors ils s\u2019adressent de nouveau \u00e0 l\u2019aveugle :<br>\u00ab Et toi, que dis-tu de lui, puisqu\u2019il t\u2019a ouvert les yeux ? \u00bb Il dit : \u00ab C\u2019est un proph\u00e8te. \u00bb<\/p>\n\n\n\n<p><strong>Les pharisiens et les parents<\/strong><\/p>\n\n\n\n<p>18 Or, les Juifs ne voulaient pas croire que cet homme avait \u00e9t\u00e9 aveugle et que maintenant il pouvait voir. C\u2019est pourquoi ils convoqu\u00e8rent ses parents 19 et leur demand\u00e8rent : \u00ab Cet homme est bien votre fils, et vous dites qu\u2019il est n\u00e9 aveugle ? Comment se fait-il qu\u2019\u00e0 pr\u00e9sent il voie ? \u00bb 20 Les parents r\u00e9pondirent : \u00ab Nous savons bien que c\u2019est notre fils, et qu\u2019il est n\u00e9 aveugle. 21 Mais comment peut-il voir maintenant, nous ne le savons pas ; et qui lui a ouvert les yeux, nous ne le savons pas non plus. Interrogez-le, il est assez grand pour s\u2019expliquer. \u00bb 22 Ses parents parlaient ainsi parce qu\u2019ils avaient peur des Juifs. En effet, ceux-ci s\u2019\u00e9taient d\u00e9j\u00e0 mis d\u2019accord pour exclure de leurs assembl\u00e9es tous ceux qui d\u00e9clareraient publiquement que J\u00e9sus est le Christ. 23 Voil\u00e0 pourquoi les parents avaient dit : \u00ab Il est assez grand, interrogez-le ! \u00bb <\/p>\n\n\n\n<p><a href=\"https:\/\/www.amiens.catholique.fr\/wp-content\/uploads\/sites\/9\/2020\/03\/4eme-dimanche-de-Careme-Jesus-rencontre-laveugle-ne.pdf\">Proposition pour les cat\u00e9chum\u00e8nes dioc\u00e8se d&#8217;Amiens<\/a><\/p>\n\n\n\n<h4 class=\"wp-block-heading\">INTRODUCTION AU PARTAGE D\u2019\u00c9VANGILE<\/h4>\n\n\n\n<p>Tu l&#8217;as vu&nbsp;! Il est aveugle de naissance, cet homme ne demande rien, il est disponible. Mais Tu l&#8217;as vu&nbsp;!<\/p>\n\n\n\n<p>Malgr\u00e9 le sabbat Tu oses lui appliquer de la boue sur ses yeux et l&#8217;envoyer \u00e0 la piscine de Silo\u00e9 pour se laver.<\/p>\n\n\n\n<p>Et il se rend disponible, il ne pose aucune question. Il se rend disponible \u00e0 ton geste ainsi qu&#8217;\u00e0 l&#8217;invitation de ton envoie. Et il voit&nbsp;! Alors il est interrog\u00e9, car le doute s&#8217;installe chez ceux qui le connaissent. L&#8217;aveugle affirme que c&#8217;est bien lui et explique ce que Tu as fait et ce qu&#8217;il c&#8217;est produit.<\/p>\n\n\n\n<p>Par peur, ses parents disent qu&#8217;il est leur fils mais n&#8217;osent pas se prononcer comme nous parfois .<\/p>\n\n\n\n<p>Au second questionnement, l&#8217;aveugle qui voit, s&#8217;affirme comme un homme \u00e9gal des autres hommes. Tu lui a redonn\u00e9 confiance avec la boue, Tu l&#8217;as recr\u00e9\u00e9 comme \u00e0 la cr\u00e9ation et pour lui ce f\u00fbt bon.<\/p>\n\n\n\n<p>Quand Tu dis \u00e0 l&#8217;aveugle&nbsp;: \u00ab&nbsp;<em>Crois-tu au Fils de l&#8217;homme&nbsp;?<\/em>&nbsp;\u00bb Tu nous le demande aussi \u00e0 nous qui pensons tout voir et tout savoir .<\/p>\n\n\n\n<p>Oui, Seigneur, nous croyons en Toi, mais il nous faut d\u00e9velopper notre toucher, notre ou\u00efe, notre regard, car Toi, Tu l&#8217;as vu&nbsp;! Notre disponibilit\u00e9 pour Te chercher, t&#8217;\u00e9couter, comprendre et vivre Ta Parole .<\/p>\n\n\n\n<blockquote class=\"wp-block-quote is-layout-flow wp-block-quote-is-layout-flow\">\n<p class=\"has-text-align-center\"> \u00ab&nbsp;Tu nous m\u00e8nes vers les eaux tranquilles<\/p>\n\n\n\n<p class=\"has-text-align-center\">Tu nous fait revivre<\/p>\n\n\n\n<p class=\"has-text-align-center\">car Tu es avec nous<\/p>\n\n\n\n<p class=\"has-text-align-center\">Tu nous guides et nous rassures.&nbsp;\u00bb<\/p>\n<\/blockquote>\n","protected":false},"excerpt":{"rendered":"<p>Deuxi\u00e8me scrutin : J\u00e9sus et l&#8217;aveugle n\u00e9&#8220;Crois-tu au fils de l&#8217;homme ?&#8221; LECTURES Evangile (Jn 9, 1-41) Introduction 01 En passant, J\u00e9sus vit un homme aveugle de naissance. 02 Ses disciples l\u2019interrog\u00e8rent : \u00ab Rabbi, qui a p\u00e9ch\u00e9, lui ou ses parents, pour qu\u2019il soit n\u00e9 aveugle ? \u00bb 03 J\u00e9sus r\u00e9pondit : \u00ab Ni [&hellip;]<\/p>\n","protected":false},"author":5,"featured_media":23302,"comment_status":"open","ping_status":"open","sticky":false,"template":"","format":"standard","meta":{"_acf_changed":false,"paroisse":["0"],"service":["0"],"footnotes":""},"categories":[1,5],"tags":[],"class_list":["post-23580","post","type-post","status-publish","format-standard","has-post-thumbnail","hentry","category-actualites","category-ma-campagne-saint-jean-baptiste"],"acf":[],"yoast_head":"<!-- This site is optimized with the Yoast SEO plugin v27.1.1 - https:\/\/yoast.com\/product\/yoast-seo-wordpress\/ -->\n<title>4\u00e8me dimanche de Car\u00eame ann\u00e9e B - Doyenn\u00e9 Grand Angoul\u00eame<\/title>\n<meta name=\"robots\" content=\"index, follow, max-snippet:-1, max-image-preview:large, max-video-preview:-1\" \/>\n<link rel=\"canonical\" href=\"https:\/\/charente.catholique.fr\/grand-angouleme\/actualites\/4eme-dimanche-de-careme-annee-b\/\" \/>\n<meta property=\"og:locale\" content=\"fr_FR\" \/>\n<meta property=\"og:type\" content=\"article\" \/>\n<meta property=\"og:title\" content=\"4\u00e8me dimanche de Car\u00eame ann\u00e9e B - Doyenn\u00e9 Grand Angoul\u00eame\" \/>\n<meta property=\"og:description\" content=\"Deuxi\u00e8me scrutin : J\u00e9sus et l&#8217;aveugle n\u00e9&#8220;Crois-tu au fils de l&#8217;homme ?&#8221; LECTURES Evangile (Jn 9, 1-41) Introduction 01 En passant, J\u00e9sus vit un homme aveugle de naissance. 02 Ses disciples l\u2019interrog\u00e8rent : \u00ab Rabbi, qui a p\u00e9ch\u00e9, lui ou ses parents, pour qu\u2019il soit n\u00e9 aveugle ? \u00bb 03 J\u00e9sus r\u00e9pondit : \u00ab Ni [&hellip;]\" \/>\n<meta property=\"og:url\" content=\"https:\/\/charente.catholique.fr\/grand-angouleme\/actualites\/4eme-dimanche-de-careme-annee-b\/\" \/>\n<meta property=\"og:site_name\" content=\"Doyenn\u00e9 Grand Angoul\u00eame\" \/>\n<meta property=\"article:publisher\" content=\"https:\/\/www.facebook.com\/EgliseCatholiqueCharente\" \/>\n<meta property=\"article:published_time\" content=\"2024-03-12T08:10:31+00:00\" \/>\n<meta property=\"article:modified_time\" content=\"2024-03-18T12:14:06+00:00\" \/>\n<meta property=\"og:image\" content=\"https:\/\/charente.catholique.fr\/grand-angouleme\/wp-content\/uploads\/sites\/2\/2024\/02\/1613120638.jpg\" \/>\n\t<meta property=\"og:image:width\" content=\"890\" \/>\n\t<meta property=\"og:image:height\" content=\"499\" \/>\n\t<meta property=\"og:image:type\" content=\"image\/jpeg\" \/>\n<meta name=\"author\" content=\"B\u00e9atrice Saint-P\u00e9\" \/>\n<meta name=\"twitter:card\" content=\"summary_large_image\" \/>\n<meta name=\"twitter:creator\" content=\"@diocesecharente\" \/>\n<meta name=\"twitter:site\" content=\"@diocesecharente\" \/>\n<meta name=\"twitter:label1\" content=\"\u00c9crit par\" \/>\n\t<meta name=\"twitter:data1\" content=\"B\u00e9atrice Saint-P\u00e9\" \/>\n\t<meta name=\"twitter:label2\" content=\"Dur\u00e9e de lecture estim\u00e9e\" \/>\n\t<meta name=\"twitter:data2\" content=\"5 minutes\" \/>\n<script type=\"application\/ld+json\" class=\"yoast-schema-graph\">{\"@context\":\"https:\/\/schema.org\",\"@graph\":[{\"@type\":\"Article\",\"@id\":\"https:\/\/charente.catholique.fr\/grand-angouleme\/actualites\/4eme-dimanche-de-careme-annee-b\/#article\",\"isPartOf\":{\"@id\":\"https:\/\/charente.catholique.fr\/grand-angouleme\/actualites\/4eme-dimanche-de-careme-annee-b\/\"},\"author\":{\"name\":\"B\u00e9atrice Saint-P\u00e9\",\"@id\":\"https:\/\/charente.catholique.fr\/grand-angouleme\/#\/schema\/person\/b12f449504ff2da4d633df0f02abf9ee\"},\"headline\":\"4\u00e8me dimanche de Car\u00eame ann\u00e9e B\",\"datePublished\":\"2024-03-12T08:10:31+00:00\",\"dateModified\":\"2024-03-18T12:14:06+00:00\",\"mainEntityOfPage\":{\"@id\":\"https:\/\/charente.catholique.fr\/grand-angouleme\/actualites\/4eme-dimanche-de-careme-annee-b\/\"},\"wordCount\":880,\"commentCount\":0,\"publisher\":{\"@id\":\"https:\/\/charente.catholique.fr\/grand-angouleme\/#organization\"},\"image\":{\"@id\":\"https:\/\/charente.catholique.fr\/grand-angouleme\/actualites\/4eme-dimanche-de-careme-annee-b\/#primaryimage\"},\"thumbnailUrl\":\"https:\/\/charente.catholique.fr\/grand-angouleme\/wp-content\/uploads\/sites\/2\/2024\/02\/1613120638.jpg\",\"articleSection\":[\"Actualit\u00e9s\",\"Ma Campagne - Saint Jean Baptiste\"],\"inLanguage\":\"fr-FR\",\"potentialAction\":[{\"@type\":\"CommentAction\",\"name\":\"Comment\",\"target\":[\"https:\/\/charente.catholique.fr\/grand-angouleme\/actualites\/4eme-dimanche-de-careme-annee-b\/#respond\"]}]},{\"@type\":\"WebPage\",\"@id\":\"https:\/\/charente.catholique.fr\/grand-angouleme\/actualites\/4eme-dimanche-de-careme-annee-b\/\",\"url\":\"https:\/\/charente.catholique.fr\/grand-angouleme\/actualites\/4eme-dimanche-de-careme-annee-b\/\",\"name\":\"4\u00e8me dimanche de Car\u00eame ann\u00e9e B - Doyenn\u00e9 Grand Angoul\u00eame\",\"isPartOf\":{\"@id\":\"https:\/\/charente.catholique.fr\/grand-angouleme\/#website\"},\"primaryImageOfPage\":{\"@id\":\"https:\/\/charente.catholique.fr\/grand-angouleme\/actualites\/4eme-dimanche-de-careme-annee-b\/#primaryimage\"},\"image\":{\"@id\":\"https:\/\/charente.catholique.fr\/grand-angouleme\/actualites\/4eme-dimanche-de-careme-annee-b\/#primaryimage\"},\"thumbnailUrl\":\"https:\/\/charente.catholique.fr\/grand-angouleme\/wp-content\/uploads\/sites\/2\/2024\/02\/1613120638.jpg\",\"datePublished\":\"2024-03-12T08:10:31+00:00\",\"dateModified\":\"2024-03-18T12:14:06+00:00\",\"breadcrumb\":{\"@id\":\"https:\/\/charente.catholique.fr\/grand-angouleme\/actualites\/4eme-dimanche-de-careme-annee-b\/#breadcrumb\"},\"inLanguage\":\"fr-FR\",\"potentialAction\":[{\"@type\":\"ReadAction\",\"target\":[\"https:\/\/charente.catholique.fr\/grand-angouleme\/actualites\/4eme-dimanche-de-careme-annee-b\/\"]}]},{\"@type\":\"ImageObject\",\"inLanguage\":\"fr-FR\",\"@id\":\"https:\/\/charente.catholique.fr\/grand-angouleme\/actualites\/4eme-dimanche-de-careme-annee-b\/#primaryimage\",\"url\":\"https:\/\/charente.catholique.fr\/grand-angouleme\/wp-content\/uploads\/sites\/2\/2024\/02\/1613120638.jpg\",\"contentUrl\":\"https:\/\/charente.catholique.fr\/grand-angouleme\/wp-content\/uploads\/sites\/2\/2024\/02\/1613120638.jpg\",\"width\":890,\"height\":499},{\"@type\":\"BreadcrumbList\",\"@id\":\"https:\/\/charente.catholique.fr\/grand-angouleme\/actualites\/4eme-dimanche-de-careme-annee-b\/#breadcrumb\",\"itemListElement\":[{\"@type\":\"ListItem\",\"position\":1,\"name\":\"Accueil\",\"item\":\"https:\/\/charente.catholique.fr\/grand-angouleme\/\"},{\"@type\":\"ListItem\",\"position\":2,\"name\":\"4\u00e8me dimanche de Car\u00eame ann\u00e9e B\"}]},{\"@type\":\"WebSite\",\"@id\":\"https:\/\/charente.catholique.fr\/grand-angouleme\/#website\",\"url\":\"https:\/\/charente.catholique.fr\/grand-angouleme\/\",\"name\":\"Doyenn\u00e9 Grand Angoul\u00eame - Dioc\u00e8se d'Angoul\u00eame\",\"description\":\"Dioc\u00e8se d&#039;Angoul\u00eame\",\"publisher\":{\"@id\":\"https:\/\/charente.catholique.fr\/grand-angouleme\/#organization\"},\"potentialAction\":[{\"@type\":\"SearchAction\",\"target\":{\"@type\":\"EntryPoint\",\"urlTemplate\":\"https:\/\/charente.catholique.fr\/grand-angouleme\/?s={search_term_string}\"},\"query-input\":{\"@type\":\"PropertyValueSpecification\",\"valueRequired\":true,\"valueName\":\"search_term_string\"}}],\"inLanguage\":\"fr-FR\"},{\"@type\":\"Organization\",\"@id\":\"https:\/\/charente.catholique.fr\/grand-angouleme\/#organization\",\"name\":\"Association Dioc\u00e9saine d'Angoul\u00eame\",\"url\":\"https:\/\/charente.catholique.fr\/grand-angouleme\/\",\"logo\":{\"@type\":\"ImageObject\",\"inLanguage\":\"fr-FR\",\"@id\":\"https:\/\/charente.catholique.fr\/grand-angouleme\/#\/schema\/logo\/image\/\",\"url\":\"https:\/\/charente.catholique.fr\/grand-angouleme\/wp-content\/uploads\/sites\/2\/2020\/10\/logos.png\",\"contentUrl\":\"https:\/\/charente.catholique.fr\/grand-angouleme\/wp-content\/uploads\/sites\/2\/2020\/10\/logos.png\",\"width\":600,\"height\":257,\"caption\":\"Association Dioc\u00e9saine d'Angoul\u00eame\"},\"image\":{\"@id\":\"https:\/\/charente.catholique.fr\/grand-angouleme\/#\/schema\/logo\/image\/\"},\"sameAs\":[\"https:\/\/www.facebook.com\/EgliseCatholiqueCharente\",\"https:\/\/x.com\/diocesecharente\",\"https:\/\/www.instagram.com\/eglisecharente\",\"https:\/\/www.youtube.com\/channel\/UCByyFWApZbw3gDTiADoiAaQ\"]},{\"@type\":\"Person\",\"@id\":\"https:\/\/charente.catholique.fr\/grand-angouleme\/#\/schema\/person\/b12f449504ff2da4d633df0f02abf9ee\",\"name\":\"B\u00e9atrice Saint-P\u00e9\",\"image\":{\"@type\":\"ImageObject\",\"inLanguage\":\"fr-FR\",\"@id\":\"https:\/\/charente.catholique.fr\/grand-angouleme\/#\/schema\/person\/image\/\",\"url\":\"https:\/\/secure.gravatar.com\/avatar\/0493ed83685d630b019670a73a3a663bebc1c98f6ebcb0b57c8fd12fe86c0c3d?s=96&d=mm&r=g\",\"contentUrl\":\"https:\/\/secure.gravatar.com\/avatar\/0493ed83685d630b019670a73a3a663bebc1c98f6ebcb0b57c8fd12fe86c0c3d?s=96&d=mm&r=g\",\"caption\":\"B\u00e9atrice Saint-P\u00e9\"},\"url\":\"https:\/\/charente.catholique.fr\/grand-angouleme\/author\/beatricesaintpe\/\"}]}<\/script>\n<!-- \/ Yoast SEO plugin. -->","yoast_head_json":{"title":"4\u00e8me dimanche de Car\u00eame ann\u00e9e B - Doyenn\u00e9 Grand Angoul\u00eame","robots":{"index":"index","follow":"follow","max-snippet":"max-snippet:-1","max-image-preview":"max-image-preview:large","max-video-preview":"max-video-preview:-1"},"canonical":"https:\/\/charente.catholique.fr\/grand-angouleme\/actualites\/4eme-dimanche-de-careme-annee-b\/","og_locale":"fr_FR","og_type":"article","og_title":"4\u00e8me dimanche de Car\u00eame ann\u00e9e B - Doyenn\u00e9 Grand Angoul\u00eame","og_description":"Deuxi\u00e8me scrutin : J\u00e9sus et l&#8217;aveugle n\u00e9&#8220;Crois-tu au fils de l&#8217;homme ?&#8221; LECTURES Evangile (Jn 9, 1-41) Introduction 01 En passant, J\u00e9sus vit un homme aveugle de naissance. 02 Ses disciples l\u2019interrog\u00e8rent : \u00ab Rabbi, qui a p\u00e9ch\u00e9, lui ou ses parents, pour qu\u2019il soit n\u00e9 aveugle ? \u00bb 03 J\u00e9sus r\u00e9pondit : \u00ab Ni [&hellip;]","og_url":"https:\/\/charente.catholique.fr\/grand-angouleme\/actualites\/4eme-dimanche-de-careme-annee-b\/","og_site_name":"Doyenn\u00e9 Grand Angoul\u00eame","article_publisher":"https:\/\/www.facebook.com\/EgliseCatholiqueCharente","article_published_time":"2024-03-12T08:10:31+00:00","article_modified_time":"2024-03-18T12:14:06+00:00","og_image":[{"width":890,"height":499,"url":"https:\/\/charente.catholique.fr\/grand-angouleme\/wp-content\/uploads\/sites\/2\/2024\/02\/1613120638.jpg","type":"image\/jpeg"}],"author":"B\u00e9atrice Saint-P\u00e9","twitter_card":"summary_large_image","twitter_creator":"@diocesecharente","twitter_site":"@diocesecharente","twitter_misc":{"\u00c9crit par":"B\u00e9atrice Saint-P\u00e9","Dur\u00e9e de lecture estim\u00e9e":"5 minutes"},"schema":{"@context":"https:\/\/schema.org","@graph":[{"@type":"Article","@id":"https:\/\/charente.catholique.fr\/grand-angouleme\/actualites\/4eme-dimanche-de-careme-annee-b\/#article","isPartOf":{"@id":"https:\/\/charente.catholique.fr\/grand-angouleme\/actualites\/4eme-dimanche-de-careme-annee-b\/"},"author":{"name":"B\u00e9atrice Saint-P\u00e9","@id":"https:\/\/charente.catholique.fr\/grand-angouleme\/#\/schema\/person\/b12f449504ff2da4d633df0f02abf9ee"},"headline":"4\u00e8me dimanche de Car\u00eame ann\u00e9e B","datePublished":"2024-03-12T08:10:31+00:00","dateModified":"2024-03-18T12:14:06+00:00","mainEntityOfPage":{"@id":"https:\/\/charente.catholique.fr\/grand-angouleme\/actualites\/4eme-dimanche-de-careme-annee-b\/"},"wordCount":880,"commentCount":0,"publisher":{"@id":"https:\/\/charente.catholique.fr\/grand-angouleme\/#organization"},"image":{"@id":"https:\/\/charente.catholique.fr\/grand-angouleme\/actualites\/4eme-dimanche-de-careme-annee-b\/#primaryimage"},"thumbnailUrl":"https:\/\/charente.catholique.fr\/grand-angouleme\/wp-content\/uploads\/sites\/2\/2024\/02\/1613120638.jpg","articleSection":["Actualit\u00e9s","Ma Campagne - Saint Jean Baptiste"],"inLanguage":"fr-FR","potentialAction":[{"@type":"CommentAction","name":"Comment","target":["https:\/\/charente.catholique.fr\/grand-angouleme\/actualites\/4eme-dimanche-de-careme-annee-b\/#respond"]}]},{"@type":"WebPage","@id":"https:\/\/charente.catholique.fr\/grand-angouleme\/actualites\/4eme-dimanche-de-careme-annee-b\/","url":"https:\/\/charente.catholique.fr\/grand-angouleme\/actualites\/4eme-dimanche-de-careme-annee-b\/","name":"4\u00e8me dimanche de Car\u00eame ann\u00e9e B - Doyenn\u00e9 Grand Angoul\u00eame","isPartOf":{"@id":"https:\/\/charente.catholique.fr\/grand-angouleme\/#website"},"primaryImageOfPage":{"@id":"https:\/\/charente.catholique.fr\/grand-angouleme\/actualites\/4eme-dimanche-de-careme-annee-b\/#primaryimage"},"image":{"@id":"https:\/\/charente.catholique.fr\/grand-angouleme\/actualites\/4eme-dimanche-de-careme-annee-b\/#primaryimage"},"thumbnailUrl":"https:\/\/charente.catholique.fr\/grand-angouleme\/wp-content\/uploads\/sites\/2\/2024\/02\/1613120638.jpg","datePublished":"2024-03-12T08:10:31+00:00","dateModified":"2024-03-18T12:14:06+00:00","breadcrumb":{"@id":"https:\/\/charente.catholique.fr\/grand-angouleme\/actualites\/4eme-dimanche-de-careme-annee-b\/#breadcrumb"},"inLanguage":"fr-FR","potentialAction":[{"@type":"ReadAction","target":["https:\/\/charente.catholique.fr\/grand-angouleme\/actualites\/4eme-dimanche-de-careme-annee-b\/"]}]},{"@type":"ImageObject","inLanguage":"fr-FR","@id":"https:\/\/charente.catholique.fr\/grand-angouleme\/actualites\/4eme-dimanche-de-careme-annee-b\/#primaryimage","url":"https:\/\/charente.catholique.fr\/grand-angouleme\/wp-content\/uploads\/sites\/2\/2024\/02\/1613120638.jpg","contentUrl":"https:\/\/charente.catholique.fr\/grand-angouleme\/wp-content\/uploads\/sites\/2\/2024\/02\/1613120638.jpg","width":890,"height":499},{"@type":"BreadcrumbList","@id":"https:\/\/charente.catholique.fr\/grand-angouleme\/actualites\/4eme-dimanche-de-careme-annee-b\/#breadcrumb","itemListElement":[{"@type":"ListItem","position":1,"name":"Accueil","item":"https:\/\/charente.catholique.fr\/grand-angouleme\/"},{"@type":"ListItem","position":2,"name":"4\u00e8me dimanche de Car\u00eame ann\u00e9e B"}]},{"@type":"WebSite","@id":"https:\/\/charente.catholique.fr\/grand-angouleme\/#website","url":"https:\/\/charente.catholique.fr\/grand-angouleme\/","name":"Doyenn\u00e9 Grand Angoul\u00eame - Dioc\u00e8se d'Angoul\u00eame","description":"Dioc\u00e8se d&#039;Angoul\u00eame","publisher":{"@id":"https:\/\/charente.catholique.fr\/grand-angouleme\/#organization"},"potentialAction":[{"@type":"SearchAction","target":{"@type":"EntryPoint","urlTemplate":"https:\/\/charente.catholique.fr\/grand-angouleme\/?s={search_term_string}"},"query-input":{"@type":"PropertyValueSpecification","valueRequired":true,"valueName":"search_term_string"}}],"inLanguage":"fr-FR"},{"@type":"Organization","@id":"https:\/\/charente.catholique.fr\/grand-angouleme\/#organization","name":"Association Dioc\u00e9saine d'Angoul\u00eame","url":"https:\/\/charente.catholique.fr\/grand-angouleme\/","logo":{"@type":"ImageObject","inLanguage":"fr-FR","@id":"https:\/\/charente.catholique.fr\/grand-angouleme\/#\/schema\/logo\/image\/","url":"https:\/\/charente.catholique.fr\/grand-angouleme\/wp-content\/uploads\/sites\/2\/2020\/10\/logos.png","contentUrl":"https:\/\/charente.catholique.fr\/grand-angouleme\/wp-content\/uploads\/sites\/2\/2020\/10\/logos.png","width":600,"height":257,"caption":"Association Dioc\u00e9saine d'Angoul\u00eame"},"image":{"@id":"https:\/\/charente.catholique.fr\/grand-angouleme\/#\/schema\/logo\/image\/"},"sameAs":["https:\/\/www.facebook.com\/EgliseCatholiqueCharente","https:\/\/x.com\/diocesecharente","https:\/\/www.instagram.com\/eglisecharente","https:\/\/www.youtube.com\/channel\/UCByyFWApZbw3gDTiADoiAaQ"]},{"@type":"Person","@id":"https:\/\/charente.catholique.fr\/grand-angouleme\/#\/schema\/person\/b12f449504ff2da4d633df0f02abf9ee","name":"B\u00e9atrice Saint-P\u00e9","image":{"@type":"ImageObject","inLanguage":"fr-FR","@id":"https:\/\/charente.catholique.fr\/grand-angouleme\/#\/schema\/person\/image\/","url":"https:\/\/secure.gravatar.com\/avatar\/0493ed83685d630b019670a73a3a663bebc1c98f6ebcb0b57c8fd12fe86c0c3d?s=96&d=mm&r=g","contentUrl":"https:\/\/secure.gravatar.com\/avatar\/0493ed83685d630b019670a73a3a663bebc1c98f6ebcb0b57c8fd12fe86c0c3d?s=96&d=mm&r=g","caption":"B\u00e9atrice Saint-P\u00e9"},"url":"https:\/\/charente.catholique.fr\/grand-angouleme\/author\/beatricesaintpe\/"}]}},"_links":{"self":[{"href":"https:\/\/charente.catholique.fr\/grand-angouleme\/wp-json\/wp\/v2\/posts\/23580","targetHints":{"allow":["GET"]}}],"collection":[{"href":"https:\/\/charente.catholique.fr\/grand-angouleme\/wp-json\/wp\/v2\/posts"}],"about":[{"href":"https:\/\/charente.catholique.fr\/grand-angouleme\/wp-json\/wp\/v2\/types\/post"}],"author":[{"embeddable":true,"href":"https:\/\/charente.catholique.fr\/grand-angouleme\/wp-json\/wp\/v2\/users\/5"}],"replies":[{"embeddable":true,"href":"https:\/\/charente.catholique.fr\/grand-angouleme\/wp-json\/wp\/v2\/comments?post=23580"}],"version-history":[{"count":3,"href":"https:\/\/charente.catholique.fr\/grand-angouleme\/wp-json\/wp\/v2\/posts\/23580\/revisions"}],"predecessor-version":[{"id":23629,"href":"https:\/\/charente.catholique.fr\/grand-angouleme\/wp-json\/wp\/v2\/posts\/23580\/revisions\/23629"}],"wp:featuredmedia":[{"embeddable":true,"href":"https:\/\/charente.catholique.fr\/grand-angouleme\/wp-json\/wp\/v2\/media\/23302"}],"wp:attachment":[{"href":"https:\/\/charente.catholique.fr\/grand-angouleme\/wp-json\/wp\/v2\/media?parent=23580"}],"wp:term":[{"taxonomy":"category","embeddable":true,"href":"https:\/\/charente.catholique.fr\/grand-angouleme\/wp-json\/wp\/v2\/categories?post=23580"},{"taxonomy":"post_tag","embeddable":true,"href":"https:\/\/charente.catholique.fr\/grand-angouleme\/wp-json\/wp\/v2\/tags?post=23580"}],"curies":[{"name":"wp","href":"https:\/\/api.w.org\/{rel}","templated":true}]}}