{"id":23226,"date":"2024-02-04T11:51:53","date_gmt":"2024-02-04T10:51:53","guid":{"rendered":"https:\/\/charente.catholique.fr\/grand-angouleme\/?p=23226"},"modified":"2024-03-14T14:02:04","modified_gmt":"2024-03-14T13:02:04","slug":"homelie-de-jacques-bonnet-diacre-permanent-pour-le-5eme-dimanche-du-to-b","status":"publish","type":"post","link":"https:\/\/charente.catholique.fr\/grand-angouleme\/actualites\/homelie-de-jacques-bonnet-diacre-permanent-pour-le-5eme-dimanche-du-to-b\/","title":{"rendered":"Hom\u00e9lie de Jacques Bonnet, diacre permanent, pour le 5\u00e8me dimanche ann\u00e9e B"},"content":{"rendered":"\n<h4 class=\"wp-block-heading\">Accueil<\/h4>\n\n\n\n<p>&nbsp;      Job est comme nous souvent&nbsp;; il d\u00e9plore que l&#8217;homme sur la terre ne puisse pas mener une vie plus facile. Comme nous, il d\u00e9pose sa d\u00e9prime devant le Seigneur.<br>       Mais Paul un accro de l&#8217;\u00e9vangile, nous invite \u00e0 \u00eatre heureux de cette mission de baptis\u00e9s qui nous a \u00e9t\u00e9 confi\u00e9e pour s&#8217;approcher, se glisser,&nbsp; se transformer aupr\u00e8s des autres dans leur quotidien pour faire d\u00e9couvrir l&#8217;\u00e9vangile et annoncer l&#8217;amour de ce Christ qui nous est n\u00e9cessaire pour surmonter les difficult\u00e9s de nos vies ainsi que nos joies&nbsp;.<br>      Paul est en mouvement comme le Christ qui dans l&#8217;\u00e9vangile sort, rencontre, gu\u00e9rit puis se retire pour prier. Car nos actes nourrissent notre pri\u00e8re.<br>      Le Christ chassa aussi beaucoup de d\u00e9mons nous dit le texte. Il ne les laissait pas parler, car ces d\u00e9mons connaissaient J\u00e9sus, ils le savaient homme libre qui croyait en la libert\u00e9, l&#8217;\u00e9galit\u00e9, la fraternit\u00e9.&nbsp;<br>      Ne nous laissons pas assourdir par la parole de d\u00e9mons&nbsp; qui ne se g\u00eanent nullement de d\u00e9fendre des th\u00e8ses conservatrices, homophobes, ou racistes. Soyons capables de porter une parole claire, nette, une parole qui parfois s&#8217;oppose pour&nbsp;couvrir leurs voix.&nbsp; Car comme le Christ ce sont bien nos actes qui nourrissent notre pri\u00e8re.<\/p>\n\n\n\n<h4 class=\"wp-block-heading\"><a href=\"https:\/\/www.aelf.org\/2024-02-04\/romain\/messe\">Lectures du jour<\/a><\/h4>\n\n\n\n<h4 class=\"wp-block-heading\">Hom\u00e9lie de Jacques <\/h4>\n\n\n\n<figure class=\"wp-block-embed is-type-video is-provider-youtube wp-block-embed-youtube wp-embed-aspect-16-9 wp-has-aspect-ratio\"><div class=\"wp-block-embed__wrapper\">\n<iframe loading=\"lazy\" title=\"hom\u00e9lie de Jacques Bonnet, diacre permanent, pour le 5\u00e8me dimanche de l&#039;ann\u00e9e B\" width=\"500\" height=\"281\" src=\"https:\/\/www.youtube.com\/embed\/JUcGa0BQgc4?feature=oembed\" frameborder=\"0\" allow=\"accelerometer; autoplay; clipboard-write; encrypted-media; gyroscope; picture-in-picture; web-share\" referrerpolicy=\"strict-origin-when-cross-origin\" allowfullscreen><\/iframe>\n<\/div><\/figure>\n\n\n\n<h4 class=\"wp-block-heading\">P.U.<\/h4>\n\n\n\n<ul class=\"wp-block-list\">\n<li>Nous te confions Seigneur, tous ceux qui ont des m\u00e9tiers p\u00e9nibles et ceux qui sont consid\u00e9r\u00e9s comme des esclaves dans le milieu de leur travail.<\/li>\n\n\n\n<li>Seigneur nous te confions tous ceux qui n\u2019ont plus la force de se relever et ceux qui ont perdu toute esp\u00e9rance. Apprends-nous \u00e0 notre niveau, \u00e0 b\u00e2tir un monde plus juste.<\/li>\n\n\n\n<li>Par notre bapt\u00eame, Seigneur, tu nous as donn\u00e9 la mission d\u2019annoncer Ta Parole. Apprends-nous, Seigneur, \u00e0 ce que notre eucharistie soit nourrie de nos actes.<\/li>\n<\/ul>\n","protected":false},"excerpt":{"rendered":"<p>Accueil &nbsp; Job est comme nous souvent&nbsp;; il d\u00e9plore que l&#8217;homme sur la terre ne puisse pas mener une vie plus facile. Comme nous, il d\u00e9pose sa d\u00e9prime devant le Seigneur. Mais Paul un accro de l&#8217;\u00e9vangile, nous invite \u00e0 \u00eatre heureux de cette mission de baptis\u00e9s qui nous a \u00e9t\u00e9 confi\u00e9e pour s&#8217;approcher, se [&hellip;]<\/p>\n","protected":false},"author":22,"featured_media":23232,"comment_status":"open","ping_status":"open","sticky":false,"template":"","format":"standard","meta":{"_acf_changed":false,"paroisse":["0"],"service":["0"],"footnotes":""},"categories":[1],"tags":[],"class_list":["post-23226","post","type-post","status-publish","format-standard","has-post-thumbnail","hentry","category-actualites"],"acf":[],"yoast_head":"<!-- This site is optimized with the Yoast SEO plugin v27.1.1 - https:\/\/yoast.com\/product\/yoast-seo-wordpress\/ -->\n<title>Hom\u00e9lie de Jacques Bonnet, diacre permanent, pour le 5\u00e8me dimanche ann\u00e9e B - Doyenn\u00e9 Grand Angoul\u00eame<\/title>\n<meta name=\"robots\" content=\"index, follow, max-snippet:-1, max-image-preview:large, max-video-preview:-1\" \/>\n<link rel=\"canonical\" href=\"https:\/\/charente.catholique.fr\/grand-angouleme\/actualites\/homelie-de-jacques-bonnet-diacre-permanent-pour-le-5eme-dimanche-du-to-b\/\" \/>\n<meta property=\"og:locale\" content=\"fr_FR\" \/>\n<meta property=\"og:type\" content=\"article\" \/>\n<meta property=\"og:title\" content=\"Hom\u00e9lie de Jacques Bonnet, diacre permanent, pour le 5\u00e8me dimanche ann\u00e9e B - Doyenn\u00e9 Grand Angoul\u00eame\" \/>\n<meta property=\"og:description\" content=\"Accueil &nbsp; Job est comme nous souvent&nbsp;; il d\u00e9plore que l&#8217;homme sur la terre ne puisse pas mener une vie plus facile. Comme nous, il d\u00e9pose sa d\u00e9prime devant le Seigneur. Mais Paul un accro de l&#8217;\u00e9vangile, nous invite \u00e0 \u00eatre heureux de cette mission de baptis\u00e9s qui nous a \u00e9t\u00e9 confi\u00e9e pour s&#8217;approcher, se [&hellip;]\" \/>\n<meta property=\"og:url\" content=\"https:\/\/charente.catholique.fr\/grand-angouleme\/actualites\/homelie-de-jacques-bonnet-diacre-permanent-pour-le-5eme-dimanche-du-to-b\/\" \/>\n<meta property=\"og:site_name\" content=\"Doyenn\u00e9 Grand Angoul\u00eame\" \/>\n<meta property=\"article:publisher\" content=\"https:\/\/www.facebook.com\/EgliseCatholiqueCharente\" \/>\n<meta property=\"article:published_time\" content=\"2024-02-04T10:51:53+00:00\" \/>\n<meta property=\"article:modified_time\" content=\"2024-03-14T13:02:04+00:00\" \/>\n<meta property=\"og:image\" content=\"https:\/\/charente.catholique.fr\/grand-angouleme\/wp-content\/uploads\/sites\/2\/2024\/02\/une-main-qui-releve.jpg\" \/>\n\t<meta property=\"og:image:width\" content=\"640\" \/>\n\t<meta property=\"og:image:height\" content=\"365\" \/>\n\t<meta property=\"og:image:type\" content=\"image\/jpeg\" \/>\n<meta name=\"author\" content=\"Janine Laborde\" \/>\n<meta name=\"twitter:card\" content=\"summary_large_image\" \/>\n<meta name=\"twitter:creator\" content=\"@diocesecharente\" \/>\n<meta name=\"twitter:site\" content=\"@diocesecharente\" \/>\n<meta name=\"twitter:label1\" content=\"\u00c9crit par\" \/>\n\t<meta name=\"twitter:data1\" content=\"Janine Laborde\" \/>\n\t<meta name=\"twitter:label2\" content=\"Dur\u00e9e de lecture estim\u00e9e\" \/>\n\t<meta name=\"twitter:data2\" content=\"2 minutes\" \/>\n<script type=\"application\/ld+json\" class=\"yoast-schema-graph\">{\"@context\":\"https:\/\/schema.org\",\"@graph\":[{\"@type\":\"Article\",\"@id\":\"https:\/\/charente.catholique.fr\/grand-angouleme\/actualites\/homelie-de-jacques-bonnet-diacre-permanent-pour-le-5eme-dimanche-du-to-b\/#article\",\"isPartOf\":{\"@id\":\"https:\/\/charente.catholique.fr\/grand-angouleme\/actualites\/homelie-de-jacques-bonnet-diacre-permanent-pour-le-5eme-dimanche-du-to-b\/\"},\"author\":{\"name\":\"Janine Laborde\",\"@id\":\"https:\/\/charente.catholique.fr\/grand-angouleme\/#\/schema\/person\/898f693d8a5f95b1bf02828f73967b47\"},\"headline\":\"Hom\u00e9lie de Jacques Bonnet, diacre permanent, pour le 5\u00e8me dimanche ann\u00e9e B\",\"datePublished\":\"2024-02-04T10:51:53+00:00\",\"dateModified\":\"2024-03-14T13:02:04+00:00\",\"mainEntityOfPage\":{\"@id\":\"https:\/\/charente.catholique.fr\/grand-angouleme\/actualites\/homelie-de-jacques-bonnet-diacre-permanent-pour-le-5eme-dimanche-du-to-b\/\"},\"wordCount\":349,\"commentCount\":0,\"publisher\":{\"@id\":\"https:\/\/charente.catholique.fr\/grand-angouleme\/#organization\"},\"image\":{\"@id\":\"https:\/\/charente.catholique.fr\/grand-angouleme\/actualites\/homelie-de-jacques-bonnet-diacre-permanent-pour-le-5eme-dimanche-du-to-b\/#primaryimage\"},\"thumbnailUrl\":\"https:\/\/charente.catholique.fr\/grand-angouleme\/wp-content\/uploads\/sites\/2\/2024\/02\/une-main-qui-releve.jpg\",\"articleSection\":[\"Actualit\u00e9s\"],\"inLanguage\":\"fr-FR\",\"potentialAction\":[{\"@type\":\"CommentAction\",\"name\":\"Comment\",\"target\":[\"https:\/\/charente.catholique.fr\/grand-angouleme\/actualites\/homelie-de-jacques-bonnet-diacre-permanent-pour-le-5eme-dimanche-du-to-b\/#respond\"]}]},{\"@type\":\"WebPage\",\"@id\":\"https:\/\/charente.catholique.fr\/grand-angouleme\/actualites\/homelie-de-jacques-bonnet-diacre-permanent-pour-le-5eme-dimanche-du-to-b\/\",\"url\":\"https:\/\/charente.catholique.fr\/grand-angouleme\/actualites\/homelie-de-jacques-bonnet-diacre-permanent-pour-le-5eme-dimanche-du-to-b\/\",\"name\":\"Hom\u00e9lie de Jacques Bonnet, diacre permanent, pour le 5\u00e8me dimanche ann\u00e9e B - Doyenn\u00e9 Grand Angoul\u00eame\",\"isPartOf\":{\"@id\":\"https:\/\/charente.catholique.fr\/grand-angouleme\/#website\"},\"primaryImageOfPage\":{\"@id\":\"https:\/\/charente.catholique.fr\/grand-angouleme\/actualites\/homelie-de-jacques-bonnet-diacre-permanent-pour-le-5eme-dimanche-du-to-b\/#primaryimage\"},\"image\":{\"@id\":\"https:\/\/charente.catholique.fr\/grand-angouleme\/actualites\/homelie-de-jacques-bonnet-diacre-permanent-pour-le-5eme-dimanche-du-to-b\/#primaryimage\"},\"thumbnailUrl\":\"https:\/\/charente.catholique.fr\/grand-angouleme\/wp-content\/uploads\/sites\/2\/2024\/02\/une-main-qui-releve.jpg\",\"datePublished\":\"2024-02-04T10:51:53+00:00\",\"dateModified\":\"2024-03-14T13:02:04+00:00\",\"breadcrumb\":{\"@id\":\"https:\/\/charente.catholique.fr\/grand-angouleme\/actualites\/homelie-de-jacques-bonnet-diacre-permanent-pour-le-5eme-dimanche-du-to-b\/#breadcrumb\"},\"inLanguage\":\"fr-FR\",\"potentialAction\":[{\"@type\":\"ReadAction\",\"target\":[\"https:\/\/charente.catholique.fr\/grand-angouleme\/actualites\/homelie-de-jacques-bonnet-diacre-permanent-pour-le-5eme-dimanche-du-to-b\/\"]}]},{\"@type\":\"ImageObject\",\"inLanguage\":\"fr-FR\",\"@id\":\"https:\/\/charente.catholique.fr\/grand-angouleme\/actualites\/homelie-de-jacques-bonnet-diacre-permanent-pour-le-5eme-dimanche-du-to-b\/#primaryimage\",\"url\":\"https:\/\/charente.catholique.fr\/grand-angouleme\/wp-content\/uploads\/sites\/2\/2024\/02\/une-main-qui-releve.jpg\",\"contentUrl\":\"https:\/\/charente.catholique.fr\/grand-angouleme\/wp-content\/uploads\/sites\/2\/2024\/02\/une-main-qui-releve.jpg\",\"width\":640,\"height\":365},{\"@type\":\"BreadcrumbList\",\"@id\":\"https:\/\/charente.catholique.fr\/grand-angouleme\/actualites\/homelie-de-jacques-bonnet-diacre-permanent-pour-le-5eme-dimanche-du-to-b\/#breadcrumb\",\"itemListElement\":[{\"@type\":\"ListItem\",\"position\":1,\"name\":\"Accueil\",\"item\":\"https:\/\/charente.catholique.fr\/grand-angouleme\/\"},{\"@type\":\"ListItem\",\"position\":2,\"name\":\"Hom\u00e9lie de Jacques Bonnet, diacre permanent, pour le 5\u00e8me dimanche ann\u00e9e B\"}]},{\"@type\":\"WebSite\",\"@id\":\"https:\/\/charente.catholique.fr\/grand-angouleme\/#website\",\"url\":\"https:\/\/charente.catholique.fr\/grand-angouleme\/\",\"name\":\"Doyenn\u00e9 Grand Angoul\u00eame - Dioc\u00e8se d'Angoul\u00eame\",\"description\":\"Dioc\u00e8se d&#039;Angoul\u00eame\",\"publisher\":{\"@id\":\"https:\/\/charente.catholique.fr\/grand-angouleme\/#organization\"},\"potentialAction\":[{\"@type\":\"SearchAction\",\"target\":{\"@type\":\"EntryPoint\",\"urlTemplate\":\"https:\/\/charente.catholique.fr\/grand-angouleme\/?s={search_term_string}\"},\"query-input\":{\"@type\":\"PropertyValueSpecification\",\"valueRequired\":true,\"valueName\":\"search_term_string\"}}],\"inLanguage\":\"fr-FR\"},{\"@type\":\"Organization\",\"@id\":\"https:\/\/charente.catholique.fr\/grand-angouleme\/#organization\",\"name\":\"Association Dioc\u00e9saine d'Angoul\u00eame\",\"url\":\"https:\/\/charente.catholique.fr\/grand-angouleme\/\",\"logo\":{\"@type\":\"ImageObject\",\"inLanguage\":\"fr-FR\",\"@id\":\"https:\/\/charente.catholique.fr\/grand-angouleme\/#\/schema\/logo\/image\/\",\"url\":\"https:\/\/charente.catholique.fr\/grand-angouleme\/wp-content\/uploads\/sites\/2\/2020\/10\/logos.png\",\"contentUrl\":\"https:\/\/charente.catholique.fr\/grand-angouleme\/wp-content\/uploads\/sites\/2\/2020\/10\/logos.png\",\"width\":600,\"height\":257,\"caption\":\"Association Dioc\u00e9saine d'Angoul\u00eame\"},\"image\":{\"@id\":\"https:\/\/charente.catholique.fr\/grand-angouleme\/#\/schema\/logo\/image\/\"},\"sameAs\":[\"https:\/\/www.facebook.com\/EgliseCatholiqueCharente\",\"https:\/\/x.com\/diocesecharente\",\"https:\/\/www.instagram.com\/eglisecharente\",\"https:\/\/www.youtube.com\/channel\/UCByyFWApZbw3gDTiADoiAaQ\"]},{\"@type\":\"Person\",\"@id\":\"https:\/\/charente.catholique.fr\/grand-angouleme\/#\/schema\/person\/898f693d8a5f95b1bf02828f73967b47\",\"name\":\"Janine Laborde\",\"image\":{\"@type\":\"ImageObject\",\"inLanguage\":\"fr-FR\",\"@id\":\"https:\/\/charente.catholique.fr\/grand-angouleme\/#\/schema\/person\/image\/\",\"url\":\"https:\/\/secure.gravatar.com\/avatar\/a8f3185ff2f6cee7d79c60e904004ccb6107bdc3e38d176acfc1ee42b62a994e?s=96&d=mm&r=g\",\"contentUrl\":\"https:\/\/secure.gravatar.com\/avatar\/a8f3185ff2f6cee7d79c60e904004ccb6107bdc3e38d176acfc1ee42b62a994e?s=96&d=mm&r=g\",\"caption\":\"Janine Laborde\"},\"url\":\"https:\/\/charente.catholique.fr\/grand-angouleme\/author\/janinelaborde\/\"}]}<\/script>\n<!-- \/ Yoast SEO plugin. -->","yoast_head_json":{"title":"Hom\u00e9lie de Jacques Bonnet, diacre permanent, pour le 5\u00e8me dimanche ann\u00e9e B - Doyenn\u00e9 Grand Angoul\u00eame","robots":{"index":"index","follow":"follow","max-snippet":"max-snippet:-1","max-image-preview":"max-image-preview:large","max-video-preview":"max-video-preview:-1"},"canonical":"https:\/\/charente.catholique.fr\/grand-angouleme\/actualites\/homelie-de-jacques-bonnet-diacre-permanent-pour-le-5eme-dimanche-du-to-b\/","og_locale":"fr_FR","og_type":"article","og_title":"Hom\u00e9lie de Jacques Bonnet, diacre permanent, pour le 5\u00e8me dimanche ann\u00e9e B - Doyenn\u00e9 Grand Angoul\u00eame","og_description":"Accueil &nbsp; Job est comme nous souvent&nbsp;; il d\u00e9plore que l&#8217;homme sur la terre ne puisse pas mener une vie plus facile. Comme nous, il d\u00e9pose sa d\u00e9prime devant le Seigneur. Mais Paul un accro de l&#8217;\u00e9vangile, nous invite \u00e0 \u00eatre heureux de cette mission de baptis\u00e9s qui nous a \u00e9t\u00e9 confi\u00e9e pour s&#8217;approcher, se [&hellip;]","og_url":"https:\/\/charente.catholique.fr\/grand-angouleme\/actualites\/homelie-de-jacques-bonnet-diacre-permanent-pour-le-5eme-dimanche-du-to-b\/","og_site_name":"Doyenn\u00e9 Grand Angoul\u00eame","article_publisher":"https:\/\/www.facebook.com\/EgliseCatholiqueCharente","article_published_time":"2024-02-04T10:51:53+00:00","article_modified_time":"2024-03-14T13:02:04+00:00","og_image":[{"width":640,"height":365,"url":"https:\/\/charente.catholique.fr\/grand-angouleme\/wp-content\/uploads\/sites\/2\/2024\/02\/une-main-qui-releve.jpg","type":"image\/jpeg"}],"author":"Janine Laborde","twitter_card":"summary_large_image","twitter_creator":"@diocesecharente","twitter_site":"@diocesecharente","twitter_misc":{"\u00c9crit par":"Janine Laborde","Dur\u00e9e de lecture estim\u00e9e":"2 minutes"},"schema":{"@context":"https:\/\/schema.org","@graph":[{"@type":"Article","@id":"https:\/\/charente.catholique.fr\/grand-angouleme\/actualites\/homelie-de-jacques-bonnet-diacre-permanent-pour-le-5eme-dimanche-du-to-b\/#article","isPartOf":{"@id":"https:\/\/charente.catholique.fr\/grand-angouleme\/actualites\/homelie-de-jacques-bonnet-diacre-permanent-pour-le-5eme-dimanche-du-to-b\/"},"author":{"name":"Janine Laborde","@id":"https:\/\/charente.catholique.fr\/grand-angouleme\/#\/schema\/person\/898f693d8a5f95b1bf02828f73967b47"},"headline":"Hom\u00e9lie de Jacques Bonnet, diacre permanent, pour le 5\u00e8me dimanche ann\u00e9e B","datePublished":"2024-02-04T10:51:53+00:00","dateModified":"2024-03-14T13:02:04+00:00","mainEntityOfPage":{"@id":"https:\/\/charente.catholique.fr\/grand-angouleme\/actualites\/homelie-de-jacques-bonnet-diacre-permanent-pour-le-5eme-dimanche-du-to-b\/"},"wordCount":349,"commentCount":0,"publisher":{"@id":"https:\/\/charente.catholique.fr\/grand-angouleme\/#organization"},"image":{"@id":"https:\/\/charente.catholique.fr\/grand-angouleme\/actualites\/homelie-de-jacques-bonnet-diacre-permanent-pour-le-5eme-dimanche-du-to-b\/#primaryimage"},"thumbnailUrl":"https:\/\/charente.catholique.fr\/grand-angouleme\/wp-content\/uploads\/sites\/2\/2024\/02\/une-main-qui-releve.jpg","articleSection":["Actualit\u00e9s"],"inLanguage":"fr-FR","potentialAction":[{"@type":"CommentAction","name":"Comment","target":["https:\/\/charente.catholique.fr\/grand-angouleme\/actualites\/homelie-de-jacques-bonnet-diacre-permanent-pour-le-5eme-dimanche-du-to-b\/#respond"]}]},{"@type":"WebPage","@id":"https:\/\/charente.catholique.fr\/grand-angouleme\/actualites\/homelie-de-jacques-bonnet-diacre-permanent-pour-le-5eme-dimanche-du-to-b\/","url":"https:\/\/charente.catholique.fr\/grand-angouleme\/actualites\/homelie-de-jacques-bonnet-diacre-permanent-pour-le-5eme-dimanche-du-to-b\/","name":"Hom\u00e9lie de Jacques Bonnet, diacre permanent, pour le 5\u00e8me dimanche ann\u00e9e B - Doyenn\u00e9 Grand Angoul\u00eame","isPartOf":{"@id":"https:\/\/charente.catholique.fr\/grand-angouleme\/#website"},"primaryImageOfPage":{"@id":"https:\/\/charente.catholique.fr\/grand-angouleme\/actualites\/homelie-de-jacques-bonnet-diacre-permanent-pour-le-5eme-dimanche-du-to-b\/#primaryimage"},"image":{"@id":"https:\/\/charente.catholique.fr\/grand-angouleme\/actualites\/homelie-de-jacques-bonnet-diacre-permanent-pour-le-5eme-dimanche-du-to-b\/#primaryimage"},"thumbnailUrl":"https:\/\/charente.catholique.fr\/grand-angouleme\/wp-content\/uploads\/sites\/2\/2024\/02\/une-main-qui-releve.jpg","datePublished":"2024-02-04T10:51:53+00:00","dateModified":"2024-03-14T13:02:04+00:00","breadcrumb":{"@id":"https:\/\/charente.catholique.fr\/grand-angouleme\/actualites\/homelie-de-jacques-bonnet-diacre-permanent-pour-le-5eme-dimanche-du-to-b\/#breadcrumb"},"inLanguage":"fr-FR","potentialAction":[{"@type":"ReadAction","target":["https:\/\/charente.catholique.fr\/grand-angouleme\/actualites\/homelie-de-jacques-bonnet-diacre-permanent-pour-le-5eme-dimanche-du-to-b\/"]}]},{"@type":"ImageObject","inLanguage":"fr-FR","@id":"https:\/\/charente.catholique.fr\/grand-angouleme\/actualites\/homelie-de-jacques-bonnet-diacre-permanent-pour-le-5eme-dimanche-du-to-b\/#primaryimage","url":"https:\/\/charente.catholique.fr\/grand-angouleme\/wp-content\/uploads\/sites\/2\/2024\/02\/une-main-qui-releve.jpg","contentUrl":"https:\/\/charente.catholique.fr\/grand-angouleme\/wp-content\/uploads\/sites\/2\/2024\/02\/une-main-qui-releve.jpg","width":640,"height":365},{"@type":"BreadcrumbList","@id":"https:\/\/charente.catholique.fr\/grand-angouleme\/actualites\/homelie-de-jacques-bonnet-diacre-permanent-pour-le-5eme-dimanche-du-to-b\/#breadcrumb","itemListElement":[{"@type":"ListItem","position":1,"name":"Accueil","item":"https:\/\/charente.catholique.fr\/grand-angouleme\/"},{"@type":"ListItem","position":2,"name":"Hom\u00e9lie de Jacques Bonnet, diacre permanent, pour le 5\u00e8me dimanche ann\u00e9e B"}]},{"@type":"WebSite","@id":"https:\/\/charente.catholique.fr\/grand-angouleme\/#website","url":"https:\/\/charente.catholique.fr\/grand-angouleme\/","name":"Doyenn\u00e9 Grand Angoul\u00eame - Dioc\u00e8se d'Angoul\u00eame","description":"Dioc\u00e8se d&#039;Angoul\u00eame","publisher":{"@id":"https:\/\/charente.catholique.fr\/grand-angouleme\/#organization"},"potentialAction":[{"@type":"SearchAction","target":{"@type":"EntryPoint","urlTemplate":"https:\/\/charente.catholique.fr\/grand-angouleme\/?s={search_term_string}"},"query-input":{"@type":"PropertyValueSpecification","valueRequired":true,"valueName":"search_term_string"}}],"inLanguage":"fr-FR"},{"@type":"Organization","@id":"https:\/\/charente.catholique.fr\/grand-angouleme\/#organization","name":"Association Dioc\u00e9saine d'Angoul\u00eame","url":"https:\/\/charente.catholique.fr\/grand-angouleme\/","logo":{"@type":"ImageObject","inLanguage":"fr-FR","@id":"https:\/\/charente.catholique.fr\/grand-angouleme\/#\/schema\/logo\/image\/","url":"https:\/\/charente.catholique.fr\/grand-angouleme\/wp-content\/uploads\/sites\/2\/2020\/10\/logos.png","contentUrl":"https:\/\/charente.catholique.fr\/grand-angouleme\/wp-content\/uploads\/sites\/2\/2020\/10\/logos.png","width":600,"height":257,"caption":"Association Dioc\u00e9saine d'Angoul\u00eame"},"image":{"@id":"https:\/\/charente.catholique.fr\/grand-angouleme\/#\/schema\/logo\/image\/"},"sameAs":["https:\/\/www.facebook.com\/EgliseCatholiqueCharente","https:\/\/x.com\/diocesecharente","https:\/\/www.instagram.com\/eglisecharente","https:\/\/www.youtube.com\/channel\/UCByyFWApZbw3gDTiADoiAaQ"]},{"@type":"Person","@id":"https:\/\/charente.catholique.fr\/grand-angouleme\/#\/schema\/person\/898f693d8a5f95b1bf02828f73967b47","name":"Janine Laborde","image":{"@type":"ImageObject","inLanguage":"fr-FR","@id":"https:\/\/charente.catholique.fr\/grand-angouleme\/#\/schema\/person\/image\/","url":"https:\/\/secure.gravatar.com\/avatar\/a8f3185ff2f6cee7d79c60e904004ccb6107bdc3e38d176acfc1ee42b62a994e?s=96&d=mm&r=g","contentUrl":"https:\/\/secure.gravatar.com\/avatar\/a8f3185ff2f6cee7d79c60e904004ccb6107bdc3e38d176acfc1ee42b62a994e?s=96&d=mm&r=g","caption":"Janine Laborde"},"url":"https:\/\/charente.catholique.fr\/grand-angouleme\/author\/janinelaborde\/"}]}},"_links":{"self":[{"href":"https:\/\/charente.catholique.fr\/grand-angouleme\/wp-json\/wp\/v2\/posts\/23226","targetHints":{"allow":["GET"]}}],"collection":[{"href":"https:\/\/charente.catholique.fr\/grand-angouleme\/wp-json\/wp\/v2\/posts"}],"about":[{"href":"https:\/\/charente.catholique.fr\/grand-angouleme\/wp-json\/wp\/v2\/types\/post"}],"author":[{"embeddable":true,"href":"https:\/\/charente.catholique.fr\/grand-angouleme\/wp-json\/wp\/v2\/users\/22"}],"replies":[{"embeddable":true,"href":"https:\/\/charente.catholique.fr\/grand-angouleme\/wp-json\/wp\/v2\/comments?post=23226"}],"version-history":[{"count":7,"href":"https:\/\/charente.catholique.fr\/grand-angouleme\/wp-json\/wp\/v2\/posts\/23226\/revisions"}],"predecessor-version":[{"id":23607,"href":"https:\/\/charente.catholique.fr\/grand-angouleme\/wp-json\/wp\/v2\/posts\/23226\/revisions\/23607"}],"wp:featuredmedia":[{"embeddable":true,"href":"https:\/\/charente.catholique.fr\/grand-angouleme\/wp-json\/wp\/v2\/media\/23232"}],"wp:attachment":[{"href":"https:\/\/charente.catholique.fr\/grand-angouleme\/wp-json\/wp\/v2\/media?parent=23226"}],"wp:term":[{"taxonomy":"category","embeddable":true,"href":"https:\/\/charente.catholique.fr\/grand-angouleme\/wp-json\/wp\/v2\/categories?post=23226"},{"taxonomy":"post_tag","embeddable":true,"href":"https:\/\/charente.catholique.fr\/grand-angouleme\/wp-json\/wp\/v2\/tags?post=23226"}],"curies":[{"name":"wp","href":"https:\/\/api.w.org\/{rel}","templated":true}]}}