{"id":23082,"date":"2024-01-23T18:38:48","date_gmt":"2024-01-23T17:38:48","guid":{"rendered":"https:\/\/charente.catholique.fr\/grand-angouleme\/?p=23082"},"modified":"2024-01-23T18:38:49","modified_gmt":"2024-01-23T17:38:49","slug":"echos-eap-du-16-janvier-2024","status":"publish","type":"post","link":"https:\/\/charente.catholique.fr\/grand-angouleme\/actualites\/echos-eap-du-16-janvier-2024\/","title":{"rendered":"Echos EAP du 16 janvier 2024"},"content":{"rendered":"\n<h4 class=\"wp-block-heading\"><strong>L&#8217;Equipe d&#8217;Animaton de la Paroisse Sainte Jos\u00e9phine Bakhita c&#8217;est retrouv\u00e9e le 16 janvier 2024<\/strong> \u00e0 l&#8217;\u00e9glise Saint Pierre Auma\u00eetre<\/h4>\n\n\n\n<h5 class=\"wp-block-heading\"><strong>Retour sur les bapt\u00eames et communions du 14 janvier \u00e0 St Pierre Auma\u00eetre<\/strong><\/h5>\n\n\n\n<p>Nous avons accueilli neuf jeunes &nbsp;: Ang\u00e8le, Th\u00e9o, Manon, Charlotte et Natal\u00e9na ont \u00e9t\u00e9 baptis\u00e9s, Glawdys et Eva ont fait leur 1\u00e8re communion, Marie-Am\u00e9lie et Maxence leur profession de foi. Ces jeunes sont en chemin. Ils vont pr\u00e9parer la confirmation, mais ensuite quel accompagnement pourrions nous leur proposer &nbsp;en r\u00e9flexion avec la responsable de l&#8217;Aum\u00f4nerie de l&#8217;Enseignement Publique&nbsp;?<\/p>\n\n\n\n<h5 class=\"wp-block-heading\"><strong>Retour sur l&#8217;Avent et No\u00ebl<\/strong><\/h5>\n\n\n\n<p>L&#8217;atelier de confection des personnages de la cr\u00e8che fut un succ\u00e8s. Id\u00e9e \u00e0 reprendre.<\/p>\n\n\n\n<h5 class=\"wp-block-heading\"><strong>Liste des \u00e9quipes de la paroisse<\/strong><\/h5>\n\n\n\n<p>Une liste nominative de toutes les \u00e9quipes de la paroisse a \u00e9t\u00e9 constitu\u00e9e, elle sera affich\u00e9e dans les trois \u00e9glises de la paroisse.<\/p>\n\n\n\n<h5 class=\"wp-block-heading\"><strong>Travaux \u00e0 entreprendre<\/strong><\/h5>\n\n\n\n<ul class=\"wp-block-list\">\n<li>Devis en cours pour l&#8217;am\u00e9nagement de la place de St Pierre Auma\u00eetre.<\/li>\n\n\n\n<li>R\u00e9fection urgente du tableau \u00e9lectrique de Ma Campagne.<\/li>\n\n\n\n<li>Demande \u00e0 la mairie pour effacer les TAG sur la fa\u00e7ade de la maison paroissiale de Ma Campagne et r\u00e9paration d&#8217;une borne.<\/li>\n\n\n\n<li>Pr\u00e9voir le changement des chaises et de la moquette \u00e0 Ma Campagne.<\/li>\n<\/ul>\n\n\n\n<h5 class=\"wp-block-heading\"><strong>Dates \u00e0 retenir<\/strong><\/h5>\n\n\n\n<ul class=\"wp-block-list\">\n<li>Sacrement des malades 10 f\u00e9vrier \u00e0 18 h \u00e0 St Pierre Auma\u00eetre et le 11 f\u00e9vrier \u00e0 10h30 \u00e0 Ma Campagne<\/li>\n\n\n\n<li>Assembl\u00e9es paroissiales 9 mars \u00e0 Ma Campagne et 10 mars \u00e0 St Pierre Auma\u00eetre<\/li>\n\n\n\n<li>Projection du film \u00ab&nbsp;La Lettre&nbsp;\u00bb \u00e0 l&#8217;Espace Louis Aragon le 21 mai \u00e0 20 h<br>(documentaire sur l&#8217;encyclique Laudato Si \u2013 message \u00e9cologique pour la terre)<\/li>\n\n\n\n<li>Sortie fraternelle des quartiers samedi 8 juin en Haute Charente<\/li>\n<\/ul>\n\n\n\n<p class=\"has-text-align-center has-blush-bordeaux-gradient-background has-background\" style=\"font-size:18px\"><strong>Prochaine EAP vendredi 2 mars 2024 \u00e0 Ma Campagne \u00e0 9h30, messe \u00e0 8h45<\/strong><\/p>\n","protected":false},"excerpt":{"rendered":"<p>L&#8217;Equipe d&#8217;Animaton de la Paroisse Sainte Jos\u00e9phine Bakhita c&#8217;est retrouv\u00e9e le 16 janvier 2024 \u00e0 l&#8217;\u00e9glise Saint Pierre Auma\u00eetre Retour sur les bapt\u00eames et communions du 14 janvier \u00e0 St Pierre Auma\u00eetre Nous avons accueilli neuf jeunes &nbsp;: Ang\u00e8le, Th\u00e9o, Manon, Charlotte et Natal\u00e9na ont \u00e9t\u00e9 baptis\u00e9s, Glawdys et Eva ont fait leur 1\u00e8re communion, [&hellip;]<\/p>\n","protected":false},"author":5,"featured_media":16152,"comment_status":"open","ping_status":"open","sticky":false,"template":"","format":"standard","meta":{"_acf_changed":false,"paroisse":["0"],"service":["0"],"footnotes":""},"categories":[1],"tags":[],"class_list":["post-23082","post","type-post","status-publish","format-standard","has-post-thumbnail","hentry","category-actualites"],"acf":[],"yoast_head":"<!-- This site is optimized with the Yoast SEO plugin v27.1.1 - https:\/\/yoast.com\/product\/yoast-seo-wordpress\/ -->\n<title>Echos EAP du 16 janvier 2024 - Doyenn\u00e9 Grand Angoul\u00eame<\/title>\n<meta name=\"robots\" content=\"index, follow, max-snippet:-1, max-image-preview:large, max-video-preview:-1\" \/>\n<link rel=\"canonical\" href=\"https:\/\/charente.catholique.fr\/grand-angouleme\/actualites\/echos-eap-du-16-janvier-2024\/\" \/>\n<meta property=\"og:locale\" content=\"fr_FR\" \/>\n<meta property=\"og:type\" content=\"article\" \/>\n<meta property=\"og:title\" content=\"Echos EAP du 16 janvier 2024 - Doyenn\u00e9 Grand Angoul\u00eame\" \/>\n<meta property=\"og:description\" content=\"L&#8217;Equipe d&#8217;Animaton de la Paroisse Sainte Jos\u00e9phine Bakhita c&#8217;est retrouv\u00e9e le 16 janvier 2024 \u00e0 l&#8217;\u00e9glise Saint Pierre Auma\u00eetre Retour sur les bapt\u00eames et communions du 14 janvier \u00e0 St Pierre Auma\u00eetre Nous avons accueilli neuf jeunes &nbsp;: Ang\u00e8le, Th\u00e9o, Manon, Charlotte et Natal\u00e9na ont \u00e9t\u00e9 baptis\u00e9s, Glawdys et Eva ont fait leur 1\u00e8re communion, [&hellip;]\" \/>\n<meta property=\"og:url\" content=\"https:\/\/charente.catholique.fr\/grand-angouleme\/actualites\/echos-eap-du-16-janvier-2024\/\" \/>\n<meta property=\"og:site_name\" content=\"Doyenn\u00e9 Grand Angoul\u00eame\" \/>\n<meta property=\"article:publisher\" content=\"https:\/\/www.facebook.com\/EgliseCatholiqueCharente\" \/>\n<meta property=\"article:published_time\" content=\"2024-01-23T17:38:48+00:00\" \/>\n<meta property=\"article:modified_time\" content=\"2024-01-23T17:38:49+00:00\" \/>\n<meta property=\"og:image\" content=\"https:\/\/charente.catholique.fr\/grand-angouleme\/wp-content\/uploads\/sites\/2\/2022\/03\/eap-pixabay-1080x1080-1.jpg\" \/>\n\t<meta property=\"og:image:width\" content=\"1080\" \/>\n\t<meta property=\"og:image:height\" content=\"1080\" \/>\n\t<meta property=\"og:image:type\" content=\"image\/jpeg\" \/>\n<meta name=\"author\" content=\"B\u00e9atrice Saint-P\u00e9\" \/>\n<meta name=\"twitter:card\" content=\"summary_large_image\" \/>\n<meta name=\"twitter:creator\" content=\"@diocesecharente\" \/>\n<meta name=\"twitter:site\" content=\"@diocesecharente\" \/>\n<meta name=\"twitter:label1\" content=\"\u00c9crit par\" \/>\n\t<meta name=\"twitter:data1\" content=\"B\u00e9atrice Saint-P\u00e9\" \/>\n\t<meta name=\"twitter:label2\" content=\"Dur\u00e9e de lecture estim\u00e9e\" \/>\n\t<meta name=\"twitter:data2\" content=\"2 minutes\" \/>\n<script type=\"application\/ld+json\" class=\"yoast-schema-graph\">{\"@context\":\"https:\/\/schema.org\",\"@graph\":[{\"@type\":\"Article\",\"@id\":\"https:\/\/charente.catholique.fr\/grand-angouleme\/actualites\/echos-eap-du-16-janvier-2024\/#article\",\"isPartOf\":{\"@id\":\"https:\/\/charente.catholique.fr\/grand-angouleme\/actualites\/echos-eap-du-16-janvier-2024\/\"},\"author\":{\"name\":\"B\u00e9atrice Saint-P\u00e9\",\"@id\":\"https:\/\/charente.catholique.fr\/grand-angouleme\/#\/schema\/person\/b12f449504ff2da4d633df0f02abf9ee\"},\"headline\":\"Echos EAP du 16 janvier 2024\",\"datePublished\":\"2024-01-23T17:38:48+00:00\",\"dateModified\":\"2024-01-23T17:38:49+00:00\",\"mainEntityOfPage\":{\"@id\":\"https:\/\/charente.catholique.fr\/grand-angouleme\/actualites\/echos-eap-du-16-janvier-2024\/\"},\"wordCount\":301,\"commentCount\":0,\"publisher\":{\"@id\":\"https:\/\/charente.catholique.fr\/grand-angouleme\/#organization\"},\"image\":{\"@id\":\"https:\/\/charente.catholique.fr\/grand-angouleme\/actualites\/echos-eap-du-16-janvier-2024\/#primaryimage\"},\"thumbnailUrl\":\"https:\/\/charente.catholique.fr\/grand-angouleme\/wp-content\/uploads\/sites\/2\/2022\/03\/eap-pixabay-1080x1080-1.jpg\",\"articleSection\":[\"Actualit\u00e9s\"],\"inLanguage\":\"fr-FR\",\"potentialAction\":[{\"@type\":\"CommentAction\",\"name\":\"Comment\",\"target\":[\"https:\/\/charente.catholique.fr\/grand-angouleme\/actualites\/echos-eap-du-16-janvier-2024\/#respond\"]}]},{\"@type\":\"WebPage\",\"@id\":\"https:\/\/charente.catholique.fr\/grand-angouleme\/actualites\/echos-eap-du-16-janvier-2024\/\",\"url\":\"https:\/\/charente.catholique.fr\/grand-angouleme\/actualites\/echos-eap-du-16-janvier-2024\/\",\"name\":\"Echos EAP du 16 janvier 2024 - Doyenn\u00e9 Grand Angoul\u00eame\",\"isPartOf\":{\"@id\":\"https:\/\/charente.catholique.fr\/grand-angouleme\/#website\"},\"primaryImageOfPage\":{\"@id\":\"https:\/\/charente.catholique.fr\/grand-angouleme\/actualites\/echos-eap-du-16-janvier-2024\/#primaryimage\"},\"image\":{\"@id\":\"https:\/\/charente.catholique.fr\/grand-angouleme\/actualites\/echos-eap-du-16-janvier-2024\/#primaryimage\"},\"thumbnailUrl\":\"https:\/\/charente.catholique.fr\/grand-angouleme\/wp-content\/uploads\/sites\/2\/2022\/03\/eap-pixabay-1080x1080-1.jpg\",\"datePublished\":\"2024-01-23T17:38:48+00:00\",\"dateModified\":\"2024-01-23T17:38:49+00:00\",\"breadcrumb\":{\"@id\":\"https:\/\/charente.catholique.fr\/grand-angouleme\/actualites\/echos-eap-du-16-janvier-2024\/#breadcrumb\"},\"inLanguage\":\"fr-FR\",\"potentialAction\":[{\"@type\":\"ReadAction\",\"target\":[\"https:\/\/charente.catholique.fr\/grand-angouleme\/actualites\/echos-eap-du-16-janvier-2024\/\"]}]},{\"@type\":\"ImageObject\",\"inLanguage\":\"fr-FR\",\"@id\":\"https:\/\/charente.catholique.fr\/grand-angouleme\/actualites\/echos-eap-du-16-janvier-2024\/#primaryimage\",\"url\":\"https:\/\/charente.catholique.fr\/grand-angouleme\/wp-content\/uploads\/sites\/2\/2022\/03\/eap-pixabay-1080x1080-1.jpg\",\"contentUrl\":\"https:\/\/charente.catholique.fr\/grand-angouleme\/wp-content\/uploads\/sites\/2\/2022\/03\/eap-pixabay-1080x1080-1.jpg\",\"width\":1080,\"height\":1080},{\"@type\":\"BreadcrumbList\",\"@id\":\"https:\/\/charente.catholique.fr\/grand-angouleme\/actualites\/echos-eap-du-16-janvier-2024\/#breadcrumb\",\"itemListElement\":[{\"@type\":\"ListItem\",\"position\":1,\"name\":\"Accueil\",\"item\":\"https:\/\/charente.catholique.fr\/grand-angouleme\/\"},{\"@type\":\"ListItem\",\"position\":2,\"name\":\"Echos EAP du 16 janvier 2024\"}]},{\"@type\":\"WebSite\",\"@id\":\"https:\/\/charente.catholique.fr\/grand-angouleme\/#website\",\"url\":\"https:\/\/charente.catholique.fr\/grand-angouleme\/\",\"name\":\"Doyenn\u00e9 Grand Angoul\u00eame - Dioc\u00e8se d'Angoul\u00eame\",\"description\":\"Dioc\u00e8se d&#039;Angoul\u00eame\",\"publisher\":{\"@id\":\"https:\/\/charente.catholique.fr\/grand-angouleme\/#organization\"},\"potentialAction\":[{\"@type\":\"SearchAction\",\"target\":{\"@type\":\"EntryPoint\",\"urlTemplate\":\"https:\/\/charente.catholique.fr\/grand-angouleme\/?s={search_term_string}\"},\"query-input\":{\"@type\":\"PropertyValueSpecification\",\"valueRequired\":true,\"valueName\":\"search_term_string\"}}],\"inLanguage\":\"fr-FR\"},{\"@type\":\"Organization\",\"@id\":\"https:\/\/charente.catholique.fr\/grand-angouleme\/#organization\",\"name\":\"Association Dioc\u00e9saine d'Angoul\u00eame\",\"url\":\"https:\/\/charente.catholique.fr\/grand-angouleme\/\",\"logo\":{\"@type\":\"ImageObject\",\"inLanguage\":\"fr-FR\",\"@id\":\"https:\/\/charente.catholique.fr\/grand-angouleme\/#\/schema\/logo\/image\/\",\"url\":\"https:\/\/charente.catholique.fr\/grand-angouleme\/wp-content\/uploads\/sites\/2\/2020\/10\/logos.png\",\"contentUrl\":\"https:\/\/charente.catholique.fr\/grand-angouleme\/wp-content\/uploads\/sites\/2\/2020\/10\/logos.png\",\"width\":600,\"height\":257,\"caption\":\"Association Dioc\u00e9saine d'Angoul\u00eame\"},\"image\":{\"@id\":\"https:\/\/charente.catholique.fr\/grand-angouleme\/#\/schema\/logo\/image\/\"},\"sameAs\":[\"https:\/\/www.facebook.com\/EgliseCatholiqueCharente\",\"https:\/\/x.com\/diocesecharente\",\"https:\/\/www.instagram.com\/eglisecharente\",\"https:\/\/www.youtube.com\/channel\/UCByyFWApZbw3gDTiADoiAaQ\"]},{\"@type\":\"Person\",\"@id\":\"https:\/\/charente.catholique.fr\/grand-angouleme\/#\/schema\/person\/b12f449504ff2da4d633df0f02abf9ee\",\"name\":\"B\u00e9atrice Saint-P\u00e9\",\"image\":{\"@type\":\"ImageObject\",\"inLanguage\":\"fr-FR\",\"@id\":\"https:\/\/charente.catholique.fr\/grand-angouleme\/#\/schema\/person\/image\/\",\"url\":\"https:\/\/secure.gravatar.com\/avatar\/0493ed83685d630b019670a73a3a663bebc1c98f6ebcb0b57c8fd12fe86c0c3d?s=96&d=mm&r=g\",\"contentUrl\":\"https:\/\/secure.gravatar.com\/avatar\/0493ed83685d630b019670a73a3a663bebc1c98f6ebcb0b57c8fd12fe86c0c3d?s=96&d=mm&r=g\",\"caption\":\"B\u00e9atrice Saint-P\u00e9\"},\"url\":\"https:\/\/charente.catholique.fr\/grand-angouleme\/author\/beatricesaintpe\/\"}]}<\/script>\n<!-- \/ Yoast SEO plugin. -->","yoast_head_json":{"title":"Echos EAP du 16 janvier 2024 - Doyenn\u00e9 Grand Angoul\u00eame","robots":{"index":"index","follow":"follow","max-snippet":"max-snippet:-1","max-image-preview":"max-image-preview:large","max-video-preview":"max-video-preview:-1"},"canonical":"https:\/\/charente.catholique.fr\/grand-angouleme\/actualites\/echos-eap-du-16-janvier-2024\/","og_locale":"fr_FR","og_type":"article","og_title":"Echos EAP du 16 janvier 2024 - Doyenn\u00e9 Grand Angoul\u00eame","og_description":"L&#8217;Equipe d&#8217;Animaton de la Paroisse Sainte Jos\u00e9phine Bakhita c&#8217;est retrouv\u00e9e le 16 janvier 2024 \u00e0 l&#8217;\u00e9glise Saint Pierre Auma\u00eetre Retour sur les bapt\u00eames et communions du 14 janvier \u00e0 St Pierre Auma\u00eetre Nous avons accueilli neuf jeunes &nbsp;: Ang\u00e8le, Th\u00e9o, Manon, Charlotte et Natal\u00e9na ont \u00e9t\u00e9 baptis\u00e9s, Glawdys et Eva ont fait leur 1\u00e8re communion, [&hellip;]","og_url":"https:\/\/charente.catholique.fr\/grand-angouleme\/actualites\/echos-eap-du-16-janvier-2024\/","og_site_name":"Doyenn\u00e9 Grand Angoul\u00eame","article_publisher":"https:\/\/www.facebook.com\/EgliseCatholiqueCharente","article_published_time":"2024-01-23T17:38:48+00:00","article_modified_time":"2024-01-23T17:38:49+00:00","og_image":[{"width":1080,"height":1080,"url":"https:\/\/charente.catholique.fr\/grand-angouleme\/wp-content\/uploads\/sites\/2\/2022\/03\/eap-pixabay-1080x1080-1.jpg","type":"image\/jpeg"}],"author":"B\u00e9atrice Saint-P\u00e9","twitter_card":"summary_large_image","twitter_creator":"@diocesecharente","twitter_site":"@diocesecharente","twitter_misc":{"\u00c9crit par":"B\u00e9atrice Saint-P\u00e9","Dur\u00e9e de lecture estim\u00e9e":"2 minutes"},"schema":{"@context":"https:\/\/schema.org","@graph":[{"@type":"Article","@id":"https:\/\/charente.catholique.fr\/grand-angouleme\/actualites\/echos-eap-du-16-janvier-2024\/#article","isPartOf":{"@id":"https:\/\/charente.catholique.fr\/grand-angouleme\/actualites\/echos-eap-du-16-janvier-2024\/"},"author":{"name":"B\u00e9atrice Saint-P\u00e9","@id":"https:\/\/charente.catholique.fr\/grand-angouleme\/#\/schema\/person\/b12f449504ff2da4d633df0f02abf9ee"},"headline":"Echos EAP du 16 janvier 2024","datePublished":"2024-01-23T17:38:48+00:00","dateModified":"2024-01-23T17:38:49+00:00","mainEntityOfPage":{"@id":"https:\/\/charente.catholique.fr\/grand-angouleme\/actualites\/echos-eap-du-16-janvier-2024\/"},"wordCount":301,"commentCount":0,"publisher":{"@id":"https:\/\/charente.catholique.fr\/grand-angouleme\/#organization"},"image":{"@id":"https:\/\/charente.catholique.fr\/grand-angouleme\/actualites\/echos-eap-du-16-janvier-2024\/#primaryimage"},"thumbnailUrl":"https:\/\/charente.catholique.fr\/grand-angouleme\/wp-content\/uploads\/sites\/2\/2022\/03\/eap-pixabay-1080x1080-1.jpg","articleSection":["Actualit\u00e9s"],"inLanguage":"fr-FR","potentialAction":[{"@type":"CommentAction","name":"Comment","target":["https:\/\/charente.catholique.fr\/grand-angouleme\/actualites\/echos-eap-du-16-janvier-2024\/#respond"]}]},{"@type":"WebPage","@id":"https:\/\/charente.catholique.fr\/grand-angouleme\/actualites\/echos-eap-du-16-janvier-2024\/","url":"https:\/\/charente.catholique.fr\/grand-angouleme\/actualites\/echos-eap-du-16-janvier-2024\/","name":"Echos EAP du 16 janvier 2024 - Doyenn\u00e9 Grand Angoul\u00eame","isPartOf":{"@id":"https:\/\/charente.catholique.fr\/grand-angouleme\/#website"},"primaryImageOfPage":{"@id":"https:\/\/charente.catholique.fr\/grand-angouleme\/actualites\/echos-eap-du-16-janvier-2024\/#primaryimage"},"image":{"@id":"https:\/\/charente.catholique.fr\/grand-angouleme\/actualites\/echos-eap-du-16-janvier-2024\/#primaryimage"},"thumbnailUrl":"https:\/\/charente.catholique.fr\/grand-angouleme\/wp-content\/uploads\/sites\/2\/2022\/03\/eap-pixabay-1080x1080-1.jpg","datePublished":"2024-01-23T17:38:48+00:00","dateModified":"2024-01-23T17:38:49+00:00","breadcrumb":{"@id":"https:\/\/charente.catholique.fr\/grand-angouleme\/actualites\/echos-eap-du-16-janvier-2024\/#breadcrumb"},"inLanguage":"fr-FR","potentialAction":[{"@type":"ReadAction","target":["https:\/\/charente.catholique.fr\/grand-angouleme\/actualites\/echos-eap-du-16-janvier-2024\/"]}]},{"@type":"ImageObject","inLanguage":"fr-FR","@id":"https:\/\/charente.catholique.fr\/grand-angouleme\/actualites\/echos-eap-du-16-janvier-2024\/#primaryimage","url":"https:\/\/charente.catholique.fr\/grand-angouleme\/wp-content\/uploads\/sites\/2\/2022\/03\/eap-pixabay-1080x1080-1.jpg","contentUrl":"https:\/\/charente.catholique.fr\/grand-angouleme\/wp-content\/uploads\/sites\/2\/2022\/03\/eap-pixabay-1080x1080-1.jpg","width":1080,"height":1080},{"@type":"BreadcrumbList","@id":"https:\/\/charente.catholique.fr\/grand-angouleme\/actualites\/echos-eap-du-16-janvier-2024\/#breadcrumb","itemListElement":[{"@type":"ListItem","position":1,"name":"Accueil","item":"https:\/\/charente.catholique.fr\/grand-angouleme\/"},{"@type":"ListItem","position":2,"name":"Echos EAP du 16 janvier 2024"}]},{"@type":"WebSite","@id":"https:\/\/charente.catholique.fr\/grand-angouleme\/#website","url":"https:\/\/charente.catholique.fr\/grand-angouleme\/","name":"Doyenn\u00e9 Grand Angoul\u00eame - Dioc\u00e8se d'Angoul\u00eame","description":"Dioc\u00e8se d&#039;Angoul\u00eame","publisher":{"@id":"https:\/\/charente.catholique.fr\/grand-angouleme\/#organization"},"potentialAction":[{"@type":"SearchAction","target":{"@type":"EntryPoint","urlTemplate":"https:\/\/charente.catholique.fr\/grand-angouleme\/?s={search_term_string}"},"query-input":{"@type":"PropertyValueSpecification","valueRequired":true,"valueName":"search_term_string"}}],"inLanguage":"fr-FR"},{"@type":"Organization","@id":"https:\/\/charente.catholique.fr\/grand-angouleme\/#organization","name":"Association Dioc\u00e9saine d'Angoul\u00eame","url":"https:\/\/charente.catholique.fr\/grand-angouleme\/","logo":{"@type":"ImageObject","inLanguage":"fr-FR","@id":"https:\/\/charente.catholique.fr\/grand-angouleme\/#\/schema\/logo\/image\/","url":"https:\/\/charente.catholique.fr\/grand-angouleme\/wp-content\/uploads\/sites\/2\/2020\/10\/logos.png","contentUrl":"https:\/\/charente.catholique.fr\/grand-angouleme\/wp-content\/uploads\/sites\/2\/2020\/10\/logos.png","width":600,"height":257,"caption":"Association Dioc\u00e9saine d'Angoul\u00eame"},"image":{"@id":"https:\/\/charente.catholique.fr\/grand-angouleme\/#\/schema\/logo\/image\/"},"sameAs":["https:\/\/www.facebook.com\/EgliseCatholiqueCharente","https:\/\/x.com\/diocesecharente","https:\/\/www.instagram.com\/eglisecharente","https:\/\/www.youtube.com\/channel\/UCByyFWApZbw3gDTiADoiAaQ"]},{"@type":"Person","@id":"https:\/\/charente.catholique.fr\/grand-angouleme\/#\/schema\/person\/b12f449504ff2da4d633df0f02abf9ee","name":"B\u00e9atrice Saint-P\u00e9","image":{"@type":"ImageObject","inLanguage":"fr-FR","@id":"https:\/\/charente.catholique.fr\/grand-angouleme\/#\/schema\/person\/image\/","url":"https:\/\/secure.gravatar.com\/avatar\/0493ed83685d630b019670a73a3a663bebc1c98f6ebcb0b57c8fd12fe86c0c3d?s=96&d=mm&r=g","contentUrl":"https:\/\/secure.gravatar.com\/avatar\/0493ed83685d630b019670a73a3a663bebc1c98f6ebcb0b57c8fd12fe86c0c3d?s=96&d=mm&r=g","caption":"B\u00e9atrice Saint-P\u00e9"},"url":"https:\/\/charente.catholique.fr\/grand-angouleme\/author\/beatricesaintpe\/"}]}},"_links":{"self":[{"href":"https:\/\/charente.catholique.fr\/grand-angouleme\/wp-json\/wp\/v2\/posts\/23082","targetHints":{"allow":["GET"]}}],"collection":[{"href":"https:\/\/charente.catholique.fr\/grand-angouleme\/wp-json\/wp\/v2\/posts"}],"about":[{"href":"https:\/\/charente.catholique.fr\/grand-angouleme\/wp-json\/wp\/v2\/types\/post"}],"author":[{"embeddable":true,"href":"https:\/\/charente.catholique.fr\/grand-angouleme\/wp-json\/wp\/v2\/users\/5"}],"replies":[{"embeddable":true,"href":"https:\/\/charente.catholique.fr\/grand-angouleme\/wp-json\/wp\/v2\/comments?post=23082"}],"version-history":[{"count":2,"href":"https:\/\/charente.catholique.fr\/grand-angouleme\/wp-json\/wp\/v2\/posts\/23082\/revisions"}],"predecessor-version":[{"id":23087,"href":"https:\/\/charente.catholique.fr\/grand-angouleme\/wp-json\/wp\/v2\/posts\/23082\/revisions\/23087"}],"wp:featuredmedia":[{"embeddable":true,"href":"https:\/\/charente.catholique.fr\/grand-angouleme\/wp-json\/wp\/v2\/media\/16152"}],"wp:attachment":[{"href":"https:\/\/charente.catholique.fr\/grand-angouleme\/wp-json\/wp\/v2\/media?parent=23082"}],"wp:term":[{"taxonomy":"category","embeddable":true,"href":"https:\/\/charente.catholique.fr\/grand-angouleme\/wp-json\/wp\/v2\/categories?post=23082"},{"taxonomy":"post_tag","embeddable":true,"href":"https:\/\/charente.catholique.fr\/grand-angouleme\/wp-json\/wp\/v2\/tags?post=23082"}],"curies":[{"name":"wp","href":"https:\/\/api.w.org\/{rel}","templated":true}]}}