{"id":23014,"date":"2024-01-17T10:43:56","date_gmt":"2024-01-17T09:43:56","guid":{"rendered":"https:\/\/charente.catholique.fr\/grand-angouleme\/?p=23014"},"modified":"2024-01-17T10:50:05","modified_gmt":"2024-01-17T09:50:05","slug":"soirees-pour-les-malades-et-les-personnes-qui-souffrent","status":"publish","type":"post","link":"https:\/\/charente.catholique.fr\/grand-angouleme\/actualites\/soirees-pour-les-malades-et-les-personnes-qui-souffrent\/","title":{"rendered":"Soir\u00e9es pour les malades et les personnes qui souffrent"},"content":{"rendered":"\n<p>Des soir\u00e9es pour \u00ab les malades et les personnes qui souffrent \u00bb sont propos\u00e9es  au Sacr\u00e9 C\u0153ur \u00e0 Angoul\u00eame<br>La communaut\u00e9 de l\u2019Emmanuel est \u00e0 l\u2019initiative de ces soir\u00e9es et se charge de l\u2019animation en lien avec la Fraternit\u00e9 Pentec\u00f4te, la communaut\u00e9 de Gennezaret, la communaut\u00e9 du chemin neuf, le village Saint Joseph et des protestants.<\/p>\n\n\n\n<iframe allowfullscreen width=100% height=140px src=\"https:\/\/www.rcf.fr\/vie-spirituelle\/chronique-diocesaine\/embed?episodeId=442494\"><\/iframe>\n\n\n<div class=\"wp-block-image\">\n<figure class=\"aligncenter size-full is-resized\"><img loading=\"lazy\" decoding=\"async\" width=\"663\" height=\"1024\" src=\"https:\/\/charente.catholique.fr\/grand-angouleme\/wp-content\/uploads\/sites\/2\/2024\/01\/WhatsApp-Image-2024-01-17-a-10.36.03_d1bc193f.jpg\" alt=\"\" class=\"wp-image-23015\" style=\"width:663px;height:auto\" srcset=\"https:\/\/charente.catholique.fr\/grand-angouleme\/wp-content\/uploads\/sites\/2\/2024\/01\/WhatsApp-Image-2024-01-17-a-10.36.03_d1bc193f.jpg 663w, https:\/\/charente.catholique.fr\/grand-angouleme\/wp-content\/uploads\/sites\/2\/2024\/01\/WhatsApp-Image-2024-01-17-a-10.36.03_d1bc193f-194x300.jpg 194w\" sizes=\"auto, (max-width: 663px) 100vw, 663px\" \/><\/figure>\n<\/div>","protected":false},"excerpt":{"rendered":"<p>Des soir\u00e9es pour \u00ab les malades et les personnes qui souffrent \u00bb sont propos\u00e9es au Sacr\u00e9 C\u0153ur \u00e0 Angoul\u00eameLa communaut\u00e9 de l\u2019Emmanuel est \u00e0 l\u2019initiative de ces soir\u00e9es et se charge de l\u2019animation en lien avec la Fraternit\u00e9 Pentec\u00f4te, la communaut\u00e9 de Gennezaret, la communaut\u00e9 du chemin neuf, le village Saint Joseph et des protestants.<\/p>\n","protected":false},"author":3,"featured_media":23016,"comment_status":"open","ping_status":"open","sticky":false,"template":"","format":"standard","meta":{"_acf_changed":false,"paroisse":["6"],"service":["0"],"footnotes":""},"categories":[1],"tags":[],"class_list":["post-23014","post","type-post","status-publish","format-standard","has-post-thumbnail","hentry","category-actualites","validated"],"acf":[],"yoast_head":"<!-- This site is optimized with the Yoast SEO plugin v27.1.1 - https:\/\/yoast.com\/product\/yoast-seo-wordpress\/ -->\n<title>Soir\u00e9es pour les malades et les personnes qui souffrent - Doyenn\u00e9 Grand Angoul\u00eame<\/title>\n<meta name=\"robots\" content=\"index, follow, max-snippet:-1, max-image-preview:large, max-video-preview:-1\" \/>\n<link rel=\"canonical\" href=\"https:\/\/charente.catholique.fr\/grand-angouleme\/actualites\/soirees-pour-les-malades-et-les-personnes-qui-souffrent\/\" \/>\n<meta property=\"og:locale\" content=\"fr_FR\" \/>\n<meta property=\"og:type\" content=\"article\" \/>\n<meta property=\"og:title\" content=\"Soir\u00e9es pour les malades et les personnes qui souffrent - Doyenn\u00e9 Grand Angoul\u00eame\" \/>\n<meta property=\"og:description\" content=\"Des soir\u00e9es pour \u00ab les malades et les personnes qui souffrent \u00bb sont propos\u00e9es au Sacr\u00e9 C\u0153ur \u00e0 Angoul\u00eameLa communaut\u00e9 de l\u2019Emmanuel est \u00e0 l\u2019initiative de ces soir\u00e9es et se charge de l\u2019animation en lien avec la Fraternit\u00e9 Pentec\u00f4te, la communaut\u00e9 de Gennezaret, la communaut\u00e9 du chemin neuf, le village Saint Joseph et des protestants.\" \/>\n<meta property=\"og:url\" content=\"https:\/\/charente.catholique.fr\/grand-angouleme\/actualites\/soirees-pour-les-malades-et-les-personnes-qui-souffrent\/\" \/>\n<meta property=\"og:site_name\" content=\"Doyenn\u00e9 Grand Angoul\u00eame\" \/>\n<meta property=\"article:publisher\" content=\"https:\/\/www.facebook.com\/EgliseCatholiqueCharente\" \/>\n<meta property=\"article:published_time\" content=\"2024-01-17T09:43:56+00:00\" \/>\n<meta property=\"article:modified_time\" content=\"2024-01-17T09:50:05+00:00\" \/>\n<meta property=\"og:image\" content=\"https:\/\/charente.catholique.fr\/grand-angouleme\/wp-content\/uploads\/sites\/2\/2024\/01\/rom_vatikan_basilika_st._peter_die_taube_des_heiligen_geistes_cathedra_petri_bernini.jpg\" \/>\n\t<meta property=\"og:image:width\" content=\"390\" \/>\n\t<meta property=\"og:image:height\" content=\"528\" \/>\n\t<meta property=\"og:image:type\" content=\"image\/jpeg\" \/>\n<meta name=\"author\" content=\"Sylvaine\" \/>\n<meta name=\"twitter:card\" content=\"summary_large_image\" \/>\n<meta name=\"twitter:creator\" content=\"@diocesecharente\" \/>\n<meta name=\"twitter:site\" content=\"@diocesecharente\" \/>\n<meta name=\"twitter:label1\" content=\"\u00c9crit par\" \/>\n\t<meta name=\"twitter:data1\" content=\"Sylvaine\" \/>\n\t<meta name=\"twitter:label2\" content=\"Dur\u00e9e de lecture estim\u00e9e\" \/>\n\t<meta name=\"twitter:data2\" content=\"1 minute\" \/>\n<script type=\"application\/ld+json\" class=\"yoast-schema-graph\">{\"@context\":\"https:\/\/schema.org\",\"@graph\":[{\"@type\":\"Article\",\"@id\":\"https:\/\/charente.catholique.fr\/grand-angouleme\/actualites\/soirees-pour-les-malades-et-les-personnes-qui-souffrent\/#article\",\"isPartOf\":{\"@id\":\"https:\/\/charente.catholique.fr\/grand-angouleme\/actualites\/soirees-pour-les-malades-et-les-personnes-qui-souffrent\/\"},\"author\":{\"name\":\"Sylvaine\",\"@id\":\"https:\/\/charente.catholique.fr\/grand-angouleme\/#\/schema\/person\/9d46fe084c5954bd35fd161aab7a277a\"},\"headline\":\"Soir\u00e9es pour les malades et les personnes qui souffrent\",\"datePublished\":\"2024-01-17T09:43:56+00:00\",\"dateModified\":\"2024-01-17T09:50:05+00:00\",\"mainEntityOfPage\":{\"@id\":\"https:\/\/charente.catholique.fr\/grand-angouleme\/actualites\/soirees-pour-les-malades-et-les-personnes-qui-souffrent\/\"},\"wordCount\":70,\"commentCount\":0,\"publisher\":{\"@id\":\"https:\/\/charente.catholique.fr\/grand-angouleme\/#organization\"},\"image\":{\"@id\":\"https:\/\/charente.catholique.fr\/grand-angouleme\/actualites\/soirees-pour-les-malades-et-les-personnes-qui-souffrent\/#primaryimage\"},\"thumbnailUrl\":\"https:\/\/charente.catholique.fr\/grand-angouleme\/wp-content\/uploads\/sites\/2\/2024\/01\/rom_vatikan_basilika_st._peter_die_taube_des_heiligen_geistes_cathedra_petri_bernini.jpg\",\"articleSection\":[\"Actualit\u00e9s\"],\"inLanguage\":\"fr-FR\",\"potentialAction\":[{\"@type\":\"CommentAction\",\"name\":\"Comment\",\"target\":[\"https:\/\/charente.catholique.fr\/grand-angouleme\/actualites\/soirees-pour-les-malades-et-les-personnes-qui-souffrent\/#respond\"]}]},{\"@type\":\"WebPage\",\"@id\":\"https:\/\/charente.catholique.fr\/grand-angouleme\/actualites\/soirees-pour-les-malades-et-les-personnes-qui-souffrent\/\",\"url\":\"https:\/\/charente.catholique.fr\/grand-angouleme\/actualites\/soirees-pour-les-malades-et-les-personnes-qui-souffrent\/\",\"name\":\"Soir\u00e9es pour les malades et les personnes qui souffrent - Doyenn\u00e9 Grand Angoul\u00eame\",\"isPartOf\":{\"@id\":\"https:\/\/charente.catholique.fr\/grand-angouleme\/#website\"},\"primaryImageOfPage\":{\"@id\":\"https:\/\/charente.catholique.fr\/grand-angouleme\/actualites\/soirees-pour-les-malades-et-les-personnes-qui-souffrent\/#primaryimage\"},\"image\":{\"@id\":\"https:\/\/charente.catholique.fr\/grand-angouleme\/actualites\/soirees-pour-les-malades-et-les-personnes-qui-souffrent\/#primaryimage\"},\"thumbnailUrl\":\"https:\/\/charente.catholique.fr\/grand-angouleme\/wp-content\/uploads\/sites\/2\/2024\/01\/rom_vatikan_basilika_st._peter_die_taube_des_heiligen_geistes_cathedra_petri_bernini.jpg\",\"datePublished\":\"2024-01-17T09:43:56+00:00\",\"dateModified\":\"2024-01-17T09:50:05+00:00\",\"breadcrumb\":{\"@id\":\"https:\/\/charente.catholique.fr\/grand-angouleme\/actualites\/soirees-pour-les-malades-et-les-personnes-qui-souffrent\/#breadcrumb\"},\"inLanguage\":\"fr-FR\",\"potentialAction\":[{\"@type\":\"ReadAction\",\"target\":[\"https:\/\/charente.catholique.fr\/grand-angouleme\/actualites\/soirees-pour-les-malades-et-les-personnes-qui-souffrent\/\"]}]},{\"@type\":\"ImageObject\",\"inLanguage\":\"fr-FR\",\"@id\":\"https:\/\/charente.catholique.fr\/grand-angouleme\/actualites\/soirees-pour-les-malades-et-les-personnes-qui-souffrent\/#primaryimage\",\"url\":\"https:\/\/charente.catholique.fr\/grand-angouleme\/wp-content\/uploads\/sites\/2\/2024\/01\/rom_vatikan_basilika_st._peter_die_taube_des_heiligen_geistes_cathedra_petri_bernini.jpg\",\"contentUrl\":\"https:\/\/charente.catholique.fr\/grand-angouleme\/wp-content\/uploads\/sites\/2\/2024\/01\/rom_vatikan_basilika_st._peter_die_taube_des_heiligen_geistes_cathedra_petri_bernini.jpg\",\"width\":390,\"height\":528,\"caption\":\"Minolta DSC\"},{\"@type\":\"BreadcrumbList\",\"@id\":\"https:\/\/charente.catholique.fr\/grand-angouleme\/actualites\/soirees-pour-les-malades-et-les-personnes-qui-souffrent\/#breadcrumb\",\"itemListElement\":[{\"@type\":\"ListItem\",\"position\":1,\"name\":\"Accueil\",\"item\":\"https:\/\/charente.catholique.fr\/grand-angouleme\/\"},{\"@type\":\"ListItem\",\"position\":2,\"name\":\"Soir\u00e9es pour les malades et les personnes qui souffrent\"}]},{\"@type\":\"WebSite\",\"@id\":\"https:\/\/charente.catholique.fr\/grand-angouleme\/#website\",\"url\":\"https:\/\/charente.catholique.fr\/grand-angouleme\/\",\"name\":\"Doyenn\u00e9 Grand Angoul\u00eame - Dioc\u00e8se d'Angoul\u00eame\",\"description\":\"Dioc\u00e8se d&#039;Angoul\u00eame\",\"publisher\":{\"@id\":\"https:\/\/charente.catholique.fr\/grand-angouleme\/#organization\"},\"potentialAction\":[{\"@type\":\"SearchAction\",\"target\":{\"@type\":\"EntryPoint\",\"urlTemplate\":\"https:\/\/charente.catholique.fr\/grand-angouleme\/?s={search_term_string}\"},\"query-input\":{\"@type\":\"PropertyValueSpecification\",\"valueRequired\":true,\"valueName\":\"search_term_string\"}}],\"inLanguage\":\"fr-FR\"},{\"@type\":\"Organization\",\"@id\":\"https:\/\/charente.catholique.fr\/grand-angouleme\/#organization\",\"name\":\"Association Dioc\u00e9saine d'Angoul\u00eame\",\"url\":\"https:\/\/charente.catholique.fr\/grand-angouleme\/\",\"logo\":{\"@type\":\"ImageObject\",\"inLanguage\":\"fr-FR\",\"@id\":\"https:\/\/charente.catholique.fr\/grand-angouleme\/#\/schema\/logo\/image\/\",\"url\":\"https:\/\/charente.catholique.fr\/grand-angouleme\/wp-content\/uploads\/sites\/2\/2020\/10\/logos.png\",\"contentUrl\":\"https:\/\/charente.catholique.fr\/grand-angouleme\/wp-content\/uploads\/sites\/2\/2020\/10\/logos.png\",\"width\":600,\"height\":257,\"caption\":\"Association Dioc\u00e9saine d'Angoul\u00eame\"},\"image\":{\"@id\":\"https:\/\/charente.catholique.fr\/grand-angouleme\/#\/schema\/logo\/image\/\"},\"sameAs\":[\"https:\/\/www.facebook.com\/EgliseCatholiqueCharente\",\"https:\/\/x.com\/diocesecharente\",\"https:\/\/www.instagram.com\/eglisecharente\",\"https:\/\/www.youtube.com\/channel\/UCByyFWApZbw3gDTiADoiAaQ\"]},{\"@type\":\"Person\",\"@id\":\"https:\/\/charente.catholique.fr\/grand-angouleme\/#\/schema\/person\/9d46fe084c5954bd35fd161aab7a277a\",\"name\":\"Sylvaine\",\"image\":{\"@type\":\"ImageObject\",\"inLanguage\":\"fr-FR\",\"@id\":\"https:\/\/charente.catholique.fr\/grand-angouleme\/#\/schema\/person\/image\/\",\"url\":\"https:\/\/secure.gravatar.com\/avatar\/c2d819d8eafaec3d0be0bfeb1c1d4388c6f0232538593b042bf92e3c8fc1c2e0?s=96&d=mm&r=g\",\"contentUrl\":\"https:\/\/secure.gravatar.com\/avatar\/c2d819d8eafaec3d0be0bfeb1c1d4388c6f0232538593b042bf92e3c8fc1c2e0?s=96&d=mm&r=g\",\"caption\":\"Sylvaine\"},\"sameAs\":[\"http:\/\/sylvainelacrouts\"],\"url\":\"https:\/\/charente.catholique.fr\/grand-angouleme\/author\/sylvainelacrouts\/\"}]}<\/script>\n<!-- \/ Yoast SEO plugin. -->","yoast_head_json":{"title":"Soir\u00e9es pour les malades et les personnes qui souffrent - Doyenn\u00e9 Grand Angoul\u00eame","robots":{"index":"index","follow":"follow","max-snippet":"max-snippet:-1","max-image-preview":"max-image-preview:large","max-video-preview":"max-video-preview:-1"},"canonical":"https:\/\/charente.catholique.fr\/grand-angouleme\/actualites\/soirees-pour-les-malades-et-les-personnes-qui-souffrent\/","og_locale":"fr_FR","og_type":"article","og_title":"Soir\u00e9es pour les malades et les personnes qui souffrent - Doyenn\u00e9 Grand Angoul\u00eame","og_description":"Des soir\u00e9es pour \u00ab les malades et les personnes qui souffrent \u00bb sont propos\u00e9es au Sacr\u00e9 C\u0153ur \u00e0 Angoul\u00eameLa communaut\u00e9 de l\u2019Emmanuel est \u00e0 l\u2019initiative de ces soir\u00e9es et se charge de l\u2019animation en lien avec la Fraternit\u00e9 Pentec\u00f4te, la communaut\u00e9 de Gennezaret, la communaut\u00e9 du chemin neuf, le village Saint Joseph et des protestants.","og_url":"https:\/\/charente.catholique.fr\/grand-angouleme\/actualites\/soirees-pour-les-malades-et-les-personnes-qui-souffrent\/","og_site_name":"Doyenn\u00e9 Grand Angoul\u00eame","article_publisher":"https:\/\/www.facebook.com\/EgliseCatholiqueCharente","article_published_time":"2024-01-17T09:43:56+00:00","article_modified_time":"2024-01-17T09:50:05+00:00","og_image":[{"width":390,"height":528,"url":"https:\/\/charente.catholique.fr\/grand-angouleme\/wp-content\/uploads\/sites\/2\/2024\/01\/rom_vatikan_basilika_st._peter_die_taube_des_heiligen_geistes_cathedra_petri_bernini.jpg","type":"image\/jpeg"}],"author":"Sylvaine","twitter_card":"summary_large_image","twitter_creator":"@diocesecharente","twitter_site":"@diocesecharente","twitter_misc":{"\u00c9crit par":"Sylvaine","Dur\u00e9e de lecture estim\u00e9e":"1 minute"},"schema":{"@context":"https:\/\/schema.org","@graph":[{"@type":"Article","@id":"https:\/\/charente.catholique.fr\/grand-angouleme\/actualites\/soirees-pour-les-malades-et-les-personnes-qui-souffrent\/#article","isPartOf":{"@id":"https:\/\/charente.catholique.fr\/grand-angouleme\/actualites\/soirees-pour-les-malades-et-les-personnes-qui-souffrent\/"},"author":{"name":"Sylvaine","@id":"https:\/\/charente.catholique.fr\/grand-angouleme\/#\/schema\/person\/9d46fe084c5954bd35fd161aab7a277a"},"headline":"Soir\u00e9es pour les malades et les personnes qui souffrent","datePublished":"2024-01-17T09:43:56+00:00","dateModified":"2024-01-17T09:50:05+00:00","mainEntityOfPage":{"@id":"https:\/\/charente.catholique.fr\/grand-angouleme\/actualites\/soirees-pour-les-malades-et-les-personnes-qui-souffrent\/"},"wordCount":70,"commentCount":0,"publisher":{"@id":"https:\/\/charente.catholique.fr\/grand-angouleme\/#organization"},"image":{"@id":"https:\/\/charente.catholique.fr\/grand-angouleme\/actualites\/soirees-pour-les-malades-et-les-personnes-qui-souffrent\/#primaryimage"},"thumbnailUrl":"https:\/\/charente.catholique.fr\/grand-angouleme\/wp-content\/uploads\/sites\/2\/2024\/01\/rom_vatikan_basilika_st._peter_die_taube_des_heiligen_geistes_cathedra_petri_bernini.jpg","articleSection":["Actualit\u00e9s"],"inLanguage":"fr-FR","potentialAction":[{"@type":"CommentAction","name":"Comment","target":["https:\/\/charente.catholique.fr\/grand-angouleme\/actualites\/soirees-pour-les-malades-et-les-personnes-qui-souffrent\/#respond"]}]},{"@type":"WebPage","@id":"https:\/\/charente.catholique.fr\/grand-angouleme\/actualites\/soirees-pour-les-malades-et-les-personnes-qui-souffrent\/","url":"https:\/\/charente.catholique.fr\/grand-angouleme\/actualites\/soirees-pour-les-malades-et-les-personnes-qui-souffrent\/","name":"Soir\u00e9es pour les malades et les personnes qui souffrent - Doyenn\u00e9 Grand Angoul\u00eame","isPartOf":{"@id":"https:\/\/charente.catholique.fr\/grand-angouleme\/#website"},"primaryImageOfPage":{"@id":"https:\/\/charente.catholique.fr\/grand-angouleme\/actualites\/soirees-pour-les-malades-et-les-personnes-qui-souffrent\/#primaryimage"},"image":{"@id":"https:\/\/charente.catholique.fr\/grand-angouleme\/actualites\/soirees-pour-les-malades-et-les-personnes-qui-souffrent\/#primaryimage"},"thumbnailUrl":"https:\/\/charente.catholique.fr\/grand-angouleme\/wp-content\/uploads\/sites\/2\/2024\/01\/rom_vatikan_basilika_st._peter_die_taube_des_heiligen_geistes_cathedra_petri_bernini.jpg","datePublished":"2024-01-17T09:43:56+00:00","dateModified":"2024-01-17T09:50:05+00:00","breadcrumb":{"@id":"https:\/\/charente.catholique.fr\/grand-angouleme\/actualites\/soirees-pour-les-malades-et-les-personnes-qui-souffrent\/#breadcrumb"},"inLanguage":"fr-FR","potentialAction":[{"@type":"ReadAction","target":["https:\/\/charente.catholique.fr\/grand-angouleme\/actualites\/soirees-pour-les-malades-et-les-personnes-qui-souffrent\/"]}]},{"@type":"ImageObject","inLanguage":"fr-FR","@id":"https:\/\/charente.catholique.fr\/grand-angouleme\/actualites\/soirees-pour-les-malades-et-les-personnes-qui-souffrent\/#primaryimage","url":"https:\/\/charente.catholique.fr\/grand-angouleme\/wp-content\/uploads\/sites\/2\/2024\/01\/rom_vatikan_basilika_st._peter_die_taube_des_heiligen_geistes_cathedra_petri_bernini.jpg","contentUrl":"https:\/\/charente.catholique.fr\/grand-angouleme\/wp-content\/uploads\/sites\/2\/2024\/01\/rom_vatikan_basilika_st._peter_die_taube_des_heiligen_geistes_cathedra_petri_bernini.jpg","width":390,"height":528,"caption":"Minolta DSC"},{"@type":"BreadcrumbList","@id":"https:\/\/charente.catholique.fr\/grand-angouleme\/actualites\/soirees-pour-les-malades-et-les-personnes-qui-souffrent\/#breadcrumb","itemListElement":[{"@type":"ListItem","position":1,"name":"Accueil","item":"https:\/\/charente.catholique.fr\/grand-angouleme\/"},{"@type":"ListItem","position":2,"name":"Soir\u00e9es pour les malades et les personnes qui souffrent"}]},{"@type":"WebSite","@id":"https:\/\/charente.catholique.fr\/grand-angouleme\/#website","url":"https:\/\/charente.catholique.fr\/grand-angouleme\/","name":"Doyenn\u00e9 Grand Angoul\u00eame - Dioc\u00e8se d'Angoul\u00eame","description":"Dioc\u00e8se d&#039;Angoul\u00eame","publisher":{"@id":"https:\/\/charente.catholique.fr\/grand-angouleme\/#organization"},"potentialAction":[{"@type":"SearchAction","target":{"@type":"EntryPoint","urlTemplate":"https:\/\/charente.catholique.fr\/grand-angouleme\/?s={search_term_string}"},"query-input":{"@type":"PropertyValueSpecification","valueRequired":true,"valueName":"search_term_string"}}],"inLanguage":"fr-FR"},{"@type":"Organization","@id":"https:\/\/charente.catholique.fr\/grand-angouleme\/#organization","name":"Association Dioc\u00e9saine d'Angoul\u00eame","url":"https:\/\/charente.catholique.fr\/grand-angouleme\/","logo":{"@type":"ImageObject","inLanguage":"fr-FR","@id":"https:\/\/charente.catholique.fr\/grand-angouleme\/#\/schema\/logo\/image\/","url":"https:\/\/charente.catholique.fr\/grand-angouleme\/wp-content\/uploads\/sites\/2\/2020\/10\/logos.png","contentUrl":"https:\/\/charente.catholique.fr\/grand-angouleme\/wp-content\/uploads\/sites\/2\/2020\/10\/logos.png","width":600,"height":257,"caption":"Association Dioc\u00e9saine d'Angoul\u00eame"},"image":{"@id":"https:\/\/charente.catholique.fr\/grand-angouleme\/#\/schema\/logo\/image\/"},"sameAs":["https:\/\/www.facebook.com\/EgliseCatholiqueCharente","https:\/\/x.com\/diocesecharente","https:\/\/www.instagram.com\/eglisecharente","https:\/\/www.youtube.com\/channel\/UCByyFWApZbw3gDTiADoiAaQ"]},{"@type":"Person","@id":"https:\/\/charente.catholique.fr\/grand-angouleme\/#\/schema\/person\/9d46fe084c5954bd35fd161aab7a277a","name":"Sylvaine","image":{"@type":"ImageObject","inLanguage":"fr-FR","@id":"https:\/\/charente.catholique.fr\/grand-angouleme\/#\/schema\/person\/image\/","url":"https:\/\/secure.gravatar.com\/avatar\/c2d819d8eafaec3d0be0bfeb1c1d4388c6f0232538593b042bf92e3c8fc1c2e0?s=96&d=mm&r=g","contentUrl":"https:\/\/secure.gravatar.com\/avatar\/c2d819d8eafaec3d0be0bfeb1c1d4388c6f0232538593b042bf92e3c8fc1c2e0?s=96&d=mm&r=g","caption":"Sylvaine"},"sameAs":["http:\/\/sylvainelacrouts"],"url":"https:\/\/charente.catholique.fr\/grand-angouleme\/author\/sylvainelacrouts\/"}]}},"_links":{"self":[{"href":"https:\/\/charente.catholique.fr\/grand-angouleme\/wp-json\/wp\/v2\/posts\/23014","targetHints":{"allow":["GET"]}}],"collection":[{"href":"https:\/\/charente.catholique.fr\/grand-angouleme\/wp-json\/wp\/v2\/posts"}],"about":[{"href":"https:\/\/charente.catholique.fr\/grand-angouleme\/wp-json\/wp\/v2\/types\/post"}],"author":[{"embeddable":true,"href":"https:\/\/charente.catholique.fr\/grand-angouleme\/wp-json\/wp\/v2\/users\/3"}],"replies":[{"embeddable":true,"href":"https:\/\/charente.catholique.fr\/grand-angouleme\/wp-json\/wp\/v2\/comments?post=23014"}],"version-history":[{"count":1,"href":"https:\/\/charente.catholique.fr\/grand-angouleme\/wp-json\/wp\/v2\/posts\/23014\/revisions"}],"predecessor-version":[{"id":23017,"href":"https:\/\/charente.catholique.fr\/grand-angouleme\/wp-json\/wp\/v2\/posts\/23014\/revisions\/23017"}],"wp:featuredmedia":[{"embeddable":true,"href":"https:\/\/charente.catholique.fr\/grand-angouleme\/wp-json\/wp\/v2\/media\/23016"}],"wp:attachment":[{"href":"https:\/\/charente.catholique.fr\/grand-angouleme\/wp-json\/wp\/v2\/media?parent=23014"}],"wp:term":[{"taxonomy":"category","embeddable":true,"href":"https:\/\/charente.catholique.fr\/grand-angouleme\/wp-json\/wp\/v2\/categories?post=23014"},{"taxonomy":"post_tag","embeddable":true,"href":"https:\/\/charente.catholique.fr\/grand-angouleme\/wp-json\/wp\/v2\/tags?post=23014"}],"curies":[{"name":"wp","href":"https:\/\/api.w.org\/{rel}","templated":true}]}}