{"id":22931,"date":"2024-01-15T07:24:57","date_gmt":"2024-01-15T06:24:57","guid":{"rendered":"https:\/\/charente.catholique.fr\/grand-angouleme\/?p=22931"},"modified":"2024-01-18T11:15:16","modified_gmt":"2024-01-18T10:15:16","slug":"baptemes-professions-de-foi-et-premieres-communions-a-sainte-josephine-bakhita","status":"publish","type":"post","link":"https:\/\/charente.catholique.fr\/grand-angouleme\/actualites\/baptemes-professions-de-foi-et-premieres-communions-a-sainte-josephine-bakhita\/","title":{"rendered":"Bapt\u00eames, professions de foi et premi\u00e8res communions \u00e0 Sainte Jos\u00e9phine Bakhita"},"content":{"rendered":"\n<h4 class=\"wp-block-heading\">Accueil<\/h4>\n\n\n\n<p class=\"has-medium-font-size\">Dans le livre de Samuel et le Psaume de ce jour, le Seigneur ne se lasse pas de rejoindre avec d\u00e9licatesse ceux qu&#8217;Il appelle. Nous aussi, nous pouvons ouvrir notre c\u0153ur pour r\u00e9pondre : &#8220;PARLE SEIGNEUR TON SERVITEUR \u00c9COUTE&#8221;.<\/p>\n\n\n\n<p class=\"has-medium-font-size\">Aujourd&#8217;hui nous accueillons 9 jeunes en chemin pour une belle aventure de foi :<br>     ANG\u00c8LE, TH\u00c9O, MANON , CHARLOTTE et NATAL\u00c9NA vont vivre la derni\u00e8re \u00e9tape de leur bapt\u00eame. Ils se sont             pr\u00e9par\u00e9s depuis 2 ans et nous les avons d\u00e9j\u00e0 accueillis.<br>     GLAWDYS et \u00c9VA vont communier pour la 1\u00e8re fois.<br>     MARIE-AM\u00c9LIE et MAXENCE sont avec nous pour leur profession de foi.<br><\/p>\n\n\n\n<p class=\"has-medium-font-size\">Autant de chemins ouverts par le Christ Ressuscit\u00e9.<br>Rendons gloire \u00e0 notre Dieu et c\u00e9l\u00e9brons ensemble la joie d&#8217;appartenir \u00e0 la grande famille des enfants de Dieu.<br>Nous pourrons aussi nous retrouver au pot offert \u00e0 l&#8217;issue de la messe.<\/p>\n\n\n\n<h4 class=\"wp-block-heading\"><a href=\"https:\/\/www.aelf.org\/2024-01-14\/romain\/messe\">Lectures du jour<\/a><\/h4>\n\n\n\n<h4 class=\"wp-block-heading\">Commentaire de Yolande Lallemand<\/h4>\n\n\n\n<figure class=\"wp-block-embed is-type-video is-provider-youtube wp-block-embed-youtube wp-embed-aspect-16-9 wp-has-aspect-ratio\"><div class=\"wp-block-embed__wrapper\">\n<iframe loading=\"lazy\" title=\"Bapt\u00eames de 5 jeunes \u00e0 Saint-Pierre-Auma\u00eetre, commentaire de l&#039;Evangile par Yolande Lallemand\" width=\"500\" height=\"281\" src=\"https:\/\/www.youtube.com\/embed\/tCT0RRxCjKo?feature=oembed\" frameborder=\"0\" allow=\"accelerometer; autoplay; clipboard-write; encrypted-media; gyroscope; picture-in-picture; web-share\" referrerpolicy=\"strict-origin-when-cross-origin\" allowfullscreen><\/iframe>\n<\/div><\/figure>\n\n\n\n<p><\/p>\n\n\n\n<h4 class=\"wp-block-heading\">Pri\u00c8re universelle<\/h4>\n\n\n\n<p>Prions pour notre Pape, les \u00e9v\u00eaques, les pr\u00eatres et tous les baptis\u00e9s au service de la mission. Quand le Christ appelle, qu\u2019ils sachent se lever et r\u00e9pondre avec la m\u00eame confiance que Samuel, Pierre ou Andr\u00e9.<\/p>\n\n\n\n<p> Prions pour Ang\u00e8le, Charlotte, Manon, Natal\u00e9na, Th\u00e9o, Glawdys, \u00c9va, Marie-Am\u00e9lie et Maxence. Que les sacrements re\u00e7us aujourd\u2019hui leur donne la force de demeurer dans la pr\u00e9sence de Dieu, de le chercher sans rel\u00e2che pour t\u00e9moigner de son amour. <\/p>\n\n\n\n<p>Prions pour les sans abris, les d\u00e9munis, les migrants qui doivent affronter les rigueurs de l\u2019hiver, pour ceux qui ont froid dans leur vie. Qu\u2019avec l\u2019aide de toutes les bonnes volont\u00e9s ils puissent retrouver la tendresse du Christ.<\/p>\n\n\n\n<p> Prions pour l\u2019unit\u00e9 des chr\u00e9tiens, Que tous les croyants portent le d\u00e9sir de s\u2019 engager dans le dialogue \u0153cum\u00e9nique pour rechercher l\u2019unit\u00e9 qui pla\u00eet \u00e0 Dieu. <\/p>\n\n\n\n<p>Prions aussi pour les chr\u00e9tiens pers\u00e9cut\u00e9s en Asie comme dans les pays du Proche et Moyen Orient.<\/p>\n\n\n\n<p>Aujourd&#8217;hui Seigneur, nous te prions en communion avec les religieuses et les la\u00efcs de la congr\u00e9gation de l&#8217;Enfant J\u00e9sus, qui au Puy en Velay f\u00eate le 350\u00e8me anniversaire de la p\u00e2que d&#8217;Anne Marie Martel et nous te redisons : \u00ab Seigneur, que tout notre plaisir soit de te faire plaisir \u00bb<\/p>\n\n\n\n<div class=\"wp-block-group is-nowrap is-layout-flex wp-container-core-group-is-layout-6c531013 wp-block-group-is-layout-flex\">\n<figure class=\"wp-block-image size-medium\"><a href=\"https:\/\/www.flickr.com\/photos\/dioceseangouleme\/albums\/72177720314134347\/\"><img loading=\"lazy\" decoding=\"async\" width=\"225\" height=\"300\" src=\"https:\/\/charente.catholique.fr\/grand-angouleme\/wp-content\/uploads\/sites\/2\/2024\/01\/img-20240114-wa00281-225x300.jpeg\" alt=\"\" class=\"wp-image-22955\" srcset=\"https:\/\/charente.catholique.fr\/grand-angouleme\/wp-content\/uploads\/sites\/2\/2024\/01\/img-20240114-wa00281-225x300.jpeg 225w, https:\/\/charente.catholique.fr\/grand-angouleme\/wp-content\/uploads\/sites\/2\/2024\/01\/img-20240114-wa00281.jpeg 768w\" sizes=\"auto, (max-width: 225px) 100vw, 225px\" \/><\/a><\/figure>\n\n\n\n<p class=\"has-text-align-center has-medium-font-size\">Retrouver l&#8217;album photos de la c\u00e9l\u00e9bration<\/p>\n<\/div>\n","protected":false},"excerpt":{"rendered":"<p>Accueil Dans le livre de Samuel et le Psaume de ce jour, le Seigneur ne se lasse pas de rejoindre avec d\u00e9licatesse ceux qu&#8217;Il appelle. Nous aussi, nous pouvons ouvrir notre c\u0153ur pour r\u00e9pondre : &#8220;PARLE SEIGNEUR TON SERVITEUR \u00c9COUTE&#8221;. Aujourd&#8217;hui nous accueillons 9 jeunes en chemin pour une belle aventure de foi : ANG\u00c8LE, [&hellip;]<\/p>\n","protected":false},"author":22,"featured_media":22959,"comment_status":"open","ping_status":"open","sticky":false,"template":"","format":"standard","meta":{"_acf_changed":false,"paroisse":["0"],"service":["0"],"footnotes":""},"categories":[1],"tags":[],"class_list":["post-22931","post","type-post","status-publish","format-standard","has-post-thumbnail","hentry","category-actualites"],"acf":[],"yoast_head":"<!-- This site is optimized with the Yoast SEO plugin v27.1.1 - https:\/\/yoast.com\/product\/yoast-seo-wordpress\/ -->\n<title>Bapt\u00eames, professions de foi et premi\u00e8res communions \u00e0 Sainte Jos\u00e9phine Bakhita - Doyenn\u00e9 Grand Angoul\u00eame<\/title>\n<meta name=\"robots\" content=\"index, follow, max-snippet:-1, max-image-preview:large, max-video-preview:-1\" \/>\n<link rel=\"canonical\" href=\"https:\/\/charente.catholique.fr\/grand-angouleme\/actualites\/baptemes-professions-de-foi-et-premieres-communions-a-sainte-josephine-bakhita\/\" \/>\n<meta property=\"og:locale\" content=\"fr_FR\" \/>\n<meta property=\"og:type\" content=\"article\" \/>\n<meta property=\"og:title\" content=\"Bapt\u00eames, professions de foi et premi\u00e8res communions \u00e0 Sainte Jos\u00e9phine Bakhita - Doyenn\u00e9 Grand Angoul\u00eame\" \/>\n<meta property=\"og:description\" content=\"Accueil Dans le livre de Samuel et le Psaume de ce jour, le Seigneur ne se lasse pas de rejoindre avec d\u00e9licatesse ceux qu&#8217;Il appelle. Nous aussi, nous pouvons ouvrir notre c\u0153ur pour r\u00e9pondre : &#8220;PARLE SEIGNEUR TON SERVITEUR \u00c9COUTE&#8221;. Aujourd&#8217;hui nous accueillons 9 jeunes en chemin pour une belle aventure de foi : ANG\u00c8LE, [&hellip;]\" \/>\n<meta property=\"og:url\" content=\"https:\/\/charente.catholique.fr\/grand-angouleme\/actualites\/baptemes-professions-de-foi-et-premieres-communions-a-sainte-josephine-bakhita\/\" \/>\n<meta property=\"og:site_name\" content=\"Doyenn\u00e9 Grand Angoul\u00eame\" \/>\n<meta property=\"article:publisher\" content=\"https:\/\/www.facebook.com\/EgliseCatholiqueCharente\" \/>\n<meta property=\"article:published_time\" content=\"2024-01-15T06:24:57+00:00\" \/>\n<meta property=\"article:modified_time\" content=\"2024-01-18T10:15:16+00:00\" \/>\n<meta property=\"og:image\" content=\"https:\/\/charente.catholique.fr\/grand-angouleme\/wp-content\/uploads\/sites\/2\/2024\/01\/20240115_093205.jpg\" \/>\n\t<meta property=\"og:image:width\" content=\"739\" \/>\n\t<meta property=\"og:image:height\" content=\"409\" \/>\n\t<meta property=\"og:image:type\" content=\"image\/jpeg\" \/>\n<meta name=\"author\" content=\"Janine Laborde\" \/>\n<meta name=\"twitter:card\" content=\"summary_large_image\" \/>\n<meta name=\"twitter:creator\" content=\"@diocesecharente\" \/>\n<meta name=\"twitter:site\" content=\"@diocesecharente\" \/>\n<meta name=\"twitter:label1\" content=\"\u00c9crit par\" \/>\n\t<meta name=\"twitter:data1\" content=\"Janine Laborde\" \/>\n\t<meta name=\"twitter:label2\" content=\"Dur\u00e9e de lecture estim\u00e9e\" \/>\n\t<meta name=\"twitter:data2\" content=\"3 minutes\" \/>\n<script type=\"application\/ld+json\" class=\"yoast-schema-graph\">{\"@context\":\"https:\/\/schema.org\",\"@graph\":[{\"@type\":\"Article\",\"@id\":\"https:\/\/charente.catholique.fr\/grand-angouleme\/actualites\/baptemes-professions-de-foi-et-premieres-communions-a-sainte-josephine-bakhita\/#article\",\"isPartOf\":{\"@id\":\"https:\/\/charente.catholique.fr\/grand-angouleme\/actualites\/baptemes-professions-de-foi-et-premieres-communions-a-sainte-josephine-bakhita\/\"},\"author\":{\"name\":\"Janine Laborde\",\"@id\":\"https:\/\/charente.catholique.fr\/grand-angouleme\/#\/schema\/person\/898f693d8a5f95b1bf02828f73967b47\"},\"headline\":\"Bapt\u00eames, professions de foi et premi\u00e8res communions \u00e0 Sainte Jos\u00e9phine Bakhita\",\"datePublished\":\"2024-01-15T06:24:57+00:00\",\"dateModified\":\"2024-01-18T10:15:16+00:00\",\"mainEntityOfPage\":{\"@id\":\"https:\/\/charente.catholique.fr\/grand-angouleme\/actualites\/baptemes-professions-de-foi-et-premieres-communions-a-sainte-josephine-bakhita\/\"},\"wordCount\":432,\"commentCount\":0,\"publisher\":{\"@id\":\"https:\/\/charente.catholique.fr\/grand-angouleme\/#organization\"},\"image\":{\"@id\":\"https:\/\/charente.catholique.fr\/grand-angouleme\/actualites\/baptemes-professions-de-foi-et-premieres-communions-a-sainte-josephine-bakhita\/#primaryimage\"},\"thumbnailUrl\":\"https:\/\/charente.catholique.fr\/grand-angouleme\/wp-content\/uploads\/sites\/2\/2024\/01\/20240115_093205.jpg\",\"articleSection\":[\"Actualit\u00e9s\"],\"inLanguage\":\"fr-FR\",\"potentialAction\":[{\"@type\":\"CommentAction\",\"name\":\"Comment\",\"target\":[\"https:\/\/charente.catholique.fr\/grand-angouleme\/actualites\/baptemes-professions-de-foi-et-premieres-communions-a-sainte-josephine-bakhita\/#respond\"]}]},{\"@type\":\"WebPage\",\"@id\":\"https:\/\/charente.catholique.fr\/grand-angouleme\/actualites\/baptemes-professions-de-foi-et-premieres-communions-a-sainte-josephine-bakhita\/\",\"url\":\"https:\/\/charente.catholique.fr\/grand-angouleme\/actualites\/baptemes-professions-de-foi-et-premieres-communions-a-sainte-josephine-bakhita\/\",\"name\":\"Bapt\u00eames, professions de foi et premi\u00e8res communions \u00e0 Sainte Jos\u00e9phine Bakhita - Doyenn\u00e9 Grand Angoul\u00eame\",\"isPartOf\":{\"@id\":\"https:\/\/charente.catholique.fr\/grand-angouleme\/#website\"},\"primaryImageOfPage\":{\"@id\":\"https:\/\/charente.catholique.fr\/grand-angouleme\/actualites\/baptemes-professions-de-foi-et-premieres-communions-a-sainte-josephine-bakhita\/#primaryimage\"},\"image\":{\"@id\":\"https:\/\/charente.catholique.fr\/grand-angouleme\/actualites\/baptemes-professions-de-foi-et-premieres-communions-a-sainte-josephine-bakhita\/#primaryimage\"},\"thumbnailUrl\":\"https:\/\/charente.catholique.fr\/grand-angouleme\/wp-content\/uploads\/sites\/2\/2024\/01\/20240115_093205.jpg\",\"datePublished\":\"2024-01-15T06:24:57+00:00\",\"dateModified\":\"2024-01-18T10:15:16+00:00\",\"breadcrumb\":{\"@id\":\"https:\/\/charente.catholique.fr\/grand-angouleme\/actualites\/baptemes-professions-de-foi-et-premieres-communions-a-sainte-josephine-bakhita\/#breadcrumb\"},\"inLanguage\":\"fr-FR\",\"potentialAction\":[{\"@type\":\"ReadAction\",\"target\":[\"https:\/\/charente.catholique.fr\/grand-angouleme\/actualites\/baptemes-professions-de-foi-et-premieres-communions-a-sainte-josephine-bakhita\/\"]}]},{\"@type\":\"ImageObject\",\"inLanguage\":\"fr-FR\",\"@id\":\"https:\/\/charente.catholique.fr\/grand-angouleme\/actualites\/baptemes-professions-de-foi-et-premieres-communions-a-sainte-josephine-bakhita\/#primaryimage\",\"url\":\"https:\/\/charente.catholique.fr\/grand-angouleme\/wp-content\/uploads\/sites\/2\/2024\/01\/20240115_093205.jpg\",\"contentUrl\":\"https:\/\/charente.catholique.fr\/grand-angouleme\/wp-content\/uploads\/sites\/2\/2024\/01\/20240115_093205.jpg\",\"width\":739,\"height\":409},{\"@type\":\"BreadcrumbList\",\"@id\":\"https:\/\/charente.catholique.fr\/grand-angouleme\/actualites\/baptemes-professions-de-foi-et-premieres-communions-a-sainte-josephine-bakhita\/#breadcrumb\",\"itemListElement\":[{\"@type\":\"ListItem\",\"position\":1,\"name\":\"Accueil\",\"item\":\"https:\/\/charente.catholique.fr\/grand-angouleme\/\"},{\"@type\":\"ListItem\",\"position\":2,\"name\":\"Bapt\u00eames, professions de foi et premi\u00e8res communions \u00e0 Sainte Jos\u00e9phine Bakhita\"}]},{\"@type\":\"WebSite\",\"@id\":\"https:\/\/charente.catholique.fr\/grand-angouleme\/#website\",\"url\":\"https:\/\/charente.catholique.fr\/grand-angouleme\/\",\"name\":\"Doyenn\u00e9 Grand Angoul\u00eame - Dioc\u00e8se d'Angoul\u00eame\",\"description\":\"Dioc\u00e8se d&#039;Angoul\u00eame\",\"publisher\":{\"@id\":\"https:\/\/charente.catholique.fr\/grand-angouleme\/#organization\"},\"potentialAction\":[{\"@type\":\"SearchAction\",\"target\":{\"@type\":\"EntryPoint\",\"urlTemplate\":\"https:\/\/charente.catholique.fr\/grand-angouleme\/?s={search_term_string}\"},\"query-input\":{\"@type\":\"PropertyValueSpecification\",\"valueRequired\":true,\"valueName\":\"search_term_string\"}}],\"inLanguage\":\"fr-FR\"},{\"@type\":\"Organization\",\"@id\":\"https:\/\/charente.catholique.fr\/grand-angouleme\/#organization\",\"name\":\"Association Dioc\u00e9saine d'Angoul\u00eame\",\"url\":\"https:\/\/charente.catholique.fr\/grand-angouleme\/\",\"logo\":{\"@type\":\"ImageObject\",\"inLanguage\":\"fr-FR\",\"@id\":\"https:\/\/charente.catholique.fr\/grand-angouleme\/#\/schema\/logo\/image\/\",\"url\":\"https:\/\/charente.catholique.fr\/grand-angouleme\/wp-content\/uploads\/sites\/2\/2020\/10\/logos.png\",\"contentUrl\":\"https:\/\/charente.catholique.fr\/grand-angouleme\/wp-content\/uploads\/sites\/2\/2020\/10\/logos.png\",\"width\":600,\"height\":257,\"caption\":\"Association Dioc\u00e9saine d'Angoul\u00eame\"},\"image\":{\"@id\":\"https:\/\/charente.catholique.fr\/grand-angouleme\/#\/schema\/logo\/image\/\"},\"sameAs\":[\"https:\/\/www.facebook.com\/EgliseCatholiqueCharente\",\"https:\/\/x.com\/diocesecharente\",\"https:\/\/www.instagram.com\/eglisecharente\",\"https:\/\/www.youtube.com\/channel\/UCByyFWApZbw3gDTiADoiAaQ\"]},{\"@type\":\"Person\",\"@id\":\"https:\/\/charente.catholique.fr\/grand-angouleme\/#\/schema\/person\/898f693d8a5f95b1bf02828f73967b47\",\"name\":\"Janine Laborde\",\"image\":{\"@type\":\"ImageObject\",\"inLanguage\":\"fr-FR\",\"@id\":\"https:\/\/charente.catholique.fr\/grand-angouleme\/#\/schema\/person\/image\/\",\"url\":\"https:\/\/secure.gravatar.com\/avatar\/a8f3185ff2f6cee7d79c60e904004ccb6107bdc3e38d176acfc1ee42b62a994e?s=96&d=mm&r=g\",\"contentUrl\":\"https:\/\/secure.gravatar.com\/avatar\/a8f3185ff2f6cee7d79c60e904004ccb6107bdc3e38d176acfc1ee42b62a994e?s=96&d=mm&r=g\",\"caption\":\"Janine Laborde\"},\"url\":\"https:\/\/charente.catholique.fr\/grand-angouleme\/author\/janinelaborde\/\"}]}<\/script>\n<!-- \/ Yoast SEO plugin. -->","yoast_head_json":{"title":"Bapt\u00eames, professions de foi et premi\u00e8res communions \u00e0 Sainte Jos\u00e9phine Bakhita - Doyenn\u00e9 Grand Angoul\u00eame","robots":{"index":"index","follow":"follow","max-snippet":"max-snippet:-1","max-image-preview":"max-image-preview:large","max-video-preview":"max-video-preview:-1"},"canonical":"https:\/\/charente.catholique.fr\/grand-angouleme\/actualites\/baptemes-professions-de-foi-et-premieres-communions-a-sainte-josephine-bakhita\/","og_locale":"fr_FR","og_type":"article","og_title":"Bapt\u00eames, professions de foi et premi\u00e8res communions \u00e0 Sainte Jos\u00e9phine Bakhita - Doyenn\u00e9 Grand Angoul\u00eame","og_description":"Accueil Dans le livre de Samuel et le Psaume de ce jour, le Seigneur ne se lasse pas de rejoindre avec d\u00e9licatesse ceux qu&#8217;Il appelle. Nous aussi, nous pouvons ouvrir notre c\u0153ur pour r\u00e9pondre : &#8220;PARLE SEIGNEUR TON SERVITEUR \u00c9COUTE&#8221;. Aujourd&#8217;hui nous accueillons 9 jeunes en chemin pour une belle aventure de foi : ANG\u00c8LE, [&hellip;]","og_url":"https:\/\/charente.catholique.fr\/grand-angouleme\/actualites\/baptemes-professions-de-foi-et-premieres-communions-a-sainte-josephine-bakhita\/","og_site_name":"Doyenn\u00e9 Grand Angoul\u00eame","article_publisher":"https:\/\/www.facebook.com\/EgliseCatholiqueCharente","article_published_time":"2024-01-15T06:24:57+00:00","article_modified_time":"2024-01-18T10:15:16+00:00","og_image":[{"width":739,"height":409,"url":"https:\/\/charente.catholique.fr\/grand-angouleme\/wp-content\/uploads\/sites\/2\/2024\/01\/20240115_093205.jpg","type":"image\/jpeg"}],"author":"Janine Laborde","twitter_card":"summary_large_image","twitter_creator":"@diocesecharente","twitter_site":"@diocesecharente","twitter_misc":{"\u00c9crit par":"Janine Laborde","Dur\u00e9e de lecture estim\u00e9e":"3 minutes"},"schema":{"@context":"https:\/\/schema.org","@graph":[{"@type":"Article","@id":"https:\/\/charente.catholique.fr\/grand-angouleme\/actualites\/baptemes-professions-de-foi-et-premieres-communions-a-sainte-josephine-bakhita\/#article","isPartOf":{"@id":"https:\/\/charente.catholique.fr\/grand-angouleme\/actualites\/baptemes-professions-de-foi-et-premieres-communions-a-sainte-josephine-bakhita\/"},"author":{"name":"Janine Laborde","@id":"https:\/\/charente.catholique.fr\/grand-angouleme\/#\/schema\/person\/898f693d8a5f95b1bf02828f73967b47"},"headline":"Bapt\u00eames, professions de foi et premi\u00e8res communions \u00e0 Sainte Jos\u00e9phine Bakhita","datePublished":"2024-01-15T06:24:57+00:00","dateModified":"2024-01-18T10:15:16+00:00","mainEntityOfPage":{"@id":"https:\/\/charente.catholique.fr\/grand-angouleme\/actualites\/baptemes-professions-de-foi-et-premieres-communions-a-sainte-josephine-bakhita\/"},"wordCount":432,"commentCount":0,"publisher":{"@id":"https:\/\/charente.catholique.fr\/grand-angouleme\/#organization"},"image":{"@id":"https:\/\/charente.catholique.fr\/grand-angouleme\/actualites\/baptemes-professions-de-foi-et-premieres-communions-a-sainte-josephine-bakhita\/#primaryimage"},"thumbnailUrl":"https:\/\/charente.catholique.fr\/grand-angouleme\/wp-content\/uploads\/sites\/2\/2024\/01\/20240115_093205.jpg","articleSection":["Actualit\u00e9s"],"inLanguage":"fr-FR","potentialAction":[{"@type":"CommentAction","name":"Comment","target":["https:\/\/charente.catholique.fr\/grand-angouleme\/actualites\/baptemes-professions-de-foi-et-premieres-communions-a-sainte-josephine-bakhita\/#respond"]}]},{"@type":"WebPage","@id":"https:\/\/charente.catholique.fr\/grand-angouleme\/actualites\/baptemes-professions-de-foi-et-premieres-communions-a-sainte-josephine-bakhita\/","url":"https:\/\/charente.catholique.fr\/grand-angouleme\/actualites\/baptemes-professions-de-foi-et-premieres-communions-a-sainte-josephine-bakhita\/","name":"Bapt\u00eames, professions de foi et premi\u00e8res communions \u00e0 Sainte Jos\u00e9phine Bakhita - Doyenn\u00e9 Grand Angoul\u00eame","isPartOf":{"@id":"https:\/\/charente.catholique.fr\/grand-angouleme\/#website"},"primaryImageOfPage":{"@id":"https:\/\/charente.catholique.fr\/grand-angouleme\/actualites\/baptemes-professions-de-foi-et-premieres-communions-a-sainte-josephine-bakhita\/#primaryimage"},"image":{"@id":"https:\/\/charente.catholique.fr\/grand-angouleme\/actualites\/baptemes-professions-de-foi-et-premieres-communions-a-sainte-josephine-bakhita\/#primaryimage"},"thumbnailUrl":"https:\/\/charente.catholique.fr\/grand-angouleme\/wp-content\/uploads\/sites\/2\/2024\/01\/20240115_093205.jpg","datePublished":"2024-01-15T06:24:57+00:00","dateModified":"2024-01-18T10:15:16+00:00","breadcrumb":{"@id":"https:\/\/charente.catholique.fr\/grand-angouleme\/actualites\/baptemes-professions-de-foi-et-premieres-communions-a-sainte-josephine-bakhita\/#breadcrumb"},"inLanguage":"fr-FR","potentialAction":[{"@type":"ReadAction","target":["https:\/\/charente.catholique.fr\/grand-angouleme\/actualites\/baptemes-professions-de-foi-et-premieres-communions-a-sainte-josephine-bakhita\/"]}]},{"@type":"ImageObject","inLanguage":"fr-FR","@id":"https:\/\/charente.catholique.fr\/grand-angouleme\/actualites\/baptemes-professions-de-foi-et-premieres-communions-a-sainte-josephine-bakhita\/#primaryimage","url":"https:\/\/charente.catholique.fr\/grand-angouleme\/wp-content\/uploads\/sites\/2\/2024\/01\/20240115_093205.jpg","contentUrl":"https:\/\/charente.catholique.fr\/grand-angouleme\/wp-content\/uploads\/sites\/2\/2024\/01\/20240115_093205.jpg","width":739,"height":409},{"@type":"BreadcrumbList","@id":"https:\/\/charente.catholique.fr\/grand-angouleme\/actualites\/baptemes-professions-de-foi-et-premieres-communions-a-sainte-josephine-bakhita\/#breadcrumb","itemListElement":[{"@type":"ListItem","position":1,"name":"Accueil","item":"https:\/\/charente.catholique.fr\/grand-angouleme\/"},{"@type":"ListItem","position":2,"name":"Bapt\u00eames, professions de foi et premi\u00e8res communions \u00e0 Sainte Jos\u00e9phine Bakhita"}]},{"@type":"WebSite","@id":"https:\/\/charente.catholique.fr\/grand-angouleme\/#website","url":"https:\/\/charente.catholique.fr\/grand-angouleme\/","name":"Doyenn\u00e9 Grand Angoul\u00eame - Dioc\u00e8se d'Angoul\u00eame","description":"Dioc\u00e8se d&#039;Angoul\u00eame","publisher":{"@id":"https:\/\/charente.catholique.fr\/grand-angouleme\/#organization"},"potentialAction":[{"@type":"SearchAction","target":{"@type":"EntryPoint","urlTemplate":"https:\/\/charente.catholique.fr\/grand-angouleme\/?s={search_term_string}"},"query-input":{"@type":"PropertyValueSpecification","valueRequired":true,"valueName":"search_term_string"}}],"inLanguage":"fr-FR"},{"@type":"Organization","@id":"https:\/\/charente.catholique.fr\/grand-angouleme\/#organization","name":"Association Dioc\u00e9saine d'Angoul\u00eame","url":"https:\/\/charente.catholique.fr\/grand-angouleme\/","logo":{"@type":"ImageObject","inLanguage":"fr-FR","@id":"https:\/\/charente.catholique.fr\/grand-angouleme\/#\/schema\/logo\/image\/","url":"https:\/\/charente.catholique.fr\/grand-angouleme\/wp-content\/uploads\/sites\/2\/2020\/10\/logos.png","contentUrl":"https:\/\/charente.catholique.fr\/grand-angouleme\/wp-content\/uploads\/sites\/2\/2020\/10\/logos.png","width":600,"height":257,"caption":"Association Dioc\u00e9saine d'Angoul\u00eame"},"image":{"@id":"https:\/\/charente.catholique.fr\/grand-angouleme\/#\/schema\/logo\/image\/"},"sameAs":["https:\/\/www.facebook.com\/EgliseCatholiqueCharente","https:\/\/x.com\/diocesecharente","https:\/\/www.instagram.com\/eglisecharente","https:\/\/www.youtube.com\/channel\/UCByyFWApZbw3gDTiADoiAaQ"]},{"@type":"Person","@id":"https:\/\/charente.catholique.fr\/grand-angouleme\/#\/schema\/person\/898f693d8a5f95b1bf02828f73967b47","name":"Janine Laborde","image":{"@type":"ImageObject","inLanguage":"fr-FR","@id":"https:\/\/charente.catholique.fr\/grand-angouleme\/#\/schema\/person\/image\/","url":"https:\/\/secure.gravatar.com\/avatar\/a8f3185ff2f6cee7d79c60e904004ccb6107bdc3e38d176acfc1ee42b62a994e?s=96&d=mm&r=g","contentUrl":"https:\/\/secure.gravatar.com\/avatar\/a8f3185ff2f6cee7d79c60e904004ccb6107bdc3e38d176acfc1ee42b62a994e?s=96&d=mm&r=g","caption":"Janine Laborde"},"url":"https:\/\/charente.catholique.fr\/grand-angouleme\/author\/janinelaborde\/"}]}},"_links":{"self":[{"href":"https:\/\/charente.catholique.fr\/grand-angouleme\/wp-json\/wp\/v2\/posts\/22931","targetHints":{"allow":["GET"]}}],"collection":[{"href":"https:\/\/charente.catholique.fr\/grand-angouleme\/wp-json\/wp\/v2\/posts"}],"about":[{"href":"https:\/\/charente.catholique.fr\/grand-angouleme\/wp-json\/wp\/v2\/types\/post"}],"author":[{"embeddable":true,"href":"https:\/\/charente.catholique.fr\/grand-angouleme\/wp-json\/wp\/v2\/users\/22"}],"replies":[{"embeddable":true,"href":"https:\/\/charente.catholique.fr\/grand-angouleme\/wp-json\/wp\/v2\/comments?post=22931"}],"version-history":[{"count":9,"href":"https:\/\/charente.catholique.fr\/grand-angouleme\/wp-json\/wp\/v2\/posts\/22931\/revisions"}],"predecessor-version":[{"id":23019,"href":"https:\/\/charente.catholique.fr\/grand-angouleme\/wp-json\/wp\/v2\/posts\/22931\/revisions\/23019"}],"wp:featuredmedia":[{"embeddable":true,"href":"https:\/\/charente.catholique.fr\/grand-angouleme\/wp-json\/wp\/v2\/media\/22959"}],"wp:attachment":[{"href":"https:\/\/charente.catholique.fr\/grand-angouleme\/wp-json\/wp\/v2\/media?parent=22931"}],"wp:term":[{"taxonomy":"category","embeddable":true,"href":"https:\/\/charente.catholique.fr\/grand-angouleme\/wp-json\/wp\/v2\/categories?post=22931"},{"taxonomy":"post_tag","embeddable":true,"href":"https:\/\/charente.catholique.fr\/grand-angouleme\/wp-json\/wp\/v2\/tags?post=22931"}],"curies":[{"name":"wp","href":"https:\/\/api.w.org\/{rel}","templated":true}]}}