{"id":22774,"date":"2023-12-28T01:15:47","date_gmt":"2023-12-28T00:15:47","guid":{"rendered":"https:\/\/charente.catholique.fr\/grand-angouleme\/?p=22774"},"modified":"2023-12-30T04:32:22","modified_gmt":"2023-12-30T03:32:22","slug":"homelie-du-pere-jean-michel-chassine-pour-le-jour-de-noel","status":"publish","type":"post","link":"https:\/\/charente.catholique.fr\/grand-angouleme\/actualites\/homelie-du-pere-jean-michel-chassine-pour-le-jour-de-noel\/","title":{"rendered":"Hom\u00e9lie du p\u00e8re Jean-Michel Chassine pour le jour de No\u00ebl"},"content":{"rendered":"\n<h4 class=\"wp-block-heading\">Mot d&#8217;accueil<\/h4>\n\n\n\n<p>\u00ab&nbsp;Le Verbe s\u2019est fait chair&nbsp;\u00bb<\/p>\n\n\n\n<p>-Le Verbe- le logos- Dieu Parole a pris la r\u00e9alit\u00e9 d\u2019un homme.<\/p>\n\n\n\n<p>Dieu par J\u00e9sus est venu habiter notre histoire<\/p>\n\n\n\n<p>De sa naissance, humble, fragile, d\u00e9pendant, \u00e0 l\u2019homme debout, \u00e9cout\u00e9, contest\u00e9, rejet\u00e9, mis \u00e0 mort et ressuscit\u00e9, il manifeste le triomphe de la vie qui est amour et tendresse donc pardon.<\/p>\n\n\n\n<p>J\u00e9sus est le concret de Dieu, toutes ses paroles s\u2019accompagnent d\u2019une action,<\/p>\n\n\n\n<p>J\u00e9sus Dieu fait ce qu\u2019il dit.<\/p>\n\n\n\n<p>J\u00e9sus est lumi\u00e8re, cette lumi\u00e8re peut passer inaper\u00e7ue, mais elle ne s\u2019\u00e9teint pas et nous conduit au P\u00e8re<\/p>\n\n\n\n<p>Aujourd\u2019hui, que Dieu en J\u00e9sus, soit parole pour nous, pour le monde, par son \u00e9vangile, par ce que nous faisons.<\/p>\n\n\n\n<p>&nbsp;Alors&nbsp;! \u00e9clatons en cris de joie<\/p>\n\n\n\n<p><strong>Il est n\u00e9 le Divin Enfant<\/strong><\/p>\n\n\n\n<figure class=\"wp-block-image size-large\"><img loading=\"lazy\" decoding=\"async\" width=\"1440\" height=\"1080\" src=\"https:\/\/charente.catholique.fr\/grand-angouleme\/wp-content\/uploads\/sites\/2\/2023\/12\/IMG-20231228-WA0000-1440x1080.jpg\" alt=\"\" class=\"wp-image-22808\" srcset=\"https:\/\/charente.catholique.fr\/grand-angouleme\/wp-content\/uploads\/sites\/2\/2023\/12\/IMG-20231228-WA0000-1440x1080.jpg 1440w, https:\/\/charente.catholique.fr\/grand-angouleme\/wp-content\/uploads\/sites\/2\/2023\/12\/IMG-20231228-WA0000-300x225.jpg 300w, https:\/\/charente.catholique.fr\/grand-angouleme\/wp-content\/uploads\/sites\/2\/2023\/12\/IMG-20231228-WA0000-768x576.jpg 768w, https:\/\/charente.catholique.fr\/grand-angouleme\/wp-content\/uploads\/sites\/2\/2023\/12\/IMG-20231228-WA0000-1536x1152.jpg 1536w, https:\/\/charente.catholique.fr\/grand-angouleme\/wp-content\/uploads\/sites\/2\/2023\/12\/IMG-20231228-WA0000.jpg 1600w\" sizes=\"auto, (max-width: 1440px) 100vw, 1440px\" \/><\/figure>\n\n\n\n<h4 class=\"wp-block-heading\">Lectures du jour <\/h4>\n\n\n\n<h4 class=\"wp-block-heading\">Hom\u00e9lie du P\u00e8re Jean-Michel <\/h4>\n\n\n\n<figure class=\"wp-block-embed is-type-video is-provider-youtube wp-block-embed-youtube wp-embed-aspect-16-9 wp-has-aspect-ratio\"><div class=\"wp-block-embed__wrapper\">\n<iframe loading=\"lazy\" title=\"hom\u00e9lie du p\u00e8re Jean-Michel Chassine pour le jour de No\u00ebl\" width=\"500\" height=\"281\" src=\"https:\/\/www.youtube.com\/embed\/jYrAmRSIp-s?feature=oembed\" frameborder=\"0\" allow=\"accelerometer; autoplay; clipboard-write; encrypted-media; gyroscope; picture-in-picture; web-share\" referrerpolicy=\"strict-origin-when-cross-origin\" allowfullscreen><\/iframe>\n<\/div><\/figure>\n","protected":false},"excerpt":{"rendered":"<p>Mot d&#8217;accueil \u00ab&nbsp;Le Verbe s\u2019est fait chair&nbsp;\u00bb -Le Verbe- le logos- Dieu Parole a pris la r\u00e9alit\u00e9 d\u2019un homme. Dieu par J\u00e9sus est venu habiter notre histoire De sa naissance, humble, fragile, d\u00e9pendant, \u00e0 l\u2019homme debout, \u00e9cout\u00e9, contest\u00e9, rejet\u00e9, mis \u00e0 mort et ressuscit\u00e9, il manifeste le triomphe de la vie qui est amour et [&hellip;]<\/p>\n","protected":false},"author":22,"featured_media":22779,"comment_status":"open","ping_status":"open","sticky":false,"template":"","format":"standard","meta":{"_acf_changed":false,"paroisse":["0"],"service":["0"],"footnotes":""},"categories":[1],"tags":[],"class_list":["post-22774","post","type-post","status-publish","format-standard","has-post-thumbnail","hentry","category-actualites"],"acf":[],"yoast_head":"<!-- This site is optimized with the Yoast SEO plugin v27.1.1 - https:\/\/yoast.com\/product\/yoast-seo-wordpress\/ -->\n<title>Hom\u00e9lie du p\u00e8re Jean-Michel Chassine pour le jour de No\u00ebl - Doyenn\u00e9 Grand Angoul\u00eame<\/title>\n<meta name=\"robots\" content=\"index, follow, max-snippet:-1, max-image-preview:large, max-video-preview:-1\" \/>\n<link rel=\"canonical\" href=\"https:\/\/charente.catholique.fr\/grand-angouleme\/actualites\/homelie-du-pere-jean-michel-chassine-pour-le-jour-de-noel\/\" \/>\n<meta property=\"og:locale\" content=\"fr_FR\" \/>\n<meta property=\"og:type\" content=\"article\" \/>\n<meta property=\"og:title\" content=\"Hom\u00e9lie du p\u00e8re Jean-Michel Chassine pour le jour de No\u00ebl - Doyenn\u00e9 Grand Angoul\u00eame\" \/>\n<meta property=\"og:description\" content=\"Mot d&#8217;accueil \u00ab&nbsp;Le Verbe s\u2019est fait chair&nbsp;\u00bb -Le Verbe- le logos- Dieu Parole a pris la r\u00e9alit\u00e9 d\u2019un homme. Dieu par J\u00e9sus est venu habiter notre histoire De sa naissance, humble, fragile, d\u00e9pendant, \u00e0 l\u2019homme debout, \u00e9cout\u00e9, contest\u00e9, rejet\u00e9, mis \u00e0 mort et ressuscit\u00e9, il manifeste le triomphe de la vie qui est amour et [&hellip;]\" \/>\n<meta property=\"og:url\" content=\"https:\/\/charente.catholique.fr\/grand-angouleme\/actualites\/homelie-du-pere-jean-michel-chassine-pour-le-jour-de-noel\/\" \/>\n<meta property=\"og:site_name\" content=\"Doyenn\u00e9 Grand Angoul\u00eame\" \/>\n<meta property=\"article:publisher\" content=\"https:\/\/www.facebook.com\/EgliseCatholiqueCharente\" \/>\n<meta property=\"article:published_time\" content=\"2023-12-28T00:15:47+00:00\" \/>\n<meta property=\"article:modified_time\" content=\"2023-12-30T03:32:22+00:00\" \/>\n<meta property=\"og:image\" content=\"https:\/\/charente.catholique.fr\/grand-angouleme\/wp-content\/uploads\/sites\/2\/2023\/12\/20231228_012108.jpg\" \/>\n\t<meta property=\"og:image:width\" content=\"396\" \/>\n\t<meta property=\"og:image:height\" content=\"183\" \/>\n\t<meta property=\"og:image:type\" content=\"image\/jpeg\" \/>\n<meta name=\"author\" content=\"Janine Laborde\" \/>\n<meta name=\"twitter:card\" content=\"summary_large_image\" \/>\n<meta name=\"twitter:creator\" content=\"@diocesecharente\" \/>\n<meta name=\"twitter:site\" content=\"@diocesecharente\" \/>\n<meta name=\"twitter:label1\" content=\"\u00c9crit par\" \/>\n\t<meta name=\"twitter:data1\" content=\"Janine Laborde\" \/>\n\t<meta name=\"twitter:label2\" content=\"Dur\u00e9e de lecture estim\u00e9e\" \/>\n\t<meta name=\"twitter:data2\" content=\"2 minutes\" \/>\n<script type=\"application\/ld+json\" class=\"yoast-schema-graph\">{\"@context\":\"https:\/\/schema.org\",\"@graph\":[{\"@type\":\"Article\",\"@id\":\"https:\/\/charente.catholique.fr\/grand-angouleme\/actualites\/homelie-du-pere-jean-michel-chassine-pour-le-jour-de-noel\/#article\",\"isPartOf\":{\"@id\":\"https:\/\/charente.catholique.fr\/grand-angouleme\/actualites\/homelie-du-pere-jean-michel-chassine-pour-le-jour-de-noel\/\"},\"author\":{\"name\":\"Janine Laborde\",\"@id\":\"https:\/\/charente.catholique.fr\/grand-angouleme\/#\/schema\/person\/898f693d8a5f95b1bf02828f73967b47\"},\"headline\":\"Hom\u00e9lie du p\u00e8re Jean-Michel Chassine pour le jour de No\u00ebl\",\"datePublished\":\"2023-12-28T00:15:47+00:00\",\"dateModified\":\"2023-12-30T03:32:22+00:00\",\"mainEntityOfPage\":{\"@id\":\"https:\/\/charente.catholique.fr\/grand-angouleme\/actualites\/homelie-du-pere-jean-michel-chassine-pour-le-jour-de-noel\/\"},\"wordCount\":179,\"commentCount\":0,\"publisher\":{\"@id\":\"https:\/\/charente.catholique.fr\/grand-angouleme\/#organization\"},\"image\":{\"@id\":\"https:\/\/charente.catholique.fr\/grand-angouleme\/actualites\/homelie-du-pere-jean-michel-chassine-pour-le-jour-de-noel\/#primaryimage\"},\"thumbnailUrl\":\"https:\/\/charente.catholique.fr\/grand-angouleme\/wp-content\/uploads\/sites\/2\/2023\/12\/20231228_012108.jpg\",\"articleSection\":[\"Actualit\u00e9s\"],\"inLanguage\":\"fr-FR\",\"potentialAction\":[{\"@type\":\"CommentAction\",\"name\":\"Comment\",\"target\":[\"https:\/\/charente.catholique.fr\/grand-angouleme\/actualites\/homelie-du-pere-jean-michel-chassine-pour-le-jour-de-noel\/#respond\"]}]},{\"@type\":\"WebPage\",\"@id\":\"https:\/\/charente.catholique.fr\/grand-angouleme\/actualites\/homelie-du-pere-jean-michel-chassine-pour-le-jour-de-noel\/\",\"url\":\"https:\/\/charente.catholique.fr\/grand-angouleme\/actualites\/homelie-du-pere-jean-michel-chassine-pour-le-jour-de-noel\/\",\"name\":\"Hom\u00e9lie du p\u00e8re Jean-Michel Chassine pour le jour de No\u00ebl - Doyenn\u00e9 Grand Angoul\u00eame\",\"isPartOf\":{\"@id\":\"https:\/\/charente.catholique.fr\/grand-angouleme\/#website\"},\"primaryImageOfPage\":{\"@id\":\"https:\/\/charente.catholique.fr\/grand-angouleme\/actualites\/homelie-du-pere-jean-michel-chassine-pour-le-jour-de-noel\/#primaryimage\"},\"image\":{\"@id\":\"https:\/\/charente.catholique.fr\/grand-angouleme\/actualites\/homelie-du-pere-jean-michel-chassine-pour-le-jour-de-noel\/#primaryimage\"},\"thumbnailUrl\":\"https:\/\/charente.catholique.fr\/grand-angouleme\/wp-content\/uploads\/sites\/2\/2023\/12\/20231228_012108.jpg\",\"datePublished\":\"2023-12-28T00:15:47+00:00\",\"dateModified\":\"2023-12-30T03:32:22+00:00\",\"breadcrumb\":{\"@id\":\"https:\/\/charente.catholique.fr\/grand-angouleme\/actualites\/homelie-du-pere-jean-michel-chassine-pour-le-jour-de-noel\/#breadcrumb\"},\"inLanguage\":\"fr-FR\",\"potentialAction\":[{\"@type\":\"ReadAction\",\"target\":[\"https:\/\/charente.catholique.fr\/grand-angouleme\/actualites\/homelie-du-pere-jean-michel-chassine-pour-le-jour-de-noel\/\"]}]},{\"@type\":\"ImageObject\",\"inLanguage\":\"fr-FR\",\"@id\":\"https:\/\/charente.catholique.fr\/grand-angouleme\/actualites\/homelie-du-pere-jean-michel-chassine-pour-le-jour-de-noel\/#primaryimage\",\"url\":\"https:\/\/charente.catholique.fr\/grand-angouleme\/wp-content\/uploads\/sites\/2\/2023\/12\/20231228_012108.jpg\",\"contentUrl\":\"https:\/\/charente.catholique.fr\/grand-angouleme\/wp-content\/uploads\/sites\/2\/2023\/12\/20231228_012108.jpg\",\"width\":396,\"height\":183},{\"@type\":\"BreadcrumbList\",\"@id\":\"https:\/\/charente.catholique.fr\/grand-angouleme\/actualites\/homelie-du-pere-jean-michel-chassine-pour-le-jour-de-noel\/#breadcrumb\",\"itemListElement\":[{\"@type\":\"ListItem\",\"position\":1,\"name\":\"Accueil\",\"item\":\"https:\/\/charente.catholique.fr\/grand-angouleme\/\"},{\"@type\":\"ListItem\",\"position\":2,\"name\":\"Hom\u00e9lie du p\u00e8re Jean-Michel Chassine pour le jour de No\u00ebl\"}]},{\"@type\":\"WebSite\",\"@id\":\"https:\/\/charente.catholique.fr\/grand-angouleme\/#website\",\"url\":\"https:\/\/charente.catholique.fr\/grand-angouleme\/\",\"name\":\"Doyenn\u00e9 Grand Angoul\u00eame - Dioc\u00e8se d'Angoul\u00eame\",\"description\":\"Dioc\u00e8se d&#039;Angoul\u00eame\",\"publisher\":{\"@id\":\"https:\/\/charente.catholique.fr\/grand-angouleme\/#organization\"},\"potentialAction\":[{\"@type\":\"SearchAction\",\"target\":{\"@type\":\"EntryPoint\",\"urlTemplate\":\"https:\/\/charente.catholique.fr\/grand-angouleme\/?s={search_term_string}\"},\"query-input\":{\"@type\":\"PropertyValueSpecification\",\"valueRequired\":true,\"valueName\":\"search_term_string\"}}],\"inLanguage\":\"fr-FR\"},{\"@type\":\"Organization\",\"@id\":\"https:\/\/charente.catholique.fr\/grand-angouleme\/#organization\",\"name\":\"Association Dioc\u00e9saine d'Angoul\u00eame\",\"url\":\"https:\/\/charente.catholique.fr\/grand-angouleme\/\",\"logo\":{\"@type\":\"ImageObject\",\"inLanguage\":\"fr-FR\",\"@id\":\"https:\/\/charente.catholique.fr\/grand-angouleme\/#\/schema\/logo\/image\/\",\"url\":\"https:\/\/charente.catholique.fr\/grand-angouleme\/wp-content\/uploads\/sites\/2\/2020\/10\/logos.png\",\"contentUrl\":\"https:\/\/charente.catholique.fr\/grand-angouleme\/wp-content\/uploads\/sites\/2\/2020\/10\/logos.png\",\"width\":600,\"height\":257,\"caption\":\"Association Dioc\u00e9saine d'Angoul\u00eame\"},\"image\":{\"@id\":\"https:\/\/charente.catholique.fr\/grand-angouleme\/#\/schema\/logo\/image\/\"},\"sameAs\":[\"https:\/\/www.facebook.com\/EgliseCatholiqueCharente\",\"https:\/\/x.com\/diocesecharente\",\"https:\/\/www.instagram.com\/eglisecharente\",\"https:\/\/www.youtube.com\/channel\/UCByyFWApZbw3gDTiADoiAaQ\"]},{\"@type\":\"Person\",\"@id\":\"https:\/\/charente.catholique.fr\/grand-angouleme\/#\/schema\/person\/898f693d8a5f95b1bf02828f73967b47\",\"name\":\"Janine Laborde\",\"image\":{\"@type\":\"ImageObject\",\"inLanguage\":\"fr-FR\",\"@id\":\"https:\/\/charente.catholique.fr\/grand-angouleme\/#\/schema\/person\/image\/\",\"url\":\"https:\/\/secure.gravatar.com\/avatar\/a8f3185ff2f6cee7d79c60e904004ccb6107bdc3e38d176acfc1ee42b62a994e?s=96&d=mm&r=g\",\"contentUrl\":\"https:\/\/secure.gravatar.com\/avatar\/a8f3185ff2f6cee7d79c60e904004ccb6107bdc3e38d176acfc1ee42b62a994e?s=96&d=mm&r=g\",\"caption\":\"Janine Laborde\"},\"url\":\"https:\/\/charente.catholique.fr\/grand-angouleme\/author\/janinelaborde\/\"}]}<\/script>\n<!-- \/ Yoast SEO plugin. -->","yoast_head_json":{"title":"Hom\u00e9lie du p\u00e8re Jean-Michel Chassine pour le jour de No\u00ebl - Doyenn\u00e9 Grand Angoul\u00eame","robots":{"index":"index","follow":"follow","max-snippet":"max-snippet:-1","max-image-preview":"max-image-preview:large","max-video-preview":"max-video-preview:-1"},"canonical":"https:\/\/charente.catholique.fr\/grand-angouleme\/actualites\/homelie-du-pere-jean-michel-chassine-pour-le-jour-de-noel\/","og_locale":"fr_FR","og_type":"article","og_title":"Hom\u00e9lie du p\u00e8re Jean-Michel Chassine pour le jour de No\u00ebl - Doyenn\u00e9 Grand Angoul\u00eame","og_description":"Mot d&#8217;accueil \u00ab&nbsp;Le Verbe s\u2019est fait chair&nbsp;\u00bb -Le Verbe- le logos- Dieu Parole a pris la r\u00e9alit\u00e9 d\u2019un homme. Dieu par J\u00e9sus est venu habiter notre histoire De sa naissance, humble, fragile, d\u00e9pendant, \u00e0 l\u2019homme debout, \u00e9cout\u00e9, contest\u00e9, rejet\u00e9, mis \u00e0 mort et ressuscit\u00e9, il manifeste le triomphe de la vie qui est amour et [&hellip;]","og_url":"https:\/\/charente.catholique.fr\/grand-angouleme\/actualites\/homelie-du-pere-jean-michel-chassine-pour-le-jour-de-noel\/","og_site_name":"Doyenn\u00e9 Grand Angoul\u00eame","article_publisher":"https:\/\/www.facebook.com\/EgliseCatholiqueCharente","article_published_time":"2023-12-28T00:15:47+00:00","article_modified_time":"2023-12-30T03:32:22+00:00","og_image":[{"width":396,"height":183,"url":"https:\/\/charente.catholique.fr\/grand-angouleme\/wp-content\/uploads\/sites\/2\/2023\/12\/20231228_012108.jpg","type":"image\/jpeg"}],"author":"Janine Laborde","twitter_card":"summary_large_image","twitter_creator":"@diocesecharente","twitter_site":"@diocesecharente","twitter_misc":{"\u00c9crit par":"Janine Laborde","Dur\u00e9e de lecture estim\u00e9e":"2 minutes"},"schema":{"@context":"https:\/\/schema.org","@graph":[{"@type":"Article","@id":"https:\/\/charente.catholique.fr\/grand-angouleme\/actualites\/homelie-du-pere-jean-michel-chassine-pour-le-jour-de-noel\/#article","isPartOf":{"@id":"https:\/\/charente.catholique.fr\/grand-angouleme\/actualites\/homelie-du-pere-jean-michel-chassine-pour-le-jour-de-noel\/"},"author":{"name":"Janine Laborde","@id":"https:\/\/charente.catholique.fr\/grand-angouleme\/#\/schema\/person\/898f693d8a5f95b1bf02828f73967b47"},"headline":"Hom\u00e9lie du p\u00e8re Jean-Michel Chassine pour le jour de No\u00ebl","datePublished":"2023-12-28T00:15:47+00:00","dateModified":"2023-12-30T03:32:22+00:00","mainEntityOfPage":{"@id":"https:\/\/charente.catholique.fr\/grand-angouleme\/actualites\/homelie-du-pere-jean-michel-chassine-pour-le-jour-de-noel\/"},"wordCount":179,"commentCount":0,"publisher":{"@id":"https:\/\/charente.catholique.fr\/grand-angouleme\/#organization"},"image":{"@id":"https:\/\/charente.catholique.fr\/grand-angouleme\/actualites\/homelie-du-pere-jean-michel-chassine-pour-le-jour-de-noel\/#primaryimage"},"thumbnailUrl":"https:\/\/charente.catholique.fr\/grand-angouleme\/wp-content\/uploads\/sites\/2\/2023\/12\/20231228_012108.jpg","articleSection":["Actualit\u00e9s"],"inLanguage":"fr-FR","potentialAction":[{"@type":"CommentAction","name":"Comment","target":["https:\/\/charente.catholique.fr\/grand-angouleme\/actualites\/homelie-du-pere-jean-michel-chassine-pour-le-jour-de-noel\/#respond"]}]},{"@type":"WebPage","@id":"https:\/\/charente.catholique.fr\/grand-angouleme\/actualites\/homelie-du-pere-jean-michel-chassine-pour-le-jour-de-noel\/","url":"https:\/\/charente.catholique.fr\/grand-angouleme\/actualites\/homelie-du-pere-jean-michel-chassine-pour-le-jour-de-noel\/","name":"Hom\u00e9lie du p\u00e8re Jean-Michel Chassine pour le jour de No\u00ebl - Doyenn\u00e9 Grand Angoul\u00eame","isPartOf":{"@id":"https:\/\/charente.catholique.fr\/grand-angouleme\/#website"},"primaryImageOfPage":{"@id":"https:\/\/charente.catholique.fr\/grand-angouleme\/actualites\/homelie-du-pere-jean-michel-chassine-pour-le-jour-de-noel\/#primaryimage"},"image":{"@id":"https:\/\/charente.catholique.fr\/grand-angouleme\/actualites\/homelie-du-pere-jean-michel-chassine-pour-le-jour-de-noel\/#primaryimage"},"thumbnailUrl":"https:\/\/charente.catholique.fr\/grand-angouleme\/wp-content\/uploads\/sites\/2\/2023\/12\/20231228_012108.jpg","datePublished":"2023-12-28T00:15:47+00:00","dateModified":"2023-12-30T03:32:22+00:00","breadcrumb":{"@id":"https:\/\/charente.catholique.fr\/grand-angouleme\/actualites\/homelie-du-pere-jean-michel-chassine-pour-le-jour-de-noel\/#breadcrumb"},"inLanguage":"fr-FR","potentialAction":[{"@type":"ReadAction","target":["https:\/\/charente.catholique.fr\/grand-angouleme\/actualites\/homelie-du-pere-jean-michel-chassine-pour-le-jour-de-noel\/"]}]},{"@type":"ImageObject","inLanguage":"fr-FR","@id":"https:\/\/charente.catholique.fr\/grand-angouleme\/actualites\/homelie-du-pere-jean-michel-chassine-pour-le-jour-de-noel\/#primaryimage","url":"https:\/\/charente.catholique.fr\/grand-angouleme\/wp-content\/uploads\/sites\/2\/2023\/12\/20231228_012108.jpg","contentUrl":"https:\/\/charente.catholique.fr\/grand-angouleme\/wp-content\/uploads\/sites\/2\/2023\/12\/20231228_012108.jpg","width":396,"height":183},{"@type":"BreadcrumbList","@id":"https:\/\/charente.catholique.fr\/grand-angouleme\/actualites\/homelie-du-pere-jean-michel-chassine-pour-le-jour-de-noel\/#breadcrumb","itemListElement":[{"@type":"ListItem","position":1,"name":"Accueil","item":"https:\/\/charente.catholique.fr\/grand-angouleme\/"},{"@type":"ListItem","position":2,"name":"Hom\u00e9lie du p\u00e8re Jean-Michel Chassine pour le jour de No\u00ebl"}]},{"@type":"WebSite","@id":"https:\/\/charente.catholique.fr\/grand-angouleme\/#website","url":"https:\/\/charente.catholique.fr\/grand-angouleme\/","name":"Doyenn\u00e9 Grand Angoul\u00eame - Dioc\u00e8se d'Angoul\u00eame","description":"Dioc\u00e8se d&#039;Angoul\u00eame","publisher":{"@id":"https:\/\/charente.catholique.fr\/grand-angouleme\/#organization"},"potentialAction":[{"@type":"SearchAction","target":{"@type":"EntryPoint","urlTemplate":"https:\/\/charente.catholique.fr\/grand-angouleme\/?s={search_term_string}"},"query-input":{"@type":"PropertyValueSpecification","valueRequired":true,"valueName":"search_term_string"}}],"inLanguage":"fr-FR"},{"@type":"Organization","@id":"https:\/\/charente.catholique.fr\/grand-angouleme\/#organization","name":"Association Dioc\u00e9saine d'Angoul\u00eame","url":"https:\/\/charente.catholique.fr\/grand-angouleme\/","logo":{"@type":"ImageObject","inLanguage":"fr-FR","@id":"https:\/\/charente.catholique.fr\/grand-angouleme\/#\/schema\/logo\/image\/","url":"https:\/\/charente.catholique.fr\/grand-angouleme\/wp-content\/uploads\/sites\/2\/2020\/10\/logos.png","contentUrl":"https:\/\/charente.catholique.fr\/grand-angouleme\/wp-content\/uploads\/sites\/2\/2020\/10\/logos.png","width":600,"height":257,"caption":"Association Dioc\u00e9saine d'Angoul\u00eame"},"image":{"@id":"https:\/\/charente.catholique.fr\/grand-angouleme\/#\/schema\/logo\/image\/"},"sameAs":["https:\/\/www.facebook.com\/EgliseCatholiqueCharente","https:\/\/x.com\/diocesecharente","https:\/\/www.instagram.com\/eglisecharente","https:\/\/www.youtube.com\/channel\/UCByyFWApZbw3gDTiADoiAaQ"]},{"@type":"Person","@id":"https:\/\/charente.catholique.fr\/grand-angouleme\/#\/schema\/person\/898f693d8a5f95b1bf02828f73967b47","name":"Janine Laborde","image":{"@type":"ImageObject","inLanguage":"fr-FR","@id":"https:\/\/charente.catholique.fr\/grand-angouleme\/#\/schema\/person\/image\/","url":"https:\/\/secure.gravatar.com\/avatar\/a8f3185ff2f6cee7d79c60e904004ccb6107bdc3e38d176acfc1ee42b62a994e?s=96&d=mm&r=g","contentUrl":"https:\/\/secure.gravatar.com\/avatar\/a8f3185ff2f6cee7d79c60e904004ccb6107bdc3e38d176acfc1ee42b62a994e?s=96&d=mm&r=g","caption":"Janine Laborde"},"url":"https:\/\/charente.catholique.fr\/grand-angouleme\/author\/janinelaborde\/"}]}},"_links":{"self":[{"href":"https:\/\/charente.catholique.fr\/grand-angouleme\/wp-json\/wp\/v2\/posts\/22774","targetHints":{"allow":["GET"]}}],"collection":[{"href":"https:\/\/charente.catholique.fr\/grand-angouleme\/wp-json\/wp\/v2\/posts"}],"about":[{"href":"https:\/\/charente.catholique.fr\/grand-angouleme\/wp-json\/wp\/v2\/types\/post"}],"author":[{"embeddable":true,"href":"https:\/\/charente.catholique.fr\/grand-angouleme\/wp-json\/wp\/v2\/users\/22"}],"replies":[{"embeddable":true,"href":"https:\/\/charente.catholique.fr\/grand-angouleme\/wp-json\/wp\/v2\/comments?post=22774"}],"version-history":[{"count":4,"href":"https:\/\/charente.catholique.fr\/grand-angouleme\/wp-json\/wp\/v2\/posts\/22774\/revisions"}],"predecessor-version":[{"id":22809,"href":"https:\/\/charente.catholique.fr\/grand-angouleme\/wp-json\/wp\/v2\/posts\/22774\/revisions\/22809"}],"wp:featuredmedia":[{"embeddable":true,"href":"https:\/\/charente.catholique.fr\/grand-angouleme\/wp-json\/wp\/v2\/media\/22779"}],"wp:attachment":[{"href":"https:\/\/charente.catholique.fr\/grand-angouleme\/wp-json\/wp\/v2\/media?parent=22774"}],"wp:term":[{"taxonomy":"category","embeddable":true,"href":"https:\/\/charente.catholique.fr\/grand-angouleme\/wp-json\/wp\/v2\/categories?post=22774"},{"taxonomy":"post_tag","embeddable":true,"href":"https:\/\/charente.catholique.fr\/grand-angouleme\/wp-json\/wp\/v2\/tags?post=22774"}],"curies":[{"name":"wp","href":"https:\/\/api.w.org\/{rel}","templated":true}]}}