{"id":22749,"date":"2023-12-26T09:46:12","date_gmt":"2023-12-26T08:46:12","guid":{"rendered":"https:\/\/charente.catholique.fr\/grand-angouleme\/?p=22749"},"modified":"2023-12-31T10:55:31","modified_gmt":"2023-12-31T09:55:31","slug":"homelie-du-pere-denis-trinez-pour-la-messe-de-la-nuit-de-noel-b","status":"publish","type":"post","link":"https:\/\/charente.catholique.fr\/grand-angouleme\/actualites\/homelie-du-pere-denis-trinez-pour-la-messe-de-la-nuit-de-noel-b\/","title":{"rendered":"Hom\u00e9lie du P\u00e8re Denis Trinez pour la messe de la nuit de No\u00ebl B"},"content":{"rendered":"\n<h4 class=\"wp-block-heading\">Mot d&#8217;accueil<\/h4>\n\n\n\n<div class=\"wp-block-group is-nowrap is-layout-flex wp-container-core-group-is-layout-6c531013 wp-block-group-is-layout-flex\">\n<div class=\"wp-block-media-text is-stacked-on-mobile\" style=\"grid-template-columns:27% auto\"><figure class=\"wp-block-media-text__media\"><img loading=\"lazy\" decoding=\"async\" width=\"768\" height=\"1024\" src=\"https:\/\/charente.catholique.fr\/grand-angouleme\/wp-content\/uploads\/sites\/2\/2023\/12\/img-20231225-wa0005.jpg\" alt=\"\" class=\"wp-image-22758 size-full\" srcset=\"https:\/\/charente.catholique.fr\/grand-angouleme\/wp-content\/uploads\/sites\/2\/2023\/12\/img-20231225-wa0005.jpg 768w, https:\/\/charente.catholique.fr\/grand-angouleme\/wp-content\/uploads\/sites\/2\/2023\/12\/img-20231225-wa0005-225x300.jpg 225w\" sizes=\"auto, (max-width: 768px) 100vw, 768px\" \/><\/figure><div class=\"wp-block-media-text__content\">\n<p style=\"font-size:16px\">Toi qui est venu rejoindre J\u00e9sus ce soir.<br>Toi, qui ce soir, va peut \u00eatre d\u00e9pos\u00e9 au pied de cet autel le sac de ta vie avec ses joies, ses peines et ses angoisses.<br>Saches que cet Enfant que l&#8217;on va chanter et louer t&#8217;attend&nbsp;!<br>Il a besoin de Toi, Il esp\u00e8re en toi&nbsp;! Il te conna\u00eet tel que tu es et Il t&#8217;aime.<br>Comme toi, Lui aussi te cherche. Il ne peut rien faire et ne peut donner son amour sans toi.<br>Saches que Dieu fait homme est d\u00e9pendant de toi.<br>Tu souhaites la paix, J\u00e9sus aussi mais pas sans ton aide.<br>Tu souhaites plus de tendresse dans cette soci\u00e9t\u00e9, J\u00e9sus aussi mais pas sans ton aide.<br>Tu souhaites un monde plus juste, J\u00e9sus aussi mais pas sans toi.<br>Depuis sa r\u00e9surrection jusqu&#8217;\u00e0 sa naissance, J\u00e9sus le Christ n&#8217;a pu et ne peut construire un monde d&#8217;amour et de tendresse que gr\u00e2ce \u00e0 ton d\u00e9sir de faire pour Lui.<br>Comme le disait dans son dialogue avec Dieu, Etty Hillesum jeune femme juive morte en camps de concentration&nbsp;:<br>\u00ab<em>&nbsp;Il m&#8217;appara\u00eet de plus en plus clairement que Tu ne peux pas nous aider mais que c&#8217;est \u00e0 nous de t&#8217;aider et de d\u00e9fendre jusqu&#8217;au bout la demeure qui t&#8217;abrite en nous.<\/em>&nbsp;\u00bb<\/p>\n<\/div><\/div>\n<\/div>\n\n\n\n<h4 class=\"wp-block-heading\"><a href=\"https:\/\/www.aelf.org\/2023-12-25\/romain\/messe\">Lectures du jour<\/a><\/h4>\n\n\n\n<h4 class=\"wp-block-heading\">Hom\u00e9lie du P\u00e8re Denis <\/h4>\n\n\n\n<figure class=\"wp-block-embed is-type-video is-provider-youtube wp-block-embed-youtube wp-embed-aspect-16-9 wp-has-aspect-ratio\"><div class=\"wp-block-embed__wrapper\">\n<iframe loading=\"lazy\" title=\"hom\u00e9lie du p\u00e8re Denis Trinez pour la messe de la nuit de No\u00ebl 2023\" width=\"500\" height=\"281\" src=\"https:\/\/www.youtube.com\/embed\/m8vwpOS16x0?feature=oembed\" frameborder=\"0\" allow=\"accelerometer; autoplay; clipboard-write; encrypted-media; gyroscope; picture-in-picture; web-share\" referrerpolicy=\"strict-origin-when-cross-origin\" allowfullscreen><\/iframe>\n<\/div><\/figure>\n\n\n\n<h4 class=\"wp-block-heading\">P.U<\/h4>\n\n\n\n<ul class=\"wp-block-list\">\n<li>Aujourd&#8217;hui, o\u00f9 des for\u00eats sont d\u00e9truites, des avions ne cessent de z\u00e9brer le ciel, des d\u00e9chets de plastique dans les oc\u00e9ans empoisonnent des poissons, o\u00f9 des esp\u00e8ces animales sont en voie de disparition. Que la terre que tu nous as confi\u00e9 est en train de s&#8217;\u00e9tioler par l&#8217;orgueil et l&#8217;app\u00e2t du gain que convoitent les hommes. <br>Apprends- nous Seigneur, qu&#8217;\u00e0 l&#8217;exemple des bergers qui sont venus te rejoindre lors de ta naissance, nous sachions respecter en toute humilit\u00e9 ta cr\u00e9ation dont nous ne sommes pas les ma\u00eetres mais de simples intendants.<br><\/li>\n\n\n\n<li><strong>J\u00e9sus d\u00e9pos\u00e9 dans une mangeoire<\/strong><br>exprime l\u2019humilit\u00e9 de Dieu<br>Prions ce soir pour tous ceux qui sont seuls dans le froid, la souffrance<br>Prions pour ces personnes, ces enfants qui sont dans une situation \u00e9pouvantable \u00e0 cause de la guerre.<br><\/li>\n\n\n\n<li><strong>No\u00ebl f\u00eate de la Paix<\/strong><br>Face aux guerres actuelles, nous te prions, Seigneur<br>que ton esprit inspire des hommes, des femmes pour que par eux, gr\u00e2ce \u00e0 eux la parole prenne le pas sur les armes.<br><\/li>\n\n\n\n<li><strong>En ce soir de No\u00ebl<\/strong><br>Seigneur, en prenant notre condition humaine, tu mets entre nos mains Ta lumi\u00e8re et Ton amour. Avec toi, nous passons de la mort \u00e0 la vie<br>Nous te prions Seigneur, aide-nous \u00e0 \u00eatre des t\u00e9moins cr\u00e9dibles de Ton amour et de Ta tendresse.<\/li>\n<\/ul>\n","protected":false},"excerpt":{"rendered":"<p>Mot d&#8217;accueil Toi qui est venu rejoindre J\u00e9sus ce soir.Toi, qui ce soir, va peut \u00eatre d\u00e9pos\u00e9 au pied de cet autel le sac de ta vie avec ses joies, ses peines et ses angoisses.Saches que cet Enfant que l&#8217;on va chanter et louer t&#8217;attend&nbsp;!Il a besoin de Toi, Il esp\u00e8re en toi&nbsp;! Il te [&hellip;]<\/p>\n","protected":false},"author":22,"featured_media":22752,"comment_status":"open","ping_status":"open","sticky":false,"template":"","format":"standard","meta":{"_acf_changed":false,"paroisse":["0"],"service":["0"],"footnotes":""},"categories":[1],"tags":[],"class_list":["post-22749","post","type-post","status-publish","format-standard","has-post-thumbnail","hentry","category-actualites"],"acf":[],"yoast_head":"<!-- This site is optimized with the Yoast SEO plugin v27.1.1 - https:\/\/yoast.com\/product\/yoast-seo-wordpress\/ -->\n<title>Hom\u00e9lie du P\u00e8re Denis Trinez pour la messe de la nuit de No\u00ebl B - Doyenn\u00e9 Grand Angoul\u00eame<\/title>\n<meta name=\"robots\" content=\"index, follow, max-snippet:-1, max-image-preview:large, max-video-preview:-1\" \/>\n<link rel=\"canonical\" href=\"https:\/\/charente.catholique.fr\/grand-angouleme\/actualites\/homelie-du-pere-denis-trinez-pour-la-messe-de-la-nuit-de-noel-b\/\" \/>\n<meta property=\"og:locale\" content=\"fr_FR\" \/>\n<meta property=\"og:type\" content=\"article\" \/>\n<meta property=\"og:title\" content=\"Hom\u00e9lie du P\u00e8re Denis Trinez pour la messe de la nuit de No\u00ebl B - Doyenn\u00e9 Grand Angoul\u00eame\" \/>\n<meta property=\"og:description\" content=\"Mot d&#8217;accueil Toi qui est venu rejoindre J\u00e9sus ce soir.Toi, qui ce soir, va peut \u00eatre d\u00e9pos\u00e9 au pied de cet autel le sac de ta vie avec ses joies, ses peines et ses angoisses.Saches que cet Enfant que l&#8217;on va chanter et louer t&#8217;attend&nbsp;!Il a besoin de Toi, Il esp\u00e8re en toi&nbsp;! Il te [&hellip;]\" \/>\n<meta property=\"og:url\" content=\"https:\/\/charente.catholique.fr\/grand-angouleme\/actualites\/homelie-du-pere-denis-trinez-pour-la-messe-de-la-nuit-de-noel-b\/\" \/>\n<meta property=\"og:site_name\" content=\"Doyenn\u00e9 Grand Angoul\u00eame\" \/>\n<meta property=\"article:publisher\" content=\"https:\/\/www.facebook.com\/EgliseCatholiqueCharente\" \/>\n<meta property=\"article:published_time\" content=\"2023-12-26T08:46:12+00:00\" \/>\n<meta property=\"article:modified_time\" content=\"2023-12-31T09:55:31+00:00\" \/>\n<meta property=\"og:image\" content=\"https:\/\/charente.catholique.fr\/grand-angouleme\/wp-content\/uploads\/sites\/2\/2023\/12\/20231226_094909.jpg\" \/>\n\t<meta property=\"og:image:width\" content=\"704\" \/>\n\t<meta property=\"og:image:height\" content=\"364\" \/>\n\t<meta property=\"og:image:type\" content=\"image\/jpeg\" \/>\n<meta name=\"author\" content=\"Janine Laborde\" \/>\n<meta name=\"twitter:card\" content=\"summary_large_image\" \/>\n<meta name=\"twitter:creator\" content=\"@diocesecharente\" \/>\n<meta name=\"twitter:site\" content=\"@diocesecharente\" \/>\n<meta name=\"twitter:label1\" content=\"\u00c9crit par\" \/>\n\t<meta name=\"twitter:data1\" content=\"Janine Laborde\" \/>\n\t<meta name=\"twitter:label2\" content=\"Dur\u00e9e de lecture estim\u00e9e\" \/>\n\t<meta name=\"twitter:data2\" content=\"3 minutes\" \/>\n<script type=\"application\/ld+json\" class=\"yoast-schema-graph\">{\"@context\":\"https:\/\/schema.org\",\"@graph\":[{\"@type\":\"Article\",\"@id\":\"https:\/\/charente.catholique.fr\/grand-angouleme\/actualites\/homelie-du-pere-denis-trinez-pour-la-messe-de-la-nuit-de-noel-b\/#article\",\"isPartOf\":{\"@id\":\"https:\/\/charente.catholique.fr\/grand-angouleme\/actualites\/homelie-du-pere-denis-trinez-pour-la-messe-de-la-nuit-de-noel-b\/\"},\"author\":{\"name\":\"Janine Laborde\",\"@id\":\"https:\/\/charente.catholique.fr\/grand-angouleme\/#\/schema\/person\/898f693d8a5f95b1bf02828f73967b47\"},\"headline\":\"Hom\u00e9lie du P\u00e8re Denis Trinez pour la messe de la nuit de No\u00ebl B\",\"datePublished\":\"2023-12-26T08:46:12+00:00\",\"dateModified\":\"2023-12-31T09:55:31+00:00\",\"mainEntityOfPage\":{\"@id\":\"https:\/\/charente.catholique.fr\/grand-angouleme\/actualites\/homelie-du-pere-denis-trinez-pour-la-messe-de-la-nuit-de-noel-b\/\"},\"wordCount\":506,\"commentCount\":0,\"publisher\":{\"@id\":\"https:\/\/charente.catholique.fr\/grand-angouleme\/#organization\"},\"image\":{\"@id\":\"https:\/\/charente.catholique.fr\/grand-angouleme\/actualites\/homelie-du-pere-denis-trinez-pour-la-messe-de-la-nuit-de-noel-b\/#primaryimage\"},\"thumbnailUrl\":\"https:\/\/charente.catholique.fr\/grand-angouleme\/wp-content\/uploads\/sites\/2\/2023\/12\/20231226_094909.jpg\",\"articleSection\":[\"Actualit\u00e9s\"],\"inLanguage\":\"fr-FR\",\"potentialAction\":[{\"@type\":\"CommentAction\",\"name\":\"Comment\",\"target\":[\"https:\/\/charente.catholique.fr\/grand-angouleme\/actualites\/homelie-du-pere-denis-trinez-pour-la-messe-de-la-nuit-de-noel-b\/#respond\"]}]},{\"@type\":\"WebPage\",\"@id\":\"https:\/\/charente.catholique.fr\/grand-angouleme\/actualites\/homelie-du-pere-denis-trinez-pour-la-messe-de-la-nuit-de-noel-b\/\",\"url\":\"https:\/\/charente.catholique.fr\/grand-angouleme\/actualites\/homelie-du-pere-denis-trinez-pour-la-messe-de-la-nuit-de-noel-b\/\",\"name\":\"Hom\u00e9lie du P\u00e8re Denis Trinez pour la messe de la nuit de No\u00ebl B - Doyenn\u00e9 Grand Angoul\u00eame\",\"isPartOf\":{\"@id\":\"https:\/\/charente.catholique.fr\/grand-angouleme\/#website\"},\"primaryImageOfPage\":{\"@id\":\"https:\/\/charente.catholique.fr\/grand-angouleme\/actualites\/homelie-du-pere-denis-trinez-pour-la-messe-de-la-nuit-de-noel-b\/#primaryimage\"},\"image\":{\"@id\":\"https:\/\/charente.catholique.fr\/grand-angouleme\/actualites\/homelie-du-pere-denis-trinez-pour-la-messe-de-la-nuit-de-noel-b\/#primaryimage\"},\"thumbnailUrl\":\"https:\/\/charente.catholique.fr\/grand-angouleme\/wp-content\/uploads\/sites\/2\/2023\/12\/20231226_094909.jpg\",\"datePublished\":\"2023-12-26T08:46:12+00:00\",\"dateModified\":\"2023-12-31T09:55:31+00:00\",\"breadcrumb\":{\"@id\":\"https:\/\/charente.catholique.fr\/grand-angouleme\/actualites\/homelie-du-pere-denis-trinez-pour-la-messe-de-la-nuit-de-noel-b\/#breadcrumb\"},\"inLanguage\":\"fr-FR\",\"potentialAction\":[{\"@type\":\"ReadAction\",\"target\":[\"https:\/\/charente.catholique.fr\/grand-angouleme\/actualites\/homelie-du-pere-denis-trinez-pour-la-messe-de-la-nuit-de-noel-b\/\"]}]},{\"@type\":\"ImageObject\",\"inLanguage\":\"fr-FR\",\"@id\":\"https:\/\/charente.catholique.fr\/grand-angouleme\/actualites\/homelie-du-pere-denis-trinez-pour-la-messe-de-la-nuit-de-noel-b\/#primaryimage\",\"url\":\"https:\/\/charente.catholique.fr\/grand-angouleme\/wp-content\/uploads\/sites\/2\/2023\/12\/20231226_094909.jpg\",\"contentUrl\":\"https:\/\/charente.catholique.fr\/grand-angouleme\/wp-content\/uploads\/sites\/2\/2023\/12\/20231226_094909.jpg\",\"width\":704,\"height\":364},{\"@type\":\"BreadcrumbList\",\"@id\":\"https:\/\/charente.catholique.fr\/grand-angouleme\/actualites\/homelie-du-pere-denis-trinez-pour-la-messe-de-la-nuit-de-noel-b\/#breadcrumb\",\"itemListElement\":[{\"@type\":\"ListItem\",\"position\":1,\"name\":\"Accueil\",\"item\":\"https:\/\/charente.catholique.fr\/grand-angouleme\/\"},{\"@type\":\"ListItem\",\"position\":2,\"name\":\"Hom\u00e9lie du P\u00e8re Denis Trinez pour la messe de la nuit de No\u00ebl B\"}]},{\"@type\":\"WebSite\",\"@id\":\"https:\/\/charente.catholique.fr\/grand-angouleme\/#website\",\"url\":\"https:\/\/charente.catholique.fr\/grand-angouleme\/\",\"name\":\"Doyenn\u00e9 Grand Angoul\u00eame - Dioc\u00e8se d'Angoul\u00eame\",\"description\":\"Dioc\u00e8se d&#039;Angoul\u00eame\",\"publisher\":{\"@id\":\"https:\/\/charente.catholique.fr\/grand-angouleme\/#organization\"},\"potentialAction\":[{\"@type\":\"SearchAction\",\"target\":{\"@type\":\"EntryPoint\",\"urlTemplate\":\"https:\/\/charente.catholique.fr\/grand-angouleme\/?s={search_term_string}\"},\"query-input\":{\"@type\":\"PropertyValueSpecification\",\"valueRequired\":true,\"valueName\":\"search_term_string\"}}],\"inLanguage\":\"fr-FR\"},{\"@type\":\"Organization\",\"@id\":\"https:\/\/charente.catholique.fr\/grand-angouleme\/#organization\",\"name\":\"Association Dioc\u00e9saine d'Angoul\u00eame\",\"url\":\"https:\/\/charente.catholique.fr\/grand-angouleme\/\",\"logo\":{\"@type\":\"ImageObject\",\"inLanguage\":\"fr-FR\",\"@id\":\"https:\/\/charente.catholique.fr\/grand-angouleme\/#\/schema\/logo\/image\/\",\"url\":\"https:\/\/charente.catholique.fr\/grand-angouleme\/wp-content\/uploads\/sites\/2\/2020\/10\/logos.png\",\"contentUrl\":\"https:\/\/charente.catholique.fr\/grand-angouleme\/wp-content\/uploads\/sites\/2\/2020\/10\/logos.png\",\"width\":600,\"height\":257,\"caption\":\"Association Dioc\u00e9saine d'Angoul\u00eame\"},\"image\":{\"@id\":\"https:\/\/charente.catholique.fr\/grand-angouleme\/#\/schema\/logo\/image\/\"},\"sameAs\":[\"https:\/\/www.facebook.com\/EgliseCatholiqueCharente\",\"https:\/\/x.com\/diocesecharente\",\"https:\/\/www.instagram.com\/eglisecharente\",\"https:\/\/www.youtube.com\/channel\/UCByyFWApZbw3gDTiADoiAaQ\"]},{\"@type\":\"Person\",\"@id\":\"https:\/\/charente.catholique.fr\/grand-angouleme\/#\/schema\/person\/898f693d8a5f95b1bf02828f73967b47\",\"name\":\"Janine Laborde\",\"image\":{\"@type\":\"ImageObject\",\"inLanguage\":\"fr-FR\",\"@id\":\"https:\/\/charente.catholique.fr\/grand-angouleme\/#\/schema\/person\/image\/\",\"url\":\"https:\/\/secure.gravatar.com\/avatar\/a8f3185ff2f6cee7d79c60e904004ccb6107bdc3e38d176acfc1ee42b62a994e?s=96&d=mm&r=g\",\"contentUrl\":\"https:\/\/secure.gravatar.com\/avatar\/a8f3185ff2f6cee7d79c60e904004ccb6107bdc3e38d176acfc1ee42b62a994e?s=96&d=mm&r=g\",\"caption\":\"Janine Laborde\"},\"url\":\"https:\/\/charente.catholique.fr\/grand-angouleme\/author\/janinelaborde\/\"}]}<\/script>\n<!-- \/ Yoast SEO plugin. -->","yoast_head_json":{"title":"Hom\u00e9lie du P\u00e8re Denis Trinez pour la messe de la nuit de No\u00ebl B - Doyenn\u00e9 Grand Angoul\u00eame","robots":{"index":"index","follow":"follow","max-snippet":"max-snippet:-1","max-image-preview":"max-image-preview:large","max-video-preview":"max-video-preview:-1"},"canonical":"https:\/\/charente.catholique.fr\/grand-angouleme\/actualites\/homelie-du-pere-denis-trinez-pour-la-messe-de-la-nuit-de-noel-b\/","og_locale":"fr_FR","og_type":"article","og_title":"Hom\u00e9lie du P\u00e8re Denis Trinez pour la messe de la nuit de No\u00ebl B - Doyenn\u00e9 Grand Angoul\u00eame","og_description":"Mot d&#8217;accueil Toi qui est venu rejoindre J\u00e9sus ce soir.Toi, qui ce soir, va peut \u00eatre d\u00e9pos\u00e9 au pied de cet autel le sac de ta vie avec ses joies, ses peines et ses angoisses.Saches que cet Enfant que l&#8217;on va chanter et louer t&#8217;attend&nbsp;!Il a besoin de Toi, Il esp\u00e8re en toi&nbsp;! Il te [&hellip;]","og_url":"https:\/\/charente.catholique.fr\/grand-angouleme\/actualites\/homelie-du-pere-denis-trinez-pour-la-messe-de-la-nuit-de-noel-b\/","og_site_name":"Doyenn\u00e9 Grand Angoul\u00eame","article_publisher":"https:\/\/www.facebook.com\/EgliseCatholiqueCharente","article_published_time":"2023-12-26T08:46:12+00:00","article_modified_time":"2023-12-31T09:55:31+00:00","og_image":[{"width":704,"height":364,"url":"https:\/\/charente.catholique.fr\/grand-angouleme\/wp-content\/uploads\/sites\/2\/2023\/12\/20231226_094909.jpg","type":"image\/jpeg"}],"author":"Janine Laborde","twitter_card":"summary_large_image","twitter_creator":"@diocesecharente","twitter_site":"@diocesecharente","twitter_misc":{"\u00c9crit par":"Janine Laborde","Dur\u00e9e de lecture estim\u00e9e":"3 minutes"},"schema":{"@context":"https:\/\/schema.org","@graph":[{"@type":"Article","@id":"https:\/\/charente.catholique.fr\/grand-angouleme\/actualites\/homelie-du-pere-denis-trinez-pour-la-messe-de-la-nuit-de-noel-b\/#article","isPartOf":{"@id":"https:\/\/charente.catholique.fr\/grand-angouleme\/actualites\/homelie-du-pere-denis-trinez-pour-la-messe-de-la-nuit-de-noel-b\/"},"author":{"name":"Janine Laborde","@id":"https:\/\/charente.catholique.fr\/grand-angouleme\/#\/schema\/person\/898f693d8a5f95b1bf02828f73967b47"},"headline":"Hom\u00e9lie du P\u00e8re Denis Trinez pour la messe de la nuit de No\u00ebl B","datePublished":"2023-12-26T08:46:12+00:00","dateModified":"2023-12-31T09:55:31+00:00","mainEntityOfPage":{"@id":"https:\/\/charente.catholique.fr\/grand-angouleme\/actualites\/homelie-du-pere-denis-trinez-pour-la-messe-de-la-nuit-de-noel-b\/"},"wordCount":506,"commentCount":0,"publisher":{"@id":"https:\/\/charente.catholique.fr\/grand-angouleme\/#organization"},"image":{"@id":"https:\/\/charente.catholique.fr\/grand-angouleme\/actualites\/homelie-du-pere-denis-trinez-pour-la-messe-de-la-nuit-de-noel-b\/#primaryimage"},"thumbnailUrl":"https:\/\/charente.catholique.fr\/grand-angouleme\/wp-content\/uploads\/sites\/2\/2023\/12\/20231226_094909.jpg","articleSection":["Actualit\u00e9s"],"inLanguage":"fr-FR","potentialAction":[{"@type":"CommentAction","name":"Comment","target":["https:\/\/charente.catholique.fr\/grand-angouleme\/actualites\/homelie-du-pere-denis-trinez-pour-la-messe-de-la-nuit-de-noel-b\/#respond"]}]},{"@type":"WebPage","@id":"https:\/\/charente.catholique.fr\/grand-angouleme\/actualites\/homelie-du-pere-denis-trinez-pour-la-messe-de-la-nuit-de-noel-b\/","url":"https:\/\/charente.catholique.fr\/grand-angouleme\/actualites\/homelie-du-pere-denis-trinez-pour-la-messe-de-la-nuit-de-noel-b\/","name":"Hom\u00e9lie du P\u00e8re Denis Trinez pour la messe de la nuit de No\u00ebl B - Doyenn\u00e9 Grand Angoul\u00eame","isPartOf":{"@id":"https:\/\/charente.catholique.fr\/grand-angouleme\/#website"},"primaryImageOfPage":{"@id":"https:\/\/charente.catholique.fr\/grand-angouleme\/actualites\/homelie-du-pere-denis-trinez-pour-la-messe-de-la-nuit-de-noel-b\/#primaryimage"},"image":{"@id":"https:\/\/charente.catholique.fr\/grand-angouleme\/actualites\/homelie-du-pere-denis-trinez-pour-la-messe-de-la-nuit-de-noel-b\/#primaryimage"},"thumbnailUrl":"https:\/\/charente.catholique.fr\/grand-angouleme\/wp-content\/uploads\/sites\/2\/2023\/12\/20231226_094909.jpg","datePublished":"2023-12-26T08:46:12+00:00","dateModified":"2023-12-31T09:55:31+00:00","breadcrumb":{"@id":"https:\/\/charente.catholique.fr\/grand-angouleme\/actualites\/homelie-du-pere-denis-trinez-pour-la-messe-de-la-nuit-de-noel-b\/#breadcrumb"},"inLanguage":"fr-FR","potentialAction":[{"@type":"ReadAction","target":["https:\/\/charente.catholique.fr\/grand-angouleme\/actualites\/homelie-du-pere-denis-trinez-pour-la-messe-de-la-nuit-de-noel-b\/"]}]},{"@type":"ImageObject","inLanguage":"fr-FR","@id":"https:\/\/charente.catholique.fr\/grand-angouleme\/actualites\/homelie-du-pere-denis-trinez-pour-la-messe-de-la-nuit-de-noel-b\/#primaryimage","url":"https:\/\/charente.catholique.fr\/grand-angouleme\/wp-content\/uploads\/sites\/2\/2023\/12\/20231226_094909.jpg","contentUrl":"https:\/\/charente.catholique.fr\/grand-angouleme\/wp-content\/uploads\/sites\/2\/2023\/12\/20231226_094909.jpg","width":704,"height":364},{"@type":"BreadcrumbList","@id":"https:\/\/charente.catholique.fr\/grand-angouleme\/actualites\/homelie-du-pere-denis-trinez-pour-la-messe-de-la-nuit-de-noel-b\/#breadcrumb","itemListElement":[{"@type":"ListItem","position":1,"name":"Accueil","item":"https:\/\/charente.catholique.fr\/grand-angouleme\/"},{"@type":"ListItem","position":2,"name":"Hom\u00e9lie du P\u00e8re Denis Trinez pour la messe de la nuit de No\u00ebl B"}]},{"@type":"WebSite","@id":"https:\/\/charente.catholique.fr\/grand-angouleme\/#website","url":"https:\/\/charente.catholique.fr\/grand-angouleme\/","name":"Doyenn\u00e9 Grand Angoul\u00eame - Dioc\u00e8se d'Angoul\u00eame","description":"Dioc\u00e8se d&#039;Angoul\u00eame","publisher":{"@id":"https:\/\/charente.catholique.fr\/grand-angouleme\/#organization"},"potentialAction":[{"@type":"SearchAction","target":{"@type":"EntryPoint","urlTemplate":"https:\/\/charente.catholique.fr\/grand-angouleme\/?s={search_term_string}"},"query-input":{"@type":"PropertyValueSpecification","valueRequired":true,"valueName":"search_term_string"}}],"inLanguage":"fr-FR"},{"@type":"Organization","@id":"https:\/\/charente.catholique.fr\/grand-angouleme\/#organization","name":"Association Dioc\u00e9saine d'Angoul\u00eame","url":"https:\/\/charente.catholique.fr\/grand-angouleme\/","logo":{"@type":"ImageObject","inLanguage":"fr-FR","@id":"https:\/\/charente.catholique.fr\/grand-angouleme\/#\/schema\/logo\/image\/","url":"https:\/\/charente.catholique.fr\/grand-angouleme\/wp-content\/uploads\/sites\/2\/2020\/10\/logos.png","contentUrl":"https:\/\/charente.catholique.fr\/grand-angouleme\/wp-content\/uploads\/sites\/2\/2020\/10\/logos.png","width":600,"height":257,"caption":"Association Dioc\u00e9saine d'Angoul\u00eame"},"image":{"@id":"https:\/\/charente.catholique.fr\/grand-angouleme\/#\/schema\/logo\/image\/"},"sameAs":["https:\/\/www.facebook.com\/EgliseCatholiqueCharente","https:\/\/x.com\/diocesecharente","https:\/\/www.instagram.com\/eglisecharente","https:\/\/www.youtube.com\/channel\/UCByyFWApZbw3gDTiADoiAaQ"]},{"@type":"Person","@id":"https:\/\/charente.catholique.fr\/grand-angouleme\/#\/schema\/person\/898f693d8a5f95b1bf02828f73967b47","name":"Janine Laborde","image":{"@type":"ImageObject","inLanguage":"fr-FR","@id":"https:\/\/charente.catholique.fr\/grand-angouleme\/#\/schema\/person\/image\/","url":"https:\/\/secure.gravatar.com\/avatar\/a8f3185ff2f6cee7d79c60e904004ccb6107bdc3e38d176acfc1ee42b62a994e?s=96&d=mm&r=g","contentUrl":"https:\/\/secure.gravatar.com\/avatar\/a8f3185ff2f6cee7d79c60e904004ccb6107bdc3e38d176acfc1ee42b62a994e?s=96&d=mm&r=g","caption":"Janine Laborde"},"url":"https:\/\/charente.catholique.fr\/grand-angouleme\/author\/janinelaborde\/"}]}},"_links":{"self":[{"href":"https:\/\/charente.catholique.fr\/grand-angouleme\/wp-json\/wp\/v2\/posts\/22749","targetHints":{"allow":["GET"]}}],"collection":[{"href":"https:\/\/charente.catholique.fr\/grand-angouleme\/wp-json\/wp\/v2\/posts"}],"about":[{"href":"https:\/\/charente.catholique.fr\/grand-angouleme\/wp-json\/wp\/v2\/types\/post"}],"author":[{"embeddable":true,"href":"https:\/\/charente.catholique.fr\/grand-angouleme\/wp-json\/wp\/v2\/users\/22"}],"replies":[{"embeddable":true,"href":"https:\/\/charente.catholique.fr\/grand-angouleme\/wp-json\/wp\/v2\/comments?post=22749"}],"version-history":[{"count":8,"href":"https:\/\/charente.catholique.fr\/grand-angouleme\/wp-json\/wp\/v2\/posts\/22749\/revisions"}],"predecessor-version":[{"id":22811,"href":"https:\/\/charente.catholique.fr\/grand-angouleme\/wp-json\/wp\/v2\/posts\/22749\/revisions\/22811"}],"wp:featuredmedia":[{"embeddable":true,"href":"https:\/\/charente.catholique.fr\/grand-angouleme\/wp-json\/wp\/v2\/media\/22752"}],"wp:attachment":[{"href":"https:\/\/charente.catholique.fr\/grand-angouleme\/wp-json\/wp\/v2\/media?parent=22749"}],"wp:term":[{"taxonomy":"category","embeddable":true,"href":"https:\/\/charente.catholique.fr\/grand-angouleme\/wp-json\/wp\/v2\/categories?post=22749"},{"taxonomy":"post_tag","embeddable":true,"href":"https:\/\/charente.catholique.fr\/grand-angouleme\/wp-json\/wp\/v2\/tags?post=22749"}],"curies":[{"name":"wp","href":"https:\/\/api.w.org\/{rel}","templated":true}]}}