{"id":22554,"date":"2023-11-20T10:54:11","date_gmt":"2023-11-20T09:54:11","guid":{"rendered":"https:\/\/charente.catholique.fr\/grand-angouleme\/?p=22554"},"modified":"2023-11-21T17:16:21","modified_gmt":"2023-11-21T16:16:21","slug":"homelie-du-p-j-m-chassine-33eme-dim-a","status":"publish","type":"post","link":"https:\/\/charente.catholique.fr\/grand-angouleme\/actualites\/homelie-du-p-j-m-chassine-33eme-dim-a\/","title":{"rendered":"Hom\u00e9lie du P.  J.M. Chassine 33\u00e8me dim. A"},"content":{"rendered":"\n<h2 class=\"wp-block-heading\"><strong>Accueil<\/strong><\/h2>\n\n\n\n<p>En cette fin d&#8217;ann\u00e9e liturgique, les textes de ce jour&nbsp; nous invitent&nbsp; \u00e0 veiller activement dans la confiance. \u00ab<em>&nbsp;Ne restons pas endormis mais soyons vigilants et sobres&nbsp;<\/em>\u00bb nous dit St Paul.<\/p>\n\n\n\n<p>Le Seigneur confie \u00e0 chacun des responsabilit\u00e9s selon ses capacit\u00e9s. Il nous demande&nbsp; de prendre des initiatives pour faire fructifier au service des autres les dons que nous avons re\u00e7us&nbsp; et \u00e0 les partager.<\/p>\n\n\n\n<p>Nous sommes&nbsp; invit\u00e9s \u00e0 demeurer \u00e9veill\u00e9s et attentifs \u00e0 toute femme et tout homme,&nbsp; \u00e0 agir en faveur du respect de tous&nbsp;, tout particuli\u00e8rement en cette Journ\u00e9e Mondiale des Pauvres institu\u00e9e par le Pape Fran\u00e7ois.<\/p>\n\n\n\n<p>Nous accueillons aujourd&#8217;hui le pasteur Jeff Comba de l&#8217;Eglise Evang\u00e9lique Libre.<\/p>\n\n\n\n<h2 class=\"wp-block-heading\"><a href=\"https:\/\/www.aelf.org\/2023-11-19\/romain\/messe\">Lectures du jour<\/a><\/h2>\n\n\n\n<h2 class=\"wp-block-heading\">Hom\u00e9lie du P\u00e8re Jean-Michel<\/h2>\n\n\n\n<figure class=\"wp-block-embed is-type-video is-provider-youtube wp-block-embed-youtube wp-embed-aspect-16-9 wp-has-aspect-ratio\"><div class=\"wp-block-embed__wrapper\">\n<script>jQuery(function() {(tarteaucitron.job = tarteaucitron.job || []).push('youtube');});<\/script><div class=\"youtube_player\" videoID=\"yscUQOHvPko\" theme=\"light\" rel=\"0\" controls=\"1\" showinfo=\"1\" autoplay=\"0\"><\/div>\n<\/div><\/figure>\n\n\n\n<h2 class=\"wp-block-heading\">P.U<\/h2>\n\n\n\n<ul class=\"wp-block-list\">\n<li>\u00ab&nbsp;<strong>Ne d\u00e9tourne pas ton visage d&#8217;aucun pauvre<\/strong>&nbsp;\u00bb est le th\u00e8me de cette Journ\u00e9e Mondiale des Pauvres. Le Pape Fran\u00e7ois souhaite nous ouvrir davantage \u00e0 la mis\u00e9ricorde. <br>Seigneur, nous te prions pour tous ceux qui souffrent de pr\u00e9carit\u00e9, de violence, de discriminations,&nbsp; de maladie.<br>Soutiens toutes les \u00e9quipes des&nbsp; associations caritatives et humanitaires qui&nbsp; accueillent et aident&nbsp; concr\u00e8tement&nbsp; tous ceux qui en ont besoin.<br><\/li>\n\n\n\n<li>\u00ab&nbsp;<strong>L&#8217;homme confia ses biens \u00e0 ses serviteurs&nbsp;<\/strong>\u00bb,<br>Seigneur, donne \u00e0 tous les hommes de bonne volont\u00e9 \u00e0 qui tu as confi\u00e9 la Terre, la vigilance pour en prendre soin, pour la faire fructifier pour le bien de tous et la transformer en un monde o\u00f9 chaque personne puisse vivre d\u00e9cemment.<br><\/li>\n\n\n\n<li>Seigneur, fais de nos communaut\u00e9s des veilleurs attentifs.<br>Donne nous la force de la solidarit\u00e9.<br>Aide nous \u00e0 vivre l&#8217;Evangile et \u00e0 pouvoir d\u00e9couvrir le Christ en tout \u00eatre humain.<\/li>\n<\/ul>\n\n\n\n<p><\/p>\n\n\n\n<p><\/p>\n\n\n\n<p><\/p>\n\n\n\n<p><\/p>\n","protected":false},"excerpt":{"rendered":"<p>Accueil En cette fin d&#8217;ann\u00e9e liturgique, les textes de ce jour&nbsp; nous invitent&nbsp; \u00e0 veiller activement dans la confiance. \u00ab&nbsp;Ne restons pas endormis mais soyons vigilants et sobres&nbsp;\u00bb nous dit St Paul. Le Seigneur confie \u00e0 chacun des responsabilit\u00e9s selon ses capacit\u00e9s. Il nous demande&nbsp; de prendre des initiatives pour faire fructifier au service des [&hellip;]<\/p>\n","protected":false},"author":5,"featured_media":22555,"comment_status":"open","ping_status":"open","sticky":false,"template":"","format":"standard","meta":{"_acf_changed":false,"paroisse":["0"],"service":["0"],"footnotes":""},"categories":[1,20,5],"tags":[],"class_list":["post-22554","post","type-post","status-publish","format-standard","has-post-thumbnail","hentry","category-actualites","category-homelies-2","category-ma-campagne-saint-jean-baptiste"],"acf":[],"yoast_head":"<!-- This site is optimized with the Yoast SEO plugin v27.1.1 - https:\/\/yoast.com\/product\/yoast-seo-wordpress\/ -->\n<title>Hom\u00e9lie du P. J.M. Chassine 33\u00e8me dim. A - Doyenn\u00e9 Grand Angoul\u00eame<\/title>\n<meta name=\"robots\" content=\"index, follow, max-snippet:-1, max-image-preview:large, max-video-preview:-1\" \/>\n<link rel=\"canonical\" href=\"https:\/\/charente.catholique.fr\/grand-angouleme\/actualites\/homelie-du-p-j-m-chassine-33eme-dim-a\/\" \/>\n<meta property=\"og:locale\" content=\"fr_FR\" \/>\n<meta property=\"og:type\" content=\"article\" \/>\n<meta property=\"og:title\" content=\"Hom\u00e9lie du P. J.M. Chassine 33\u00e8me dim. A - Doyenn\u00e9 Grand Angoul\u00eame\" \/>\n<meta property=\"og:description\" content=\"Accueil En cette fin d&#8217;ann\u00e9e liturgique, les textes de ce jour&nbsp; nous invitent&nbsp; \u00e0 veiller activement dans la confiance. \u00ab&nbsp;Ne restons pas endormis mais soyons vigilants et sobres&nbsp;\u00bb nous dit St Paul. Le Seigneur confie \u00e0 chacun des responsabilit\u00e9s selon ses capacit\u00e9s. Il nous demande&nbsp; de prendre des initiatives pour faire fructifier au service des [&hellip;]\" \/>\n<meta property=\"og:url\" content=\"https:\/\/charente.catholique.fr\/grand-angouleme\/actualites\/homelie-du-p-j-m-chassine-33eme-dim-a\/\" \/>\n<meta property=\"og:site_name\" content=\"Doyenn\u00e9 Grand Angoul\u00eame\" \/>\n<meta property=\"article:publisher\" content=\"https:\/\/www.facebook.com\/EgliseCatholiqueCharente\" \/>\n<meta property=\"article:published_time\" content=\"2023-11-20T09:54:11+00:00\" \/>\n<meta property=\"article:modified_time\" content=\"2023-11-21T16:16:21+00:00\" \/>\n<meta property=\"og:image\" content=\"https:\/\/charente.catholique.fr\/grand-angouleme\/wp-content\/uploads\/sites\/2\/2023\/11\/love-826936_1280.jpg\" \/>\n\t<meta property=\"og:image:width\" content=\"1280\" \/>\n\t<meta property=\"og:image:height\" content=\"852\" \/>\n\t<meta property=\"og:image:type\" content=\"image\/jpeg\" \/>\n<meta name=\"author\" content=\"B\u00e9atrice Saint-P\u00e9\" \/>\n<meta name=\"twitter:card\" content=\"summary_large_image\" \/>\n<meta name=\"twitter:creator\" content=\"@diocesecharente\" \/>\n<meta name=\"twitter:site\" content=\"@diocesecharente\" \/>\n<meta name=\"twitter:label1\" content=\"\u00c9crit par\" \/>\n\t<meta name=\"twitter:data1\" content=\"B\u00e9atrice Saint-P\u00e9\" \/>\n\t<meta name=\"twitter:label2\" content=\"Dur\u00e9e de lecture estim\u00e9e\" \/>\n\t<meta name=\"twitter:data2\" content=\"2 minutes\" \/>\n<script type=\"application\/ld+json\" class=\"yoast-schema-graph\">{\"@context\":\"https:\/\/schema.org\",\"@graph\":[{\"@type\":\"Article\",\"@id\":\"https:\/\/charente.catholique.fr\/grand-angouleme\/actualites\/homelie-du-p-j-m-chassine-33eme-dim-a\/#article\",\"isPartOf\":{\"@id\":\"https:\/\/charente.catholique.fr\/grand-angouleme\/actualites\/homelie-du-p-j-m-chassine-33eme-dim-a\/\"},\"author\":{\"name\":\"B\u00e9atrice Saint-P\u00e9\",\"@id\":\"https:\/\/charente.catholique.fr\/grand-angouleme\/#\/schema\/person\/b12f449504ff2da4d633df0f02abf9ee\"},\"headline\":\"Hom\u00e9lie du P. J.M. Chassine 33\u00e8me dim. A\",\"datePublished\":\"2023-11-20T09:54:11+00:00\",\"dateModified\":\"2023-11-21T16:16:21+00:00\",\"mainEntityOfPage\":{\"@id\":\"https:\/\/charente.catholique.fr\/grand-angouleme\/actualites\/homelie-du-p-j-m-chassine-33eme-dim-a\/\"},\"wordCount\":316,\"commentCount\":0,\"publisher\":{\"@id\":\"https:\/\/charente.catholique.fr\/grand-angouleme\/#organization\"},\"image\":{\"@id\":\"https:\/\/charente.catholique.fr\/grand-angouleme\/actualites\/homelie-du-p-j-m-chassine-33eme-dim-a\/#primaryimage\"},\"thumbnailUrl\":\"https:\/\/charente.catholique.fr\/grand-angouleme\/wp-content\/uploads\/sites\/2\/2023\/11\/love-826936_1280.jpg\",\"articleSection\":[\"Actualit\u00e9s\",\"Hom\u00e9lies\",\"Ma Campagne - Saint Jean Baptiste\"],\"inLanguage\":\"fr-FR\",\"potentialAction\":[{\"@type\":\"CommentAction\",\"name\":\"Comment\",\"target\":[\"https:\/\/charente.catholique.fr\/grand-angouleme\/actualites\/homelie-du-p-j-m-chassine-33eme-dim-a\/#respond\"]}]},{\"@type\":\"WebPage\",\"@id\":\"https:\/\/charente.catholique.fr\/grand-angouleme\/actualites\/homelie-du-p-j-m-chassine-33eme-dim-a\/\",\"url\":\"https:\/\/charente.catholique.fr\/grand-angouleme\/actualites\/homelie-du-p-j-m-chassine-33eme-dim-a\/\",\"name\":\"Hom\u00e9lie du P. J.M. Chassine 33\u00e8me dim. A - Doyenn\u00e9 Grand Angoul\u00eame\",\"isPartOf\":{\"@id\":\"https:\/\/charente.catholique.fr\/grand-angouleme\/#website\"},\"primaryImageOfPage\":{\"@id\":\"https:\/\/charente.catholique.fr\/grand-angouleme\/actualites\/homelie-du-p-j-m-chassine-33eme-dim-a\/#primaryimage\"},\"image\":{\"@id\":\"https:\/\/charente.catholique.fr\/grand-angouleme\/actualites\/homelie-du-p-j-m-chassine-33eme-dim-a\/#primaryimage\"},\"thumbnailUrl\":\"https:\/\/charente.catholique.fr\/grand-angouleme\/wp-content\/uploads\/sites\/2\/2023\/11\/love-826936_1280.jpg\",\"datePublished\":\"2023-11-20T09:54:11+00:00\",\"dateModified\":\"2023-11-21T16:16:21+00:00\",\"breadcrumb\":{\"@id\":\"https:\/\/charente.catholique.fr\/grand-angouleme\/actualites\/homelie-du-p-j-m-chassine-33eme-dim-a\/#breadcrumb\"},\"inLanguage\":\"fr-FR\",\"potentialAction\":[{\"@type\":\"ReadAction\",\"target\":[\"https:\/\/charente.catholique.fr\/grand-angouleme\/actualites\/homelie-du-p-j-m-chassine-33eme-dim-a\/\"]}]},{\"@type\":\"ImageObject\",\"inLanguage\":\"fr-FR\",\"@id\":\"https:\/\/charente.catholique.fr\/grand-angouleme\/actualites\/homelie-du-p-j-m-chassine-33eme-dim-a\/#primaryimage\",\"url\":\"https:\/\/charente.catholique.fr\/grand-angouleme\/wp-content\/uploads\/sites\/2\/2023\/11\/love-826936_1280.jpg\",\"contentUrl\":\"https:\/\/charente.catholique.fr\/grand-angouleme\/wp-content\/uploads\/sites\/2\/2023\/11\/love-826936_1280.jpg\",\"width\":1280,\"height\":852},{\"@type\":\"BreadcrumbList\",\"@id\":\"https:\/\/charente.catholique.fr\/grand-angouleme\/actualites\/homelie-du-p-j-m-chassine-33eme-dim-a\/#breadcrumb\",\"itemListElement\":[{\"@type\":\"ListItem\",\"position\":1,\"name\":\"Accueil\",\"item\":\"https:\/\/charente.catholique.fr\/grand-angouleme\/\"},{\"@type\":\"ListItem\",\"position\":2,\"name\":\"Hom\u00e9lie du P. J.M. Chassine 33\u00e8me dim. A\"}]},{\"@type\":\"WebSite\",\"@id\":\"https:\/\/charente.catholique.fr\/grand-angouleme\/#website\",\"url\":\"https:\/\/charente.catholique.fr\/grand-angouleme\/\",\"name\":\"Doyenn\u00e9 Grand Angoul\u00eame - Dioc\u00e8se d'Angoul\u00eame\",\"description\":\"Dioc\u00e8se d&#039;Angoul\u00eame\",\"publisher\":{\"@id\":\"https:\/\/charente.catholique.fr\/grand-angouleme\/#organization\"},\"potentialAction\":[{\"@type\":\"SearchAction\",\"target\":{\"@type\":\"EntryPoint\",\"urlTemplate\":\"https:\/\/charente.catholique.fr\/grand-angouleme\/?s={search_term_string}\"},\"query-input\":{\"@type\":\"PropertyValueSpecification\",\"valueRequired\":true,\"valueName\":\"search_term_string\"}}],\"inLanguage\":\"fr-FR\"},{\"@type\":\"Organization\",\"@id\":\"https:\/\/charente.catholique.fr\/grand-angouleme\/#organization\",\"name\":\"Association Dioc\u00e9saine d'Angoul\u00eame\",\"url\":\"https:\/\/charente.catholique.fr\/grand-angouleme\/\",\"logo\":{\"@type\":\"ImageObject\",\"inLanguage\":\"fr-FR\",\"@id\":\"https:\/\/charente.catholique.fr\/grand-angouleme\/#\/schema\/logo\/image\/\",\"url\":\"https:\/\/charente.catholique.fr\/grand-angouleme\/wp-content\/uploads\/sites\/2\/2020\/10\/logos.png\",\"contentUrl\":\"https:\/\/charente.catholique.fr\/grand-angouleme\/wp-content\/uploads\/sites\/2\/2020\/10\/logos.png\",\"width\":600,\"height\":257,\"caption\":\"Association Dioc\u00e9saine d'Angoul\u00eame\"},\"image\":{\"@id\":\"https:\/\/charente.catholique.fr\/grand-angouleme\/#\/schema\/logo\/image\/\"},\"sameAs\":[\"https:\/\/www.facebook.com\/EgliseCatholiqueCharente\",\"https:\/\/x.com\/diocesecharente\",\"https:\/\/www.instagram.com\/eglisecharente\",\"https:\/\/www.youtube.com\/channel\/UCByyFWApZbw3gDTiADoiAaQ\"]},{\"@type\":\"Person\",\"@id\":\"https:\/\/charente.catholique.fr\/grand-angouleme\/#\/schema\/person\/b12f449504ff2da4d633df0f02abf9ee\",\"name\":\"B\u00e9atrice Saint-P\u00e9\",\"image\":{\"@type\":\"ImageObject\",\"inLanguage\":\"fr-FR\",\"@id\":\"https:\/\/charente.catholique.fr\/grand-angouleme\/#\/schema\/person\/image\/\",\"url\":\"https:\/\/secure.gravatar.com\/avatar\/0493ed83685d630b019670a73a3a663bebc1c98f6ebcb0b57c8fd12fe86c0c3d?s=96&d=mm&r=g\",\"contentUrl\":\"https:\/\/secure.gravatar.com\/avatar\/0493ed83685d630b019670a73a3a663bebc1c98f6ebcb0b57c8fd12fe86c0c3d?s=96&d=mm&r=g\",\"caption\":\"B\u00e9atrice Saint-P\u00e9\"},\"url\":\"https:\/\/charente.catholique.fr\/grand-angouleme\/author\/beatricesaintpe\/\"}]}<\/script>\n<!-- \/ Yoast SEO plugin. -->","yoast_head_json":{"title":"Hom\u00e9lie du P. J.M. Chassine 33\u00e8me dim. A - Doyenn\u00e9 Grand Angoul\u00eame","robots":{"index":"index","follow":"follow","max-snippet":"max-snippet:-1","max-image-preview":"max-image-preview:large","max-video-preview":"max-video-preview:-1"},"canonical":"https:\/\/charente.catholique.fr\/grand-angouleme\/actualites\/homelie-du-p-j-m-chassine-33eme-dim-a\/","og_locale":"fr_FR","og_type":"article","og_title":"Hom\u00e9lie du P. J.M. Chassine 33\u00e8me dim. A - Doyenn\u00e9 Grand Angoul\u00eame","og_description":"Accueil En cette fin d&#8217;ann\u00e9e liturgique, les textes de ce jour&nbsp; nous invitent&nbsp; \u00e0 veiller activement dans la confiance. \u00ab&nbsp;Ne restons pas endormis mais soyons vigilants et sobres&nbsp;\u00bb nous dit St Paul. Le Seigneur confie \u00e0 chacun des responsabilit\u00e9s selon ses capacit\u00e9s. Il nous demande&nbsp; de prendre des initiatives pour faire fructifier au service des [&hellip;]","og_url":"https:\/\/charente.catholique.fr\/grand-angouleme\/actualites\/homelie-du-p-j-m-chassine-33eme-dim-a\/","og_site_name":"Doyenn\u00e9 Grand Angoul\u00eame","article_publisher":"https:\/\/www.facebook.com\/EgliseCatholiqueCharente","article_published_time":"2023-11-20T09:54:11+00:00","article_modified_time":"2023-11-21T16:16:21+00:00","og_image":[{"width":1280,"height":852,"url":"https:\/\/charente.catholique.fr\/grand-angouleme\/wp-content\/uploads\/sites\/2\/2023\/11\/love-826936_1280.jpg","type":"image\/jpeg"}],"author":"B\u00e9atrice Saint-P\u00e9","twitter_card":"summary_large_image","twitter_creator":"@diocesecharente","twitter_site":"@diocesecharente","twitter_misc":{"\u00c9crit par":"B\u00e9atrice Saint-P\u00e9","Dur\u00e9e de lecture estim\u00e9e":"2 minutes"},"schema":{"@context":"https:\/\/schema.org","@graph":[{"@type":"Article","@id":"https:\/\/charente.catholique.fr\/grand-angouleme\/actualites\/homelie-du-p-j-m-chassine-33eme-dim-a\/#article","isPartOf":{"@id":"https:\/\/charente.catholique.fr\/grand-angouleme\/actualites\/homelie-du-p-j-m-chassine-33eme-dim-a\/"},"author":{"name":"B\u00e9atrice Saint-P\u00e9","@id":"https:\/\/charente.catholique.fr\/grand-angouleme\/#\/schema\/person\/b12f449504ff2da4d633df0f02abf9ee"},"headline":"Hom\u00e9lie du P. J.M. Chassine 33\u00e8me dim. A","datePublished":"2023-11-20T09:54:11+00:00","dateModified":"2023-11-21T16:16:21+00:00","mainEntityOfPage":{"@id":"https:\/\/charente.catholique.fr\/grand-angouleme\/actualites\/homelie-du-p-j-m-chassine-33eme-dim-a\/"},"wordCount":316,"commentCount":0,"publisher":{"@id":"https:\/\/charente.catholique.fr\/grand-angouleme\/#organization"},"image":{"@id":"https:\/\/charente.catholique.fr\/grand-angouleme\/actualites\/homelie-du-p-j-m-chassine-33eme-dim-a\/#primaryimage"},"thumbnailUrl":"https:\/\/charente.catholique.fr\/grand-angouleme\/wp-content\/uploads\/sites\/2\/2023\/11\/love-826936_1280.jpg","articleSection":["Actualit\u00e9s","Hom\u00e9lies","Ma Campagne - Saint Jean Baptiste"],"inLanguage":"fr-FR","potentialAction":[{"@type":"CommentAction","name":"Comment","target":["https:\/\/charente.catholique.fr\/grand-angouleme\/actualites\/homelie-du-p-j-m-chassine-33eme-dim-a\/#respond"]}]},{"@type":"WebPage","@id":"https:\/\/charente.catholique.fr\/grand-angouleme\/actualites\/homelie-du-p-j-m-chassine-33eme-dim-a\/","url":"https:\/\/charente.catholique.fr\/grand-angouleme\/actualites\/homelie-du-p-j-m-chassine-33eme-dim-a\/","name":"Hom\u00e9lie du P. J.M. Chassine 33\u00e8me dim. A - Doyenn\u00e9 Grand Angoul\u00eame","isPartOf":{"@id":"https:\/\/charente.catholique.fr\/grand-angouleme\/#website"},"primaryImageOfPage":{"@id":"https:\/\/charente.catholique.fr\/grand-angouleme\/actualites\/homelie-du-p-j-m-chassine-33eme-dim-a\/#primaryimage"},"image":{"@id":"https:\/\/charente.catholique.fr\/grand-angouleme\/actualites\/homelie-du-p-j-m-chassine-33eme-dim-a\/#primaryimage"},"thumbnailUrl":"https:\/\/charente.catholique.fr\/grand-angouleme\/wp-content\/uploads\/sites\/2\/2023\/11\/love-826936_1280.jpg","datePublished":"2023-11-20T09:54:11+00:00","dateModified":"2023-11-21T16:16:21+00:00","breadcrumb":{"@id":"https:\/\/charente.catholique.fr\/grand-angouleme\/actualites\/homelie-du-p-j-m-chassine-33eme-dim-a\/#breadcrumb"},"inLanguage":"fr-FR","potentialAction":[{"@type":"ReadAction","target":["https:\/\/charente.catholique.fr\/grand-angouleme\/actualites\/homelie-du-p-j-m-chassine-33eme-dim-a\/"]}]},{"@type":"ImageObject","inLanguage":"fr-FR","@id":"https:\/\/charente.catholique.fr\/grand-angouleme\/actualites\/homelie-du-p-j-m-chassine-33eme-dim-a\/#primaryimage","url":"https:\/\/charente.catholique.fr\/grand-angouleme\/wp-content\/uploads\/sites\/2\/2023\/11\/love-826936_1280.jpg","contentUrl":"https:\/\/charente.catholique.fr\/grand-angouleme\/wp-content\/uploads\/sites\/2\/2023\/11\/love-826936_1280.jpg","width":1280,"height":852},{"@type":"BreadcrumbList","@id":"https:\/\/charente.catholique.fr\/grand-angouleme\/actualites\/homelie-du-p-j-m-chassine-33eme-dim-a\/#breadcrumb","itemListElement":[{"@type":"ListItem","position":1,"name":"Accueil","item":"https:\/\/charente.catholique.fr\/grand-angouleme\/"},{"@type":"ListItem","position":2,"name":"Hom\u00e9lie du P. J.M. Chassine 33\u00e8me dim. A"}]},{"@type":"WebSite","@id":"https:\/\/charente.catholique.fr\/grand-angouleme\/#website","url":"https:\/\/charente.catholique.fr\/grand-angouleme\/","name":"Doyenn\u00e9 Grand Angoul\u00eame - Dioc\u00e8se d'Angoul\u00eame","description":"Dioc\u00e8se d&#039;Angoul\u00eame","publisher":{"@id":"https:\/\/charente.catholique.fr\/grand-angouleme\/#organization"},"potentialAction":[{"@type":"SearchAction","target":{"@type":"EntryPoint","urlTemplate":"https:\/\/charente.catholique.fr\/grand-angouleme\/?s={search_term_string}"},"query-input":{"@type":"PropertyValueSpecification","valueRequired":true,"valueName":"search_term_string"}}],"inLanguage":"fr-FR"},{"@type":"Organization","@id":"https:\/\/charente.catholique.fr\/grand-angouleme\/#organization","name":"Association Dioc\u00e9saine d'Angoul\u00eame","url":"https:\/\/charente.catholique.fr\/grand-angouleme\/","logo":{"@type":"ImageObject","inLanguage":"fr-FR","@id":"https:\/\/charente.catholique.fr\/grand-angouleme\/#\/schema\/logo\/image\/","url":"https:\/\/charente.catholique.fr\/grand-angouleme\/wp-content\/uploads\/sites\/2\/2020\/10\/logos.png","contentUrl":"https:\/\/charente.catholique.fr\/grand-angouleme\/wp-content\/uploads\/sites\/2\/2020\/10\/logos.png","width":600,"height":257,"caption":"Association Dioc\u00e9saine d'Angoul\u00eame"},"image":{"@id":"https:\/\/charente.catholique.fr\/grand-angouleme\/#\/schema\/logo\/image\/"},"sameAs":["https:\/\/www.facebook.com\/EgliseCatholiqueCharente","https:\/\/x.com\/diocesecharente","https:\/\/www.instagram.com\/eglisecharente","https:\/\/www.youtube.com\/channel\/UCByyFWApZbw3gDTiADoiAaQ"]},{"@type":"Person","@id":"https:\/\/charente.catholique.fr\/grand-angouleme\/#\/schema\/person\/b12f449504ff2da4d633df0f02abf9ee","name":"B\u00e9atrice Saint-P\u00e9","image":{"@type":"ImageObject","inLanguage":"fr-FR","@id":"https:\/\/charente.catholique.fr\/grand-angouleme\/#\/schema\/person\/image\/","url":"https:\/\/secure.gravatar.com\/avatar\/0493ed83685d630b019670a73a3a663bebc1c98f6ebcb0b57c8fd12fe86c0c3d?s=96&d=mm&r=g","contentUrl":"https:\/\/secure.gravatar.com\/avatar\/0493ed83685d630b019670a73a3a663bebc1c98f6ebcb0b57c8fd12fe86c0c3d?s=96&d=mm&r=g","caption":"B\u00e9atrice Saint-P\u00e9"},"url":"https:\/\/charente.catholique.fr\/grand-angouleme\/author\/beatricesaintpe\/"}]}},"_links":{"self":[{"href":"https:\/\/charente.catholique.fr\/grand-angouleme\/wp-json\/wp\/v2\/posts\/22554","targetHints":{"allow":["GET"]}}],"collection":[{"href":"https:\/\/charente.catholique.fr\/grand-angouleme\/wp-json\/wp\/v2\/posts"}],"about":[{"href":"https:\/\/charente.catholique.fr\/grand-angouleme\/wp-json\/wp\/v2\/types\/post"}],"author":[{"embeddable":true,"href":"https:\/\/charente.catholique.fr\/grand-angouleme\/wp-json\/wp\/v2\/users\/5"}],"replies":[{"embeddable":true,"href":"https:\/\/charente.catholique.fr\/grand-angouleme\/wp-json\/wp\/v2\/comments?post=22554"}],"version-history":[{"count":3,"href":"https:\/\/charente.catholique.fr\/grand-angouleme\/wp-json\/wp\/v2\/posts\/22554\/revisions"}],"predecessor-version":[{"id":22566,"href":"https:\/\/charente.catholique.fr\/grand-angouleme\/wp-json\/wp\/v2\/posts\/22554\/revisions\/22566"}],"wp:featuredmedia":[{"embeddable":true,"href":"https:\/\/charente.catholique.fr\/grand-angouleme\/wp-json\/wp\/v2\/media\/22555"}],"wp:attachment":[{"href":"https:\/\/charente.catholique.fr\/grand-angouleme\/wp-json\/wp\/v2\/media?parent=22554"}],"wp:term":[{"taxonomy":"category","embeddable":true,"href":"https:\/\/charente.catholique.fr\/grand-angouleme\/wp-json\/wp\/v2\/categories?post=22554"},{"taxonomy":"post_tag","embeddable":true,"href":"https:\/\/charente.catholique.fr\/grand-angouleme\/wp-json\/wp\/v2\/tags?post=22554"}],"curies":[{"name":"wp","href":"https:\/\/api.w.org\/{rel}","templated":true}]}}