{"id":2207,"date":"2020-11-02T21:02:13","date_gmt":"2020-11-02T20:02:13","guid":{"rendered":"https:\/\/charente.catholique.fr\/grand-angouleme\/actualites\/\/"},"modified":"2020-12-14T16:49:38","modified_gmt":"2020-12-14T15:49:38","slug":"messe-des-defunts-homelie","status":"publish","type":"post","link":"https:\/\/charente.catholique.fr\/grand-angouleme\/actualites\/messe-des-defunts-homelie\/","title":{"rendered":"Hom\u00e9lie du P\u00e8re Laurent Maurin : Messe des D\u00e9funts"},"content":{"rendered":"\n<p class=\"has-text-align-left\"><strong>Lundi 2 novembre 2020<\/strong><br><strong>ND des Sources<\/strong><\/p>\n\n\n\n<p>Dans cette liturgie, cet extrait de l\u2019\u00c9vangile selon Luc (12, 35-40) nous invite \u00e0 l\u2019attente. Attente dans la confiance, sans crainte\u2026 Nous sommes invit\u00e9s \u00e0 demeurer \u00ab&nbsp;heureux&nbsp;\u00bb pour prendre part au festin, m\u00eame si nous savons aussi que \u00ab&nbsp;le voleur vient percer le mur de la maison&nbsp;\u00bb.<\/p>\n\n\n\n<p>Devons-nous c\u00e9der \u00e0 nos peurs&nbsp;? De quoi avoir peur&nbsp;? En ce d\u00e9but du mois de novembre 2020, et en ce jour de pri\u00e8re pour tous nos d\u00e9funts, quelles sont-elles&nbsp;?<\/p>\n\n\n\n<p>Peur d\u2019\u00eatre malade&nbsp;? Peur pour nos proches, ceux que l\u2019on aime&nbsp;? Peur de plus de pr\u00e9carit\u00e9, pour nous et autour de nous&nbsp;? Peur d\u2019attentats dont les chr\u00e9tiens ou occidentaux pourraient \u00eatre victimes&nbsp;? Peur pour nos libert\u00e9s&nbsp;?<\/p>\n\n\n\n<p>Et si en fait, nous avions, d\u2019avantage encore, peur d\u2019avoir peur&nbsp;?<\/p>\n\n\n\n<p>Pourtant l\u2019\u00c9vangile propos\u00e9 ce jour, nous invite \u00e0 l\u2019attitude inverse. L\u2019attitude du ma\u00eetre qui veut nous recevoir, fait de nous, non pas des \u00eatres serviles qui ont encore peur, mais des individus libres et restaur\u00e9s dans leur dignit\u00e9.<\/p>\n\n\n\n<p>Ce maitre renverse m\u00eame les hi\u00e9rarchies sociales. Il laisse sa premi\u00e8re place pour se mettre au service de tous. J\u00e9sus dit qu\u2019il est l\u2019image du Fils de l\u2019Homme, c\u2019est-\u00e0-dire le grand Proph\u00e8te qui doit revenir \u00e0 la fin des temps. La fin des temps pour chacun est donc cet accueil qui fait sauter nos peurs et les barri\u00e8res que nous avons instaur\u00e9es entre nous.<\/p>\n\n\n\n<p>Et cela commence aujourd\u2019hui m\u00eame, dans la foi.<\/p>\n\n\n\n<p><em>P. Laurent Maurin<\/em><\/p>\n\n\n<a href=\"https:\/\/charente.catholique.fr\/grand-angouleme\/wp-content\/uploads\/sites\/2\/2020\/11\/messe-des-defunts-2020.pdf\" class=\"pdfemb-viewer\" style=\"\" data-width=\"max\" data-height=\"max\" data-toolbar=\"bottom\" data-toolbar-fixed=\"off\">messe-des-defunts-2020<\/a>\n<p class=\"wp-block-pdfemb-pdf-embedder-viewer\"><\/p>\n","protected":false},"excerpt":{"rendered":"<p>Lundi 2 novembre 2020ND des Sources Dans cette liturgie, cet extrait de l\u2019\u00c9vangile selon Luc (12, 35-40) nous invite \u00e0 l\u2019attente. Attente dans la confiance, sans crainte\u2026 Nous sommes invit\u00e9s \u00e0 demeurer \u00ab&nbsp;heureux&nbsp;\u00bb pour prendre part au festin, m\u00eame si nous savons aussi que \u00ab&nbsp;le voleur vient percer le mur de la maison&nbsp;\u00bb. Devons-nous c\u00e9der [&hellip;]<\/p>\n","protected":false},"author":27,"featured_media":2209,"comment_status":"closed","ping_status":"open","sticky":false,"template":"","format":"standard","meta":{"_acf_changed":false,"paroisse":["7"],"service":["0"],"footnotes":""},"categories":[13,20],"tags":[],"class_list":["post-2207","post","type-post","status-publish","format-standard","has-post-thumbnail","hentry","category-homelies-notre-dame-des-sources","category-homelies-2"],"acf":[],"yoast_head":"<!-- This site is optimized with the Yoast SEO plugin v27.1.1 - https:\/\/yoast.com\/product\/yoast-seo-wordpress\/ -->\n<title>Hom\u00e9lie du P\u00e8re Laurent Maurin : Messe des D\u00e9funts - Doyenn\u00e9 Grand Angoul\u00eame<\/title>\n<meta name=\"robots\" content=\"index, follow, max-snippet:-1, max-image-preview:large, max-video-preview:-1\" \/>\n<link rel=\"canonical\" href=\"https:\/\/charente.catholique.fr\/grand-angouleme\/actualites\/messe-des-defunts-homelie\/\" \/>\n<meta property=\"og:locale\" content=\"fr_FR\" \/>\n<meta property=\"og:type\" content=\"article\" \/>\n<meta property=\"og:title\" content=\"Hom\u00e9lie du P\u00e8re Laurent Maurin : Messe des D\u00e9funts - Doyenn\u00e9 Grand Angoul\u00eame\" \/>\n<meta property=\"og:description\" content=\"Lundi 2 novembre 2020ND des Sources Dans cette liturgie, cet extrait de l\u2019\u00c9vangile selon Luc (12, 35-40) nous invite \u00e0 l\u2019attente. Attente dans la confiance, sans crainte\u2026 Nous sommes invit\u00e9s \u00e0 demeurer \u00ab&nbsp;heureux&nbsp;\u00bb pour prendre part au festin, m\u00eame si nous savons aussi que \u00ab&nbsp;le voleur vient percer le mur de la maison&nbsp;\u00bb. Devons-nous c\u00e9der [&hellip;]\" \/>\n<meta property=\"og:url\" content=\"https:\/\/charente.catholique.fr\/grand-angouleme\/actualites\/messe-des-defunts-homelie\/\" \/>\n<meta property=\"og:site_name\" content=\"Doyenn\u00e9 Grand Angoul\u00eame\" \/>\n<meta property=\"article:publisher\" content=\"https:\/\/www.facebook.com\/EgliseCatholiqueCharente\" \/>\n<meta property=\"article:published_time\" content=\"2020-11-02T20:02:13+00:00\" \/>\n<meta property=\"article:modified_time\" content=\"2020-12-14T15:49:38+00:00\" \/>\n<meta property=\"og:image\" content=\"https:\/\/charente.catholique.fr\/grand-angouleme\/wp-content\/uploads\/sites\/2\/2020\/11\/medium_funerailles.gif\" \/>\n\t<meta property=\"og:image:width\" content=\"360\" \/>\n\t<meta property=\"og:image:height\" content=\"201\" \/>\n\t<meta property=\"og:image:type\" content=\"image\/gif\" \/>\n<meta name=\"author\" content=\"Yolande Lallemand\" \/>\n<meta name=\"twitter:card\" content=\"summary_large_image\" \/>\n<meta name=\"twitter:creator\" content=\"@diocesecharente\" \/>\n<meta name=\"twitter:site\" content=\"@diocesecharente\" \/>\n<meta name=\"twitter:label1\" content=\"\u00c9crit par\" \/>\n\t<meta name=\"twitter:data1\" content=\"Yolande Lallemand\" \/>\n\t<meta name=\"twitter:label2\" content=\"Dur\u00e9e de lecture estim\u00e9e\" \/>\n\t<meta name=\"twitter:data2\" content=\"1 minute\" \/>\n<script type=\"application\/ld+json\" class=\"yoast-schema-graph\">{\"@context\":\"https:\/\/schema.org\",\"@graph\":[{\"@type\":\"Article\",\"@id\":\"https:\/\/charente.catholique.fr\/grand-angouleme\/actualites\/messe-des-defunts-homelie\/#article\",\"isPartOf\":{\"@id\":\"https:\/\/charente.catholique.fr\/grand-angouleme\/actualites\/messe-des-defunts-homelie\/\"},\"author\":{\"name\":\"Yolande Lallemand\",\"@id\":\"https:\/\/charente.catholique.fr\/grand-angouleme\/#\/schema\/person\/f47795cb7efbd537deea624c9ff372d5\"},\"headline\":\"Hom\u00e9lie du P\u00e8re Laurent Maurin : Messe des D\u00e9funts\",\"datePublished\":\"2020-11-02T20:02:13+00:00\",\"dateModified\":\"2020-12-14T15:49:38+00:00\",\"mainEntityOfPage\":{\"@id\":\"https:\/\/charente.catholique.fr\/grand-angouleme\/actualites\/messe-des-defunts-homelie\/\"},\"wordCount\":293,\"publisher\":{\"@id\":\"https:\/\/charente.catholique.fr\/grand-angouleme\/#organization\"},\"image\":{\"@id\":\"https:\/\/charente.catholique.fr\/grand-angouleme\/actualites\/messe-des-defunts-homelie\/#primaryimage\"},\"thumbnailUrl\":\"https:\/\/charente.catholique.fr\/grand-angouleme\/wp-content\/uploads\/sites\/2\/2020\/11\/medium_funerailles.gif\",\"articleSection\":[\"Hom\u00e9lies\",\"Hom\u00e9lies\"],\"inLanguage\":\"fr-FR\"},{\"@type\":\"WebPage\",\"@id\":\"https:\/\/charente.catholique.fr\/grand-angouleme\/actualites\/messe-des-defunts-homelie\/\",\"url\":\"https:\/\/charente.catholique.fr\/grand-angouleme\/actualites\/messe-des-defunts-homelie\/\",\"name\":\"Hom\u00e9lie du P\u00e8re Laurent Maurin : Messe des D\u00e9funts - Doyenn\u00e9 Grand Angoul\u00eame\",\"isPartOf\":{\"@id\":\"https:\/\/charente.catholique.fr\/grand-angouleme\/#website\"},\"primaryImageOfPage\":{\"@id\":\"https:\/\/charente.catholique.fr\/grand-angouleme\/actualites\/messe-des-defunts-homelie\/#primaryimage\"},\"image\":{\"@id\":\"https:\/\/charente.catholique.fr\/grand-angouleme\/actualites\/messe-des-defunts-homelie\/#primaryimage\"},\"thumbnailUrl\":\"https:\/\/charente.catholique.fr\/grand-angouleme\/wp-content\/uploads\/sites\/2\/2020\/11\/medium_funerailles.gif\",\"datePublished\":\"2020-11-02T20:02:13+00:00\",\"dateModified\":\"2020-12-14T15:49:38+00:00\",\"breadcrumb\":{\"@id\":\"https:\/\/charente.catholique.fr\/grand-angouleme\/actualites\/messe-des-defunts-homelie\/#breadcrumb\"},\"inLanguage\":\"fr-FR\",\"potentialAction\":[{\"@type\":\"ReadAction\",\"target\":[\"https:\/\/charente.catholique.fr\/grand-angouleme\/actualites\/messe-des-defunts-homelie\/\"]}]},{\"@type\":\"ImageObject\",\"inLanguage\":\"fr-FR\",\"@id\":\"https:\/\/charente.catholique.fr\/grand-angouleme\/actualites\/messe-des-defunts-homelie\/#primaryimage\",\"url\":\"https:\/\/charente.catholique.fr\/grand-angouleme\/wp-content\/uploads\/sites\/2\/2020\/11\/medium_funerailles.gif\",\"contentUrl\":\"https:\/\/charente.catholique.fr\/grand-angouleme\/wp-content\/uploads\/sites\/2\/2020\/11\/medium_funerailles.gif\",\"width\":360,\"height\":201},{\"@type\":\"BreadcrumbList\",\"@id\":\"https:\/\/charente.catholique.fr\/grand-angouleme\/actualites\/messe-des-defunts-homelie\/#breadcrumb\",\"itemListElement\":[{\"@type\":\"ListItem\",\"position\":1,\"name\":\"Accueil\",\"item\":\"https:\/\/charente.catholique.fr\/grand-angouleme\/\"},{\"@type\":\"ListItem\",\"position\":2,\"name\":\"Hom\u00e9lie du P\u00e8re Laurent Maurin : Messe des D\u00e9funts\"}]},{\"@type\":\"WebSite\",\"@id\":\"https:\/\/charente.catholique.fr\/grand-angouleme\/#website\",\"url\":\"https:\/\/charente.catholique.fr\/grand-angouleme\/\",\"name\":\"Doyenn\u00e9 Grand Angoul\u00eame - Dioc\u00e8se d'Angoul\u00eame\",\"description\":\"Dioc\u00e8se d&#039;Angoul\u00eame\",\"publisher\":{\"@id\":\"https:\/\/charente.catholique.fr\/grand-angouleme\/#organization\"},\"potentialAction\":[{\"@type\":\"SearchAction\",\"target\":{\"@type\":\"EntryPoint\",\"urlTemplate\":\"https:\/\/charente.catholique.fr\/grand-angouleme\/?s={search_term_string}\"},\"query-input\":{\"@type\":\"PropertyValueSpecification\",\"valueRequired\":true,\"valueName\":\"search_term_string\"}}],\"inLanguage\":\"fr-FR\"},{\"@type\":\"Organization\",\"@id\":\"https:\/\/charente.catholique.fr\/grand-angouleme\/#organization\",\"name\":\"Association Dioc\u00e9saine d'Angoul\u00eame\",\"url\":\"https:\/\/charente.catholique.fr\/grand-angouleme\/\",\"logo\":{\"@type\":\"ImageObject\",\"inLanguage\":\"fr-FR\",\"@id\":\"https:\/\/charente.catholique.fr\/grand-angouleme\/#\/schema\/logo\/image\/\",\"url\":\"https:\/\/charente.catholique.fr\/grand-angouleme\/wp-content\/uploads\/sites\/2\/2020\/10\/logos.png\",\"contentUrl\":\"https:\/\/charente.catholique.fr\/grand-angouleme\/wp-content\/uploads\/sites\/2\/2020\/10\/logos.png\",\"width\":600,\"height\":257,\"caption\":\"Association Dioc\u00e9saine d'Angoul\u00eame\"},\"image\":{\"@id\":\"https:\/\/charente.catholique.fr\/grand-angouleme\/#\/schema\/logo\/image\/\"},\"sameAs\":[\"https:\/\/www.facebook.com\/EgliseCatholiqueCharente\",\"https:\/\/x.com\/diocesecharente\",\"https:\/\/www.instagram.com\/eglisecharente\",\"https:\/\/www.youtube.com\/channel\/UCByyFWApZbw3gDTiADoiAaQ\"]},{\"@type\":\"Person\",\"@id\":\"https:\/\/charente.catholique.fr\/grand-angouleme\/#\/schema\/person\/f47795cb7efbd537deea624c9ff372d5\",\"name\":\"Yolande Lallemand\",\"image\":{\"@type\":\"ImageObject\",\"inLanguage\":\"fr-FR\",\"@id\":\"https:\/\/charente.catholique.fr\/grand-angouleme\/#\/schema\/person\/image\/\",\"url\":\"https:\/\/secure.gravatar.com\/avatar\/b5430949ac2d70ed67fb7aab0981e95c9dc9b76f2593de091ab69d1eb540a1b5?s=96&d=mm&r=g\",\"contentUrl\":\"https:\/\/secure.gravatar.com\/avatar\/b5430949ac2d70ed67fb7aab0981e95c9dc9b76f2593de091ab69d1eb540a1b5?s=96&d=mm&r=g\",\"caption\":\"Yolande Lallemand\"},\"url\":\"https:\/\/charente.catholique.fr\/grand-angouleme\/author\/yolandelallemand\/\"}]}<\/script>\n<!-- \/ Yoast SEO plugin. -->","yoast_head_json":{"title":"Hom\u00e9lie du P\u00e8re Laurent Maurin : Messe des D\u00e9funts - Doyenn\u00e9 Grand Angoul\u00eame","robots":{"index":"index","follow":"follow","max-snippet":"max-snippet:-1","max-image-preview":"max-image-preview:large","max-video-preview":"max-video-preview:-1"},"canonical":"https:\/\/charente.catholique.fr\/grand-angouleme\/actualites\/messe-des-defunts-homelie\/","og_locale":"fr_FR","og_type":"article","og_title":"Hom\u00e9lie du P\u00e8re Laurent Maurin : Messe des D\u00e9funts - Doyenn\u00e9 Grand Angoul\u00eame","og_description":"Lundi 2 novembre 2020ND des Sources Dans cette liturgie, cet extrait de l\u2019\u00c9vangile selon Luc (12, 35-40) nous invite \u00e0 l\u2019attente. Attente dans la confiance, sans crainte\u2026 Nous sommes invit\u00e9s \u00e0 demeurer \u00ab&nbsp;heureux&nbsp;\u00bb pour prendre part au festin, m\u00eame si nous savons aussi que \u00ab&nbsp;le voleur vient percer le mur de la maison&nbsp;\u00bb. Devons-nous c\u00e9der [&hellip;]","og_url":"https:\/\/charente.catholique.fr\/grand-angouleme\/actualites\/messe-des-defunts-homelie\/","og_site_name":"Doyenn\u00e9 Grand Angoul\u00eame","article_publisher":"https:\/\/www.facebook.com\/EgliseCatholiqueCharente","article_published_time":"2020-11-02T20:02:13+00:00","article_modified_time":"2020-12-14T15:49:38+00:00","og_image":[{"width":360,"height":201,"url":"https:\/\/charente.catholique.fr\/grand-angouleme\/wp-content\/uploads\/sites\/2\/2020\/11\/medium_funerailles.gif","type":"image\/gif"}],"author":"Yolande Lallemand","twitter_card":"summary_large_image","twitter_creator":"@diocesecharente","twitter_site":"@diocesecharente","twitter_misc":{"\u00c9crit par":"Yolande Lallemand","Dur\u00e9e de lecture estim\u00e9e":"1 minute"},"schema":{"@context":"https:\/\/schema.org","@graph":[{"@type":"Article","@id":"https:\/\/charente.catholique.fr\/grand-angouleme\/actualites\/messe-des-defunts-homelie\/#article","isPartOf":{"@id":"https:\/\/charente.catholique.fr\/grand-angouleme\/actualites\/messe-des-defunts-homelie\/"},"author":{"name":"Yolande Lallemand","@id":"https:\/\/charente.catholique.fr\/grand-angouleme\/#\/schema\/person\/f47795cb7efbd537deea624c9ff372d5"},"headline":"Hom\u00e9lie du P\u00e8re Laurent Maurin : Messe des D\u00e9funts","datePublished":"2020-11-02T20:02:13+00:00","dateModified":"2020-12-14T15:49:38+00:00","mainEntityOfPage":{"@id":"https:\/\/charente.catholique.fr\/grand-angouleme\/actualites\/messe-des-defunts-homelie\/"},"wordCount":293,"publisher":{"@id":"https:\/\/charente.catholique.fr\/grand-angouleme\/#organization"},"image":{"@id":"https:\/\/charente.catholique.fr\/grand-angouleme\/actualites\/messe-des-defunts-homelie\/#primaryimage"},"thumbnailUrl":"https:\/\/charente.catholique.fr\/grand-angouleme\/wp-content\/uploads\/sites\/2\/2020\/11\/medium_funerailles.gif","articleSection":["Hom\u00e9lies","Hom\u00e9lies"],"inLanguage":"fr-FR"},{"@type":"WebPage","@id":"https:\/\/charente.catholique.fr\/grand-angouleme\/actualites\/messe-des-defunts-homelie\/","url":"https:\/\/charente.catholique.fr\/grand-angouleme\/actualites\/messe-des-defunts-homelie\/","name":"Hom\u00e9lie du P\u00e8re Laurent Maurin : Messe des D\u00e9funts - Doyenn\u00e9 Grand Angoul\u00eame","isPartOf":{"@id":"https:\/\/charente.catholique.fr\/grand-angouleme\/#website"},"primaryImageOfPage":{"@id":"https:\/\/charente.catholique.fr\/grand-angouleme\/actualites\/messe-des-defunts-homelie\/#primaryimage"},"image":{"@id":"https:\/\/charente.catholique.fr\/grand-angouleme\/actualites\/messe-des-defunts-homelie\/#primaryimage"},"thumbnailUrl":"https:\/\/charente.catholique.fr\/grand-angouleme\/wp-content\/uploads\/sites\/2\/2020\/11\/medium_funerailles.gif","datePublished":"2020-11-02T20:02:13+00:00","dateModified":"2020-12-14T15:49:38+00:00","breadcrumb":{"@id":"https:\/\/charente.catholique.fr\/grand-angouleme\/actualites\/messe-des-defunts-homelie\/#breadcrumb"},"inLanguage":"fr-FR","potentialAction":[{"@type":"ReadAction","target":["https:\/\/charente.catholique.fr\/grand-angouleme\/actualites\/messe-des-defunts-homelie\/"]}]},{"@type":"ImageObject","inLanguage":"fr-FR","@id":"https:\/\/charente.catholique.fr\/grand-angouleme\/actualites\/messe-des-defunts-homelie\/#primaryimage","url":"https:\/\/charente.catholique.fr\/grand-angouleme\/wp-content\/uploads\/sites\/2\/2020\/11\/medium_funerailles.gif","contentUrl":"https:\/\/charente.catholique.fr\/grand-angouleme\/wp-content\/uploads\/sites\/2\/2020\/11\/medium_funerailles.gif","width":360,"height":201},{"@type":"BreadcrumbList","@id":"https:\/\/charente.catholique.fr\/grand-angouleme\/actualites\/messe-des-defunts-homelie\/#breadcrumb","itemListElement":[{"@type":"ListItem","position":1,"name":"Accueil","item":"https:\/\/charente.catholique.fr\/grand-angouleme\/"},{"@type":"ListItem","position":2,"name":"Hom\u00e9lie du P\u00e8re Laurent Maurin : Messe des D\u00e9funts"}]},{"@type":"WebSite","@id":"https:\/\/charente.catholique.fr\/grand-angouleme\/#website","url":"https:\/\/charente.catholique.fr\/grand-angouleme\/","name":"Doyenn\u00e9 Grand Angoul\u00eame - Dioc\u00e8se d'Angoul\u00eame","description":"Dioc\u00e8se d&#039;Angoul\u00eame","publisher":{"@id":"https:\/\/charente.catholique.fr\/grand-angouleme\/#organization"},"potentialAction":[{"@type":"SearchAction","target":{"@type":"EntryPoint","urlTemplate":"https:\/\/charente.catholique.fr\/grand-angouleme\/?s={search_term_string}"},"query-input":{"@type":"PropertyValueSpecification","valueRequired":true,"valueName":"search_term_string"}}],"inLanguage":"fr-FR"},{"@type":"Organization","@id":"https:\/\/charente.catholique.fr\/grand-angouleme\/#organization","name":"Association Dioc\u00e9saine d'Angoul\u00eame","url":"https:\/\/charente.catholique.fr\/grand-angouleme\/","logo":{"@type":"ImageObject","inLanguage":"fr-FR","@id":"https:\/\/charente.catholique.fr\/grand-angouleme\/#\/schema\/logo\/image\/","url":"https:\/\/charente.catholique.fr\/grand-angouleme\/wp-content\/uploads\/sites\/2\/2020\/10\/logos.png","contentUrl":"https:\/\/charente.catholique.fr\/grand-angouleme\/wp-content\/uploads\/sites\/2\/2020\/10\/logos.png","width":600,"height":257,"caption":"Association Dioc\u00e9saine d'Angoul\u00eame"},"image":{"@id":"https:\/\/charente.catholique.fr\/grand-angouleme\/#\/schema\/logo\/image\/"},"sameAs":["https:\/\/www.facebook.com\/EgliseCatholiqueCharente","https:\/\/x.com\/diocesecharente","https:\/\/www.instagram.com\/eglisecharente","https:\/\/www.youtube.com\/channel\/UCByyFWApZbw3gDTiADoiAaQ"]},{"@type":"Person","@id":"https:\/\/charente.catholique.fr\/grand-angouleme\/#\/schema\/person\/f47795cb7efbd537deea624c9ff372d5","name":"Yolande Lallemand","image":{"@type":"ImageObject","inLanguage":"fr-FR","@id":"https:\/\/charente.catholique.fr\/grand-angouleme\/#\/schema\/person\/image\/","url":"https:\/\/secure.gravatar.com\/avatar\/b5430949ac2d70ed67fb7aab0981e95c9dc9b76f2593de091ab69d1eb540a1b5?s=96&d=mm&r=g","contentUrl":"https:\/\/secure.gravatar.com\/avatar\/b5430949ac2d70ed67fb7aab0981e95c9dc9b76f2593de091ab69d1eb540a1b5?s=96&d=mm&r=g","caption":"Yolande Lallemand"},"url":"https:\/\/charente.catholique.fr\/grand-angouleme\/author\/yolandelallemand\/"}]}},"_links":{"self":[{"href":"https:\/\/charente.catholique.fr\/grand-angouleme\/wp-json\/wp\/v2\/posts\/2207","targetHints":{"allow":["GET"]}}],"collection":[{"href":"https:\/\/charente.catholique.fr\/grand-angouleme\/wp-json\/wp\/v2\/posts"}],"about":[{"href":"https:\/\/charente.catholique.fr\/grand-angouleme\/wp-json\/wp\/v2\/types\/post"}],"author":[{"embeddable":true,"href":"https:\/\/charente.catholique.fr\/grand-angouleme\/wp-json\/wp\/v2\/users\/27"}],"replies":[{"embeddable":true,"href":"https:\/\/charente.catholique.fr\/grand-angouleme\/wp-json\/wp\/v2\/comments?post=2207"}],"version-history":[{"count":3,"href":"https:\/\/charente.catholique.fr\/grand-angouleme\/wp-json\/wp\/v2\/posts\/2207\/revisions"}],"predecessor-version":[{"id":3055,"href":"https:\/\/charente.catholique.fr\/grand-angouleme\/wp-json\/wp\/v2\/posts\/2207\/revisions\/3055"}],"wp:featuredmedia":[{"embeddable":true,"href":"https:\/\/charente.catholique.fr\/grand-angouleme\/wp-json\/wp\/v2\/media\/2209"}],"wp:attachment":[{"href":"https:\/\/charente.catholique.fr\/grand-angouleme\/wp-json\/wp\/v2\/media?parent=2207"}],"wp:term":[{"taxonomy":"category","embeddable":true,"href":"https:\/\/charente.catholique.fr\/grand-angouleme\/wp-json\/wp\/v2\/categories?post=2207"},{"taxonomy":"post_tag","embeddable":true,"href":"https:\/\/charente.catholique.fr\/grand-angouleme\/wp-json\/wp\/v2\/tags?post=2207"}],"curies":[{"name":"wp","href":"https:\/\/api.w.org\/{rel}","templated":true}]}}