{"id":21669,"date":"2023-09-07T08:47:05","date_gmt":"2023-09-07T06:47:05","guid":{"rendered":"https:\/\/charente.catholique.fr\/grand-angouleme\/?p=21669"},"modified":"2023-09-13T11:04:32","modified_gmt":"2023-09-13T09:04:32","slug":"nouvelle-paroisse-sainte-josephine-bakhita","status":"publish","type":"post","link":"https:\/\/charente.catholique.fr\/grand-angouleme\/actualites\/nouvelle-paroisse-sainte-josephine-bakhita\/","title":{"rendered":"Nouvelle paroisse Sainte Jos\u00e9phine Bakhita"},"content":{"rendered":"\n<p class=\"has-medium-font-size\"><strong>Le 17 septembre 2023, naissance d&#8217;une nouvelle paroisse avec les communaut\u00e9s des \u00e9glises Saint Pierre Auma\u00eetre, Saint Paul Ma Campagne et Saint Vincent Puymoyen. Elle portera le nom de sainte Jos\u00e9phine Bakhita. <\/strong><\/p>\n\n\n\n<h3 class=\"wp-block-heading\">Programme de la journ\u00e9e <\/h3>\n\n\n\n<ul class=\"wp-block-list\">\n<li class=\"has-medium-font-size\">Accueil caf\u00e9\/croissants\n<ul class=\"wp-block-list\">\n<li class=\"has-medium-font-size\">Messe avec naissance de la nouvelle paroisse<\/li>\n\n\n\n<li class=\"has-medium-font-size\">Ap\u00e9ro<\/li>\n\n\n\n<li class=\"has-medium-font-size\">Repas partag\u00e9 avec c\u00e9l\u00e9brations des anniversaires du mois<br><\/li>\n<\/ul>\n<\/li>\n\n\n\n<li class=\"has-medium-font-size\">Apr\u00e8s-midi\n<ul class=\"wp-block-list\">\n<li class=\"has-medium-font-size\">Film sur Sainte Jos\u00e9phine Bakhita<\/li>\n<\/ul>\n<\/li>\n<\/ul>\n\n\n\n<p class=\"has-background has-medium-font-size\" style=\"background:linear-gradient(135deg,rgb(255,245,203) 0%,rgb(182,227,212) 0%,rgb(51,167,181) 100%)\">Avec la participation de la communaut\u00e9 Africaine de Charente<\/p>\n\n\n\n<p class=\"has-medium-font-size\"><strong>Une tr\u00e8s belle \u00e9mission du Jour du Seigneur, du 20 ao\u00fbt 2023, nous pr\u00e9sente le beau visage de cette grande sainte.<\/strong><\/p>\n\n\n\n<p><\/p>\n\n\n\n<figure class=\"wp-block-embed is-type-video is-provider-youtube wp-block-embed-youtube wp-embed-aspect-16-9 wp-has-aspect-ratio\"><div class=\"wp-block-embed__wrapper\">\n<iframe loading=\"lazy\" title=\"Sainte Jos\u00e9phine Bakhita\" width=\"500\" height=\"281\" src=\"https:\/\/www.youtube.com\/embed\/MbgGyERTisY?feature=oembed\" frameborder=\"0\" allow=\"accelerometer; autoplay; clipboard-write; encrypted-media; gyroscope; picture-in-picture; web-share\" referrerpolicy=\"strict-origin-when-cross-origin\" allowfullscreen><\/iframe>\n<\/div><\/figure>\n\n\n\n<p><\/p>\n","protected":false},"excerpt":{"rendered":"<p>Le 17 septembre 2023, naissance d&#8217;une nouvelle paroisse avec les communaut\u00e9s des \u00e9glises Saint Pierre Auma\u00eetre, Saint Paul Ma Campagne et Saint Vincent Puymoyen. Elle portera le nom de sainte Jos\u00e9phine Bakhita. Programme de la journ\u00e9e Avec la participation de la communaut\u00e9 Africaine de Charente Une tr\u00e8s belle \u00e9mission du Jour du Seigneur, du 20 [&hellip;]<\/p>\n","protected":false},"author":22,"featured_media":21523,"comment_status":"open","ping_status":"open","sticky":false,"template":"","format":"standard","meta":{"_acf_changed":false,"paroisse":["0"],"service":["0"],"footnotes":""},"categories":[1],"tags":[],"class_list":["post-21669","post","type-post","status-publish","format-standard","has-post-thumbnail","hentry","category-actualites"],"acf":[],"yoast_head":"<!-- This site is optimized with the Yoast SEO plugin v27.1.1 - https:\/\/yoast.com\/product\/yoast-seo-wordpress\/ -->\n<title>Nouvelle paroisse Sainte Jos\u00e9phine Bakhita - Doyenn\u00e9 Grand Angoul\u00eame<\/title>\n<meta name=\"robots\" content=\"index, follow, max-snippet:-1, max-image-preview:large, max-video-preview:-1\" \/>\n<link rel=\"canonical\" href=\"https:\/\/charente.catholique.fr\/grand-angouleme\/actualites\/nouvelle-paroisse-sainte-josephine-bakhita\/\" \/>\n<meta property=\"og:locale\" content=\"fr_FR\" \/>\n<meta property=\"og:type\" content=\"article\" \/>\n<meta property=\"og:title\" content=\"Nouvelle paroisse Sainte Jos\u00e9phine Bakhita - Doyenn\u00e9 Grand Angoul\u00eame\" \/>\n<meta property=\"og:description\" content=\"Le 17 septembre 2023, naissance d&#8217;une nouvelle paroisse avec les communaut\u00e9s des \u00e9glises Saint Pierre Auma\u00eetre, Saint Paul Ma Campagne et Saint Vincent Puymoyen. Elle portera le nom de sainte Jos\u00e9phine Bakhita. Programme de la journ\u00e9e Avec la participation de la communaut\u00e9 Africaine de Charente Une tr\u00e8s belle \u00e9mission du Jour du Seigneur, du 20 [&hellip;]\" \/>\n<meta property=\"og:url\" content=\"https:\/\/charente.catholique.fr\/grand-angouleme\/actualites\/nouvelle-paroisse-sainte-josephine-bakhita\/\" \/>\n<meta property=\"og:site_name\" content=\"Doyenn\u00e9 Grand Angoul\u00eame\" \/>\n<meta property=\"article:publisher\" content=\"https:\/\/www.facebook.com\/EgliseCatholiqueCharente\" \/>\n<meta property=\"article:published_time\" content=\"2023-09-07T06:47:05+00:00\" \/>\n<meta property=\"article:modified_time\" content=\"2023-09-13T09:04:32+00:00\" \/>\n<meta property=\"og:image\" content=\"https:\/\/charente.catholique.fr\/grand-angouleme\/wp-content\/uploads\/sites\/2\/2023\/08\/ste-josephine-bakhita_image-mise-en-avant-3.png\" \/>\n\t<meta property=\"og:image:width\" content=\"1200\" \/>\n\t<meta property=\"og:image:height\" content=\"628\" \/>\n\t<meta property=\"og:image:type\" content=\"image\/png\" \/>\n<meta name=\"author\" content=\"Janine Laborde\" \/>\n<meta name=\"twitter:card\" content=\"summary_large_image\" \/>\n<meta name=\"twitter:creator\" content=\"@diocesecharente\" \/>\n<meta name=\"twitter:site\" content=\"@diocesecharente\" \/>\n<meta name=\"twitter:label1\" content=\"\u00c9crit par\" \/>\n\t<meta name=\"twitter:data1\" content=\"Janine Laborde\" \/>\n\t<meta name=\"twitter:label2\" content=\"Dur\u00e9e de lecture estim\u00e9e\" \/>\n\t<meta name=\"twitter:data2\" content=\"1 minute\" \/>\n<script type=\"application\/ld+json\" class=\"yoast-schema-graph\">{\"@context\":\"https:\/\/schema.org\",\"@graph\":[{\"@type\":\"Article\",\"@id\":\"https:\/\/charente.catholique.fr\/grand-angouleme\/actualites\/nouvelle-paroisse-sainte-josephine-bakhita\/#article\",\"isPartOf\":{\"@id\":\"https:\/\/charente.catholique.fr\/grand-angouleme\/actualites\/nouvelle-paroisse-sainte-josephine-bakhita\/\"},\"author\":{\"name\":\"Janine Laborde\",\"@id\":\"https:\/\/charente.catholique.fr\/grand-angouleme\/#\/schema\/person\/898f693d8a5f95b1bf02828f73967b47\"},\"headline\":\"Nouvelle paroisse Sainte Jos\u00e9phine Bakhita\",\"datePublished\":\"2023-09-07T06:47:05+00:00\",\"dateModified\":\"2023-09-13T09:04:32+00:00\",\"mainEntityOfPage\":{\"@id\":\"https:\/\/charente.catholique.fr\/grand-angouleme\/actualites\/nouvelle-paroisse-sainte-josephine-bakhita\/\"},\"wordCount\":115,\"commentCount\":0,\"publisher\":{\"@id\":\"https:\/\/charente.catholique.fr\/grand-angouleme\/#organization\"},\"image\":{\"@id\":\"https:\/\/charente.catholique.fr\/grand-angouleme\/actualites\/nouvelle-paroisse-sainte-josephine-bakhita\/#primaryimage\"},\"thumbnailUrl\":\"https:\/\/charente.catholique.fr\/grand-angouleme\/wp-content\/uploads\/sites\/2\/2023\/08\/ste-josephine-bakhita_image-mise-en-avant-3.png\",\"articleSection\":[\"Actualit\u00e9s\"],\"inLanguage\":\"fr-FR\",\"potentialAction\":[{\"@type\":\"CommentAction\",\"name\":\"Comment\",\"target\":[\"https:\/\/charente.catholique.fr\/grand-angouleme\/actualites\/nouvelle-paroisse-sainte-josephine-bakhita\/#respond\"]}]},{\"@type\":\"WebPage\",\"@id\":\"https:\/\/charente.catholique.fr\/grand-angouleme\/actualites\/nouvelle-paroisse-sainte-josephine-bakhita\/\",\"url\":\"https:\/\/charente.catholique.fr\/grand-angouleme\/actualites\/nouvelle-paroisse-sainte-josephine-bakhita\/\",\"name\":\"Nouvelle paroisse Sainte Jos\u00e9phine Bakhita - Doyenn\u00e9 Grand Angoul\u00eame\",\"isPartOf\":{\"@id\":\"https:\/\/charente.catholique.fr\/grand-angouleme\/#website\"},\"primaryImageOfPage\":{\"@id\":\"https:\/\/charente.catholique.fr\/grand-angouleme\/actualites\/nouvelle-paroisse-sainte-josephine-bakhita\/#primaryimage\"},\"image\":{\"@id\":\"https:\/\/charente.catholique.fr\/grand-angouleme\/actualites\/nouvelle-paroisse-sainte-josephine-bakhita\/#primaryimage\"},\"thumbnailUrl\":\"https:\/\/charente.catholique.fr\/grand-angouleme\/wp-content\/uploads\/sites\/2\/2023\/08\/ste-josephine-bakhita_image-mise-en-avant-3.png\",\"datePublished\":\"2023-09-07T06:47:05+00:00\",\"dateModified\":\"2023-09-13T09:04:32+00:00\",\"breadcrumb\":{\"@id\":\"https:\/\/charente.catholique.fr\/grand-angouleme\/actualites\/nouvelle-paroisse-sainte-josephine-bakhita\/#breadcrumb\"},\"inLanguage\":\"fr-FR\",\"potentialAction\":[{\"@type\":\"ReadAction\",\"target\":[\"https:\/\/charente.catholique.fr\/grand-angouleme\/actualites\/nouvelle-paroisse-sainte-josephine-bakhita\/\"]}]},{\"@type\":\"ImageObject\",\"inLanguage\":\"fr-FR\",\"@id\":\"https:\/\/charente.catholique.fr\/grand-angouleme\/actualites\/nouvelle-paroisse-sainte-josephine-bakhita\/#primaryimage\",\"url\":\"https:\/\/charente.catholique.fr\/grand-angouleme\/wp-content\/uploads\/sites\/2\/2023\/08\/ste-josephine-bakhita_image-mise-en-avant-3.png\",\"contentUrl\":\"https:\/\/charente.catholique.fr\/grand-angouleme\/wp-content\/uploads\/sites\/2\/2023\/08\/ste-josephine-bakhita_image-mise-en-avant-3.png\",\"width\":1200,\"height\":628},{\"@type\":\"BreadcrumbList\",\"@id\":\"https:\/\/charente.catholique.fr\/grand-angouleme\/actualites\/nouvelle-paroisse-sainte-josephine-bakhita\/#breadcrumb\",\"itemListElement\":[{\"@type\":\"ListItem\",\"position\":1,\"name\":\"Accueil\",\"item\":\"https:\/\/charente.catholique.fr\/grand-angouleme\/\"},{\"@type\":\"ListItem\",\"position\":2,\"name\":\"Nouvelle paroisse Sainte Jos\u00e9phine Bakhita\"}]},{\"@type\":\"WebSite\",\"@id\":\"https:\/\/charente.catholique.fr\/grand-angouleme\/#website\",\"url\":\"https:\/\/charente.catholique.fr\/grand-angouleme\/\",\"name\":\"Doyenn\u00e9 Grand Angoul\u00eame - Dioc\u00e8se d'Angoul\u00eame\",\"description\":\"Dioc\u00e8se d&#039;Angoul\u00eame\",\"publisher\":{\"@id\":\"https:\/\/charente.catholique.fr\/grand-angouleme\/#organization\"},\"potentialAction\":[{\"@type\":\"SearchAction\",\"target\":{\"@type\":\"EntryPoint\",\"urlTemplate\":\"https:\/\/charente.catholique.fr\/grand-angouleme\/?s={search_term_string}\"},\"query-input\":{\"@type\":\"PropertyValueSpecification\",\"valueRequired\":true,\"valueName\":\"search_term_string\"}}],\"inLanguage\":\"fr-FR\"},{\"@type\":\"Organization\",\"@id\":\"https:\/\/charente.catholique.fr\/grand-angouleme\/#organization\",\"name\":\"Association Dioc\u00e9saine d'Angoul\u00eame\",\"url\":\"https:\/\/charente.catholique.fr\/grand-angouleme\/\",\"logo\":{\"@type\":\"ImageObject\",\"inLanguage\":\"fr-FR\",\"@id\":\"https:\/\/charente.catholique.fr\/grand-angouleme\/#\/schema\/logo\/image\/\",\"url\":\"https:\/\/charente.catholique.fr\/grand-angouleme\/wp-content\/uploads\/sites\/2\/2020\/10\/logos.png\",\"contentUrl\":\"https:\/\/charente.catholique.fr\/grand-angouleme\/wp-content\/uploads\/sites\/2\/2020\/10\/logos.png\",\"width\":600,\"height\":257,\"caption\":\"Association Dioc\u00e9saine d'Angoul\u00eame\"},\"image\":{\"@id\":\"https:\/\/charente.catholique.fr\/grand-angouleme\/#\/schema\/logo\/image\/\"},\"sameAs\":[\"https:\/\/www.facebook.com\/EgliseCatholiqueCharente\",\"https:\/\/x.com\/diocesecharente\",\"https:\/\/www.instagram.com\/eglisecharente\",\"https:\/\/www.youtube.com\/channel\/UCByyFWApZbw3gDTiADoiAaQ\"]},{\"@type\":\"Person\",\"@id\":\"https:\/\/charente.catholique.fr\/grand-angouleme\/#\/schema\/person\/898f693d8a5f95b1bf02828f73967b47\",\"name\":\"Janine Laborde\",\"image\":{\"@type\":\"ImageObject\",\"inLanguage\":\"fr-FR\",\"@id\":\"https:\/\/charente.catholique.fr\/grand-angouleme\/#\/schema\/person\/image\/\",\"url\":\"https:\/\/secure.gravatar.com\/avatar\/a8f3185ff2f6cee7d79c60e904004ccb6107bdc3e38d176acfc1ee42b62a994e?s=96&d=mm&r=g\",\"contentUrl\":\"https:\/\/secure.gravatar.com\/avatar\/a8f3185ff2f6cee7d79c60e904004ccb6107bdc3e38d176acfc1ee42b62a994e?s=96&d=mm&r=g\",\"caption\":\"Janine Laborde\"},\"url\":\"https:\/\/charente.catholique.fr\/grand-angouleme\/author\/janinelaborde\/\"}]}<\/script>\n<!-- \/ Yoast SEO plugin. -->","yoast_head_json":{"title":"Nouvelle paroisse Sainte Jos\u00e9phine Bakhita - Doyenn\u00e9 Grand Angoul\u00eame","robots":{"index":"index","follow":"follow","max-snippet":"max-snippet:-1","max-image-preview":"max-image-preview:large","max-video-preview":"max-video-preview:-1"},"canonical":"https:\/\/charente.catholique.fr\/grand-angouleme\/actualites\/nouvelle-paroisse-sainte-josephine-bakhita\/","og_locale":"fr_FR","og_type":"article","og_title":"Nouvelle paroisse Sainte Jos\u00e9phine Bakhita - Doyenn\u00e9 Grand Angoul\u00eame","og_description":"Le 17 septembre 2023, naissance d&#8217;une nouvelle paroisse avec les communaut\u00e9s des \u00e9glises Saint Pierre Auma\u00eetre, Saint Paul Ma Campagne et Saint Vincent Puymoyen. Elle portera le nom de sainte Jos\u00e9phine Bakhita. Programme de la journ\u00e9e Avec la participation de la communaut\u00e9 Africaine de Charente Une tr\u00e8s belle \u00e9mission du Jour du Seigneur, du 20 [&hellip;]","og_url":"https:\/\/charente.catholique.fr\/grand-angouleme\/actualites\/nouvelle-paroisse-sainte-josephine-bakhita\/","og_site_name":"Doyenn\u00e9 Grand Angoul\u00eame","article_publisher":"https:\/\/www.facebook.com\/EgliseCatholiqueCharente","article_published_time":"2023-09-07T06:47:05+00:00","article_modified_time":"2023-09-13T09:04:32+00:00","og_image":[{"width":1200,"height":628,"url":"https:\/\/charente.catholique.fr\/grand-angouleme\/wp-content\/uploads\/sites\/2\/2023\/08\/ste-josephine-bakhita_image-mise-en-avant-3.png","type":"image\/png"}],"author":"Janine Laborde","twitter_card":"summary_large_image","twitter_creator":"@diocesecharente","twitter_site":"@diocesecharente","twitter_misc":{"\u00c9crit par":"Janine Laborde","Dur\u00e9e de lecture estim\u00e9e":"1 minute"},"schema":{"@context":"https:\/\/schema.org","@graph":[{"@type":"Article","@id":"https:\/\/charente.catholique.fr\/grand-angouleme\/actualites\/nouvelle-paroisse-sainte-josephine-bakhita\/#article","isPartOf":{"@id":"https:\/\/charente.catholique.fr\/grand-angouleme\/actualites\/nouvelle-paroisse-sainte-josephine-bakhita\/"},"author":{"name":"Janine Laborde","@id":"https:\/\/charente.catholique.fr\/grand-angouleme\/#\/schema\/person\/898f693d8a5f95b1bf02828f73967b47"},"headline":"Nouvelle paroisse Sainte Jos\u00e9phine Bakhita","datePublished":"2023-09-07T06:47:05+00:00","dateModified":"2023-09-13T09:04:32+00:00","mainEntityOfPage":{"@id":"https:\/\/charente.catholique.fr\/grand-angouleme\/actualites\/nouvelle-paroisse-sainte-josephine-bakhita\/"},"wordCount":115,"commentCount":0,"publisher":{"@id":"https:\/\/charente.catholique.fr\/grand-angouleme\/#organization"},"image":{"@id":"https:\/\/charente.catholique.fr\/grand-angouleme\/actualites\/nouvelle-paroisse-sainte-josephine-bakhita\/#primaryimage"},"thumbnailUrl":"https:\/\/charente.catholique.fr\/grand-angouleme\/wp-content\/uploads\/sites\/2\/2023\/08\/ste-josephine-bakhita_image-mise-en-avant-3.png","articleSection":["Actualit\u00e9s"],"inLanguage":"fr-FR","potentialAction":[{"@type":"CommentAction","name":"Comment","target":["https:\/\/charente.catholique.fr\/grand-angouleme\/actualites\/nouvelle-paroisse-sainte-josephine-bakhita\/#respond"]}]},{"@type":"WebPage","@id":"https:\/\/charente.catholique.fr\/grand-angouleme\/actualites\/nouvelle-paroisse-sainte-josephine-bakhita\/","url":"https:\/\/charente.catholique.fr\/grand-angouleme\/actualites\/nouvelle-paroisse-sainte-josephine-bakhita\/","name":"Nouvelle paroisse Sainte Jos\u00e9phine Bakhita - Doyenn\u00e9 Grand Angoul\u00eame","isPartOf":{"@id":"https:\/\/charente.catholique.fr\/grand-angouleme\/#website"},"primaryImageOfPage":{"@id":"https:\/\/charente.catholique.fr\/grand-angouleme\/actualites\/nouvelle-paroisse-sainte-josephine-bakhita\/#primaryimage"},"image":{"@id":"https:\/\/charente.catholique.fr\/grand-angouleme\/actualites\/nouvelle-paroisse-sainte-josephine-bakhita\/#primaryimage"},"thumbnailUrl":"https:\/\/charente.catholique.fr\/grand-angouleme\/wp-content\/uploads\/sites\/2\/2023\/08\/ste-josephine-bakhita_image-mise-en-avant-3.png","datePublished":"2023-09-07T06:47:05+00:00","dateModified":"2023-09-13T09:04:32+00:00","breadcrumb":{"@id":"https:\/\/charente.catholique.fr\/grand-angouleme\/actualites\/nouvelle-paroisse-sainte-josephine-bakhita\/#breadcrumb"},"inLanguage":"fr-FR","potentialAction":[{"@type":"ReadAction","target":["https:\/\/charente.catholique.fr\/grand-angouleme\/actualites\/nouvelle-paroisse-sainte-josephine-bakhita\/"]}]},{"@type":"ImageObject","inLanguage":"fr-FR","@id":"https:\/\/charente.catholique.fr\/grand-angouleme\/actualites\/nouvelle-paroisse-sainte-josephine-bakhita\/#primaryimage","url":"https:\/\/charente.catholique.fr\/grand-angouleme\/wp-content\/uploads\/sites\/2\/2023\/08\/ste-josephine-bakhita_image-mise-en-avant-3.png","contentUrl":"https:\/\/charente.catholique.fr\/grand-angouleme\/wp-content\/uploads\/sites\/2\/2023\/08\/ste-josephine-bakhita_image-mise-en-avant-3.png","width":1200,"height":628},{"@type":"BreadcrumbList","@id":"https:\/\/charente.catholique.fr\/grand-angouleme\/actualites\/nouvelle-paroisse-sainte-josephine-bakhita\/#breadcrumb","itemListElement":[{"@type":"ListItem","position":1,"name":"Accueil","item":"https:\/\/charente.catholique.fr\/grand-angouleme\/"},{"@type":"ListItem","position":2,"name":"Nouvelle paroisse Sainte Jos\u00e9phine Bakhita"}]},{"@type":"WebSite","@id":"https:\/\/charente.catholique.fr\/grand-angouleme\/#website","url":"https:\/\/charente.catholique.fr\/grand-angouleme\/","name":"Doyenn\u00e9 Grand Angoul\u00eame - Dioc\u00e8se d'Angoul\u00eame","description":"Dioc\u00e8se d&#039;Angoul\u00eame","publisher":{"@id":"https:\/\/charente.catholique.fr\/grand-angouleme\/#organization"},"potentialAction":[{"@type":"SearchAction","target":{"@type":"EntryPoint","urlTemplate":"https:\/\/charente.catholique.fr\/grand-angouleme\/?s={search_term_string}"},"query-input":{"@type":"PropertyValueSpecification","valueRequired":true,"valueName":"search_term_string"}}],"inLanguage":"fr-FR"},{"@type":"Organization","@id":"https:\/\/charente.catholique.fr\/grand-angouleme\/#organization","name":"Association Dioc\u00e9saine d'Angoul\u00eame","url":"https:\/\/charente.catholique.fr\/grand-angouleme\/","logo":{"@type":"ImageObject","inLanguage":"fr-FR","@id":"https:\/\/charente.catholique.fr\/grand-angouleme\/#\/schema\/logo\/image\/","url":"https:\/\/charente.catholique.fr\/grand-angouleme\/wp-content\/uploads\/sites\/2\/2020\/10\/logos.png","contentUrl":"https:\/\/charente.catholique.fr\/grand-angouleme\/wp-content\/uploads\/sites\/2\/2020\/10\/logos.png","width":600,"height":257,"caption":"Association Dioc\u00e9saine d'Angoul\u00eame"},"image":{"@id":"https:\/\/charente.catholique.fr\/grand-angouleme\/#\/schema\/logo\/image\/"},"sameAs":["https:\/\/www.facebook.com\/EgliseCatholiqueCharente","https:\/\/x.com\/diocesecharente","https:\/\/www.instagram.com\/eglisecharente","https:\/\/www.youtube.com\/channel\/UCByyFWApZbw3gDTiADoiAaQ"]},{"@type":"Person","@id":"https:\/\/charente.catholique.fr\/grand-angouleme\/#\/schema\/person\/898f693d8a5f95b1bf02828f73967b47","name":"Janine Laborde","image":{"@type":"ImageObject","inLanguage":"fr-FR","@id":"https:\/\/charente.catholique.fr\/grand-angouleme\/#\/schema\/person\/image\/","url":"https:\/\/secure.gravatar.com\/avatar\/a8f3185ff2f6cee7d79c60e904004ccb6107bdc3e38d176acfc1ee42b62a994e?s=96&d=mm&r=g","contentUrl":"https:\/\/secure.gravatar.com\/avatar\/a8f3185ff2f6cee7d79c60e904004ccb6107bdc3e38d176acfc1ee42b62a994e?s=96&d=mm&r=g","caption":"Janine Laborde"},"url":"https:\/\/charente.catholique.fr\/grand-angouleme\/author\/janinelaborde\/"}]}},"_links":{"self":[{"href":"https:\/\/charente.catholique.fr\/grand-angouleme\/wp-json\/wp\/v2\/posts\/21669","targetHints":{"allow":["GET"]}}],"collection":[{"href":"https:\/\/charente.catholique.fr\/grand-angouleme\/wp-json\/wp\/v2\/posts"}],"about":[{"href":"https:\/\/charente.catholique.fr\/grand-angouleme\/wp-json\/wp\/v2\/types\/post"}],"author":[{"embeddable":true,"href":"https:\/\/charente.catholique.fr\/grand-angouleme\/wp-json\/wp\/v2\/users\/22"}],"replies":[{"embeddable":true,"href":"https:\/\/charente.catholique.fr\/grand-angouleme\/wp-json\/wp\/v2\/comments?post=21669"}],"version-history":[{"count":10,"href":"https:\/\/charente.catholique.fr\/grand-angouleme\/wp-json\/wp\/v2\/posts\/21669\/revisions"}],"predecessor-version":[{"id":21760,"href":"https:\/\/charente.catholique.fr\/grand-angouleme\/wp-json\/wp\/v2\/posts\/21669\/revisions\/21760"}],"wp:featuredmedia":[{"embeddable":true,"href":"https:\/\/charente.catholique.fr\/grand-angouleme\/wp-json\/wp\/v2\/media\/21523"}],"wp:attachment":[{"href":"https:\/\/charente.catholique.fr\/grand-angouleme\/wp-json\/wp\/v2\/media?parent=21669"}],"wp:term":[{"taxonomy":"category","embeddable":true,"href":"https:\/\/charente.catholique.fr\/grand-angouleme\/wp-json\/wp\/v2\/categories?post=21669"},{"taxonomy":"post_tag","embeddable":true,"href":"https:\/\/charente.catholique.fr\/grand-angouleme\/wp-json\/wp\/v2\/tags?post=21669"}],"curies":[{"name":"wp","href":"https:\/\/api.w.org\/{rel}","templated":true}]}}