{"id":21340,"date":"2023-06-30T14:00:00","date_gmt":"2023-06-30T12:00:00","guid":{"rendered":"https:\/\/charente.catholique.fr\/grand-angouleme\/?p=21340"},"modified":"2023-07-05T23:24:13","modified_gmt":"2023-07-05T21:24:13","slug":"echos-de-leap-de-ma-campagne-du-19-06-23","status":"publish","type":"post","link":"https:\/\/charente.catholique.fr\/grand-angouleme\/actualites\/echos-de-leap-de-ma-campagne-du-19-06-23\/","title":{"rendered":"Echos de l&#8217;EAP de Ma Campagne du 19\/06\/23"},"content":{"rendered":"\n<h3 class=\"wp-block-heading\">La rencontre a commenc\u00e9 par un repas partag\u00e9 et un temps de pri\u00e8re.<\/h3>\n\n\n\n<p><strong>La Pastorale de la famille<\/strong> se dissous et doit se renouveler avec le pr\u00eatre de Bassac. Un couple de retrait\u00e9s du sud Charente va prendre le relais de l\u2019animation du groupe.<br><br><strong>Groupe du cat\u00e9<\/strong><br>Le groupe des parents cette ann\u00e9e \u00e9tait plus dynamique. Sur St PA ( sympa !!) le groupe a aussi \u00e9t\u00e9 relanc\u00e9 . Pour les dates de pr\u00e9paration, les deux groupes de cat\u00e9ch\u00e8se tiennent compte les uns des autres.  Le temps de premi\u00e8re communion a \u00e9t\u00e9 aussi un temps fort. On sent un travail p\u00e9dagogique \u00e0 partir de l\u2019\u00e9vangile par l\u2019\u00e9quipe des parents de Ma Campagne.<\/p>\n\n\n\n<p><strong>Groupe \u00ab En chemin \u00bb<\/strong>, anim\u00e9 par Christel Martel, a \u00e9t\u00e9 dissous apr\u00e8s 10 ans de fonctionnement . De 10 personnes il ne restait plus que 4 personnes avec Christel. Elle a r\u00e9alis\u00e9 un Envoi pour ceux qui restaient : <em>\u00ab vous \u00eates forts de ce que vous avez re\u00e7u, \u00e0 la Pentec\u00f4te J\u00e9sus leur a dit allez \u00bb<\/em> <\/p>\n\n\n\n<p><strong>Sortie \u00e0 Aubeterre<\/strong> : 94 personnes des quartiers de Ma Campagne et de la Grande Garenne y ont particip\u00e9s. Un t\u00e9moignage d\u2019une femme musulmane dans le bus a \u00e9t\u00e9 \u00e9mouvant, elle a pu dire que la communaut\u00e9 musulmane se sentait accueillie et respect\u00e9e. Tout le travail fait avec le milieu associatif porte ses fruits.<br><br><strong>F\u00eate du quartier<\/strong> le 24\/06\/2023 : Pas de participation de la communaut\u00e9 de Saint Paul- St Vincent faute de participants. Le CAJ va g\u00e9rer la MJC pour les familles et les adolescents. <\/p>\n\n\n\n<p><strong>Mercredi 21\/06<\/strong>  pr\u00e9paration de la journ\u00e9e \u00e0 Bassac des deux EAP (Temps de relecture, temps de projet\u2026)<\/p>\n\n\n\n<p><strong>Visite pastorale<\/strong> : Catherine Joslet doit nous transmettre le rapport de la visite pastorale de l\u2019\u00e9v\u00eaque. <\/p>\n\n\n\n<p><strong>Organisation des \u00e9quipes d\u2019animation de la paroisse<\/strong><\/p>\n\n\n\n<ul class=\"wp-block-list\">\n<li>2 \u00c9quipes de communaut\u00e9 : 4 membres chacune et pr\u00eatre<\/li>\n\n\n\n<li>1 \u00c9quipe d\u2019animation pastorale qui regroupe deux fois 4 membres et pr\u00eatre.<\/li>\n<\/ul>\n\n\n\n<p class=\"has-text-align-center\"><strong>Ces \u00e9quipes se retrouveront tous les deux mois en alternance<\/strong><\/p>\n\n\n\n<ul class=\"wp-block-list\">\n<li>1 \u00c9quipe \u00e9largie : Responsables de service ou des gens du quartier qui peuvent ouvrir sur des r\u00e9alit\u00e9s autres que la vie quotidienne de la communaut\u00e9.<\/li>\n<\/ul>\n\n\n\n<p class=\"has-text-align-center\"><strong>Cette \u00e9quipe se retrouvera tous les deux \u00e0 trois mois (invitation)<\/strong><\/p>\n\n\n\n<ul class=\"wp-block-list\">\n<li>Assembl\u00e9e paroissiale :  Avec un maximum de paroissiens dans chaque communaut\u00e9.<\/li>\n<\/ul>\n\n\n\n<p class=\"has-text-align-center\"><strong>Deux ou trois fois par an<\/strong><\/p>\n\n\n\n<p class=\"has-text-align-left\"><strong>Le cat\u00e9chisme<\/strong> ne se fait pas de la m\u00eame fa\u00e7on dans les deux communaut\u00e9s , il serait bon de d\u00e9buter une relecture avec les EAP pour savoir comment chacun travaille. Que peut on s\u2019apporter les uns les autres ? L\u2019id\u00e9e est de s\u2019enrichir les uns les autres.<\/p>\n\n\n\n<p><strong>Dates \u00e0 venir :<\/strong><\/p>\n\n\n\n<ul class=\"wp-block-list\">\n<li>Oser une parole \n<ul class=\"wp-block-list\">\n<li>le 29 octobre apr\u00e8s-midi<\/li>\n\n\n\n<li>le 17 novembre en soir\u00e9e<\/li>\n<\/ul>\n<\/li>\n<\/ul>\n\n\n\n<p><strong>Pasto jeune<\/strong> (Yolande) : Sur le doyenn\u00e9 des jeunes arrivent r\u00e9guli\u00e8rement dans nos paroisses. Comment les accompagner et les int\u00e9grer ?<\/p>\n\n\n\n<p><strong>Calendrier global et visuel<\/strong> de tous les \u00e9v\u00e9nements liturgiques et autre sur l\u2019ann\u00e9e \u00e0 mettre au fond de l\u2019\u00e9glise.<\/p>\n\n\n\n<p><strong>Les caf\u00e9s de l&#8217;\u00e9t\u00e9<\/strong> du mercredi matin n\u2019auront pas lieu cette ann\u00e9e.<\/p>\n\n\n\n<p><strong>Caf\u00e9 des aidants :<\/strong> proposition d\u2019Alain pour permettre \u00e0 tous ceux qui souhaitent venir parler de ce<br>qu\u2019ils vivent dans le soutien d\u2019une personne de leur famille ou proche. Planning \u00e0 venir.<\/p>\n\n\n\n<p><strong>Achat \u00e0 pr\u00e9voir :<\/strong><\/p>\n\n\n\n<ul class=\"wp-block-list\">\n<li>1 clavier en remplacement de celui que nous avons actuellement <\/li>\n\n\n\n<li>R\u00e9fection de l\u2019\u00e9lectricit\u00e9 de l\u2019\u00e9glise, 1 devis \u00e9tabli, voir pour d\u2019autres devis<\/li>\n\n\n\n<li>Des tables pour les repas communautaires<\/li>\n\n\n\n<li>Nouvelle moquette<\/li>\n\n\n\n<li>Chaises<\/li>\n<\/ul>\n","protected":false},"excerpt":{"rendered":"<p>La rencontre a commenc\u00e9 par un repas partag\u00e9 et un temps de pri\u00e8re. La Pastorale de la famille se dissous et doit se renouveler avec le pr\u00eatre de Bassac. Un couple de retrait\u00e9s du sud Charente va prendre le relais de l\u2019animation du groupe. Groupe du cat\u00e9Le groupe des parents cette ann\u00e9e \u00e9tait plus dynamique. [&hellip;]<\/p>\n","protected":false},"author":5,"featured_media":5921,"comment_status":"open","ping_status":"open","sticky":false,"template":"","format":"standard","meta":{"_acf_changed":false,"paroisse":["0"],"service":["0"],"footnotes":""},"categories":[1],"tags":[],"class_list":["post-21340","post","type-post","status-publish","format-standard","has-post-thumbnail","hentry","category-actualites"],"acf":[],"yoast_head":"<!-- This site is optimized with the Yoast SEO plugin v27.1.1 - https:\/\/yoast.com\/product\/yoast-seo-wordpress\/ -->\n<title>Echos de l&#039;EAP de Ma Campagne du 19\/06\/23 - Doyenn\u00e9 Grand Angoul\u00eame<\/title>\n<meta name=\"robots\" content=\"index, follow, max-snippet:-1, max-image-preview:large, max-video-preview:-1\" \/>\n<link rel=\"canonical\" href=\"https:\/\/charente.catholique.fr\/grand-angouleme\/actualites\/echos-de-leap-de-ma-campagne-du-19-06-23\/\" \/>\n<meta property=\"og:locale\" content=\"fr_FR\" \/>\n<meta property=\"og:type\" content=\"article\" \/>\n<meta property=\"og:title\" content=\"Echos de l&#039;EAP de Ma Campagne du 19\/06\/23 - Doyenn\u00e9 Grand Angoul\u00eame\" \/>\n<meta property=\"og:description\" content=\"La rencontre a commenc\u00e9 par un repas partag\u00e9 et un temps de pri\u00e8re. La Pastorale de la famille se dissous et doit se renouveler avec le pr\u00eatre de Bassac. Un couple de retrait\u00e9s du sud Charente va prendre le relais de l\u2019animation du groupe. Groupe du cat\u00e9Le groupe des parents cette ann\u00e9e \u00e9tait plus dynamique. [&hellip;]\" \/>\n<meta property=\"og:url\" content=\"https:\/\/charente.catholique.fr\/grand-angouleme\/actualites\/echos-de-leap-de-ma-campagne-du-19-06-23\/\" \/>\n<meta property=\"og:site_name\" content=\"Doyenn\u00e9 Grand Angoul\u00eame\" \/>\n<meta property=\"article:publisher\" content=\"https:\/\/www.facebook.com\/EgliseCatholiqueCharente\" \/>\n<meta property=\"article:published_time\" content=\"2023-06-30T12:00:00+00:00\" \/>\n<meta property=\"article:modified_time\" content=\"2023-07-05T21:24:13+00:00\" \/>\n<meta property=\"og:image\" content=\"https:\/\/charente.catholique.fr\/grand-angouleme\/wp-content\/uploads\/sites\/2\/2021\/06\/triptyque-1.jpg\" \/>\n\t<meta property=\"og:image:width\" content=\"1500\" \/>\n\t<meta property=\"og:image:height\" content=\"1059\" \/>\n\t<meta property=\"og:image:type\" content=\"image\/jpeg\" \/>\n<meta name=\"author\" content=\"B\u00e9atrice Saint-P\u00e9\" \/>\n<meta name=\"twitter:card\" content=\"summary_large_image\" \/>\n<meta name=\"twitter:creator\" content=\"@diocesecharente\" \/>\n<meta name=\"twitter:site\" content=\"@diocesecharente\" \/>\n<meta name=\"twitter:label1\" content=\"\u00c9crit par\" \/>\n\t<meta name=\"twitter:data1\" content=\"B\u00e9atrice Saint-P\u00e9\" \/>\n\t<meta name=\"twitter:label2\" content=\"Dur\u00e9e de lecture estim\u00e9e\" \/>\n\t<meta name=\"twitter:data2\" content=\"3 minutes\" \/>\n<script type=\"application\/ld+json\" class=\"yoast-schema-graph\">{\"@context\":\"https:\/\/schema.org\",\"@graph\":[{\"@type\":\"Article\",\"@id\":\"https:\/\/charente.catholique.fr\/grand-angouleme\/actualites\/echos-de-leap-de-ma-campagne-du-19-06-23\/#article\",\"isPartOf\":{\"@id\":\"https:\/\/charente.catholique.fr\/grand-angouleme\/actualites\/echos-de-leap-de-ma-campagne-du-19-06-23\/\"},\"author\":{\"name\":\"B\u00e9atrice Saint-P\u00e9\",\"@id\":\"https:\/\/charente.catholique.fr\/grand-angouleme\/#\/schema\/person\/b12f449504ff2da4d633df0f02abf9ee\"},\"headline\":\"Echos de l&#8217;EAP de Ma Campagne du 19\/06\/23\",\"datePublished\":\"2023-06-30T12:00:00+00:00\",\"dateModified\":\"2023-07-05T21:24:13+00:00\",\"mainEntityOfPage\":{\"@id\":\"https:\/\/charente.catholique.fr\/grand-angouleme\/actualites\/echos-de-leap-de-ma-campagne-du-19-06-23\/\"},\"wordCount\":589,\"commentCount\":0,\"publisher\":{\"@id\":\"https:\/\/charente.catholique.fr\/grand-angouleme\/#organization\"},\"image\":{\"@id\":\"https:\/\/charente.catholique.fr\/grand-angouleme\/actualites\/echos-de-leap-de-ma-campagne-du-19-06-23\/#primaryimage\"},\"thumbnailUrl\":\"https:\/\/charente.catholique.fr\/grand-angouleme\/wp-content\/uploads\/sites\/2\/2021\/06\/triptyque-1.jpg\",\"articleSection\":[\"Actualit\u00e9s\"],\"inLanguage\":\"fr-FR\",\"potentialAction\":[{\"@type\":\"CommentAction\",\"name\":\"Comment\",\"target\":[\"https:\/\/charente.catholique.fr\/grand-angouleme\/actualites\/echos-de-leap-de-ma-campagne-du-19-06-23\/#respond\"]}]},{\"@type\":\"WebPage\",\"@id\":\"https:\/\/charente.catholique.fr\/grand-angouleme\/actualites\/echos-de-leap-de-ma-campagne-du-19-06-23\/\",\"url\":\"https:\/\/charente.catholique.fr\/grand-angouleme\/actualites\/echos-de-leap-de-ma-campagne-du-19-06-23\/\",\"name\":\"Echos de l'EAP de Ma Campagne du 19\/06\/23 - Doyenn\u00e9 Grand Angoul\u00eame\",\"isPartOf\":{\"@id\":\"https:\/\/charente.catholique.fr\/grand-angouleme\/#website\"},\"primaryImageOfPage\":{\"@id\":\"https:\/\/charente.catholique.fr\/grand-angouleme\/actualites\/echos-de-leap-de-ma-campagne-du-19-06-23\/#primaryimage\"},\"image\":{\"@id\":\"https:\/\/charente.catholique.fr\/grand-angouleme\/actualites\/echos-de-leap-de-ma-campagne-du-19-06-23\/#primaryimage\"},\"thumbnailUrl\":\"https:\/\/charente.catholique.fr\/grand-angouleme\/wp-content\/uploads\/sites\/2\/2021\/06\/triptyque-1.jpg\",\"datePublished\":\"2023-06-30T12:00:00+00:00\",\"dateModified\":\"2023-07-05T21:24:13+00:00\",\"breadcrumb\":{\"@id\":\"https:\/\/charente.catholique.fr\/grand-angouleme\/actualites\/echos-de-leap-de-ma-campagne-du-19-06-23\/#breadcrumb\"},\"inLanguage\":\"fr-FR\",\"potentialAction\":[{\"@type\":\"ReadAction\",\"target\":[\"https:\/\/charente.catholique.fr\/grand-angouleme\/actualites\/echos-de-leap-de-ma-campagne-du-19-06-23\/\"]}]},{\"@type\":\"ImageObject\",\"inLanguage\":\"fr-FR\",\"@id\":\"https:\/\/charente.catholique.fr\/grand-angouleme\/actualites\/echos-de-leap-de-ma-campagne-du-19-06-23\/#primaryimage\",\"url\":\"https:\/\/charente.catholique.fr\/grand-angouleme\/wp-content\/uploads\/sites\/2\/2021\/06\/triptyque-1.jpg\",\"contentUrl\":\"https:\/\/charente.catholique.fr\/grand-angouleme\/wp-content\/uploads\/sites\/2\/2021\/06\/triptyque-1.jpg\",\"width\":1500,\"height\":1059},{\"@type\":\"BreadcrumbList\",\"@id\":\"https:\/\/charente.catholique.fr\/grand-angouleme\/actualites\/echos-de-leap-de-ma-campagne-du-19-06-23\/#breadcrumb\",\"itemListElement\":[{\"@type\":\"ListItem\",\"position\":1,\"name\":\"Accueil\",\"item\":\"https:\/\/charente.catholique.fr\/grand-angouleme\/\"},{\"@type\":\"ListItem\",\"position\":2,\"name\":\"Echos de l&#8217;EAP de Ma Campagne du 19\/06\/23\"}]},{\"@type\":\"WebSite\",\"@id\":\"https:\/\/charente.catholique.fr\/grand-angouleme\/#website\",\"url\":\"https:\/\/charente.catholique.fr\/grand-angouleme\/\",\"name\":\"Doyenn\u00e9 Grand Angoul\u00eame - Dioc\u00e8se d'Angoul\u00eame\",\"description\":\"Dioc\u00e8se d&#039;Angoul\u00eame\",\"publisher\":{\"@id\":\"https:\/\/charente.catholique.fr\/grand-angouleme\/#organization\"},\"potentialAction\":[{\"@type\":\"SearchAction\",\"target\":{\"@type\":\"EntryPoint\",\"urlTemplate\":\"https:\/\/charente.catholique.fr\/grand-angouleme\/?s={search_term_string}\"},\"query-input\":{\"@type\":\"PropertyValueSpecification\",\"valueRequired\":true,\"valueName\":\"search_term_string\"}}],\"inLanguage\":\"fr-FR\"},{\"@type\":\"Organization\",\"@id\":\"https:\/\/charente.catholique.fr\/grand-angouleme\/#organization\",\"name\":\"Association Dioc\u00e9saine d'Angoul\u00eame\",\"url\":\"https:\/\/charente.catholique.fr\/grand-angouleme\/\",\"logo\":{\"@type\":\"ImageObject\",\"inLanguage\":\"fr-FR\",\"@id\":\"https:\/\/charente.catholique.fr\/grand-angouleme\/#\/schema\/logo\/image\/\",\"url\":\"https:\/\/charente.catholique.fr\/grand-angouleme\/wp-content\/uploads\/sites\/2\/2020\/10\/logos.png\",\"contentUrl\":\"https:\/\/charente.catholique.fr\/grand-angouleme\/wp-content\/uploads\/sites\/2\/2020\/10\/logos.png\",\"width\":600,\"height\":257,\"caption\":\"Association Dioc\u00e9saine d'Angoul\u00eame\"},\"image\":{\"@id\":\"https:\/\/charente.catholique.fr\/grand-angouleme\/#\/schema\/logo\/image\/\"},\"sameAs\":[\"https:\/\/www.facebook.com\/EgliseCatholiqueCharente\",\"https:\/\/x.com\/diocesecharente\",\"https:\/\/www.instagram.com\/eglisecharente\",\"https:\/\/www.youtube.com\/channel\/UCByyFWApZbw3gDTiADoiAaQ\"]},{\"@type\":\"Person\",\"@id\":\"https:\/\/charente.catholique.fr\/grand-angouleme\/#\/schema\/person\/b12f449504ff2da4d633df0f02abf9ee\",\"name\":\"B\u00e9atrice Saint-P\u00e9\",\"image\":{\"@type\":\"ImageObject\",\"inLanguage\":\"fr-FR\",\"@id\":\"https:\/\/charente.catholique.fr\/grand-angouleme\/#\/schema\/person\/image\/\",\"url\":\"https:\/\/secure.gravatar.com\/avatar\/0493ed83685d630b019670a73a3a663bebc1c98f6ebcb0b57c8fd12fe86c0c3d?s=96&d=mm&r=g\",\"contentUrl\":\"https:\/\/secure.gravatar.com\/avatar\/0493ed83685d630b019670a73a3a663bebc1c98f6ebcb0b57c8fd12fe86c0c3d?s=96&d=mm&r=g\",\"caption\":\"B\u00e9atrice Saint-P\u00e9\"},\"url\":\"https:\/\/charente.catholique.fr\/grand-angouleme\/author\/beatricesaintpe\/\"}]}<\/script>\n<!-- \/ Yoast SEO plugin. -->","yoast_head_json":{"title":"Echos de l'EAP de Ma Campagne du 19\/06\/23 - Doyenn\u00e9 Grand Angoul\u00eame","robots":{"index":"index","follow":"follow","max-snippet":"max-snippet:-1","max-image-preview":"max-image-preview:large","max-video-preview":"max-video-preview:-1"},"canonical":"https:\/\/charente.catholique.fr\/grand-angouleme\/actualites\/echos-de-leap-de-ma-campagne-du-19-06-23\/","og_locale":"fr_FR","og_type":"article","og_title":"Echos de l'EAP de Ma Campagne du 19\/06\/23 - Doyenn\u00e9 Grand Angoul\u00eame","og_description":"La rencontre a commenc\u00e9 par un repas partag\u00e9 et un temps de pri\u00e8re. La Pastorale de la famille se dissous et doit se renouveler avec le pr\u00eatre de Bassac. Un couple de retrait\u00e9s du sud Charente va prendre le relais de l\u2019animation du groupe. Groupe du cat\u00e9Le groupe des parents cette ann\u00e9e \u00e9tait plus dynamique. [&hellip;]","og_url":"https:\/\/charente.catholique.fr\/grand-angouleme\/actualites\/echos-de-leap-de-ma-campagne-du-19-06-23\/","og_site_name":"Doyenn\u00e9 Grand Angoul\u00eame","article_publisher":"https:\/\/www.facebook.com\/EgliseCatholiqueCharente","article_published_time":"2023-06-30T12:00:00+00:00","article_modified_time":"2023-07-05T21:24:13+00:00","og_image":[{"width":1500,"height":1059,"url":"https:\/\/charente.catholique.fr\/grand-angouleme\/wp-content\/uploads\/sites\/2\/2021\/06\/triptyque-1.jpg","type":"image\/jpeg"}],"author":"B\u00e9atrice Saint-P\u00e9","twitter_card":"summary_large_image","twitter_creator":"@diocesecharente","twitter_site":"@diocesecharente","twitter_misc":{"\u00c9crit par":"B\u00e9atrice Saint-P\u00e9","Dur\u00e9e de lecture estim\u00e9e":"3 minutes"},"schema":{"@context":"https:\/\/schema.org","@graph":[{"@type":"Article","@id":"https:\/\/charente.catholique.fr\/grand-angouleme\/actualites\/echos-de-leap-de-ma-campagne-du-19-06-23\/#article","isPartOf":{"@id":"https:\/\/charente.catholique.fr\/grand-angouleme\/actualites\/echos-de-leap-de-ma-campagne-du-19-06-23\/"},"author":{"name":"B\u00e9atrice Saint-P\u00e9","@id":"https:\/\/charente.catholique.fr\/grand-angouleme\/#\/schema\/person\/b12f449504ff2da4d633df0f02abf9ee"},"headline":"Echos de l&#8217;EAP de Ma Campagne du 19\/06\/23","datePublished":"2023-06-30T12:00:00+00:00","dateModified":"2023-07-05T21:24:13+00:00","mainEntityOfPage":{"@id":"https:\/\/charente.catholique.fr\/grand-angouleme\/actualites\/echos-de-leap-de-ma-campagne-du-19-06-23\/"},"wordCount":589,"commentCount":0,"publisher":{"@id":"https:\/\/charente.catholique.fr\/grand-angouleme\/#organization"},"image":{"@id":"https:\/\/charente.catholique.fr\/grand-angouleme\/actualites\/echos-de-leap-de-ma-campagne-du-19-06-23\/#primaryimage"},"thumbnailUrl":"https:\/\/charente.catholique.fr\/grand-angouleme\/wp-content\/uploads\/sites\/2\/2021\/06\/triptyque-1.jpg","articleSection":["Actualit\u00e9s"],"inLanguage":"fr-FR","potentialAction":[{"@type":"CommentAction","name":"Comment","target":["https:\/\/charente.catholique.fr\/grand-angouleme\/actualites\/echos-de-leap-de-ma-campagne-du-19-06-23\/#respond"]}]},{"@type":"WebPage","@id":"https:\/\/charente.catholique.fr\/grand-angouleme\/actualites\/echos-de-leap-de-ma-campagne-du-19-06-23\/","url":"https:\/\/charente.catholique.fr\/grand-angouleme\/actualites\/echos-de-leap-de-ma-campagne-du-19-06-23\/","name":"Echos de l'EAP de Ma Campagne du 19\/06\/23 - Doyenn\u00e9 Grand Angoul\u00eame","isPartOf":{"@id":"https:\/\/charente.catholique.fr\/grand-angouleme\/#website"},"primaryImageOfPage":{"@id":"https:\/\/charente.catholique.fr\/grand-angouleme\/actualites\/echos-de-leap-de-ma-campagne-du-19-06-23\/#primaryimage"},"image":{"@id":"https:\/\/charente.catholique.fr\/grand-angouleme\/actualites\/echos-de-leap-de-ma-campagne-du-19-06-23\/#primaryimage"},"thumbnailUrl":"https:\/\/charente.catholique.fr\/grand-angouleme\/wp-content\/uploads\/sites\/2\/2021\/06\/triptyque-1.jpg","datePublished":"2023-06-30T12:00:00+00:00","dateModified":"2023-07-05T21:24:13+00:00","breadcrumb":{"@id":"https:\/\/charente.catholique.fr\/grand-angouleme\/actualites\/echos-de-leap-de-ma-campagne-du-19-06-23\/#breadcrumb"},"inLanguage":"fr-FR","potentialAction":[{"@type":"ReadAction","target":["https:\/\/charente.catholique.fr\/grand-angouleme\/actualites\/echos-de-leap-de-ma-campagne-du-19-06-23\/"]}]},{"@type":"ImageObject","inLanguage":"fr-FR","@id":"https:\/\/charente.catholique.fr\/grand-angouleme\/actualites\/echos-de-leap-de-ma-campagne-du-19-06-23\/#primaryimage","url":"https:\/\/charente.catholique.fr\/grand-angouleme\/wp-content\/uploads\/sites\/2\/2021\/06\/triptyque-1.jpg","contentUrl":"https:\/\/charente.catholique.fr\/grand-angouleme\/wp-content\/uploads\/sites\/2\/2021\/06\/triptyque-1.jpg","width":1500,"height":1059},{"@type":"BreadcrumbList","@id":"https:\/\/charente.catholique.fr\/grand-angouleme\/actualites\/echos-de-leap-de-ma-campagne-du-19-06-23\/#breadcrumb","itemListElement":[{"@type":"ListItem","position":1,"name":"Accueil","item":"https:\/\/charente.catholique.fr\/grand-angouleme\/"},{"@type":"ListItem","position":2,"name":"Echos de l&#8217;EAP de Ma Campagne du 19\/06\/23"}]},{"@type":"WebSite","@id":"https:\/\/charente.catholique.fr\/grand-angouleme\/#website","url":"https:\/\/charente.catholique.fr\/grand-angouleme\/","name":"Doyenn\u00e9 Grand Angoul\u00eame - Dioc\u00e8se d'Angoul\u00eame","description":"Dioc\u00e8se d&#039;Angoul\u00eame","publisher":{"@id":"https:\/\/charente.catholique.fr\/grand-angouleme\/#organization"},"potentialAction":[{"@type":"SearchAction","target":{"@type":"EntryPoint","urlTemplate":"https:\/\/charente.catholique.fr\/grand-angouleme\/?s={search_term_string}"},"query-input":{"@type":"PropertyValueSpecification","valueRequired":true,"valueName":"search_term_string"}}],"inLanguage":"fr-FR"},{"@type":"Organization","@id":"https:\/\/charente.catholique.fr\/grand-angouleme\/#organization","name":"Association Dioc\u00e9saine d'Angoul\u00eame","url":"https:\/\/charente.catholique.fr\/grand-angouleme\/","logo":{"@type":"ImageObject","inLanguage":"fr-FR","@id":"https:\/\/charente.catholique.fr\/grand-angouleme\/#\/schema\/logo\/image\/","url":"https:\/\/charente.catholique.fr\/grand-angouleme\/wp-content\/uploads\/sites\/2\/2020\/10\/logos.png","contentUrl":"https:\/\/charente.catholique.fr\/grand-angouleme\/wp-content\/uploads\/sites\/2\/2020\/10\/logos.png","width":600,"height":257,"caption":"Association Dioc\u00e9saine d'Angoul\u00eame"},"image":{"@id":"https:\/\/charente.catholique.fr\/grand-angouleme\/#\/schema\/logo\/image\/"},"sameAs":["https:\/\/www.facebook.com\/EgliseCatholiqueCharente","https:\/\/x.com\/diocesecharente","https:\/\/www.instagram.com\/eglisecharente","https:\/\/www.youtube.com\/channel\/UCByyFWApZbw3gDTiADoiAaQ"]},{"@type":"Person","@id":"https:\/\/charente.catholique.fr\/grand-angouleme\/#\/schema\/person\/b12f449504ff2da4d633df0f02abf9ee","name":"B\u00e9atrice Saint-P\u00e9","image":{"@type":"ImageObject","inLanguage":"fr-FR","@id":"https:\/\/charente.catholique.fr\/grand-angouleme\/#\/schema\/person\/image\/","url":"https:\/\/secure.gravatar.com\/avatar\/0493ed83685d630b019670a73a3a663bebc1c98f6ebcb0b57c8fd12fe86c0c3d?s=96&d=mm&r=g","contentUrl":"https:\/\/secure.gravatar.com\/avatar\/0493ed83685d630b019670a73a3a663bebc1c98f6ebcb0b57c8fd12fe86c0c3d?s=96&d=mm&r=g","caption":"B\u00e9atrice Saint-P\u00e9"},"url":"https:\/\/charente.catholique.fr\/grand-angouleme\/author\/beatricesaintpe\/"}]}},"_links":{"self":[{"href":"https:\/\/charente.catholique.fr\/grand-angouleme\/wp-json\/wp\/v2\/posts\/21340","targetHints":{"allow":["GET"]}}],"collection":[{"href":"https:\/\/charente.catholique.fr\/grand-angouleme\/wp-json\/wp\/v2\/posts"}],"about":[{"href":"https:\/\/charente.catholique.fr\/grand-angouleme\/wp-json\/wp\/v2\/types\/post"}],"author":[{"embeddable":true,"href":"https:\/\/charente.catholique.fr\/grand-angouleme\/wp-json\/wp\/v2\/users\/5"}],"replies":[{"embeddable":true,"href":"https:\/\/charente.catholique.fr\/grand-angouleme\/wp-json\/wp\/v2\/comments?post=21340"}],"version-history":[{"count":6,"href":"https:\/\/charente.catholique.fr\/grand-angouleme\/wp-json\/wp\/v2\/posts\/21340\/revisions"}],"predecessor-version":[{"id":21354,"href":"https:\/\/charente.catholique.fr\/grand-angouleme\/wp-json\/wp\/v2\/posts\/21340\/revisions\/21354"}],"wp:featuredmedia":[{"embeddable":true,"href":"https:\/\/charente.catholique.fr\/grand-angouleme\/wp-json\/wp\/v2\/media\/5921"}],"wp:attachment":[{"href":"https:\/\/charente.catholique.fr\/grand-angouleme\/wp-json\/wp\/v2\/media?parent=21340"}],"wp:term":[{"taxonomy":"category","embeddable":true,"href":"https:\/\/charente.catholique.fr\/grand-angouleme\/wp-json\/wp\/v2\/categories?post=21340"},{"taxonomy":"post_tag","embeddable":true,"href":"https:\/\/charente.catholique.fr\/grand-angouleme\/wp-json\/wp\/v2\/tags?post=21340"}],"curies":[{"name":"wp","href":"https:\/\/api.w.org\/{rel}","templated":true}]}}