{"id":21336,"date":"2023-06-29T14:00:00","date_gmt":"2023-06-29T12:00:00","guid":{"rendered":"https:\/\/charente.catholique.fr\/grand-angouleme\/?p=21336"},"modified":"2023-07-04T22:26:47","modified_gmt":"2023-07-04T20:26:47","slug":"echo-de-leap-de-st-jean-baptiste-du14-juin-2023","status":"publish","type":"post","link":"https:\/\/charente.catholique.fr\/grand-angouleme\/actualites\/echo-de-leap-de-st-jean-baptiste-du14-juin-2023\/","title":{"rendered":"Echo de l&#8217;EAP de St Jean Baptiste du14 juin 2023"},"content":{"rendered":"\n<h3 class=\"wp-block-heading\">La rencontre a commenc\u00e9 par un temps d\u2019action de gr\u00e2ce propos\u00e9 par Genevi\u00e8ve.<\/h3>\n\n\n\n<p><em>Etaient pr\u00e9sents : Nelly Dufet, Genevi\u00e8ve et Bruno Lachavanne, Monique Saintot, Annie scheid, Denis Trinez.<\/em><\/p>\n\n\n\n<h4 class=\"wp-block-heading\"><strong>Accompagnement de Janine et Jean Pierre<\/strong><\/h4>\n\n\n\n<p>L\u2019E.A.P. a le souci de l\u2019accompagnement de Janine et Jean-Pierre. Il est envisag\u00e9 que les personnes apportant la communion se relaient au fil des semaines, afin de diversifier les visites et garder ainsi le lien avec la communaut\u00e9. Un tableau de service va \u00eatre mis en place et l\u2019appel aux bonnes volont\u00e9s sera renouvel\u00e9 sur plusieurs dimanches.<\/p>\n\n\n\n<h4 class=\"wp-block-heading\"><strong>Retour sur le voyage<\/strong><\/h4>\n\n\n\n<p>La sortie a \u00e9t\u00e9 tr\u00e8s appr\u00e9ci\u00e9e, tout particuli\u00e8rement par les participants issus des quartiers et qui ont rarement l\u2019occasion de quitter leur environnement proche.<\/p>\n\n\n\n<p>Le co\u00fbt de l\u2019op\u00e9ration s\u2019\u00e9l\u00e8ve \u00e0 600\u20ac environ, et le montant de la participation libre couvre en partie ces frais.<\/p>\n\n\n\n<p>Genevi\u00e8ve se charge d\u2019envoyer un courrier \u00e0 la MJC, en remerciement du pr\u00eat des deux minibus.<\/p>\n\n\n\n<p>Le nombre de participants \u00e9tant de 92, il est constat\u00e9 un d\u00e9s\u00e9quilibre entre Ma Campagne et La Grande Garenne. L\u2019information a mieux circul\u00e9 \u00e0 Ma Campagne en raison de l\u2019implantation de l\u2019\u00e9glise au sein du quartier. Le pr\u00eat des locaux paroissiaux pour certaines activit\u00e9s initialement organis\u00e9es par la MJC a \u00e9galement favoris\u00e9 la diffusion de cette information.<\/p>\n\n\n\n<p>A l\u2019avenir, il va falloir veiller \u00e0 organiser un maillage sur le quartier de La grande Garenne, en impliquant les associations qui y sont implant\u00e9es : \u00e9picerie sociale, comit\u00e9 de quartier, MJC\u2026, ceci dans une perspective de long terme afin d\u2019\u00e9tablir des liens plus resserr\u00e9s.<\/p>\n\n\n\n<p>Une question demeure : Comment ouvrir plus largement la proposition tout en limitant le nombre des inscriptions ?<\/p>\n\n\n\n<h4 class=\"wp-block-heading\"><strong>Point sur les travaux :<\/strong><\/h4>\n\n\n\n<p><em>Etanch<\/em><em>\u00e9it<\/em><em>\u00e9<\/em><em> du toit :<\/em><\/p>\n\n\n\n<p>L\u2019entreprise contact\u00e9e par Bruno assure pouvoir r\u00e9aliser l\u2019\u00e9tanch\u00e9it\u00e9. Toutefois, l\u2019\u00e9conomat du dioc\u00e8se demande que trois devis soient \u00e9tablis avant d\u2019engager les travaux. Bruno va donc contacter au moins une autre entreprise.<br>En ce qui concerne le probl\u00e8me de fuite au-dessus de la vitre de la salle de r\u00e9union, Bruno effectuera la r\u00e9paration.<\/p>\n\n\n\n<p><em>Vitraux :<\/em><\/p>\n\n\n\n<p>Ils ont besoin d\u2019un nettoyage. Denis va rappeler les personnes d\u00e9j\u00e0 contact\u00e9es afin d\u2019obtenir un conseil.<\/p>\n\n\n\n<p><em>Am<\/em><em>\u00e9nagement de la place de l<\/em><em>\u2019\u00e9glise :<\/em><\/p>\n\n\n\n<p>Genevi\u00e8ve a rendez-vous le vendredi 16 juin avec une paysagiste de l\u2019entreprise \u00ab&nbsp;Mon Jardin en Charente&nbsp;\u00bb qui a pass\u00e9 un contrat avec la mairie pour l\u2019entretien du quartier de La Grande Garenne. La prise de contact avec le lieu, lui permettra de r\u00e9aliser un croquis avec projet d\u2019am\u00e9nagement sur lequel s\u2019appuyer. La r\u00e9alisation du croquis sera gratuite.<\/p>\n\n\n\n<p><em>Composteur :<\/em><\/p>\n\n\n\n<p>Suite \u00e0 l\u2019incendie du composteur, il est urgent de nettoyer l\u2019emplacement. (Qui ? Comment ?) Annie pense solliciter les parents des enfants cat\u00e9chis\u00e9s. Une fois le nettoyage effectu\u00e9, l\u2019emplacement pourrait \u00eatre r\u00e9am\u00e9nag\u00e9 \u00e0 l\u2019automne en installant des plantations d\u2019arbustes.<\/p>\n\n\n\n<h4 class=\"wp-block-heading\">Achats<\/h4>\n\n\n\n<p> <em>Support de cierge :<\/em><\/p>\n\n\n\n<p>Il n\u2019y a pas de support de cierge pascal disponible \u00e0 la maison dioc\u00e9saine. Il faut donc envisager un achat. 3 mod\u00e8les seront propos\u00e9s \u00e0 l\u2019assembl\u00e9e afin qu\u2019elle fixe son choix.<\/p>\n\n\n\n<h4 class=\"wp-block-heading\"><strong>M<\/strong><strong>\u00e9nage de l<\/strong><strong>\u2019\u00e9glise :<\/strong><\/h4>\n\n\n\n<p>Un m\u00e9nage est \u00e0 pr\u00e9voir avant le 17 septembre, jour de la messe de rentr\u00e9e et d\u2019inauguration de la nouvelle paroisse Ste Jos\u00e9phine Bakhita.<br><strong>Date retenue : samedi 9 septembre.<\/strong><\/p>\n\n\n\n<p>Un appel aux bonnes volont\u00e9s sera fait \u00e0 l\u2019occasion des r\u00e9unions de pr\u00e9paration les <strong>5 et 6<\/strong> <strong>septembre.<\/strong><\/p>\n\n\n\n<p>Il est propos\u00e9 d\u2019assurer le m\u00e9nage <strong>une fois par trimestre.<\/strong><\/p>\n\n\n\n<h4 class=\"wp-block-heading\"><strong>Repas partag<\/strong><strong>\u00e9<\/strong><strong> avec les musulmans :<\/strong><\/h4>\n\n\n\n<p>Il aura lieu le <strong>samedi 24 juin \u00e0 midi.<\/strong> Repas \u00e0 pr\u00e9voir pour <strong>16 personnes<\/strong><\/p>\n\n\n\n<h4 class=\"wp-block-heading\"><strong>Messe de rentr<\/strong><strong>\u00e9e :<\/strong><\/h4>\n\n\n\n<p>Elle sera suivie d\u2019un repas partag\u00e9 et d\u2019un apr\u00e8s-midi festif. Denis doit reprendre contact avec Claude Mouk\u00e9t\u00e9 pour l\u2019animation.<\/p>\n\n\n\n<h4 class=\"wp-block-heading\"><strong>D<\/strong><strong>\u00e9nomination de la future EAP :<\/strong><\/h4>\n\n\n\n<p> Il est propos\u00e9 que pour l\u2019ensemble des 2 communaut\u00e9s le nom d\u2019<strong>Equipe d\u2019Animation Pastorale<\/strong> soit conserv\u00e9. Pour chacune des communaut\u00e9s, le nom d\u2019<strong>Equipe d\u2019Animation de Communaut\u00e9<\/strong> est propos\u00e9.<\/p>\n","protected":false},"excerpt":{"rendered":"<p>La rencontre a commenc\u00e9 par un temps d\u2019action de gr\u00e2ce propos\u00e9 par Genevi\u00e8ve. Etaient pr\u00e9sents : Nelly Dufet, Genevi\u00e8ve et Bruno Lachavanne, Monique Saintot, Annie scheid, Denis Trinez. Accompagnement de Janine et Jean Pierre L\u2019E.A.P. a le souci de l\u2019accompagnement de Janine et Jean-Pierre. Il est envisag\u00e9 que les personnes apportant la communion se relaient [&hellip;]<\/p>\n","protected":false},"author":5,"featured_media":1943,"comment_status":"open","ping_status":"open","sticky":false,"template":"","format":"standard","meta":{"_acf_changed":false,"paroisse":["0"],"service":["0"],"footnotes":""},"categories":[1],"tags":[],"class_list":["post-21336","post","type-post","status-publish","format-standard","has-post-thumbnail","hentry","category-actualites"],"acf":[],"yoast_head":"<!-- This site is optimized with the Yoast SEO plugin v27.1.1 - https:\/\/yoast.com\/product\/yoast-seo-wordpress\/ -->\n<title>Echo de l&#039;EAP de St Jean Baptiste du14 juin 2023 - Doyenn\u00e9 Grand Angoul\u00eame<\/title>\n<meta name=\"robots\" content=\"index, follow, max-snippet:-1, max-image-preview:large, max-video-preview:-1\" \/>\n<link rel=\"canonical\" href=\"https:\/\/charente.catholique.fr\/grand-angouleme\/actualites\/echo-de-leap-de-st-jean-baptiste-du14-juin-2023\/\" \/>\n<meta property=\"og:locale\" content=\"fr_FR\" \/>\n<meta property=\"og:type\" content=\"article\" \/>\n<meta property=\"og:title\" content=\"Echo de l&#039;EAP de St Jean Baptiste du14 juin 2023 - Doyenn\u00e9 Grand Angoul\u00eame\" \/>\n<meta property=\"og:description\" content=\"La rencontre a commenc\u00e9 par un temps d\u2019action de gr\u00e2ce propos\u00e9 par Genevi\u00e8ve. Etaient pr\u00e9sents : Nelly Dufet, Genevi\u00e8ve et Bruno Lachavanne, Monique Saintot, Annie scheid, Denis Trinez. Accompagnement de Janine et Jean Pierre L\u2019E.A.P. a le souci de l\u2019accompagnement de Janine et Jean-Pierre. Il est envisag\u00e9 que les personnes apportant la communion se relaient [&hellip;]\" \/>\n<meta property=\"og:url\" content=\"https:\/\/charente.catholique.fr\/grand-angouleme\/actualites\/echo-de-leap-de-st-jean-baptiste-du14-juin-2023\/\" \/>\n<meta property=\"og:site_name\" content=\"Doyenn\u00e9 Grand Angoul\u00eame\" \/>\n<meta property=\"article:publisher\" content=\"https:\/\/www.facebook.com\/EgliseCatholiqueCharente\" \/>\n<meta property=\"article:published_time\" content=\"2023-06-29T12:00:00+00:00\" \/>\n<meta property=\"article:modified_time\" content=\"2023-07-04T20:26:47+00:00\" \/>\n<meta property=\"og:image\" content=\"https:\/\/charente.catholique.fr\/grand-angouleme\/wp-content\/uploads\/sites\/2\/2020\/09\/vitraux-1.jpg\" \/>\n\t<meta property=\"og:image:width\" content=\"1602\" \/>\n\t<meta property=\"og:image:height\" content=\"277\" \/>\n\t<meta property=\"og:image:type\" content=\"image\/jpeg\" \/>\n<meta name=\"author\" content=\"B\u00e9atrice Saint-P\u00e9\" \/>\n<meta name=\"twitter:card\" content=\"summary_large_image\" \/>\n<meta name=\"twitter:creator\" content=\"@diocesecharente\" \/>\n<meta name=\"twitter:site\" content=\"@diocesecharente\" \/>\n<meta name=\"twitter:label1\" content=\"\u00c9crit par\" \/>\n\t<meta name=\"twitter:data1\" content=\"B\u00e9atrice Saint-P\u00e9\" \/>\n\t<meta name=\"twitter:label2\" content=\"Dur\u00e9e de lecture estim\u00e9e\" \/>\n\t<meta name=\"twitter:data2\" content=\"4 minutes\" \/>\n<script type=\"application\/ld+json\" class=\"yoast-schema-graph\">{\"@context\":\"https:\/\/schema.org\",\"@graph\":[{\"@type\":\"Article\",\"@id\":\"https:\/\/charente.catholique.fr\/grand-angouleme\/actualites\/echo-de-leap-de-st-jean-baptiste-du14-juin-2023\/#article\",\"isPartOf\":{\"@id\":\"https:\/\/charente.catholique.fr\/grand-angouleme\/actualites\/echo-de-leap-de-st-jean-baptiste-du14-juin-2023\/\"},\"author\":{\"name\":\"B\u00e9atrice Saint-P\u00e9\",\"@id\":\"https:\/\/charente.catholique.fr\/grand-angouleme\/#\/schema\/person\/b12f449504ff2da4d633df0f02abf9ee\"},\"headline\":\"Echo de l&#8217;EAP de St Jean Baptiste du14 juin 2023\",\"datePublished\":\"2023-06-29T12:00:00+00:00\",\"dateModified\":\"2023-07-04T20:26:47+00:00\",\"mainEntityOfPage\":{\"@id\":\"https:\/\/charente.catholique.fr\/grand-angouleme\/actualites\/echo-de-leap-de-st-jean-baptiste-du14-juin-2023\/\"},\"wordCount\":713,\"commentCount\":0,\"publisher\":{\"@id\":\"https:\/\/charente.catholique.fr\/grand-angouleme\/#organization\"},\"image\":{\"@id\":\"https:\/\/charente.catholique.fr\/grand-angouleme\/actualites\/echo-de-leap-de-st-jean-baptiste-du14-juin-2023\/#primaryimage\"},\"thumbnailUrl\":\"https:\/\/charente.catholique.fr\/grand-angouleme\/wp-content\/uploads\/sites\/2\/2020\/09\/vitraux-1.jpg\",\"articleSection\":[\"Actualit\u00e9s\"],\"inLanguage\":\"fr-FR\",\"potentialAction\":[{\"@type\":\"CommentAction\",\"name\":\"Comment\",\"target\":[\"https:\/\/charente.catholique.fr\/grand-angouleme\/actualites\/echo-de-leap-de-st-jean-baptiste-du14-juin-2023\/#respond\"]}]},{\"@type\":\"WebPage\",\"@id\":\"https:\/\/charente.catholique.fr\/grand-angouleme\/actualites\/echo-de-leap-de-st-jean-baptiste-du14-juin-2023\/\",\"url\":\"https:\/\/charente.catholique.fr\/grand-angouleme\/actualites\/echo-de-leap-de-st-jean-baptiste-du14-juin-2023\/\",\"name\":\"Echo de l'EAP de St Jean Baptiste du14 juin 2023 - Doyenn\u00e9 Grand Angoul\u00eame\",\"isPartOf\":{\"@id\":\"https:\/\/charente.catholique.fr\/grand-angouleme\/#website\"},\"primaryImageOfPage\":{\"@id\":\"https:\/\/charente.catholique.fr\/grand-angouleme\/actualites\/echo-de-leap-de-st-jean-baptiste-du14-juin-2023\/#primaryimage\"},\"image\":{\"@id\":\"https:\/\/charente.catholique.fr\/grand-angouleme\/actualites\/echo-de-leap-de-st-jean-baptiste-du14-juin-2023\/#primaryimage\"},\"thumbnailUrl\":\"https:\/\/charente.catholique.fr\/grand-angouleme\/wp-content\/uploads\/sites\/2\/2020\/09\/vitraux-1.jpg\",\"datePublished\":\"2023-06-29T12:00:00+00:00\",\"dateModified\":\"2023-07-04T20:26:47+00:00\",\"breadcrumb\":{\"@id\":\"https:\/\/charente.catholique.fr\/grand-angouleme\/actualites\/echo-de-leap-de-st-jean-baptiste-du14-juin-2023\/#breadcrumb\"},\"inLanguage\":\"fr-FR\",\"potentialAction\":[{\"@type\":\"ReadAction\",\"target\":[\"https:\/\/charente.catholique.fr\/grand-angouleme\/actualites\/echo-de-leap-de-st-jean-baptiste-du14-juin-2023\/\"]}]},{\"@type\":\"ImageObject\",\"inLanguage\":\"fr-FR\",\"@id\":\"https:\/\/charente.catholique.fr\/grand-angouleme\/actualites\/echo-de-leap-de-st-jean-baptiste-du14-juin-2023\/#primaryimage\",\"url\":\"https:\/\/charente.catholique.fr\/grand-angouleme\/wp-content\/uploads\/sites\/2\/2020\/09\/vitraux-1.jpg\",\"contentUrl\":\"https:\/\/charente.catholique.fr\/grand-angouleme\/wp-content\/uploads\/sites\/2\/2020\/09\/vitraux-1.jpg\",\"width\":1602,\"height\":277},{\"@type\":\"BreadcrumbList\",\"@id\":\"https:\/\/charente.catholique.fr\/grand-angouleme\/actualites\/echo-de-leap-de-st-jean-baptiste-du14-juin-2023\/#breadcrumb\",\"itemListElement\":[{\"@type\":\"ListItem\",\"position\":1,\"name\":\"Accueil\",\"item\":\"https:\/\/charente.catholique.fr\/grand-angouleme\/\"},{\"@type\":\"ListItem\",\"position\":2,\"name\":\"Echo de l&#8217;EAP de St Jean Baptiste du14 juin 2023\"}]},{\"@type\":\"WebSite\",\"@id\":\"https:\/\/charente.catholique.fr\/grand-angouleme\/#website\",\"url\":\"https:\/\/charente.catholique.fr\/grand-angouleme\/\",\"name\":\"Doyenn\u00e9 Grand Angoul\u00eame - Dioc\u00e8se d'Angoul\u00eame\",\"description\":\"Dioc\u00e8se d&#039;Angoul\u00eame\",\"publisher\":{\"@id\":\"https:\/\/charente.catholique.fr\/grand-angouleme\/#organization\"},\"potentialAction\":[{\"@type\":\"SearchAction\",\"target\":{\"@type\":\"EntryPoint\",\"urlTemplate\":\"https:\/\/charente.catholique.fr\/grand-angouleme\/?s={search_term_string}\"},\"query-input\":{\"@type\":\"PropertyValueSpecification\",\"valueRequired\":true,\"valueName\":\"search_term_string\"}}],\"inLanguage\":\"fr-FR\"},{\"@type\":\"Organization\",\"@id\":\"https:\/\/charente.catholique.fr\/grand-angouleme\/#organization\",\"name\":\"Association Dioc\u00e9saine d'Angoul\u00eame\",\"url\":\"https:\/\/charente.catholique.fr\/grand-angouleme\/\",\"logo\":{\"@type\":\"ImageObject\",\"inLanguage\":\"fr-FR\",\"@id\":\"https:\/\/charente.catholique.fr\/grand-angouleme\/#\/schema\/logo\/image\/\",\"url\":\"https:\/\/charente.catholique.fr\/grand-angouleme\/wp-content\/uploads\/sites\/2\/2020\/10\/logos.png\",\"contentUrl\":\"https:\/\/charente.catholique.fr\/grand-angouleme\/wp-content\/uploads\/sites\/2\/2020\/10\/logos.png\",\"width\":600,\"height\":257,\"caption\":\"Association Dioc\u00e9saine d'Angoul\u00eame\"},\"image\":{\"@id\":\"https:\/\/charente.catholique.fr\/grand-angouleme\/#\/schema\/logo\/image\/\"},\"sameAs\":[\"https:\/\/www.facebook.com\/EgliseCatholiqueCharente\",\"https:\/\/x.com\/diocesecharente\",\"https:\/\/www.instagram.com\/eglisecharente\",\"https:\/\/www.youtube.com\/channel\/UCByyFWApZbw3gDTiADoiAaQ\"]},{\"@type\":\"Person\",\"@id\":\"https:\/\/charente.catholique.fr\/grand-angouleme\/#\/schema\/person\/b12f449504ff2da4d633df0f02abf9ee\",\"name\":\"B\u00e9atrice Saint-P\u00e9\",\"image\":{\"@type\":\"ImageObject\",\"inLanguage\":\"fr-FR\",\"@id\":\"https:\/\/charente.catholique.fr\/grand-angouleme\/#\/schema\/person\/image\/\",\"url\":\"https:\/\/secure.gravatar.com\/avatar\/0493ed83685d630b019670a73a3a663bebc1c98f6ebcb0b57c8fd12fe86c0c3d?s=96&d=mm&r=g\",\"contentUrl\":\"https:\/\/secure.gravatar.com\/avatar\/0493ed83685d630b019670a73a3a663bebc1c98f6ebcb0b57c8fd12fe86c0c3d?s=96&d=mm&r=g\",\"caption\":\"B\u00e9atrice Saint-P\u00e9\"},\"url\":\"https:\/\/charente.catholique.fr\/grand-angouleme\/author\/beatricesaintpe\/\"}]}<\/script>\n<!-- \/ Yoast SEO plugin. -->","yoast_head_json":{"title":"Echo de l'EAP de St Jean Baptiste du14 juin 2023 - Doyenn\u00e9 Grand Angoul\u00eame","robots":{"index":"index","follow":"follow","max-snippet":"max-snippet:-1","max-image-preview":"max-image-preview:large","max-video-preview":"max-video-preview:-1"},"canonical":"https:\/\/charente.catholique.fr\/grand-angouleme\/actualites\/echo-de-leap-de-st-jean-baptiste-du14-juin-2023\/","og_locale":"fr_FR","og_type":"article","og_title":"Echo de l'EAP de St Jean Baptiste du14 juin 2023 - Doyenn\u00e9 Grand Angoul\u00eame","og_description":"La rencontre a commenc\u00e9 par un temps d\u2019action de gr\u00e2ce propos\u00e9 par Genevi\u00e8ve. Etaient pr\u00e9sents : Nelly Dufet, Genevi\u00e8ve et Bruno Lachavanne, Monique Saintot, Annie scheid, Denis Trinez. Accompagnement de Janine et Jean Pierre L\u2019E.A.P. a le souci de l\u2019accompagnement de Janine et Jean-Pierre. Il est envisag\u00e9 que les personnes apportant la communion se relaient [&hellip;]","og_url":"https:\/\/charente.catholique.fr\/grand-angouleme\/actualites\/echo-de-leap-de-st-jean-baptiste-du14-juin-2023\/","og_site_name":"Doyenn\u00e9 Grand Angoul\u00eame","article_publisher":"https:\/\/www.facebook.com\/EgliseCatholiqueCharente","article_published_time":"2023-06-29T12:00:00+00:00","article_modified_time":"2023-07-04T20:26:47+00:00","og_image":[{"width":1602,"height":277,"url":"https:\/\/charente.catholique.fr\/grand-angouleme\/wp-content\/uploads\/sites\/2\/2020\/09\/vitraux-1.jpg","type":"image\/jpeg"}],"author":"B\u00e9atrice Saint-P\u00e9","twitter_card":"summary_large_image","twitter_creator":"@diocesecharente","twitter_site":"@diocesecharente","twitter_misc":{"\u00c9crit par":"B\u00e9atrice Saint-P\u00e9","Dur\u00e9e de lecture estim\u00e9e":"4 minutes"},"schema":{"@context":"https:\/\/schema.org","@graph":[{"@type":"Article","@id":"https:\/\/charente.catholique.fr\/grand-angouleme\/actualites\/echo-de-leap-de-st-jean-baptiste-du14-juin-2023\/#article","isPartOf":{"@id":"https:\/\/charente.catholique.fr\/grand-angouleme\/actualites\/echo-de-leap-de-st-jean-baptiste-du14-juin-2023\/"},"author":{"name":"B\u00e9atrice Saint-P\u00e9","@id":"https:\/\/charente.catholique.fr\/grand-angouleme\/#\/schema\/person\/b12f449504ff2da4d633df0f02abf9ee"},"headline":"Echo de l&#8217;EAP de St Jean Baptiste du14 juin 2023","datePublished":"2023-06-29T12:00:00+00:00","dateModified":"2023-07-04T20:26:47+00:00","mainEntityOfPage":{"@id":"https:\/\/charente.catholique.fr\/grand-angouleme\/actualites\/echo-de-leap-de-st-jean-baptiste-du14-juin-2023\/"},"wordCount":713,"commentCount":0,"publisher":{"@id":"https:\/\/charente.catholique.fr\/grand-angouleme\/#organization"},"image":{"@id":"https:\/\/charente.catholique.fr\/grand-angouleme\/actualites\/echo-de-leap-de-st-jean-baptiste-du14-juin-2023\/#primaryimage"},"thumbnailUrl":"https:\/\/charente.catholique.fr\/grand-angouleme\/wp-content\/uploads\/sites\/2\/2020\/09\/vitraux-1.jpg","articleSection":["Actualit\u00e9s"],"inLanguage":"fr-FR","potentialAction":[{"@type":"CommentAction","name":"Comment","target":["https:\/\/charente.catholique.fr\/grand-angouleme\/actualites\/echo-de-leap-de-st-jean-baptiste-du14-juin-2023\/#respond"]}]},{"@type":"WebPage","@id":"https:\/\/charente.catholique.fr\/grand-angouleme\/actualites\/echo-de-leap-de-st-jean-baptiste-du14-juin-2023\/","url":"https:\/\/charente.catholique.fr\/grand-angouleme\/actualites\/echo-de-leap-de-st-jean-baptiste-du14-juin-2023\/","name":"Echo de l'EAP de St Jean Baptiste du14 juin 2023 - Doyenn\u00e9 Grand Angoul\u00eame","isPartOf":{"@id":"https:\/\/charente.catholique.fr\/grand-angouleme\/#website"},"primaryImageOfPage":{"@id":"https:\/\/charente.catholique.fr\/grand-angouleme\/actualites\/echo-de-leap-de-st-jean-baptiste-du14-juin-2023\/#primaryimage"},"image":{"@id":"https:\/\/charente.catholique.fr\/grand-angouleme\/actualites\/echo-de-leap-de-st-jean-baptiste-du14-juin-2023\/#primaryimage"},"thumbnailUrl":"https:\/\/charente.catholique.fr\/grand-angouleme\/wp-content\/uploads\/sites\/2\/2020\/09\/vitraux-1.jpg","datePublished":"2023-06-29T12:00:00+00:00","dateModified":"2023-07-04T20:26:47+00:00","breadcrumb":{"@id":"https:\/\/charente.catholique.fr\/grand-angouleme\/actualites\/echo-de-leap-de-st-jean-baptiste-du14-juin-2023\/#breadcrumb"},"inLanguage":"fr-FR","potentialAction":[{"@type":"ReadAction","target":["https:\/\/charente.catholique.fr\/grand-angouleme\/actualites\/echo-de-leap-de-st-jean-baptiste-du14-juin-2023\/"]}]},{"@type":"ImageObject","inLanguage":"fr-FR","@id":"https:\/\/charente.catholique.fr\/grand-angouleme\/actualites\/echo-de-leap-de-st-jean-baptiste-du14-juin-2023\/#primaryimage","url":"https:\/\/charente.catholique.fr\/grand-angouleme\/wp-content\/uploads\/sites\/2\/2020\/09\/vitraux-1.jpg","contentUrl":"https:\/\/charente.catholique.fr\/grand-angouleme\/wp-content\/uploads\/sites\/2\/2020\/09\/vitraux-1.jpg","width":1602,"height":277},{"@type":"BreadcrumbList","@id":"https:\/\/charente.catholique.fr\/grand-angouleme\/actualites\/echo-de-leap-de-st-jean-baptiste-du14-juin-2023\/#breadcrumb","itemListElement":[{"@type":"ListItem","position":1,"name":"Accueil","item":"https:\/\/charente.catholique.fr\/grand-angouleme\/"},{"@type":"ListItem","position":2,"name":"Echo de l&#8217;EAP de St Jean Baptiste du14 juin 2023"}]},{"@type":"WebSite","@id":"https:\/\/charente.catholique.fr\/grand-angouleme\/#website","url":"https:\/\/charente.catholique.fr\/grand-angouleme\/","name":"Doyenn\u00e9 Grand Angoul\u00eame - Dioc\u00e8se d'Angoul\u00eame","description":"Dioc\u00e8se d&#039;Angoul\u00eame","publisher":{"@id":"https:\/\/charente.catholique.fr\/grand-angouleme\/#organization"},"potentialAction":[{"@type":"SearchAction","target":{"@type":"EntryPoint","urlTemplate":"https:\/\/charente.catholique.fr\/grand-angouleme\/?s={search_term_string}"},"query-input":{"@type":"PropertyValueSpecification","valueRequired":true,"valueName":"search_term_string"}}],"inLanguage":"fr-FR"},{"@type":"Organization","@id":"https:\/\/charente.catholique.fr\/grand-angouleme\/#organization","name":"Association Dioc\u00e9saine d'Angoul\u00eame","url":"https:\/\/charente.catholique.fr\/grand-angouleme\/","logo":{"@type":"ImageObject","inLanguage":"fr-FR","@id":"https:\/\/charente.catholique.fr\/grand-angouleme\/#\/schema\/logo\/image\/","url":"https:\/\/charente.catholique.fr\/grand-angouleme\/wp-content\/uploads\/sites\/2\/2020\/10\/logos.png","contentUrl":"https:\/\/charente.catholique.fr\/grand-angouleme\/wp-content\/uploads\/sites\/2\/2020\/10\/logos.png","width":600,"height":257,"caption":"Association Dioc\u00e9saine d'Angoul\u00eame"},"image":{"@id":"https:\/\/charente.catholique.fr\/grand-angouleme\/#\/schema\/logo\/image\/"},"sameAs":["https:\/\/www.facebook.com\/EgliseCatholiqueCharente","https:\/\/x.com\/diocesecharente","https:\/\/www.instagram.com\/eglisecharente","https:\/\/www.youtube.com\/channel\/UCByyFWApZbw3gDTiADoiAaQ"]},{"@type":"Person","@id":"https:\/\/charente.catholique.fr\/grand-angouleme\/#\/schema\/person\/b12f449504ff2da4d633df0f02abf9ee","name":"B\u00e9atrice Saint-P\u00e9","image":{"@type":"ImageObject","inLanguage":"fr-FR","@id":"https:\/\/charente.catholique.fr\/grand-angouleme\/#\/schema\/person\/image\/","url":"https:\/\/secure.gravatar.com\/avatar\/0493ed83685d630b019670a73a3a663bebc1c98f6ebcb0b57c8fd12fe86c0c3d?s=96&d=mm&r=g","contentUrl":"https:\/\/secure.gravatar.com\/avatar\/0493ed83685d630b019670a73a3a663bebc1c98f6ebcb0b57c8fd12fe86c0c3d?s=96&d=mm&r=g","caption":"B\u00e9atrice Saint-P\u00e9"},"url":"https:\/\/charente.catholique.fr\/grand-angouleme\/author\/beatricesaintpe\/"}]}},"_links":{"self":[{"href":"https:\/\/charente.catholique.fr\/grand-angouleme\/wp-json\/wp\/v2\/posts\/21336","targetHints":{"allow":["GET"]}}],"collection":[{"href":"https:\/\/charente.catholique.fr\/grand-angouleme\/wp-json\/wp\/v2\/posts"}],"about":[{"href":"https:\/\/charente.catholique.fr\/grand-angouleme\/wp-json\/wp\/v2\/types\/post"}],"author":[{"embeddable":true,"href":"https:\/\/charente.catholique.fr\/grand-angouleme\/wp-json\/wp\/v2\/users\/5"}],"replies":[{"embeddable":true,"href":"https:\/\/charente.catholique.fr\/grand-angouleme\/wp-json\/wp\/v2\/comments?post=21336"}],"version-history":[{"count":3,"href":"https:\/\/charente.catholique.fr\/grand-angouleme\/wp-json\/wp\/v2\/posts\/21336\/revisions"}],"predecessor-version":[{"id":21339,"href":"https:\/\/charente.catholique.fr\/grand-angouleme\/wp-json\/wp\/v2\/posts\/21336\/revisions\/21339"}],"wp:featuredmedia":[{"embeddable":true,"href":"https:\/\/charente.catholique.fr\/grand-angouleme\/wp-json\/wp\/v2\/media\/1943"}],"wp:attachment":[{"href":"https:\/\/charente.catholique.fr\/grand-angouleme\/wp-json\/wp\/v2\/media?parent=21336"}],"wp:term":[{"taxonomy":"category","embeddable":true,"href":"https:\/\/charente.catholique.fr\/grand-angouleme\/wp-json\/wp\/v2\/categories?post=21336"},{"taxonomy":"post_tag","embeddable":true,"href":"https:\/\/charente.catholique.fr\/grand-angouleme\/wp-json\/wp\/v2\/tags?post=21336"}],"curies":[{"name":"wp","href":"https:\/\/api.w.org\/{rel}","templated":true}]}}