{"id":21319,"date":"2023-07-03T05:12:54","date_gmt":"2023-07-03T03:12:54","guid":{"rendered":"https:\/\/charente.catholique.fr\/grand-angouleme\/?p=21319"},"modified":"2023-07-04T21:40:04","modified_gmt":"2023-07-04T19:40:04","slug":"court-extrait-de-lhomelie-du-p-denis-trinez-pour-le-13eme-dimanche-du-to-a","status":"publish","type":"post","link":"https:\/\/charente.catholique.fr\/grand-angouleme\/actualites\/court-extrait-de-lhomelie-du-p-denis-trinez-pour-le-13eme-dimanche-du-to-a\/","title":{"rendered":"Court extrait de l&#8217;hom\u00e9lie du P. Denis Trinez pour le 13\u00e8me dimanche du TO A"},"content":{"rendered":"\n<h4 class=\"wp-block-heading\">Accueil<\/h4>\n\n\n\n<p>Une femme riche accueille le proph\u00e8te Elis\u00e9e gratuitement avec toute son humanit\u00e9 sans rien attendre en retour. <br>Elis\u00e9e appr\u00e9cie ce geste, cette invitation et cherche \u00e0 donner une r\u00e9ciprocit\u00e9 \u00e0 cette hospitalit\u00e9 gratuite.<br>Le Seigneur aime aussi nous donner la joie en r\u00e9ponse de nos gestes gratuits.<\/p>\n\n\n\n<p>Paul, en vrai disciple militant du Christ nous met devant nos responsabilit\u00e9s de baptis\u00e9s car par notre bapt\u00eame une vie nouvelle s&#8217;est ouverte \u00e0 nous. Et nous d\u00e9couvrons que J\u00e9sus tout en \u00e9tant en \u00e9troite relation avec son P\u00e8re nous demande de regarder au del\u00e0 de notre ligne de confort pour accueillir cette \u00e9troite relation avec Lui et\u00a0 le P\u00e8re.<\/p>\n\n\n\n<p>Relation fondatrice envers toutes nos relations humaines.<\/p>\n\n\n\n<h4 class=\"has-text-align-left wp-block-heading\">P.U.<\/h4>\n\n\n\n<p>Apprends- nous Seigneur \u00e0 savoir ouvrir notre porte pour recevoir et accueillir m\u00eame quand nous n&#8217;avons pas le temps.<br><br>Merci Seigneur pour toutes les fois o\u00f9 nous te sommes fid\u00e8les dans la relation avec nos fr\u00e8res et s\u0153urs en humanit\u00e9.<\/p>\n\n\n\n<h4 class=\"wp-block-heading\"><a href=\"https:\/\/www.aelf.org\/2023-07-02\/romain\/messe\">Lectures du jour<\/a><\/h4>\n\n\n\n<h4 class=\"wp-block-heading\">Court extrait de l&#8217;hom\u00e9lie du P. Denis <\/h4>\n\n\n\n<figure class=\"wp-block-embed is-type-video is-provider-youtube wp-block-embed-youtube wp-embed-aspect-4-3 wp-has-aspect-ratio\"><div class=\"wp-block-embed__wrapper\">\n<iframe loading=\"lazy\" title=\"court extrait de l&#039;hom\u00e9lie du p\u00e8re Denis Trinez pour le 13\u00e8me dimanche de l&#039;ann\u00e9e A\" width=\"500\" height=\"375\" src=\"https:\/\/www.youtube.com\/embed\/FCWRDKi3LGc?feature=oembed\" frameborder=\"0\" allow=\"accelerometer; autoplay; clipboard-write; encrypted-media; gyroscope; picture-in-picture; web-share\" referrerpolicy=\"strict-origin-when-cross-origin\" allowfullscreen><\/iframe>\n<\/div><\/figure>\n\n\n\n<h4 class=\"wp-block-heading\">Action de Gr\u00e2ces pour les 40 ans de sacerdoce du P. Joseph<\/h4>\n\n\n\n<figure class=\"wp-block-image size-full\"><img loading=\"lazy\" decoding=\"async\" width=\"768\" height=\"1024\" src=\"https:\/\/charente.catholique.fr\/grand-angouleme\/wp-content\/uploads\/sites\/2\/2023\/07\/9DF96FB4-A73D-428B-8ABC-767DA87DA030.jpeg\" alt=\"\" class=\"wp-image-21323\" srcset=\"https:\/\/charente.catholique.fr\/grand-angouleme\/wp-content\/uploads\/sites\/2\/2023\/07\/9DF96FB4-A73D-428B-8ABC-767DA87DA030.jpeg 768w, https:\/\/charente.catholique.fr\/grand-angouleme\/wp-content\/uploads\/sites\/2\/2023\/07\/9DF96FB4-A73D-428B-8ABC-767DA87DA030-225x300.jpeg 225w\" sizes=\"auto, (max-width: 768px) 100vw, 768px\" \/><\/figure>\n\n\n\n<p class=\"has-medium-font-size\">Pour voir les photos cliquez <strong><a href=\"http:\/\/trinitaireangouleme.blogspot.com\/2023\/07\/action-de-graces-pour-les-40-ans.html?m=1\">ici<\/a><\/strong><\/p>\n","protected":false},"excerpt":{"rendered":"<p>Accueil Une femme riche accueille le proph\u00e8te Elis\u00e9e gratuitement avec toute son humanit\u00e9 sans rien attendre en retour. Elis\u00e9e appr\u00e9cie ce geste, cette invitation et cherche \u00e0 donner une r\u00e9ciprocit\u00e9 \u00e0 cette hospitalit\u00e9 gratuite.Le Seigneur aime aussi nous donner la joie en r\u00e9ponse de nos gestes gratuits. Paul, en vrai disciple militant du Christ nous [&hellip;]<\/p>\n","protected":false},"author":22,"featured_media":21320,"comment_status":"open","ping_status":"open","sticky":false,"template":"","format":"standard","meta":{"_acf_changed":false,"paroisse":["0"],"service":["0"],"footnotes":""},"categories":[1],"tags":[],"class_list":["post-21319","post","type-post","status-publish","format-standard","has-post-thumbnail","hentry","category-actualites"],"acf":[],"yoast_head":"<!-- This site is optimized with the Yoast SEO plugin v27.1.1 - https:\/\/yoast.com\/product\/yoast-seo-wordpress\/ -->\n<title>Court extrait de l&#039;hom\u00e9lie du P. Denis Trinez pour le 13\u00e8me dimanche du TO A - Doyenn\u00e9 Grand Angoul\u00eame<\/title>\n<meta name=\"robots\" content=\"index, follow, max-snippet:-1, max-image-preview:large, max-video-preview:-1\" \/>\n<link rel=\"canonical\" href=\"https:\/\/charente.catholique.fr\/grand-angouleme\/actualites\/court-extrait-de-lhomelie-du-p-denis-trinez-pour-le-13eme-dimanche-du-to-a\/\" \/>\n<meta property=\"og:locale\" content=\"fr_FR\" \/>\n<meta property=\"og:type\" content=\"article\" \/>\n<meta property=\"og:title\" content=\"Court extrait de l&#039;hom\u00e9lie du P. Denis Trinez pour le 13\u00e8me dimanche du TO A - Doyenn\u00e9 Grand Angoul\u00eame\" \/>\n<meta property=\"og:description\" content=\"Accueil Une femme riche accueille le proph\u00e8te Elis\u00e9e gratuitement avec toute son humanit\u00e9 sans rien attendre en retour. Elis\u00e9e appr\u00e9cie ce geste, cette invitation et cherche \u00e0 donner une r\u00e9ciprocit\u00e9 \u00e0 cette hospitalit\u00e9 gratuite.Le Seigneur aime aussi nous donner la joie en r\u00e9ponse de nos gestes gratuits. Paul, en vrai disciple militant du Christ nous [&hellip;]\" \/>\n<meta property=\"og:url\" content=\"https:\/\/charente.catholique.fr\/grand-angouleme\/actualites\/court-extrait-de-lhomelie-du-p-denis-trinez-pour-le-13eme-dimanche-du-to-a\/\" \/>\n<meta property=\"og:site_name\" content=\"Doyenn\u00e9 Grand Angoul\u00eame\" \/>\n<meta property=\"article:publisher\" content=\"https:\/\/www.facebook.com\/EgliseCatholiqueCharente\" \/>\n<meta property=\"article:published_time\" content=\"2023-07-03T03:12:54+00:00\" \/>\n<meta property=\"article:modified_time\" content=\"2023-07-04T19:40:04+00:00\" \/>\n<meta property=\"og:image\" content=\"https:\/\/charente.catholique.fr\/grand-angouleme\/wp-content\/uploads\/sites\/2\/2023\/07\/20230703_051027.jpg\" \/>\n\t<meta property=\"og:image:width\" content=\"640\" \/>\n\t<meta property=\"og:image:height\" content=\"278\" \/>\n\t<meta property=\"og:image:type\" content=\"image\/jpeg\" \/>\n<meta name=\"author\" content=\"Janine Laborde\" \/>\n<meta name=\"twitter:card\" content=\"summary_large_image\" \/>\n<meta name=\"twitter:creator\" content=\"@diocesecharente\" \/>\n<meta name=\"twitter:site\" content=\"@diocesecharente\" \/>\n<meta name=\"twitter:label1\" content=\"\u00c9crit par\" \/>\n\t<meta name=\"twitter:data1\" content=\"Janine Laborde\" \/>\n\t<meta name=\"twitter:label2\" content=\"Dur\u00e9e de lecture estim\u00e9e\" \/>\n\t<meta name=\"twitter:data2\" content=\"2 minutes\" \/>\n<script type=\"application\/ld+json\" class=\"yoast-schema-graph\">{\"@context\":\"https:\/\/schema.org\",\"@graph\":[{\"@type\":\"Article\",\"@id\":\"https:\/\/charente.catholique.fr\/grand-angouleme\/actualites\/court-extrait-de-lhomelie-du-p-denis-trinez-pour-le-13eme-dimanche-du-to-a\/#article\",\"isPartOf\":{\"@id\":\"https:\/\/charente.catholique.fr\/grand-angouleme\/actualites\/court-extrait-de-lhomelie-du-p-denis-trinez-pour-le-13eme-dimanche-du-to-a\/\"},\"author\":{\"name\":\"Janine Laborde\",\"@id\":\"https:\/\/charente.catholique.fr\/grand-angouleme\/#\/schema\/person\/898f693d8a5f95b1bf02828f73967b47\"},\"headline\":\"Court extrait de l&#8217;hom\u00e9lie du P. Denis Trinez pour le 13\u00e8me dimanche du TO A\",\"datePublished\":\"2023-07-03T03:12:54+00:00\",\"dateModified\":\"2023-07-04T19:40:04+00:00\",\"mainEntityOfPage\":{\"@id\":\"https:\/\/charente.catholique.fr\/grand-angouleme\/actualites\/court-extrait-de-lhomelie-du-p-denis-trinez-pour-le-13eme-dimanche-du-to-a\/\"},\"wordCount\":224,\"commentCount\":0,\"publisher\":{\"@id\":\"https:\/\/charente.catholique.fr\/grand-angouleme\/#organization\"},\"image\":{\"@id\":\"https:\/\/charente.catholique.fr\/grand-angouleme\/actualites\/court-extrait-de-lhomelie-du-p-denis-trinez-pour-le-13eme-dimanche-du-to-a\/#primaryimage\"},\"thumbnailUrl\":\"https:\/\/charente.catholique.fr\/grand-angouleme\/wp-content\/uploads\/sites\/2\/2023\/07\/20230703_051027.jpg\",\"articleSection\":[\"Actualit\u00e9s\"],\"inLanguage\":\"fr-FR\",\"potentialAction\":[{\"@type\":\"CommentAction\",\"name\":\"Comment\",\"target\":[\"https:\/\/charente.catholique.fr\/grand-angouleme\/actualites\/court-extrait-de-lhomelie-du-p-denis-trinez-pour-le-13eme-dimanche-du-to-a\/#respond\"]}]},{\"@type\":\"WebPage\",\"@id\":\"https:\/\/charente.catholique.fr\/grand-angouleme\/actualites\/court-extrait-de-lhomelie-du-p-denis-trinez-pour-le-13eme-dimanche-du-to-a\/\",\"url\":\"https:\/\/charente.catholique.fr\/grand-angouleme\/actualites\/court-extrait-de-lhomelie-du-p-denis-trinez-pour-le-13eme-dimanche-du-to-a\/\",\"name\":\"Court extrait de l'hom\u00e9lie du P. Denis Trinez pour le 13\u00e8me dimanche du TO A - Doyenn\u00e9 Grand Angoul\u00eame\",\"isPartOf\":{\"@id\":\"https:\/\/charente.catholique.fr\/grand-angouleme\/#website\"},\"primaryImageOfPage\":{\"@id\":\"https:\/\/charente.catholique.fr\/grand-angouleme\/actualites\/court-extrait-de-lhomelie-du-p-denis-trinez-pour-le-13eme-dimanche-du-to-a\/#primaryimage\"},\"image\":{\"@id\":\"https:\/\/charente.catholique.fr\/grand-angouleme\/actualites\/court-extrait-de-lhomelie-du-p-denis-trinez-pour-le-13eme-dimanche-du-to-a\/#primaryimage\"},\"thumbnailUrl\":\"https:\/\/charente.catholique.fr\/grand-angouleme\/wp-content\/uploads\/sites\/2\/2023\/07\/20230703_051027.jpg\",\"datePublished\":\"2023-07-03T03:12:54+00:00\",\"dateModified\":\"2023-07-04T19:40:04+00:00\",\"breadcrumb\":{\"@id\":\"https:\/\/charente.catholique.fr\/grand-angouleme\/actualites\/court-extrait-de-lhomelie-du-p-denis-trinez-pour-le-13eme-dimanche-du-to-a\/#breadcrumb\"},\"inLanguage\":\"fr-FR\",\"potentialAction\":[{\"@type\":\"ReadAction\",\"target\":[\"https:\/\/charente.catholique.fr\/grand-angouleme\/actualites\/court-extrait-de-lhomelie-du-p-denis-trinez-pour-le-13eme-dimanche-du-to-a\/\"]}]},{\"@type\":\"ImageObject\",\"inLanguage\":\"fr-FR\",\"@id\":\"https:\/\/charente.catholique.fr\/grand-angouleme\/actualites\/court-extrait-de-lhomelie-du-p-denis-trinez-pour-le-13eme-dimanche-du-to-a\/#primaryimage\",\"url\":\"https:\/\/charente.catholique.fr\/grand-angouleme\/wp-content\/uploads\/sites\/2\/2023\/07\/20230703_051027.jpg\",\"contentUrl\":\"https:\/\/charente.catholique.fr\/grand-angouleme\/wp-content\/uploads\/sites\/2\/2023\/07\/20230703_051027.jpg\",\"width\":640,\"height\":278},{\"@type\":\"BreadcrumbList\",\"@id\":\"https:\/\/charente.catholique.fr\/grand-angouleme\/actualites\/court-extrait-de-lhomelie-du-p-denis-trinez-pour-le-13eme-dimanche-du-to-a\/#breadcrumb\",\"itemListElement\":[{\"@type\":\"ListItem\",\"position\":1,\"name\":\"Accueil\",\"item\":\"https:\/\/charente.catholique.fr\/grand-angouleme\/\"},{\"@type\":\"ListItem\",\"position\":2,\"name\":\"Court extrait de l&#8217;hom\u00e9lie du P. Denis Trinez pour le 13\u00e8me dimanche du TO A\"}]},{\"@type\":\"WebSite\",\"@id\":\"https:\/\/charente.catholique.fr\/grand-angouleme\/#website\",\"url\":\"https:\/\/charente.catholique.fr\/grand-angouleme\/\",\"name\":\"Doyenn\u00e9 Grand Angoul\u00eame - Dioc\u00e8se d'Angoul\u00eame\",\"description\":\"Dioc\u00e8se d&#039;Angoul\u00eame\",\"publisher\":{\"@id\":\"https:\/\/charente.catholique.fr\/grand-angouleme\/#organization\"},\"potentialAction\":[{\"@type\":\"SearchAction\",\"target\":{\"@type\":\"EntryPoint\",\"urlTemplate\":\"https:\/\/charente.catholique.fr\/grand-angouleme\/?s={search_term_string}\"},\"query-input\":{\"@type\":\"PropertyValueSpecification\",\"valueRequired\":true,\"valueName\":\"search_term_string\"}}],\"inLanguage\":\"fr-FR\"},{\"@type\":\"Organization\",\"@id\":\"https:\/\/charente.catholique.fr\/grand-angouleme\/#organization\",\"name\":\"Association Dioc\u00e9saine d'Angoul\u00eame\",\"url\":\"https:\/\/charente.catholique.fr\/grand-angouleme\/\",\"logo\":{\"@type\":\"ImageObject\",\"inLanguage\":\"fr-FR\",\"@id\":\"https:\/\/charente.catholique.fr\/grand-angouleme\/#\/schema\/logo\/image\/\",\"url\":\"https:\/\/charente.catholique.fr\/grand-angouleme\/wp-content\/uploads\/sites\/2\/2020\/10\/logos.png\",\"contentUrl\":\"https:\/\/charente.catholique.fr\/grand-angouleme\/wp-content\/uploads\/sites\/2\/2020\/10\/logos.png\",\"width\":600,\"height\":257,\"caption\":\"Association Dioc\u00e9saine d'Angoul\u00eame\"},\"image\":{\"@id\":\"https:\/\/charente.catholique.fr\/grand-angouleme\/#\/schema\/logo\/image\/\"},\"sameAs\":[\"https:\/\/www.facebook.com\/EgliseCatholiqueCharente\",\"https:\/\/x.com\/diocesecharente\",\"https:\/\/www.instagram.com\/eglisecharente\",\"https:\/\/www.youtube.com\/channel\/UCByyFWApZbw3gDTiADoiAaQ\"]},{\"@type\":\"Person\",\"@id\":\"https:\/\/charente.catholique.fr\/grand-angouleme\/#\/schema\/person\/898f693d8a5f95b1bf02828f73967b47\",\"name\":\"Janine Laborde\",\"image\":{\"@type\":\"ImageObject\",\"inLanguage\":\"fr-FR\",\"@id\":\"https:\/\/charente.catholique.fr\/grand-angouleme\/#\/schema\/person\/image\/\",\"url\":\"https:\/\/secure.gravatar.com\/avatar\/a8f3185ff2f6cee7d79c60e904004ccb6107bdc3e38d176acfc1ee42b62a994e?s=96&d=mm&r=g\",\"contentUrl\":\"https:\/\/secure.gravatar.com\/avatar\/a8f3185ff2f6cee7d79c60e904004ccb6107bdc3e38d176acfc1ee42b62a994e?s=96&d=mm&r=g\",\"caption\":\"Janine Laborde\"},\"url\":\"https:\/\/charente.catholique.fr\/grand-angouleme\/author\/janinelaborde\/\"}]}<\/script>\n<!-- \/ Yoast SEO plugin. -->","yoast_head_json":{"title":"Court extrait de l'hom\u00e9lie du P. Denis Trinez pour le 13\u00e8me dimanche du TO A - Doyenn\u00e9 Grand Angoul\u00eame","robots":{"index":"index","follow":"follow","max-snippet":"max-snippet:-1","max-image-preview":"max-image-preview:large","max-video-preview":"max-video-preview:-1"},"canonical":"https:\/\/charente.catholique.fr\/grand-angouleme\/actualites\/court-extrait-de-lhomelie-du-p-denis-trinez-pour-le-13eme-dimanche-du-to-a\/","og_locale":"fr_FR","og_type":"article","og_title":"Court extrait de l'hom\u00e9lie du P. Denis Trinez pour le 13\u00e8me dimanche du TO A - Doyenn\u00e9 Grand Angoul\u00eame","og_description":"Accueil Une femme riche accueille le proph\u00e8te Elis\u00e9e gratuitement avec toute son humanit\u00e9 sans rien attendre en retour. Elis\u00e9e appr\u00e9cie ce geste, cette invitation et cherche \u00e0 donner une r\u00e9ciprocit\u00e9 \u00e0 cette hospitalit\u00e9 gratuite.Le Seigneur aime aussi nous donner la joie en r\u00e9ponse de nos gestes gratuits. Paul, en vrai disciple militant du Christ nous [&hellip;]","og_url":"https:\/\/charente.catholique.fr\/grand-angouleme\/actualites\/court-extrait-de-lhomelie-du-p-denis-trinez-pour-le-13eme-dimanche-du-to-a\/","og_site_name":"Doyenn\u00e9 Grand Angoul\u00eame","article_publisher":"https:\/\/www.facebook.com\/EgliseCatholiqueCharente","article_published_time":"2023-07-03T03:12:54+00:00","article_modified_time":"2023-07-04T19:40:04+00:00","og_image":[{"width":640,"height":278,"url":"https:\/\/charente.catholique.fr\/grand-angouleme\/wp-content\/uploads\/sites\/2\/2023\/07\/20230703_051027.jpg","type":"image\/jpeg"}],"author":"Janine Laborde","twitter_card":"summary_large_image","twitter_creator":"@diocesecharente","twitter_site":"@diocesecharente","twitter_misc":{"\u00c9crit par":"Janine Laborde","Dur\u00e9e de lecture estim\u00e9e":"2 minutes"},"schema":{"@context":"https:\/\/schema.org","@graph":[{"@type":"Article","@id":"https:\/\/charente.catholique.fr\/grand-angouleme\/actualites\/court-extrait-de-lhomelie-du-p-denis-trinez-pour-le-13eme-dimanche-du-to-a\/#article","isPartOf":{"@id":"https:\/\/charente.catholique.fr\/grand-angouleme\/actualites\/court-extrait-de-lhomelie-du-p-denis-trinez-pour-le-13eme-dimanche-du-to-a\/"},"author":{"name":"Janine Laborde","@id":"https:\/\/charente.catholique.fr\/grand-angouleme\/#\/schema\/person\/898f693d8a5f95b1bf02828f73967b47"},"headline":"Court extrait de l&#8217;hom\u00e9lie du P. Denis Trinez pour le 13\u00e8me dimanche du TO A","datePublished":"2023-07-03T03:12:54+00:00","dateModified":"2023-07-04T19:40:04+00:00","mainEntityOfPage":{"@id":"https:\/\/charente.catholique.fr\/grand-angouleme\/actualites\/court-extrait-de-lhomelie-du-p-denis-trinez-pour-le-13eme-dimanche-du-to-a\/"},"wordCount":224,"commentCount":0,"publisher":{"@id":"https:\/\/charente.catholique.fr\/grand-angouleme\/#organization"},"image":{"@id":"https:\/\/charente.catholique.fr\/grand-angouleme\/actualites\/court-extrait-de-lhomelie-du-p-denis-trinez-pour-le-13eme-dimanche-du-to-a\/#primaryimage"},"thumbnailUrl":"https:\/\/charente.catholique.fr\/grand-angouleme\/wp-content\/uploads\/sites\/2\/2023\/07\/20230703_051027.jpg","articleSection":["Actualit\u00e9s"],"inLanguage":"fr-FR","potentialAction":[{"@type":"CommentAction","name":"Comment","target":["https:\/\/charente.catholique.fr\/grand-angouleme\/actualites\/court-extrait-de-lhomelie-du-p-denis-trinez-pour-le-13eme-dimanche-du-to-a\/#respond"]}]},{"@type":"WebPage","@id":"https:\/\/charente.catholique.fr\/grand-angouleme\/actualites\/court-extrait-de-lhomelie-du-p-denis-trinez-pour-le-13eme-dimanche-du-to-a\/","url":"https:\/\/charente.catholique.fr\/grand-angouleme\/actualites\/court-extrait-de-lhomelie-du-p-denis-trinez-pour-le-13eme-dimanche-du-to-a\/","name":"Court extrait de l'hom\u00e9lie du P. Denis Trinez pour le 13\u00e8me dimanche du TO A - Doyenn\u00e9 Grand Angoul\u00eame","isPartOf":{"@id":"https:\/\/charente.catholique.fr\/grand-angouleme\/#website"},"primaryImageOfPage":{"@id":"https:\/\/charente.catholique.fr\/grand-angouleme\/actualites\/court-extrait-de-lhomelie-du-p-denis-trinez-pour-le-13eme-dimanche-du-to-a\/#primaryimage"},"image":{"@id":"https:\/\/charente.catholique.fr\/grand-angouleme\/actualites\/court-extrait-de-lhomelie-du-p-denis-trinez-pour-le-13eme-dimanche-du-to-a\/#primaryimage"},"thumbnailUrl":"https:\/\/charente.catholique.fr\/grand-angouleme\/wp-content\/uploads\/sites\/2\/2023\/07\/20230703_051027.jpg","datePublished":"2023-07-03T03:12:54+00:00","dateModified":"2023-07-04T19:40:04+00:00","breadcrumb":{"@id":"https:\/\/charente.catholique.fr\/grand-angouleme\/actualites\/court-extrait-de-lhomelie-du-p-denis-trinez-pour-le-13eme-dimanche-du-to-a\/#breadcrumb"},"inLanguage":"fr-FR","potentialAction":[{"@type":"ReadAction","target":["https:\/\/charente.catholique.fr\/grand-angouleme\/actualites\/court-extrait-de-lhomelie-du-p-denis-trinez-pour-le-13eme-dimanche-du-to-a\/"]}]},{"@type":"ImageObject","inLanguage":"fr-FR","@id":"https:\/\/charente.catholique.fr\/grand-angouleme\/actualites\/court-extrait-de-lhomelie-du-p-denis-trinez-pour-le-13eme-dimanche-du-to-a\/#primaryimage","url":"https:\/\/charente.catholique.fr\/grand-angouleme\/wp-content\/uploads\/sites\/2\/2023\/07\/20230703_051027.jpg","contentUrl":"https:\/\/charente.catholique.fr\/grand-angouleme\/wp-content\/uploads\/sites\/2\/2023\/07\/20230703_051027.jpg","width":640,"height":278},{"@type":"BreadcrumbList","@id":"https:\/\/charente.catholique.fr\/grand-angouleme\/actualites\/court-extrait-de-lhomelie-du-p-denis-trinez-pour-le-13eme-dimanche-du-to-a\/#breadcrumb","itemListElement":[{"@type":"ListItem","position":1,"name":"Accueil","item":"https:\/\/charente.catholique.fr\/grand-angouleme\/"},{"@type":"ListItem","position":2,"name":"Court extrait de l&#8217;hom\u00e9lie du P. Denis Trinez pour le 13\u00e8me dimanche du TO A"}]},{"@type":"WebSite","@id":"https:\/\/charente.catholique.fr\/grand-angouleme\/#website","url":"https:\/\/charente.catholique.fr\/grand-angouleme\/","name":"Doyenn\u00e9 Grand Angoul\u00eame - Dioc\u00e8se d'Angoul\u00eame","description":"Dioc\u00e8se d&#039;Angoul\u00eame","publisher":{"@id":"https:\/\/charente.catholique.fr\/grand-angouleme\/#organization"},"potentialAction":[{"@type":"SearchAction","target":{"@type":"EntryPoint","urlTemplate":"https:\/\/charente.catholique.fr\/grand-angouleme\/?s={search_term_string}"},"query-input":{"@type":"PropertyValueSpecification","valueRequired":true,"valueName":"search_term_string"}}],"inLanguage":"fr-FR"},{"@type":"Organization","@id":"https:\/\/charente.catholique.fr\/grand-angouleme\/#organization","name":"Association Dioc\u00e9saine d'Angoul\u00eame","url":"https:\/\/charente.catholique.fr\/grand-angouleme\/","logo":{"@type":"ImageObject","inLanguage":"fr-FR","@id":"https:\/\/charente.catholique.fr\/grand-angouleme\/#\/schema\/logo\/image\/","url":"https:\/\/charente.catholique.fr\/grand-angouleme\/wp-content\/uploads\/sites\/2\/2020\/10\/logos.png","contentUrl":"https:\/\/charente.catholique.fr\/grand-angouleme\/wp-content\/uploads\/sites\/2\/2020\/10\/logos.png","width":600,"height":257,"caption":"Association Dioc\u00e9saine d'Angoul\u00eame"},"image":{"@id":"https:\/\/charente.catholique.fr\/grand-angouleme\/#\/schema\/logo\/image\/"},"sameAs":["https:\/\/www.facebook.com\/EgliseCatholiqueCharente","https:\/\/x.com\/diocesecharente","https:\/\/www.instagram.com\/eglisecharente","https:\/\/www.youtube.com\/channel\/UCByyFWApZbw3gDTiADoiAaQ"]},{"@type":"Person","@id":"https:\/\/charente.catholique.fr\/grand-angouleme\/#\/schema\/person\/898f693d8a5f95b1bf02828f73967b47","name":"Janine Laborde","image":{"@type":"ImageObject","inLanguage":"fr-FR","@id":"https:\/\/charente.catholique.fr\/grand-angouleme\/#\/schema\/person\/image\/","url":"https:\/\/secure.gravatar.com\/avatar\/a8f3185ff2f6cee7d79c60e904004ccb6107bdc3e38d176acfc1ee42b62a994e?s=96&d=mm&r=g","contentUrl":"https:\/\/secure.gravatar.com\/avatar\/a8f3185ff2f6cee7d79c60e904004ccb6107bdc3e38d176acfc1ee42b62a994e?s=96&d=mm&r=g","caption":"Janine Laborde"},"url":"https:\/\/charente.catholique.fr\/grand-angouleme\/author\/janinelaborde\/"}]}},"_links":{"self":[{"href":"https:\/\/charente.catholique.fr\/grand-angouleme\/wp-json\/wp\/v2\/posts\/21319","targetHints":{"allow":["GET"]}}],"collection":[{"href":"https:\/\/charente.catholique.fr\/grand-angouleme\/wp-json\/wp\/v2\/posts"}],"about":[{"href":"https:\/\/charente.catholique.fr\/grand-angouleme\/wp-json\/wp\/v2\/types\/post"}],"author":[{"embeddable":true,"href":"https:\/\/charente.catholique.fr\/grand-angouleme\/wp-json\/wp\/v2\/users\/22"}],"replies":[{"embeddable":true,"href":"https:\/\/charente.catholique.fr\/grand-angouleme\/wp-json\/wp\/v2\/comments?post=21319"}],"version-history":[{"count":3,"href":"https:\/\/charente.catholique.fr\/grand-angouleme\/wp-json\/wp\/v2\/posts\/21319\/revisions"}],"predecessor-version":[{"id":21335,"href":"https:\/\/charente.catholique.fr\/grand-angouleme\/wp-json\/wp\/v2\/posts\/21319\/revisions\/21335"}],"wp:featuredmedia":[{"embeddable":true,"href":"https:\/\/charente.catholique.fr\/grand-angouleme\/wp-json\/wp\/v2\/media\/21320"}],"wp:attachment":[{"href":"https:\/\/charente.catholique.fr\/grand-angouleme\/wp-json\/wp\/v2\/media?parent=21319"}],"wp:term":[{"taxonomy":"category","embeddable":true,"href":"https:\/\/charente.catholique.fr\/grand-angouleme\/wp-json\/wp\/v2\/categories?post=21319"},{"taxonomy":"post_tag","embeddable":true,"href":"https:\/\/charente.catholique.fr\/grand-angouleme\/wp-json\/wp\/v2\/tags?post=21319"}],"curies":[{"name":"wp","href":"https:\/\/api.w.org\/{rel}","templated":true}]}}