{"id":21118,"date":"2023-06-04T18:39:52","date_gmt":"2023-06-04T16:39:52","guid":{"rendered":"https:\/\/charente.catholique.fr\/grand-angouleme\/?p=21118"},"modified":"2023-06-04T18:39:55","modified_gmt":"2023-06-04T16:39:55","slug":"compte-rendu-inter-eap-du-24-mai-2023","status":"publish","type":"post","link":"https:\/\/charente.catholique.fr\/grand-angouleme\/actualites\/compte-rendu-inter-eap-du-24-mai-2023\/","title":{"rendered":"Compte rendu inter EAP du 24 mai 2023"},"content":{"rendered":"\n<h3 class=\"wp-block-heading\">Les \u00e9quipes d&#8217;animation pastorale se sont retrouv\u00e9es pour faire un bilan des rencontres du mois de mai et pr\u00e9parer les prochaines. La rencontre a commenc\u00e9 par un \u00e9change de nouvelles et un temps de pri\u00e8re propos\u00e9 par Christel.<\/h3>\n\n\n\n<p><\/p>\n\n\n\n<h5 class=\"wp-block-heading\"><strong>Ordre du<em> jour :<\/em><\/strong><\/h5>\n\n\n\n<ul class=\"wp-block-list\">\n<li>Retour conseil de doyenn\u00e9<\/li>\n\n\n\n<li>Retour sur la visite pastorale<\/li>\n\n\n\n<li>Sortie \u00e0 Aubeterre<\/li>\n\n\n\n<li>Journ\u00e9e de relecture \u00e0 Bassac<\/li>\n\n\n\n<li>Retour sur le temps forts du mois de mai<\/li>\n\n\n\n<li>Organisation de la Saint Vincent<\/li>\n<\/ul>\n\n\n\n<p>.<\/p>\n\n\n\n<h5 class=\"wp-block-heading\"><strong>Conseil de doyenn\u00e9<\/strong><\/h5>\n\n\n\n<p>Marie Claude Chabot et Christel Martel y ont particip\u00e9. Au cours de cette rencontre, Yolande Lallemand, animatrice de l\u2019aum\u00f4nerie de l\u2019Enseignement Public a fait part de son exp\u00e9rience : 15 jeunes, venant de diff\u00e9rentes paroisses y participent. Ils arrivent \u00e0 diff\u00e9rentes p\u00e9riodes de l\u2019ann\u00e9e et demandent le bapt\u00eame ou la premi\u00e8re communion. Il sont en recherche et les attentes sont diverses.<\/p>\n\n\n\n<p>Comment mieux accueillir ces jeunes au sein des paroisses ? Il serait utile de constituer un groupe de r\u00e9flexion et de formation au sein du doyenn\u00e9, pour essayer de mieux r\u00e9pondre \u00e0 leurs attentes et leur faire d\u00e9couvrir la pr\u00e9sence du Christ dans leur vie.<\/p>\n\n\n\n<p>Il est \u00e9galement propos\u00e9 de veiller, dans chaque paroisse, \u00e0 accompagner les jeunes qui assistent \u00e0 une c\u00e9l\u00e9bration en dehors de leur groupe, afin de les guider dans la liturgie et \u00e9viter l\u2019isolement.<\/p>\n\n\n\n<p>Le groupe pr\u00e9sent \u00e0 St Pierre Auma\u00eetre au moment de l\u2019Assembl\u00e9e Paroissiale et de la messe de cl\u00f4ture de la Visite Pastorale, a \u00e9t\u00e9 tr\u00e8s heureux de l\u2019accueil qui lui a \u00e9t\u00e9 r\u00e9serv\u00e9.<\/p>\n\n\n\n<p>Il n\u2019y aura pas de messe de rentr\u00e9e du doyenn\u00e9, chaque paroisse organisant une c\u00e9l\u00e9bration \u00e0 la date qui lui convient. Un rassemblement festif est envisag\u00e9 en 2024.<\/p>\n\n\n\n<p>La prochaine r\u00e9union est pr\u00e9vue le 19 octobre. Une r\u00e9union EAP aura lieu avant cette date afin de pr\u00e9parer l\u2019intervention des participants.<\/p>\n\n\n\n<h5 class=\"wp-block-heading\"><strong>Visite pastorale<\/strong><\/h5>\n\n\n\n<p>Nous n\u2019avons pas encore re\u00e7u de retour. Catherine Josselet promet un document d\u2019appr\u00e9ciation avant la date du 1er juillet.<\/p>\n\n\n\n<h5 class=\"wp-block-heading\"><strong>Vote des 13 et 14 mai<\/strong><\/h5>\n\n\n\n<p>Suite \u00e0 la consultation des deux communaut\u00e9s, le nom de Ste Jos\u00e9phine Bakhita a \u00e9t\u00e9 retenu et approuv\u00e9 par le dioc\u00e8se. Le choix de cette sainte va dans le sens de la diversit\u00e9 qui compose nos communaut\u00e9s et de la d\u00e9marche de rassemblement auquel elles aspirent.<\/p>\n\n\n\n<p>Au cours de la messe de rentr\u00e9e, le <strong>17 septembre,<\/strong> le doyen viendra installer notre nouvelle paroisse. La date de pr\u00e9paration pour cette c\u00e9l\u00e9bration est retenue : <strong>Mercredi 6 septembre \u00e0 19h \u00e0 St Pierre Auma\u00eetre.<\/strong><\/p>\n\n\n\n<p>Afin de rendre cette journ\u00e9e festive, il est envisag\u00e9 de proposer, \u00e0 la suite de la messe, un repas partag\u00e9 ainsi que des animations. Une prise de contact avec les africains de nos deux communaut\u00e9s est pr\u00e9vue. La date de pr\u00e9paration de ce temps festif : <strong>Mardi 5 septembre <\/strong><strong>\u00e0 <\/strong><strong>19h15 <\/strong><strong>\u00e0 <\/strong><strong>St Paul Ma Campagne.<\/strong><\/p>\n\n\n\n<h5 class=\"wp-block-heading\"><strong>Sortie \u00e0 Aubeterre<\/strong><\/h5>\n\n\n\n<p><strong>92 <\/strong>participants sont inscrits; ils se r\u00e9partiront dans le car (57 places) , dans deux mini bus de 9 places chacun et dans deux voitures particuli\u00e8res. Une \u00ab&nbsp;voiture balai&nbsp;\u00bb suppl\u00e9mentaire est pr\u00e9vue. La liste des participants est \u00e9tablie. Chaque membre de l\u2019EAP appellera la liste qui lui a \u00e9t\u00e9 attribu\u00e9e afin de pr\u00e9ciser les horaires et le lieu de d\u00e9part ainsi que les d\u00e9tails pratiques ( si\u00e8ge \u00e9ventuel, plaid de pique-nique\u2026).<\/p>\n\n\n\n<p><strong>D\u00e9part : 9h15 \u00e0 St Pierre Auma\u00eetre, 9h30 \u00e0 Ma Campagne.<\/strong><\/p>\n\n\n\n<p>Animation dans le bus :  Christel. Denis propose d\u2019animer les chants.<\/p>\n\n\n\n<p>La visite de l\u2019\u00e9glise d\u00e9butera imp\u00e9rativement \u00e0 <strong>11h 30.<\/strong> Christel va t\u00e9l\u00e9phoner \u00e0 la guide pour l\u2019informer du nombre de participants. La participation aux frais de la visite sera libre.<\/p>\n\n\n\n<p>Repas du chauffeur : 18\u20ac. Christel s\u2019en charge.<\/p>\n\n\n\n<p>Afin de cr\u00e9er un climat de convivialit\u00e9, l\u2019ap\u00e9ritif sera offert avant le repas (pas d\u2019alcool). Denis se charge de l\u2019achat de jus de fruits, bouteilles d\u2019eau, gobelets en carton et sacs poubelle. Au cours de l\u2019ap\u00e9ritif, un jeu sera propos\u00e9 par Christel ( noms tir\u00e9s au sort dans un chapeau).<\/p>\n\n\n\n<p>Apr\u00e8s le repas : possibilit\u00e9 de jeux sur place ou visite du vieux village pour ceux qui le souhaitent.<\/p>\n\n\n\n<p><strong>D<\/strong><strong>\u00e9<\/strong><strong>part : 16h30 <\/strong><strong>\u00e0 <\/strong><strong>l<\/strong><strong>\u2019<\/strong><strong>aire de pique nique.<\/strong><\/p>\n\n\n\n<h5 class=\"wp-block-heading\"><strong>Journ\u00e9e \u00e0 Bassac<\/strong><\/h5>\n\n\n\n<p>Cette journ\u00e9e rassemblera les deux EAP et proposera un temps de relecture de l\u2019ann\u00e9e \u00e9coul\u00e9e ainsi que le mode de fonctionnement et les projets pour celle \u00e0 venir.<\/p>\n\n\n\n<p>La salle est r\u00e9serv\u00e9e. Le repas se prendra dans un restaurant de St Simeux (20\u20ac \/pers.).<\/p>\n\n\n\n<p>D\u00e9part le 1er juillet : <strong>9h30 \u00e0 St Pierre Auma\u00eetre.<\/strong><\/p>\n\n\n\n<h5 class=\"wp-block-heading\"><strong>Temps forts du mois de mai<\/strong><\/h5>\n\n\n\n<p><em>Rassemblement de la Pastorale Familiale :<\/em> <br>La journ\u00e9e \u00e9tait organis\u00e9e autour du th\u00e8me \u00ab\u00a0Laudato Si\u00a0\u00bb. Bruno y a particip\u00e9 et nous a fait part de son ressenti.<\/p>\n\n\n\n<p><em>Les d\u00e9ambulations mystiques : <\/em><br>\u00ab&nbsp;Comment l\u2019Art et la M\u00e9ditation peuvent aborder la question de la fin de vie&nbsp;\u00bb ont \u00e9t\u00e9 tr\u00e8s appr\u00e9ci\u00e9e autant sur la forme que sur le fond de la d\u00e9marche.<\/p>\n\n\n\n<p><em>Le temps de pri\u00e8re inter religieux :<\/em> <br>A l\u2019occasion de la journ\u00e9e de lutte contre l\u2019homophobie ce temps a \u00e9t\u00e9 un moment de fraternit\u00e9 et de tol\u00e9rance dans une ambiance recueillie et chaleureuse. Diff\u00e9rentes religions se sont c\u00f4toy\u00e9es : Chr\u00e9tienne, Juive, Musulmane. Ce temps de pri\u00e8re a \u00e9t\u00e9 suivi d\u2019un \u00e9change spontan\u00e9 entre les personnes pr\u00e9sentes.<\/p>\n\n\n\n<p><em>Initiation \u00e0 la m\u00e9ditation :<\/em> <br>80 personnes ont particip\u00e9. La pr\u00e9sentation \u00e9tait vivante et fraternelle. Genevi\u00e8ve nous a fait part de sa rencontre avec le groupei de Poitiers et en a d\u00e9taill\u00e9 le fonctionnement. Elle a appr\u00e9ci\u00e9 l\u2019accueil chaleureux qui lui a \u00e9t\u00e9 r\u00e9serv\u00e9.<\/p>\n\n\n\n<p>Il est envisag\u00e9 de constituer un groupe \u00e0 la rentr\u00e9e ce qui permettrait de r\u00e9pondre \u00e0 une attente de spiritualit\u00e9 et de proposer d\u2019accueillir le message du Christ d\u2019une autre mani\u00e8re (moins traditionnelle).<\/p>\n\n\n\n<h5 class=\"wp-block-heading\"><strong>Organisation de la Saint Vincent<\/strong><\/h5>\n\n\n\n<p>La municipalit\u00e9 de Puymoyen est d\u00e9sireuse d\u2019organiser une f\u00eate de la saint Vincent en lien avec la paroisse. La salle des f\u00eates n\u2019\u00e9tant pas disponible cette ann\u00e9e, il est envisag\u00e9 de reporter le repas pris en commun \u00e0 l\u2019an prochain en r\u00e9servant la salle suffisamment longtemps \u00e0 l\u2019avance. Toutefois, la messe et le concert de musique de chambre pr\u00e9vus le 1er octobre pourront avoir lieu. Marie Th\u00e9r\u00e8se reprend contact avec le maire pour envisager un ap\u00e9ritif \u00e0 la suite de la messe.<\/p>\n\n\n\n<p>Denis appellera le maire pour lui pr\u00e9ciser nos souhaits et trouver un accord sur l\u2019organisation. Il est envisag\u00e9 de constituer un petit comit\u00e9 des f\u00eates en lien avec la municipalit\u00e9 afin d\u2019harmoniser le d\u00e9roulement de cette f\u00eate l\u2019an prochain.<\/p>\n\n\n\n<h5 class=\"wp-block-heading\"><strong>Mieux diffuser les infos :<\/strong><\/h5>\n\n\n\n<p>Genevi\u00e8ve propose que la feuille d\u2019infos paraisse syst\u00e9matiquement sur le site&nbsp;\u00ab&nbsp;Coronaliens&nbsp;\u00bb afin qu\u2019elle soit diffus\u00e9e plus largement. Il est \u00e9galement \u00e9voqu\u00e9 de modifier l\u2019appellation de ce site (\u00e0 \u00e9tudier).<\/p>\n\n\n\n<h5 class=\"wp-block-heading\"><strong>Date de la prochaine EAP<\/strong><\/h5>\n\n\n\n<p>Elle sera d\u00e9finie au cours de la rencontre du 1er juillet.<\/p>\n","protected":false},"excerpt":{"rendered":"<p>Les \u00e9quipes d&#8217;animation pastorale se sont retrouv\u00e9es pour faire un bilan des rencontres du mois de mai et pr\u00e9parer les prochaines. La rencontre a commenc\u00e9 par un \u00e9change de nouvelles et un temps de pri\u00e8re propos\u00e9 par Christel. Ordre du jour : . Conseil de doyenn\u00e9 Marie Claude Chabot et Christel Martel y ont particip\u00e9. [&hellip;]<\/p>\n","protected":false},"author":5,"featured_media":5921,"comment_status":"open","ping_status":"open","sticky":false,"template":"","format":"standard","meta":{"_acf_changed":false,"paroisse":["0"],"service":["0"],"footnotes":""},"categories":[1,5],"tags":[],"class_list":["post-21118","post","type-post","status-publish","format-standard","has-post-thumbnail","hentry","category-actualites","category-ma-campagne-saint-jean-baptiste"],"acf":[],"yoast_head":"<!-- This site is optimized with the Yoast SEO plugin v27.1.1 - https:\/\/yoast.com\/product\/yoast-seo-wordpress\/ -->\n<title>Compte rendu inter EAP du 24 mai 2023 - Doyenn\u00e9 Grand Angoul\u00eame<\/title>\n<meta name=\"robots\" content=\"index, follow, max-snippet:-1, max-image-preview:large, max-video-preview:-1\" \/>\n<link rel=\"canonical\" href=\"https:\/\/charente.catholique.fr\/grand-angouleme\/actualites\/compte-rendu-inter-eap-du-24-mai-2023\/\" \/>\n<meta property=\"og:locale\" content=\"fr_FR\" \/>\n<meta property=\"og:type\" content=\"article\" \/>\n<meta property=\"og:title\" content=\"Compte rendu inter EAP du 24 mai 2023 - Doyenn\u00e9 Grand Angoul\u00eame\" \/>\n<meta property=\"og:description\" content=\"Les \u00e9quipes d&#8217;animation pastorale se sont retrouv\u00e9es pour faire un bilan des rencontres du mois de mai et pr\u00e9parer les prochaines. La rencontre a commenc\u00e9 par un \u00e9change de nouvelles et un temps de pri\u00e8re propos\u00e9 par Christel. Ordre du jour : . Conseil de doyenn\u00e9 Marie Claude Chabot et Christel Martel y ont particip\u00e9. [&hellip;]\" \/>\n<meta property=\"og:url\" content=\"https:\/\/charente.catholique.fr\/grand-angouleme\/actualites\/compte-rendu-inter-eap-du-24-mai-2023\/\" \/>\n<meta property=\"og:site_name\" content=\"Doyenn\u00e9 Grand Angoul\u00eame\" \/>\n<meta property=\"article:publisher\" content=\"https:\/\/www.facebook.com\/EgliseCatholiqueCharente\" \/>\n<meta property=\"article:published_time\" content=\"2023-06-04T16:39:52+00:00\" \/>\n<meta property=\"article:modified_time\" content=\"2023-06-04T16:39:55+00:00\" \/>\n<meta property=\"og:image\" content=\"https:\/\/charente.catholique.fr\/grand-angouleme\/wp-content\/uploads\/sites\/2\/2021\/06\/triptyque-1.jpg\" \/>\n\t<meta property=\"og:image:width\" content=\"1500\" \/>\n\t<meta property=\"og:image:height\" content=\"1059\" \/>\n\t<meta property=\"og:image:type\" content=\"image\/jpeg\" \/>\n<meta name=\"author\" content=\"B\u00e9atrice Saint-P\u00e9\" \/>\n<meta name=\"twitter:card\" content=\"summary_large_image\" \/>\n<meta name=\"twitter:creator\" content=\"@diocesecharente\" \/>\n<meta name=\"twitter:site\" content=\"@diocesecharente\" \/>\n<meta name=\"twitter:label1\" content=\"\u00c9crit par\" \/>\n\t<meta name=\"twitter:data1\" content=\"B\u00e9atrice Saint-P\u00e9\" \/>\n\t<meta name=\"twitter:label2\" content=\"Dur\u00e9e de lecture estim\u00e9e\" \/>\n\t<meta name=\"twitter:data2\" content=\"6 minutes\" \/>\n<script type=\"application\/ld+json\" class=\"yoast-schema-graph\">{\"@context\":\"https:\/\/schema.org\",\"@graph\":[{\"@type\":\"Article\",\"@id\":\"https:\/\/charente.catholique.fr\/grand-angouleme\/actualites\/compte-rendu-inter-eap-du-24-mai-2023\/#article\",\"isPartOf\":{\"@id\":\"https:\/\/charente.catholique.fr\/grand-angouleme\/actualites\/compte-rendu-inter-eap-du-24-mai-2023\/\"},\"author\":{\"name\":\"B\u00e9atrice Saint-P\u00e9\",\"@id\":\"https:\/\/charente.catholique.fr\/grand-angouleme\/#\/schema\/person\/b12f449504ff2da4d633df0f02abf9ee\"},\"headline\":\"Compte rendu inter EAP du 24 mai 2023\",\"datePublished\":\"2023-06-04T16:39:52+00:00\",\"dateModified\":\"2023-06-04T16:39:55+00:00\",\"mainEntityOfPage\":{\"@id\":\"https:\/\/charente.catholique.fr\/grand-angouleme\/actualites\/compte-rendu-inter-eap-du-24-mai-2023\/\"},\"wordCount\":1215,\"commentCount\":0,\"publisher\":{\"@id\":\"https:\/\/charente.catholique.fr\/grand-angouleme\/#organization\"},\"image\":{\"@id\":\"https:\/\/charente.catholique.fr\/grand-angouleme\/actualites\/compte-rendu-inter-eap-du-24-mai-2023\/#primaryimage\"},\"thumbnailUrl\":\"https:\/\/charente.catholique.fr\/grand-angouleme\/wp-content\/uploads\/sites\/2\/2021\/06\/triptyque-1.jpg\",\"articleSection\":[\"Actualit\u00e9s\",\"Ma Campagne - Saint Jean Baptiste\"],\"inLanguage\":\"fr-FR\",\"potentialAction\":[{\"@type\":\"CommentAction\",\"name\":\"Comment\",\"target\":[\"https:\/\/charente.catholique.fr\/grand-angouleme\/actualites\/compte-rendu-inter-eap-du-24-mai-2023\/#respond\"]}]},{\"@type\":\"WebPage\",\"@id\":\"https:\/\/charente.catholique.fr\/grand-angouleme\/actualites\/compte-rendu-inter-eap-du-24-mai-2023\/\",\"url\":\"https:\/\/charente.catholique.fr\/grand-angouleme\/actualites\/compte-rendu-inter-eap-du-24-mai-2023\/\",\"name\":\"Compte rendu inter EAP du 24 mai 2023 - Doyenn\u00e9 Grand Angoul\u00eame\",\"isPartOf\":{\"@id\":\"https:\/\/charente.catholique.fr\/grand-angouleme\/#website\"},\"primaryImageOfPage\":{\"@id\":\"https:\/\/charente.catholique.fr\/grand-angouleme\/actualites\/compte-rendu-inter-eap-du-24-mai-2023\/#primaryimage\"},\"image\":{\"@id\":\"https:\/\/charente.catholique.fr\/grand-angouleme\/actualites\/compte-rendu-inter-eap-du-24-mai-2023\/#primaryimage\"},\"thumbnailUrl\":\"https:\/\/charente.catholique.fr\/grand-angouleme\/wp-content\/uploads\/sites\/2\/2021\/06\/triptyque-1.jpg\",\"datePublished\":\"2023-06-04T16:39:52+00:00\",\"dateModified\":\"2023-06-04T16:39:55+00:00\",\"breadcrumb\":{\"@id\":\"https:\/\/charente.catholique.fr\/grand-angouleme\/actualites\/compte-rendu-inter-eap-du-24-mai-2023\/#breadcrumb\"},\"inLanguage\":\"fr-FR\",\"potentialAction\":[{\"@type\":\"ReadAction\",\"target\":[\"https:\/\/charente.catholique.fr\/grand-angouleme\/actualites\/compte-rendu-inter-eap-du-24-mai-2023\/\"]}]},{\"@type\":\"ImageObject\",\"inLanguage\":\"fr-FR\",\"@id\":\"https:\/\/charente.catholique.fr\/grand-angouleme\/actualites\/compte-rendu-inter-eap-du-24-mai-2023\/#primaryimage\",\"url\":\"https:\/\/charente.catholique.fr\/grand-angouleme\/wp-content\/uploads\/sites\/2\/2021\/06\/triptyque-1.jpg\",\"contentUrl\":\"https:\/\/charente.catholique.fr\/grand-angouleme\/wp-content\/uploads\/sites\/2\/2021\/06\/triptyque-1.jpg\",\"width\":1500,\"height\":1059},{\"@type\":\"BreadcrumbList\",\"@id\":\"https:\/\/charente.catholique.fr\/grand-angouleme\/actualites\/compte-rendu-inter-eap-du-24-mai-2023\/#breadcrumb\",\"itemListElement\":[{\"@type\":\"ListItem\",\"position\":1,\"name\":\"Accueil\",\"item\":\"https:\/\/charente.catholique.fr\/grand-angouleme\/\"},{\"@type\":\"ListItem\",\"position\":2,\"name\":\"Compte rendu inter EAP du 24 mai 2023\"}]},{\"@type\":\"WebSite\",\"@id\":\"https:\/\/charente.catholique.fr\/grand-angouleme\/#website\",\"url\":\"https:\/\/charente.catholique.fr\/grand-angouleme\/\",\"name\":\"Doyenn\u00e9 Grand Angoul\u00eame - Dioc\u00e8se d'Angoul\u00eame\",\"description\":\"Dioc\u00e8se d&#039;Angoul\u00eame\",\"publisher\":{\"@id\":\"https:\/\/charente.catholique.fr\/grand-angouleme\/#organization\"},\"potentialAction\":[{\"@type\":\"SearchAction\",\"target\":{\"@type\":\"EntryPoint\",\"urlTemplate\":\"https:\/\/charente.catholique.fr\/grand-angouleme\/?s={search_term_string}\"},\"query-input\":{\"@type\":\"PropertyValueSpecification\",\"valueRequired\":true,\"valueName\":\"search_term_string\"}}],\"inLanguage\":\"fr-FR\"},{\"@type\":\"Organization\",\"@id\":\"https:\/\/charente.catholique.fr\/grand-angouleme\/#organization\",\"name\":\"Association Dioc\u00e9saine d'Angoul\u00eame\",\"url\":\"https:\/\/charente.catholique.fr\/grand-angouleme\/\",\"logo\":{\"@type\":\"ImageObject\",\"inLanguage\":\"fr-FR\",\"@id\":\"https:\/\/charente.catholique.fr\/grand-angouleme\/#\/schema\/logo\/image\/\",\"url\":\"https:\/\/charente.catholique.fr\/grand-angouleme\/wp-content\/uploads\/sites\/2\/2020\/10\/logos.png\",\"contentUrl\":\"https:\/\/charente.catholique.fr\/grand-angouleme\/wp-content\/uploads\/sites\/2\/2020\/10\/logos.png\",\"width\":600,\"height\":257,\"caption\":\"Association Dioc\u00e9saine d'Angoul\u00eame\"},\"image\":{\"@id\":\"https:\/\/charente.catholique.fr\/grand-angouleme\/#\/schema\/logo\/image\/\"},\"sameAs\":[\"https:\/\/www.facebook.com\/EgliseCatholiqueCharente\",\"https:\/\/x.com\/diocesecharente\",\"https:\/\/www.instagram.com\/eglisecharente\",\"https:\/\/www.youtube.com\/channel\/UCByyFWApZbw3gDTiADoiAaQ\"]},{\"@type\":\"Person\",\"@id\":\"https:\/\/charente.catholique.fr\/grand-angouleme\/#\/schema\/person\/b12f449504ff2da4d633df0f02abf9ee\",\"name\":\"B\u00e9atrice Saint-P\u00e9\",\"image\":{\"@type\":\"ImageObject\",\"inLanguage\":\"fr-FR\",\"@id\":\"https:\/\/charente.catholique.fr\/grand-angouleme\/#\/schema\/person\/image\/\",\"url\":\"https:\/\/secure.gravatar.com\/avatar\/0493ed83685d630b019670a73a3a663bebc1c98f6ebcb0b57c8fd12fe86c0c3d?s=96&d=mm&r=g\",\"contentUrl\":\"https:\/\/secure.gravatar.com\/avatar\/0493ed83685d630b019670a73a3a663bebc1c98f6ebcb0b57c8fd12fe86c0c3d?s=96&d=mm&r=g\",\"caption\":\"B\u00e9atrice Saint-P\u00e9\"},\"url\":\"https:\/\/charente.catholique.fr\/grand-angouleme\/author\/beatricesaintpe\/\"}]}<\/script>\n<!-- \/ Yoast SEO plugin. -->","yoast_head_json":{"title":"Compte rendu inter EAP du 24 mai 2023 - Doyenn\u00e9 Grand Angoul\u00eame","robots":{"index":"index","follow":"follow","max-snippet":"max-snippet:-1","max-image-preview":"max-image-preview:large","max-video-preview":"max-video-preview:-1"},"canonical":"https:\/\/charente.catholique.fr\/grand-angouleme\/actualites\/compte-rendu-inter-eap-du-24-mai-2023\/","og_locale":"fr_FR","og_type":"article","og_title":"Compte rendu inter EAP du 24 mai 2023 - Doyenn\u00e9 Grand Angoul\u00eame","og_description":"Les \u00e9quipes d&#8217;animation pastorale se sont retrouv\u00e9es pour faire un bilan des rencontres du mois de mai et pr\u00e9parer les prochaines. La rencontre a commenc\u00e9 par un \u00e9change de nouvelles et un temps de pri\u00e8re propos\u00e9 par Christel. Ordre du jour : . Conseil de doyenn\u00e9 Marie Claude Chabot et Christel Martel y ont particip\u00e9. [&hellip;]","og_url":"https:\/\/charente.catholique.fr\/grand-angouleme\/actualites\/compte-rendu-inter-eap-du-24-mai-2023\/","og_site_name":"Doyenn\u00e9 Grand Angoul\u00eame","article_publisher":"https:\/\/www.facebook.com\/EgliseCatholiqueCharente","article_published_time":"2023-06-04T16:39:52+00:00","article_modified_time":"2023-06-04T16:39:55+00:00","og_image":[{"width":1500,"height":1059,"url":"https:\/\/charente.catholique.fr\/grand-angouleme\/wp-content\/uploads\/sites\/2\/2021\/06\/triptyque-1.jpg","type":"image\/jpeg"}],"author":"B\u00e9atrice Saint-P\u00e9","twitter_card":"summary_large_image","twitter_creator":"@diocesecharente","twitter_site":"@diocesecharente","twitter_misc":{"\u00c9crit par":"B\u00e9atrice Saint-P\u00e9","Dur\u00e9e de lecture estim\u00e9e":"6 minutes"},"schema":{"@context":"https:\/\/schema.org","@graph":[{"@type":"Article","@id":"https:\/\/charente.catholique.fr\/grand-angouleme\/actualites\/compte-rendu-inter-eap-du-24-mai-2023\/#article","isPartOf":{"@id":"https:\/\/charente.catholique.fr\/grand-angouleme\/actualites\/compte-rendu-inter-eap-du-24-mai-2023\/"},"author":{"name":"B\u00e9atrice Saint-P\u00e9","@id":"https:\/\/charente.catholique.fr\/grand-angouleme\/#\/schema\/person\/b12f449504ff2da4d633df0f02abf9ee"},"headline":"Compte rendu inter EAP du 24 mai 2023","datePublished":"2023-06-04T16:39:52+00:00","dateModified":"2023-06-04T16:39:55+00:00","mainEntityOfPage":{"@id":"https:\/\/charente.catholique.fr\/grand-angouleme\/actualites\/compte-rendu-inter-eap-du-24-mai-2023\/"},"wordCount":1215,"commentCount":0,"publisher":{"@id":"https:\/\/charente.catholique.fr\/grand-angouleme\/#organization"},"image":{"@id":"https:\/\/charente.catholique.fr\/grand-angouleme\/actualites\/compte-rendu-inter-eap-du-24-mai-2023\/#primaryimage"},"thumbnailUrl":"https:\/\/charente.catholique.fr\/grand-angouleme\/wp-content\/uploads\/sites\/2\/2021\/06\/triptyque-1.jpg","articleSection":["Actualit\u00e9s","Ma Campagne - Saint Jean Baptiste"],"inLanguage":"fr-FR","potentialAction":[{"@type":"CommentAction","name":"Comment","target":["https:\/\/charente.catholique.fr\/grand-angouleme\/actualites\/compte-rendu-inter-eap-du-24-mai-2023\/#respond"]}]},{"@type":"WebPage","@id":"https:\/\/charente.catholique.fr\/grand-angouleme\/actualites\/compte-rendu-inter-eap-du-24-mai-2023\/","url":"https:\/\/charente.catholique.fr\/grand-angouleme\/actualites\/compte-rendu-inter-eap-du-24-mai-2023\/","name":"Compte rendu inter EAP du 24 mai 2023 - Doyenn\u00e9 Grand Angoul\u00eame","isPartOf":{"@id":"https:\/\/charente.catholique.fr\/grand-angouleme\/#website"},"primaryImageOfPage":{"@id":"https:\/\/charente.catholique.fr\/grand-angouleme\/actualites\/compte-rendu-inter-eap-du-24-mai-2023\/#primaryimage"},"image":{"@id":"https:\/\/charente.catholique.fr\/grand-angouleme\/actualites\/compte-rendu-inter-eap-du-24-mai-2023\/#primaryimage"},"thumbnailUrl":"https:\/\/charente.catholique.fr\/grand-angouleme\/wp-content\/uploads\/sites\/2\/2021\/06\/triptyque-1.jpg","datePublished":"2023-06-04T16:39:52+00:00","dateModified":"2023-06-04T16:39:55+00:00","breadcrumb":{"@id":"https:\/\/charente.catholique.fr\/grand-angouleme\/actualites\/compte-rendu-inter-eap-du-24-mai-2023\/#breadcrumb"},"inLanguage":"fr-FR","potentialAction":[{"@type":"ReadAction","target":["https:\/\/charente.catholique.fr\/grand-angouleme\/actualites\/compte-rendu-inter-eap-du-24-mai-2023\/"]}]},{"@type":"ImageObject","inLanguage":"fr-FR","@id":"https:\/\/charente.catholique.fr\/grand-angouleme\/actualites\/compte-rendu-inter-eap-du-24-mai-2023\/#primaryimage","url":"https:\/\/charente.catholique.fr\/grand-angouleme\/wp-content\/uploads\/sites\/2\/2021\/06\/triptyque-1.jpg","contentUrl":"https:\/\/charente.catholique.fr\/grand-angouleme\/wp-content\/uploads\/sites\/2\/2021\/06\/triptyque-1.jpg","width":1500,"height":1059},{"@type":"BreadcrumbList","@id":"https:\/\/charente.catholique.fr\/grand-angouleme\/actualites\/compte-rendu-inter-eap-du-24-mai-2023\/#breadcrumb","itemListElement":[{"@type":"ListItem","position":1,"name":"Accueil","item":"https:\/\/charente.catholique.fr\/grand-angouleme\/"},{"@type":"ListItem","position":2,"name":"Compte rendu inter EAP du 24 mai 2023"}]},{"@type":"WebSite","@id":"https:\/\/charente.catholique.fr\/grand-angouleme\/#website","url":"https:\/\/charente.catholique.fr\/grand-angouleme\/","name":"Doyenn\u00e9 Grand Angoul\u00eame - Dioc\u00e8se d'Angoul\u00eame","description":"Dioc\u00e8se d&#039;Angoul\u00eame","publisher":{"@id":"https:\/\/charente.catholique.fr\/grand-angouleme\/#organization"},"potentialAction":[{"@type":"SearchAction","target":{"@type":"EntryPoint","urlTemplate":"https:\/\/charente.catholique.fr\/grand-angouleme\/?s={search_term_string}"},"query-input":{"@type":"PropertyValueSpecification","valueRequired":true,"valueName":"search_term_string"}}],"inLanguage":"fr-FR"},{"@type":"Organization","@id":"https:\/\/charente.catholique.fr\/grand-angouleme\/#organization","name":"Association Dioc\u00e9saine d'Angoul\u00eame","url":"https:\/\/charente.catholique.fr\/grand-angouleme\/","logo":{"@type":"ImageObject","inLanguage":"fr-FR","@id":"https:\/\/charente.catholique.fr\/grand-angouleme\/#\/schema\/logo\/image\/","url":"https:\/\/charente.catholique.fr\/grand-angouleme\/wp-content\/uploads\/sites\/2\/2020\/10\/logos.png","contentUrl":"https:\/\/charente.catholique.fr\/grand-angouleme\/wp-content\/uploads\/sites\/2\/2020\/10\/logos.png","width":600,"height":257,"caption":"Association Dioc\u00e9saine d'Angoul\u00eame"},"image":{"@id":"https:\/\/charente.catholique.fr\/grand-angouleme\/#\/schema\/logo\/image\/"},"sameAs":["https:\/\/www.facebook.com\/EgliseCatholiqueCharente","https:\/\/x.com\/diocesecharente","https:\/\/www.instagram.com\/eglisecharente","https:\/\/www.youtube.com\/channel\/UCByyFWApZbw3gDTiADoiAaQ"]},{"@type":"Person","@id":"https:\/\/charente.catholique.fr\/grand-angouleme\/#\/schema\/person\/b12f449504ff2da4d633df0f02abf9ee","name":"B\u00e9atrice Saint-P\u00e9","image":{"@type":"ImageObject","inLanguage":"fr-FR","@id":"https:\/\/charente.catholique.fr\/grand-angouleme\/#\/schema\/person\/image\/","url":"https:\/\/secure.gravatar.com\/avatar\/0493ed83685d630b019670a73a3a663bebc1c98f6ebcb0b57c8fd12fe86c0c3d?s=96&d=mm&r=g","contentUrl":"https:\/\/secure.gravatar.com\/avatar\/0493ed83685d630b019670a73a3a663bebc1c98f6ebcb0b57c8fd12fe86c0c3d?s=96&d=mm&r=g","caption":"B\u00e9atrice Saint-P\u00e9"},"url":"https:\/\/charente.catholique.fr\/grand-angouleme\/author\/beatricesaintpe\/"}]}},"_links":{"self":[{"href":"https:\/\/charente.catholique.fr\/grand-angouleme\/wp-json\/wp\/v2\/posts\/21118","targetHints":{"allow":["GET"]}}],"collection":[{"href":"https:\/\/charente.catholique.fr\/grand-angouleme\/wp-json\/wp\/v2\/posts"}],"about":[{"href":"https:\/\/charente.catholique.fr\/grand-angouleme\/wp-json\/wp\/v2\/types\/post"}],"author":[{"embeddable":true,"href":"https:\/\/charente.catholique.fr\/grand-angouleme\/wp-json\/wp\/v2\/users\/5"}],"replies":[{"embeddable":true,"href":"https:\/\/charente.catholique.fr\/grand-angouleme\/wp-json\/wp\/v2\/comments?post=21118"}],"version-history":[{"count":4,"href":"https:\/\/charente.catholique.fr\/grand-angouleme\/wp-json\/wp\/v2\/posts\/21118\/revisions"}],"predecessor-version":[{"id":21159,"href":"https:\/\/charente.catholique.fr\/grand-angouleme\/wp-json\/wp\/v2\/posts\/21118\/revisions\/21159"}],"wp:featuredmedia":[{"embeddable":true,"href":"https:\/\/charente.catholique.fr\/grand-angouleme\/wp-json\/wp\/v2\/media\/5921"}],"wp:attachment":[{"href":"https:\/\/charente.catholique.fr\/grand-angouleme\/wp-json\/wp\/v2\/media?parent=21118"}],"wp:term":[{"taxonomy":"category","embeddable":true,"href":"https:\/\/charente.catholique.fr\/grand-angouleme\/wp-json\/wp\/v2\/categories?post=21118"},{"taxonomy":"post_tag","embeddable":true,"href":"https:\/\/charente.catholique.fr\/grand-angouleme\/wp-json\/wp\/v2\/tags?post=21118"}],"curies":[{"name":"wp","href":"https:\/\/api.w.org\/{rel}","templated":true}]}}