{"id":21010,"date":"2023-05-19T16:31:55","date_gmt":"2023-05-19T14:31:55","guid":{"rendered":"https:\/\/charente.catholique.fr\/grand-angouleme\/?p=21010"},"modified":"2023-05-19T16:33:02","modified_gmt":"2023-05-19T14:33:02","slug":"journee-mondiale-de-lutte-contre-lhomophobie","status":"publish","type":"post","link":"https:\/\/charente.catholique.fr\/grand-angouleme\/actualites\/journee-mondiale-de-lutte-contre-lhomophobie\/","title":{"rendered":"Journ\u00e9e mondiale de lutte contre l&#8217;homophobie"},"content":{"rendered":"\n<h2 class=\"wp-block-heading\">Le 17 mai 2023, journ\u00e9e mondiale de lutte contre l&#8217;homophobie c&#8217;est v\u00e9cu \u00c0 L&#8217;\u00c9GLISE SAINT-PAUL DE MA CAMPAGNE Un tr\u00e8s beau et paisible temps de pri\u00e8re \u0153cum\u00e9nique et inter-religieux <\/h2>\n\n\n\n<figure class=\"wp-block-gallery has-nested-images columns-default is-cropped wp-block-gallery-1 is-layout-flex wp-block-gallery-is-layout-flex\">\n<figure class=\"wp-block-image size-large\"><img loading=\"lazy\" decoding=\"async\" width=\"938\" height=\"1080\" data-id=\"21015\" src=\"https:\/\/charente.catholique.fr\/grand-angouleme\/wp-content\/uploads\/sites\/2\/2023\/05\/1_4F99CECA-2CF8-4DB3-8712-944241CF0055-938x1080.jpeg\" alt=\"\" class=\"wp-image-21015\" srcset=\"https:\/\/charente.catholique.fr\/grand-angouleme\/wp-content\/uploads\/sites\/2\/2023\/05\/1_4F99CECA-2CF8-4DB3-8712-944241CF0055-938x1080.jpeg 938w, https:\/\/charente.catholique.fr\/grand-angouleme\/wp-content\/uploads\/sites\/2\/2023\/05\/1_4F99CECA-2CF8-4DB3-8712-944241CF0055-261x300.jpeg 261w, https:\/\/charente.catholique.fr\/grand-angouleme\/wp-content\/uploads\/sites\/2\/2023\/05\/1_4F99CECA-2CF8-4DB3-8712-944241CF0055-768x884.jpeg 768w, https:\/\/charente.catholique.fr\/grand-angouleme\/wp-content\/uploads\/sites\/2\/2023\/05\/1_4F99CECA-2CF8-4DB3-8712-944241CF0055.jpeg 1059w\" sizes=\"auto, (max-width: 938px) 100vw, 938px\" \/><\/figure>\n\n\n\n<figure class=\"wp-block-image size-large\"><img loading=\"lazy\" decoding=\"async\" width=\"580\" height=\"464\" data-id=\"21014\" src=\"https:\/\/charente.catholique.fr\/grand-angouleme\/wp-content\/uploads\/sites\/2\/2023\/05\/2_452BBD86-37BD-4739-A6AD-AB4103331ED0.jpeg\" alt=\"\" class=\"wp-image-21014\" srcset=\"https:\/\/charente.catholique.fr\/grand-angouleme\/wp-content\/uploads\/sites\/2\/2023\/05\/2_452BBD86-37BD-4739-A6AD-AB4103331ED0.jpeg 580w, https:\/\/charente.catholique.fr\/grand-angouleme\/wp-content\/uploads\/sites\/2\/2023\/05\/2_452BBD86-37BD-4739-A6AD-AB4103331ED0-300x240.jpeg 300w\" sizes=\"auto, (max-width: 580px) 100vw, 580px\" \/><\/figure>\n\n\n\n<figure class=\"wp-block-image size-large\"><img loading=\"lazy\" decoding=\"async\" width=\"993\" height=\"1080\" data-id=\"21017\" src=\"https:\/\/charente.catholique.fr\/grand-angouleme\/wp-content\/uploads\/sites\/2\/2023\/05\/3_99B5CA9B-D2D3-4027-BA7E-50044F52D4CA-993x1080.jpeg\" alt=\"\" class=\"wp-image-21017\" srcset=\"https:\/\/charente.catholique.fr\/grand-angouleme\/wp-content\/uploads\/sites\/2\/2023\/05\/3_99B5CA9B-D2D3-4027-BA7E-50044F52D4CA-993x1080.jpeg 993w, https:\/\/charente.catholique.fr\/grand-angouleme\/wp-content\/uploads\/sites\/2\/2023\/05\/3_99B5CA9B-D2D3-4027-BA7E-50044F52D4CA-276x300.jpeg 276w, https:\/\/charente.catholique.fr\/grand-angouleme\/wp-content\/uploads\/sites\/2\/2023\/05\/3_99B5CA9B-D2D3-4027-BA7E-50044F52D4CA-768x836.jpeg 768w, https:\/\/charente.catholique.fr\/grand-angouleme\/wp-content\/uploads\/sites\/2\/2023\/05\/3_99B5CA9B-D2D3-4027-BA7E-50044F52D4CA.jpeg 1080w\" sizes=\"auto, (max-width: 993px) 100vw, 993px\" \/><\/figure>\n\n\n\n<figure class=\"wp-block-image size-large\"><img loading=\"lazy\" decoding=\"async\" width=\"614\" height=\"639\" data-id=\"21016\" src=\"https:\/\/charente.catholique.fr\/grand-angouleme\/wp-content\/uploads\/sites\/2\/2023\/05\/4_7F33D91A-6BA0-43AC-BAFA-7840E42E0C70.jpeg\" alt=\"\" class=\"wp-image-21016\" srcset=\"https:\/\/charente.catholique.fr\/grand-angouleme\/wp-content\/uploads\/sites\/2\/2023\/05\/4_7F33D91A-6BA0-43AC-BAFA-7840E42E0C70.jpeg 614w, https:\/\/charente.catholique.fr\/grand-angouleme\/wp-content\/uploads\/sites\/2\/2023\/05\/4_7F33D91A-6BA0-43AC-BAFA-7840E42E0C70-288x300.jpeg 288w\" sizes=\"auto, (max-width: 614px) 100vw, 614px\" \/><\/figure>\n\n\n\n<figure class=\"wp-block-image size-large\"><img loading=\"lazy\" decoding=\"async\" width=\"968\" height=\"1080\" data-id=\"21020\" src=\"https:\/\/charente.catholique.fr\/grand-angouleme\/wp-content\/uploads\/sites\/2\/2023\/05\/5_B0F844A1-BDFA-4AF9-AE22-C58A279713F2-968x1080.jpeg\" alt=\"\" class=\"wp-image-21020\" srcset=\"https:\/\/charente.catholique.fr\/grand-angouleme\/wp-content\/uploads\/sites\/2\/2023\/05\/5_B0F844A1-BDFA-4AF9-AE22-C58A279713F2-968x1080.jpeg 968w, https:\/\/charente.catholique.fr\/grand-angouleme\/wp-content\/uploads\/sites\/2\/2023\/05\/5_B0F844A1-BDFA-4AF9-AE22-C58A279713F2-269x300.jpeg 269w, https:\/\/charente.catholique.fr\/grand-angouleme\/wp-content\/uploads\/sites\/2\/2023\/05\/5_B0F844A1-BDFA-4AF9-AE22-C58A279713F2-768x857.jpeg 768w, https:\/\/charente.catholique.fr\/grand-angouleme\/wp-content\/uploads\/sites\/2\/2023\/05\/5_B0F844A1-BDFA-4AF9-AE22-C58A279713F2.jpeg 1080w\" sizes=\"auto, (max-width: 968px) 100vw, 968px\" \/><\/figure>\n\n\n\n<figure class=\"wp-block-image size-large\"><img loading=\"lazy\" decoding=\"async\" width=\"1022\" height=\"1080\" data-id=\"21018\" src=\"https:\/\/charente.catholique.fr\/grand-angouleme\/wp-content\/uploads\/sites\/2\/2023\/05\/6_86D550EF-37DF-4C8E-B9F5-161990BF25B9-1022x1080.jpeg\" alt=\"\" class=\"wp-image-21018\" srcset=\"https:\/\/charente.catholique.fr\/grand-angouleme\/wp-content\/uploads\/sites\/2\/2023\/05\/6_86D550EF-37DF-4C8E-B9F5-161990BF25B9-1022x1080.jpeg 1022w, https:\/\/charente.catholique.fr\/grand-angouleme\/wp-content\/uploads\/sites\/2\/2023\/05\/6_86D550EF-37DF-4C8E-B9F5-161990BF25B9-284x300.jpeg 284w, https:\/\/charente.catholique.fr\/grand-angouleme\/wp-content\/uploads\/sites\/2\/2023\/05\/6_86D550EF-37DF-4C8E-B9F5-161990BF25B9-768x812.jpeg 768w, https:\/\/charente.catholique.fr\/grand-angouleme\/wp-content\/uploads\/sites\/2\/2023\/05\/6_86D550EF-37DF-4C8E-B9F5-161990BF25B9.jpeg 1076w\" sizes=\"auto, (max-width: 1022px) 100vw, 1022px\" \/><\/figure>\n\n\n\n<figure class=\"wp-block-image size-large\"><img loading=\"lazy\" decoding=\"async\" width=\"1075\" height=\"790\" data-id=\"21019\" src=\"https:\/\/charente.catholique.fr\/grand-angouleme\/wp-content\/uploads\/sites\/2\/2023\/05\/7_3C0F1FB3-E197-4406-9563-6EF2CDB014A8.jpeg\" alt=\"\" class=\"wp-image-21019\" srcset=\"https:\/\/charente.catholique.fr\/grand-angouleme\/wp-content\/uploads\/sites\/2\/2023\/05\/7_3C0F1FB3-E197-4406-9563-6EF2CDB014A8.jpeg 1075w, https:\/\/charente.catholique.fr\/grand-angouleme\/wp-content\/uploads\/sites\/2\/2023\/05\/7_3C0F1FB3-E197-4406-9563-6EF2CDB014A8-300x220.jpeg 300w, https:\/\/charente.catholique.fr\/grand-angouleme\/wp-content\/uploads\/sites\/2\/2023\/05\/7_3C0F1FB3-E197-4406-9563-6EF2CDB014A8-768x564.jpeg 768w\" sizes=\"auto, (max-width: 1075px) 100vw, 1075px\" \/><\/figure>\n\n\n\n<figure class=\"wp-block-image size-large\"><img loading=\"lazy\" decoding=\"async\" width=\"827\" height=\"1080\" data-id=\"21025\" src=\"https:\/\/charente.catholique.fr\/grand-angouleme\/wp-content\/uploads\/sites\/2\/2023\/05\/8_12BA8A98-74A7-4DD2-9D8C-0CFE39E4FDB0_1_201_a-827x1080.jpeg\" alt=\"\" class=\"wp-image-21025\" srcset=\"https:\/\/charente.catholique.fr\/grand-angouleme\/wp-content\/uploads\/sites\/2\/2023\/05\/8_12BA8A98-74A7-4DD2-9D8C-0CFE39E4FDB0_1_201_a-827x1080.jpeg 827w, https:\/\/charente.catholique.fr\/grand-angouleme\/wp-content\/uploads\/sites\/2\/2023\/05\/8_12BA8A98-74A7-4DD2-9D8C-0CFE39E4FDB0_1_201_a-230x300.jpeg 230w, https:\/\/charente.catholique.fr\/grand-angouleme\/wp-content\/uploads\/sites\/2\/2023\/05\/8_12BA8A98-74A7-4DD2-9D8C-0CFE39E4FDB0_1_201_a-768x1003.jpeg 768w, https:\/\/charente.catholique.fr\/grand-angouleme\/wp-content\/uploads\/sites\/2\/2023\/05\/8_12BA8A98-74A7-4DD2-9D8C-0CFE39E4FDB0_1_201_a.jpeg 1080w\" sizes=\"auto, (max-width: 827px) 100vw, 827px\" \/><\/figure>\n\n\n\n<figure class=\"wp-block-image size-large\"><img loading=\"lazy\" decoding=\"async\" width=\"1006\" height=\"1080\" data-id=\"21024\" src=\"https:\/\/charente.catholique.fr\/grand-angouleme\/wp-content\/uploads\/sites\/2\/2023\/05\/9_7AF568A3-D118-432D-A2BD-493D09E557B9-1006x1080.jpeg\" alt=\"\" class=\"wp-image-21024\" srcset=\"https:\/\/charente.catholique.fr\/grand-angouleme\/wp-content\/uploads\/sites\/2\/2023\/05\/9_7AF568A3-D118-432D-A2BD-493D09E557B9-1006x1080.jpeg 1006w, https:\/\/charente.catholique.fr\/grand-angouleme\/wp-content\/uploads\/sites\/2\/2023\/05\/9_7AF568A3-D118-432D-A2BD-493D09E557B9-280x300.jpeg 280w, https:\/\/charente.catholique.fr\/grand-angouleme\/wp-content\/uploads\/sites\/2\/2023\/05\/9_7AF568A3-D118-432D-A2BD-493D09E557B9-768x824.jpeg 768w, https:\/\/charente.catholique.fr\/grand-angouleme\/wp-content\/uploads\/sites\/2\/2023\/05\/9_7AF568A3-D118-432D-A2BD-493D09E557B9.jpeg 1080w\" sizes=\"auto, (max-width: 1006px) 100vw, 1006px\" \/><\/figure>\n\n\n\n<figure class=\"wp-block-image size-large\"><img loading=\"lazy\" decoding=\"async\" width=\"965\" height=\"1080\" data-id=\"21022\" src=\"https:\/\/charente.catholique.fr\/grand-angouleme\/wp-content\/uploads\/sites\/2\/2023\/05\/10_2A8A1D53-FA48-4D5F-8EEC-8A43167CC33A_1_201_a-965x1080.jpeg\" alt=\"\" class=\"wp-image-21022\" srcset=\"https:\/\/charente.catholique.fr\/grand-angouleme\/wp-content\/uploads\/sites\/2\/2023\/05\/10_2A8A1D53-FA48-4D5F-8EEC-8A43167CC33A_1_201_a-965x1080.jpeg 965w, https:\/\/charente.catholique.fr\/grand-angouleme\/wp-content\/uploads\/sites\/2\/2023\/05\/10_2A8A1D53-FA48-4D5F-8EEC-8A43167CC33A_1_201_a-268x300.jpeg 268w, https:\/\/charente.catholique.fr\/grand-angouleme\/wp-content\/uploads\/sites\/2\/2023\/05\/10_2A8A1D53-FA48-4D5F-8EEC-8A43167CC33A_1_201_a-768x860.jpeg 768w, https:\/\/charente.catholique.fr\/grand-angouleme\/wp-content\/uploads\/sites\/2\/2023\/05\/10_2A8A1D53-FA48-4D5F-8EEC-8A43167CC33A_1_201_a.jpeg 1080w\" sizes=\"auto, (max-width: 965px) 100vw, 965px\" \/><\/figure>\n\n\n\n<figure class=\"wp-block-image size-large\"><img loading=\"lazy\" decoding=\"async\" width=\"742\" height=\"990\" data-id=\"21021\" src=\"https:\/\/charente.catholique.fr\/grand-angouleme\/wp-content\/uploads\/sites\/2\/2023\/05\/11_43613EE3-8392-4A51-A39A-2D67E9AB4494_1_201_a.jpeg\" alt=\"\" class=\"wp-image-21021\" srcset=\"https:\/\/charente.catholique.fr\/grand-angouleme\/wp-content\/uploads\/sites\/2\/2023\/05\/11_43613EE3-8392-4A51-A39A-2D67E9AB4494_1_201_a.jpeg 742w, https:\/\/charente.catholique.fr\/grand-angouleme\/wp-content\/uploads\/sites\/2\/2023\/05\/11_43613EE3-8392-4A51-A39A-2D67E9AB4494_1_201_a-225x300.jpeg 225w\" sizes=\"auto, (max-width: 742px) 100vw, 742px\" \/><\/figure>\n\n\n\n<figure class=\"wp-block-image size-large\"><img loading=\"lazy\" decoding=\"async\" width=\"969\" height=\"1080\" data-id=\"21026\" src=\"https:\/\/charente.catholique.fr\/grand-angouleme\/wp-content\/uploads\/sites\/2\/2023\/05\/12_9A84E555-B38B-4E35-8EA4-2A5DC5760F75_1_201_a-969x1080.jpeg\" alt=\"\" class=\"wp-image-21026\" srcset=\"https:\/\/charente.catholique.fr\/grand-angouleme\/wp-content\/uploads\/sites\/2\/2023\/05\/12_9A84E555-B38B-4E35-8EA4-2A5DC5760F75_1_201_a-969x1080.jpeg 969w, https:\/\/charente.catholique.fr\/grand-angouleme\/wp-content\/uploads\/sites\/2\/2023\/05\/12_9A84E555-B38B-4E35-8EA4-2A5DC5760F75_1_201_a-269x300.jpeg 269w, https:\/\/charente.catholique.fr\/grand-angouleme\/wp-content\/uploads\/sites\/2\/2023\/05\/12_9A84E555-B38B-4E35-8EA4-2A5DC5760F75_1_201_a-768x856.jpeg 768w, https:\/\/charente.catholique.fr\/grand-angouleme\/wp-content\/uploads\/sites\/2\/2023\/05\/12_9A84E555-B38B-4E35-8EA4-2A5DC5760F75_1_201_a.jpeg 1080w\" sizes=\"auto, (max-width: 969px) 100vw, 969px\" \/><\/figure>\n\n\n\n<figure class=\"wp-block-image size-large\"><img loading=\"lazy\" decoding=\"async\" width=\"768\" height=\"1024\" data-id=\"21023\" src=\"https:\/\/charente.catholique.fr\/grand-angouleme\/wp-content\/uploads\/sites\/2\/2023\/05\/13_60939085-1383-49D5-82BD-342049D9519B.jpeg\" alt=\"\" class=\"wp-image-21023\" srcset=\"https:\/\/charente.catholique.fr\/grand-angouleme\/wp-content\/uploads\/sites\/2\/2023\/05\/13_60939085-1383-49D5-82BD-342049D9519B.jpeg 768w, https:\/\/charente.catholique.fr\/grand-angouleme\/wp-content\/uploads\/sites\/2\/2023\/05\/13_60939085-1383-49D5-82BD-342049D9519B-225x300.jpeg 225w\" sizes=\"auto, (max-width: 768px) 100vw, 768px\" \/><\/figure>\n<\/figure>\n","protected":false},"excerpt":{"rendered":"<p>Le 17 mai 2023, journ\u00e9e mondiale de lutte contre l&#8217;homophobie c&#8217;est v\u00e9cu \u00c0 L&#8217;\u00c9GLISE SAINT-PAUL DE MA CAMPAGNE Un tr\u00e8s beau et paisible temps de pri\u00e8re \u0153cum\u00e9nique et inter-religieux<\/p>\n","protected":false},"author":5,"featured_media":21013,"comment_status":"open","ping_status":"open","sticky":false,"template":"","format":"standard","meta":{"_acf_changed":false,"paroisse":["0"],"service":["0"],"footnotes":""},"categories":[1],"tags":[],"class_list":["post-21010","post","type-post","status-publish","format-standard","has-post-thumbnail","hentry","category-actualites"],"acf":[],"yoast_head":"<!-- This site is optimized with the Yoast SEO plugin v27.1.1 - https:\/\/yoast.com\/product\/yoast-seo-wordpress\/ -->\n<title>Journ\u00e9e mondiale de lutte contre l&#039;homophobie - Doyenn\u00e9 Grand Angoul\u00eame<\/title>\n<meta name=\"robots\" content=\"index, follow, max-snippet:-1, max-image-preview:large, max-video-preview:-1\" \/>\n<link rel=\"canonical\" href=\"https:\/\/charente.catholique.fr\/grand-angouleme\/actualites\/journee-mondiale-de-lutte-contre-lhomophobie\/\" \/>\n<meta property=\"og:locale\" content=\"fr_FR\" \/>\n<meta property=\"og:type\" content=\"article\" \/>\n<meta property=\"og:title\" content=\"Journ\u00e9e mondiale de lutte contre l&#039;homophobie - Doyenn\u00e9 Grand Angoul\u00eame\" \/>\n<meta property=\"og:description\" content=\"Le 17 mai 2023, journ\u00e9e mondiale de lutte contre l&#8217;homophobie c&#8217;est v\u00e9cu \u00c0 L&#8217;\u00c9GLISE SAINT-PAUL DE MA CAMPAGNE Un tr\u00e8s beau et paisible temps de pri\u00e8re \u0153cum\u00e9nique et inter-religieux\" \/>\n<meta property=\"og:url\" content=\"https:\/\/charente.catholique.fr\/grand-angouleme\/actualites\/journee-mondiale-de-lutte-contre-lhomophobie\/\" \/>\n<meta property=\"og:site_name\" content=\"Doyenn\u00e9 Grand Angoul\u00eame\" \/>\n<meta property=\"article:publisher\" content=\"https:\/\/www.facebook.com\/EgliseCatholiqueCharente\" \/>\n<meta property=\"article:published_time\" content=\"2023-05-19T14:31:55+00:00\" \/>\n<meta property=\"article:modified_time\" content=\"2023-05-19T14:33:02+00:00\" \/>\n<meta property=\"og:image\" content=\"https:\/\/charente.catholique.fr\/grand-angouleme\/wp-content\/uploads\/sites\/2\/2023\/05\/60939085-1383-49d5-82bd-342049d9519b-e1684506323952.jpeg\" \/>\n\t<meta property=\"og:image:width\" content=\"767\" \/>\n\t<meta property=\"og:image:height\" content=\"400\" \/>\n\t<meta property=\"og:image:type\" content=\"image\/jpeg\" \/>\n<meta name=\"author\" content=\"B\u00e9atrice Saint-P\u00e9\" \/>\n<meta name=\"twitter:card\" content=\"summary_large_image\" \/>\n<meta name=\"twitter:creator\" content=\"@diocesecharente\" \/>\n<meta name=\"twitter:site\" content=\"@diocesecharente\" \/>\n<meta name=\"twitter:label1\" content=\"\u00c9crit par\" \/>\n\t<meta name=\"twitter:data1\" content=\"B\u00e9atrice Saint-P\u00e9\" \/>\n\t<meta name=\"twitter:label2\" content=\"Dur\u00e9e de lecture estim\u00e9e\" \/>\n\t<meta name=\"twitter:data2\" content=\"3 minutes\" \/>\n<script type=\"application\/ld+json\" class=\"yoast-schema-graph\">{\"@context\":\"https:\/\/schema.org\",\"@graph\":[{\"@type\":\"Article\",\"@id\":\"https:\/\/charente.catholique.fr\/grand-angouleme\/actualites\/journee-mondiale-de-lutte-contre-lhomophobie\/#article\",\"isPartOf\":{\"@id\":\"https:\/\/charente.catholique.fr\/grand-angouleme\/actualites\/journee-mondiale-de-lutte-contre-lhomophobie\/\"},\"author\":{\"name\":\"B\u00e9atrice Saint-P\u00e9\",\"@id\":\"https:\/\/charente.catholique.fr\/grand-angouleme\/#\/schema\/person\/b12f449504ff2da4d633df0f02abf9ee\"},\"headline\":\"Journ\u00e9e mondiale de lutte contre l&#8217;homophobie\",\"datePublished\":\"2023-05-19T14:31:55+00:00\",\"dateModified\":\"2023-05-19T14:33:02+00:00\",\"mainEntityOfPage\":{\"@id\":\"https:\/\/charente.catholique.fr\/grand-angouleme\/actualites\/journee-mondiale-de-lutte-contre-lhomophobie\/\"},\"wordCount\":42,\"commentCount\":0,\"publisher\":{\"@id\":\"https:\/\/charente.catholique.fr\/grand-angouleme\/#organization\"},\"image\":{\"@id\":\"https:\/\/charente.catholique.fr\/grand-angouleme\/actualites\/journee-mondiale-de-lutte-contre-lhomophobie\/#primaryimage\"},\"thumbnailUrl\":\"https:\/\/charente.catholique.fr\/grand-angouleme\/wp-content\/uploads\/sites\/2\/2023\/05\/60939085-1383-49d5-82bd-342049d9519b-e1684506323952.jpeg\",\"articleSection\":[\"Actualit\u00e9s\"],\"inLanguage\":\"fr-FR\",\"potentialAction\":[{\"@type\":\"CommentAction\",\"name\":\"Comment\",\"target\":[\"https:\/\/charente.catholique.fr\/grand-angouleme\/actualites\/journee-mondiale-de-lutte-contre-lhomophobie\/#respond\"]}]},{\"@type\":\"WebPage\",\"@id\":\"https:\/\/charente.catholique.fr\/grand-angouleme\/actualites\/journee-mondiale-de-lutte-contre-lhomophobie\/\",\"url\":\"https:\/\/charente.catholique.fr\/grand-angouleme\/actualites\/journee-mondiale-de-lutte-contre-lhomophobie\/\",\"name\":\"Journ\u00e9e mondiale de lutte contre l'homophobie - Doyenn\u00e9 Grand Angoul\u00eame\",\"isPartOf\":{\"@id\":\"https:\/\/charente.catholique.fr\/grand-angouleme\/#website\"},\"primaryImageOfPage\":{\"@id\":\"https:\/\/charente.catholique.fr\/grand-angouleme\/actualites\/journee-mondiale-de-lutte-contre-lhomophobie\/#primaryimage\"},\"image\":{\"@id\":\"https:\/\/charente.catholique.fr\/grand-angouleme\/actualites\/journee-mondiale-de-lutte-contre-lhomophobie\/#primaryimage\"},\"thumbnailUrl\":\"https:\/\/charente.catholique.fr\/grand-angouleme\/wp-content\/uploads\/sites\/2\/2023\/05\/60939085-1383-49d5-82bd-342049d9519b-e1684506323952.jpeg\",\"datePublished\":\"2023-05-19T14:31:55+00:00\",\"dateModified\":\"2023-05-19T14:33:02+00:00\",\"breadcrumb\":{\"@id\":\"https:\/\/charente.catholique.fr\/grand-angouleme\/actualites\/journee-mondiale-de-lutte-contre-lhomophobie\/#breadcrumb\"},\"inLanguage\":\"fr-FR\",\"potentialAction\":[{\"@type\":\"ReadAction\",\"target\":[\"https:\/\/charente.catholique.fr\/grand-angouleme\/actualites\/journee-mondiale-de-lutte-contre-lhomophobie\/\"]}]},{\"@type\":\"ImageObject\",\"inLanguage\":\"fr-FR\",\"@id\":\"https:\/\/charente.catholique.fr\/grand-angouleme\/actualites\/journee-mondiale-de-lutte-contre-lhomophobie\/#primaryimage\",\"url\":\"https:\/\/charente.catholique.fr\/grand-angouleme\/wp-content\/uploads\/sites\/2\/2023\/05\/60939085-1383-49d5-82bd-342049d9519b-e1684506323952.jpeg\",\"contentUrl\":\"https:\/\/charente.catholique.fr\/grand-angouleme\/wp-content\/uploads\/sites\/2\/2023\/05\/60939085-1383-49d5-82bd-342049d9519b-e1684506323952.jpeg\",\"width\":767,\"height\":400},{\"@type\":\"BreadcrumbList\",\"@id\":\"https:\/\/charente.catholique.fr\/grand-angouleme\/actualites\/journee-mondiale-de-lutte-contre-lhomophobie\/#breadcrumb\",\"itemListElement\":[{\"@type\":\"ListItem\",\"position\":1,\"name\":\"Accueil\",\"item\":\"https:\/\/charente.catholique.fr\/grand-angouleme\/\"},{\"@type\":\"ListItem\",\"position\":2,\"name\":\"Journ\u00e9e mondiale de lutte contre l&#8217;homophobie\"}]},{\"@type\":\"WebSite\",\"@id\":\"https:\/\/charente.catholique.fr\/grand-angouleme\/#website\",\"url\":\"https:\/\/charente.catholique.fr\/grand-angouleme\/\",\"name\":\"Doyenn\u00e9 Grand Angoul\u00eame - Dioc\u00e8se d'Angoul\u00eame\",\"description\":\"Dioc\u00e8se d&#039;Angoul\u00eame\",\"publisher\":{\"@id\":\"https:\/\/charente.catholique.fr\/grand-angouleme\/#organization\"},\"potentialAction\":[{\"@type\":\"SearchAction\",\"target\":{\"@type\":\"EntryPoint\",\"urlTemplate\":\"https:\/\/charente.catholique.fr\/grand-angouleme\/?s={search_term_string}\"},\"query-input\":{\"@type\":\"PropertyValueSpecification\",\"valueRequired\":true,\"valueName\":\"search_term_string\"}}],\"inLanguage\":\"fr-FR\"},{\"@type\":\"Organization\",\"@id\":\"https:\/\/charente.catholique.fr\/grand-angouleme\/#organization\",\"name\":\"Association Dioc\u00e9saine d'Angoul\u00eame\",\"url\":\"https:\/\/charente.catholique.fr\/grand-angouleme\/\",\"logo\":{\"@type\":\"ImageObject\",\"inLanguage\":\"fr-FR\",\"@id\":\"https:\/\/charente.catholique.fr\/grand-angouleme\/#\/schema\/logo\/image\/\",\"url\":\"https:\/\/charente.catholique.fr\/grand-angouleme\/wp-content\/uploads\/sites\/2\/2020\/10\/logos.png\",\"contentUrl\":\"https:\/\/charente.catholique.fr\/grand-angouleme\/wp-content\/uploads\/sites\/2\/2020\/10\/logos.png\",\"width\":600,\"height\":257,\"caption\":\"Association Dioc\u00e9saine d'Angoul\u00eame\"},\"image\":{\"@id\":\"https:\/\/charente.catholique.fr\/grand-angouleme\/#\/schema\/logo\/image\/\"},\"sameAs\":[\"https:\/\/www.facebook.com\/EgliseCatholiqueCharente\",\"https:\/\/x.com\/diocesecharente\",\"https:\/\/www.instagram.com\/eglisecharente\",\"https:\/\/www.youtube.com\/channel\/UCByyFWApZbw3gDTiADoiAaQ\"]},{\"@type\":\"Person\",\"@id\":\"https:\/\/charente.catholique.fr\/grand-angouleme\/#\/schema\/person\/b12f449504ff2da4d633df0f02abf9ee\",\"name\":\"B\u00e9atrice Saint-P\u00e9\",\"image\":{\"@type\":\"ImageObject\",\"inLanguage\":\"fr-FR\",\"@id\":\"https:\/\/charente.catholique.fr\/grand-angouleme\/#\/schema\/person\/image\/\",\"url\":\"https:\/\/secure.gravatar.com\/avatar\/0493ed83685d630b019670a73a3a663bebc1c98f6ebcb0b57c8fd12fe86c0c3d?s=96&d=mm&r=g\",\"contentUrl\":\"https:\/\/secure.gravatar.com\/avatar\/0493ed83685d630b019670a73a3a663bebc1c98f6ebcb0b57c8fd12fe86c0c3d?s=96&d=mm&r=g\",\"caption\":\"B\u00e9atrice Saint-P\u00e9\"},\"url\":\"https:\/\/charente.catholique.fr\/grand-angouleme\/author\/beatricesaintpe\/\"}]}<\/script>\n<!-- \/ Yoast SEO plugin. -->","yoast_head_json":{"title":"Journ\u00e9e mondiale de lutte contre l'homophobie - Doyenn\u00e9 Grand Angoul\u00eame","robots":{"index":"index","follow":"follow","max-snippet":"max-snippet:-1","max-image-preview":"max-image-preview:large","max-video-preview":"max-video-preview:-1"},"canonical":"https:\/\/charente.catholique.fr\/grand-angouleme\/actualites\/journee-mondiale-de-lutte-contre-lhomophobie\/","og_locale":"fr_FR","og_type":"article","og_title":"Journ\u00e9e mondiale de lutte contre l'homophobie - Doyenn\u00e9 Grand Angoul\u00eame","og_description":"Le 17 mai 2023, journ\u00e9e mondiale de lutte contre l&#8217;homophobie c&#8217;est v\u00e9cu \u00c0 L&#8217;\u00c9GLISE SAINT-PAUL DE MA CAMPAGNE Un tr\u00e8s beau et paisible temps de pri\u00e8re \u0153cum\u00e9nique et inter-religieux","og_url":"https:\/\/charente.catholique.fr\/grand-angouleme\/actualites\/journee-mondiale-de-lutte-contre-lhomophobie\/","og_site_name":"Doyenn\u00e9 Grand Angoul\u00eame","article_publisher":"https:\/\/www.facebook.com\/EgliseCatholiqueCharente","article_published_time":"2023-05-19T14:31:55+00:00","article_modified_time":"2023-05-19T14:33:02+00:00","og_image":[{"width":767,"height":400,"url":"https:\/\/charente.catholique.fr\/grand-angouleme\/wp-content\/uploads\/sites\/2\/2023\/05\/60939085-1383-49d5-82bd-342049d9519b-e1684506323952.jpeg","type":"image\/jpeg"}],"author":"B\u00e9atrice Saint-P\u00e9","twitter_card":"summary_large_image","twitter_creator":"@diocesecharente","twitter_site":"@diocesecharente","twitter_misc":{"\u00c9crit par":"B\u00e9atrice Saint-P\u00e9","Dur\u00e9e de lecture estim\u00e9e":"3 minutes"},"schema":{"@context":"https:\/\/schema.org","@graph":[{"@type":"Article","@id":"https:\/\/charente.catholique.fr\/grand-angouleme\/actualites\/journee-mondiale-de-lutte-contre-lhomophobie\/#article","isPartOf":{"@id":"https:\/\/charente.catholique.fr\/grand-angouleme\/actualites\/journee-mondiale-de-lutte-contre-lhomophobie\/"},"author":{"name":"B\u00e9atrice Saint-P\u00e9","@id":"https:\/\/charente.catholique.fr\/grand-angouleme\/#\/schema\/person\/b12f449504ff2da4d633df0f02abf9ee"},"headline":"Journ\u00e9e mondiale de lutte contre l&#8217;homophobie","datePublished":"2023-05-19T14:31:55+00:00","dateModified":"2023-05-19T14:33:02+00:00","mainEntityOfPage":{"@id":"https:\/\/charente.catholique.fr\/grand-angouleme\/actualites\/journee-mondiale-de-lutte-contre-lhomophobie\/"},"wordCount":42,"commentCount":0,"publisher":{"@id":"https:\/\/charente.catholique.fr\/grand-angouleme\/#organization"},"image":{"@id":"https:\/\/charente.catholique.fr\/grand-angouleme\/actualites\/journee-mondiale-de-lutte-contre-lhomophobie\/#primaryimage"},"thumbnailUrl":"https:\/\/charente.catholique.fr\/grand-angouleme\/wp-content\/uploads\/sites\/2\/2023\/05\/60939085-1383-49d5-82bd-342049d9519b-e1684506323952.jpeg","articleSection":["Actualit\u00e9s"],"inLanguage":"fr-FR","potentialAction":[{"@type":"CommentAction","name":"Comment","target":["https:\/\/charente.catholique.fr\/grand-angouleme\/actualites\/journee-mondiale-de-lutte-contre-lhomophobie\/#respond"]}]},{"@type":"WebPage","@id":"https:\/\/charente.catholique.fr\/grand-angouleme\/actualites\/journee-mondiale-de-lutte-contre-lhomophobie\/","url":"https:\/\/charente.catholique.fr\/grand-angouleme\/actualites\/journee-mondiale-de-lutte-contre-lhomophobie\/","name":"Journ\u00e9e mondiale de lutte contre l'homophobie - Doyenn\u00e9 Grand Angoul\u00eame","isPartOf":{"@id":"https:\/\/charente.catholique.fr\/grand-angouleme\/#website"},"primaryImageOfPage":{"@id":"https:\/\/charente.catholique.fr\/grand-angouleme\/actualites\/journee-mondiale-de-lutte-contre-lhomophobie\/#primaryimage"},"image":{"@id":"https:\/\/charente.catholique.fr\/grand-angouleme\/actualites\/journee-mondiale-de-lutte-contre-lhomophobie\/#primaryimage"},"thumbnailUrl":"https:\/\/charente.catholique.fr\/grand-angouleme\/wp-content\/uploads\/sites\/2\/2023\/05\/60939085-1383-49d5-82bd-342049d9519b-e1684506323952.jpeg","datePublished":"2023-05-19T14:31:55+00:00","dateModified":"2023-05-19T14:33:02+00:00","breadcrumb":{"@id":"https:\/\/charente.catholique.fr\/grand-angouleme\/actualites\/journee-mondiale-de-lutte-contre-lhomophobie\/#breadcrumb"},"inLanguage":"fr-FR","potentialAction":[{"@type":"ReadAction","target":["https:\/\/charente.catholique.fr\/grand-angouleme\/actualites\/journee-mondiale-de-lutte-contre-lhomophobie\/"]}]},{"@type":"ImageObject","inLanguage":"fr-FR","@id":"https:\/\/charente.catholique.fr\/grand-angouleme\/actualites\/journee-mondiale-de-lutte-contre-lhomophobie\/#primaryimage","url":"https:\/\/charente.catholique.fr\/grand-angouleme\/wp-content\/uploads\/sites\/2\/2023\/05\/60939085-1383-49d5-82bd-342049d9519b-e1684506323952.jpeg","contentUrl":"https:\/\/charente.catholique.fr\/grand-angouleme\/wp-content\/uploads\/sites\/2\/2023\/05\/60939085-1383-49d5-82bd-342049d9519b-e1684506323952.jpeg","width":767,"height":400},{"@type":"BreadcrumbList","@id":"https:\/\/charente.catholique.fr\/grand-angouleme\/actualites\/journee-mondiale-de-lutte-contre-lhomophobie\/#breadcrumb","itemListElement":[{"@type":"ListItem","position":1,"name":"Accueil","item":"https:\/\/charente.catholique.fr\/grand-angouleme\/"},{"@type":"ListItem","position":2,"name":"Journ\u00e9e mondiale de lutte contre l&#8217;homophobie"}]},{"@type":"WebSite","@id":"https:\/\/charente.catholique.fr\/grand-angouleme\/#website","url":"https:\/\/charente.catholique.fr\/grand-angouleme\/","name":"Doyenn\u00e9 Grand Angoul\u00eame - Dioc\u00e8se d'Angoul\u00eame","description":"Dioc\u00e8se d&#039;Angoul\u00eame","publisher":{"@id":"https:\/\/charente.catholique.fr\/grand-angouleme\/#organization"},"potentialAction":[{"@type":"SearchAction","target":{"@type":"EntryPoint","urlTemplate":"https:\/\/charente.catholique.fr\/grand-angouleme\/?s={search_term_string}"},"query-input":{"@type":"PropertyValueSpecification","valueRequired":true,"valueName":"search_term_string"}}],"inLanguage":"fr-FR"},{"@type":"Organization","@id":"https:\/\/charente.catholique.fr\/grand-angouleme\/#organization","name":"Association Dioc\u00e9saine d'Angoul\u00eame","url":"https:\/\/charente.catholique.fr\/grand-angouleme\/","logo":{"@type":"ImageObject","inLanguage":"fr-FR","@id":"https:\/\/charente.catholique.fr\/grand-angouleme\/#\/schema\/logo\/image\/","url":"https:\/\/charente.catholique.fr\/grand-angouleme\/wp-content\/uploads\/sites\/2\/2020\/10\/logos.png","contentUrl":"https:\/\/charente.catholique.fr\/grand-angouleme\/wp-content\/uploads\/sites\/2\/2020\/10\/logos.png","width":600,"height":257,"caption":"Association Dioc\u00e9saine d'Angoul\u00eame"},"image":{"@id":"https:\/\/charente.catholique.fr\/grand-angouleme\/#\/schema\/logo\/image\/"},"sameAs":["https:\/\/www.facebook.com\/EgliseCatholiqueCharente","https:\/\/x.com\/diocesecharente","https:\/\/www.instagram.com\/eglisecharente","https:\/\/www.youtube.com\/channel\/UCByyFWApZbw3gDTiADoiAaQ"]},{"@type":"Person","@id":"https:\/\/charente.catholique.fr\/grand-angouleme\/#\/schema\/person\/b12f449504ff2da4d633df0f02abf9ee","name":"B\u00e9atrice Saint-P\u00e9","image":{"@type":"ImageObject","inLanguage":"fr-FR","@id":"https:\/\/charente.catholique.fr\/grand-angouleme\/#\/schema\/person\/image\/","url":"https:\/\/secure.gravatar.com\/avatar\/0493ed83685d630b019670a73a3a663bebc1c98f6ebcb0b57c8fd12fe86c0c3d?s=96&d=mm&r=g","contentUrl":"https:\/\/secure.gravatar.com\/avatar\/0493ed83685d630b019670a73a3a663bebc1c98f6ebcb0b57c8fd12fe86c0c3d?s=96&d=mm&r=g","caption":"B\u00e9atrice Saint-P\u00e9"},"url":"https:\/\/charente.catholique.fr\/grand-angouleme\/author\/beatricesaintpe\/"}]}},"_links":{"self":[{"href":"https:\/\/charente.catholique.fr\/grand-angouleme\/wp-json\/wp\/v2\/posts\/21010","targetHints":{"allow":["GET"]}}],"collection":[{"href":"https:\/\/charente.catholique.fr\/grand-angouleme\/wp-json\/wp\/v2\/posts"}],"about":[{"href":"https:\/\/charente.catholique.fr\/grand-angouleme\/wp-json\/wp\/v2\/types\/post"}],"author":[{"embeddable":true,"href":"https:\/\/charente.catholique.fr\/grand-angouleme\/wp-json\/wp\/v2\/users\/5"}],"replies":[{"embeddable":true,"href":"https:\/\/charente.catholique.fr\/grand-angouleme\/wp-json\/wp\/v2\/comments?post=21010"}],"version-history":[{"count":2,"href":"https:\/\/charente.catholique.fr\/grand-angouleme\/wp-json\/wp\/v2\/posts\/21010\/revisions"}],"predecessor-version":[{"id":21027,"href":"https:\/\/charente.catholique.fr\/grand-angouleme\/wp-json\/wp\/v2\/posts\/21010\/revisions\/21027"}],"wp:featuredmedia":[{"embeddable":true,"href":"https:\/\/charente.catholique.fr\/grand-angouleme\/wp-json\/wp\/v2\/media\/21013"}],"wp:attachment":[{"href":"https:\/\/charente.catholique.fr\/grand-angouleme\/wp-json\/wp\/v2\/media?parent=21010"}],"wp:term":[{"taxonomy":"category","embeddable":true,"href":"https:\/\/charente.catholique.fr\/grand-angouleme\/wp-json\/wp\/v2\/categories?post=21010"},{"taxonomy":"post_tag","embeddable":true,"href":"https:\/\/charente.catholique.fr\/grand-angouleme\/wp-json\/wp\/v2\/tags?post=21010"}],"curies":[{"name":"wp","href":"https:\/\/api.w.org\/{rel}","templated":true}]}}