{"id":20927,"date":"2023-05-09T19:41:09","date_gmt":"2023-05-09T17:41:09","guid":{"rendered":"https:\/\/charente.catholique.fr\/grand-angouleme\/?p=20927"},"modified":"2023-05-09T19:41:10","modified_gmt":"2023-05-09T17:41:10","slug":"annonces-paroissiales-du-dimanche-7-mai-2023","status":"publish","type":"post","link":"https:\/\/charente.catholique.fr\/grand-angouleme\/actualites\/annonces-paroissiales-du-dimanche-7-mai-2023\/","title":{"rendered":"<strong>Annonces paroissiales du dimanche 7 mai 2023<\/strong>"},"content":{"rendered":"\n<p class=\"has-noir-color has-diocese-angouleme-background-color has-text-color has-background\"><strong>Site internet MESSES\u00a0: <a href=\"https:\/\/messes.info\/horaires\/16000\" target=\"_blank\" rel=\"noreferrer noopener\">https:\/\/messes.info\/horaires\/16000<\/a><\/strong><\/p>\n\n\n\n<p class=\"has-noir-color has-diocese-angouleme-background-color has-text-color has-background\"><strong>Informations dioc\u00e9saines\u00a0:<\/strong><\/p>\n\n\n\n<p class=\"has-noir-color has-text-color\"><strong><em>Rassemblement familial du 13 mai de\u00a014h \u00e0 22h, \u00e0 l\u2019Abbaye de Bassac\u00a0:\u00a0<\/em> <\/strong>\u00a0\u00a0tous, jeunes et moins jeunes, seuls ou en famille sont invit\u00e9s au grand rassemblement sur le th\u00e8me de l\u2019encyclique\u00a0LAUDATO SI\u00a0du Pape Fran\u00e7ois sur la sauvegarde de la Maison Commune traitant des\u00a0questions sociales et environnementales. (Concert du groupe de\u00a0Pop Louange HOPEN \u00e0 partir de 20h)<\/p>\n\n\n<a href=\"https:\/\/charente.catholique.fr\/grand-angouleme\/wp-content\/uploads\/sites\/2\/2023\/05\/annonces-paroissiales-de-la-semaine-du-7-au-14-mai.pdf\" class=\"pdfemb-viewer\" style=\"\" data-width=\"max\" data-height=\"max\" data-toolbar=\"bottom\" data-toolbar-fixed=\"off\">annonces-paroissiales-de-la-semaine-du-7-au-14-mai<\/a>\n<p class=\"wp-block-pdfemb-pdf-embedder-viewer\"><\/p>\n","protected":false},"excerpt":{"rendered":"<p>Site internet MESSES\u00a0: https:\/\/messes.info\/horaires\/16000 Informations dioc\u00e9saines\u00a0: Rassemblement familial du 13 mai de\u00a014h \u00e0 22h, \u00e0 l\u2019Abbaye de Bassac\u00a0:\u00a0 \u00a0\u00a0tous, jeunes et moins jeunes, seuls ou en famille sont invit\u00e9s au grand rassemblement sur le th\u00e8me de l\u2019encyclique\u00a0LAUDATO SI\u00a0du Pape Fran\u00e7ois sur la sauvegarde de la Maison Commune traitant des\u00a0questions sociales et environnementales. (Concert du groupe [&hellip;]<\/p>\n","protected":false},"author":8,"featured_media":6156,"comment_status":"open","ping_status":"open","sticky":false,"template":"","format":"standard","meta":{"_acf_changed":false,"paroisse":["6"],"service":["0"],"footnotes":""},"categories":[1],"tags":[],"class_list":["post-20927","post","type-post","status-publish","format-standard","has-post-thumbnail","hentry","category-actualites"],"acf":[],"yoast_head":"<!-- This site is optimized with the Yoast SEO plugin v27.1.1 - https:\/\/yoast.com\/product\/yoast-seo-wordpress\/ -->\n<title>Annonces paroissiales du dimanche 7 mai 2023 - Doyenn\u00e9 Grand Angoul\u00eame<\/title>\n<meta name=\"robots\" content=\"index, follow, max-snippet:-1, max-image-preview:large, max-video-preview:-1\" \/>\n<link rel=\"canonical\" href=\"https:\/\/charente.catholique.fr\/grand-angouleme\/actualites\/annonces-paroissiales-du-dimanche-7-mai-2023\/\" \/>\n<meta property=\"og:locale\" content=\"fr_FR\" \/>\n<meta property=\"og:type\" content=\"article\" \/>\n<meta property=\"og:title\" content=\"Annonces paroissiales du dimanche 7 mai 2023 - Doyenn\u00e9 Grand Angoul\u00eame\" \/>\n<meta property=\"og:description\" content=\"Site internet MESSES\u00a0: https:\/\/messes.info\/horaires\/16000 Informations dioc\u00e9saines\u00a0: Rassemblement familial du 13 mai de\u00a014h \u00e0 22h, \u00e0 l\u2019Abbaye de Bassac\u00a0:\u00a0 \u00a0\u00a0tous, jeunes et moins jeunes, seuls ou en famille sont invit\u00e9s au grand rassemblement sur le th\u00e8me de l\u2019encyclique\u00a0LAUDATO SI\u00a0du Pape Fran\u00e7ois sur la sauvegarde de la Maison Commune traitant des\u00a0questions sociales et environnementales. (Concert du groupe [&hellip;]\" \/>\n<meta property=\"og:url\" content=\"https:\/\/charente.catholique.fr\/grand-angouleme\/actualites\/annonces-paroissiales-du-dimanche-7-mai-2023\/\" \/>\n<meta property=\"og:site_name\" content=\"Doyenn\u00e9 Grand Angoul\u00eame\" \/>\n<meta property=\"article:publisher\" content=\"https:\/\/www.facebook.com\/EgliseCatholiqueCharente\" \/>\n<meta property=\"article:published_time\" content=\"2023-05-09T17:41:09+00:00\" \/>\n<meta property=\"article:modified_time\" content=\"2023-05-09T17:41:10+00:00\" \/>\n<meta property=\"og:image\" content=\"https:\/\/charente.catholique.fr\/grand-angouleme\/wp-content\/uploads\/sites\/2\/2021\/07\/sacrecoeurfronton.png\" \/>\n\t<meta property=\"og:image:width\" content=\"1198\" \/>\n\t<meta property=\"og:image:height\" content=\"642\" \/>\n\t<meta property=\"og:image:type\" content=\"image\/png\" \/>\n<meta name=\"author\" content=\"G\u00e9rard Dumas\" \/>\n<meta name=\"twitter:card\" content=\"summary_large_image\" \/>\n<meta name=\"twitter:creator\" content=\"@diocesecharente\" \/>\n<meta name=\"twitter:site\" content=\"@diocesecharente\" \/>\n<meta name=\"twitter:label1\" content=\"\u00c9crit par\" \/>\n\t<meta name=\"twitter:data1\" content=\"G\u00e9rard Dumas\" \/>\n\t<meta name=\"twitter:label2\" content=\"Dur\u00e9e de lecture estim\u00e9e\" \/>\n\t<meta name=\"twitter:data2\" content=\"1 minute\" \/>\n<script type=\"application\/ld+json\" class=\"yoast-schema-graph\">{\"@context\":\"https:\/\/schema.org\",\"@graph\":[{\"@type\":\"Article\",\"@id\":\"https:\/\/charente.catholique.fr\/grand-angouleme\/actualites\/annonces-paroissiales-du-dimanche-7-mai-2023\/#article\",\"isPartOf\":{\"@id\":\"https:\/\/charente.catholique.fr\/grand-angouleme\/actualites\/annonces-paroissiales-du-dimanche-7-mai-2023\/\"},\"author\":{\"name\":\"G\u00e9rard Dumas\",\"@id\":\"https:\/\/charente.catholique.fr\/grand-angouleme\/#\/schema\/person\/f808dd6717ea2ffa0a1dae01b5ad041a\"},\"headline\":\"Annonces paroissiales du dimanche 7 mai 2023\",\"datePublished\":\"2023-05-09T17:41:09+00:00\",\"dateModified\":\"2023-05-09T17:41:10+00:00\",\"mainEntityOfPage\":{\"@id\":\"https:\/\/charente.catholique.fr\/grand-angouleme\/actualites\/annonces-paroissiales-du-dimanche-7-mai-2023\/\"},\"wordCount\":77,\"commentCount\":0,\"publisher\":{\"@id\":\"https:\/\/charente.catholique.fr\/grand-angouleme\/#organization\"},\"image\":{\"@id\":\"https:\/\/charente.catholique.fr\/grand-angouleme\/actualites\/annonces-paroissiales-du-dimanche-7-mai-2023\/#primaryimage\"},\"thumbnailUrl\":\"https:\/\/charente.catholique.fr\/grand-angouleme\/wp-content\/uploads\/sites\/2\/2021\/07\/sacrecoeurfronton.png\",\"articleSection\":[\"Actualit\u00e9s\"],\"inLanguage\":\"fr-FR\",\"potentialAction\":[{\"@type\":\"CommentAction\",\"name\":\"Comment\",\"target\":[\"https:\/\/charente.catholique.fr\/grand-angouleme\/actualites\/annonces-paroissiales-du-dimanche-7-mai-2023\/#respond\"]}]},{\"@type\":\"WebPage\",\"@id\":\"https:\/\/charente.catholique.fr\/grand-angouleme\/actualites\/annonces-paroissiales-du-dimanche-7-mai-2023\/\",\"url\":\"https:\/\/charente.catholique.fr\/grand-angouleme\/actualites\/annonces-paroissiales-du-dimanche-7-mai-2023\/\",\"name\":\"Annonces paroissiales du dimanche 7 mai 2023 - Doyenn\u00e9 Grand Angoul\u00eame\",\"isPartOf\":{\"@id\":\"https:\/\/charente.catholique.fr\/grand-angouleme\/#website\"},\"primaryImageOfPage\":{\"@id\":\"https:\/\/charente.catholique.fr\/grand-angouleme\/actualites\/annonces-paroissiales-du-dimanche-7-mai-2023\/#primaryimage\"},\"image\":{\"@id\":\"https:\/\/charente.catholique.fr\/grand-angouleme\/actualites\/annonces-paroissiales-du-dimanche-7-mai-2023\/#primaryimage\"},\"thumbnailUrl\":\"https:\/\/charente.catholique.fr\/grand-angouleme\/wp-content\/uploads\/sites\/2\/2021\/07\/sacrecoeurfronton.png\",\"datePublished\":\"2023-05-09T17:41:09+00:00\",\"dateModified\":\"2023-05-09T17:41:10+00:00\",\"breadcrumb\":{\"@id\":\"https:\/\/charente.catholique.fr\/grand-angouleme\/actualites\/annonces-paroissiales-du-dimanche-7-mai-2023\/#breadcrumb\"},\"inLanguage\":\"fr-FR\",\"potentialAction\":[{\"@type\":\"ReadAction\",\"target\":[\"https:\/\/charente.catholique.fr\/grand-angouleme\/actualites\/annonces-paroissiales-du-dimanche-7-mai-2023\/\"]}]},{\"@type\":\"ImageObject\",\"inLanguage\":\"fr-FR\",\"@id\":\"https:\/\/charente.catholique.fr\/grand-angouleme\/actualites\/annonces-paroissiales-du-dimanche-7-mai-2023\/#primaryimage\",\"url\":\"https:\/\/charente.catholique.fr\/grand-angouleme\/wp-content\/uploads\/sites\/2\/2021\/07\/sacrecoeurfronton.png\",\"contentUrl\":\"https:\/\/charente.catholique.fr\/grand-angouleme\/wp-content\/uploads\/sites\/2\/2021\/07\/sacrecoeurfronton.png\",\"width\":1198,\"height\":642},{\"@type\":\"BreadcrumbList\",\"@id\":\"https:\/\/charente.catholique.fr\/grand-angouleme\/actualites\/annonces-paroissiales-du-dimanche-7-mai-2023\/#breadcrumb\",\"itemListElement\":[{\"@type\":\"ListItem\",\"position\":1,\"name\":\"Accueil\",\"item\":\"https:\/\/charente.catholique.fr\/grand-angouleme\/\"},{\"@type\":\"ListItem\",\"position\":2,\"name\":\"Annonces paroissiales du dimanche 7 mai 2023\"}]},{\"@type\":\"WebSite\",\"@id\":\"https:\/\/charente.catholique.fr\/grand-angouleme\/#website\",\"url\":\"https:\/\/charente.catholique.fr\/grand-angouleme\/\",\"name\":\"Doyenn\u00e9 Grand Angoul\u00eame - Dioc\u00e8se d'Angoul\u00eame\",\"description\":\"Dioc\u00e8se d&#039;Angoul\u00eame\",\"publisher\":{\"@id\":\"https:\/\/charente.catholique.fr\/grand-angouleme\/#organization\"},\"potentialAction\":[{\"@type\":\"SearchAction\",\"target\":{\"@type\":\"EntryPoint\",\"urlTemplate\":\"https:\/\/charente.catholique.fr\/grand-angouleme\/?s={search_term_string}\"},\"query-input\":{\"@type\":\"PropertyValueSpecification\",\"valueRequired\":true,\"valueName\":\"search_term_string\"}}],\"inLanguage\":\"fr-FR\"},{\"@type\":\"Organization\",\"@id\":\"https:\/\/charente.catholique.fr\/grand-angouleme\/#organization\",\"name\":\"Association Dioc\u00e9saine d'Angoul\u00eame\",\"url\":\"https:\/\/charente.catholique.fr\/grand-angouleme\/\",\"logo\":{\"@type\":\"ImageObject\",\"inLanguage\":\"fr-FR\",\"@id\":\"https:\/\/charente.catholique.fr\/grand-angouleme\/#\/schema\/logo\/image\/\",\"url\":\"https:\/\/charente.catholique.fr\/grand-angouleme\/wp-content\/uploads\/sites\/2\/2020\/10\/logos.png\",\"contentUrl\":\"https:\/\/charente.catholique.fr\/grand-angouleme\/wp-content\/uploads\/sites\/2\/2020\/10\/logos.png\",\"width\":600,\"height\":257,\"caption\":\"Association Dioc\u00e9saine d'Angoul\u00eame\"},\"image\":{\"@id\":\"https:\/\/charente.catholique.fr\/grand-angouleme\/#\/schema\/logo\/image\/\"},\"sameAs\":[\"https:\/\/www.facebook.com\/EgliseCatholiqueCharente\",\"https:\/\/x.com\/diocesecharente\",\"https:\/\/www.instagram.com\/eglisecharente\",\"https:\/\/www.youtube.com\/channel\/UCByyFWApZbw3gDTiADoiAaQ\"]},{\"@type\":\"Person\",\"@id\":\"https:\/\/charente.catholique.fr\/grand-angouleme\/#\/schema\/person\/f808dd6717ea2ffa0a1dae01b5ad041a\",\"name\":\"G\u00e9rard Dumas\",\"image\":{\"@type\":\"ImageObject\",\"inLanguage\":\"fr-FR\",\"@id\":\"https:\/\/charente.catholique.fr\/grand-angouleme\/#\/schema\/person\/image\/\",\"url\":\"https:\/\/secure.gravatar.com\/avatar\/3e4e740dd61282df373fad4d9f53ffc881895c7ce7ae3384ec03206e6ce993b9?s=96&d=mm&r=g\",\"contentUrl\":\"https:\/\/secure.gravatar.com\/avatar\/3e4e740dd61282df373fad4d9f53ffc881895c7ce7ae3384ec03206e6ce993b9?s=96&d=mm&r=g\",\"caption\":\"G\u00e9rard Dumas\"},\"url\":\"https:\/\/charente.catholique.fr\/grand-angouleme\/author\/gerarddumas\/\"}]}<\/script>\n<!-- \/ Yoast SEO plugin. -->","yoast_head_json":{"title":"Annonces paroissiales du dimanche 7 mai 2023 - Doyenn\u00e9 Grand Angoul\u00eame","robots":{"index":"index","follow":"follow","max-snippet":"max-snippet:-1","max-image-preview":"max-image-preview:large","max-video-preview":"max-video-preview:-1"},"canonical":"https:\/\/charente.catholique.fr\/grand-angouleme\/actualites\/annonces-paroissiales-du-dimanche-7-mai-2023\/","og_locale":"fr_FR","og_type":"article","og_title":"Annonces paroissiales du dimanche 7 mai 2023 - Doyenn\u00e9 Grand Angoul\u00eame","og_description":"Site internet MESSES\u00a0: https:\/\/messes.info\/horaires\/16000 Informations dioc\u00e9saines\u00a0: Rassemblement familial du 13 mai de\u00a014h \u00e0 22h, \u00e0 l\u2019Abbaye de Bassac\u00a0:\u00a0 \u00a0\u00a0tous, jeunes et moins jeunes, seuls ou en famille sont invit\u00e9s au grand rassemblement sur le th\u00e8me de l\u2019encyclique\u00a0LAUDATO SI\u00a0du Pape Fran\u00e7ois sur la sauvegarde de la Maison Commune traitant des\u00a0questions sociales et environnementales. (Concert du groupe [&hellip;]","og_url":"https:\/\/charente.catholique.fr\/grand-angouleme\/actualites\/annonces-paroissiales-du-dimanche-7-mai-2023\/","og_site_name":"Doyenn\u00e9 Grand Angoul\u00eame","article_publisher":"https:\/\/www.facebook.com\/EgliseCatholiqueCharente","article_published_time":"2023-05-09T17:41:09+00:00","article_modified_time":"2023-05-09T17:41:10+00:00","og_image":[{"width":1198,"height":642,"url":"https:\/\/charente.catholique.fr\/grand-angouleme\/wp-content\/uploads\/sites\/2\/2021\/07\/sacrecoeurfronton.png","type":"image\/png"}],"author":"G\u00e9rard Dumas","twitter_card":"summary_large_image","twitter_creator":"@diocesecharente","twitter_site":"@diocesecharente","twitter_misc":{"\u00c9crit par":"G\u00e9rard Dumas","Dur\u00e9e de lecture estim\u00e9e":"1 minute"},"schema":{"@context":"https:\/\/schema.org","@graph":[{"@type":"Article","@id":"https:\/\/charente.catholique.fr\/grand-angouleme\/actualites\/annonces-paroissiales-du-dimanche-7-mai-2023\/#article","isPartOf":{"@id":"https:\/\/charente.catholique.fr\/grand-angouleme\/actualites\/annonces-paroissiales-du-dimanche-7-mai-2023\/"},"author":{"name":"G\u00e9rard Dumas","@id":"https:\/\/charente.catholique.fr\/grand-angouleme\/#\/schema\/person\/f808dd6717ea2ffa0a1dae01b5ad041a"},"headline":"Annonces paroissiales du dimanche 7 mai 2023","datePublished":"2023-05-09T17:41:09+00:00","dateModified":"2023-05-09T17:41:10+00:00","mainEntityOfPage":{"@id":"https:\/\/charente.catholique.fr\/grand-angouleme\/actualites\/annonces-paroissiales-du-dimanche-7-mai-2023\/"},"wordCount":77,"commentCount":0,"publisher":{"@id":"https:\/\/charente.catholique.fr\/grand-angouleme\/#organization"},"image":{"@id":"https:\/\/charente.catholique.fr\/grand-angouleme\/actualites\/annonces-paroissiales-du-dimanche-7-mai-2023\/#primaryimage"},"thumbnailUrl":"https:\/\/charente.catholique.fr\/grand-angouleme\/wp-content\/uploads\/sites\/2\/2021\/07\/sacrecoeurfronton.png","articleSection":["Actualit\u00e9s"],"inLanguage":"fr-FR","potentialAction":[{"@type":"CommentAction","name":"Comment","target":["https:\/\/charente.catholique.fr\/grand-angouleme\/actualites\/annonces-paroissiales-du-dimanche-7-mai-2023\/#respond"]}]},{"@type":"WebPage","@id":"https:\/\/charente.catholique.fr\/grand-angouleme\/actualites\/annonces-paroissiales-du-dimanche-7-mai-2023\/","url":"https:\/\/charente.catholique.fr\/grand-angouleme\/actualites\/annonces-paroissiales-du-dimanche-7-mai-2023\/","name":"Annonces paroissiales du dimanche 7 mai 2023 - Doyenn\u00e9 Grand Angoul\u00eame","isPartOf":{"@id":"https:\/\/charente.catholique.fr\/grand-angouleme\/#website"},"primaryImageOfPage":{"@id":"https:\/\/charente.catholique.fr\/grand-angouleme\/actualites\/annonces-paroissiales-du-dimanche-7-mai-2023\/#primaryimage"},"image":{"@id":"https:\/\/charente.catholique.fr\/grand-angouleme\/actualites\/annonces-paroissiales-du-dimanche-7-mai-2023\/#primaryimage"},"thumbnailUrl":"https:\/\/charente.catholique.fr\/grand-angouleme\/wp-content\/uploads\/sites\/2\/2021\/07\/sacrecoeurfronton.png","datePublished":"2023-05-09T17:41:09+00:00","dateModified":"2023-05-09T17:41:10+00:00","breadcrumb":{"@id":"https:\/\/charente.catholique.fr\/grand-angouleme\/actualites\/annonces-paroissiales-du-dimanche-7-mai-2023\/#breadcrumb"},"inLanguage":"fr-FR","potentialAction":[{"@type":"ReadAction","target":["https:\/\/charente.catholique.fr\/grand-angouleme\/actualites\/annonces-paroissiales-du-dimanche-7-mai-2023\/"]}]},{"@type":"ImageObject","inLanguage":"fr-FR","@id":"https:\/\/charente.catholique.fr\/grand-angouleme\/actualites\/annonces-paroissiales-du-dimanche-7-mai-2023\/#primaryimage","url":"https:\/\/charente.catholique.fr\/grand-angouleme\/wp-content\/uploads\/sites\/2\/2021\/07\/sacrecoeurfronton.png","contentUrl":"https:\/\/charente.catholique.fr\/grand-angouleme\/wp-content\/uploads\/sites\/2\/2021\/07\/sacrecoeurfronton.png","width":1198,"height":642},{"@type":"BreadcrumbList","@id":"https:\/\/charente.catholique.fr\/grand-angouleme\/actualites\/annonces-paroissiales-du-dimanche-7-mai-2023\/#breadcrumb","itemListElement":[{"@type":"ListItem","position":1,"name":"Accueil","item":"https:\/\/charente.catholique.fr\/grand-angouleme\/"},{"@type":"ListItem","position":2,"name":"Annonces paroissiales du dimanche 7 mai 2023"}]},{"@type":"WebSite","@id":"https:\/\/charente.catholique.fr\/grand-angouleme\/#website","url":"https:\/\/charente.catholique.fr\/grand-angouleme\/","name":"Doyenn\u00e9 Grand Angoul\u00eame - Dioc\u00e8se d'Angoul\u00eame","description":"Dioc\u00e8se d&#039;Angoul\u00eame","publisher":{"@id":"https:\/\/charente.catholique.fr\/grand-angouleme\/#organization"},"potentialAction":[{"@type":"SearchAction","target":{"@type":"EntryPoint","urlTemplate":"https:\/\/charente.catholique.fr\/grand-angouleme\/?s={search_term_string}"},"query-input":{"@type":"PropertyValueSpecification","valueRequired":true,"valueName":"search_term_string"}}],"inLanguage":"fr-FR"},{"@type":"Organization","@id":"https:\/\/charente.catholique.fr\/grand-angouleme\/#organization","name":"Association Dioc\u00e9saine d'Angoul\u00eame","url":"https:\/\/charente.catholique.fr\/grand-angouleme\/","logo":{"@type":"ImageObject","inLanguage":"fr-FR","@id":"https:\/\/charente.catholique.fr\/grand-angouleme\/#\/schema\/logo\/image\/","url":"https:\/\/charente.catholique.fr\/grand-angouleme\/wp-content\/uploads\/sites\/2\/2020\/10\/logos.png","contentUrl":"https:\/\/charente.catholique.fr\/grand-angouleme\/wp-content\/uploads\/sites\/2\/2020\/10\/logos.png","width":600,"height":257,"caption":"Association Dioc\u00e9saine d'Angoul\u00eame"},"image":{"@id":"https:\/\/charente.catholique.fr\/grand-angouleme\/#\/schema\/logo\/image\/"},"sameAs":["https:\/\/www.facebook.com\/EgliseCatholiqueCharente","https:\/\/x.com\/diocesecharente","https:\/\/www.instagram.com\/eglisecharente","https:\/\/www.youtube.com\/channel\/UCByyFWApZbw3gDTiADoiAaQ"]},{"@type":"Person","@id":"https:\/\/charente.catholique.fr\/grand-angouleme\/#\/schema\/person\/f808dd6717ea2ffa0a1dae01b5ad041a","name":"G\u00e9rard Dumas","image":{"@type":"ImageObject","inLanguage":"fr-FR","@id":"https:\/\/charente.catholique.fr\/grand-angouleme\/#\/schema\/person\/image\/","url":"https:\/\/secure.gravatar.com\/avatar\/3e4e740dd61282df373fad4d9f53ffc881895c7ce7ae3384ec03206e6ce993b9?s=96&d=mm&r=g","contentUrl":"https:\/\/secure.gravatar.com\/avatar\/3e4e740dd61282df373fad4d9f53ffc881895c7ce7ae3384ec03206e6ce993b9?s=96&d=mm&r=g","caption":"G\u00e9rard Dumas"},"url":"https:\/\/charente.catholique.fr\/grand-angouleme\/author\/gerarddumas\/"}]}},"_links":{"self":[{"href":"https:\/\/charente.catholique.fr\/grand-angouleme\/wp-json\/wp\/v2\/posts\/20927","targetHints":{"allow":["GET"]}}],"collection":[{"href":"https:\/\/charente.catholique.fr\/grand-angouleme\/wp-json\/wp\/v2\/posts"}],"about":[{"href":"https:\/\/charente.catholique.fr\/grand-angouleme\/wp-json\/wp\/v2\/types\/post"}],"author":[{"embeddable":true,"href":"https:\/\/charente.catholique.fr\/grand-angouleme\/wp-json\/wp\/v2\/users\/8"}],"replies":[{"embeddable":true,"href":"https:\/\/charente.catholique.fr\/grand-angouleme\/wp-json\/wp\/v2\/comments?post=20927"}],"version-history":[{"count":1,"href":"https:\/\/charente.catholique.fr\/grand-angouleme\/wp-json\/wp\/v2\/posts\/20927\/revisions"}],"predecessor-version":[{"id":20929,"href":"https:\/\/charente.catholique.fr\/grand-angouleme\/wp-json\/wp\/v2\/posts\/20927\/revisions\/20929"}],"wp:featuredmedia":[{"embeddable":true,"href":"https:\/\/charente.catholique.fr\/grand-angouleme\/wp-json\/wp\/v2\/media\/6156"}],"wp:attachment":[{"href":"https:\/\/charente.catholique.fr\/grand-angouleme\/wp-json\/wp\/v2\/media?parent=20927"}],"wp:term":[{"taxonomy":"category","embeddable":true,"href":"https:\/\/charente.catholique.fr\/grand-angouleme\/wp-json\/wp\/v2\/categories?post=20927"},{"taxonomy":"post_tag","embeddable":true,"href":"https:\/\/charente.catholique.fr\/grand-angouleme\/wp-json\/wp\/v2\/tags?post=20927"}],"curies":[{"name":"wp","href":"https:\/\/api.w.org\/{rel}","templated":true}]}}