{"id":20901,"date":"2023-05-01T22:18:00","date_gmt":"2023-05-01T20:18:00","guid":{"rendered":"https:\/\/charente.catholique.fr\/grand-angouleme\/?p=20901"},"modified":"2023-05-01T22:18:01","modified_gmt":"2023-05-01T20:18:01","slug":"eap-du-12-04-2023-a-saint-pierre-aumaitre","status":"publish","type":"post","link":"https:\/\/charente.catholique.fr\/grand-angouleme\/actualites\/eap-du-12-04-2023-a-saint-pierre-aumaitre\/","title":{"rendered":"EAP du 12\/04\/2023 \u00e0 Saint Pierre Auma\u00eetre"},"content":{"rendered":"\n<h3 class=\"wp-block-heading\">L&#8217;\u00e9quipe d&#8217;animation pastorale c&#8217;est retrouv\u00e9e mercredi 12 avril pour avancer sur les projets en cours et \u00e0 venir. La rencontre a d\u00e9but\u00e9 par un \u00e9change de nouvelles, suivi d\u2019un temps de pri\u00e8re propos\u00e9 par Genevi\u00e8ve.<\/h3>\n\n\n\n<p><em>\u00c9<\/em><em>taient pr<\/em><em>\u00e9<\/em><em>sents :<\/em> Nelly Dufet, Genevi\u00e8ve et Bruno Lachavanne, Annie Scheid, Monique saintot Denis Trinez<\/p>\n\n\n\n<h5 class=\"wp-block-heading\"><em>L<\/em><em>\u2019<\/em><em>ordre du jour <\/em><em>\u00e9<\/em><em>tait :<\/em><\/h5>\n\n\n\n<ul class=\"wp-block-list\">\n<li>Organisation du vote pour le nom de la paroisse<\/li>\n\n\n\n<li>Divers travaux \u00e0 envisager<\/li>\n\n\n\n<li>Organisation du m\u00e9nage de l\u2019\u00e9glise<\/li>\n\n\n\n<li>Support du cierge pascal<\/li>\n\n\n\n<li>Mieux accueillir<\/li>\n\n\n\n<li>Organisation en l\u2019absence du pr\u00eatre<\/li>\n\n\n\n<li>Dates \u00e0 fixer<\/li>\n<\/ul>\n\n\n\n<p><\/p>\n\n\n\n<h5 class=\"wp-block-heading\"><strong>Organisation du vote :<\/strong><\/h5>\n\n\n\n<p>Il aura lieu le <strong>samedi 13 mai <\/strong>\u00e0 St Paul Ma Campagne et le <strong>dimanche 14 mai<\/strong> \u00e0 St Jean Baptiste. Une liste de propositions a \u00e9t\u00e9 diffus\u00e9e au cours des derni\u00e8res semaines. Elle sera distribu\u00e9e au moment de l\u2019accueil avant la c\u00e9l\u00e9bration. Un temps de m\u00e9ditation sera propos\u00e9 apr\u00e8s l\u2019hom\u00e9lie et ils sera demand\u00e9 d\u2019entourer 3 noms. Les 3 noms qui auront re\u00e7u le plus de suffrages seront propos\u00e9s au Conseil Episcopal qui en choisira un.<\/p>\n\n\n\n<p>Cette d\u00e9marche s\u2019inscrit dans le projet pastoral : <em>faire progresser l\u2019unit\u00e9 des deux communaut\u00e9s<\/em>.<\/p>\n\n\n\n<h5 class=\"wp-block-heading\"><strong>Travaux divers :<\/strong><\/h5>\n\n\n\n<ul class=\"wp-block-list\">\n<li>Am\u00e9nagement de la place de l\u2019\u00e9glise<\/li>\n<\/ul>\n\n\n\n<p>La rencontre avec le maire a confirm\u00e9 une approbation sur le plan administratif. En revanche, il n\u2019y aura pas de subvention.<\/p>\n\n\n\n<p>Il est question de cr\u00e9er une association pour la mise en \u0153uvre de ce projet. La section \u00ab&nbsp;Paysage&nbsp;\u00bb du lyc\u00e9e de l\u2019Oisellerie va \u00eatre sollicit\u00e9e pour un projet de plan d\u2019am\u00e9nagement. Ce projet sera expos\u00e9 aux paroissiens ainsi qu\u2019un appel aux comp\u00e9tences pour coordonner les travaux.<\/p>\n\n\n\n<ul class=\"wp-block-list\">\n<li>\u00c9tanch\u00e9it\u00e9 du toit <\/li>\n<\/ul>\n\n\n\n<p>Le toit pr\u00e9sente un probl\u00e8me d&#8217;\u00e9tanch\u00e9it\u00e9 dans sa partie plane et une goutti\u00e8re encombr\u00e9e \u00e0 cr\u00e9\u00e9e un d\u00e9g\u00e2t des eaux au niveau d&#8217;une poutre en agglom\u00e9r\u00e9. Des  entreprises vont \u00eatre contact\u00e9es par Bruno afin d&#8217;\u00e9tablir des devis. <\/p>\n\n\n\n<ul class=\"wp-block-list\">\n<li>Salle de r\u00e9union <\/li>\n<\/ul>\n\n\n\n<p>La vitre est endommag\u00e9e et laisse passer l\u2019eau. Des travaux sont \u00e0 pr\u00e9voir. Bruno contacte l\u2019entreprise qui a fait les premi\u00e8res r\u00e9parations pour demander un devis..<\/p>\n\n\n\n<ul class=\"wp-block-list\">\n<li>Micro <\/li>\n<\/ul>\n\n\n\n<p>Un nouveau micro avec pied va \u00eatre achet\u00e9 et mis en service.<\/p>\n\n\n\n<ul class=\"wp-block-list\">\n<li>L\u2019oratoire <\/li>\n<\/ul>\n\n\n\n<p>Il est tr\u00e8s sombre. Bruno propose de projeter un \u00e9clairage sur le mur, derri\u00e8re le pr\u00eatre afin d\u2019obtenir davantage de luminosit\u00e9.<\/p>\n\n\n\n<ul class=\"wp-block-list\">\n<li>Sacristie <\/li>\n<\/ul>\n\n\n\n<p>Le nettoyage des vitres est pratiquement irr\u00e9alisable en raison de la pr\u00e9sence d\u2019un cadenas. Syst\u00e8me \u00e0 revoir.<\/p>\n\n\n\n<h5 class=\"wp-block-heading\"><strong>M<\/strong><strong>\u00e9<\/strong><strong>nage de l<\/strong><strong>\u2019\u00e9<\/strong><strong>glise :<\/strong><\/h5>\n\n\n\n<p>Peu de personnes y ont particip\u00e9. Plusieurs propositions : l\u2019organiser le samedi matin, le faire en plusieurs \u00e9tapes ( sacristie, oratoire, salle de r\u00e9union, bureau, \u00e9glise), le proposer une fois par trimestre suivi d\u2019un temps de convivialit\u00e9.<\/p>\n\n\n\n<h5 class=\"wp-block-heading\"><strong>Support de cierge pascal :<\/strong><\/h5>\n\n\n\n<p>Il est en tr\u00e8s mauvais \u00e9tat. Il faut donc le changer. Contacter David Richard afin de prospecter dans les r\u00e9serves du dioc\u00e8se avant d\u2019en fabriquer un neuf.<\/p>\n\n\n\n<h5 class=\"wp-block-heading\"><strong>Mieux accueillir :<\/strong><\/h5>\n\n\n\n<ul class=\"wp-block-list\">\n<li>Quand, O\u00f9, Qui ?<\/li>\n<\/ul>\n\n\n\n<p>En donnant les feuilles de chants \u00e0 l\u2019entr\u00e9e de l\u2019\u00e9glise.<\/p>\n\n\n\n<p>En veillant \u00e0 ce que des personnes ne parlant pas la langue aient une traduction dans la mesure du possible.<\/p>\n\n\n\n<p>En invitant personnellement \u00e0 participer aux repas partag\u00e9s.<\/p>\n\n\n\n<p>En organisant un pot d\u2019accueil.<\/p>\n\n\n\n<h5 class=\"wp-block-heading\"><strong>Prochains repas conviviaux :<\/strong><\/h5>\n\n\n\n<p style=\"font-size:18px\"><strong>1er octobre et 3 d\u00e9cembre \u00e0 Ma Campagne. 5 novembre \u00e0 St Pierre Auma\u00eetre.<\/strong><\/p>\n\n\n\n<h5 class=\"wp-block-heading\"><strong>F\u00eate de St Vincent <\/strong>:<\/h5>\n\n\n\n<p style=\"font-size:18px\"><strong>Le 1er octobre. Messe <\/strong><strong>\u00e0 <\/strong><strong>Puymoyen,<\/strong> ap\u00e9ritif \u00e0 la sortie de la messe. Repas partag\u00e9 \u00e0 Ma Campagne. Concert de musique de chambre \u00e0 l\u2019\u00e9glise de Puymoyen.<\/p>\n\n\n\n<h5 class=\"wp-block-heading\"><strong>Invitation des musulmans pour un repas :<\/strong><\/h5>\n\n\n\n<p>Inviter 8 personnes. La date du <strong>24 juin \u00e0 midi <\/strong>est propos\u00e9e sous r\u00e9serve de leur disponibilit\u00e9.<\/p>\n\n\n\n<h5 class=\"wp-block-heading\"><strong>Divers :<\/strong><\/h5>\n\n\n\n<p>Le document remis au dioc\u00e8se, retra\u00e7ant l\u2019historique de la paroisse a \u00e9t\u00e9 appr\u00e9ci\u00e9. Il est propos\u00e9 de le r\u00e9imprimer et de le diffuser moyennant une sommes de 10\u20ac afin de couvrir les frais d\u2019impression.<\/p>\n\n\n\n<h5 class=\"wp-block-heading\"><strong>Absence du Pr<\/strong><strong>\u00ea<\/strong><strong>tre :<\/strong><\/h5>\n\n\n\n<p>Denis sera absent \u00e0 partir du 18 mai pour 3 semaines. Les messes des deux premiers samedis seront assur\u00e9s par Jean Michel. Le 3\u00e8me samedi , une Liturgie de la Parole sera propos\u00e9e. Un document \u00e9labor\u00e9 le 5 mars 2023 par Mgr Fran\u00e7ois Jacolin, \u00e9v\u00eaque de Lu\u00e7on, servira de guide. Pr\u00e9voir la pr\u00e9paration avec l\u2019\u00e9quipe liturgique.<\/p>\n\n\n\n<p>Par ailleurs, une r\u00e9flexion sur le long terme est \u00e0 mener. Il serait bon de cr\u00e9er des rassemblements autour de la Parole de Dieu afin de sensibiliser des personnes \u00e9loign\u00e9es de la messe.<\/p>\n\n\n\n<p><em>ex :<\/em> Un temps de pri\u00e8re inter-religieux pour lutter contre l\u2019homophobie aura lieu \u00e0 <strong>Ma Campagne le 17 mai <\/strong><strong>\u00e0 <\/strong><strong>20h30.<\/strong><\/p>\n\n\n\n<p>Une conf\u00e9rence sur l\u2019initiation \u00e0 la m\u00e9ditation, anim\u00e9e par Laurence Freeman, aura lieu <strong>le 22 mai \u00e0 St Pierre Auma\u00eetre.<\/strong> Ceci dans la perspective de cr\u00e9er un groupe de m\u00e9ditation \u00e0 Angoul\u00eame. Cette exp\u00e9rience a \u00e9t\u00e9 mise en place \u00e0 Poitiers. Genevi\u00e8ve contactera la responsable, J. Marquis, pour davantage d\u2019information.<\/p>\n\n\n\n<p>Une r\u00e9flexion approfondie pour envisager les nouvelles formes de c\u00e9l\u00e9brations \u00e0 long terme, fera l\u2019objet d\u2019une prochaine r\u00e9union.<\/p>\n\n\n\n<p class=\"has-blush-bordeaux-gradient-background has-background\"><strong>AGENDA<\/strong><br><br><strong>Inter EAP<\/strong> : Mercredi 24 mai \u00e0 19h15 \u00e0 St Jean Baptiste.<br><strong>EAP<\/strong> : Mercredi 14 juin \u00e0 19h15 \u00e0 St Jean Baptiste.<br><strong>Messe de rentr\u00e9e<\/strong> : Dimanche 17 septembre Assembl\u00e9e paroissiale et officialisation de la nouvelle paroisse.<br><\/p>\n","protected":false},"excerpt":{"rendered":"<p>L&#8217;\u00e9quipe d&#8217;animation pastorale c&#8217;est retrouv\u00e9e mercredi 12 avril pour avancer sur les projets en cours et \u00e0 venir. La rencontre a d\u00e9but\u00e9 par un \u00e9change de nouvelles, suivi d\u2019un temps de pri\u00e8re propos\u00e9 par Genevi\u00e8ve. \u00c9taient pr\u00e9sents : Nelly Dufet, Genevi\u00e8ve et Bruno Lachavanne, Annie Scheid, Monique saintot Denis Trinez L\u2019ordre du jour \u00e9tait : [&hellip;]<\/p>\n","protected":false},"author":5,"featured_media":1943,"comment_status":"open","ping_status":"open","sticky":false,"template":"","format":"standard","meta":{"_acf_changed":false,"paroisse":["0"],"service":["0"],"footnotes":""},"categories":[1],"tags":[],"class_list":["post-20901","post","type-post","status-publish","format-standard","has-post-thumbnail","hentry","category-actualites"],"acf":[],"yoast_head":"<!-- This site is optimized with the Yoast SEO plugin v27.1.1 - https:\/\/yoast.com\/product\/yoast-seo-wordpress\/ -->\n<title>EAP du 12\/04\/2023 \u00e0 Saint Pierre Auma\u00eetre - Doyenn\u00e9 Grand Angoul\u00eame<\/title>\n<meta name=\"robots\" content=\"index, follow, max-snippet:-1, max-image-preview:large, max-video-preview:-1\" \/>\n<link rel=\"canonical\" href=\"https:\/\/charente.catholique.fr\/grand-angouleme\/actualites\/eap-du-12-04-2023-a-saint-pierre-aumaitre\/\" \/>\n<meta property=\"og:locale\" content=\"fr_FR\" \/>\n<meta property=\"og:type\" content=\"article\" \/>\n<meta property=\"og:title\" content=\"EAP du 12\/04\/2023 \u00e0 Saint Pierre Auma\u00eetre - Doyenn\u00e9 Grand Angoul\u00eame\" \/>\n<meta property=\"og:description\" content=\"L&#8217;\u00e9quipe d&#8217;animation pastorale c&#8217;est retrouv\u00e9e mercredi 12 avril pour avancer sur les projets en cours et \u00e0 venir. La rencontre a d\u00e9but\u00e9 par un \u00e9change de nouvelles, suivi d\u2019un temps de pri\u00e8re propos\u00e9 par Genevi\u00e8ve. \u00c9taient pr\u00e9sents : Nelly Dufet, Genevi\u00e8ve et Bruno Lachavanne, Annie Scheid, Monique saintot Denis Trinez L\u2019ordre du jour \u00e9tait : [&hellip;]\" \/>\n<meta property=\"og:url\" content=\"https:\/\/charente.catholique.fr\/grand-angouleme\/actualites\/eap-du-12-04-2023-a-saint-pierre-aumaitre\/\" \/>\n<meta property=\"og:site_name\" content=\"Doyenn\u00e9 Grand Angoul\u00eame\" \/>\n<meta property=\"article:publisher\" content=\"https:\/\/www.facebook.com\/EgliseCatholiqueCharente\" \/>\n<meta property=\"article:published_time\" content=\"2023-05-01T20:18:00+00:00\" \/>\n<meta property=\"article:modified_time\" content=\"2023-05-01T20:18:01+00:00\" \/>\n<meta property=\"og:image\" content=\"https:\/\/charente.catholique.fr\/grand-angouleme\/wp-content\/uploads\/sites\/2\/2020\/09\/vitraux-1.jpg\" \/>\n\t<meta property=\"og:image:width\" content=\"1602\" \/>\n\t<meta property=\"og:image:height\" content=\"277\" \/>\n\t<meta property=\"og:image:type\" content=\"image\/jpeg\" \/>\n<meta name=\"author\" content=\"B\u00e9atrice Saint-P\u00e9\" \/>\n<meta name=\"twitter:card\" content=\"summary_large_image\" \/>\n<meta name=\"twitter:creator\" content=\"@diocesecharente\" \/>\n<meta name=\"twitter:site\" content=\"@diocesecharente\" \/>\n<meta name=\"twitter:label1\" content=\"\u00c9crit par\" \/>\n\t<meta name=\"twitter:data1\" content=\"B\u00e9atrice Saint-P\u00e9\" \/>\n\t<meta name=\"twitter:label2\" content=\"Dur\u00e9e de lecture estim\u00e9e\" \/>\n\t<meta name=\"twitter:data2\" content=\"5 minutes\" \/>\n<script type=\"application\/ld+json\" class=\"yoast-schema-graph\">{\"@context\":\"https:\/\/schema.org\",\"@graph\":[{\"@type\":\"Article\",\"@id\":\"https:\/\/charente.catholique.fr\/grand-angouleme\/actualites\/eap-du-12-04-2023-a-saint-pierre-aumaitre\/#article\",\"isPartOf\":{\"@id\":\"https:\/\/charente.catholique.fr\/grand-angouleme\/actualites\/eap-du-12-04-2023-a-saint-pierre-aumaitre\/\"},\"author\":{\"name\":\"B\u00e9atrice Saint-P\u00e9\",\"@id\":\"https:\/\/charente.catholique.fr\/grand-angouleme\/#\/schema\/person\/b12f449504ff2da4d633df0f02abf9ee\"},\"headline\":\"EAP du 12\/04\/2023 \u00e0 Saint Pierre Auma\u00eetre\",\"datePublished\":\"2023-05-01T20:18:00+00:00\",\"dateModified\":\"2023-05-01T20:18:01+00:00\",\"mainEntityOfPage\":{\"@id\":\"https:\/\/charente.catholique.fr\/grand-angouleme\/actualites\/eap-du-12-04-2023-a-saint-pierre-aumaitre\/\"},\"wordCount\":904,\"commentCount\":0,\"publisher\":{\"@id\":\"https:\/\/charente.catholique.fr\/grand-angouleme\/#organization\"},\"image\":{\"@id\":\"https:\/\/charente.catholique.fr\/grand-angouleme\/actualites\/eap-du-12-04-2023-a-saint-pierre-aumaitre\/#primaryimage\"},\"thumbnailUrl\":\"https:\/\/charente.catholique.fr\/grand-angouleme\/wp-content\/uploads\/sites\/2\/2020\/09\/vitraux-1.jpg\",\"articleSection\":[\"Actualit\u00e9s\"],\"inLanguage\":\"fr-FR\",\"potentialAction\":[{\"@type\":\"CommentAction\",\"name\":\"Comment\",\"target\":[\"https:\/\/charente.catholique.fr\/grand-angouleme\/actualites\/eap-du-12-04-2023-a-saint-pierre-aumaitre\/#respond\"]}]},{\"@type\":\"WebPage\",\"@id\":\"https:\/\/charente.catholique.fr\/grand-angouleme\/actualites\/eap-du-12-04-2023-a-saint-pierre-aumaitre\/\",\"url\":\"https:\/\/charente.catholique.fr\/grand-angouleme\/actualites\/eap-du-12-04-2023-a-saint-pierre-aumaitre\/\",\"name\":\"EAP du 12\/04\/2023 \u00e0 Saint Pierre Auma\u00eetre - Doyenn\u00e9 Grand Angoul\u00eame\",\"isPartOf\":{\"@id\":\"https:\/\/charente.catholique.fr\/grand-angouleme\/#website\"},\"primaryImageOfPage\":{\"@id\":\"https:\/\/charente.catholique.fr\/grand-angouleme\/actualites\/eap-du-12-04-2023-a-saint-pierre-aumaitre\/#primaryimage\"},\"image\":{\"@id\":\"https:\/\/charente.catholique.fr\/grand-angouleme\/actualites\/eap-du-12-04-2023-a-saint-pierre-aumaitre\/#primaryimage\"},\"thumbnailUrl\":\"https:\/\/charente.catholique.fr\/grand-angouleme\/wp-content\/uploads\/sites\/2\/2020\/09\/vitraux-1.jpg\",\"datePublished\":\"2023-05-01T20:18:00+00:00\",\"dateModified\":\"2023-05-01T20:18:01+00:00\",\"breadcrumb\":{\"@id\":\"https:\/\/charente.catholique.fr\/grand-angouleme\/actualites\/eap-du-12-04-2023-a-saint-pierre-aumaitre\/#breadcrumb\"},\"inLanguage\":\"fr-FR\",\"potentialAction\":[{\"@type\":\"ReadAction\",\"target\":[\"https:\/\/charente.catholique.fr\/grand-angouleme\/actualites\/eap-du-12-04-2023-a-saint-pierre-aumaitre\/\"]}]},{\"@type\":\"ImageObject\",\"inLanguage\":\"fr-FR\",\"@id\":\"https:\/\/charente.catholique.fr\/grand-angouleme\/actualites\/eap-du-12-04-2023-a-saint-pierre-aumaitre\/#primaryimage\",\"url\":\"https:\/\/charente.catholique.fr\/grand-angouleme\/wp-content\/uploads\/sites\/2\/2020\/09\/vitraux-1.jpg\",\"contentUrl\":\"https:\/\/charente.catholique.fr\/grand-angouleme\/wp-content\/uploads\/sites\/2\/2020\/09\/vitraux-1.jpg\",\"width\":1602,\"height\":277},{\"@type\":\"BreadcrumbList\",\"@id\":\"https:\/\/charente.catholique.fr\/grand-angouleme\/actualites\/eap-du-12-04-2023-a-saint-pierre-aumaitre\/#breadcrumb\",\"itemListElement\":[{\"@type\":\"ListItem\",\"position\":1,\"name\":\"Accueil\",\"item\":\"https:\/\/charente.catholique.fr\/grand-angouleme\/\"},{\"@type\":\"ListItem\",\"position\":2,\"name\":\"EAP du 12\/04\/2023 \u00e0 Saint Pierre Auma\u00eetre\"}]},{\"@type\":\"WebSite\",\"@id\":\"https:\/\/charente.catholique.fr\/grand-angouleme\/#website\",\"url\":\"https:\/\/charente.catholique.fr\/grand-angouleme\/\",\"name\":\"Doyenn\u00e9 Grand Angoul\u00eame - Dioc\u00e8se d'Angoul\u00eame\",\"description\":\"Dioc\u00e8se d&#039;Angoul\u00eame\",\"publisher\":{\"@id\":\"https:\/\/charente.catholique.fr\/grand-angouleme\/#organization\"},\"potentialAction\":[{\"@type\":\"SearchAction\",\"target\":{\"@type\":\"EntryPoint\",\"urlTemplate\":\"https:\/\/charente.catholique.fr\/grand-angouleme\/?s={search_term_string}\"},\"query-input\":{\"@type\":\"PropertyValueSpecification\",\"valueRequired\":true,\"valueName\":\"search_term_string\"}}],\"inLanguage\":\"fr-FR\"},{\"@type\":\"Organization\",\"@id\":\"https:\/\/charente.catholique.fr\/grand-angouleme\/#organization\",\"name\":\"Association Dioc\u00e9saine d'Angoul\u00eame\",\"url\":\"https:\/\/charente.catholique.fr\/grand-angouleme\/\",\"logo\":{\"@type\":\"ImageObject\",\"inLanguage\":\"fr-FR\",\"@id\":\"https:\/\/charente.catholique.fr\/grand-angouleme\/#\/schema\/logo\/image\/\",\"url\":\"https:\/\/charente.catholique.fr\/grand-angouleme\/wp-content\/uploads\/sites\/2\/2020\/10\/logos.png\",\"contentUrl\":\"https:\/\/charente.catholique.fr\/grand-angouleme\/wp-content\/uploads\/sites\/2\/2020\/10\/logos.png\",\"width\":600,\"height\":257,\"caption\":\"Association Dioc\u00e9saine d'Angoul\u00eame\"},\"image\":{\"@id\":\"https:\/\/charente.catholique.fr\/grand-angouleme\/#\/schema\/logo\/image\/\"},\"sameAs\":[\"https:\/\/www.facebook.com\/EgliseCatholiqueCharente\",\"https:\/\/x.com\/diocesecharente\",\"https:\/\/www.instagram.com\/eglisecharente\",\"https:\/\/www.youtube.com\/channel\/UCByyFWApZbw3gDTiADoiAaQ\"]},{\"@type\":\"Person\",\"@id\":\"https:\/\/charente.catholique.fr\/grand-angouleme\/#\/schema\/person\/b12f449504ff2da4d633df0f02abf9ee\",\"name\":\"B\u00e9atrice Saint-P\u00e9\",\"image\":{\"@type\":\"ImageObject\",\"inLanguage\":\"fr-FR\",\"@id\":\"https:\/\/charente.catholique.fr\/grand-angouleme\/#\/schema\/person\/image\/\",\"url\":\"https:\/\/secure.gravatar.com\/avatar\/0493ed83685d630b019670a73a3a663bebc1c98f6ebcb0b57c8fd12fe86c0c3d?s=96&d=mm&r=g\",\"contentUrl\":\"https:\/\/secure.gravatar.com\/avatar\/0493ed83685d630b019670a73a3a663bebc1c98f6ebcb0b57c8fd12fe86c0c3d?s=96&d=mm&r=g\",\"caption\":\"B\u00e9atrice Saint-P\u00e9\"},\"url\":\"https:\/\/charente.catholique.fr\/grand-angouleme\/author\/beatricesaintpe\/\"}]}<\/script>\n<!-- \/ Yoast SEO plugin. -->","yoast_head_json":{"title":"EAP du 12\/04\/2023 \u00e0 Saint Pierre Auma\u00eetre - Doyenn\u00e9 Grand Angoul\u00eame","robots":{"index":"index","follow":"follow","max-snippet":"max-snippet:-1","max-image-preview":"max-image-preview:large","max-video-preview":"max-video-preview:-1"},"canonical":"https:\/\/charente.catholique.fr\/grand-angouleme\/actualites\/eap-du-12-04-2023-a-saint-pierre-aumaitre\/","og_locale":"fr_FR","og_type":"article","og_title":"EAP du 12\/04\/2023 \u00e0 Saint Pierre Auma\u00eetre - Doyenn\u00e9 Grand Angoul\u00eame","og_description":"L&#8217;\u00e9quipe d&#8217;animation pastorale c&#8217;est retrouv\u00e9e mercredi 12 avril pour avancer sur les projets en cours et \u00e0 venir. La rencontre a d\u00e9but\u00e9 par un \u00e9change de nouvelles, suivi d\u2019un temps de pri\u00e8re propos\u00e9 par Genevi\u00e8ve. \u00c9taient pr\u00e9sents : Nelly Dufet, Genevi\u00e8ve et Bruno Lachavanne, Annie Scheid, Monique saintot Denis Trinez L\u2019ordre du jour \u00e9tait : [&hellip;]","og_url":"https:\/\/charente.catholique.fr\/grand-angouleme\/actualites\/eap-du-12-04-2023-a-saint-pierre-aumaitre\/","og_site_name":"Doyenn\u00e9 Grand Angoul\u00eame","article_publisher":"https:\/\/www.facebook.com\/EgliseCatholiqueCharente","article_published_time":"2023-05-01T20:18:00+00:00","article_modified_time":"2023-05-01T20:18:01+00:00","og_image":[{"width":1602,"height":277,"url":"https:\/\/charente.catholique.fr\/grand-angouleme\/wp-content\/uploads\/sites\/2\/2020\/09\/vitraux-1.jpg","type":"image\/jpeg"}],"author":"B\u00e9atrice Saint-P\u00e9","twitter_card":"summary_large_image","twitter_creator":"@diocesecharente","twitter_site":"@diocesecharente","twitter_misc":{"\u00c9crit par":"B\u00e9atrice Saint-P\u00e9","Dur\u00e9e de lecture estim\u00e9e":"5 minutes"},"schema":{"@context":"https:\/\/schema.org","@graph":[{"@type":"Article","@id":"https:\/\/charente.catholique.fr\/grand-angouleme\/actualites\/eap-du-12-04-2023-a-saint-pierre-aumaitre\/#article","isPartOf":{"@id":"https:\/\/charente.catholique.fr\/grand-angouleme\/actualites\/eap-du-12-04-2023-a-saint-pierre-aumaitre\/"},"author":{"name":"B\u00e9atrice Saint-P\u00e9","@id":"https:\/\/charente.catholique.fr\/grand-angouleme\/#\/schema\/person\/b12f449504ff2da4d633df0f02abf9ee"},"headline":"EAP du 12\/04\/2023 \u00e0 Saint Pierre Auma\u00eetre","datePublished":"2023-05-01T20:18:00+00:00","dateModified":"2023-05-01T20:18:01+00:00","mainEntityOfPage":{"@id":"https:\/\/charente.catholique.fr\/grand-angouleme\/actualites\/eap-du-12-04-2023-a-saint-pierre-aumaitre\/"},"wordCount":904,"commentCount":0,"publisher":{"@id":"https:\/\/charente.catholique.fr\/grand-angouleme\/#organization"},"image":{"@id":"https:\/\/charente.catholique.fr\/grand-angouleme\/actualites\/eap-du-12-04-2023-a-saint-pierre-aumaitre\/#primaryimage"},"thumbnailUrl":"https:\/\/charente.catholique.fr\/grand-angouleme\/wp-content\/uploads\/sites\/2\/2020\/09\/vitraux-1.jpg","articleSection":["Actualit\u00e9s"],"inLanguage":"fr-FR","potentialAction":[{"@type":"CommentAction","name":"Comment","target":["https:\/\/charente.catholique.fr\/grand-angouleme\/actualites\/eap-du-12-04-2023-a-saint-pierre-aumaitre\/#respond"]}]},{"@type":"WebPage","@id":"https:\/\/charente.catholique.fr\/grand-angouleme\/actualites\/eap-du-12-04-2023-a-saint-pierre-aumaitre\/","url":"https:\/\/charente.catholique.fr\/grand-angouleme\/actualites\/eap-du-12-04-2023-a-saint-pierre-aumaitre\/","name":"EAP du 12\/04\/2023 \u00e0 Saint Pierre Auma\u00eetre - Doyenn\u00e9 Grand Angoul\u00eame","isPartOf":{"@id":"https:\/\/charente.catholique.fr\/grand-angouleme\/#website"},"primaryImageOfPage":{"@id":"https:\/\/charente.catholique.fr\/grand-angouleme\/actualites\/eap-du-12-04-2023-a-saint-pierre-aumaitre\/#primaryimage"},"image":{"@id":"https:\/\/charente.catholique.fr\/grand-angouleme\/actualites\/eap-du-12-04-2023-a-saint-pierre-aumaitre\/#primaryimage"},"thumbnailUrl":"https:\/\/charente.catholique.fr\/grand-angouleme\/wp-content\/uploads\/sites\/2\/2020\/09\/vitraux-1.jpg","datePublished":"2023-05-01T20:18:00+00:00","dateModified":"2023-05-01T20:18:01+00:00","breadcrumb":{"@id":"https:\/\/charente.catholique.fr\/grand-angouleme\/actualites\/eap-du-12-04-2023-a-saint-pierre-aumaitre\/#breadcrumb"},"inLanguage":"fr-FR","potentialAction":[{"@type":"ReadAction","target":["https:\/\/charente.catholique.fr\/grand-angouleme\/actualites\/eap-du-12-04-2023-a-saint-pierre-aumaitre\/"]}]},{"@type":"ImageObject","inLanguage":"fr-FR","@id":"https:\/\/charente.catholique.fr\/grand-angouleme\/actualites\/eap-du-12-04-2023-a-saint-pierre-aumaitre\/#primaryimage","url":"https:\/\/charente.catholique.fr\/grand-angouleme\/wp-content\/uploads\/sites\/2\/2020\/09\/vitraux-1.jpg","contentUrl":"https:\/\/charente.catholique.fr\/grand-angouleme\/wp-content\/uploads\/sites\/2\/2020\/09\/vitraux-1.jpg","width":1602,"height":277},{"@type":"BreadcrumbList","@id":"https:\/\/charente.catholique.fr\/grand-angouleme\/actualites\/eap-du-12-04-2023-a-saint-pierre-aumaitre\/#breadcrumb","itemListElement":[{"@type":"ListItem","position":1,"name":"Accueil","item":"https:\/\/charente.catholique.fr\/grand-angouleme\/"},{"@type":"ListItem","position":2,"name":"EAP du 12\/04\/2023 \u00e0 Saint Pierre Auma\u00eetre"}]},{"@type":"WebSite","@id":"https:\/\/charente.catholique.fr\/grand-angouleme\/#website","url":"https:\/\/charente.catholique.fr\/grand-angouleme\/","name":"Doyenn\u00e9 Grand Angoul\u00eame - Dioc\u00e8se d'Angoul\u00eame","description":"Dioc\u00e8se d&#039;Angoul\u00eame","publisher":{"@id":"https:\/\/charente.catholique.fr\/grand-angouleme\/#organization"},"potentialAction":[{"@type":"SearchAction","target":{"@type":"EntryPoint","urlTemplate":"https:\/\/charente.catholique.fr\/grand-angouleme\/?s={search_term_string}"},"query-input":{"@type":"PropertyValueSpecification","valueRequired":true,"valueName":"search_term_string"}}],"inLanguage":"fr-FR"},{"@type":"Organization","@id":"https:\/\/charente.catholique.fr\/grand-angouleme\/#organization","name":"Association Dioc\u00e9saine d'Angoul\u00eame","url":"https:\/\/charente.catholique.fr\/grand-angouleme\/","logo":{"@type":"ImageObject","inLanguage":"fr-FR","@id":"https:\/\/charente.catholique.fr\/grand-angouleme\/#\/schema\/logo\/image\/","url":"https:\/\/charente.catholique.fr\/grand-angouleme\/wp-content\/uploads\/sites\/2\/2020\/10\/logos.png","contentUrl":"https:\/\/charente.catholique.fr\/grand-angouleme\/wp-content\/uploads\/sites\/2\/2020\/10\/logos.png","width":600,"height":257,"caption":"Association Dioc\u00e9saine d'Angoul\u00eame"},"image":{"@id":"https:\/\/charente.catholique.fr\/grand-angouleme\/#\/schema\/logo\/image\/"},"sameAs":["https:\/\/www.facebook.com\/EgliseCatholiqueCharente","https:\/\/x.com\/diocesecharente","https:\/\/www.instagram.com\/eglisecharente","https:\/\/www.youtube.com\/channel\/UCByyFWApZbw3gDTiADoiAaQ"]},{"@type":"Person","@id":"https:\/\/charente.catholique.fr\/grand-angouleme\/#\/schema\/person\/b12f449504ff2da4d633df0f02abf9ee","name":"B\u00e9atrice Saint-P\u00e9","image":{"@type":"ImageObject","inLanguage":"fr-FR","@id":"https:\/\/charente.catholique.fr\/grand-angouleme\/#\/schema\/person\/image\/","url":"https:\/\/secure.gravatar.com\/avatar\/0493ed83685d630b019670a73a3a663bebc1c98f6ebcb0b57c8fd12fe86c0c3d?s=96&d=mm&r=g","contentUrl":"https:\/\/secure.gravatar.com\/avatar\/0493ed83685d630b019670a73a3a663bebc1c98f6ebcb0b57c8fd12fe86c0c3d?s=96&d=mm&r=g","caption":"B\u00e9atrice Saint-P\u00e9"},"url":"https:\/\/charente.catholique.fr\/grand-angouleme\/author\/beatricesaintpe\/"}]}},"_links":{"self":[{"href":"https:\/\/charente.catholique.fr\/grand-angouleme\/wp-json\/wp\/v2\/posts\/20901","targetHints":{"allow":["GET"]}}],"collection":[{"href":"https:\/\/charente.catholique.fr\/grand-angouleme\/wp-json\/wp\/v2\/posts"}],"about":[{"href":"https:\/\/charente.catholique.fr\/grand-angouleme\/wp-json\/wp\/v2\/types\/post"}],"author":[{"embeddable":true,"href":"https:\/\/charente.catholique.fr\/grand-angouleme\/wp-json\/wp\/v2\/users\/5"}],"replies":[{"embeddable":true,"href":"https:\/\/charente.catholique.fr\/grand-angouleme\/wp-json\/wp\/v2\/comments?post=20901"}],"version-history":[{"count":6,"href":"https:\/\/charente.catholique.fr\/grand-angouleme\/wp-json\/wp\/v2\/posts\/20901\/revisions"}],"predecessor-version":[{"id":20907,"href":"https:\/\/charente.catholique.fr\/grand-angouleme\/wp-json\/wp\/v2\/posts\/20901\/revisions\/20907"}],"wp:featuredmedia":[{"embeddable":true,"href":"https:\/\/charente.catholique.fr\/grand-angouleme\/wp-json\/wp\/v2\/media\/1943"}],"wp:attachment":[{"href":"https:\/\/charente.catholique.fr\/grand-angouleme\/wp-json\/wp\/v2\/media?parent=20901"}],"wp:term":[{"taxonomy":"category","embeddable":true,"href":"https:\/\/charente.catholique.fr\/grand-angouleme\/wp-json\/wp\/v2\/categories?post=20901"},{"taxonomy":"post_tag","embeddable":true,"href":"https:\/\/charente.catholique.fr\/grand-angouleme\/wp-json\/wp\/v2\/tags?post=20901"}],"curies":[{"name":"wp","href":"https:\/\/api.w.org\/{rel}","templated":true}]}}